{"id":35817,"date":"2021-10-08T18:22:59","date_gmt":"2021-10-08T16:22:59","guid":{"rendered":"https:\/\/www.revistarambla.com\/?p=35817"},"modified":"2022-01-05T18:46:45","modified_gmt":"2022-01-05T17:46:45","slug":"habilidades-comunicativas-un-pilar-fundamental-en-el-dia-a-dia","status":"publish","type":"post","link":"https:\/\/www.revistarambla.com\/en\/habilidades-comunicativas-un-pilar-fundamental-en-el-dia-a-dia\/","title":{"rendered":"Habilidades comunicativas, un pilar fundamental en el d\u00eda a d\u00eda"},"content":{"rendered":"<figure id=\"attachment_35818\" aria-describedby=\"caption-attachment-35818\" style=\"width: 1280px\" class=\"wp-caption aligncenter\"><img decoding=\"async\" class=\"wp-image-35818 size-full\" src=\"https:\/\/www.revistarambla.com\/wp-content\/uploads\/2021\/10\/meeting-g488eb32c0_1280.jpg\" alt=\"\" width=\"1280\" height=\"853\" srcset=\"https:\/\/www.revistarambla.com\/wp-content\/uploads\/2021\/10\/meeting-g488eb32c0_1280.jpg 1280w, https:\/\/www.revistarambla.com\/wp-content\/uploads\/2021\/10\/meeting-g488eb32c0_1280-300x200.jpg 300w, https:\/\/www.revistarambla.com\/wp-content\/uploads\/2021\/10\/meeting-g488eb32c0_1280-1024x682.jpg 1024w, https:\/\/www.revistarambla.com\/wp-content\/uploads\/2021\/10\/meeting-g488eb32c0_1280-768x512.jpg 768w\" sizes=\"(max-width: 1280px) 100vw, 1280px\" \/><figcaption id=\"caption-attachment-35818\" class=\"wp-caption-text\">Imagen de <a href=\"https:\/\/pixabay.com\/photos\/?utm_source=link-attribution&amp;utm_medium=referral&amp;utm_campaign=image&amp;utm_content=1245776\">Free-Photos<\/a> en <a href=\"https:\/\/pixabay.com\/es\/?utm_source=link-attribution&amp;utm_medium=referral&amp;utm_campaign=image&amp;utm_content=1245776\">Pixabay<\/a><\/figcaption><\/figure>\n<p>La educaci\u00f3n se basa muchas veces en explicaciones te\u00f3ricas que en muchos casos se convierten en tediosas para el estudiante y que no consiguen el objetivo marcado. Muchos postulados de expertos educativos radican en la necesidad de incorporar a los planes de estudio, otras f\u00f3rmulas que incidan m\u00e1s en el aprendizaje del alumno de cara a su d\u00eda a d\u00eda en cuanto a valores y actitudes se refiere, dejando de lado muchos conocimientos te\u00f3ricos que no les ser\u00e1n \u00fatiles de cara al futuro. Las habilidades de comunicaci\u00f3n tambi\u00e9n son muy importantes para <a href=\"https:\/\/ejemplos-curriculum.com\/competencias-comunicativas\/\" target=\"_blank\" rel=\"noopener\">tu CV<\/a>, ya que mencionar este tipo de actividades en tu perfil puede aportarte algunos beneficios adicionales.<\/p>\n<p>Las\u00a0<a href=\"https:\/\/www.sferamind.com\/blog\/descubre-como-mejorar-las-habilidades-comunicativas\/\">habilidades comunicativas<\/a>\u00a0son un aspecto que poco a poco se debe ir incorporando a la docencia desde \u00e9pocas tempranas, profundizando m\u00e1s en todo ello a medida que la persona en cuesti\u00f3n va ganando experiencia y vivencias a lo largo de su vida. En este sentido, la empat\u00eda es un valor que se ha ido perdiendo en la sociedad actual, y que es necesaria su reestructuraci\u00f3n inmediata entre las nuevas generaciones si queremos que el futuro sea bastante halag\u00fce\u00f1o en lo que se refiere a los valores interiorizados por cada persona.<\/p>\n<p><a href=\"https:\/\/www.sferamind.com\/blog\/ponerse-en-el-lugar-del-otro-ejemplos-de-que-significa-la-empatia\/\">Ponerse en el lugar del otro<\/a>, es una acci\u00f3n que no se est\u00e1 haciendo de manera recurrente en la \u00faltima d\u00e9cada. Vivimos en una sociedad en la que cada individuo piensa en su beneficio de forma ego\u00edsta, sin atender de manera generalizada lo que sucede a su alrededor y al resto de semejantes. Cambiar esta concepci\u00f3n que se va arraigando en la sociedad y sustituirla por una empat\u00eda que virar\u00eda el mundo hacia un lado mejor del que est\u00e1 enfocado en los \u00faltimos tiempos.<\/p>\n<p>Desde ni\u00f1os se debe inculcar que la vida est\u00e1 compuesta por peque\u00f1os gestos hacia los dem\u00e1s que son lo verdaderamente importante. Muchas personas cambian el foco y priorizan otros aspectos, como pueden ser el monetario, pensando que una mayor ganancia implica una mayor felicidad. Como se ha demostrado a lo largo del tiempo, el dinero se lo lleva el viento. Lo que en verdad queda en la personalidad de cada individuo son esos recuerdos que le permiten mejorar como persona, y as\u00ed poder inculcar esos valores a las nuevas generaciones para que cambien su mentalidad, dejando de lado el ego\u00edsmo motivado por un consumismo exacerbado y un postureo que es actualmente lo que llena las horas de grandes masas sociales.<\/p>\n<p>Sferamind promueve experiencias transformadoras para activar, crecer y desplegar el potencial, reservadas solamente para mentes inquietas. Informan sobre lo necesarias que son las habilidades comunicativas, as\u00ed como su mejora y desarrollo como por ejemplo, lo necesario que es la empat\u00eda en el d\u00eda a d\u00eda. Establecer un v\u00ednculo sentimental y de acci\u00f3n tanto con el n\u00facleo cercano como con el resto de personas que habitan el planeta, debe ser un primer paso para afrontar la vida de otra manera y sacar muchas ense\u00f1anzas positivas.<\/p>\n<p>En los \u00faltimos tiempos, se suceden las cat\u00e1strofes naturales a nivel mundial. Muchas personas las contemplan como algo ajeno, sin ponerse en el lugar de las personas que se ven afectadas. En cambio, si sucede m\u00e1s pr\u00f3ximamente si le otorgan una importancia inusitada. Algo que debe cambiar, si queremos tener una sociedad emp\u00e1tica que priorice inculcar valores positivos de padres a hijos, como el respeto y la preocupaci\u00f3n por los semejantes.<\/p>","protected":false},"excerpt":{"rendered":"<p>La educaci\u00f3n se basa muchas veces en explicaciones te\u00f3ricas que en muchos casos se convierten en tediosas para el estudiante y que no consiguen el objetivo marcado. Muchos postulados de expertos educativos radican en la necesidad de incorporar a los planes de estudio, otras f\u00f3rmulas que incidan m\u00e1s en el [&hellip;]<\/p>\n","protected":false},"author":3,"featured_media":35818,"comment_status":"open","ping_status":"open","sticky":false,"template":"","format":"standard","meta":{"footnotes":""},"categories":[350],"tags":[],"class_list":["post-35817","post","type-post","status-publish","format-standard","has-post-thumbnail","hentry","category-miscelanea"],"yoast_head":"<!-- This site is optimized with the Yoast SEO plugin v27.5 - https:\/\/yoast.com\/product\/yoast-seo-wordpress\/ -->\n<title>Habilidades comunicativas, un pilar fundamental en el d\u00eda a d\u00eda - Revista Rambla<\/title>\n<meta name=\"robots\" content=\"index, follow, max-snippet:-1, max-image-preview:large, max-video-preview:-1\" \/>\n<link rel=\"canonical\" href=\"https:\/\/www.revistarambla.com\/en\/habilidades-comunicativas-un-pilar-fundamental-en-el-dia-a-dia\/\" \/>\n<meta property=\"og:locale\" content=\"en_GB\" \/>\n<meta property=\"og:type\" content=\"article\" \/>\n<meta property=\"og:title\" content=\"Habilidades comunicativas, un pilar fundamental en el d\u00eda a d\u00eda - Revista Rambla\" \/>\n<meta property=\"og:description\" content=\"La educaci\u00f3n se basa muchas veces en explicaciones te\u00f3ricas que en muchos casos se convierten en tediosas para el estudiante y que no consiguen el objetivo marcado. Muchos postulados de expertos educativos radican en la necesidad de incorporar a los planes de estudio, otras f\u00f3rmulas que incidan m\u00e1s en el [&hellip;]\" \/>\n<meta property=\"og:url\" content=\"https:\/\/www.revistarambla.com\/en\/habilidades-comunicativas-un-pilar-fundamental-en-el-dia-a-dia\/\" \/>\n<meta property=\"og:site_name\" content=\"Revista Rambla\" \/>\n<meta property=\"article:publisher\" content=\"https:\/\/www.facebook.com\/revistarambla\/\" \/>\n<meta property=\"article:author\" content=\"https:\/\/www.facebook.com\/revistarambla\" \/>\n<meta property=\"article:published_time\" content=\"2021-10-08T16:22:59+00:00\" \/>\n<meta property=\"article:modified_time\" content=\"2022-01-05T17:46:45+00:00\" \/>\n<meta property=\"og:image\" content=\"https:\/\/www.revistarambla.com\/wp-content\/uploads\/2021\/10\/meeting-g488eb32c0_1280.jpg\" \/>\n\t<meta property=\"og:image:width\" content=\"1280\" \/>\n\t<meta property=\"og:image:height\" content=\"853\" \/>\n\t<meta property=\"og:image:type\" content=\"image\/jpeg\" \/>\n<meta name=\"author\" content=\"R@mbla\" \/>\n<meta name=\"twitter:card\" content=\"summary_large_image\" \/>\n<meta name=\"twitter:creator\" content=\"@revistarambla\" \/>\n<meta name=\"twitter:site\" content=\"@revistarambla\" \/>\n<meta name=\"twitter:label1\" content=\"Written by\" \/>\n\t<meta name=\"twitter:data1\" content=\"R@mbla\" \/>\n\t<meta name=\"twitter:label2\" content=\"Estimated reading time\" \/>\n\t<meta name=\"twitter:data2\" content=\"3 minutes\" \/>\n<script type=\"application\/ld+json\" class=\"yoast-schema-graph\">{\"@context\":\"https:\\\/\\\/schema.org\",\"@graph\":[{\"@type\":\"Article\",\"@id\":\"https:\\\/\\\/www.revistarambla.com\\\/habilidades-comunicativas-un-pilar-fundamental-en-el-dia-a-dia\\\/#article\",\"isPartOf\":{\"@id\":\"https:\\\/\\\/www.revistarambla.com\\\/habilidades-comunicativas-un-pilar-fundamental-en-el-dia-a-dia\\\/\"},\"author\":{\"name\":\"R@mbla\",\"@id\":\"https:\\\/\\\/www.revistarambla.com\\\/#\\\/schema\\\/person\\\/a146a5a2550b94981a75131180e1bd9c\"},\"headline\":\"Habilidades comunicativas, un pilar fundamental en el d\u00eda a d\u00eda\",\"datePublished\":\"2021-10-08T16:22:59+00:00\",\"dateModified\":\"2022-01-05T17:46:45+00:00\",\"mainEntityOfPage\":{\"@id\":\"https:\\\/\\\/www.revistarambla.com\\\/habilidades-comunicativas-un-pilar-fundamental-en-el-dia-a-dia\\\/\"},\"wordCount\":621,\"commentCount\":0,\"publisher\":{\"@id\":\"https:\\\/\\\/www.revistarambla.com\\\/#organization\"},\"image\":{\"@id\":\"https:\\\/\\\/www.revistarambla.com\\\/habilidades-comunicativas-un-pilar-fundamental-en-el-dia-a-dia\\\/#primaryimage\"},\"thumbnailUrl\":\"https:\\\/\\\/www.revistarambla.com\\\/wp-content\\\/uploads\\\/2021\\\/10\\\/meeting-g488eb32c0_1280.jpg\",\"articleSection\":[\"Noticias de la vida\"],\"inLanguage\":\"en-GB\",\"potentialAction\":[{\"@type\":\"CommentAction\",\"name\":\"Comment\",\"target\":[\"https:\\\/\\\/www.revistarambla.com\\\/habilidades-comunicativas-un-pilar-fundamental-en-el-dia-a-dia\\\/#respond\"]}]},{\"@type\":\"WebPage\",\"@id\":\"https:\\\/\\\/www.revistarambla.com\\\/habilidades-comunicativas-un-pilar-fundamental-en-el-dia-a-dia\\\/\",\"url\":\"https:\\\/\\\/www.revistarambla.com\\\/habilidades-comunicativas-un-pilar-fundamental-en-el-dia-a-dia\\\/\",\"name\":\"Habilidades comunicativas, un pilar fundamental en el d\u00eda a d\u00eda - Revista Rambla\",\"isPartOf\":{\"@id\":\"https:\\\/\\\/www.revistarambla.com\\\/#website\"},\"primaryImageOfPage\":{\"@id\":\"https:\\\/\\\/www.revistarambla.com\\\/habilidades-comunicativas-un-pilar-fundamental-en-el-dia-a-dia\\\/#primaryimage\"},\"image\":{\"@id\":\"https:\\\/\\\/www.revistarambla.com\\\/habilidades-comunicativas-un-pilar-fundamental-en-el-dia-a-dia\\\/#primaryimage\"},\"thumbnailUrl\":\"https:\\\/\\\/www.revistarambla.com\\\/wp-content\\\/uploads\\\/2021\\\/10\\\/meeting-g488eb32c0_1280.jpg\",\"datePublished\":\"2021-10-08T16:22:59+00:00\",\"dateModified\":\"2022-01-05T17:46:45+00:00\",\"breadcrumb\":{\"@id\":\"https:\\\/\\\/www.revistarambla.com\\\/habilidades-comunicativas-un-pilar-fundamental-en-el-dia-a-dia\\\/#breadcrumb\"},\"inLanguage\":\"en-GB\",\"potentialAction\":[{\"@type\":\"ReadAction\",\"target\":[\"https:\\\/\\\/www.revistarambla.com\\\/habilidades-comunicativas-un-pilar-fundamental-en-el-dia-a-dia\\\/\"]}]},{\"@type\":\"ImageObject\",\"inLanguage\":\"en-GB\",\"@id\":\"https:\\\/\\\/www.revistarambla.com\\\/habilidades-comunicativas-un-pilar-fundamental-en-el-dia-a-dia\\\/#primaryimage\",\"url\":\"https:\\\/\\\/www.revistarambla.com\\\/wp-content\\\/uploads\\\/2021\\\/10\\\/meeting-g488eb32c0_1280.jpg\",\"contentUrl\":\"https:\\\/\\\/www.revistarambla.com\\\/wp-content\\\/uploads\\\/2021\\\/10\\\/meeting-g488eb32c0_1280.jpg\",\"width\":1280,\"height\":853},{\"@type\":\"BreadcrumbList\",\"@id\":\"https:\\\/\\\/www.revistarambla.com\\\/habilidades-comunicativas-un-pilar-fundamental-en-el-dia-a-dia\\\/#breadcrumb\",\"itemListElement\":[{\"@type\":\"ListItem\",\"position\":1,\"name\":\"Portada\",\"item\":\"https:\\\/\\\/www.revistarambla.com\\\/\"},{\"@type\":\"ListItem\",\"position\":2,\"name\":\"Habilidades comunicativas, un pilar fundamental en el d\u00eda a d\u00eda\"}]},{\"@type\":\"WebSite\",\"@id\":\"https:\\\/\\\/www.revistarambla.com\\\/#website\",\"url\":\"https:\\\/\\\/www.revistarambla.com\\\/\",\"name\":\"Revista Rambla Barcelona\",\"description\":\"Periodismo independiente\",\"publisher\":{\"@id\":\"https:\\\/\\\/www.revistarambla.com\\\/#organization\"},\"potentialAction\":[{\"@type\":\"SearchAction\",\"target\":{\"@type\":\"EntryPoint\",\"urlTemplate\":\"https:\\\/\\\/www.revistarambla.com\\\/?s={search_term_string}\"},\"query-input\":{\"@type\":\"PropertyValueSpecification\",\"valueRequired\":true,\"valueName\":\"search_term_string\"}}],\"inLanguage\":\"en-GB\"},{\"@type\":\"Organization\",\"@id\":\"https:\\\/\\\/www.revistarambla.com\\\/#organization\",\"name\":\"Revista Rambla\",\"url\":\"https:\\\/\\\/www.revistarambla.com\\\/\",\"logo\":{\"@type\":\"ImageObject\",\"inLanguage\":\"en-GB\",\"@id\":\"https:\\\/\\\/www.revistarambla.com\\\/#\\\/schema\\\/logo\\\/image\\\/\",\"url\":\"https:\\\/\\\/www.revistarambla.com\\\/wp-content\\\/uploads\\\/2020\\\/09\\\/banner_rambla_1900x600_BB.png\",\"contentUrl\":\"https:\\\/\\\/www.revistarambla.com\\\/wp-content\\\/uploads\\\/2020\\\/09\\\/banner_rambla_1900x600_BB.png\",\"width\":1900,\"height\":600,\"caption\":\"Revista Rambla\"},\"image\":{\"@id\":\"https:\\\/\\\/www.revistarambla.com\\\/#\\\/schema\\\/logo\\\/image\\\/\"},\"sameAs\":[\"https:\\\/\\\/www.facebook.com\\\/revistarambla\\\/\",\"https:\\\/\\\/x.com\\\/revistarambla\",\"https:\\\/\\\/www.instagram.com\\\/revista_rambla\",\"https:\\\/\\\/es.linkedin.com\\\/company\\\/revista-rambla\"]},{\"@type\":\"Person\",\"@id\":\"https:\\\/\\\/www.revistarambla.com\\\/#\\\/schema\\\/person\\\/a146a5a2550b94981a75131180e1bd9c\",\"name\":\"R@mbla\",\"description\":\"Este art\u00edculo ha sido redactado y\\\/o validado por el equipo de redacci\u00f3n de Revista Rambla.\",\"sameAs\":[\"https:\\\/\\\/www.revistarambla.com\\\/\",\"https:\\\/\\\/www.facebook.com\\\/revistarambla\",\"https:\\\/\\\/x.com\\\/revistarambla\"]}]}<\/script>\n<!-- \/ Yoast SEO plugin. -->","yoast_head_json":{"title":"Habilidades comunicativas, un pilar fundamental en el d\u00eda a d\u00eda - Revista Rambla","robots":{"index":"index","follow":"follow","max-snippet":"max-snippet:-1","max-image-preview":"max-image-preview:large","max-video-preview":"max-video-preview:-1"},"canonical":"https:\/\/www.revistarambla.com\/en\/habilidades-comunicativas-un-pilar-fundamental-en-el-dia-a-dia\/","og_locale":"en_GB","og_type":"article","og_title":"Habilidades comunicativas, un pilar fundamental en el d\u00eda a d\u00eda - Revista Rambla","og_description":"La educaci\u00f3n se basa muchas veces en explicaciones te\u00f3ricas que en muchos casos se convierten en tediosas para el estudiante y que no consiguen el objetivo marcado. Muchos postulados de expertos educativos radican en la necesidad de incorporar a los planes de estudio, otras f\u00f3rmulas que incidan m\u00e1s en el [&hellip;]","og_url":"https:\/\/www.revistarambla.com\/en\/habilidades-comunicativas-un-pilar-fundamental-en-el-dia-a-dia\/","og_site_name":"Revista Rambla","article_publisher":"https:\/\/www.facebook.com\/revistarambla\/","article_author":"https:\/\/www.facebook.com\/revistarambla","article_published_time":"2021-10-08T16:22:59+00:00","article_modified_time":"2022-01-05T17:46:45+00:00","og_image":[{"width":1280,"height":853,"url":"https:\/\/www.revistarambla.com\/wp-content\/uploads\/2021\/10\/meeting-g488eb32c0_1280.jpg","type":"image\/jpeg"}],"author":"R@mbla","twitter_card":"summary_large_image","twitter_creator":"@revistarambla","twitter_site":"@revistarambla","twitter_misc":{"Written by":"R@mbla","Estimated reading time":"3 minutes"},"schema":{"@context":"https:\/\/schema.org","@graph":[{"@type":"Article","@id":"https:\/\/www.revistarambla.com\/habilidades-comunicativas-un-pilar-fundamental-en-el-dia-a-dia\/#article","isPartOf":{"@id":"https:\/\/www.revistarambla.com\/habilidades-comunicativas-un-pilar-fundamental-en-el-dia-a-dia\/"},"author":{"name":"R@mbla","@id":"https:\/\/www.revistarambla.com\/#\/schema\/person\/a146a5a2550b94981a75131180e1bd9c"},"headline":"Habilidades comunicativas, un pilar fundamental en el d\u00eda a d\u00eda","datePublished":"2021-10-08T16:22:59+00:00","dateModified":"2022-01-05T17:46:45+00:00","mainEntityOfPage":{"@id":"https:\/\/www.revistarambla.com\/habilidades-comunicativas-un-pilar-fundamental-en-el-dia-a-dia\/"},"wordCount":621,"commentCount":0,"publisher":{"@id":"https:\/\/www.revistarambla.com\/#organization"},"image":{"@id":"https:\/\/www.revistarambla.com\/habilidades-comunicativas-un-pilar-fundamental-en-el-dia-a-dia\/#primaryimage"},"thumbnailUrl":"https:\/\/www.revistarambla.com\/wp-content\/uploads\/2021\/10\/meeting-g488eb32c0_1280.jpg","articleSection":["Noticias de la vida"],"inLanguage":"en-GB","potentialAction":[{"@type":"CommentAction","name":"Comment","target":["https:\/\/www.revistarambla.com\/habilidades-comunicativas-un-pilar-fundamental-en-el-dia-a-dia\/#respond"]}]},{"@type":"WebPage","@id":"https:\/\/www.revistarambla.com\/habilidades-comunicativas-un-pilar-fundamental-en-el-dia-a-dia\/","url":"https:\/\/www.revistarambla.com\/habilidades-comunicativas-un-pilar-fundamental-en-el-dia-a-dia\/","name":"Habilidades comunicativas, un pilar fundamental en el d\u00eda a d\u00eda - Revista Rambla","isPartOf":{"@id":"https:\/\/www.revistarambla.com\/#website"},"primaryImageOfPage":{"@id":"https:\/\/www.revistarambla.com\/habilidades-comunicativas-un-pilar-fundamental-en-el-dia-a-dia\/#primaryimage"},"image":{"@id":"https:\/\/www.revistarambla.com\/habilidades-comunicativas-un-pilar-fundamental-en-el-dia-a-dia\/#primaryimage"},"thumbnailUrl":"https:\/\/www.revistarambla.com\/wp-content\/uploads\/2021\/10\/meeting-g488eb32c0_1280.jpg","datePublished":"2021-10-08T16:22:59+00:00","dateModified":"2022-01-05T17:46:45+00:00","breadcrumb":{"@id":"https:\/\/www.revistarambla.com\/habilidades-comunicativas-un-pilar-fundamental-en-el-dia-a-dia\/#breadcrumb"},"inLanguage":"en-GB","potentialAction":[{"@type":"ReadAction","target":["https:\/\/www.revistarambla.com\/habilidades-comunicativas-un-pilar-fundamental-en-el-dia-a-dia\/"]}]},{"@type":"ImageObject","inLanguage":"en-GB","@id":"https:\/\/www.revistarambla.com\/habilidades-comunicativas-un-pilar-fundamental-en-el-dia-a-dia\/#primaryimage","url":"https:\/\/www.revistarambla.com\/wp-content\/uploads\/2021\/10\/meeting-g488eb32c0_1280.jpg","contentUrl":"https:\/\/www.revistarambla.com\/wp-content\/uploads\/2021\/10\/meeting-g488eb32c0_1280.jpg","width":1280,"height":853},{"@type":"BreadcrumbList","@id":"https:\/\/www.revistarambla.com\/habilidades-comunicativas-un-pilar-fundamental-en-el-dia-a-dia\/#breadcrumb","itemListElement":[{"@type":"ListItem","position":1,"name":"Portada","item":"https:\/\/www.revistarambla.com\/"},{"@type":"ListItem","position":2,"name":"Habilidades comunicativas, un pilar fundamental en el d\u00eda a d\u00eda"}]},{"@type":"WebSite","@id":"https:\/\/www.revistarambla.com\/#website","url":"https:\/\/www.revistarambla.com\/","name":"Revista Rambla Barcelona","description":"Periodismo independiente","publisher":{"@id":"https:\/\/www.revistarambla.com\/#organization"},"potentialAction":[{"@type":"SearchAction","target":{"@type":"EntryPoint","urlTemplate":"https:\/\/www.revistarambla.com\/?s={search_term_string}"},"query-input":{"@type":"PropertyValueSpecification","valueRequired":true,"valueName":"search_term_string"}}],"inLanguage":"en-GB"},{"@type":"Organization","@id":"https:\/\/www.revistarambla.com\/#organization","name":"Revista Rambla","url":"https:\/\/www.revistarambla.com\/","logo":{"@type":"ImageObject","inLanguage":"en-GB","@id":"https:\/\/www.revistarambla.com\/#\/schema\/logo\/image\/","url":"https:\/\/www.revistarambla.com\/wp-content\/uploads\/2020\/09\/banner_rambla_1900x600_BB.png","contentUrl":"https:\/\/www.revistarambla.com\/wp-content\/uploads\/2020\/09\/banner_rambla_1900x600_BB.png","width":1900,"height":600,"caption":"Revista Rambla"},"image":{"@id":"https:\/\/www.revistarambla.com\/#\/schema\/logo\/image\/"},"sameAs":["https:\/\/www.facebook.com\/revistarambla\/","https:\/\/x.com\/revistarambla","https:\/\/www.instagram.com\/revista_rambla","https:\/\/es.linkedin.com\/company\/revista-rambla"]},{"@type":"Person","@id":"https:\/\/www.revistarambla.com\/#\/schema\/person\/a146a5a2550b94981a75131180e1bd9c","name":"R@mbla","description":"Este art\u00edculo ha sido redactado y\/o validado por el equipo de redacci\u00f3n de Revista Rambla.","sameAs":["https:\/\/www.revistarambla.com\/","https:\/\/www.facebook.com\/revistarambla","https:\/\/x.com\/revistarambla"]}]}},"_links":{"self":[{"href":"https:\/\/www.revistarambla.com\/en\/wp-json\/wp\/v2\/posts\/35817","targetHints":{"allow":["GET"]}}],"collection":[{"href":"https:\/\/www.revistarambla.com\/en\/wp-json\/wp\/v2\/posts"}],"about":[{"href":"https:\/\/www.revistarambla.com\/en\/wp-json\/wp\/v2\/types\/post"}],"author":[{"embeddable":true,"href":"https:\/\/www.revistarambla.com\/en\/wp-json\/wp\/v2\/users\/3"}],"replies":[{"embeddable":true,"href":"https:\/\/www.revistarambla.com\/en\/wp-json\/wp\/v2\/comments?post=35817"}],"version-history":[{"count":0,"href":"https:\/\/www.revistarambla.com\/en\/wp-json\/wp\/v2\/posts\/35817\/revisions"}],"wp:featuredmedia":[{"embeddable":true,"href":"https:\/\/www.revistarambla.com\/en\/wp-json\/wp\/v2\/media\/35818"}],"wp:attachment":[{"href":"https:\/\/www.revistarambla.com\/en\/wp-json\/wp\/v2\/media?parent=35817"}],"wp:term":[{"taxonomy":"category","embeddable":true,"href":"https:\/\/www.revistarambla.com\/en\/wp-json\/wp\/v2\/categories?post=35817"},{"taxonomy":"post_tag","embeddable":true,"href":"https:\/\/www.revistarambla.com\/en\/wp-json\/wp\/v2\/tags?post=35817"}],"curies":[{"name":"wp","href":"https:\/\/api.w.org\/{rel}","templated":true}]}}