{"id":35813,"date":"2021-10-08T12:12:54","date_gmt":"2021-10-08T10:12:54","guid":{"rendered":"https:\/\/www.revistarambla.com\/?p=35813"},"modified":"2021-12-07T17:03:41","modified_gmt":"2021-12-07T16:03:41","slug":"inestabilidad-politica-y-presidencialismo-en-el-peru","status":"publish","type":"post","link":"https:\/\/www.revistarambla.com\/en\/inestabilidad-politica-y-presidencialismo-en-el-peru\/","title":{"rendered":"Inestabilidad pol\u00edtica y presidencialismo en el Per\u00fa"},"content":{"rendered":"<figure id=\"attachment_35814\" aria-describedby=\"caption-attachment-35814\" style=\"width: 1279px\" class=\"wp-caption aligncenter\"><img decoding=\"async\" class=\"wp-image-35814 size-full\" src=\"https:\/\/www.revistarambla.com\/wp-content\/uploads\/2021\/10\/FBG1LnsWUAYymcy.jpg\" alt=\"\" width=\"1279\" height=\"719\" srcset=\"https:\/\/www.revistarambla.com\/wp-content\/uploads\/2021\/10\/FBG1LnsWUAYymcy.jpg 1279w, https:\/\/www.revistarambla.com\/wp-content\/uploads\/2021\/10\/FBG1LnsWUAYymcy-300x169.jpg 300w, https:\/\/www.revistarambla.com\/wp-content\/uploads\/2021\/10\/FBG1LnsWUAYymcy-1024x576.jpg 1024w, https:\/\/www.revistarambla.com\/wp-content\/uploads\/2021\/10\/FBG1LnsWUAYymcy-768x432.jpg 768w\" sizes=\"(max-width: 1279px) 100vw, 1279px\" \/><figcaption id=\"caption-attachment-35814\" class=\"wp-caption-text\">El presidente Pedro Castillo durante una reuni\u00f3n de coordinaci\u00f3n con los ministros de Estado. (@presidenciaperu)<\/figcaption><\/figure>\n<p style=\"text-align: left;\" align=\"JUSTIFY\"><a name=\"Bookmark\"><\/a><span lang=\"es-PE\">El Consejo de Estado del Per\u00fa, formado por el Poder Judicial, Contralor\u00eda de la Rep\u00fablica, Defensor\u00eda del Pueblo y Fiscal\u00eda de la Naci\u00f3n, pidi\u00f3 al presidente izquierdista, Pedro Castillo, mediante un oficio una reuni\u00f3n de urgencia debido a la \u00abcreciente inestabilidad pol\u00edtica que viene afectando la buena marcha de la Administraci\u00f3n P\u00fablica y el pleno ejercicio de los Derechos Humanos\u00bb.<\/span><\/p>\n<p style=\"text-align: left;\" align=\"JUSTIFY\"><span lang=\"es-PE\">La solicitud es firmada por la titular del Poder Judicial, Elvia Barrios; la fiscal de la Naci\u00f3n, Zoraida \u00c1valos; la presidenta de la Junta Nacional de Justicia, In\u00e9s Tello; el contralor de la Rep\u00fablica, Nelson Shack, y el defensor del Pueblo, Walter Guti\u00e9rrez.<\/span><\/p>\n<p style=\"text-align: left;\" align=\"JUSTIFY\"><span lang=\"es-PE\">En el documento las instituciones han se\u00f1alado que pese a que un Estado de Derecho se caracteriza por la distribuci\u00f3n de funciones, eso \u00abno implica que deban ejercer sus atribuciones de manera aislada\u00bb. <\/span><\/p>\n<p style=\"text-align: left;\" align=\"JUSTIFY\"><span lang=\"es-PE\">De hecho, han recordado que \u00abse encuentran obligados a cooperar en la atenci\u00f3n de los diversos problemas que enfrenta el pa\u00eds\u00bb, por lo que han reclamado a Castillo que \u00abrealice todos los esfuerzos necesarios para materializar el principio de colaboraci\u00f3n y de buena marcha de la Administraci\u00f3n\u00bb.<\/span><\/p>\n<p style=\"text-align: left;\" align=\"JUSTIFY\"><span lang=\"es-PE\">El Poder Ejecutivo se encuentra a la expectativa de que el Congreso de la Rep\u00fablica reciba y debata una moci\u00f3n de censura contra el titular del Ministerio de Trabajo y Promoci\u00f3n del Empleo (Mtpe), \u00cdber Antenor Marav\u00ed Olarte, por parte de las bancadas de la oposici\u00f3n, que rechazaron sus respuestas en la interpelaci\u00f3n que lo vincula con acciones de Sendero Luminoso en la regi\u00f3n de Ayacucho.<\/span><\/p>\n<p style=\"text-align: left;\" align=\"JUSTIFY\"><span lang=\"es-PE\">En el mes de septiembre en un art\u00edculo titulado \u00abCrisis econ\u00f3mica y Estado de derecho en el Per\u00fa\u00bb (<a href=\"https:\/\/tinyurl.com\/wvyfmbc3\">https:\/\/tinyurl.com\/wvyfmbc3<\/a>) se\u00f1al\u00e9: \u201cSeg\u00fan el organismo sobre derechos humanos Waynakuna Per\u00fa la demanda tiene sustento en los atestados policiales: \u2018N\u00b0 12-SE-JDp del 3 de agosto de 1981 y N\u00b0 001-SE-JDp, del 5 de febrero de 1982\u2019, donde Marav\u00ed est\u00e1 involucrado\u201d.<\/span><\/p>\n<p style=\"text-align: left;\" align=\"JUSTIFY\"><span lang=\"es-PE\">En el caso de que el Congreso de la Rep\u00fablica del Per\u00fa apruebe la censura de \u00cdber Marav\u00ed, el primer ministro, Guido Bellido, dijo que plantear\u00edan una cuesti\u00f3n de confianza al gabinete ministerial que forzar\u00eda una remoci\u00f3n completa del Consejo de Ministros.<\/span><\/p>\n<p style=\"text-align: left;\" align=\"JUSTIFY\"><span lang=\"es-PE\">En el art\u00edculo \u201cElecci\u00f3n y fraude en el Per\u00fa\u201d (<a href=\"https:\/\/tinyurl.com\/pva93w\">https:\/\/tinyurl.com\/pva93w<\/a>) escribo: \u201cEn el Per\u00fa actual debemos considerar que el primer ministro de gobierno, Guido Bellido, y el secretario general y fundador de la organizaci\u00f3n gobernante Per\u00fa Libre (PL), Vladimir Cerr\u00f3n, entre otros, se encuentran investigados por el delito de terrorismo, seg\u00fan inform\u00f3 el Ministerio P\u00fablico\u201d.<\/span><\/p>\n<p style=\"text-align: left;\" align=\"JUSTIFY\"><span lang=\"es-PE\">\u00abNo hay elementos s\u00f3lidos para poder censurar. Lo que hay es inter\u00e9s de revanchismo pol\u00edtico contra este Gobierno. Como hemos visto esta moci\u00f3n que han firmado, est\u00e1 claramente orientado no al ministro Iber Marav\u00ed, sino hacia el presidente de la Rep\u00fablica\u00bb, declar\u00f3 Bellido.<\/span><\/p>\n<p style=\"text-align: left;\" align=\"JUSTIFY\"><span lang=\"es-PE\">A fines del a\u00f1o pasado en un art\u00edculo titulado \u201cCorrupci\u00f3n, corrupcionismo y presidencialismo\u201d (<a href=\"https:\/\/tinyurl.com\/t98ywzy8\">https:\/\/tinyurl.com\/t98ywzy8<\/a>) se\u00f1al\u00e9: \u201cUn total de cinco expresidentes del Per\u00fa est\u00e1n inmersos en procesos penales o investigaciones fiscales por presuntos delitos de lesa humanidad y de corrupci\u00f3n, incluso algunos de ellos ya cumplen prisi\u00f3n. Ellos son Alberto Fujimori, Alejandro Toledo, Ollanta Humala, Pedro Pablo Kuczynski y recientemente Mart\u00edn Vizcarra, investigado por presuntos cobros il\u00edcitos para adjudicar obras p\u00fablicas en Moquegua cuando fue gobernador de dicha regi\u00f3n\u201d.<\/span><\/p>\n<p style=\"text-align: left;\" align=\"JUSTIFY\"><span lang=\"es-PE\">En el Per\u00fa el Estado se ha convertido en la sucursal detr\u00e1s de la cual operan organizaciones criminales, que bajo diferentes modalidades delictivas y usando la corrupci\u00f3n como metodolog\u00eda tienen como \u00fanico fin apropiarse del bot\u00edn que representa el presupuesto nacional.<\/span><\/p>\n<p style=\"text-align: left;\" align=\"JUSTIFY\"><span lang=\"es-PE\">El resultado de este accionar ilegal es dram\u00e1tico: la alteraci\u00f3n del orden social y el da\u00f1o pernicioso e irreversible a la sociedad, quit\u00e1ndole de esa forma la posibilidad de un desarrollo sostenible. Y lo que es peor: la degradaci\u00f3n moral de nuestro pa\u00eds.<\/span><\/p>\n<p style=\"text-align: left;\" align=\"JUSTIFY\"><span lang=\"es-PE\">En su reciente comunicado \u201cMovimientos comunistas organizan homenajes al genocida Abimael Guzm\u00e1n\u201d (<a href=\"https:\/\/tinyurl.com\/hk7pjmdc\">https:\/\/tinyurl.com\/hk7pjmdc<\/a>) la organizaci\u00f3n de derechos humanos Waynakuna se\u00f1ala que en distintos pa\u00edses de Europa, Asia y Am\u00e9rica Latina, partidos, micropartidos, movimientos y colectivos comunistas decidieron organizar homenajes al terrorista Abimael Guzm\u00e1n, l\u00edder del movimiento subversivo Sendero Luminoso. Estas acciones representan una afrenta a las miles de v\u00edctimas que dej\u00f3 la violencia de esta organizaci\u00f3n criminal. <\/span><\/p>\n<p style=\"text-align: left;\" align=\"JUSTIFY\"><span lang=\"es-PE\">El documento se\u00f1ala: \u201cLa canciller\u00eda del Per\u00fa, deber\u00eda emitir un comunicado de protesta en los pa\u00edses en donde se han desarrollado estas actividades insultantes contra la historia y memoria del Per\u00fa\u201d.<\/span><\/p>\n<p style=\"text-align: left;\" align=\"JUSTIFY\"><span lang=\"es-PE\">Debemos recordar que entre el a\u00f1o 1980 y el 1992, el llamado \u00abconflicto armado interno\u00bb dej\u00f3 un saldo de alrededor de 70 mil v\u00edctimas mortales, entre civiles, militares y terroristas. Fueron los grupos terroristas los que, en su af\u00e1n de tomar el poder por la v\u00eda de las armas y el terror, dejaron una secuela de sangre en el pa\u00eds.<\/span><\/p>\n<p style=\"text-align: left;\" align=\"JUSTIFY\"><span lang=\"es-PE\">Conduzcamos el pa\u00eds hacia la democracia, el desarrollo social y la paz.<\/span><\/p>\n<p style=\"text-align: left;\" align=\"JUSTIFY\"><em>(*) Escritor, poeta, editor y soci\u00f3logo. Presidente del Instituto Peruano de la Juventud (IPJ) y director de Editorial R\u00edo Negro.<\/em><\/p>","protected":false},"excerpt":{"rendered":"<p>El Consejo de Estado del Per\u00fa, formado por el Poder Judicial, Contralor\u00eda de la Rep\u00fablica, Defensor\u00eda del Pueblo y Fiscal\u00eda de la Naci\u00f3n, pidi\u00f3 al presidente izquierdista, Pedro Castillo, mediante un oficio una reuni\u00f3n de urgencia debido a la \u00abcreciente inestabilidad pol\u00edtica que viene afectando la buena marcha de la [&hellip;]<\/p>\n","protected":false},"author":18,"featured_media":35814,"comment_status":"open","ping_status":"open","sticky":false,"template":"","format":"standard","meta":{"footnotes":""},"categories":[72],"tags":[],"class_list":["post-35813","post","type-post","status-publish","format-standard","has-post-thumbnail","hentry","category-opinion"],"yoast_head":"<!-- This site is optimized with the Yoast SEO plugin v27.5 - https:\/\/yoast.com\/product\/yoast-seo-wordpress\/ -->\n<title>Inestabilidad pol\u00edtica y presidencialismo en el Per\u00fa - Revista Rambla<\/title>\n<meta name=\"robots\" content=\"index, follow, max-snippet:-1, max-image-preview:large, max-video-preview:-1\" \/>\n<link rel=\"canonical\" href=\"https:\/\/www.revistarambla.com\/en\/inestabilidad-politica-y-presidencialismo-en-el-peru\/\" \/>\n<meta property=\"og:locale\" content=\"en_GB\" \/>\n<meta property=\"og:type\" content=\"article\" \/>\n<meta property=\"og:title\" content=\"Inestabilidad pol\u00edtica y presidencialismo en el Per\u00fa - Revista Rambla\" \/>\n<meta property=\"og:description\" content=\"El Consejo de Estado del Per\u00fa, formado por el Poder Judicial, Contralor\u00eda de la Rep\u00fablica, Defensor\u00eda del Pueblo y Fiscal\u00eda de la Naci\u00f3n, pidi\u00f3 al presidente izquierdista, Pedro Castillo, mediante un oficio una reuni\u00f3n de urgencia debido a la \u00abcreciente inestabilidad pol\u00edtica que viene afectando la buena marcha de la [&hellip;]\" \/>\n<meta property=\"og:url\" content=\"https:\/\/www.revistarambla.com\/en\/inestabilidad-politica-y-presidencialismo-en-el-peru\/\" \/>\n<meta property=\"og:site_name\" content=\"Revista Rambla\" \/>\n<meta property=\"article:publisher\" content=\"https:\/\/www.facebook.com\/revistarambla\/\" \/>\n<meta property=\"article:author\" content=\"https:\/\/www.facebook.com\/raul.allainvega\" \/>\n<meta property=\"article:published_time\" content=\"2021-10-08T10:12:54+00:00\" \/>\n<meta property=\"article:modified_time\" content=\"2021-12-07T16:03:41+00:00\" \/>\n<meta property=\"og:image\" content=\"https:\/\/www.revistarambla.com\/wp-content\/uploads\/2021\/10\/FBG1LnsWUAYymcy.jpg\" \/>\n\t<meta property=\"og:image:width\" content=\"1279\" \/>\n\t<meta property=\"og:image:height\" content=\"719\" \/>\n\t<meta property=\"og:image:type\" content=\"image\/jpeg\" \/>\n<meta name=\"author\" content=\"Ra\u00fal Alfonso Allain Vega\" \/>\n<meta name=\"twitter:card\" content=\"summary_large_image\" \/>\n<meta name=\"twitter:creator\" content=\"@RaulAllain\" \/>\n<meta name=\"twitter:site\" content=\"@revistarambla\" \/>\n<meta name=\"twitter:label1\" content=\"Written by\" \/>\n\t<meta name=\"twitter:data1\" content=\"Ra\u00fal Alfonso Allain Vega\" \/>\n\t<meta name=\"twitter:label2\" content=\"Estimated reading time\" \/>\n\t<meta name=\"twitter:data2\" content=\"4 minutes\" \/>\n<script type=\"application\/ld+json\" class=\"yoast-schema-graph\">{\"@context\":\"https:\\\/\\\/schema.org\",\"@graph\":[{\"@type\":\"Article\",\"@id\":\"https:\\\/\\\/www.revistarambla.com\\\/inestabilidad-politica-y-presidencialismo-en-el-peru\\\/#article\",\"isPartOf\":{\"@id\":\"https:\\\/\\\/www.revistarambla.com\\\/inestabilidad-politica-y-presidencialismo-en-el-peru\\\/\"},\"author\":{\"name\":\"Ra\u00fal Alfonso Allain Vega\",\"@id\":\"https:\\\/\\\/www.revistarambla.com\\\/#\\\/schema\\\/person\\\/9b4378c82c48caa37acecffb9450e934\"},\"headline\":\"Inestabilidad pol\u00edtica y presidencialismo en el Per\u00fa\",\"datePublished\":\"2021-10-08T10:12:54+00:00\",\"dateModified\":\"2021-12-07T16:03:41+00:00\",\"mainEntityOfPage\":{\"@id\":\"https:\\\/\\\/www.revistarambla.com\\\/inestabilidad-politica-y-presidencialismo-en-el-peru\\\/\"},\"wordCount\":924,\"commentCount\":0,\"publisher\":{\"@id\":\"https:\\\/\\\/www.revistarambla.com\\\/#organization\"},\"image\":{\"@id\":\"https:\\\/\\\/www.revistarambla.com\\\/inestabilidad-politica-y-presidencialismo-en-el-peru\\\/#primaryimage\"},\"thumbnailUrl\":\"https:\\\/\\\/www.revistarambla.com\\\/wp-content\\\/uploads\\\/2021\\\/10\\\/FBG1LnsWUAYymcy.jpg\",\"articleSection\":[\"Opiniones\"],\"inLanguage\":\"en-GB\",\"potentialAction\":[{\"@type\":\"CommentAction\",\"name\":\"Comment\",\"target\":[\"https:\\\/\\\/www.revistarambla.com\\\/inestabilidad-politica-y-presidencialismo-en-el-peru\\\/#respond\"]}]},{\"@type\":\"WebPage\",\"@id\":\"https:\\\/\\\/www.revistarambla.com\\\/inestabilidad-politica-y-presidencialismo-en-el-peru\\\/\",\"url\":\"https:\\\/\\\/www.revistarambla.com\\\/inestabilidad-politica-y-presidencialismo-en-el-peru\\\/\",\"name\":\"Inestabilidad pol\u00edtica y presidencialismo en el Per\u00fa - Revista Rambla\",\"isPartOf\":{\"@id\":\"https:\\\/\\\/www.revistarambla.com\\\/#website\"},\"primaryImageOfPage\":{\"@id\":\"https:\\\/\\\/www.revistarambla.com\\\/inestabilidad-politica-y-presidencialismo-en-el-peru\\\/#primaryimage\"},\"image\":{\"@id\":\"https:\\\/\\\/www.revistarambla.com\\\/inestabilidad-politica-y-presidencialismo-en-el-peru\\\/#primaryimage\"},\"thumbnailUrl\":\"https:\\\/\\\/www.revistarambla.com\\\/wp-content\\\/uploads\\\/2021\\\/10\\\/FBG1LnsWUAYymcy.jpg\",\"datePublished\":\"2021-10-08T10:12:54+00:00\",\"dateModified\":\"2021-12-07T16:03:41+00:00\",\"breadcrumb\":{\"@id\":\"https:\\\/\\\/www.revistarambla.com\\\/inestabilidad-politica-y-presidencialismo-en-el-peru\\\/#breadcrumb\"},\"inLanguage\":\"en-GB\",\"potentialAction\":[{\"@type\":\"ReadAction\",\"target\":[\"https:\\\/\\\/www.revistarambla.com\\\/inestabilidad-politica-y-presidencialismo-en-el-peru\\\/\"]}]},{\"@type\":\"ImageObject\",\"inLanguage\":\"en-GB\",\"@id\":\"https:\\\/\\\/www.revistarambla.com\\\/inestabilidad-politica-y-presidencialismo-en-el-peru\\\/#primaryimage\",\"url\":\"https:\\\/\\\/www.revistarambla.com\\\/wp-content\\\/uploads\\\/2021\\\/10\\\/FBG1LnsWUAYymcy.jpg\",\"contentUrl\":\"https:\\\/\\\/www.revistarambla.com\\\/wp-content\\\/uploads\\\/2021\\\/10\\\/FBG1LnsWUAYymcy.jpg\",\"width\":1279,\"height\":719},{\"@type\":\"BreadcrumbList\",\"@id\":\"https:\\\/\\\/www.revistarambla.com\\\/inestabilidad-politica-y-presidencialismo-en-el-peru\\\/#breadcrumb\",\"itemListElement\":[{\"@type\":\"ListItem\",\"position\":1,\"name\":\"Portada\",\"item\":\"https:\\\/\\\/www.revistarambla.com\\\/\"},{\"@type\":\"ListItem\",\"position\":2,\"name\":\"Inestabilidad pol\u00edtica y presidencialismo en el Per\u00fa\"}]},{\"@type\":\"WebSite\",\"@id\":\"https:\\\/\\\/www.revistarambla.com\\\/#website\",\"url\":\"https:\\\/\\\/www.revistarambla.com\\\/\",\"name\":\"Revista Rambla Barcelona\",\"description\":\"Periodismo independiente\",\"publisher\":{\"@id\":\"https:\\\/\\\/www.revistarambla.com\\\/#organization\"},\"potentialAction\":[{\"@type\":\"SearchAction\",\"target\":{\"@type\":\"EntryPoint\",\"urlTemplate\":\"https:\\\/\\\/www.revistarambla.com\\\/?s={search_term_string}\"},\"query-input\":{\"@type\":\"PropertyValueSpecification\",\"valueRequired\":true,\"valueName\":\"search_term_string\"}}],\"inLanguage\":\"en-GB\"},{\"@type\":\"Organization\",\"@id\":\"https:\\\/\\\/www.revistarambla.com\\\/#organization\",\"name\":\"Revista Rambla\",\"url\":\"https:\\\/\\\/www.revistarambla.com\\\/\",\"logo\":{\"@type\":\"ImageObject\",\"inLanguage\":\"en-GB\",\"@id\":\"https:\\\/\\\/www.revistarambla.com\\\/#\\\/schema\\\/logo\\\/image\\\/\",\"url\":\"https:\\\/\\\/www.revistarambla.com\\\/wp-content\\\/uploads\\\/2020\\\/09\\\/banner_rambla_1900x600_BB.png\",\"contentUrl\":\"https:\\\/\\\/www.revistarambla.com\\\/wp-content\\\/uploads\\\/2020\\\/09\\\/banner_rambla_1900x600_BB.png\",\"width\":1900,\"height\":600,\"caption\":\"Revista Rambla\"},\"image\":{\"@id\":\"https:\\\/\\\/www.revistarambla.com\\\/#\\\/schema\\\/logo\\\/image\\\/\"},\"sameAs\":[\"https:\\\/\\\/www.facebook.com\\\/revistarambla\\\/\",\"https:\\\/\\\/x.com\\\/revistarambla\",\"https:\\\/\\\/www.instagram.com\\\/revista_rambla\",\"https:\\\/\\\/es.linkedin.com\\\/company\\\/revista-rambla\"]},{\"@type\":\"Person\",\"@id\":\"https:\\\/\\\/www.revistarambla.com\\\/#\\\/schema\\\/person\\\/9b4378c82c48caa37acecffb9450e934\",\"name\":\"Ra\u00fal Alfonso Allain Vega\",\"description\":\"Escritor, poeta, editor y soci\u00f3logo. Presidente del Instituto Peruano de la Juventud (IPJ) y director de Editorial R\u00edo Negro.\",\"sameAs\":[\"https:\\\/\\\/en.m.wikipedia.org\\\/wiki\\\/Ra%C3%BAl_Allain\",\"https:\\\/\\\/www.facebook.com\\\/raul.allainvega\",\"https:\\\/\\\/x.com\\\/RaulAllain\"]}]}<\/script>\n<!-- \/ Yoast SEO plugin. -->","yoast_head_json":{"title":"Inestabilidad pol\u00edtica y presidencialismo en el Per\u00fa - Revista Rambla","robots":{"index":"index","follow":"follow","max-snippet":"max-snippet:-1","max-image-preview":"max-image-preview:large","max-video-preview":"max-video-preview:-1"},"canonical":"https:\/\/www.revistarambla.com\/en\/inestabilidad-politica-y-presidencialismo-en-el-peru\/","og_locale":"en_GB","og_type":"article","og_title":"Inestabilidad pol\u00edtica y presidencialismo en el Per\u00fa - Revista Rambla","og_description":"El Consejo de Estado del Per\u00fa, formado por el Poder Judicial, Contralor\u00eda de la Rep\u00fablica, Defensor\u00eda del Pueblo y Fiscal\u00eda de la Naci\u00f3n, pidi\u00f3 al presidente izquierdista, Pedro Castillo, mediante un oficio una reuni\u00f3n de urgencia debido a la \u00abcreciente inestabilidad pol\u00edtica que viene afectando la buena marcha de la [&hellip;]","og_url":"https:\/\/www.revistarambla.com\/en\/inestabilidad-politica-y-presidencialismo-en-el-peru\/","og_site_name":"Revista Rambla","article_publisher":"https:\/\/www.facebook.com\/revistarambla\/","article_author":"https:\/\/www.facebook.com\/raul.allainvega","article_published_time":"2021-10-08T10:12:54+00:00","article_modified_time":"2021-12-07T16:03:41+00:00","og_image":[{"width":1279,"height":719,"url":"https:\/\/www.revistarambla.com\/wp-content\/uploads\/2021\/10\/FBG1LnsWUAYymcy.jpg","type":"image\/jpeg"}],"author":"Ra\u00fal Alfonso Allain Vega","twitter_card":"summary_large_image","twitter_creator":"@RaulAllain","twitter_site":"@revistarambla","twitter_misc":{"Written by":"Ra\u00fal Alfonso Allain Vega","Estimated reading time":"4 minutes"},"schema":{"@context":"https:\/\/schema.org","@graph":[{"@type":"Article","@id":"https:\/\/www.revistarambla.com\/inestabilidad-politica-y-presidencialismo-en-el-peru\/#article","isPartOf":{"@id":"https:\/\/www.revistarambla.com\/inestabilidad-politica-y-presidencialismo-en-el-peru\/"},"author":{"name":"Ra\u00fal Alfonso Allain Vega","@id":"https:\/\/www.revistarambla.com\/#\/schema\/person\/9b4378c82c48caa37acecffb9450e934"},"headline":"Inestabilidad pol\u00edtica y presidencialismo en el Per\u00fa","datePublished":"2021-10-08T10:12:54+00:00","dateModified":"2021-12-07T16:03:41+00:00","mainEntityOfPage":{"@id":"https:\/\/www.revistarambla.com\/inestabilidad-politica-y-presidencialismo-en-el-peru\/"},"wordCount":924,"commentCount":0,"publisher":{"@id":"https:\/\/www.revistarambla.com\/#organization"},"image":{"@id":"https:\/\/www.revistarambla.com\/inestabilidad-politica-y-presidencialismo-en-el-peru\/#primaryimage"},"thumbnailUrl":"https:\/\/www.revistarambla.com\/wp-content\/uploads\/2021\/10\/FBG1LnsWUAYymcy.jpg","articleSection":["Opiniones"],"inLanguage":"en-GB","potentialAction":[{"@type":"CommentAction","name":"Comment","target":["https:\/\/www.revistarambla.com\/inestabilidad-politica-y-presidencialismo-en-el-peru\/#respond"]}]},{"@type":"WebPage","@id":"https:\/\/www.revistarambla.com\/inestabilidad-politica-y-presidencialismo-en-el-peru\/","url":"https:\/\/www.revistarambla.com\/inestabilidad-politica-y-presidencialismo-en-el-peru\/","name":"Inestabilidad pol\u00edtica y presidencialismo en el Per\u00fa - Revista Rambla","isPartOf":{"@id":"https:\/\/www.revistarambla.com\/#website"},"primaryImageOfPage":{"@id":"https:\/\/www.revistarambla.com\/inestabilidad-politica-y-presidencialismo-en-el-peru\/#primaryimage"},"image":{"@id":"https:\/\/www.revistarambla.com\/inestabilidad-politica-y-presidencialismo-en-el-peru\/#primaryimage"},"thumbnailUrl":"https:\/\/www.revistarambla.com\/wp-content\/uploads\/2021\/10\/FBG1LnsWUAYymcy.jpg","datePublished":"2021-10-08T10:12:54+00:00","dateModified":"2021-12-07T16:03:41+00:00","breadcrumb":{"@id":"https:\/\/www.revistarambla.com\/inestabilidad-politica-y-presidencialismo-en-el-peru\/#breadcrumb"},"inLanguage":"en-GB","potentialAction":[{"@type":"ReadAction","target":["https:\/\/www.revistarambla.com\/inestabilidad-politica-y-presidencialismo-en-el-peru\/"]}]},{"@type":"ImageObject","inLanguage":"en-GB","@id":"https:\/\/www.revistarambla.com\/inestabilidad-politica-y-presidencialismo-en-el-peru\/#primaryimage","url":"https:\/\/www.revistarambla.com\/wp-content\/uploads\/2021\/10\/FBG1LnsWUAYymcy.jpg","contentUrl":"https:\/\/www.revistarambla.com\/wp-content\/uploads\/2021\/10\/FBG1LnsWUAYymcy.jpg","width":1279,"height":719},{"@type":"BreadcrumbList","@id":"https:\/\/www.revistarambla.com\/inestabilidad-politica-y-presidencialismo-en-el-peru\/#breadcrumb","itemListElement":[{"@type":"ListItem","position":1,"name":"Portada","item":"https:\/\/www.revistarambla.com\/"},{"@type":"ListItem","position":2,"name":"Inestabilidad pol\u00edtica y presidencialismo en el Per\u00fa"}]},{"@type":"WebSite","@id":"https:\/\/www.revistarambla.com\/#website","url":"https:\/\/www.revistarambla.com\/","name":"Revista Rambla Barcelona","description":"Periodismo independiente","publisher":{"@id":"https:\/\/www.revistarambla.com\/#organization"},"potentialAction":[{"@type":"SearchAction","target":{"@type":"EntryPoint","urlTemplate":"https:\/\/www.revistarambla.com\/?s={search_term_string}"},"query-input":{"@type":"PropertyValueSpecification","valueRequired":true,"valueName":"search_term_string"}}],"inLanguage":"en-GB"},{"@type":"Organization","@id":"https:\/\/www.revistarambla.com\/#organization","name":"Revista Rambla","url":"https:\/\/www.revistarambla.com\/","logo":{"@type":"ImageObject","inLanguage":"en-GB","@id":"https:\/\/www.revistarambla.com\/#\/schema\/logo\/image\/","url":"https:\/\/www.revistarambla.com\/wp-content\/uploads\/2020\/09\/banner_rambla_1900x600_BB.png","contentUrl":"https:\/\/www.revistarambla.com\/wp-content\/uploads\/2020\/09\/banner_rambla_1900x600_BB.png","width":1900,"height":600,"caption":"Revista Rambla"},"image":{"@id":"https:\/\/www.revistarambla.com\/#\/schema\/logo\/image\/"},"sameAs":["https:\/\/www.facebook.com\/revistarambla\/","https:\/\/x.com\/revistarambla","https:\/\/www.instagram.com\/revista_rambla","https:\/\/es.linkedin.com\/company\/revista-rambla"]},{"@type":"Person","@id":"https:\/\/www.revistarambla.com\/#\/schema\/person\/9b4378c82c48caa37acecffb9450e934","name":"Ra\u00fal Alfonso Allain Vega","description":"Escritor, poeta, editor y soci\u00f3logo. Presidente del Instituto Peruano de la Juventud (IPJ) y director de Editorial R\u00edo Negro.","sameAs":["https:\/\/en.m.wikipedia.org\/wiki\/Ra%C3%BAl_Allain","https:\/\/www.facebook.com\/raul.allainvega","https:\/\/x.com\/RaulAllain"]}]}},"_links":{"self":[{"href":"https:\/\/www.revistarambla.com\/en\/wp-json\/wp\/v2\/posts\/35813","targetHints":{"allow":["GET"]}}],"collection":[{"href":"https:\/\/www.revistarambla.com\/en\/wp-json\/wp\/v2\/posts"}],"about":[{"href":"https:\/\/www.revistarambla.com\/en\/wp-json\/wp\/v2\/types\/post"}],"author":[{"embeddable":true,"href":"https:\/\/www.revistarambla.com\/en\/wp-json\/wp\/v2\/users\/18"}],"replies":[{"embeddable":true,"href":"https:\/\/www.revistarambla.com\/en\/wp-json\/wp\/v2\/comments?post=35813"}],"version-history":[{"count":0,"href":"https:\/\/www.revistarambla.com\/en\/wp-json\/wp\/v2\/posts\/35813\/revisions"}],"wp:featuredmedia":[{"embeddable":true,"href":"https:\/\/www.revistarambla.com\/en\/wp-json\/wp\/v2\/media\/35814"}],"wp:attachment":[{"href":"https:\/\/www.revistarambla.com\/en\/wp-json\/wp\/v2\/media?parent=35813"}],"wp:term":[{"taxonomy":"category","embeddable":true,"href":"https:\/\/www.revistarambla.com\/en\/wp-json\/wp\/v2\/categories?post=35813"},{"taxonomy":"post_tag","embeddable":true,"href":"https:\/\/www.revistarambla.com\/en\/wp-json\/wp\/v2\/tags?post=35813"}],"curies":[{"name":"wp","href":"https:\/\/api.w.org\/{rel}","templated":true}]}}