{"id":35809,"date":"2021-10-08T11:56:26","date_gmt":"2021-10-08T09:56:26","guid":{"rendered":"https:\/\/www.revistarambla.com\/?p=35809"},"modified":"2021-10-08T11:56:26","modified_gmt":"2021-10-08T09:56:26","slug":"la-gingivitis-y-periodontitis-son-dos-de-las-enfermedades-mas-comunes-en-la-poblacion","status":"publish","type":"post","link":"https:\/\/www.revistarambla.com\/en\/la-gingivitis-y-periodontitis-son-dos-de-las-enfermedades-mas-comunes-en-la-poblacion\/","title":{"rendered":"La gingivitis y periodontitis son dos de las enfermedades m\u00e1s comunes en la poblaci\u00f3n"},"content":{"rendered":"<p><img decoding=\"async\" class=\"aligncenter wp-image-35811 size-full\" src=\"https:\/\/www.revistarambla.com\/wp-content\/uploads\/2021\/10\/enfermedad-encias-1.jpg\" alt=\"\" width=\"800\" height=\"500\" srcset=\"https:\/\/www.revistarambla.com\/wp-content\/uploads\/2021\/10\/enfermedad-encias-1.jpg 800w, https:\/\/www.revistarambla.com\/wp-content\/uploads\/2021\/10\/enfermedad-encias-1-300x188.jpg 300w, https:\/\/www.revistarambla.com\/wp-content\/uploads\/2021\/10\/enfermedad-encias-1-768x480.jpg 768w\" sizes=\"(max-width: 800px) 100vw, 800px\" \/><\/p>\n<p>La enfermedad de las enc\u00edas, tambi\u00e9n llamada enfermedad periodontal, es un problema muy extendido en la poblaci\u00f3n y puede tener un impacto terrible sobre la salud. Por ejemplo, se ha demostrado su relaci\u00f3n con algunas enfermedades card\u00edacas.<\/p>\n<p>Los colegios de odont\u00f3logos espa\u00f1oles afirman que uno de cada dos adultos tiene alguna forma de enfermedad periodontal. Es una cifra preocupante y, por desgracia, los ni\u00f1os tambi\u00e9n son susceptibles.<\/p>\n<p>Sin embargo, la enfermedad de las enc\u00edas puede tratarse y, a\u00fan mejor, puede prevenirse.<\/p>\n<h2>\u00bfQu\u00e9 es la enfermedad de las enc\u00edas?<\/h2>\n<p>Todos tenemos bacterias en la boca. Estas bacterias crecen y forman una placa que, si no se elimina, acaba formando sarro. En las primeras fases de la enfermedad, ciertos tipos de bacterias hacen que las enc\u00edas se enrojezcan, se hinchen y sangren con facilidad, especialmente cuando se cepillan los dientes. Esta etapa se denomina gingivitis, que es la inflamaci\u00f3n de las enc\u00edas, y en este momento no se ha producido ning\u00fan da\u00f1o permanente. Las visitas peri\u00f3dicas al dentista y los buenos h\u00e1bitos de higiene bucal en casa pueden revertir el proceso en esta fase.<\/p>\n<p>Si la gingivitis no se trata, puede evolucionar hacia la periodontitis, lo que significa que las enc\u00edas que rodean los dientes se han infectado. En esta etapa, la placa crece por debajo de la l\u00ednea de las enc\u00edas y hace que la capa interna de la enc\u00eda y el hueso se separen de los dientes y formen bolsas. Estas bolsas recogen las part\u00edculas de comida y permiten que crezca m\u00e1s placa y se convierta en sarro, entonces el tejido circundante puede infectarse. A medida que aumenta la p\u00e9rdida de hueso y tejido gingival, ser\u00e1 necesario someterse a <strong><a href=\"https:\/\/www.clinicadentalsedi.es\/tratamientos-dentales-toledo\/periodoncia-toledo\/cirugia-periodontal-encias\/\">cirug\u00eda periodontal<\/a><\/strong> o los dientes comenzar\u00e1n a sentirse sueltos y, finalmente, se perder\u00e1n.<\/p>\n<h2>\u00bfC\u00f3mo saber si se tiene una enfermedad de las enc\u00edas?<\/h2>\n<p>La enfermedad periodontal puede ser indolora, con pocos signos de advertencia, y puede afectar s\u00f3lo a unos pocos dientes, o a todos ellos. Sus s\u00edntomas pueden comenzar con enc\u00edas que sangran al cepillarse los dientes o si est\u00e1n sensibles, rojas o hinchadas. El mal aliento o mal sabor de boca que no desaparece, el dolor al masticar y la sensibilidad dental tambi\u00e9n pueden ser se\u00f1ales de advertencia. Con el tiempo, se observar\u00e1 una retracci\u00f3n de las enc\u00edas y el crecimiento de bolsas entre los dientes y las enc\u00edas. Los s\u00edntomas de la \u00faltima etapa incluyen dientes flojos, cambios en la forma en que los dientes encajan al morder e incluso pus visible alrededor de los dientes y en las enc\u00edas.<\/p>\n<h2>\u00bfQui\u00e9n puede padecer la enfermedad de las enc\u00edas?<\/h2>\n<p>Cualquiera puede padecer una enfermedad de las enc\u00edas, incluso los ni\u00f1os. Aunque la acumulaci\u00f3n de placa es la causa principal, hay otros factores que pueden contribuir a la enfermedad periodontal. Una mala higiene bucal conduce a la acumulaci\u00f3n de placa, lo que aumenta en gran medida el riesgo de padecer una enfermedad de las enc\u00edas. Sin embargo, los dientes mal alineados que son dif\u00edciles de limpiar correctamente, los empastes defectuosos e incluso el estr\u00e9s tambi\u00e9n pueden aumentar el riesgo. Fumar dificulta la reparaci\u00f3n del tejido de las enc\u00edas, lo que hace que se infecten m\u00e1s f\u00e1cilmente. Otros elementos que est\u00e1n fuera de nuestro control, como la gen\u00e9tica, tambi\u00e9n intervienen. Algunos medicamentos aumentan el riesgo de padecer enfermedades de las enc\u00edas porque afectan negativamente a la salud bucodental al provocar un crecimiento anormal del tejido gingival o al disminuir la producci\u00f3n de saliva, lo que reduce su capacidad para proteger los dientes y las enc\u00edas. Otro factor de riesgo son los cambios hormonales provocados por el embarazo, la menopausia, la menstruaci\u00f3n y la pubertad. Estos cambios hormonales hacen que tus enc\u00edas sean m\u00e1s sensibles, permitiendo que la gingivitis se desarrolle m\u00e1s f\u00e1cilmente.<\/p>\n<p>Dado que los ni\u00f1os pueden ser susceptibles de padecer enfermedades de las enc\u00edas, es importante llevarlos a las limpiezas dentales peri\u00f3dicas y ense\u00f1arles buenos h\u00e1bitos de salud bucal, como la forma correcta de cepillarse los dientes. Cuando los ni\u00f1os llegan a la pubertad, los cambios hormonales en su cuerpo aumentan el riesgo de desarrollar gingivitis, especialmente en aquellos que tienen una mala higiene dental.<\/p>\n<h2>Prevenci\u00f3n y tratamiento de la enfermedad de las enc\u00edas<\/h2>\n<p>La gran noticia sobre esta enfermedad en particular es que hay muchas medidas que se pueden tomar para prevenirla. El primer paso es cuidar la higiene dental, cepill\u00e1ndose dos veces y utilizando el hilo dental una vez al d\u00eda. Las limpiezas dentales peri\u00f3dicas son importantes para la salud bucodental, y tambi\u00e9n es una buena idea consultar a un dentista experto en <a href=\"https:\/\/www.clinicadentalsedi.es\/tratamientos-dentales-toledo\/periodoncia-toledo\/\"><strong>periodoncia<\/strong><\/a> si se tienen dientes torcidos que sean dif\u00edciles de mantener limpios, ya que eso aumenta el riesgo de padecerla.<\/p>\n<p>Si crees que tienes enfermedad de las enc\u00edas, es importante que acudas a tu dentista lo antes posible. Cuanto antes comiences el tratamiento, m\u00e1s f\u00e1cil ser\u00e1 su curaci\u00f3n. En las primeras fases de la gingivitis, una limpieza profesional junto con el mantenimiento de los buenos h\u00e1bitos de higiene bucal puede ser suficiente para revertir el proceso. Los enjuagues bucales antibacterianos tambi\u00e9n pueden ayudar a reducir las bacterias causantes de la placa.<\/p>\n<p>Si es necesario eliminar la placa o el sarro de debajo de las enc\u00edas, tu dentista realizar\u00e1 un procedimiento de limpieza llamado raspado. Tras emplear anestesia local, el dentista raspar\u00e1 toda la placa y el sarro de tus dientes. El alisado radicular puede acompa\u00f1ar a este tratamiento, para alisar las zonas \u00e1speras de la ra\u00edz del diente, con el fin de eliminar las bacterias y permitir que las enc\u00edas vuelvan a adherirse a una superficie limpia.<\/p>\n<p>Si sospechas que tienes este problema, es vital que tomes medidas inmediatas para revertir el proceso. Aunque es una enfermedad cr\u00f3nica para muchas personas, se puede curar con un tratamiento adecuado y una buena higiene dental. Mejor a\u00fan, toma medidas para prevenirla con limpiezas dentales peri\u00f3dicas y cuidando tus dientes mediante una buena nutrici\u00f3n y h\u00e1bitos de higiene bucal.<\/p>","protected":false},"excerpt":{"rendered":"<p>La enfermedad de las enc\u00edas, tambi\u00e9n llamada enfermedad periodontal, es un problema muy extendido en la poblaci\u00f3n y puede tener un impacto terrible sobre la salud. Por ejemplo, se ha demostrado su relaci\u00f3n con algunas enfermedades card\u00edacas. Los colegios de odont\u00f3logos espa\u00f1oles afirman que uno de cada dos adultos tiene [&hellip;]<\/p>\n","protected":false},"author":3,"featured_media":35810,"comment_status":"open","ping_status":"open","sticky":false,"template":"","format":"standard","meta":{"footnotes":""},"categories":[350],"tags":[],"class_list":["post-35809","post","type-post","status-publish","format-standard","has-post-thumbnail","hentry","category-miscelanea"],"yoast_head":"<!-- This site is optimized with the Yoast SEO plugin v27.5 - https:\/\/yoast.com\/product\/yoast-seo-wordpress\/ -->\n<title>La gingivitis y periodontitis son dos de las enfermedades m\u00e1s comunes en la poblaci\u00f3n - Revista Rambla<\/title>\n<meta name=\"robots\" content=\"index, follow, max-snippet:-1, max-image-preview:large, max-video-preview:-1\" \/>\n<link rel=\"canonical\" href=\"https:\/\/www.revistarambla.com\/en\/la-gingivitis-y-periodontitis-son-dos-de-las-enfermedades-mas-comunes-en-la-poblacion\/\" \/>\n<meta property=\"og:locale\" content=\"en_GB\" \/>\n<meta property=\"og:type\" content=\"article\" \/>\n<meta property=\"og:title\" content=\"La gingivitis y periodontitis son dos de las enfermedades m\u00e1s comunes en la poblaci\u00f3n - Revista Rambla\" \/>\n<meta property=\"og:description\" content=\"La enfermedad de las enc\u00edas, tambi\u00e9n llamada enfermedad periodontal, es un problema muy extendido en la poblaci\u00f3n y puede tener un impacto terrible sobre la salud. Por ejemplo, se ha demostrado su relaci\u00f3n con algunas enfermedades card\u00edacas. Los colegios de odont\u00f3logos espa\u00f1oles afirman que uno de cada dos adultos tiene [&hellip;]\" \/>\n<meta property=\"og:url\" content=\"https:\/\/www.revistarambla.com\/en\/la-gingivitis-y-periodontitis-son-dos-de-las-enfermedades-mas-comunes-en-la-poblacion\/\" \/>\n<meta property=\"og:site_name\" content=\"Revista Rambla\" \/>\n<meta property=\"article:publisher\" content=\"https:\/\/www.facebook.com\/revistarambla\/\" \/>\n<meta property=\"article:author\" content=\"https:\/\/www.facebook.com\/revistarambla\" \/>\n<meta property=\"article:published_time\" content=\"2021-10-08T09:56:26+00:00\" \/>\n<meta property=\"og:image\" content=\"https:\/\/i0.wp.com\/www.revistarambla.com\/wp-content\/uploads\/2021\/10\/enfermedad-encias.jpg?fit=800%2C500&ssl=1\" \/>\n\t<meta property=\"og:image:width\" content=\"800\" \/>\n\t<meta property=\"og:image:height\" content=\"500\" \/>\n\t<meta property=\"og:image:type\" content=\"image\/jpeg\" \/>\n<meta name=\"author\" content=\"R@mbla\" \/>\n<meta name=\"twitter:card\" content=\"summary_large_image\" \/>\n<meta name=\"twitter:creator\" content=\"@revistarambla\" \/>\n<meta name=\"twitter:site\" content=\"@revistarambla\" \/>\n<meta name=\"twitter:label1\" content=\"Written by\" \/>\n\t<meta name=\"twitter:data1\" content=\"R@mbla\" \/>\n\t<meta name=\"twitter:label2\" content=\"Estimated reading time\" \/>\n\t<meta name=\"twitter:data2\" content=\"5 minutes\" \/>\n<script type=\"application\/ld+json\" class=\"yoast-schema-graph\">{\"@context\":\"https:\\\/\\\/schema.org\",\"@graph\":[{\"@type\":\"Article\",\"@id\":\"https:\\\/\\\/www.revistarambla.com\\\/la-gingivitis-y-periodontitis-son-dos-de-las-enfermedades-mas-comunes-en-la-poblacion\\\/#article\",\"isPartOf\":{\"@id\":\"https:\\\/\\\/www.revistarambla.com\\\/la-gingivitis-y-periodontitis-son-dos-de-las-enfermedades-mas-comunes-en-la-poblacion\\\/\"},\"author\":{\"name\":\"R@mbla\",\"@id\":\"https:\\\/\\\/www.revistarambla.com\\\/#\\\/schema\\\/person\\\/a146a5a2550b94981a75131180e1bd9c\"},\"headline\":\"La gingivitis y periodontitis son dos de las enfermedades m\u00e1s comunes en la poblaci\u00f3n\",\"datePublished\":\"2021-10-08T09:56:26+00:00\",\"mainEntityOfPage\":{\"@id\":\"https:\\\/\\\/www.revistarambla.com\\\/la-gingivitis-y-periodontitis-son-dos-de-las-enfermedades-mas-comunes-en-la-poblacion\\\/\"},\"wordCount\":1092,\"commentCount\":0,\"publisher\":{\"@id\":\"https:\\\/\\\/www.revistarambla.com\\\/#organization\"},\"image\":{\"@id\":\"https:\\\/\\\/www.revistarambla.com\\\/la-gingivitis-y-periodontitis-son-dos-de-las-enfermedades-mas-comunes-en-la-poblacion\\\/#primaryimage\"},\"thumbnailUrl\":\"https:\\\/\\\/www.revistarambla.com\\\/wp-content\\\/uploads\\\/2021\\\/10\\\/enfermedad-encias.jpg\",\"articleSection\":[\"Noticias de la vida\"],\"inLanguage\":\"en-GB\",\"potentialAction\":[{\"@type\":\"CommentAction\",\"name\":\"Comment\",\"target\":[\"https:\\\/\\\/www.revistarambla.com\\\/la-gingivitis-y-periodontitis-son-dos-de-las-enfermedades-mas-comunes-en-la-poblacion\\\/#respond\"]}]},{\"@type\":\"WebPage\",\"@id\":\"https:\\\/\\\/www.revistarambla.com\\\/la-gingivitis-y-periodontitis-son-dos-de-las-enfermedades-mas-comunes-en-la-poblacion\\\/\",\"url\":\"https:\\\/\\\/www.revistarambla.com\\\/la-gingivitis-y-periodontitis-son-dos-de-las-enfermedades-mas-comunes-en-la-poblacion\\\/\",\"name\":\"La gingivitis y periodontitis son dos de las enfermedades m\u00e1s comunes en la poblaci\u00f3n - Revista Rambla\",\"isPartOf\":{\"@id\":\"https:\\\/\\\/www.revistarambla.com\\\/#website\"},\"primaryImageOfPage\":{\"@id\":\"https:\\\/\\\/www.revistarambla.com\\\/la-gingivitis-y-periodontitis-son-dos-de-las-enfermedades-mas-comunes-en-la-poblacion\\\/#primaryimage\"},\"image\":{\"@id\":\"https:\\\/\\\/www.revistarambla.com\\\/la-gingivitis-y-periodontitis-son-dos-de-las-enfermedades-mas-comunes-en-la-poblacion\\\/#primaryimage\"},\"thumbnailUrl\":\"https:\\\/\\\/www.revistarambla.com\\\/wp-content\\\/uploads\\\/2021\\\/10\\\/enfermedad-encias.jpg\",\"datePublished\":\"2021-10-08T09:56:26+00:00\",\"breadcrumb\":{\"@id\":\"https:\\\/\\\/www.revistarambla.com\\\/la-gingivitis-y-periodontitis-son-dos-de-las-enfermedades-mas-comunes-en-la-poblacion\\\/#breadcrumb\"},\"inLanguage\":\"en-GB\",\"potentialAction\":[{\"@type\":\"ReadAction\",\"target\":[\"https:\\\/\\\/www.revistarambla.com\\\/la-gingivitis-y-periodontitis-son-dos-de-las-enfermedades-mas-comunes-en-la-poblacion\\\/\"]}]},{\"@type\":\"ImageObject\",\"inLanguage\":\"en-GB\",\"@id\":\"https:\\\/\\\/www.revistarambla.com\\\/la-gingivitis-y-periodontitis-son-dos-de-las-enfermedades-mas-comunes-en-la-poblacion\\\/#primaryimage\",\"url\":\"https:\\\/\\\/www.revistarambla.com\\\/wp-content\\\/uploads\\\/2021\\\/10\\\/enfermedad-encias.jpg\",\"contentUrl\":\"https:\\\/\\\/www.revistarambla.com\\\/wp-content\\\/uploads\\\/2021\\\/10\\\/enfermedad-encias.jpg\",\"width\":800,\"height\":500},{\"@type\":\"BreadcrumbList\",\"@id\":\"https:\\\/\\\/www.revistarambla.com\\\/la-gingivitis-y-periodontitis-son-dos-de-las-enfermedades-mas-comunes-en-la-poblacion\\\/#breadcrumb\",\"itemListElement\":[{\"@type\":\"ListItem\",\"position\":1,\"name\":\"Portada\",\"item\":\"https:\\\/\\\/www.revistarambla.com\\\/\"},{\"@type\":\"ListItem\",\"position\":2,\"name\":\"La gingivitis y periodontitis son dos de las enfermedades m\u00e1s comunes en la poblaci\u00f3n\"}]},{\"@type\":\"WebSite\",\"@id\":\"https:\\\/\\\/www.revistarambla.com\\\/#website\",\"url\":\"https:\\\/\\\/www.revistarambla.com\\\/\",\"name\":\"Revista Rambla Barcelona\",\"description\":\"Periodismo independiente\",\"publisher\":{\"@id\":\"https:\\\/\\\/www.revistarambla.com\\\/#organization\"},\"potentialAction\":[{\"@type\":\"SearchAction\",\"target\":{\"@type\":\"EntryPoint\",\"urlTemplate\":\"https:\\\/\\\/www.revistarambla.com\\\/?s={search_term_string}\"},\"query-input\":{\"@type\":\"PropertyValueSpecification\",\"valueRequired\":true,\"valueName\":\"search_term_string\"}}],\"inLanguage\":\"en-GB\"},{\"@type\":\"Organization\",\"@id\":\"https:\\\/\\\/www.revistarambla.com\\\/#organization\",\"name\":\"Revista Rambla\",\"url\":\"https:\\\/\\\/www.revistarambla.com\\\/\",\"logo\":{\"@type\":\"ImageObject\",\"inLanguage\":\"en-GB\",\"@id\":\"https:\\\/\\\/www.revistarambla.com\\\/#\\\/schema\\\/logo\\\/image\\\/\",\"url\":\"https:\\\/\\\/www.revistarambla.com\\\/wp-content\\\/uploads\\\/2020\\\/09\\\/banner_rambla_1900x600_BB.png\",\"contentUrl\":\"https:\\\/\\\/www.revistarambla.com\\\/wp-content\\\/uploads\\\/2020\\\/09\\\/banner_rambla_1900x600_BB.png\",\"width\":1900,\"height\":600,\"caption\":\"Revista Rambla\"},\"image\":{\"@id\":\"https:\\\/\\\/www.revistarambla.com\\\/#\\\/schema\\\/logo\\\/image\\\/\"},\"sameAs\":[\"https:\\\/\\\/www.facebook.com\\\/revistarambla\\\/\",\"https:\\\/\\\/x.com\\\/revistarambla\",\"https:\\\/\\\/www.instagram.com\\\/revista_rambla\",\"https:\\\/\\\/es.linkedin.com\\\/company\\\/revista-rambla\"]},{\"@type\":\"Person\",\"@id\":\"https:\\\/\\\/www.revistarambla.com\\\/#\\\/schema\\\/person\\\/a146a5a2550b94981a75131180e1bd9c\",\"name\":\"R@mbla\",\"description\":\"Este art\u00edculo ha sido redactado y\\\/o validado por el equipo de redacci\u00f3n de Revista Rambla.\",\"sameAs\":[\"https:\\\/\\\/www.revistarambla.com\\\/\",\"https:\\\/\\\/www.facebook.com\\\/revistarambla\",\"https:\\\/\\\/x.com\\\/revistarambla\"]}]}<\/script>\n<!-- \/ Yoast SEO plugin. -->","yoast_head_json":{"title":"La gingivitis y periodontitis son dos de las enfermedades m\u00e1s comunes en la poblaci\u00f3n - Revista Rambla","robots":{"index":"index","follow":"follow","max-snippet":"max-snippet:-1","max-image-preview":"max-image-preview:large","max-video-preview":"max-video-preview:-1"},"canonical":"https:\/\/www.revistarambla.com\/en\/la-gingivitis-y-periodontitis-son-dos-de-las-enfermedades-mas-comunes-en-la-poblacion\/","og_locale":"en_GB","og_type":"article","og_title":"La gingivitis y periodontitis son dos de las enfermedades m\u00e1s comunes en la poblaci\u00f3n - Revista Rambla","og_description":"La enfermedad de las enc\u00edas, tambi\u00e9n llamada enfermedad periodontal, es un problema muy extendido en la poblaci\u00f3n y puede tener un impacto terrible sobre la salud. Por ejemplo, se ha demostrado su relaci\u00f3n con algunas enfermedades card\u00edacas. Los colegios de odont\u00f3logos espa\u00f1oles afirman que uno de cada dos adultos tiene [&hellip;]","og_url":"https:\/\/www.revistarambla.com\/en\/la-gingivitis-y-periodontitis-son-dos-de-las-enfermedades-mas-comunes-en-la-poblacion\/","og_site_name":"Revista Rambla","article_publisher":"https:\/\/www.facebook.com\/revistarambla\/","article_author":"https:\/\/www.facebook.com\/revistarambla","article_published_time":"2021-10-08T09:56:26+00:00","og_image":[{"width":800,"height":500,"url":"https:\/\/i0.wp.com\/www.revistarambla.com\/wp-content\/uploads\/2021\/10\/enfermedad-encias.jpg?fit=800%2C500&ssl=1","type":"image\/jpeg"}],"author":"R@mbla","twitter_card":"summary_large_image","twitter_creator":"@revistarambla","twitter_site":"@revistarambla","twitter_misc":{"Written by":"R@mbla","Estimated reading time":"5 minutes"},"schema":{"@context":"https:\/\/schema.org","@graph":[{"@type":"Article","@id":"https:\/\/www.revistarambla.com\/la-gingivitis-y-periodontitis-son-dos-de-las-enfermedades-mas-comunes-en-la-poblacion\/#article","isPartOf":{"@id":"https:\/\/www.revistarambla.com\/la-gingivitis-y-periodontitis-son-dos-de-las-enfermedades-mas-comunes-en-la-poblacion\/"},"author":{"name":"R@mbla","@id":"https:\/\/www.revistarambla.com\/#\/schema\/person\/a146a5a2550b94981a75131180e1bd9c"},"headline":"La gingivitis y periodontitis son dos de las enfermedades m\u00e1s comunes en la poblaci\u00f3n","datePublished":"2021-10-08T09:56:26+00:00","mainEntityOfPage":{"@id":"https:\/\/www.revistarambla.com\/la-gingivitis-y-periodontitis-son-dos-de-las-enfermedades-mas-comunes-en-la-poblacion\/"},"wordCount":1092,"commentCount":0,"publisher":{"@id":"https:\/\/www.revistarambla.com\/#organization"},"image":{"@id":"https:\/\/www.revistarambla.com\/la-gingivitis-y-periodontitis-son-dos-de-las-enfermedades-mas-comunes-en-la-poblacion\/#primaryimage"},"thumbnailUrl":"https:\/\/www.revistarambla.com\/wp-content\/uploads\/2021\/10\/enfermedad-encias.jpg","articleSection":["Noticias de la vida"],"inLanguage":"en-GB","potentialAction":[{"@type":"CommentAction","name":"Comment","target":["https:\/\/www.revistarambla.com\/la-gingivitis-y-periodontitis-son-dos-de-las-enfermedades-mas-comunes-en-la-poblacion\/#respond"]}]},{"@type":"WebPage","@id":"https:\/\/www.revistarambla.com\/la-gingivitis-y-periodontitis-son-dos-de-las-enfermedades-mas-comunes-en-la-poblacion\/","url":"https:\/\/www.revistarambla.com\/la-gingivitis-y-periodontitis-son-dos-de-las-enfermedades-mas-comunes-en-la-poblacion\/","name":"La gingivitis y periodontitis son dos de las enfermedades m\u00e1s comunes en la poblaci\u00f3n - Revista Rambla","isPartOf":{"@id":"https:\/\/www.revistarambla.com\/#website"},"primaryImageOfPage":{"@id":"https:\/\/www.revistarambla.com\/la-gingivitis-y-periodontitis-son-dos-de-las-enfermedades-mas-comunes-en-la-poblacion\/#primaryimage"},"image":{"@id":"https:\/\/www.revistarambla.com\/la-gingivitis-y-periodontitis-son-dos-de-las-enfermedades-mas-comunes-en-la-poblacion\/#primaryimage"},"thumbnailUrl":"https:\/\/www.revistarambla.com\/wp-content\/uploads\/2021\/10\/enfermedad-encias.jpg","datePublished":"2021-10-08T09:56:26+00:00","breadcrumb":{"@id":"https:\/\/www.revistarambla.com\/la-gingivitis-y-periodontitis-son-dos-de-las-enfermedades-mas-comunes-en-la-poblacion\/#breadcrumb"},"inLanguage":"en-GB","potentialAction":[{"@type":"ReadAction","target":["https:\/\/www.revistarambla.com\/la-gingivitis-y-periodontitis-son-dos-de-las-enfermedades-mas-comunes-en-la-poblacion\/"]}]},{"@type":"ImageObject","inLanguage":"en-GB","@id":"https:\/\/www.revistarambla.com\/la-gingivitis-y-periodontitis-son-dos-de-las-enfermedades-mas-comunes-en-la-poblacion\/#primaryimage","url":"https:\/\/www.revistarambla.com\/wp-content\/uploads\/2021\/10\/enfermedad-encias.jpg","contentUrl":"https:\/\/www.revistarambla.com\/wp-content\/uploads\/2021\/10\/enfermedad-encias.jpg","width":800,"height":500},{"@type":"BreadcrumbList","@id":"https:\/\/www.revistarambla.com\/la-gingivitis-y-periodontitis-son-dos-de-las-enfermedades-mas-comunes-en-la-poblacion\/#breadcrumb","itemListElement":[{"@type":"ListItem","position":1,"name":"Portada","item":"https:\/\/www.revistarambla.com\/"},{"@type":"ListItem","position":2,"name":"La gingivitis y periodontitis son dos de las enfermedades m\u00e1s comunes en la poblaci\u00f3n"}]},{"@type":"WebSite","@id":"https:\/\/www.revistarambla.com\/#website","url":"https:\/\/www.revistarambla.com\/","name":"Revista Rambla Barcelona","description":"Periodismo independiente","publisher":{"@id":"https:\/\/www.revistarambla.com\/#organization"},"potentialAction":[{"@type":"SearchAction","target":{"@type":"EntryPoint","urlTemplate":"https:\/\/www.revistarambla.com\/?s={search_term_string}"},"query-input":{"@type":"PropertyValueSpecification","valueRequired":true,"valueName":"search_term_string"}}],"inLanguage":"en-GB"},{"@type":"Organization","@id":"https:\/\/www.revistarambla.com\/#organization","name":"Revista Rambla","url":"https:\/\/www.revistarambla.com\/","logo":{"@type":"ImageObject","inLanguage":"en-GB","@id":"https:\/\/www.revistarambla.com\/#\/schema\/logo\/image\/","url":"https:\/\/www.revistarambla.com\/wp-content\/uploads\/2020\/09\/banner_rambla_1900x600_BB.png","contentUrl":"https:\/\/www.revistarambla.com\/wp-content\/uploads\/2020\/09\/banner_rambla_1900x600_BB.png","width":1900,"height":600,"caption":"Revista Rambla"},"image":{"@id":"https:\/\/www.revistarambla.com\/#\/schema\/logo\/image\/"},"sameAs":["https:\/\/www.facebook.com\/revistarambla\/","https:\/\/x.com\/revistarambla","https:\/\/www.instagram.com\/revista_rambla","https:\/\/es.linkedin.com\/company\/revista-rambla"]},{"@type":"Person","@id":"https:\/\/www.revistarambla.com\/#\/schema\/person\/a146a5a2550b94981a75131180e1bd9c","name":"R@mbla","description":"Este art\u00edculo ha sido redactado y\/o validado por el equipo de redacci\u00f3n de Revista Rambla.","sameAs":["https:\/\/www.revistarambla.com\/","https:\/\/www.facebook.com\/revistarambla","https:\/\/x.com\/revistarambla"]}]}},"_links":{"self":[{"href":"https:\/\/www.revistarambla.com\/en\/wp-json\/wp\/v2\/posts\/35809","targetHints":{"allow":["GET"]}}],"collection":[{"href":"https:\/\/www.revistarambla.com\/en\/wp-json\/wp\/v2\/posts"}],"about":[{"href":"https:\/\/www.revistarambla.com\/en\/wp-json\/wp\/v2\/types\/post"}],"author":[{"embeddable":true,"href":"https:\/\/www.revistarambla.com\/en\/wp-json\/wp\/v2\/users\/3"}],"replies":[{"embeddable":true,"href":"https:\/\/www.revistarambla.com\/en\/wp-json\/wp\/v2\/comments?post=35809"}],"version-history":[{"count":0,"href":"https:\/\/www.revistarambla.com\/en\/wp-json\/wp\/v2\/posts\/35809\/revisions"}],"wp:featuredmedia":[{"embeddable":true,"href":"https:\/\/www.revistarambla.com\/en\/wp-json\/wp\/v2\/media\/35810"}],"wp:attachment":[{"href":"https:\/\/www.revistarambla.com\/en\/wp-json\/wp\/v2\/media?parent=35809"}],"wp:term":[{"taxonomy":"category","embeddable":true,"href":"https:\/\/www.revistarambla.com\/en\/wp-json\/wp\/v2\/categories?post=35809"},{"taxonomy":"post_tag","embeddable":true,"href":"https:\/\/www.revistarambla.com\/en\/wp-json\/wp\/v2\/tags?post=35809"}],"curies":[{"name":"wp","href":"https:\/\/api.w.org\/{rel}","templated":true}]}}