{"id":3579,"date":"2013-06-19T05:45:40","date_gmt":"2013-06-19T05:45:40","guid":{"rendered":"https:\/\/www.revistarambla.com\/homenaje-a-andreu-nin-en-el-parlament\/"},"modified":"2022-07-09T12:50:58","modified_gmt":"2022-07-09T10:50:58","slug":"homenaje-a-andreu-nin-en-el-parlament","status":"publish","type":"post","link":"https:\/\/www.revistarambla.com\/en\/homenaje-a-andreu-nin-en-el-parlament\/","title":{"rendered":"Homenaje a Andreu Nin en el Parlament"},"content":{"rendered":"<p>Con un aforo repleto tuvo lugar el pasado lunes d\u00eda 17 de junio el homenaje a Andreu Nin en el Parlament de Catalunya. Dio la bienvenida a los asistentes la presidenta del Parlament, N\u00faria de Gispert, que record\u00f3 que Nin fue conseller de Justicia de la Generalitat Republicana un corto periodo de tiempo, a finales de 1936, con el gobierno de Josep Tarradellas. Nin, como conseller, implant\u00f3 la mayor\u00eda de edad a los 18 a\u00f1os y nombr\u00f3 a la primera\u00a0y \u00fanica jueza que tuvo Catalu\u00f1a hasta 1975. Luego tom\u00f3 la palabra Teresa Carbonell, presidenta de la Fundaci\u00f3n Andreu Nin, que tras dar las gracias por este acto \u2013dijo- de \u201creparaci\u00f3n hist\u00f3rica\u201d salud\u00f3 muy especialmente a los veteranos luchadores antifascistas y militantes del POUM hist\u00f3rico presentes en el acto, como Teresa Rebull (pionera de la \u201cNova can\u00e7\u00f3\u201d) o Josep Mar\u00eda Moratalla, ambos de 95 a\u00f1os, saludos que ven\u00edan de otra veterana luchadora, la propia Teresa Carbonell, de 87 a\u00f1os. Carbonell agradeci\u00f3 al diputado David Companyon, militante del Partido Obrero Revolucionario (POR), que forma parte de ICV-EUiA, que fuera el instigador del homenaje y que, como acto simb\u00f3lico, pusiera un retrato de Andreu Nin en su despacho. Carbonell apunt\u00f3 la vigencia de los ideales revolucionarios en la actual crisis: \u201cLas crisis, como los movimientos nacionales, tambi\u00e9n son revolucionarias, las crisis necesitan una salida, y esta salida es el cambio\u201d.<\/p>\n<p><img decoding=\"async\" class=\"aligncenter\" src=\"https:\/\/www.revistarambla.com\/wp-content\/uploads\/2013\/06\/AndreuNin7.jpg\" alt=\"alt\" width=\"700\" height=\"448\" \/><\/p>\n<p>El historiador Pelai Pag\u00e9s ley\u00f3 una conferencia titulada \u201cNin, una vida al servicio de la emancipaci\u00f3n social y nacional\u201d, donde dio un repaso a la biograf\u00eda vital y pol\u00edtica del dirigente trotskista \u2013aunque Trotski mantuvo fuertes divergencias con Nin y POUM &#8211; que lleg\u00f3 a ser Secretario General de la CNT, sustituyendo a\u00a0 Evelio Boal, que hab\u00eda sido asesinado. Nin tambi\u00e9n fue diputado al Soviet de Mosc\u00fa y dirigente de la Internacional Comunista. Pag\u00e9s recorri\u00f3 las diferentes facetas de Nin, como periodista, sindicalista, maestro, revolucionario, activista del movimiento obrero y su labor como intelectual, ya que como traductor, por ejemplo, tradujo al catal\u00e1n \u201cCrimen y castigo\u201d de Dostoievski, entre otros cl\u00e1sicos rusos. El historiador nos habl\u00f3 de un art\u00edculo de Nin, descubierto hace apenas dos a\u00f1os, que iba dirigido al p\u00fablico sovi\u00e9tico y cuyo t\u00edtulo es: \u201cLa cuesti\u00f3n nacional a Espa\u00f1a, el problema catal\u00e1n\u201d, de actual vigencia.<\/p>\n<p>El acto sigui\u00f3 con las intervenciones de los representantes de los partidos y sindicatos presentes. Tomaron la palabra Oriol Amor\u00f3s (ERC); Maurici Lucena (PSC); Joan Herrera (ICV-EUiA); Qim Arrufat (CUP); Joan Carles Gallego (CC.OO.); Josep M. \u00c1lvarez (UGT); Emili Cortavitarte (CGT); Joan Josep Nuet (PCC), Alfred Clemente (PSUC Viu); Francesc Matas (POR); Andreu Coll (Revolta Global); J. Llu\u00eds del Alc\u00e1zar (Lluita Internacionalista) y Joel Sans (En Lluita). El acto termin\u00f3 con un parlamento de Mart\u00ed Carnicer, actual alcalde de El Vendrell (Tarragona), poblaci\u00f3n que vio nacer a Andreu Nin en 1892, hijo de un zapatero y una campesina.<\/p>","protected":false},"excerpt":{"rendered":"<p>Al cumplirse el 76 aniversario del asesinato de Andreu Nin, el hist\u00f3rico fundador del Partido Obrero de Unificaci\u00f3n Marxista (POUM), la Fundaci\u00f3n que lleva su nombre y los grupos parlamentarios de ERC, PSC, ICV-EUiA, CUP y diversas organizaciones y sindicatos, celebraron un acto homenaje en el recinto del Parlament de Catalunya.<\/p>","protected":false},"author":3,"featured_media":0,"comment_status":"open","ping_status":"open","sticky":false,"template":"","format":"standard","meta":{"footnotes":""},"categories":[59],"tags":[],"class_list":["post-3579","post","type-post","status-publish","format-standard","hentry","category-catalunya"],"yoast_head":"<!-- This site is optimized with the Yoast SEO plugin v27.5 - https:\/\/yoast.com\/product\/yoast-seo-wordpress\/ -->\n<title>Homenaje a Andreu Nin en el Parlament - Revista Rambla<\/title>\n<meta name=\"robots\" content=\"index, follow, max-snippet:-1, max-image-preview:large, max-video-preview:-1\" \/>\n<link rel=\"canonical\" href=\"https:\/\/www.revistarambla.com\/en\/homenaje-a-andreu-nin-en-el-parlament\/\" \/>\n<meta property=\"og:locale\" content=\"en_GB\" \/>\n<meta property=\"og:type\" content=\"article\" \/>\n<meta property=\"og:title\" content=\"Homenaje a Andreu Nin en el Parlament - Revista Rambla\" \/>\n<meta property=\"og:description\" content=\"Al cumplirse el 76 aniversario del asesinato de Andreu Nin, el hist\u00f3rico fundador del Partido Obrero de Unificaci\u00f3n Marxista (POUM), la Fundaci\u00f3n que lleva su nombre y los grupos parlamentarios de ERC, PSC, ICV-EUiA, CUP y diversas organizaciones y sindicatos, celebraron un acto homenaje en el recinto del Parlament de Catalunya.\" \/>\n<meta property=\"og:url\" content=\"https:\/\/www.revistarambla.com\/en\/homenaje-a-andreu-nin-en-el-parlament\/\" \/>\n<meta property=\"og:site_name\" content=\"Revista Rambla\" \/>\n<meta property=\"article:publisher\" content=\"https:\/\/www.facebook.com\/revistarambla\/\" \/>\n<meta property=\"article:author\" content=\"https:\/\/www.facebook.com\/revistarambla\" \/>\n<meta property=\"article:published_time\" content=\"2013-06-19T05:45:40+00:00\" \/>\n<meta property=\"article:modified_time\" content=\"2022-07-09T10:50:58+00:00\" \/>\n<meta property=\"og:image\" content=\"https:\/\/www.revistarambla.com\/wp-content\/uploads\/2013\/06\/AndreuNin1.jpg\" \/>\n\t<meta property=\"og:image:width\" content=\"682\" \/>\n\t<meta property=\"og:image:height\" content=\"450\" \/>\n\t<meta property=\"og:image:type\" content=\"image\/jpeg\" \/>\n<meta name=\"author\" content=\"R@mbla\" \/>\n<meta name=\"twitter:card\" content=\"summary_large_image\" \/>\n<meta name=\"twitter:creator\" content=\"@revistarambla\" \/>\n<meta name=\"twitter:site\" content=\"@revistarambla\" \/>\n<meta name=\"twitter:label1\" content=\"Written by\" \/>\n\t<meta name=\"twitter:data1\" content=\"R@mbla\" \/>\n\t<meta name=\"twitter:label2\" content=\"Estimated reading time\" \/>\n\t<meta name=\"twitter:data2\" content=\"3 minutes\" \/>\n<script type=\"application\/ld+json\" class=\"yoast-schema-graph\">{\"@context\":\"https:\\\/\\\/schema.org\",\"@graph\":[{\"@type\":\"Article\",\"@id\":\"https:\\\/\\\/www.revistarambla.com\\\/homenaje-a-andreu-nin-en-el-parlament\\\/#article\",\"isPartOf\":{\"@id\":\"https:\\\/\\\/www.revistarambla.com\\\/homenaje-a-andreu-nin-en-el-parlament\\\/\"},\"author\":{\"name\":\"R@mbla\",\"@id\":\"https:\\\/\\\/www.revistarambla.com\\\/#\\\/schema\\\/person\\\/a146a5a2550b94981a75131180e1bd9c\"},\"headline\":\"Homenaje a Andreu Nin en el Parlament\",\"datePublished\":\"2013-06-19T05:45:40+00:00\",\"dateModified\":\"2022-07-09T10:50:58+00:00\",\"mainEntityOfPage\":{\"@id\":\"https:\\\/\\\/www.revistarambla.com\\\/homenaje-a-andreu-nin-en-el-parlament\\\/\"},\"wordCount\":510,\"commentCount\":0,\"publisher\":{\"@id\":\"https:\\\/\\\/www.revistarambla.com\\\/#organization\"},\"image\":{\"@id\":\"https:\\\/\\\/www.revistarambla.com\\\/homenaje-a-andreu-nin-en-el-parlament\\\/#primaryimage\"},\"thumbnailUrl\":\"https:\\\/\\\/www.revistarambla.com\\\/wp-content\\\/uploads\\\/2013\\\/06\\\/AndreuNin7.jpg\",\"articleSection\":[\"Catalunya\"],\"inLanguage\":\"en-GB\",\"potentialAction\":[{\"@type\":\"CommentAction\",\"name\":\"Comment\",\"target\":[\"https:\\\/\\\/www.revistarambla.com\\\/homenaje-a-andreu-nin-en-el-parlament\\\/#respond\"]}]},{\"@type\":\"WebPage\",\"@id\":\"https:\\\/\\\/www.revistarambla.com\\\/homenaje-a-andreu-nin-en-el-parlament\\\/\",\"url\":\"https:\\\/\\\/www.revistarambla.com\\\/homenaje-a-andreu-nin-en-el-parlament\\\/\",\"name\":\"Homenaje a Andreu Nin en el Parlament - Revista Rambla\",\"isPartOf\":{\"@id\":\"https:\\\/\\\/www.revistarambla.com\\\/#website\"},\"primaryImageOfPage\":{\"@id\":\"https:\\\/\\\/www.revistarambla.com\\\/homenaje-a-andreu-nin-en-el-parlament\\\/#primaryimage\"},\"image\":{\"@id\":\"https:\\\/\\\/www.revistarambla.com\\\/homenaje-a-andreu-nin-en-el-parlament\\\/#primaryimage\"},\"thumbnailUrl\":\"https:\\\/\\\/www.revistarambla.com\\\/wp-content\\\/uploads\\\/2013\\\/06\\\/AndreuNin7.jpg\",\"datePublished\":\"2013-06-19T05:45:40+00:00\",\"dateModified\":\"2022-07-09T10:50:58+00:00\",\"breadcrumb\":{\"@id\":\"https:\\\/\\\/www.revistarambla.com\\\/homenaje-a-andreu-nin-en-el-parlament\\\/#breadcrumb\"},\"inLanguage\":\"en-GB\",\"potentialAction\":[{\"@type\":\"ReadAction\",\"target\":[\"https:\\\/\\\/www.revistarambla.com\\\/homenaje-a-andreu-nin-en-el-parlament\\\/\"]}]},{\"@type\":\"ImageObject\",\"inLanguage\":\"en-GB\",\"@id\":\"https:\\\/\\\/www.revistarambla.com\\\/homenaje-a-andreu-nin-en-el-parlament\\\/#primaryimage\",\"url\":\"https:\\\/\\\/www.revistarambla.com\\\/wp-content\\\/uploads\\\/2013\\\/06\\\/AndreuNin7.jpg\",\"contentUrl\":\"https:\\\/\\\/www.revistarambla.com\\\/wp-content\\\/uploads\\\/2013\\\/06\\\/AndreuNin7.jpg\"},{\"@type\":\"BreadcrumbList\",\"@id\":\"https:\\\/\\\/www.revistarambla.com\\\/homenaje-a-andreu-nin-en-el-parlament\\\/#breadcrumb\",\"itemListElement\":[{\"@type\":\"ListItem\",\"position\":1,\"name\":\"Portada\",\"item\":\"https:\\\/\\\/www.revistarambla.com\\\/\"},{\"@type\":\"ListItem\",\"position\":2,\"name\":\"Homenaje a Andreu Nin en el Parlament\"}]},{\"@type\":\"WebSite\",\"@id\":\"https:\\\/\\\/www.revistarambla.com\\\/#website\",\"url\":\"https:\\\/\\\/www.revistarambla.com\\\/\",\"name\":\"Revista Rambla Barcelona\",\"description\":\"Periodismo independiente\",\"publisher\":{\"@id\":\"https:\\\/\\\/www.revistarambla.com\\\/#organization\"},\"potentialAction\":[{\"@type\":\"SearchAction\",\"target\":{\"@type\":\"EntryPoint\",\"urlTemplate\":\"https:\\\/\\\/www.revistarambla.com\\\/?s={search_term_string}\"},\"query-input\":{\"@type\":\"PropertyValueSpecification\",\"valueRequired\":true,\"valueName\":\"search_term_string\"}}],\"inLanguage\":\"en-GB\"},{\"@type\":\"Organization\",\"@id\":\"https:\\\/\\\/www.revistarambla.com\\\/#organization\",\"name\":\"Revista Rambla\",\"url\":\"https:\\\/\\\/www.revistarambla.com\\\/\",\"logo\":{\"@type\":\"ImageObject\",\"inLanguage\":\"en-GB\",\"@id\":\"https:\\\/\\\/www.revistarambla.com\\\/#\\\/schema\\\/logo\\\/image\\\/\",\"url\":\"https:\\\/\\\/www.revistarambla.com\\\/wp-content\\\/uploads\\\/2020\\\/09\\\/banner_rambla_1900x600_BB.png\",\"contentUrl\":\"https:\\\/\\\/www.revistarambla.com\\\/wp-content\\\/uploads\\\/2020\\\/09\\\/banner_rambla_1900x600_BB.png\",\"width\":1900,\"height\":600,\"caption\":\"Revista Rambla\"},\"image\":{\"@id\":\"https:\\\/\\\/www.revistarambla.com\\\/#\\\/schema\\\/logo\\\/image\\\/\"},\"sameAs\":[\"https:\\\/\\\/www.facebook.com\\\/revistarambla\\\/\",\"https:\\\/\\\/x.com\\\/revistarambla\",\"https:\\\/\\\/www.instagram.com\\\/revista_rambla\",\"https:\\\/\\\/es.linkedin.com\\\/company\\\/revista-rambla\"]},{\"@type\":\"Person\",\"@id\":\"https:\\\/\\\/www.revistarambla.com\\\/#\\\/schema\\\/person\\\/a146a5a2550b94981a75131180e1bd9c\",\"name\":\"R@mbla\",\"description\":\"Este art\u00edculo ha sido redactado y\\\/o validado por el equipo de redacci\u00f3n de Revista Rambla.\",\"sameAs\":[\"https:\\\/\\\/www.revistarambla.com\\\/\",\"https:\\\/\\\/www.facebook.com\\\/revistarambla\",\"https:\\\/\\\/x.com\\\/revistarambla\"]}]}<\/script>\n<!-- \/ Yoast SEO plugin. -->","yoast_head_json":{"title":"Homenaje a Andreu Nin en el Parlament - Revista Rambla","robots":{"index":"index","follow":"follow","max-snippet":"max-snippet:-1","max-image-preview":"max-image-preview:large","max-video-preview":"max-video-preview:-1"},"canonical":"https:\/\/www.revistarambla.com\/en\/homenaje-a-andreu-nin-en-el-parlament\/","og_locale":"en_GB","og_type":"article","og_title":"Homenaje a Andreu Nin en el Parlament - Revista Rambla","og_description":"Al cumplirse el 76 aniversario del asesinato de Andreu Nin, el hist\u00f3rico fundador del Partido Obrero de Unificaci\u00f3n Marxista (POUM), la Fundaci\u00f3n que lleva su nombre y los grupos parlamentarios de ERC, PSC, ICV-EUiA, CUP y diversas organizaciones y sindicatos, celebraron un acto homenaje en el recinto del Parlament de Catalunya.","og_url":"https:\/\/www.revistarambla.com\/en\/homenaje-a-andreu-nin-en-el-parlament\/","og_site_name":"Revista Rambla","article_publisher":"https:\/\/www.facebook.com\/revistarambla\/","article_author":"https:\/\/www.facebook.com\/revistarambla","article_published_time":"2013-06-19T05:45:40+00:00","article_modified_time":"2022-07-09T10:50:58+00:00","og_image":[{"width":682,"height":450,"url":"https:\/\/www.revistarambla.com\/wp-content\/uploads\/2013\/06\/AndreuNin1.jpg","type":"image\/jpeg"}],"author":"R@mbla","twitter_card":"summary_large_image","twitter_creator":"@revistarambla","twitter_site":"@revistarambla","twitter_misc":{"Written by":"R@mbla","Estimated reading time":"3 minutes"},"schema":{"@context":"https:\/\/schema.org","@graph":[{"@type":"Article","@id":"https:\/\/www.revistarambla.com\/homenaje-a-andreu-nin-en-el-parlament\/#article","isPartOf":{"@id":"https:\/\/www.revistarambla.com\/homenaje-a-andreu-nin-en-el-parlament\/"},"author":{"name":"R@mbla","@id":"https:\/\/www.revistarambla.com\/#\/schema\/person\/a146a5a2550b94981a75131180e1bd9c"},"headline":"Homenaje a Andreu Nin en el Parlament","datePublished":"2013-06-19T05:45:40+00:00","dateModified":"2022-07-09T10:50:58+00:00","mainEntityOfPage":{"@id":"https:\/\/www.revistarambla.com\/homenaje-a-andreu-nin-en-el-parlament\/"},"wordCount":510,"commentCount":0,"publisher":{"@id":"https:\/\/www.revistarambla.com\/#organization"},"image":{"@id":"https:\/\/www.revistarambla.com\/homenaje-a-andreu-nin-en-el-parlament\/#primaryimage"},"thumbnailUrl":"https:\/\/www.revistarambla.com\/wp-content\/uploads\/2013\/06\/AndreuNin7.jpg","articleSection":["Catalunya"],"inLanguage":"en-GB","potentialAction":[{"@type":"CommentAction","name":"Comment","target":["https:\/\/www.revistarambla.com\/homenaje-a-andreu-nin-en-el-parlament\/#respond"]}]},{"@type":"WebPage","@id":"https:\/\/www.revistarambla.com\/homenaje-a-andreu-nin-en-el-parlament\/","url":"https:\/\/www.revistarambla.com\/homenaje-a-andreu-nin-en-el-parlament\/","name":"Homenaje a Andreu Nin en el Parlament - Revista Rambla","isPartOf":{"@id":"https:\/\/www.revistarambla.com\/#website"},"primaryImageOfPage":{"@id":"https:\/\/www.revistarambla.com\/homenaje-a-andreu-nin-en-el-parlament\/#primaryimage"},"image":{"@id":"https:\/\/www.revistarambla.com\/homenaje-a-andreu-nin-en-el-parlament\/#primaryimage"},"thumbnailUrl":"https:\/\/www.revistarambla.com\/wp-content\/uploads\/2013\/06\/AndreuNin7.jpg","datePublished":"2013-06-19T05:45:40+00:00","dateModified":"2022-07-09T10:50:58+00:00","breadcrumb":{"@id":"https:\/\/www.revistarambla.com\/homenaje-a-andreu-nin-en-el-parlament\/#breadcrumb"},"inLanguage":"en-GB","potentialAction":[{"@type":"ReadAction","target":["https:\/\/www.revistarambla.com\/homenaje-a-andreu-nin-en-el-parlament\/"]}]},{"@type":"ImageObject","inLanguage":"en-GB","@id":"https:\/\/www.revistarambla.com\/homenaje-a-andreu-nin-en-el-parlament\/#primaryimage","url":"https:\/\/www.revistarambla.com\/wp-content\/uploads\/2013\/06\/AndreuNin7.jpg","contentUrl":"https:\/\/www.revistarambla.com\/wp-content\/uploads\/2013\/06\/AndreuNin7.jpg"},{"@type":"BreadcrumbList","@id":"https:\/\/www.revistarambla.com\/homenaje-a-andreu-nin-en-el-parlament\/#breadcrumb","itemListElement":[{"@type":"ListItem","position":1,"name":"Portada","item":"https:\/\/www.revistarambla.com\/"},{"@type":"ListItem","position":2,"name":"Homenaje a Andreu Nin en el Parlament"}]},{"@type":"WebSite","@id":"https:\/\/www.revistarambla.com\/#website","url":"https:\/\/www.revistarambla.com\/","name":"Revista Rambla Barcelona","description":"Periodismo independiente","publisher":{"@id":"https:\/\/www.revistarambla.com\/#organization"},"potentialAction":[{"@type":"SearchAction","target":{"@type":"EntryPoint","urlTemplate":"https:\/\/www.revistarambla.com\/?s={search_term_string}"},"query-input":{"@type":"PropertyValueSpecification","valueRequired":true,"valueName":"search_term_string"}}],"inLanguage":"en-GB"},{"@type":"Organization","@id":"https:\/\/www.revistarambla.com\/#organization","name":"Revista Rambla","url":"https:\/\/www.revistarambla.com\/","logo":{"@type":"ImageObject","inLanguage":"en-GB","@id":"https:\/\/www.revistarambla.com\/#\/schema\/logo\/image\/","url":"https:\/\/www.revistarambla.com\/wp-content\/uploads\/2020\/09\/banner_rambla_1900x600_BB.png","contentUrl":"https:\/\/www.revistarambla.com\/wp-content\/uploads\/2020\/09\/banner_rambla_1900x600_BB.png","width":1900,"height":600,"caption":"Revista Rambla"},"image":{"@id":"https:\/\/www.revistarambla.com\/#\/schema\/logo\/image\/"},"sameAs":["https:\/\/www.facebook.com\/revistarambla\/","https:\/\/x.com\/revistarambla","https:\/\/www.instagram.com\/revista_rambla","https:\/\/es.linkedin.com\/company\/revista-rambla"]},{"@type":"Person","@id":"https:\/\/www.revistarambla.com\/#\/schema\/person\/a146a5a2550b94981a75131180e1bd9c","name":"R@mbla","description":"Este art\u00edculo ha sido redactado y\/o validado por el equipo de redacci\u00f3n de Revista Rambla.","sameAs":["https:\/\/www.revistarambla.com\/","https:\/\/www.facebook.com\/revistarambla","https:\/\/x.com\/revistarambla"]}]}},"_links":{"self":[{"href":"https:\/\/www.revistarambla.com\/en\/wp-json\/wp\/v2\/posts\/3579","targetHints":{"allow":["GET"]}}],"collection":[{"href":"https:\/\/www.revistarambla.com\/en\/wp-json\/wp\/v2\/posts"}],"about":[{"href":"https:\/\/www.revistarambla.com\/en\/wp-json\/wp\/v2\/types\/post"}],"author":[{"embeddable":true,"href":"https:\/\/www.revistarambla.com\/en\/wp-json\/wp\/v2\/users\/3"}],"replies":[{"embeddable":true,"href":"https:\/\/www.revistarambla.com\/en\/wp-json\/wp\/v2\/comments?post=3579"}],"version-history":[{"count":2,"href":"https:\/\/www.revistarambla.com\/en\/wp-json\/wp\/v2\/posts\/3579\/revisions"}],"predecessor-version":[{"id":44085,"href":"https:\/\/www.revistarambla.com\/en\/wp-json\/wp\/v2\/posts\/3579\/revisions\/44085"}],"wp:attachment":[{"href":"https:\/\/www.revistarambla.com\/en\/wp-json\/wp\/v2\/media?parent=3579"}],"wp:term":[{"taxonomy":"category","embeddable":true,"href":"https:\/\/www.revistarambla.com\/en\/wp-json\/wp\/v2\/categories?post=3579"},{"taxonomy":"post_tag","embeddable":true,"href":"https:\/\/www.revistarambla.com\/en\/wp-json\/wp\/v2\/tags?post=3579"}],"curies":[{"name":"wp","href":"https:\/\/api.w.org\/{rel}","templated":true}]}}