{"id":35758,"date":"2021-10-06T17:34:38","date_gmt":"2021-10-06T15:34:38","guid":{"rendered":"https:\/\/www.revistarambla.com\/?p=35758"},"modified":"2025-01-23T21:40:37","modified_gmt":"2025-01-23T20:40:37","slug":"por-la-boca-muere-el-pez","status":"publish","type":"post","link":"https:\/\/www.revistarambla.com\/en\/por-la-boca-muere-el-pez\/","title":{"rendered":"Por la boca muere el pez"},"content":{"rendered":"<p style=\"text-align: left;\" align=\"JUSTIFY\"><img decoding=\"async\" class=\"alignright wp-image-35759 size-full\" src=\"https:\/\/www.revistarambla.com\/wp-content\/uploads\/2021\/10\/bando.png\" alt=\"\" width=\"250\" height=\"333\" srcset=\"https:\/\/www.revistarambla.com\/wp-content\/uploads\/2021\/10\/bando.png 250w, https:\/\/www.revistarambla.com\/wp-content\/uploads\/2021\/10\/bando-225x300.png 225w\" sizes=\"(max-width: 250px) 100vw, 250px\" \/>En boca cerrada no entran moscas, reza el adagio popular. As\u00ed, la casta pol\u00edtica, de alta cuna o baja cama, deber\u00eda <a href=\"https:\/\/honrad.blogspot.com\/2016\/11\/del-arte-de-callarse_20.html\">hablar y escribir menos<\/a> para que no le ocurra lo que a la bella, tentadora y lozana hembra de la an\u00e9cdota que cuenta P\u00e9rez-Reverte en uno de sus interesantes textos dominicales. En una cafeter\u00eda, un apuesto caballero la cubri\u00f3 de caricias verbales y, ante su reserva y su pertinaz silencio, el caballero le rog\u00f3 encarecidamente: <span lang=\"es-ES\">\u201c<\/span><span lang=\"es-ES\">Resp\u00f3ndame, por favor. D\u00edgame algo<\/span><span lang=\"es-ES\">\u201d<\/span><span lang=\"es-ES\">.<\/span><span lang=\"es-ES\"> A lo que la Eva tentadora y de carnes prietas le respondi\u00f3: <\/span><span lang=\"es-ES\">\u201c\u00bfPa qu\u00e9? \u00bfPa cagal-la?<\/span><span lang=\"es-ES\">\u201d. <\/span><\/p>\n<p style=\"text-align: left;\" align=\"JUSTIFY\">Esto es lo que le ha pasado al an\u00f3nimo autor de un bando de la Junta Vecinal de Alamagarinos. Un d\u00eda de mediados de agosto, a eso de las 4 de la tarde, el alcalde ped\u00e1neo se person\u00f3 en la p\u00e9rgola de la plaza del Parlamento, sita enfrente del <a href=\"https:\/\/honrad.blogspot.com\/2018\/09\/elogio-y-defensa-del-bar-del-pueblo_22.html\">\u00fanico bar del pueblo, el Bar Gon\u00e7alves<\/a>. En su diestra, bland\u00eda la espada de un bando de la Junta Vecinal, que crucific\u00f3, nunca mejor dicho, con un solo clavo en la p\u00e9rgola (cf. mensaje ic\u00f3nico, \u201cci-dessus\u201d). El bando de marras, <a href=\"http:\/\/vegamediapress.com\/art\/21998\/no-hagas-hoy-lo-que-puedes-hacer-manana\">como he escrito en otro lugar<\/a>, \u201cda la medida no s\u00f3lo de la deficiente competencia ling\u00fc\u00edstica, cultural e intelectual sino de la falta de convicciones democr\u00e1ticas del an\u00f3nimo redactor\u201d. Y esto es as\u00ed tanto por la expresi\u00f3n o forma como por el contenido del mismo, como vamos a analizar \u201cinfra\u201d.<\/p>\n<h3 style=\"text-align: left;\">La forma<\/h3>\n<p style=\"text-align: left;\" align=\"JUSTIFY\">Seg\u00fan el \u00edncipit y el \u00e9xcipit, el precitado bando era un \u201cBando de la Junta Vecinal\u201d, junta que est\u00e1 compuesta por tres personas. En realidad, se trataba de un bando del Presidente de la misma. En efecto, cuando uno de los miembros tuvo conocimiento del contenido del bando, mont\u00f3 en c\u00f3lera y exigi\u00f3 al ped\u00e1neo que retirara el descerebrado, absurdo y deslavazado bando. Y \u00e9ste, que hab\u00eda ido a por lana y sali\u00f3 trasquilado, tuvo que morder el polvo: \u201cillico\u201d, lo tuvo que descolgar y bajarlo, como un Jes\u00fas de Nazaret, del \u201cmadero\u201d de la p\u00e9rgola. Y, del bando nunca m\u00e1s se supo. Por lo tanto, podr\u00eda decirse que la correcci\u00f3n pol\u00edtica y democr\u00e1tica no forma parte del bagaje del ped\u00e1neo \u201ccrucificador\u201d.<\/p>\n<p style=\"text-align: left;\" align=\"JUSTIFY\">Por lo que respecta a la correcci\u00f3n ling\u00fc\u00edstica, en todos los niveles del lenguaje (l\u00e9xico, puntuaci\u00f3n, ortograf\u00eda, estructuraci\u00f3n), hay que constatar que el bando deja much\u00edsimo que desear y con sus posaderas ling\u00fc\u00edsticas fl\u00e1cidas al aire al an\u00f3nimo autor del mismo.<\/p>\n<p style=\"text-align: left;\" align=\"JUSTIFY\">Por un lado, se hace un uso impropio de palabras, cuyo significado ignora el escribidor del bando. Sin \u00e1nimo de ser exhaustivo, tilda de \u201cconductas inc\u00edvicas\u201d el comportamiento veraniego de los ni\u00f1os. Y yo me pregunto: \u00bfQue los ni\u00f1os est\u00e9n y jueguen por las calles o en el atrio de la iglesia, que consuman pipas y chucher\u00edas en los espacios p\u00fablicos son \u201cconductas inc\u00edvicas\u201d o lo propio de la edad y del contexto veraniego en el que se encuentran? Creo que el escribano del bando podr\u00eda tener demencia senil y ha olvidado lo que \u00e9l hac\u00eda cuando era ni\u00f1o. Adem\u00e1s, al escribir \u201crallantes\u201d, el escribiente confunde los verbos \u201crallar\u201d (desmenuzar algo restreg\u00e1ndolo contra un utensilio met\u00e1lico con agujeros de borde saliente) y \u201crayar\u201d (lindar con algo o estar pr\u00f3ximo a algo). Por otro lado, utiliza el t\u00e9rmino de \u201cvandalismo\u201d (devastaci\u00f3n, destrucci\u00f3n, realizaci\u00f3n de acciones propias de gente salvaje y destructiva) para describir los inocentes y angelicales actos de los ni\u00f1os. \u00c9stos ni se han comportado como salvajes ni han devastado o destruido nada en el pueblo\u2026 Y as\u00ed hasta el final del breve bando: mala utilizaci\u00f3n de la lengua de Cervantes.<\/p>\n<p style=\"text-align: left;\" align=\"JUSTIFY\">Igualmente, como sucede tambi\u00e9n con la ortograf\u00eda, el uso de los signos de puntuaci\u00f3n brilla por su ausencia o no es correcto. Y sin embargo, su uso adecuado es necesario si queremos hacernos comprender y que nadie nos haga decir lo que no decimos. Por ejemplo, el significado de estas dos frases es muy diferente: \u201c\u00a1Os quiero, joder!\u201d vs. \u201c\u00a1Os quiero joder!\u201d En el primer caso, gracias a la coma, \u201cjoder\u201d juega el papel de una interjecci\u00f3n, que verbaliza un sentimiento de cari\u00f1o. En el segundo caso, \u201cjoder\u201d es un verbo que denota el deseo de ayuntamiento carnal. De ah\u00ed que el uso y el buen uso de la puntuaci\u00f3n sean fundamentales en el comercio ling\u00fc\u00edstico escrito.<\/p>\n<h3 style=\"text-align: left;\">El contenido<\/h3>\n<p style=\"text-align: left;\" align=\"JUSTIFY\">Desde el punto de vista de las denotaciones o connotaciones sem\u00e1nticas, el precitado bando es tambi\u00e9n inaceptable y denota la catadura autoritaria y prepotente del an\u00f3nimo autor. Para \u00e9ste, es tan grave lo que ha pasado en Almagarinos, que \u201cse proceder\u00e1 a la solicitud de auxilio necesario\u201d (\u00bfa la polic\u00eda nacional o a la guardia civil o a los GEOS o a los agentes del CNI o a los cascos azules de la OTAN, &#8230;?) para identificar a los ni\u00f1os v\u00e1ndalos (?). Y, no s\u00f3lo esto. Tambi\u00e9n se anuncian las \u201cposteriores actuaciones que procedan\u201d (\u00bfpor lo civil o por lo penal o por lo de mediopensionista?). Lo dicho: el bando, del alfa a la omega, es todo un desprop\u00f3sito, que descalifica, bajo cualquier punto de vista, a su an\u00f3nimo autor. No se pueden matar moscas a ca\u00f1onazos o, como escribi\u00f3 Victor Hugo en <em>Los Miserables<\/em>, \u201cn\u2019appliquons pas la flamme l\u00e0 o\u00f9 la lumi\u00e8re suffit\u201d.<\/p>\n<h3 style=\"text-align: left;\">\u00c9xcipit<\/h3>\n<p style=\"text-align: left;\" align=\"JUSTIFY\">El bando de marras no tiene ni pies ni cabeza, tanto desde el punto de vista de la forma como del contenido. Ahora bien, el uso y buen uso de la palabra o del lenguaje son el instrumento de trabajo de ciertas profesiones (profesores, periodistas, jueces,\u2026 y tambi\u00e9n pol\u00edticos). Por eso, no se pueden ejercer estas profesiones o realizar ciertas actividades cuando la competencia ling\u00fc\u00edstica de estos profesionales tiene m\u00e1s agujeros que un queso gruyer. Demasiados pol\u00edticos, de alta cuna o de baja cama (y el bando de la Junta Vecinal de Almagarinos lo ratifica), son como el \u201cmaestro ciruela\u201d, que no sab\u00eda leer ni escribir y puso escuela.<\/p>\n<p style=\"text-align: left;\" align=\"JUSTIFY\">En efecto, con sus comportamientos ling\u00fc\u00edsticos, los de la casta pol\u00edtica, de alta cuna o de baja cama, cometen los tres graves errores de los que habla el Abate Dinouart en su Arte de callar: 1. \u201cdemasiadas veces, se escribe o se habla mal\u201d; 2. \u201cfrecuentemente, se escribe o se habla demasiado\u201d; y 3. \u201cno siempre se escribe o se habla bastante\u201d, cuando la situaci\u00f3n lo exige. Por eso, para no utilizar la palabra o la pluma en vano y sin fundamento, el an\u00f3nimo escribidor del bando de la Junta Vecinal de Almagarinos y, en general, los de la casta pol\u00edtica deber\u00edan aplicar el consejo dado, en un relato suf\u00ed, por un mul\u00e1 a su hijo:<span lang=\"es-ES\"> \u201c<\/span><span lang=\"es-ES\">si hemos nacido con dos ojos, dos orejas y una lengua, deber\u00edamos ver y o\u00edr dos veces antes de hablar<\/span><span lang=\"es-ES\">\u201d.\u00a0Como dice la paremia popular, en boca cerrada no entran moscas. Y si los de la casta pol\u00edtica siguen pontificando sin ton ni son, habr\u00e1 que enjaretarles el \u201c\u00bf<\/span><span lang=\"es-ES\">por qu\u00e9 no te callas?<\/span><span lang=\"es-ES\">\u201d del rey em\u00e9rito a <\/span><span lang=\"es-ES\">Hugo Ch\u00e1vez<\/span><span lang=\"es-ES\">.<\/span><\/p>\n<p style=\"text-align: left;\" align=\"JUSTIFY\"><span lang=\"es-ES\"><a href=\"http:\/\/www.honrad.blogspot.com\/\">www.honrad.blogspot.com<\/a> <\/span><\/p>","protected":false},"excerpt":{"rendered":"<p>En boca cerrada no entran moscas, reza el adagio popular. As\u00ed, la casta pol\u00edtica, de alta cuna o baja cama, deber\u00eda hablar y escribir menos para que no le ocurra lo que a la bella, tentadora y lozana hembra de la an\u00e9cdota que cuenta P\u00e9rez-Reverte en uno de sus interesantes [&hellip;]<\/p>\n","protected":false},"author":17,"featured_media":35759,"comment_status":"open","ping_status":"open","sticky":false,"template":"","format":"standard","meta":{"footnotes":""},"categories":[4114],"tags":[],"class_list":["post-35758","post","type-post","status-publish","format-standard","has-post-thumbnail","hentry","category-cantando-las-verdades"],"yoast_head":"<!-- This site is optimized with the Yoast SEO plugin v27.5 - https:\/\/yoast.com\/product\/yoast-seo-wordpress\/ -->\n<title>Por la boca muere el pez - Revista Rambla<\/title>\n<meta name=\"robots\" content=\"index, follow, max-snippet:-1, max-image-preview:large, max-video-preview:-1\" \/>\n<link rel=\"canonical\" href=\"https:\/\/www.revistarambla.com\/en\/por-la-boca-muere-el-pez\/\" \/>\n<meta property=\"og:locale\" content=\"en_GB\" \/>\n<meta property=\"og:type\" content=\"article\" \/>\n<meta property=\"og:title\" content=\"Por la boca muere el pez - Revista Rambla\" \/>\n<meta property=\"og:description\" content=\"En boca cerrada no entran moscas, reza el adagio popular. As\u00ed, la casta pol\u00edtica, de alta cuna o baja cama, deber\u00eda hablar y escribir menos para que no le ocurra lo que a la bella, tentadora y lozana hembra de la an\u00e9cdota que cuenta P\u00e9rez-Reverte en uno de sus interesantes [&hellip;]\" \/>\n<meta property=\"og:url\" content=\"https:\/\/www.revistarambla.com\/en\/por-la-boca-muere-el-pez\/\" \/>\n<meta property=\"og:site_name\" content=\"Revista Rambla\" \/>\n<meta property=\"article:publisher\" content=\"https:\/\/www.facebook.com\/revistarambla\/\" \/>\n<meta property=\"article:author\" content=\"https:\/\/www.facebook.com\/manuelignacio.cabezasgonzalez\" \/>\n<meta property=\"article:published_time\" content=\"2021-10-06T15:34:38+00:00\" \/>\n<meta property=\"article:modified_time\" content=\"2025-01-23T20:40:37+00:00\" \/>\n<meta property=\"og:image\" content=\"https:\/\/www.revistarambla.com\/wp-content\/uploads\/2021\/10\/bando.png\" \/>\n\t<meta property=\"og:image:width\" content=\"250\" \/>\n\t<meta property=\"og:image:height\" content=\"333\" \/>\n\t<meta property=\"og:image:type\" content=\"image\/png\" \/>\n<meta name=\"author\" content=\"Manuel Ignacio Cabezas Gonz\u00e1lez\" \/>\n<meta name=\"twitter:card\" content=\"summary_large_image\" \/>\n<meta name=\"twitter:creator\" content=\"@ManuelICabezas\" \/>\n<meta name=\"twitter:site\" content=\"@revistarambla\" \/>\n<meta name=\"twitter:label1\" content=\"Written by\" \/>\n\t<meta name=\"twitter:data1\" content=\"Manuel Ignacio Cabezas Gonz\u00e1lez\" \/>\n\t<meta name=\"twitter:label2\" content=\"Estimated reading time\" \/>\n\t<meta name=\"twitter:data2\" content=\"6 minutes\" \/>\n<script type=\"application\/ld+json\" class=\"yoast-schema-graph\">{\"@context\":\"https:\\\/\\\/schema.org\",\"@graph\":[{\"@type\":\"Article\",\"@id\":\"https:\\\/\\\/www.revistarambla.com\\\/por-la-boca-muere-el-pez\\\/#article\",\"isPartOf\":{\"@id\":\"https:\\\/\\\/www.revistarambla.com\\\/por-la-boca-muere-el-pez\\\/\"},\"author\":{\"name\":\"Manuel Ignacio Cabezas Gonz\u00e1lez\",\"@id\":\"https:\\\/\\\/www.revistarambla.com\\\/#\\\/schema\\\/person\\\/3d71c575842522757de7f4f9c9b40215\"},\"headline\":\"Por la boca muere el pez\",\"datePublished\":\"2021-10-06T15:34:38+00:00\",\"dateModified\":\"2025-01-23T20:40:37+00:00\",\"mainEntityOfPage\":{\"@id\":\"https:\\\/\\\/www.revistarambla.com\\\/por-la-boca-muere-el-pez\\\/\"},\"wordCount\":1253,\"commentCount\":0,\"publisher\":{\"@id\":\"https:\\\/\\\/www.revistarambla.com\\\/#organization\"},\"image\":{\"@id\":\"https:\\\/\\\/www.revistarambla.com\\\/por-la-boca-muere-el-pez\\\/#primaryimage\"},\"thumbnailUrl\":\"https:\\\/\\\/www.revistarambla.com\\\/wp-content\\\/uploads\\\/2021\\\/10\\\/bando.png\",\"articleSection\":[\"Cantando las verdades\"],\"inLanguage\":\"en-GB\",\"potentialAction\":[{\"@type\":\"CommentAction\",\"name\":\"Comment\",\"target\":[\"https:\\\/\\\/www.revistarambla.com\\\/por-la-boca-muere-el-pez\\\/#respond\"]}]},{\"@type\":\"WebPage\",\"@id\":\"https:\\\/\\\/www.revistarambla.com\\\/por-la-boca-muere-el-pez\\\/\",\"url\":\"https:\\\/\\\/www.revistarambla.com\\\/por-la-boca-muere-el-pez\\\/\",\"name\":\"Por la boca muere el pez - Revista Rambla\",\"isPartOf\":{\"@id\":\"https:\\\/\\\/www.revistarambla.com\\\/#website\"},\"primaryImageOfPage\":{\"@id\":\"https:\\\/\\\/www.revistarambla.com\\\/por-la-boca-muere-el-pez\\\/#primaryimage\"},\"image\":{\"@id\":\"https:\\\/\\\/www.revistarambla.com\\\/por-la-boca-muere-el-pez\\\/#primaryimage\"},\"thumbnailUrl\":\"https:\\\/\\\/www.revistarambla.com\\\/wp-content\\\/uploads\\\/2021\\\/10\\\/bando.png\",\"datePublished\":\"2021-10-06T15:34:38+00:00\",\"dateModified\":\"2025-01-23T20:40:37+00:00\",\"breadcrumb\":{\"@id\":\"https:\\\/\\\/www.revistarambla.com\\\/por-la-boca-muere-el-pez\\\/#breadcrumb\"},\"inLanguage\":\"en-GB\",\"potentialAction\":[{\"@type\":\"ReadAction\",\"target\":[\"https:\\\/\\\/www.revistarambla.com\\\/por-la-boca-muere-el-pez\\\/\"]}]},{\"@type\":\"ImageObject\",\"inLanguage\":\"en-GB\",\"@id\":\"https:\\\/\\\/www.revistarambla.com\\\/por-la-boca-muere-el-pez\\\/#primaryimage\",\"url\":\"https:\\\/\\\/www.revistarambla.com\\\/wp-content\\\/uploads\\\/2021\\\/10\\\/bando.png\",\"contentUrl\":\"https:\\\/\\\/www.revistarambla.com\\\/wp-content\\\/uploads\\\/2021\\\/10\\\/bando.png\",\"width\":250,\"height\":333},{\"@type\":\"BreadcrumbList\",\"@id\":\"https:\\\/\\\/www.revistarambla.com\\\/por-la-boca-muere-el-pez\\\/#breadcrumb\",\"itemListElement\":[{\"@type\":\"ListItem\",\"position\":1,\"name\":\"Portada\",\"item\":\"https:\\\/\\\/www.revistarambla.com\\\/\"},{\"@type\":\"ListItem\",\"position\":2,\"name\":\"Por la boca muere el pez\"}]},{\"@type\":\"WebSite\",\"@id\":\"https:\\\/\\\/www.revistarambla.com\\\/#website\",\"url\":\"https:\\\/\\\/www.revistarambla.com\\\/\",\"name\":\"Revista Rambla Barcelona\",\"description\":\"Periodismo independiente\",\"publisher\":{\"@id\":\"https:\\\/\\\/www.revistarambla.com\\\/#organization\"},\"potentialAction\":[{\"@type\":\"SearchAction\",\"target\":{\"@type\":\"EntryPoint\",\"urlTemplate\":\"https:\\\/\\\/www.revistarambla.com\\\/?s={search_term_string}\"},\"query-input\":{\"@type\":\"PropertyValueSpecification\",\"valueRequired\":true,\"valueName\":\"search_term_string\"}}],\"inLanguage\":\"en-GB\"},{\"@type\":\"Organization\",\"@id\":\"https:\\\/\\\/www.revistarambla.com\\\/#organization\",\"name\":\"Revista Rambla\",\"url\":\"https:\\\/\\\/www.revistarambla.com\\\/\",\"logo\":{\"@type\":\"ImageObject\",\"inLanguage\":\"en-GB\",\"@id\":\"https:\\\/\\\/www.revistarambla.com\\\/#\\\/schema\\\/logo\\\/image\\\/\",\"url\":\"https:\\\/\\\/www.revistarambla.com\\\/wp-content\\\/uploads\\\/2020\\\/09\\\/banner_rambla_1900x600_BB.png\",\"contentUrl\":\"https:\\\/\\\/www.revistarambla.com\\\/wp-content\\\/uploads\\\/2020\\\/09\\\/banner_rambla_1900x600_BB.png\",\"width\":1900,\"height\":600,\"caption\":\"Revista Rambla\"},\"image\":{\"@id\":\"https:\\\/\\\/www.revistarambla.com\\\/#\\\/schema\\\/logo\\\/image\\\/\"},\"sameAs\":[\"https:\\\/\\\/www.facebook.com\\\/revistarambla\\\/\",\"https:\\\/\\\/x.com\\\/revistarambla\",\"https:\\\/\\\/www.instagram.com\\\/revista_rambla\",\"https:\\\/\\\/es.linkedin.com\\\/company\\\/revista-rambla\"]},{\"@type\":\"Person\",\"@id\":\"https:\\\/\\\/www.revistarambla.com\\\/#\\\/schema\\\/person\\\/3d71c575842522757de7f4f9c9b40215\",\"name\":\"Manuel Ignacio Cabezas Gonz\u00e1lez\",\"description\":\"Doctor en Didactolog\u00eda de las Lenguas y de las Culturas. Profesor Titular de Ling\u00fc\u00edstica y de Ling\u00fc\u00edstica Aplicada. Departamento de Filolog\u00eda Francesa y Rom\u00e1nica (UAB).\",\"sameAs\":[\"http:\\\/\\\/honrad.blogspot.com\\\/\",\"https:\\\/\\\/www.facebook.com\\\/manuelignacio.cabezasgonzalez\",\"https:\\\/\\\/x.com\\\/ManuelICabezas\"]}]}<\/script>\n<!-- \/ Yoast SEO plugin. -->","yoast_head_json":{"title":"Por la boca muere el pez - Revista Rambla","robots":{"index":"index","follow":"follow","max-snippet":"max-snippet:-1","max-image-preview":"max-image-preview:large","max-video-preview":"max-video-preview:-1"},"canonical":"https:\/\/www.revistarambla.com\/en\/por-la-boca-muere-el-pez\/","og_locale":"en_GB","og_type":"article","og_title":"Por la boca muere el pez - Revista Rambla","og_description":"En boca cerrada no entran moscas, reza el adagio popular. As\u00ed, la casta pol\u00edtica, de alta cuna o baja cama, deber\u00eda hablar y escribir menos para que no le ocurra lo que a la bella, tentadora y lozana hembra de la an\u00e9cdota que cuenta P\u00e9rez-Reverte en uno de sus interesantes [&hellip;]","og_url":"https:\/\/www.revistarambla.com\/en\/por-la-boca-muere-el-pez\/","og_site_name":"Revista Rambla","article_publisher":"https:\/\/www.facebook.com\/revistarambla\/","article_author":"https:\/\/www.facebook.com\/manuelignacio.cabezasgonzalez","article_published_time":"2021-10-06T15:34:38+00:00","article_modified_time":"2025-01-23T20:40:37+00:00","og_image":[{"width":250,"height":333,"url":"https:\/\/www.revistarambla.com\/wp-content\/uploads\/2021\/10\/bando.png","type":"image\/png"}],"author":"Manuel Ignacio Cabezas Gonz\u00e1lez","twitter_card":"summary_large_image","twitter_creator":"@ManuelICabezas","twitter_site":"@revistarambla","twitter_misc":{"Written by":"Manuel Ignacio Cabezas Gonz\u00e1lez","Estimated reading time":"6 minutes"},"schema":{"@context":"https:\/\/schema.org","@graph":[{"@type":"Article","@id":"https:\/\/www.revistarambla.com\/por-la-boca-muere-el-pez\/#article","isPartOf":{"@id":"https:\/\/www.revistarambla.com\/por-la-boca-muere-el-pez\/"},"author":{"name":"Manuel Ignacio Cabezas Gonz\u00e1lez","@id":"https:\/\/www.revistarambla.com\/#\/schema\/person\/3d71c575842522757de7f4f9c9b40215"},"headline":"Por la boca muere el pez","datePublished":"2021-10-06T15:34:38+00:00","dateModified":"2025-01-23T20:40:37+00:00","mainEntityOfPage":{"@id":"https:\/\/www.revistarambla.com\/por-la-boca-muere-el-pez\/"},"wordCount":1253,"commentCount":0,"publisher":{"@id":"https:\/\/www.revistarambla.com\/#organization"},"image":{"@id":"https:\/\/www.revistarambla.com\/por-la-boca-muere-el-pez\/#primaryimage"},"thumbnailUrl":"https:\/\/www.revistarambla.com\/wp-content\/uploads\/2021\/10\/bando.png","articleSection":["Cantando las verdades"],"inLanguage":"en-GB","potentialAction":[{"@type":"CommentAction","name":"Comment","target":["https:\/\/www.revistarambla.com\/por-la-boca-muere-el-pez\/#respond"]}]},{"@type":"WebPage","@id":"https:\/\/www.revistarambla.com\/por-la-boca-muere-el-pez\/","url":"https:\/\/www.revistarambla.com\/por-la-boca-muere-el-pez\/","name":"Por la boca muere el pez - Revista Rambla","isPartOf":{"@id":"https:\/\/www.revistarambla.com\/#website"},"primaryImageOfPage":{"@id":"https:\/\/www.revistarambla.com\/por-la-boca-muere-el-pez\/#primaryimage"},"image":{"@id":"https:\/\/www.revistarambla.com\/por-la-boca-muere-el-pez\/#primaryimage"},"thumbnailUrl":"https:\/\/www.revistarambla.com\/wp-content\/uploads\/2021\/10\/bando.png","datePublished":"2021-10-06T15:34:38+00:00","dateModified":"2025-01-23T20:40:37+00:00","breadcrumb":{"@id":"https:\/\/www.revistarambla.com\/por-la-boca-muere-el-pez\/#breadcrumb"},"inLanguage":"en-GB","potentialAction":[{"@type":"ReadAction","target":["https:\/\/www.revistarambla.com\/por-la-boca-muere-el-pez\/"]}]},{"@type":"ImageObject","inLanguage":"en-GB","@id":"https:\/\/www.revistarambla.com\/por-la-boca-muere-el-pez\/#primaryimage","url":"https:\/\/www.revistarambla.com\/wp-content\/uploads\/2021\/10\/bando.png","contentUrl":"https:\/\/www.revistarambla.com\/wp-content\/uploads\/2021\/10\/bando.png","width":250,"height":333},{"@type":"BreadcrumbList","@id":"https:\/\/www.revistarambla.com\/por-la-boca-muere-el-pez\/#breadcrumb","itemListElement":[{"@type":"ListItem","position":1,"name":"Portada","item":"https:\/\/www.revistarambla.com\/"},{"@type":"ListItem","position":2,"name":"Por la boca muere el pez"}]},{"@type":"WebSite","@id":"https:\/\/www.revistarambla.com\/#website","url":"https:\/\/www.revistarambla.com\/","name":"Revista Rambla Barcelona","description":"Periodismo independiente","publisher":{"@id":"https:\/\/www.revistarambla.com\/#organization"},"potentialAction":[{"@type":"SearchAction","target":{"@type":"EntryPoint","urlTemplate":"https:\/\/www.revistarambla.com\/?s={search_term_string}"},"query-input":{"@type":"PropertyValueSpecification","valueRequired":true,"valueName":"search_term_string"}}],"inLanguage":"en-GB"},{"@type":"Organization","@id":"https:\/\/www.revistarambla.com\/#organization","name":"Revista Rambla","url":"https:\/\/www.revistarambla.com\/","logo":{"@type":"ImageObject","inLanguage":"en-GB","@id":"https:\/\/www.revistarambla.com\/#\/schema\/logo\/image\/","url":"https:\/\/www.revistarambla.com\/wp-content\/uploads\/2020\/09\/banner_rambla_1900x600_BB.png","contentUrl":"https:\/\/www.revistarambla.com\/wp-content\/uploads\/2020\/09\/banner_rambla_1900x600_BB.png","width":1900,"height":600,"caption":"Revista Rambla"},"image":{"@id":"https:\/\/www.revistarambla.com\/#\/schema\/logo\/image\/"},"sameAs":["https:\/\/www.facebook.com\/revistarambla\/","https:\/\/x.com\/revistarambla","https:\/\/www.instagram.com\/revista_rambla","https:\/\/es.linkedin.com\/company\/revista-rambla"]},{"@type":"Person","@id":"https:\/\/www.revistarambla.com\/#\/schema\/person\/3d71c575842522757de7f4f9c9b40215","name":"Manuel Ignacio Cabezas Gonz\u00e1lez","description":"Doctor en Didactolog\u00eda de las Lenguas y de las Culturas. Profesor Titular de Ling\u00fc\u00edstica y de Ling\u00fc\u00edstica Aplicada. Departamento de Filolog\u00eda Francesa y Rom\u00e1nica (UAB).","sameAs":["http:\/\/honrad.blogspot.com\/","https:\/\/www.facebook.com\/manuelignacio.cabezasgonzalez","https:\/\/x.com\/ManuelICabezas"]}]}},"_links":{"self":[{"href":"https:\/\/www.revistarambla.com\/en\/wp-json\/wp\/v2\/posts\/35758","targetHints":{"allow":["GET"]}}],"collection":[{"href":"https:\/\/www.revistarambla.com\/en\/wp-json\/wp\/v2\/posts"}],"about":[{"href":"https:\/\/www.revistarambla.com\/en\/wp-json\/wp\/v2\/types\/post"}],"author":[{"embeddable":true,"href":"https:\/\/www.revistarambla.com\/en\/wp-json\/wp\/v2\/users\/17"}],"replies":[{"embeddable":true,"href":"https:\/\/www.revistarambla.com\/en\/wp-json\/wp\/v2\/comments?post=35758"}],"version-history":[{"count":1,"href":"https:\/\/www.revistarambla.com\/en\/wp-json\/wp\/v2\/posts\/35758\/revisions"}],"predecessor-version":[{"id":64091,"href":"https:\/\/www.revistarambla.com\/en\/wp-json\/wp\/v2\/posts\/35758\/revisions\/64091"}],"wp:featuredmedia":[{"embeddable":true,"href":"https:\/\/www.revistarambla.com\/en\/wp-json\/wp\/v2\/media\/35759"}],"wp:attachment":[{"href":"https:\/\/www.revistarambla.com\/en\/wp-json\/wp\/v2\/media?parent=35758"}],"wp:term":[{"taxonomy":"category","embeddable":true,"href":"https:\/\/www.revistarambla.com\/en\/wp-json\/wp\/v2\/categories?post=35758"},{"taxonomy":"post_tag","embeddable":true,"href":"https:\/\/www.revistarambla.com\/en\/wp-json\/wp\/v2\/tags?post=35758"}],"curies":[{"name":"wp","href":"https:\/\/api.w.org\/{rel}","templated":true}]}}