{"id":35748,"date":"2021-10-06T17:02:07","date_gmt":"2021-10-06T15:02:07","guid":{"rendered":"https:\/\/www.revistarambla.com\/?p=35748"},"modified":"2021-10-06T17:26:03","modified_gmt":"2021-10-06T15:26:03","slug":"el-lem-2021-arranca-con-un-lleno-absoluto-en-los-dos-primeros-conciertos","status":"publish","type":"post","link":"https:\/\/www.revistarambla.com\/en\/el-lem-2021-arranca-con-un-lleno-absoluto-en-los-dos-primeros-conciertos\/","title":{"rendered":"El LEM 2021 arranca con un lleno absoluto en los dos primeros conciertos"},"content":{"rendered":"<p><img decoding=\"async\" class=\"aligncenter wp-image-35749 size-full\" src=\"https:\/\/www.revistarambla.com\/wp-content\/uploads\/2021\/10\/4.jpg\" alt=\"\" width=\"640\" height=\"427\" srcset=\"https:\/\/www.revistarambla.com\/wp-content\/uploads\/2021\/10\/4.jpg 640w, https:\/\/www.revistarambla.com\/wp-content\/uploads\/2021\/10\/4-300x200.jpg 300w\" sizes=\"(max-width: 640px) 100vw, 640px\" \/><\/p>\n<p>El Dispositivo LEM 2021 arranc\u00f3 el pasado fin de semana con un <strong>\u00e9xito rotundo de asistencia<\/strong>. Tanto la presentaci\u00f3n del \u00e1lbum &#8216;Kala of the Unspoken&#8217;, de <strong>Black Flower<\/strong>, como la sesi\u00f3n de improvisaci\u00f3n libre con <strong>Laia Vall\u00e8s<\/strong> y <strong>Amidea Clotet <\/strong>agotaron todas las localidades disponibles y recibieron el aplauso de los asistentes al Encuentro de M\u00fasicas Experimentales de Gr\u00e0cia-Barcelona. El festival, que este a\u00f1o celebra su 26\u00aa edici\u00f3n, cuenta con <a href=\"https:\/\/www.revistarambla.com\/en\/el-lem-2021-presenta-catorce-conciertos-con-lo-mejor-de-la-musica-experimental\/\">una programaci\u00f3n<\/a> que se alargar\u00e1 hasta el pr\u00f3ximo 26 de octubre.<\/p>\n<h3>Nuevo espect\u00e1culo de N\u00faria Andorr\u00e0<\/h3>\n<p>La percusionista e improvisadora <strong>N\u00faria Andorr\u00e0<\/strong>, que <strong>estrenar\u00e1 en el LEM 2021<\/strong> su nuevo proyecto,&#8217;Nu.A&#8217;, y el encuentro de libre improvisaci\u00f3n de los veteranos <strong>Dr. Truna<\/strong> y <strong>Mireia Tejero<\/strong>, ser\u00e1n los pr\u00f3ximos conciertos, que ocupar\u00e1n el segundo fin de semana del festival. El acto inaugural fue el viernes 1 con la actuaci\u00f3n, en la capilla modernista del colegio mayor Ramon Llull, de Black Flower, que presentaban un disco publicado por la discogr\u00e1fica <strong>Gr\u00e0cia Territori Sonor<\/strong>, entidad organizadora del LEM.<\/p>\n<p>El primer concierto, en un espacio privilegiado, se llen\u00f3 hasta agotar todas las localidades disponibles y fue <strong>muy bien recibido por el p\u00fablico<\/strong>, que aplaudi\u00f3 la nueva propuesta de Yexza Lara, Pablo Selnik y Clara Lai. La segunda acci\u00f3n, el encuentro de improvisaci\u00f3n de la teclista Laia Vall\u00e8s con la guitarrista Amidea Clotet, tambi\u00e9n llen\u00f3 el espacio de la actuaci\u00f3n, en este caso la Sala Polivalente del Centre C\u00edvic La Sedeta.<\/p>\n<p>La percusionista\u00a0<strong class=\"\">N\u00faria Andorr\u00e0<\/strong>\u00a0es una de las mejores improvisadoras del circuito europeo. Galardonada con el Premio Al\u00edcia 2021 de la Academia Catalana de la M\u00fasica, ha actuado en el LEM en varias ocasiones: en 2017, con\u00a0<strong class=\"\">L\u00ea Quan Ninh<\/strong>, y en 2019, en un magn\u00edfico encuentro de libre improvisaci\u00f3n junto a la trombonista\u00a0<strong class=\"\">Christiane Bopp<\/strong>. Esta vez, Andorr\u00e0, colaboradora de\u00a0<strong class=\"\">Carles Santos<\/strong>,\u00a0<strong class=\"\">Agust\u00ed Fern\u00e1ndez<\/strong>,\u00a0<strong class=\"\">Fred Firth<\/strong>\u00a0y un largo etc\u00e9tera, presenta su \u00faltimo proyecto, \u2018<strong class=\"\">Nu.A\u2019<\/strong>, un espect\u00e1culo en el que sustituye la instrumentaci\u00f3n habitual por objetos cotidianos, con el objetivo de acercarse a sus or\u00edgenes. A partir de unos cencerros que hered\u00f3 por v\u00eda familiar, transita de la sencillez a la complejidad, de lo antiguo a lo moderno. A caballo entre la percusi\u00f3n y el video, sugiere tem\u00e1ticas de antes<em class=\"\">\u00a0<\/em>que son actuales, combinando sonidos robustos y sencillos, electr\u00f3nica, paisajes sonoros e im\u00e1genes.<\/p>\n<p>Las <strong>entradas y reservas<\/strong> para los pr\u00f3ximos conciertos del LEM 2021 se pueden adquirir a trav\u00e9s de <a href=\"https:\/\/entradium.com\/es\/organizers\/gracia-territori-sonor\">Entradium<\/a> o de <a href=\"https:\/\/play.google.com\/store\/apps\/details?id=nms.gts\">la aplicaci\u00f3<\/a>n para Android de Gr\u00e0cia Territori Sonor.<\/p>\n<h3>Segunda semana<\/h3>\n<p>El segundo Encuentro en el Espacio-Tiempo del LEM 2021 junta a dos creadores sonoros con una trayectoria reputad\u00edsima y amigos del festival desde hace a\u00f1os. A un lado\u00a0<strong class=\"\">Andr\u00e9s Blasco<\/strong>,\u00a0<strong class=\"\">Dr. Truna<\/strong>, que ha centrado su carrera en la creaci\u00f3n de nuevos instrumentos y en un lenguaje sonoro, musical y visual muy particular. Ha trabajado con artistas como\u00a0<strong class=\"\">Bartomeu Ferrando<\/strong>,\u00a0<strong class=\"\">Cabosanroque<\/strong>,\u00a0<strong class=\"\">Pierre Bastien<\/strong>\u00a0y\u00a0<strong class=\"\">Mike Cooper<\/strong>.<\/p>\n<p>Al otro lado hallamos a\u00a0<strong class=\"\">Mireia Tejero<\/strong>, saxofonista, compositora y\u00a0<em class=\"\">performer<\/em>\u00a0de esp\u00edritu libre e inconformista, con una mirada muy particular a la hora de investigar y trabajar la m\u00fasica, una actitud valiente y con la improvisaci\u00f3n por bandera. A lo largo de su carrera ha fundado, participado o colaborado en proyectos como\u00a0<strong class=\"\">La Fura dels Baus<\/strong>,\u00a0<strong class=\"\">Colectivo de Improvisaci\u00f3n Libre<\/strong>,\u00a0<strong class=\"\">Error Gen\u00e9tico<\/strong>\u00a0o\u00a0<strong class=\"\">MIS<\/strong>\u00a0(Moviment d\u2019Insurrecci\u00f3 Sonora). Un encuentro in\u00e9dito entre dos artistas que siempre han buscado los rincones m\u00e1s escondidos de la creaci\u00f3n sonora.<\/p>","protected":false},"excerpt":{"rendered":"<p>Black Flower, Laia Vall\u00e8s y Amidea Clotet dan el pistoletazo de salida al Dispositivo, que se alargar\u00e1 hasta el 30 de octubre. El ciclo contin\u00faa esta semana con el nuevo proyecto de N\u00faria Andorr\u00e0 y una sesi\u00f3n de improvisaci\u00f3n a cargo de Dr. Truna y Mireia Tejero<\/p>","protected":false},"author":3,"featured_media":35749,"comment_status":"open","ping_status":"open","sticky":false,"template":"","format":"standard","meta":{"footnotes":""},"categories":[4],"tags":[],"class_list":["post-35748","post","type-post","status-publish","format-standard","has-post-thumbnail","hentry","category-cultura"],"yoast_head":"<!-- This site is optimized with the Yoast SEO plugin v27.5 - https:\/\/yoast.com\/product\/yoast-seo-wordpress\/ -->\n<title>El LEM 2021 arranca con un lleno absoluto en los dos primeros conciertos - Revista Rambla<\/title>\n<meta name=\"robots\" content=\"index, follow, max-snippet:-1, max-image-preview:large, max-video-preview:-1\" \/>\n<link rel=\"canonical\" href=\"https:\/\/www.revistarambla.com\/en\/el-lem-2021-arranca-con-un-lleno-absoluto-en-los-dos-primeros-conciertos\/\" \/>\n<meta property=\"og:locale\" content=\"en_GB\" \/>\n<meta property=\"og:type\" content=\"article\" \/>\n<meta property=\"og:title\" content=\"El LEM 2021 arranca con un lleno absoluto en los dos primeros conciertos - Revista Rambla\" \/>\n<meta property=\"og:description\" content=\"Black Flower, Laia Vall\u00e8s y Amidea Clotet dan el pistoletazo de salida al Dispositivo, que se alargar\u00e1 hasta el 30 de octubre. El ciclo contin\u00faa esta semana con el nuevo proyecto de N\u00faria Andorr\u00e0 y una sesi\u00f3n de improvisaci\u00f3n a cargo de Dr. Truna y Mireia Tejero\" \/>\n<meta property=\"og:url\" content=\"https:\/\/www.revistarambla.com\/en\/el-lem-2021-arranca-con-un-lleno-absoluto-en-los-dos-primeros-conciertos\/\" \/>\n<meta property=\"og:site_name\" content=\"Revista Rambla\" \/>\n<meta property=\"article:publisher\" content=\"https:\/\/www.facebook.com\/revistarambla\/\" \/>\n<meta property=\"article:author\" content=\"https:\/\/www.facebook.com\/revistarambla\" \/>\n<meta property=\"article:published_time\" content=\"2021-10-06T15:02:07+00:00\" \/>\n<meta property=\"article:modified_time\" content=\"2021-10-06T15:26:03+00:00\" \/>\n<meta property=\"og:image\" content=\"https:\/\/i1.wp.com\/www.revistarambla.com\/wp-content\/uploads\/2021\/10\/4.jpg?fit=640%2C427&ssl=1\" \/>\n\t<meta property=\"og:image:width\" content=\"640\" \/>\n\t<meta property=\"og:image:height\" content=\"427\" \/>\n\t<meta property=\"og:image:type\" content=\"image\/jpeg\" \/>\n<meta name=\"author\" content=\"R@mbla\" \/>\n<meta name=\"twitter:card\" content=\"summary_large_image\" \/>\n<meta name=\"twitter:creator\" content=\"@revistarambla\" \/>\n<meta name=\"twitter:site\" content=\"@revistarambla\" \/>\n<meta name=\"twitter:label1\" content=\"Written by\" \/>\n\t<meta name=\"twitter:data1\" content=\"R@mbla\" \/>\n\t<meta name=\"twitter:label2\" content=\"Estimated reading time\" \/>\n\t<meta name=\"twitter:data2\" content=\"3 minutes\" \/>\n<script type=\"application\/ld+json\" class=\"yoast-schema-graph\">{\"@context\":\"https:\\\/\\\/schema.org\",\"@graph\":[{\"@type\":\"Article\",\"@id\":\"https:\\\/\\\/www.revistarambla.com\\\/el-lem-2021-arranca-con-un-lleno-absoluto-en-los-dos-primeros-conciertos\\\/#article\",\"isPartOf\":{\"@id\":\"https:\\\/\\\/www.revistarambla.com\\\/el-lem-2021-arranca-con-un-lleno-absoluto-en-los-dos-primeros-conciertos\\\/\"},\"author\":{\"name\":\"R@mbla\",\"@id\":\"https:\\\/\\\/www.revistarambla.com\\\/#\\\/schema\\\/person\\\/a146a5a2550b94981a75131180e1bd9c\"},\"headline\":\"El LEM 2021 arranca con un lleno absoluto en los dos primeros conciertos\",\"datePublished\":\"2021-10-06T15:02:07+00:00\",\"dateModified\":\"2021-10-06T15:26:03+00:00\",\"mainEntityOfPage\":{\"@id\":\"https:\\\/\\\/www.revistarambla.com\\\/el-lem-2021-arranca-con-un-lleno-absoluto-en-los-dos-primeros-conciertos\\\/\"},\"wordCount\":626,\"commentCount\":0,\"publisher\":{\"@id\":\"https:\\\/\\\/www.revistarambla.com\\\/#organization\"},\"image\":{\"@id\":\"https:\\\/\\\/www.revistarambla.com\\\/el-lem-2021-arranca-con-un-lleno-absoluto-en-los-dos-primeros-conciertos\\\/#primaryimage\"},\"thumbnailUrl\":\"https:\\\/\\\/www.revistarambla.com\\\/wp-content\\\/uploads\\\/2021\\\/10\\\/4.jpg\",\"articleSection\":[\"Cultura\"],\"inLanguage\":\"en-GB\",\"potentialAction\":[{\"@type\":\"CommentAction\",\"name\":\"Comment\",\"target\":[\"https:\\\/\\\/www.revistarambla.com\\\/el-lem-2021-arranca-con-un-lleno-absoluto-en-los-dos-primeros-conciertos\\\/#respond\"]}]},{\"@type\":\"WebPage\",\"@id\":\"https:\\\/\\\/www.revistarambla.com\\\/el-lem-2021-arranca-con-un-lleno-absoluto-en-los-dos-primeros-conciertos\\\/\",\"url\":\"https:\\\/\\\/www.revistarambla.com\\\/el-lem-2021-arranca-con-un-lleno-absoluto-en-los-dos-primeros-conciertos\\\/\",\"name\":\"El LEM 2021 arranca con un lleno absoluto en los dos primeros conciertos - Revista Rambla\",\"isPartOf\":{\"@id\":\"https:\\\/\\\/www.revistarambla.com\\\/#website\"},\"primaryImageOfPage\":{\"@id\":\"https:\\\/\\\/www.revistarambla.com\\\/el-lem-2021-arranca-con-un-lleno-absoluto-en-los-dos-primeros-conciertos\\\/#primaryimage\"},\"image\":{\"@id\":\"https:\\\/\\\/www.revistarambla.com\\\/el-lem-2021-arranca-con-un-lleno-absoluto-en-los-dos-primeros-conciertos\\\/#primaryimage\"},\"thumbnailUrl\":\"https:\\\/\\\/www.revistarambla.com\\\/wp-content\\\/uploads\\\/2021\\\/10\\\/4.jpg\",\"datePublished\":\"2021-10-06T15:02:07+00:00\",\"dateModified\":\"2021-10-06T15:26:03+00:00\",\"breadcrumb\":{\"@id\":\"https:\\\/\\\/www.revistarambla.com\\\/el-lem-2021-arranca-con-un-lleno-absoluto-en-los-dos-primeros-conciertos\\\/#breadcrumb\"},\"inLanguage\":\"en-GB\",\"potentialAction\":[{\"@type\":\"ReadAction\",\"target\":[\"https:\\\/\\\/www.revistarambla.com\\\/el-lem-2021-arranca-con-un-lleno-absoluto-en-los-dos-primeros-conciertos\\\/\"]}]},{\"@type\":\"ImageObject\",\"inLanguage\":\"en-GB\",\"@id\":\"https:\\\/\\\/www.revistarambla.com\\\/el-lem-2021-arranca-con-un-lleno-absoluto-en-los-dos-primeros-conciertos\\\/#primaryimage\",\"url\":\"https:\\\/\\\/www.revistarambla.com\\\/wp-content\\\/uploads\\\/2021\\\/10\\\/4.jpg\",\"contentUrl\":\"https:\\\/\\\/www.revistarambla.com\\\/wp-content\\\/uploads\\\/2021\\\/10\\\/4.jpg\",\"width\":640,\"height\":427},{\"@type\":\"BreadcrumbList\",\"@id\":\"https:\\\/\\\/www.revistarambla.com\\\/el-lem-2021-arranca-con-un-lleno-absoluto-en-los-dos-primeros-conciertos\\\/#breadcrumb\",\"itemListElement\":[{\"@type\":\"ListItem\",\"position\":1,\"name\":\"Portada\",\"item\":\"https:\\\/\\\/www.revistarambla.com\\\/\"},{\"@type\":\"ListItem\",\"position\":2,\"name\":\"El LEM 2021 arranca con un lleno absoluto en los dos primeros conciertos\"}]},{\"@type\":\"WebSite\",\"@id\":\"https:\\\/\\\/www.revistarambla.com\\\/#website\",\"url\":\"https:\\\/\\\/www.revistarambla.com\\\/\",\"name\":\"Revista Rambla Barcelona\",\"description\":\"Periodismo independiente\",\"publisher\":{\"@id\":\"https:\\\/\\\/www.revistarambla.com\\\/#organization\"},\"potentialAction\":[{\"@type\":\"SearchAction\",\"target\":{\"@type\":\"EntryPoint\",\"urlTemplate\":\"https:\\\/\\\/www.revistarambla.com\\\/?s={search_term_string}\"},\"query-input\":{\"@type\":\"PropertyValueSpecification\",\"valueRequired\":true,\"valueName\":\"search_term_string\"}}],\"inLanguage\":\"en-GB\"},{\"@type\":\"Organization\",\"@id\":\"https:\\\/\\\/www.revistarambla.com\\\/#organization\",\"name\":\"Revista Rambla\",\"url\":\"https:\\\/\\\/www.revistarambla.com\\\/\",\"logo\":{\"@type\":\"ImageObject\",\"inLanguage\":\"en-GB\",\"@id\":\"https:\\\/\\\/www.revistarambla.com\\\/#\\\/schema\\\/logo\\\/image\\\/\",\"url\":\"https:\\\/\\\/www.revistarambla.com\\\/wp-content\\\/uploads\\\/2020\\\/09\\\/banner_rambla_1900x600_BB.png\",\"contentUrl\":\"https:\\\/\\\/www.revistarambla.com\\\/wp-content\\\/uploads\\\/2020\\\/09\\\/banner_rambla_1900x600_BB.png\",\"width\":1900,\"height\":600,\"caption\":\"Revista Rambla\"},\"image\":{\"@id\":\"https:\\\/\\\/www.revistarambla.com\\\/#\\\/schema\\\/logo\\\/image\\\/\"},\"sameAs\":[\"https:\\\/\\\/www.facebook.com\\\/revistarambla\\\/\",\"https:\\\/\\\/x.com\\\/revistarambla\",\"https:\\\/\\\/www.instagram.com\\\/revista_rambla\",\"https:\\\/\\\/es.linkedin.com\\\/company\\\/revista-rambla\"]},{\"@type\":\"Person\",\"@id\":\"https:\\\/\\\/www.revistarambla.com\\\/#\\\/schema\\\/person\\\/a146a5a2550b94981a75131180e1bd9c\",\"name\":\"R@mbla\",\"description\":\"Este art\u00edculo ha sido redactado y\\\/o validado por el equipo de redacci\u00f3n de Revista Rambla.\",\"sameAs\":[\"https:\\\/\\\/www.revistarambla.com\\\/\",\"https:\\\/\\\/www.facebook.com\\\/revistarambla\",\"https:\\\/\\\/x.com\\\/revistarambla\"]}]}<\/script>\n<!-- \/ Yoast SEO plugin. -->","yoast_head_json":{"title":"El LEM 2021 arranca con un lleno absoluto en los dos primeros conciertos - Revista Rambla","robots":{"index":"index","follow":"follow","max-snippet":"max-snippet:-1","max-image-preview":"max-image-preview:large","max-video-preview":"max-video-preview:-1"},"canonical":"https:\/\/www.revistarambla.com\/en\/el-lem-2021-arranca-con-un-lleno-absoluto-en-los-dos-primeros-conciertos\/","og_locale":"en_GB","og_type":"article","og_title":"El LEM 2021 arranca con un lleno absoluto en los dos primeros conciertos - Revista Rambla","og_description":"Black Flower, Laia Vall\u00e8s y Amidea Clotet dan el pistoletazo de salida al Dispositivo, que se alargar\u00e1 hasta el 30 de octubre. El ciclo contin\u00faa esta semana con el nuevo proyecto de N\u00faria Andorr\u00e0 y una sesi\u00f3n de improvisaci\u00f3n a cargo de Dr. Truna y Mireia Tejero","og_url":"https:\/\/www.revistarambla.com\/en\/el-lem-2021-arranca-con-un-lleno-absoluto-en-los-dos-primeros-conciertos\/","og_site_name":"Revista Rambla","article_publisher":"https:\/\/www.facebook.com\/revistarambla\/","article_author":"https:\/\/www.facebook.com\/revistarambla","article_published_time":"2021-10-06T15:02:07+00:00","article_modified_time":"2021-10-06T15:26:03+00:00","og_image":[{"width":640,"height":427,"url":"https:\/\/i1.wp.com\/www.revistarambla.com\/wp-content\/uploads\/2021\/10\/4.jpg?fit=640%2C427&ssl=1","type":"image\/jpeg"}],"author":"R@mbla","twitter_card":"summary_large_image","twitter_creator":"@revistarambla","twitter_site":"@revistarambla","twitter_misc":{"Written by":"R@mbla","Estimated reading time":"3 minutes"},"schema":{"@context":"https:\/\/schema.org","@graph":[{"@type":"Article","@id":"https:\/\/www.revistarambla.com\/el-lem-2021-arranca-con-un-lleno-absoluto-en-los-dos-primeros-conciertos\/#article","isPartOf":{"@id":"https:\/\/www.revistarambla.com\/el-lem-2021-arranca-con-un-lleno-absoluto-en-los-dos-primeros-conciertos\/"},"author":{"name":"R@mbla","@id":"https:\/\/www.revistarambla.com\/#\/schema\/person\/a146a5a2550b94981a75131180e1bd9c"},"headline":"El LEM 2021 arranca con un lleno absoluto en los dos primeros conciertos","datePublished":"2021-10-06T15:02:07+00:00","dateModified":"2021-10-06T15:26:03+00:00","mainEntityOfPage":{"@id":"https:\/\/www.revistarambla.com\/el-lem-2021-arranca-con-un-lleno-absoluto-en-los-dos-primeros-conciertos\/"},"wordCount":626,"commentCount":0,"publisher":{"@id":"https:\/\/www.revistarambla.com\/#organization"},"image":{"@id":"https:\/\/www.revistarambla.com\/el-lem-2021-arranca-con-un-lleno-absoluto-en-los-dos-primeros-conciertos\/#primaryimage"},"thumbnailUrl":"https:\/\/www.revistarambla.com\/wp-content\/uploads\/2021\/10\/4.jpg","articleSection":["Cultura"],"inLanguage":"en-GB","potentialAction":[{"@type":"CommentAction","name":"Comment","target":["https:\/\/www.revistarambla.com\/el-lem-2021-arranca-con-un-lleno-absoluto-en-los-dos-primeros-conciertos\/#respond"]}]},{"@type":"WebPage","@id":"https:\/\/www.revistarambla.com\/el-lem-2021-arranca-con-un-lleno-absoluto-en-los-dos-primeros-conciertos\/","url":"https:\/\/www.revistarambla.com\/el-lem-2021-arranca-con-un-lleno-absoluto-en-los-dos-primeros-conciertos\/","name":"El LEM 2021 arranca con un lleno absoluto en los dos primeros conciertos - Revista Rambla","isPartOf":{"@id":"https:\/\/www.revistarambla.com\/#website"},"primaryImageOfPage":{"@id":"https:\/\/www.revistarambla.com\/el-lem-2021-arranca-con-un-lleno-absoluto-en-los-dos-primeros-conciertos\/#primaryimage"},"image":{"@id":"https:\/\/www.revistarambla.com\/el-lem-2021-arranca-con-un-lleno-absoluto-en-los-dos-primeros-conciertos\/#primaryimage"},"thumbnailUrl":"https:\/\/www.revistarambla.com\/wp-content\/uploads\/2021\/10\/4.jpg","datePublished":"2021-10-06T15:02:07+00:00","dateModified":"2021-10-06T15:26:03+00:00","breadcrumb":{"@id":"https:\/\/www.revistarambla.com\/el-lem-2021-arranca-con-un-lleno-absoluto-en-los-dos-primeros-conciertos\/#breadcrumb"},"inLanguage":"en-GB","potentialAction":[{"@type":"ReadAction","target":["https:\/\/www.revistarambla.com\/el-lem-2021-arranca-con-un-lleno-absoluto-en-los-dos-primeros-conciertos\/"]}]},{"@type":"ImageObject","inLanguage":"en-GB","@id":"https:\/\/www.revistarambla.com\/el-lem-2021-arranca-con-un-lleno-absoluto-en-los-dos-primeros-conciertos\/#primaryimage","url":"https:\/\/www.revistarambla.com\/wp-content\/uploads\/2021\/10\/4.jpg","contentUrl":"https:\/\/www.revistarambla.com\/wp-content\/uploads\/2021\/10\/4.jpg","width":640,"height":427},{"@type":"BreadcrumbList","@id":"https:\/\/www.revistarambla.com\/el-lem-2021-arranca-con-un-lleno-absoluto-en-los-dos-primeros-conciertos\/#breadcrumb","itemListElement":[{"@type":"ListItem","position":1,"name":"Portada","item":"https:\/\/www.revistarambla.com\/"},{"@type":"ListItem","position":2,"name":"El LEM 2021 arranca con un lleno absoluto en los dos primeros conciertos"}]},{"@type":"WebSite","@id":"https:\/\/www.revistarambla.com\/#website","url":"https:\/\/www.revistarambla.com\/","name":"Revista Rambla Barcelona","description":"Periodismo independiente","publisher":{"@id":"https:\/\/www.revistarambla.com\/#organization"},"potentialAction":[{"@type":"SearchAction","target":{"@type":"EntryPoint","urlTemplate":"https:\/\/www.revistarambla.com\/?s={search_term_string}"},"query-input":{"@type":"PropertyValueSpecification","valueRequired":true,"valueName":"search_term_string"}}],"inLanguage":"en-GB"},{"@type":"Organization","@id":"https:\/\/www.revistarambla.com\/#organization","name":"Revista Rambla","url":"https:\/\/www.revistarambla.com\/","logo":{"@type":"ImageObject","inLanguage":"en-GB","@id":"https:\/\/www.revistarambla.com\/#\/schema\/logo\/image\/","url":"https:\/\/www.revistarambla.com\/wp-content\/uploads\/2020\/09\/banner_rambla_1900x600_BB.png","contentUrl":"https:\/\/www.revistarambla.com\/wp-content\/uploads\/2020\/09\/banner_rambla_1900x600_BB.png","width":1900,"height":600,"caption":"Revista Rambla"},"image":{"@id":"https:\/\/www.revistarambla.com\/#\/schema\/logo\/image\/"},"sameAs":["https:\/\/www.facebook.com\/revistarambla\/","https:\/\/x.com\/revistarambla","https:\/\/www.instagram.com\/revista_rambla","https:\/\/es.linkedin.com\/company\/revista-rambla"]},{"@type":"Person","@id":"https:\/\/www.revistarambla.com\/#\/schema\/person\/a146a5a2550b94981a75131180e1bd9c","name":"R@mbla","description":"Este art\u00edculo ha sido redactado y\/o validado por el equipo de redacci\u00f3n de Revista Rambla.","sameAs":["https:\/\/www.revistarambla.com\/","https:\/\/www.facebook.com\/revistarambla","https:\/\/x.com\/revistarambla"]}]}},"_links":{"self":[{"href":"https:\/\/www.revistarambla.com\/en\/wp-json\/wp\/v2\/posts\/35748","targetHints":{"allow":["GET"]}}],"collection":[{"href":"https:\/\/www.revistarambla.com\/en\/wp-json\/wp\/v2\/posts"}],"about":[{"href":"https:\/\/www.revistarambla.com\/en\/wp-json\/wp\/v2\/types\/post"}],"author":[{"embeddable":true,"href":"https:\/\/www.revistarambla.com\/en\/wp-json\/wp\/v2\/users\/3"}],"replies":[{"embeddable":true,"href":"https:\/\/www.revistarambla.com\/en\/wp-json\/wp\/v2\/comments?post=35748"}],"version-history":[{"count":0,"href":"https:\/\/www.revistarambla.com\/en\/wp-json\/wp\/v2\/posts\/35748\/revisions"}],"wp:featuredmedia":[{"embeddable":true,"href":"https:\/\/www.revistarambla.com\/en\/wp-json\/wp\/v2\/media\/35749"}],"wp:attachment":[{"href":"https:\/\/www.revistarambla.com\/en\/wp-json\/wp\/v2\/media?parent=35748"}],"wp:term":[{"taxonomy":"category","embeddable":true,"href":"https:\/\/www.revistarambla.com\/en\/wp-json\/wp\/v2\/categories?post=35748"},{"taxonomy":"post_tag","embeddable":true,"href":"https:\/\/www.revistarambla.com\/en\/wp-json\/wp\/v2\/tags?post=35748"}],"curies":[{"name":"wp","href":"https:\/\/api.w.org\/{rel}","templated":true}]}}