{"id":35739,"date":"2021-10-05T15:52:50","date_gmt":"2021-10-05T13:52:50","guid":{"rendered":"https:\/\/www.revistarambla.com\/?p=35739"},"modified":"2024-05-09T19:34:39","modified_gmt":"2024-05-09T17:34:39","slug":"flora-duffy-medalla-olimpica-para-el-pais-mas-pequeno","status":"publish","type":"post","link":"https:\/\/www.revistarambla.com\/en\/flora-duffy-medalla-olimpica-para-el-pais-mas-pequeno\/","title":{"rendered":"Flora Duffy: medalla ol\u00edmpica para el pa\u00eds m\u00e1s peque\u00f1o"},"content":{"rendered":"<p>El nuevo informe, redactado por el periodista <a href=\"https:\/\/tomaseliasgonzalezbenitezvenezuela.com\/flora-duffy-medalla-oro\/\" rel=\"nofollow\">Tom\u00e1s El\u00edas Gonz\u00e1lez Ben\u00edtez<\/a><i>, <\/i>analiza el perfil de Flora Duffy, la atleta que ha hecho historia con la primera medalla para Bermudas. La victoria de Flora Duffy es un \u00e9xito para su pa\u00eds. Bermudas ha ganado la primera medalla de oro en unos <a href=\"https:\/\/www.revistarambla.com\/en\/botellas-contra-juegos-olimpicos\/\">Juegos Ol\u00edmpicos<\/a>.<\/p>\n<p>As\u00ed, Bermudas se ha convertido en el pa\u00eds m\u00e1s peque\u00f1o, del mundo, en conseguir una medalla de oro en unos Juegos Ol\u00edmpicos.<\/p>\n<h2>Campeona ol\u00edmpica de triatl\u00f3n<\/h2>\n<p>Flora Duffy gan\u00f3 el oro en triatl\u00f3n femenino, una disciplina que incluye nataci\u00f3n, ciclismo y carrera. El \u00e9xito es a\u00fan m\u00e1s valioso debido a las condiciones clim\u00e1ticas a las que se tuvo que enfrentar Duffy, en su competici\u00f3n. La tormenta tropical que acompa\u00f1\u00f3 toda la carrera supuso un handicap mayor para la atleta, sobre todo en el tramo de ciclismo. La prueba estaba conformada por 1.500 metros a nado, 40 kil\u00f3metros en bicicleta y 10 de carrera.<\/p>\n<h2>\u00bfQui\u00e9n es Flora Duffy?<\/h2>\n<p><i>\u201cPertenec\u00eda a un equipo de nataci\u00f3n, amaba correr y ten\u00eda una bici, as\u00ed que mi madre me apunt\u00f3 y mis amigas hicieron lo mismo y me enganch\u00e9 al deporte\u201d, <\/i>explica cuando le preguntan por sus or\u00edgenes. Flora Duffy es una deportista, que compite en triatl\u00f3n, nacida en Bermudas, en septiembre de 1987.<\/p>\n<p>Ha participado en cuatro Juegos Ol\u00edmpicos, haciendo historia en el \u00faltimo torneo de Tokio 2020. En el Campeonato Mundial de Triatl\u00f3n, entre 2016 y 2021, ha ganado cuatro medallas. Asimismo, en 2015, alcanz\u00f3 el bronce en los Juegos Panamericanos. El \u00e9xito es mayor al recordar la depresi\u00f3n que sufri\u00f3 en 2006, teniendo que dejar el deporte temporalmente.<\/p>\n<p>A ello, hay que sumar las numerosas lesiones que le han acompa\u00f1ado en su carrera como profesional. Sufri\u00f3 fascitis plantar, el s\u00edndrome de la banda iliotibial de la rodilla, anemia y una fractura en su pie izquierdo, por estr\u00e9s. Los Juegos Ol\u00edmpicos de R\u00edo de Janeiro marcaron un antes y despu\u00e9s en sus problemas f\u00edsicos.<\/p>\n<p><i>\u201cY 2020 iba a ser mi a\u00f1o, me prepar\u00e9 como nunca y todo cambi\u00f3, as\u00ed que pens\u00e9 que 2021 ser\u00eda diferente porque hab\u00eda corrido de una forma m\u00e1s relajada. Los Juegos Ol\u00edmpicos siempre fueron mi objetivo\u201d.<\/i><\/p>\n<h2>La carrera de Flora Duffy<\/h2>\n<p>Flora Duffy, saliendo sexta del agua, form\u00f3 parte del grupo de favoritas en la bicicleta. Junto a ella, se hallaba la inglesa, Georgia Taylor-Brown, la estadounidense Katie Zaferes y la alemana, Laura Lindemann. Cuando bajaron de la bicicleta, Duffy mejor\u00f3 el ritmo que sus tres compa\u00f1eras. Finalmente, Duffy estuvo acompa\u00f1ada, en el podium, por la brit\u00e1nica Georgia Taylor-Brown; y la estadounidense Katie Zaferes. La marca final de la triatleta fue de una hora, 55 minutos y 36 segundos: a un minuto y 14 segundos de Taylor-Brown. La prueba se disput\u00f3 en el circuito del Parque Marino de Odaiba, en Tokio. La bermude\u00f1a sucedi\u00f3 a la estadounidense Gwen Jorgensen, el oro ol\u00edmpico de Brasil. Nicola Spirig, la veterana suiza, \u00fanica triatleta de la historia con cinco Juegos Ol\u00edmpicos, finaliz\u00f3 sexta, a sus 39 a\u00f1os.<\/p>\n<h2>Bermudas: el pa\u00eds m\u00e1s peque\u00f1o en conseguir una medalla de oro<\/h2>\n<p>Bermudas es un archipi\u00e9lago formado por 300 islotes de coral, ubicados en el ultramar brit\u00e1nico. De estos islotes, solo 20 est\u00e1n habitados. Con sus 64.000 habitantes, Bermudas se convierte en el pa\u00eds m\u00e1s peque\u00f1o del mundo en conseguir una medalla de oro en unos Juegos Ol\u00edmpicos. Los habitantes de Bermudas sienten una gran satisfacci\u00f3n, por sus dos atletas participantes en los Juegos Ol\u00edmpicos. Las redes sociales se llenaron de alegr\u00eda y felicitaciones, por un orgullo, ya permanente, por su triatleta. Anteriormente, el pa\u00eds hab\u00eda ganado una medalla de bronce, con Clarence Hill, en <a href=\"https:\/\/www.revistarambla.com\/en\/entrevista-a-arturo-seeber-bonorino-autor-de-un-paquete-para-el-manager-relatos-negros-de-boxeo\/\">boxeo<\/a>, en Montreal \u201876.<\/p>","protected":false},"excerpt":{"rendered":"<p>El nuevo informe, redactado por el periodista Tom\u00e1s El\u00edas Gonz\u00e1lez Ben\u00edtez, analiza el perfil de Flora Duffy, la atleta que ha hecho historia con la primera medalla para Bermudas. La victoria de Flora Duffy es un \u00e9xito para su pa\u00eds. Bermudas ha ganado la primera medalla de oro en unos [&hellip;]<\/p>\n","protected":false},"author":3,"featured_media":35740,"comment_status":"open","ping_status":"open","sticky":false,"template":"","format":"standard","meta":{"footnotes":""},"categories":[3790],"tags":[],"class_list":["post-35739","post","type-post","status-publish","format-standard","has-post-thumbnail","hentry","category-otras-noticias"],"yoast_head":"<!-- This site is optimized with the Yoast SEO plugin v27.5 - https:\/\/yoast.com\/product\/yoast-seo-wordpress\/ -->\n<title>Flora Duffy: medalla ol\u00edmpica para el pa\u00eds m\u00e1s peque\u00f1o - Revista Rambla<\/title>\n<meta name=\"description\" content=\"El nuevo informe, redactado por el periodista Tom\u00e1s El\u00edas Gonz\u00e1lez Ben\u00edtez, analiza el perfil de Flora Duffy, la atleta que ha hecho historia.\" \/>\n<meta name=\"robots\" content=\"index, follow, max-snippet:-1, max-image-preview:large, max-video-preview:-1\" \/>\n<link rel=\"canonical\" href=\"https:\/\/www.revistarambla.com\/en\/flora-duffy-medalla-olimpica-para-el-pais-mas-pequeno\/\" \/>\n<meta property=\"og:locale\" content=\"en_GB\" \/>\n<meta property=\"og:type\" content=\"article\" \/>\n<meta property=\"og:title\" content=\"Flora Duffy: medalla ol\u00edmpica para el pa\u00eds m\u00e1s peque\u00f1o - Revista Rambla\" \/>\n<meta property=\"og:description\" content=\"El nuevo informe, redactado por el periodista Tom\u00e1s El\u00edas Gonz\u00e1lez Ben\u00edtez, analiza el perfil de Flora Duffy, la atleta que ha hecho historia.\" \/>\n<meta property=\"og:url\" content=\"https:\/\/www.revistarambla.com\/en\/flora-duffy-medalla-olimpica-para-el-pais-mas-pequeno\/\" \/>\n<meta property=\"og:site_name\" content=\"Revista Rambla\" \/>\n<meta property=\"article:publisher\" content=\"https:\/\/www.facebook.com\/revistarambla\/\" \/>\n<meta property=\"article:author\" content=\"https:\/\/www.facebook.com\/revistarambla\" \/>\n<meta property=\"article:published_time\" content=\"2021-10-05T13:52:50+00:00\" \/>\n<meta property=\"article:modified_time\" content=\"2024-05-09T17:34:39+00:00\" \/>\n<meta property=\"og:image\" content=\"https:\/\/www.revistarambla.com\/wp-content\/uploads\/2021\/10\/unnamed-2.jpg\" \/>\n\t<meta property=\"og:image:width\" content=\"512\" \/>\n\t<meta property=\"og:image:height\" content=\"308\" \/>\n\t<meta property=\"og:image:type\" content=\"image\/jpeg\" \/>\n<meta name=\"author\" content=\"R@mbla\" \/>\n<meta name=\"twitter:card\" content=\"summary_large_image\" \/>\n<meta name=\"twitter:creator\" content=\"@revistarambla\" \/>\n<meta name=\"twitter:site\" content=\"@revistarambla\" \/>\n<meta name=\"twitter:label1\" content=\"Written by\" \/>\n\t<meta name=\"twitter:data1\" content=\"R@mbla\" \/>\n\t<meta name=\"twitter:label2\" content=\"Estimated reading time\" \/>\n\t<meta name=\"twitter:data2\" content=\"3 minutes\" \/>\n<script type=\"application\/ld+json\" class=\"yoast-schema-graph\">{\"@context\":\"https:\\\/\\\/schema.org\",\"@graph\":[{\"@type\":\"Article\",\"@id\":\"https:\\\/\\\/www.revistarambla.com\\\/flora-duffy-medalla-olimpica-para-el-pais-mas-pequeno\\\/#article\",\"isPartOf\":{\"@id\":\"https:\\\/\\\/www.revistarambla.com\\\/flora-duffy-medalla-olimpica-para-el-pais-mas-pequeno\\\/\"},\"author\":{\"name\":\"R@mbla\",\"@id\":\"https:\\\/\\\/www.revistarambla.com\\\/#\\\/schema\\\/person\\\/a146a5a2550b94981a75131180e1bd9c\"},\"headline\":\"Flora Duffy: medalla ol\u00edmpica para el pa\u00eds m\u00e1s peque\u00f1o\",\"datePublished\":\"2021-10-05T13:52:50+00:00\",\"dateModified\":\"2024-05-09T17:34:39+00:00\",\"mainEntityOfPage\":{\"@id\":\"https:\\\/\\\/www.revistarambla.com\\\/flora-duffy-medalla-olimpica-para-el-pais-mas-pequeno\\\/\"},\"wordCount\":661,\"commentCount\":0,\"publisher\":{\"@id\":\"https:\\\/\\\/www.revistarambla.com\\\/#organization\"},\"image\":{\"@id\":\"https:\\\/\\\/www.revistarambla.com\\\/flora-duffy-medalla-olimpica-para-el-pais-mas-pequeno\\\/#primaryimage\"},\"thumbnailUrl\":\"https:\\\/\\\/www.revistarambla.com\\\/wp-content\\\/uploads\\\/2021\\\/10\\\/unnamed-2.jpg\",\"articleSection\":[\"Otras Noticias\"],\"inLanguage\":\"en-GB\",\"potentialAction\":[{\"@type\":\"CommentAction\",\"name\":\"Comment\",\"target\":[\"https:\\\/\\\/www.revistarambla.com\\\/flora-duffy-medalla-olimpica-para-el-pais-mas-pequeno\\\/#respond\"]}]},{\"@type\":\"WebPage\",\"@id\":\"https:\\\/\\\/www.revistarambla.com\\\/flora-duffy-medalla-olimpica-para-el-pais-mas-pequeno\\\/\",\"url\":\"https:\\\/\\\/www.revistarambla.com\\\/flora-duffy-medalla-olimpica-para-el-pais-mas-pequeno\\\/\",\"name\":\"Flora Duffy: medalla ol\u00edmpica para el pa\u00eds m\u00e1s peque\u00f1o - Revista Rambla\",\"isPartOf\":{\"@id\":\"https:\\\/\\\/www.revistarambla.com\\\/#website\"},\"primaryImageOfPage\":{\"@id\":\"https:\\\/\\\/www.revistarambla.com\\\/flora-duffy-medalla-olimpica-para-el-pais-mas-pequeno\\\/#primaryimage\"},\"image\":{\"@id\":\"https:\\\/\\\/www.revistarambla.com\\\/flora-duffy-medalla-olimpica-para-el-pais-mas-pequeno\\\/#primaryimage\"},\"thumbnailUrl\":\"https:\\\/\\\/www.revistarambla.com\\\/wp-content\\\/uploads\\\/2021\\\/10\\\/unnamed-2.jpg\",\"datePublished\":\"2021-10-05T13:52:50+00:00\",\"dateModified\":\"2024-05-09T17:34:39+00:00\",\"description\":\"El nuevo informe, redactado por el periodista Tom\u00e1s El\u00edas Gonz\u00e1lez Ben\u00edtez, analiza el perfil de Flora Duffy, la atleta que ha hecho historia.\",\"breadcrumb\":{\"@id\":\"https:\\\/\\\/www.revistarambla.com\\\/flora-duffy-medalla-olimpica-para-el-pais-mas-pequeno\\\/#breadcrumb\"},\"inLanguage\":\"en-GB\",\"potentialAction\":[{\"@type\":\"ReadAction\",\"target\":[\"https:\\\/\\\/www.revistarambla.com\\\/flora-duffy-medalla-olimpica-para-el-pais-mas-pequeno\\\/\"]}]},{\"@type\":\"ImageObject\",\"inLanguage\":\"en-GB\",\"@id\":\"https:\\\/\\\/www.revistarambla.com\\\/flora-duffy-medalla-olimpica-para-el-pais-mas-pequeno\\\/#primaryimage\",\"url\":\"https:\\\/\\\/www.revistarambla.com\\\/wp-content\\\/uploads\\\/2021\\\/10\\\/unnamed-2.jpg\",\"contentUrl\":\"https:\\\/\\\/www.revistarambla.com\\\/wp-content\\\/uploads\\\/2021\\\/10\\\/unnamed-2.jpg\",\"width\":512,\"height\":308,\"caption\":\"Flora Duffy juegos ol\u00edmpicos atletismo bermudas\"},{\"@type\":\"BreadcrumbList\",\"@id\":\"https:\\\/\\\/www.revistarambla.com\\\/flora-duffy-medalla-olimpica-para-el-pais-mas-pequeno\\\/#breadcrumb\",\"itemListElement\":[{\"@type\":\"ListItem\",\"position\":1,\"name\":\"Portada\",\"item\":\"https:\\\/\\\/www.revistarambla.com\\\/\"},{\"@type\":\"ListItem\",\"position\":2,\"name\":\"Flora Duffy: medalla ol\u00edmpica para el pa\u00eds m\u00e1s peque\u00f1o\"}]},{\"@type\":\"WebSite\",\"@id\":\"https:\\\/\\\/www.revistarambla.com\\\/#website\",\"url\":\"https:\\\/\\\/www.revistarambla.com\\\/\",\"name\":\"Revista Rambla Barcelona\",\"description\":\"Periodismo independiente\",\"publisher\":{\"@id\":\"https:\\\/\\\/www.revistarambla.com\\\/#organization\"},\"potentialAction\":[{\"@type\":\"SearchAction\",\"target\":{\"@type\":\"EntryPoint\",\"urlTemplate\":\"https:\\\/\\\/www.revistarambla.com\\\/?s={search_term_string}\"},\"query-input\":{\"@type\":\"PropertyValueSpecification\",\"valueRequired\":true,\"valueName\":\"search_term_string\"}}],\"inLanguage\":\"en-GB\"},{\"@type\":\"Organization\",\"@id\":\"https:\\\/\\\/www.revistarambla.com\\\/#organization\",\"name\":\"Revista Rambla\",\"url\":\"https:\\\/\\\/www.revistarambla.com\\\/\",\"logo\":{\"@type\":\"ImageObject\",\"inLanguage\":\"en-GB\",\"@id\":\"https:\\\/\\\/www.revistarambla.com\\\/#\\\/schema\\\/logo\\\/image\\\/\",\"url\":\"https:\\\/\\\/www.revistarambla.com\\\/wp-content\\\/uploads\\\/2020\\\/09\\\/banner_rambla_1900x600_BB.png\",\"contentUrl\":\"https:\\\/\\\/www.revistarambla.com\\\/wp-content\\\/uploads\\\/2020\\\/09\\\/banner_rambla_1900x600_BB.png\",\"width\":1900,\"height\":600,\"caption\":\"Revista Rambla\"},\"image\":{\"@id\":\"https:\\\/\\\/www.revistarambla.com\\\/#\\\/schema\\\/logo\\\/image\\\/\"},\"sameAs\":[\"https:\\\/\\\/www.facebook.com\\\/revistarambla\\\/\",\"https:\\\/\\\/x.com\\\/revistarambla\",\"https:\\\/\\\/www.instagram.com\\\/revista_rambla\",\"https:\\\/\\\/es.linkedin.com\\\/company\\\/revista-rambla\"]},{\"@type\":\"Person\",\"@id\":\"https:\\\/\\\/www.revistarambla.com\\\/#\\\/schema\\\/person\\\/a146a5a2550b94981a75131180e1bd9c\",\"name\":\"R@mbla\",\"description\":\"Este art\u00edculo ha sido redactado y\\\/o validado por el equipo de redacci\u00f3n de Revista Rambla.\",\"sameAs\":[\"https:\\\/\\\/www.revistarambla.com\\\/\",\"https:\\\/\\\/www.facebook.com\\\/revistarambla\",\"https:\\\/\\\/x.com\\\/revistarambla\"]}]}<\/script>\n<!-- \/ Yoast SEO plugin. -->","yoast_head_json":{"title":"Flora Duffy: medalla ol\u00edmpica para el pa\u00eds m\u00e1s peque\u00f1o - Revista Rambla","description":"El nuevo informe, redactado por el periodista Tom\u00e1s El\u00edas Gonz\u00e1lez Ben\u00edtez, analiza el perfil de Flora Duffy, la atleta que ha hecho historia.","robots":{"index":"index","follow":"follow","max-snippet":"max-snippet:-1","max-image-preview":"max-image-preview:large","max-video-preview":"max-video-preview:-1"},"canonical":"https:\/\/www.revistarambla.com\/en\/flora-duffy-medalla-olimpica-para-el-pais-mas-pequeno\/","og_locale":"en_GB","og_type":"article","og_title":"Flora Duffy: medalla ol\u00edmpica para el pa\u00eds m\u00e1s peque\u00f1o - Revista Rambla","og_description":"El nuevo informe, redactado por el periodista Tom\u00e1s El\u00edas Gonz\u00e1lez Ben\u00edtez, analiza el perfil de Flora Duffy, la atleta que ha hecho historia.","og_url":"https:\/\/www.revistarambla.com\/en\/flora-duffy-medalla-olimpica-para-el-pais-mas-pequeno\/","og_site_name":"Revista Rambla","article_publisher":"https:\/\/www.facebook.com\/revistarambla\/","article_author":"https:\/\/www.facebook.com\/revistarambla","article_published_time":"2021-10-05T13:52:50+00:00","article_modified_time":"2024-05-09T17:34:39+00:00","og_image":[{"width":512,"height":308,"url":"https:\/\/www.revistarambla.com\/wp-content\/uploads\/2021\/10\/unnamed-2.jpg","type":"image\/jpeg"}],"author":"R@mbla","twitter_card":"summary_large_image","twitter_creator":"@revistarambla","twitter_site":"@revistarambla","twitter_misc":{"Written by":"R@mbla","Estimated reading time":"3 minutes"},"schema":{"@context":"https:\/\/schema.org","@graph":[{"@type":"Article","@id":"https:\/\/www.revistarambla.com\/flora-duffy-medalla-olimpica-para-el-pais-mas-pequeno\/#article","isPartOf":{"@id":"https:\/\/www.revistarambla.com\/flora-duffy-medalla-olimpica-para-el-pais-mas-pequeno\/"},"author":{"name":"R@mbla","@id":"https:\/\/www.revistarambla.com\/#\/schema\/person\/a146a5a2550b94981a75131180e1bd9c"},"headline":"Flora Duffy: medalla ol\u00edmpica para el pa\u00eds m\u00e1s peque\u00f1o","datePublished":"2021-10-05T13:52:50+00:00","dateModified":"2024-05-09T17:34:39+00:00","mainEntityOfPage":{"@id":"https:\/\/www.revistarambla.com\/flora-duffy-medalla-olimpica-para-el-pais-mas-pequeno\/"},"wordCount":661,"commentCount":0,"publisher":{"@id":"https:\/\/www.revistarambla.com\/#organization"},"image":{"@id":"https:\/\/www.revistarambla.com\/flora-duffy-medalla-olimpica-para-el-pais-mas-pequeno\/#primaryimage"},"thumbnailUrl":"https:\/\/www.revistarambla.com\/wp-content\/uploads\/2021\/10\/unnamed-2.jpg","articleSection":["Otras Noticias"],"inLanguage":"en-GB","potentialAction":[{"@type":"CommentAction","name":"Comment","target":["https:\/\/www.revistarambla.com\/flora-duffy-medalla-olimpica-para-el-pais-mas-pequeno\/#respond"]}]},{"@type":"WebPage","@id":"https:\/\/www.revistarambla.com\/flora-duffy-medalla-olimpica-para-el-pais-mas-pequeno\/","url":"https:\/\/www.revistarambla.com\/flora-duffy-medalla-olimpica-para-el-pais-mas-pequeno\/","name":"Flora Duffy: medalla ol\u00edmpica para el pa\u00eds m\u00e1s peque\u00f1o - Revista Rambla","isPartOf":{"@id":"https:\/\/www.revistarambla.com\/#website"},"primaryImageOfPage":{"@id":"https:\/\/www.revistarambla.com\/flora-duffy-medalla-olimpica-para-el-pais-mas-pequeno\/#primaryimage"},"image":{"@id":"https:\/\/www.revistarambla.com\/flora-duffy-medalla-olimpica-para-el-pais-mas-pequeno\/#primaryimage"},"thumbnailUrl":"https:\/\/www.revistarambla.com\/wp-content\/uploads\/2021\/10\/unnamed-2.jpg","datePublished":"2021-10-05T13:52:50+00:00","dateModified":"2024-05-09T17:34:39+00:00","description":"El nuevo informe, redactado por el periodista Tom\u00e1s El\u00edas Gonz\u00e1lez Ben\u00edtez, analiza el perfil de Flora Duffy, la atleta que ha hecho historia.","breadcrumb":{"@id":"https:\/\/www.revistarambla.com\/flora-duffy-medalla-olimpica-para-el-pais-mas-pequeno\/#breadcrumb"},"inLanguage":"en-GB","potentialAction":[{"@type":"ReadAction","target":["https:\/\/www.revistarambla.com\/flora-duffy-medalla-olimpica-para-el-pais-mas-pequeno\/"]}]},{"@type":"ImageObject","inLanguage":"en-GB","@id":"https:\/\/www.revistarambla.com\/flora-duffy-medalla-olimpica-para-el-pais-mas-pequeno\/#primaryimage","url":"https:\/\/www.revistarambla.com\/wp-content\/uploads\/2021\/10\/unnamed-2.jpg","contentUrl":"https:\/\/www.revistarambla.com\/wp-content\/uploads\/2021\/10\/unnamed-2.jpg","width":512,"height":308,"caption":"Flora Duffy juegos ol\u00edmpicos atletismo bermudas"},{"@type":"BreadcrumbList","@id":"https:\/\/www.revistarambla.com\/flora-duffy-medalla-olimpica-para-el-pais-mas-pequeno\/#breadcrumb","itemListElement":[{"@type":"ListItem","position":1,"name":"Portada","item":"https:\/\/www.revistarambla.com\/"},{"@type":"ListItem","position":2,"name":"Flora Duffy: medalla ol\u00edmpica para el pa\u00eds m\u00e1s peque\u00f1o"}]},{"@type":"WebSite","@id":"https:\/\/www.revistarambla.com\/#website","url":"https:\/\/www.revistarambla.com\/","name":"Revista Rambla Barcelona","description":"Periodismo independiente","publisher":{"@id":"https:\/\/www.revistarambla.com\/#organization"},"potentialAction":[{"@type":"SearchAction","target":{"@type":"EntryPoint","urlTemplate":"https:\/\/www.revistarambla.com\/?s={search_term_string}"},"query-input":{"@type":"PropertyValueSpecification","valueRequired":true,"valueName":"search_term_string"}}],"inLanguage":"en-GB"},{"@type":"Organization","@id":"https:\/\/www.revistarambla.com\/#organization","name":"Revista Rambla","url":"https:\/\/www.revistarambla.com\/","logo":{"@type":"ImageObject","inLanguage":"en-GB","@id":"https:\/\/www.revistarambla.com\/#\/schema\/logo\/image\/","url":"https:\/\/www.revistarambla.com\/wp-content\/uploads\/2020\/09\/banner_rambla_1900x600_BB.png","contentUrl":"https:\/\/www.revistarambla.com\/wp-content\/uploads\/2020\/09\/banner_rambla_1900x600_BB.png","width":1900,"height":600,"caption":"Revista Rambla"},"image":{"@id":"https:\/\/www.revistarambla.com\/#\/schema\/logo\/image\/"},"sameAs":["https:\/\/www.facebook.com\/revistarambla\/","https:\/\/x.com\/revistarambla","https:\/\/www.instagram.com\/revista_rambla","https:\/\/es.linkedin.com\/company\/revista-rambla"]},{"@type":"Person","@id":"https:\/\/www.revistarambla.com\/#\/schema\/person\/a146a5a2550b94981a75131180e1bd9c","name":"R@mbla","description":"Este art\u00edculo ha sido redactado y\/o validado por el equipo de redacci\u00f3n de Revista Rambla.","sameAs":["https:\/\/www.revistarambla.com\/","https:\/\/www.facebook.com\/revistarambla","https:\/\/x.com\/revistarambla"]}]}},"_links":{"self":[{"href":"https:\/\/www.revistarambla.com\/en\/wp-json\/wp\/v2\/posts\/35739","targetHints":{"allow":["GET"]}}],"collection":[{"href":"https:\/\/www.revistarambla.com\/en\/wp-json\/wp\/v2\/posts"}],"about":[{"href":"https:\/\/www.revistarambla.com\/en\/wp-json\/wp\/v2\/types\/post"}],"author":[{"embeddable":true,"href":"https:\/\/www.revistarambla.com\/en\/wp-json\/wp\/v2\/users\/3"}],"replies":[{"embeddable":true,"href":"https:\/\/www.revistarambla.com\/en\/wp-json\/wp\/v2\/comments?post=35739"}],"version-history":[{"count":3,"href":"https:\/\/www.revistarambla.com\/en\/wp-json\/wp\/v2\/posts\/35739\/revisions"}],"predecessor-version":[{"id":60159,"href":"https:\/\/www.revistarambla.com\/en\/wp-json\/wp\/v2\/posts\/35739\/revisions\/60159"}],"wp:featuredmedia":[{"embeddable":true,"href":"https:\/\/www.revistarambla.com\/en\/wp-json\/wp\/v2\/media\/35740"}],"wp:attachment":[{"href":"https:\/\/www.revistarambla.com\/en\/wp-json\/wp\/v2\/media?parent=35739"}],"wp:term":[{"taxonomy":"category","embeddable":true,"href":"https:\/\/www.revistarambla.com\/en\/wp-json\/wp\/v2\/categories?post=35739"},{"taxonomy":"post_tag","embeddable":true,"href":"https:\/\/www.revistarambla.com\/en\/wp-json\/wp\/v2\/tags?post=35739"}],"curies":[{"name":"wp","href":"https:\/\/api.w.org\/{rel}","templated":true}]}}