{"id":35733,"date":"2021-10-05T12:36:28","date_gmt":"2021-10-05T10:36:28","guid":{"rendered":"https:\/\/www.revistarambla.com\/?p=35733"},"modified":"2021-12-08T16:46:09","modified_gmt":"2021-12-08T15:46:09","slug":"josep-maria-forn-el-publico-se-hizo-suya-la-piel-quemada","status":"publish","type":"post","link":"https:\/\/www.revistarambla.com\/en\/josep-maria-forn-el-publico-se-hizo-suya-la-piel-quemada\/","title":{"rendered":"Josep Maria Forn: \u00abEl p\u00fablico se hizo suya &#8216;La piel quemada'\u00bb"},"content":{"rendered":"<p>El director de cine <strong>Josep Maria Forn<\/strong> habl\u00f3 con <em>Revista Rambla<\/em> cuando acababa de recibir en el a\u00f1o 2010 el premio Gaud\u00ed de Honor por toda su carrera. La Acad\u00e8mia del Cinema Catal\u00e0 le entreg\u00f3 este reconocimiento durante una ceremonia celebrada en el Cinema Coliseum de Barcelona.<\/p>\n<p>En el curr\u00edculum de <strong>Josep Maria Forn<\/strong> siempre destac\u00f3 <em>La piel quemada<\/em>. Su pel\u00edcula se estren\u00f3 hace 50 a\u00f1os, pero ahora, cuando su director acaba de fallecer, sigue siendo m\u00e1s vigente que nunca. Habla de la inmigraci\u00f3n como pocas pel\u00edculas europeas lo han hecho.<\/p>\n<figure id=\"attachment_35734\" aria-describedby=\"caption-attachment-35734\" style=\"width: 350px\" class=\"wp-caption alignright\"><img decoding=\"async\" class=\"wp-image-35734\" src=\"https:\/\/www.revistarambla.com\/wp-content\/uploads\/2021\/10\/JOSEP-MARIA-FORN-Foto-de-Joan-Maria-Arenaza-280x300.jpg\" alt=\"\" width=\"350\" height=\"375\" srcset=\"https:\/\/www.revistarambla.com\/wp-content\/uploads\/2021\/10\/JOSEP-MARIA-FORN-Foto-de-Joan-Maria-Arenaza-280x300.jpg 280w, https:\/\/www.revistarambla.com\/wp-content\/uploads\/2021\/10\/JOSEP-MARIA-FORN-Foto-de-Joan-Maria-Arenaza-957x1024.jpg 957w, https:\/\/www.revistarambla.com\/wp-content\/uploads\/2021\/10\/JOSEP-MARIA-FORN-Foto-de-Joan-Maria-Arenaza-768x822.jpg 768w, https:\/\/www.revistarambla.com\/wp-content\/uploads\/2021\/10\/JOSEP-MARIA-FORN-Foto-de-Joan-Maria-Arenaza-1436x1536.jpg 1436w, https:\/\/www.revistarambla.com\/wp-content\/uploads\/2021\/10\/JOSEP-MARIA-FORN-Foto-de-Joan-Maria-Arenaza-scaled.jpg 1914w, https:\/\/www.revistarambla.com\/wp-content\/uploads\/2021\/10\/JOSEP-MARIA-FORN-Foto-de-Joan-Maria-Arenaza-1024x1096.jpg 1024w\" sizes=\"(max-width: 350px) 100vw, 350px\" \/><figcaption id=\"caption-attachment-35734\" class=\"wp-caption-text\">Josep Maria Forn. (Foto: JM Arenaza)<\/figcaption><\/figure>\n<p><b>\u00bfQu\u00e9 supone haber recibido el galard\u00f3n Gaud\u00ed d\u2019Honor?\u00a0<\/b><\/p>\n<p>(se r\u00ede) Por un lado, parece que est\u00e1n pensando que ya me voy\u2026 Aparte de eso, hay un cierto reconocimiento a una tarea. Lo dije en la ceremonia de los premios. Este mes de marzo pasado hace 62 a\u00f1os que entr\u00e9 por primera vez en unos estudios de cine. Son muchas pel\u00edculas, muchas historias. Y contin\u00fao haciendo cine.<\/p>\n<p><b>\u00bfY c\u00f3mo le va con <em>El Coronel Maci\u00e0<\/em>?\u00a0<\/b><\/p>\n<p>Pues acab\u00f3 de estrenar <em>El Coronel Maci\u00e0<\/em> en Perpiny\u00e0 y me lo ha cogido un distribuidor de Perpiny\u00e0 que lo llevar\u00e1 a ciudades como Cannes, Niza, Montpellier y Prades. El d\u00eda del preestreno de <em>El Coronel Maci\u00e0<\/em> en Perpiny\u00e0 estuvo presente en el coloquio Jacques Font, que es el propietario del famoso cine de Perpiny\u00e0, El Castillet. Es ese cine al que tanta gente fue durante los a\u00f1os 70 a ver pel\u00edculas prohibidas en Espa\u00f1a. Jacques Font dijo que la pel\u00edcula le hab\u00eda tocado el coraz\u00f3n y que la quer\u00eda estrenar en Par\u00eds porque este empresario tiene 200 cines en toda Francia.<\/p>\n<p><b>Igual piensa en una continuaci\u00f3n.\u00a0<\/b><\/p>\n<p>La tengo en la cabeza, pero no quiero escribir nada hasta que vea que se pueda rodar.<\/p>\n<p><b>D\u00e9cadas despu\u00e9s y se sigue hablando de su pel\u00edcula <em>La piel quemada<\/em>, porque este mes de mayo se pasar\u00e1 en el Lincoln Center de Washington en un ciclo de cine catal\u00e1n. La han elegido como una de las obras m\u00e1s representativas del cine catal\u00e1n.\u00a0<\/b><\/p>\n<p>Hay pel\u00edculas que nacen de pie. De la misma manera, hay pel\u00edculas que nacen malditas. Me viene a la cabeza una cosa. Me hace mucha gracia lo que dice Joan Ignasi Guardans, el responsable del Instituto de la Cinematograf\u00eda. Ha propuesto que aqu\u00ed hay que hacer menos pel\u00edculas. Industrialmente, est\u00e1 bien pensado porque el cine espa\u00f1ol no se puede permitir producir 180 pel\u00edculas al a\u00f1o.<\/p>\n<p><b>No hay mercado para tanto cine espa\u00f1ol.\u00a0<\/b><\/p>\n<p>Es evidente. Guardans proponer hacer menos pel\u00edculas pero de m\u00e1s coste y mayor calidad. Pues no. Esto no va ligado. Si fuera as\u00ed, la Metro, la Paramount y las grandes productoras de Hollywood acertar\u00edan siempre. Y se equivocan bastante. Se equivoca todo el mundo porque, a veces, el \u00e9xito salta sin saber el motivo.<\/p>\n<p><b>\u00bfNo se sabe las causas del \u00e9xito de una pel\u00edcula?\u00a0<\/b><\/p>\n<p>Mi teor\u00eda es que t\u00fa haces la pel\u00edcula y luego, sin que te des cuenta, en la pel\u00edcula se cuelan cosas. La pel\u00edcula no se realiza hasta que el p\u00fablico la ve y el p\u00fablico ve cosas que t\u00fa no has puesto, pero que est\u00e1n all\u00ed. Esto parece una entelequia, pero no lo es.<\/p>\n<p><b>Digamos que la gente se identifica con la pel\u00edcula.\u00a0<\/b><\/p>\n<p>Exacto. T\u00fa has ideado unas escenas para que funcionen y no pasa como pensabas. El gag que cre\u00edas que iba a funcionar, no funciona. En cambio, otro s\u00ed que funciona bien. Hay un sentimiento colectivo cuando el p\u00fablico conecta con una pel\u00edcula. Una obra cara no tiene por qu\u00e9 funcionar obligatoriamente. El cine es, por suerte, que la gente se haga suya la pel\u00edcula.<\/p>\n<p><b>\u00bfY qu\u00e9 tiene, entonces, <em>La piel quemada<\/em>?\u00a0<\/b><\/p>\n<p>Algo tiene\u2026 Yo quer\u00eda hacer neorrealismo porque me rebelaba ante el cine escapista que se hac\u00eda en Espa\u00f1a. Se presentaba una sociedad falsa. Por ejemplo, en el uso de decorados en las pel\u00edculas. No era cierto que la gente de Madrid, Barcelona o Sevilla viviera en esas casas. Era falso. \u201cLa piel quemada\u201d hablaba de la inmigraci\u00f3n y el turismo, que eran dos fen\u00f3menos aut\u00e9nticos de los a\u00f1os sesenta, que pasaban en verdad.<\/p>\n<p><b>Un director de su generaci\u00f3n, Jos\u00e9 Mar\u00eda Nunes, se ha muerto recientemente. \u00bfQu\u00e9 opina de \u00e9l?\u00a0<\/b><\/p>\n<p>Le quer\u00eda como un hermano. Era una gran persona. Aunque somos de la misma edad y hac\u00edamos las mismas cosas, su cine no me interesaba demasiado. Pero yo distingo entre mi opini\u00f3n personal y entre el Nunes amigo m\u00edo personal. \u00c9l era un enamorado del cine. Hace muy poco estuve con \u00e9l y estuvimos hablando de \u201cEl Coronel Maci\u00e0\u201d, que le hab\u00eda gustado mucho. Era una persona extraordinaria. Es el \u00faltimo anarquista que quedaba.<\/p>\n<p><b>\u00bfCu\u00e1l ser\u00e1 la herencia de Nunes?\u00a0<\/b><\/p>\n<p>Quedar\u00e1n pel\u00edculas como \u201cNoches de vino tinto\u201d, de la que soy un fan. Es una pel\u00edcula extraordinaria, fruto de un momento determinado. \u201cNoches de vino tinto\u201d me enamor\u00f3. Despu\u00e9s, muchas de sus obras no me gustaron tanto, pero \u00e9l era un rom\u00e1ntico de cine y eso se lo tenemos que agradecer siempre.<\/p>","protected":false},"excerpt":{"rendered":"<p>El director de cine Josep Maria Forn habl\u00f3 con Revista Rambla cuando acababa de recibir en el a\u00f1o 2010 el premio Gaud\u00ed de Honor por toda su carrera. La Acad\u00e8mia del Cinema Catal\u00e0 le entreg\u00f3 este reconocimiento durante una ceremonia celebrada en el Cinema Coliseum de Barcelona. En el curr\u00edculum [&hellip;]<\/p>\n","protected":false},"author":33,"featured_media":35734,"comment_status":"open","ping_status":"open","sticky":false,"template":"","format":"standard","meta":{"footnotes":""},"categories":[61,4],"tags":[],"class_list":["post-35733","post","type-post","status-publish","format-standard","has-post-thumbnail","hentry","category-cine","category-cultura"],"yoast_head":"<!-- This site is optimized with the Yoast SEO plugin v27.5 - https:\/\/yoast.com\/product\/yoast-seo-wordpress\/ -->\n<title>Josep Maria Forn: &quot;El p\u00fablico se hizo suya &#039;La piel quemada&#039;&quot; - Revista Rambla<\/title>\n<meta name=\"robots\" content=\"index, follow, max-snippet:-1, max-image-preview:large, max-video-preview:-1\" \/>\n<link rel=\"canonical\" href=\"https:\/\/www.revistarambla.com\/en\/josep-maria-forn-el-publico-se-hizo-suya-la-piel-quemada\/\" \/>\n<meta property=\"og:locale\" content=\"en_GB\" \/>\n<meta property=\"og:type\" content=\"article\" \/>\n<meta property=\"og:title\" content=\"Josep Maria Forn: &quot;El p\u00fablico se hizo suya &#039;La piel quemada&#039;&quot; - Revista Rambla\" \/>\n<meta property=\"og:description\" content=\"El director de cine Josep Maria Forn habl\u00f3 con Revista Rambla cuando acababa de recibir en el a\u00f1o 2010 el premio Gaud\u00ed de Honor por toda su carrera. La Acad\u00e8mia del Cinema Catal\u00e0 le entreg\u00f3 este reconocimiento durante una ceremonia celebrada en el Cinema Coliseum de Barcelona. En el curr\u00edculum [&hellip;]\" \/>\n<meta property=\"og:url\" content=\"https:\/\/www.revistarambla.com\/en\/josep-maria-forn-el-publico-se-hizo-suya-la-piel-quemada\/\" \/>\n<meta property=\"og:site_name\" content=\"Revista Rambla\" \/>\n<meta property=\"article:publisher\" content=\"https:\/\/www.facebook.com\/revistarambla\/\" \/>\n<meta property=\"article:published_time\" content=\"2021-10-05T10:36:28+00:00\" \/>\n<meta property=\"article:modified_time\" content=\"2021-12-08T15:46:09+00:00\" \/>\n<meta property=\"og:image\" content=\"https:\/\/www.revistarambla.com\/wp-content\/uploads\/2021\/10\/JOSEP-MARIA-FORN-Foto-de-Joan-Maria-Arenaza-scaled.jpg\" \/>\n\t<meta property=\"og:image:width\" content=\"1914\" \/>\n\t<meta property=\"og:image:height\" content=\"2048\" \/>\n\t<meta property=\"og:image:type\" content=\"image\/jpeg\" \/>\n<meta name=\"author\" content=\"\u00c0lex M. Franquet\" \/>\n<meta name=\"twitter:card\" content=\"summary_large_image\" \/>\n<meta name=\"twitter:creator\" content=\"@revistarambla\" \/>\n<meta name=\"twitter:site\" content=\"@revistarambla\" \/>\n<meta name=\"twitter:label1\" content=\"Written by\" \/>\n\t<meta name=\"twitter:data1\" content=\"\u00c0lex M. Franquet\" \/>\n\t<meta name=\"twitter:label2\" content=\"Estimated reading time\" \/>\n\t<meta name=\"twitter:data2\" content=\"4 minutes\" \/>\n<script type=\"application\/ld+json\" class=\"yoast-schema-graph\">{\"@context\":\"https:\\\/\\\/schema.org\",\"@graph\":[{\"@type\":\"Article\",\"@id\":\"https:\\\/\\\/www.revistarambla.com\\\/josep-maria-forn-el-publico-se-hizo-suya-la-piel-quemada\\\/#article\",\"isPartOf\":{\"@id\":\"https:\\\/\\\/www.revistarambla.com\\\/josep-maria-forn-el-publico-se-hizo-suya-la-piel-quemada\\\/\"},\"author\":{\"name\":\"\u00c0lex M. Franquet\",\"@id\":\"https:\\\/\\\/www.revistarambla.com\\\/#\\\/schema\\\/person\\\/f970e20c8f452a7910eb4defa5fe7d7d\"},\"headline\":\"Josep Maria Forn: \u00abEl p\u00fablico se hizo suya &#8216;La piel quemada'\u00bb\",\"datePublished\":\"2021-10-05T10:36:28+00:00\",\"dateModified\":\"2021-12-08T15:46:09+00:00\",\"mainEntityOfPage\":{\"@id\":\"https:\\\/\\\/www.revistarambla.com\\\/josep-maria-forn-el-publico-se-hizo-suya-la-piel-quemada\\\/\"},\"wordCount\":920,\"commentCount\":0,\"publisher\":{\"@id\":\"https:\\\/\\\/www.revistarambla.com\\\/#organization\"},\"image\":{\"@id\":\"https:\\\/\\\/www.revistarambla.com\\\/josep-maria-forn-el-publico-se-hizo-suya-la-piel-quemada\\\/#primaryimage\"},\"thumbnailUrl\":\"https:\\\/\\\/www.revistarambla.com\\\/wp-content\\\/uploads\\\/2021\\\/10\\\/JOSEP-MARIA-FORN-Foto-de-Joan-Maria-Arenaza-scaled.jpg\",\"articleSection\":[\"Cine &amp; Series\",\"Cultura\"],\"inLanguage\":\"en-GB\",\"potentialAction\":[{\"@type\":\"CommentAction\",\"name\":\"Comment\",\"target\":[\"https:\\\/\\\/www.revistarambla.com\\\/josep-maria-forn-el-publico-se-hizo-suya-la-piel-quemada\\\/#respond\"]}]},{\"@type\":\"WebPage\",\"@id\":\"https:\\\/\\\/www.revistarambla.com\\\/josep-maria-forn-el-publico-se-hizo-suya-la-piel-quemada\\\/\",\"url\":\"https:\\\/\\\/www.revistarambla.com\\\/josep-maria-forn-el-publico-se-hizo-suya-la-piel-quemada\\\/\",\"name\":\"Josep Maria Forn: \\\"El p\u00fablico se hizo suya 'La piel quemada'\\\" - Revista Rambla\",\"isPartOf\":{\"@id\":\"https:\\\/\\\/www.revistarambla.com\\\/#website\"},\"primaryImageOfPage\":{\"@id\":\"https:\\\/\\\/www.revistarambla.com\\\/josep-maria-forn-el-publico-se-hizo-suya-la-piel-quemada\\\/#primaryimage\"},\"image\":{\"@id\":\"https:\\\/\\\/www.revistarambla.com\\\/josep-maria-forn-el-publico-se-hizo-suya-la-piel-quemada\\\/#primaryimage\"},\"thumbnailUrl\":\"https:\\\/\\\/www.revistarambla.com\\\/wp-content\\\/uploads\\\/2021\\\/10\\\/JOSEP-MARIA-FORN-Foto-de-Joan-Maria-Arenaza-scaled.jpg\",\"datePublished\":\"2021-10-05T10:36:28+00:00\",\"dateModified\":\"2021-12-08T15:46:09+00:00\",\"breadcrumb\":{\"@id\":\"https:\\\/\\\/www.revistarambla.com\\\/josep-maria-forn-el-publico-se-hizo-suya-la-piel-quemada\\\/#breadcrumb\"},\"inLanguage\":\"en-GB\",\"potentialAction\":[{\"@type\":\"ReadAction\",\"target\":[\"https:\\\/\\\/www.revistarambla.com\\\/josep-maria-forn-el-publico-se-hizo-suya-la-piel-quemada\\\/\"]}]},{\"@type\":\"ImageObject\",\"inLanguage\":\"en-GB\",\"@id\":\"https:\\\/\\\/www.revistarambla.com\\\/josep-maria-forn-el-publico-se-hizo-suya-la-piel-quemada\\\/#primaryimage\",\"url\":\"https:\\\/\\\/www.revistarambla.com\\\/wp-content\\\/uploads\\\/2021\\\/10\\\/JOSEP-MARIA-FORN-Foto-de-Joan-Maria-Arenaza-scaled.jpg\",\"contentUrl\":\"https:\\\/\\\/www.revistarambla.com\\\/wp-content\\\/uploads\\\/2021\\\/10\\\/JOSEP-MARIA-FORN-Foto-de-Joan-Maria-Arenaza-scaled.jpg\",\"width\":1914,\"height\":2048},{\"@type\":\"BreadcrumbList\",\"@id\":\"https:\\\/\\\/www.revistarambla.com\\\/josep-maria-forn-el-publico-se-hizo-suya-la-piel-quemada\\\/#breadcrumb\",\"itemListElement\":[{\"@type\":\"ListItem\",\"position\":1,\"name\":\"Portada\",\"item\":\"https:\\\/\\\/www.revistarambla.com\\\/\"},{\"@type\":\"ListItem\",\"position\":2,\"name\":\"Josep Maria Forn: \u00abEl p\u00fablico se hizo suya &#8216;La piel quemada'\u00bb\"}]},{\"@type\":\"WebSite\",\"@id\":\"https:\\\/\\\/www.revistarambla.com\\\/#website\",\"url\":\"https:\\\/\\\/www.revistarambla.com\\\/\",\"name\":\"Revista Rambla Barcelona\",\"description\":\"Periodismo independiente\",\"publisher\":{\"@id\":\"https:\\\/\\\/www.revistarambla.com\\\/#organization\"},\"potentialAction\":[{\"@type\":\"SearchAction\",\"target\":{\"@type\":\"EntryPoint\",\"urlTemplate\":\"https:\\\/\\\/www.revistarambla.com\\\/?s={search_term_string}\"},\"query-input\":{\"@type\":\"PropertyValueSpecification\",\"valueRequired\":true,\"valueName\":\"search_term_string\"}}],\"inLanguage\":\"en-GB\"},{\"@type\":\"Organization\",\"@id\":\"https:\\\/\\\/www.revistarambla.com\\\/#organization\",\"name\":\"Revista Rambla\",\"url\":\"https:\\\/\\\/www.revistarambla.com\\\/\",\"logo\":{\"@type\":\"ImageObject\",\"inLanguage\":\"en-GB\",\"@id\":\"https:\\\/\\\/www.revistarambla.com\\\/#\\\/schema\\\/logo\\\/image\\\/\",\"url\":\"https:\\\/\\\/www.revistarambla.com\\\/wp-content\\\/uploads\\\/2020\\\/09\\\/banner_rambla_1900x600_BB.png\",\"contentUrl\":\"https:\\\/\\\/www.revistarambla.com\\\/wp-content\\\/uploads\\\/2020\\\/09\\\/banner_rambla_1900x600_BB.png\",\"width\":1900,\"height\":600,\"caption\":\"Revista Rambla\"},\"image\":{\"@id\":\"https:\\\/\\\/www.revistarambla.com\\\/#\\\/schema\\\/logo\\\/image\\\/\"},\"sameAs\":[\"https:\\\/\\\/www.facebook.com\\\/revistarambla\\\/\",\"https:\\\/\\\/x.com\\\/revistarambla\",\"https:\\\/\\\/www.instagram.com\\\/revista_rambla\",\"https:\\\/\\\/es.linkedin.com\\\/company\\\/revista-rambla\"]},{\"@type\":\"Person\",\"@id\":\"https:\\\/\\\/www.revistarambla.com\\\/#\\\/schema\\\/person\\\/f970e20c8f452a7910eb4defa5fe7d7d\",\"name\":\"\u00c0lex M. Franquet\",\"description\":\"-\",\"sameAs\":[\"https:\\\/\\\/www.revistarambla.com\\\/\"]}]}<\/script>\n<!-- \/ Yoast SEO plugin. -->","yoast_head_json":{"title":"Josep Maria Forn: \"El p\u00fablico se hizo suya 'La piel quemada'\" - Revista Rambla","robots":{"index":"index","follow":"follow","max-snippet":"max-snippet:-1","max-image-preview":"max-image-preview:large","max-video-preview":"max-video-preview:-1"},"canonical":"https:\/\/www.revistarambla.com\/en\/josep-maria-forn-el-publico-se-hizo-suya-la-piel-quemada\/","og_locale":"en_GB","og_type":"article","og_title":"Josep Maria Forn: \"El p\u00fablico se hizo suya 'La piel quemada'\" - Revista Rambla","og_description":"El director de cine Josep Maria Forn habl\u00f3 con Revista Rambla cuando acababa de recibir en el a\u00f1o 2010 el premio Gaud\u00ed de Honor por toda su carrera. La Acad\u00e8mia del Cinema Catal\u00e0 le entreg\u00f3 este reconocimiento durante una ceremonia celebrada en el Cinema Coliseum de Barcelona. En el curr\u00edculum [&hellip;]","og_url":"https:\/\/www.revistarambla.com\/en\/josep-maria-forn-el-publico-se-hizo-suya-la-piel-quemada\/","og_site_name":"Revista Rambla","article_publisher":"https:\/\/www.facebook.com\/revistarambla\/","article_published_time":"2021-10-05T10:36:28+00:00","article_modified_time":"2021-12-08T15:46:09+00:00","og_image":[{"width":1914,"height":2048,"url":"https:\/\/www.revistarambla.com\/wp-content\/uploads\/2021\/10\/JOSEP-MARIA-FORN-Foto-de-Joan-Maria-Arenaza-scaled.jpg","type":"image\/jpeg"}],"author":"\u00c0lex M. Franquet","twitter_card":"summary_large_image","twitter_creator":"@revistarambla","twitter_site":"@revistarambla","twitter_misc":{"Written by":"\u00c0lex M. Franquet","Estimated reading time":"4 minutes"},"schema":{"@context":"https:\/\/schema.org","@graph":[{"@type":"Article","@id":"https:\/\/www.revistarambla.com\/josep-maria-forn-el-publico-se-hizo-suya-la-piel-quemada\/#article","isPartOf":{"@id":"https:\/\/www.revistarambla.com\/josep-maria-forn-el-publico-se-hizo-suya-la-piel-quemada\/"},"author":{"name":"\u00c0lex M. Franquet","@id":"https:\/\/www.revistarambla.com\/#\/schema\/person\/f970e20c8f452a7910eb4defa5fe7d7d"},"headline":"Josep Maria Forn: \u00abEl p\u00fablico se hizo suya &#8216;La piel quemada'\u00bb","datePublished":"2021-10-05T10:36:28+00:00","dateModified":"2021-12-08T15:46:09+00:00","mainEntityOfPage":{"@id":"https:\/\/www.revistarambla.com\/josep-maria-forn-el-publico-se-hizo-suya-la-piel-quemada\/"},"wordCount":920,"commentCount":0,"publisher":{"@id":"https:\/\/www.revistarambla.com\/#organization"},"image":{"@id":"https:\/\/www.revistarambla.com\/josep-maria-forn-el-publico-se-hizo-suya-la-piel-quemada\/#primaryimage"},"thumbnailUrl":"https:\/\/www.revistarambla.com\/wp-content\/uploads\/2021\/10\/JOSEP-MARIA-FORN-Foto-de-Joan-Maria-Arenaza-scaled.jpg","articleSection":["Cine &amp; Series","Cultura"],"inLanguage":"en-GB","potentialAction":[{"@type":"CommentAction","name":"Comment","target":["https:\/\/www.revistarambla.com\/josep-maria-forn-el-publico-se-hizo-suya-la-piel-quemada\/#respond"]}]},{"@type":"WebPage","@id":"https:\/\/www.revistarambla.com\/josep-maria-forn-el-publico-se-hizo-suya-la-piel-quemada\/","url":"https:\/\/www.revistarambla.com\/josep-maria-forn-el-publico-se-hizo-suya-la-piel-quemada\/","name":"Josep Maria Forn: \"El p\u00fablico se hizo suya 'La piel quemada'\" - Revista Rambla","isPartOf":{"@id":"https:\/\/www.revistarambla.com\/#website"},"primaryImageOfPage":{"@id":"https:\/\/www.revistarambla.com\/josep-maria-forn-el-publico-se-hizo-suya-la-piel-quemada\/#primaryimage"},"image":{"@id":"https:\/\/www.revistarambla.com\/josep-maria-forn-el-publico-se-hizo-suya-la-piel-quemada\/#primaryimage"},"thumbnailUrl":"https:\/\/www.revistarambla.com\/wp-content\/uploads\/2021\/10\/JOSEP-MARIA-FORN-Foto-de-Joan-Maria-Arenaza-scaled.jpg","datePublished":"2021-10-05T10:36:28+00:00","dateModified":"2021-12-08T15:46:09+00:00","breadcrumb":{"@id":"https:\/\/www.revistarambla.com\/josep-maria-forn-el-publico-se-hizo-suya-la-piel-quemada\/#breadcrumb"},"inLanguage":"en-GB","potentialAction":[{"@type":"ReadAction","target":["https:\/\/www.revistarambla.com\/josep-maria-forn-el-publico-se-hizo-suya-la-piel-quemada\/"]}]},{"@type":"ImageObject","inLanguage":"en-GB","@id":"https:\/\/www.revistarambla.com\/josep-maria-forn-el-publico-se-hizo-suya-la-piel-quemada\/#primaryimage","url":"https:\/\/www.revistarambla.com\/wp-content\/uploads\/2021\/10\/JOSEP-MARIA-FORN-Foto-de-Joan-Maria-Arenaza-scaled.jpg","contentUrl":"https:\/\/www.revistarambla.com\/wp-content\/uploads\/2021\/10\/JOSEP-MARIA-FORN-Foto-de-Joan-Maria-Arenaza-scaled.jpg","width":1914,"height":2048},{"@type":"BreadcrumbList","@id":"https:\/\/www.revistarambla.com\/josep-maria-forn-el-publico-se-hizo-suya-la-piel-quemada\/#breadcrumb","itemListElement":[{"@type":"ListItem","position":1,"name":"Portada","item":"https:\/\/www.revistarambla.com\/"},{"@type":"ListItem","position":2,"name":"Josep Maria Forn: \u00abEl p\u00fablico se hizo suya &#8216;La piel quemada'\u00bb"}]},{"@type":"WebSite","@id":"https:\/\/www.revistarambla.com\/#website","url":"https:\/\/www.revistarambla.com\/","name":"Revista Rambla Barcelona","description":"Periodismo independiente","publisher":{"@id":"https:\/\/www.revistarambla.com\/#organization"},"potentialAction":[{"@type":"SearchAction","target":{"@type":"EntryPoint","urlTemplate":"https:\/\/www.revistarambla.com\/?s={search_term_string}"},"query-input":{"@type":"PropertyValueSpecification","valueRequired":true,"valueName":"search_term_string"}}],"inLanguage":"en-GB"},{"@type":"Organization","@id":"https:\/\/www.revistarambla.com\/#organization","name":"Revista Rambla","url":"https:\/\/www.revistarambla.com\/","logo":{"@type":"ImageObject","inLanguage":"en-GB","@id":"https:\/\/www.revistarambla.com\/#\/schema\/logo\/image\/","url":"https:\/\/www.revistarambla.com\/wp-content\/uploads\/2020\/09\/banner_rambla_1900x600_BB.png","contentUrl":"https:\/\/www.revistarambla.com\/wp-content\/uploads\/2020\/09\/banner_rambla_1900x600_BB.png","width":1900,"height":600,"caption":"Revista Rambla"},"image":{"@id":"https:\/\/www.revistarambla.com\/#\/schema\/logo\/image\/"},"sameAs":["https:\/\/www.facebook.com\/revistarambla\/","https:\/\/x.com\/revistarambla","https:\/\/www.instagram.com\/revista_rambla","https:\/\/es.linkedin.com\/company\/revista-rambla"]},{"@type":"Person","@id":"https:\/\/www.revistarambla.com\/#\/schema\/person\/f970e20c8f452a7910eb4defa5fe7d7d","name":"\u00c0lex M. Franquet","description":"-","sameAs":["https:\/\/www.revistarambla.com\/"]}]}},"_links":{"self":[{"href":"https:\/\/www.revistarambla.com\/en\/wp-json\/wp\/v2\/posts\/35733","targetHints":{"allow":["GET"]}}],"collection":[{"href":"https:\/\/www.revistarambla.com\/en\/wp-json\/wp\/v2\/posts"}],"about":[{"href":"https:\/\/www.revistarambla.com\/en\/wp-json\/wp\/v2\/types\/post"}],"author":[{"embeddable":true,"href":"https:\/\/www.revistarambla.com\/en\/wp-json\/wp\/v2\/users\/33"}],"replies":[{"embeddable":true,"href":"https:\/\/www.revistarambla.com\/en\/wp-json\/wp\/v2\/comments?post=35733"}],"version-history":[{"count":0,"href":"https:\/\/www.revistarambla.com\/en\/wp-json\/wp\/v2\/posts\/35733\/revisions"}],"wp:featuredmedia":[{"embeddable":true,"href":"https:\/\/www.revistarambla.com\/en\/wp-json\/wp\/v2\/media\/35734"}],"wp:attachment":[{"href":"https:\/\/www.revistarambla.com\/en\/wp-json\/wp\/v2\/media?parent=35733"}],"wp:term":[{"taxonomy":"category","embeddable":true,"href":"https:\/\/www.revistarambla.com\/en\/wp-json\/wp\/v2\/categories?post=35733"},{"taxonomy":"post_tag","embeddable":true,"href":"https:\/\/www.revistarambla.com\/en\/wp-json\/wp\/v2\/tags?post=35733"}],"curies":[{"name":"wp","href":"https:\/\/api.w.org\/{rel}","templated":true}]}}