{"id":35647,"date":"2021-09-29T19:33:01","date_gmt":"2021-09-29T17:33:01","guid":{"rendered":"https:\/\/www.revistarambla.com\/?p=35647"},"modified":"2021-09-29T19:34:45","modified_gmt":"2021-09-29T17:34:45","slug":"el-lem-2021-presenta-catorce-conciertos-con-lo-mejor-de-la-musica-experimental","status":"publish","type":"post","link":"https:\/\/www.revistarambla.com\/en\/el-lem-2021-presenta-catorce-conciertos-con-lo-mejor-de-la-musica-experimental\/","title":{"rendered":"El LEM 2021 presenta catorce conciertos con lo mejor de la m\u00fasica experimental"},"content":{"rendered":"<p><img decoding=\"async\" class=\"aligncenter wp-image-35651 size-full\" src=\"https:\/\/www.revistarambla.com\/wp-content\/uploads\/2021\/09\/11.jpg\" alt=\"\" width=\"640\" height=\"427\" srcset=\"https:\/\/www.revistarambla.com\/wp-content\/uploads\/2021\/09\/11.jpg 640w, https:\/\/www.revistarambla.com\/wp-content\/uploads\/2021\/09\/11-300x200.jpg 300w\" sizes=\"(max-width: 640px) 100vw, 640px\" \/><\/p>\n<p>Gr\u00e0cia Territori Sonor ha presentado la <strong>26\u00aa edici\u00f3n del Encuentro de M\u00fasicas Experimentales de Gr\u00e0cia-Barcelona<\/strong>, el Dispositivo LEM. En un acto que ha tenido lugar en el Centre Artes\u00e0 Traidicion\u00e0rius, lleno hasta la bandera en aforo pand\u00e9mico, la entidad, que este a\u00f1o celebra su 25\u00ba aniversario, ha presentado un cartel que llevar\u00e1, durante el pr\u00f3ximo mes de octubre, a nombres destacados de la experimentaci\u00f3n de nuestro pa\u00eds y del extranjero, pese a las restricciones de la Covid<strong>. El festival durar\u00e1 del 1 al 30 de octubre<\/strong> y se puede consultar el programa en su\u00a0<a href=\"https:\/\/lemfestival.wordpress.com\/lem-2021\/programa-lem-2021\/\">p\u00e1gina web<\/a>.<\/p>\n<p>El LEM arrancar\u00e1 este viernes 1 de octubre con la presentaci\u00f3n del disco &#8216;Kala of the Unspoken&#8217; de <strong>Black Flower<\/strong> en el Col\u00b7legi Major Universitari Ramon Llull. A la rueda de prensa han asistido autoridades representativas de las principales instituciones culturales de la ciudad y de Catalu\u00f1a: <strong>Xavier Cester<\/strong>, del Institut Catal\u00e0 d&#8217;Ind\u00fastries Culturals (Generalitat de Catalunya); <strong>Daniel Granados<\/strong>, Delegat de Drets Culturals de l&#8217;Ajuntament de Barcelona; <strong>Cristina Carrera<\/strong>, consejera de Cultura del distrito de Gr\u00e0cia, y el exconsejero de Cultura y presidente del distrito de Gr\u00e0cia <strong>Ferran Masacarell<\/strong>. Una muestra de la importancia del festival que, aunque peque\u00f1o, es relevante en el panorama cultural y art\u00edstico de Barcelona. En este sentido, <strong>Daniel Granados<\/strong> ha afirmado que el LEM es un festival \u00ab<strong>de ciudad<\/strong>\u00bb y que \u00abno es macro, afortunadamente,\u00bb y ha destacado el arraigo al barrio y la red que ha tejido durante todos estos a\u00f1os.<\/p>\n<p><img decoding=\"async\" class=\"alignright\" src=\"https:\/\/www.revistarambla.com\/wp-content\/uploads\/2021\/09\/5-300x199.jpg\" alt=\"\" width=\"300\" height=\"199\" \/><\/p>\n<p>Del death metal ac\u00fastico y free-jazz de <strong>INHUMANKIND<\/strong> a la psicod\u00e9lia de los barceloneses <strong>Lubianka<\/strong>, pasando por <strong>N\u00faria Andorr\u00e0<\/strong>, que estrenar\u00e1 su \u00faltimo proyecto, &#8216;Nu.A&#8217;, tras recibir el <strong>Premio Al\u00edcia de la Academia Catalana de la M\u00fasica<\/strong>, Gr\u00e0cia Territori Sonor ha presentado un cartel repleto de propuestas atrevidas e innovadoras que, como ha declarado la presidenta de la entidad y directora art\u00edstica del Dispositivo, <strong>Maria Vadell<\/strong>, es una \u00ab<strong>m\u00fasica normal<\/strong>\u00ab. El jefe de comunicaci\u00f3n del LEM, Aleix Salvans, ha destacado el regreso del <strong>\u00c0gape<\/strong>, la combinaci\u00f3n de m\u00fasica, poes\u00eda y gastronom\u00eda que tiene lugar en Casa Almirall, y que este a\u00f1o reunir\u00e1 a <strong>Laura Llaneli<\/strong>, <strong>Mar\u00eda Sevilla<\/strong>, <strong>Ona Liarte<\/strong> y <strong>Camila Espinoza<\/strong>. \u00ab<strong>El \u00c0gape es uno de los actos que nos hace m\u00e1s ilusi\u00f3n retomar<\/strong>,\u00bb ha dicho, \u00abya que es una reuni\u00f3n de conocidos, viejos y nuevos amigos sorprendidos ante la fusi\u00f3n de disciplinas art\u00edsticas que acontece.\u00bb<\/p>\n<p>Adem\u00e1s de conciertos, habr\u00e1 tambi\u00e9n <strong>cine con banda sonora en directo<\/strong>. Es el caso del ingl\u00e9s <strong>Mark Aitken<\/strong>, que estrenar\u00e1 su documental sobre el confinamiento &#8216;Neighbourhood of Infinity&#8217;, con m\u00fasica en vivo de <strong>Melisa Bertossi<\/strong>, <strong>Cristian Subir\u00e0<\/strong> y <strong>Pope<\/strong>; o la banda de <em>stoner metal<\/em> <strong>Coure<\/strong>, que repetir\u00e1 su ilustraci\u00f3n musical de &#8216;La pasi\u00f3n de Juana de Arco&#8217;, de <strong>Carl Theodor Dreyer<\/strong>. Ser\u00e1 durante el acto de clausura del Dispositivo, que tendr\u00e1 lugar en el auditorio del CAT el 30 de octubre, en un espect\u00e1culo estrenado en el \u00faltimo Cryptshow Festival.<\/p>\n<p>Al margen de todo lo anterior, <strong>el LEM 2021 tambi\u00e9n reserva su espacio a la experimentaci\u00f3n m\u00e1s salvaje.<\/strong> El pr\u00f3ximo 15 de octubre, en el Centre C\u00edvic Convent de Sant Agust\u00ed, se presentar\u00e1 el proyecto &#8216;<strong>Esmolets<\/strong>&#8216;, de <strong>Eli Gras<\/strong>, <strong>Marina H. Asciutti<\/strong> y <strong>Lula Thomas<\/strong>, que reivindica el potencial del oficio de afilador y sus capacidades expresivas. En la misma sesi\u00f3n, <strong>el sardo Daniele Ledda<\/strong> llevar\u00e1 a la ciudad condal sus &#8216;<strong>Cordophonies<\/strong>&#8216;, fabricadas con pianos desmontados y reconstruidos para encontrar nuevas sonoridades. <strong>Xavier Cester<\/strong>, director del \u00e1rea de M\u00fasica del ICEC, ha valorado que el LEM 2021 \u00absuponga un retorno a una cierta normalidad\u00bb y un \u00ab<strong>reencuentro<\/strong>\u00bb del p\u00fablico y los artistas tras pasar un per\u00edodo muy duro para el sector de la cultura.<\/p>\n<p><img decoding=\"async\" class=\"alignright\" src=\"https:\/\/www.revistarambla.com\/wp-content\/uploads\/2021\/09\/7-300x199.jpg\" alt=\"\" width=\"300\" height=\"199\" \/>Adem\u00e1s, el LEM 2021 tambi\u00e9n incluye tres Encuentros en el Espacio-Tiempo, sesiones de improvisaci\u00f3n con artistas que nunca han tocado juntos. Este a\u00f1o los escogidos son: la pianista <strong>Laia Vall\u00e8s<\/strong> y la guitarrista <strong>Amidea Clotet<\/strong>; los veteranos <strong>Dr. Truna<\/strong> y <strong>Mireia Tejero<\/strong>, y la poeta <strong>Laia Carbonell<\/strong> con la acordeonista <strong>Roser Gabriel<\/strong>, estas \u00faltimas en un nuevo espacio: el Casal de Barri Can Carol, en barrio graciense de Vallcarca. De estos Encuentros y de la paridad entre hombres y mujeres de este LEM, la consejera de Cultura del distrito de Gr\u00e0cia, <strong>Cristina Carrera<\/strong>, ha destacado que le \u00abproduce una gran alegr\u00eda;\u00bb tambi\u00e9n que haya quien \u00ab<strong>haga el esfuerzo de tirar adelante pese a las condiciones adversas<\/strong>\u00ab.<\/p>\n<p>Unas condiciones adversas en las que, adem\u00e1s, cabe destacar<a href=\"https:\/\/www.revistarambla.com\/en\/muere-victor-nubla-icono-del-underground-barcelones\/\"><strong> la muerte de V\u00edctor Nubla<\/strong> <\/a>en 2020. <strong>Ferran Mascarell<\/strong>, presidente del distrito de Gr\u00e0cia, ha recordado la relaci\u00f3n del fundador de Gr\u00e0cia Territori Sonor, que vivi\u00f3 como concejal de Cultura del Ajuntament de Barcelona, y ha vindicado de Nubla un \u00ab<strong>valor<\/strong>\u00bb que \u00ab<strong>todav\u00eda perdura<\/strong>\u00ab, ya que, ha dicho, muchos elementos fundacionales de la asociaci\u00f3n Gr\u00e0cia Territori Sonor \u00abson absolutamente modernos\u00bb a pesar de haber comenzado esa aventura en 1996.<\/p>\n<h3>Concierto inaugural: Black Flower (1 de octubre a las 22\u202fh, Col\u00b7legi Major Ramon Llull)<\/h3>\n<div>(Cast) Yexza Lara (voz y flauta), Pablo Selnik (flauta alta y voz) y Clara Lai (piano) son Black Flower y regresan al LEM tras presentarse en la edici\u00f3n de 2019 con un concierto que hizo las delicias del p\u00fablico. Dif\u00edciles de clasificar, describen su propuesta como \u201cavantpop\u201d, un conjunto de influencias del pop y la m\u00fasica de vanguardia con melod\u00edas extra\u00f1as, libre improvisaci\u00f3n y experimentaci\u00f3n sonora.<\/div>\n<div><\/div>\n<div>Es as\u00ed como han construido escenarios inspirados en el <em>terror lovecraftiano<\/em> en su nuevo \u00e1lbum Kala of the Unspoken, editado por el sello de Gr\u00e0cia Territori Sonor y que presentar\u00e1n en un marco tan id\u00f3neo como la capilla modernista del Colegio Mayor Ramon Llull, dise\u00f1ada por el disc\u00edpulo de Antoni Gaud\u00ed, Joan Rubi\u00f3 i Bellver.<\/div>\n<div><\/div>\n<div>Tres almas inquietas y con una trayectoria musical brillante que buscan paisajes on\u00edricos con giros inesperados. Una lecci\u00f3n de maestr\u00eda y originalidad para inaugurar el XXVI Festival LEM.<\/div>\n<h3>Encuentros en el Espacio-Tiempo (2 de octubre a las 20\u202fh en el CC La Sedeta)<\/h3>\n<div>Los Encuentros en el Espacio-Tiempo del LEM 2021 arrancan con la reuni\u00f3n de la compositora y pianista Laia Vall\u00e8s y la guitarrista Amidea Clotet. La primera ha trabajado la composici\u00f3n y la interpretaci\u00f3n, entendiendo la m\u00fasica como un todo, y ha colaborado con Joana Gomila, Improject, Sonets de Joguina y Fermin Muguruza &amp; Micaela Chalmeta Big Band, adem\u00e1s estrenar obras en el Arts Santa M\u00f2nica, el MACBA y el Sal\u00f3 Sant Jordi.<\/div>\n<div><\/div>\n<div>Por su parte, Clotet ha tocado con grandes nombres de la improvisaci\u00f3n libre, en Dinamarca (Kalas Improvisation) y Barcelona \u2013Agust\u00ed Fern\u00e1ndez, Marcel\u00b7l\u00ed Bayer, Tom Chant, Celeste Al\u00edas\u2013 y ha participado en festivales de Espa\u00f1a, Dinamarca y M\u00e9xico.<\/div>\n<div><\/div>\n<div><img decoding=\"async\" class=\"aligncenter wp-image-35650 size-full\" src=\"https:\/\/www.revistarambla.com\/wp-content\/uploads\/2021\/09\/2.jpg\" alt=\"\" width=\"640\" height=\"303\" srcset=\"https:\/\/www.revistarambla.com\/wp-content\/uploads\/2021\/09\/2.jpg 640w, https:\/\/www.revistarambla.com\/wp-content\/uploads\/2021\/09\/2-300x142.jpg 300w\" sizes=\"(max-width: 640px) 100vw, 640px\" \/><\/div>\n<div><\/div>","protected":false},"excerpt":{"rendered":"<p>La presencia de cine con m\u00fasica en vivo o el regreso del \u00c0gape presencial, entre lo m\u00e1s destacado del festival. Autoridades de Barcelona y Catalu\u00f1a destacan el valor de un proyecto en activo desde 1996. El Centre Artes\u00e0 Tradicion\u00e0rius acoge la presentaci\u00f3n de la 26\u00aa edici\u00f3n del festival<\/p>","protected":false},"author":3,"featured_media":35651,"comment_status":"open","ping_status":"open","sticky":false,"template":"","format":"standard","meta":{"footnotes":""},"categories":[4,65],"tags":[],"class_list":["post-35647","post","type-post","status-publish","format-standard","has-post-thumbnail","hentry","category-cultura","category-musica"],"yoast_head":"<!-- This site is optimized with the Yoast SEO plugin v27.5 - https:\/\/yoast.com\/product\/yoast-seo-wordpress\/ -->\n<title>El LEM 2021 presenta catorce conciertos con lo mejor de la m\u00fasica experimental - Revista Rambla<\/title>\n<meta name=\"robots\" content=\"index, follow, max-snippet:-1, max-image-preview:large, max-video-preview:-1\" \/>\n<link rel=\"canonical\" href=\"https:\/\/www.revistarambla.com\/en\/el-lem-2021-presenta-catorce-conciertos-con-lo-mejor-de-la-musica-experimental\/\" \/>\n<meta property=\"og:locale\" content=\"en_GB\" \/>\n<meta property=\"og:type\" content=\"article\" \/>\n<meta property=\"og:title\" content=\"El LEM 2021 presenta catorce conciertos con lo mejor de la m\u00fasica experimental - Revista Rambla\" \/>\n<meta property=\"og:description\" content=\"La presencia de cine con m\u00fasica en vivo o el regreso del \u00c0gape presencial, entre lo m\u00e1s destacado del festival. Autoridades de Barcelona y Catalu\u00f1a destacan el valor de un proyecto en activo desde 1996. El Centre Artes\u00e0 Tradicion\u00e0rius acoge la presentaci\u00f3n de la 26\u00aa edici\u00f3n del festival\" \/>\n<meta property=\"og:url\" content=\"https:\/\/www.revistarambla.com\/en\/el-lem-2021-presenta-catorce-conciertos-con-lo-mejor-de-la-musica-experimental\/\" \/>\n<meta property=\"og:site_name\" content=\"Revista Rambla\" \/>\n<meta property=\"article:publisher\" content=\"https:\/\/www.facebook.com\/revistarambla\/\" \/>\n<meta property=\"article:author\" content=\"https:\/\/www.facebook.com\/revistarambla\" \/>\n<meta property=\"article:published_time\" content=\"2021-09-29T17:33:01+00:00\" \/>\n<meta property=\"article:modified_time\" content=\"2021-09-29T17:34:45+00:00\" \/>\n<meta property=\"og:image\" content=\"https:\/\/i0.wp.com\/www.revistarambla.com\/wp-content\/uploads\/2021\/09\/11.jpg?fit=640%2C427&ssl=1\" \/>\n\t<meta property=\"og:image:width\" content=\"640\" \/>\n\t<meta property=\"og:image:height\" content=\"427\" \/>\n\t<meta property=\"og:image:type\" content=\"image\/jpeg\" \/>\n<meta name=\"author\" content=\"R@mbla\" \/>\n<meta name=\"twitter:card\" content=\"summary_large_image\" \/>\n<meta name=\"twitter:creator\" content=\"@revistarambla\" \/>\n<meta name=\"twitter:site\" content=\"@revistarambla\" \/>\n<meta name=\"twitter:label1\" content=\"Written by\" \/>\n\t<meta name=\"twitter:data1\" content=\"R@mbla\" \/>\n\t<meta name=\"twitter:label2\" content=\"Estimated reading time\" \/>\n\t<meta name=\"twitter:data2\" content=\"6 minutes\" \/>\n<script type=\"application\/ld+json\" class=\"yoast-schema-graph\">{\"@context\":\"https:\\\/\\\/schema.org\",\"@graph\":[{\"@type\":\"Article\",\"@id\":\"https:\\\/\\\/www.revistarambla.com\\\/el-lem-2021-presenta-catorce-conciertos-con-lo-mejor-de-la-musica-experimental\\\/#article\",\"isPartOf\":{\"@id\":\"https:\\\/\\\/www.revistarambla.com\\\/el-lem-2021-presenta-catorce-conciertos-con-lo-mejor-de-la-musica-experimental\\\/\"},\"author\":{\"name\":\"R@mbla\",\"@id\":\"https:\\\/\\\/www.revistarambla.com\\\/#\\\/schema\\\/person\\\/a146a5a2550b94981a75131180e1bd9c\"},\"headline\":\"El LEM 2021 presenta catorce conciertos con lo mejor de la m\u00fasica experimental\",\"datePublished\":\"2021-09-29T17:33:01+00:00\",\"dateModified\":\"2021-09-29T17:34:45+00:00\",\"mainEntityOfPage\":{\"@id\":\"https:\\\/\\\/www.revistarambla.com\\\/el-lem-2021-presenta-catorce-conciertos-con-lo-mejor-de-la-musica-experimental\\\/\"},\"wordCount\":1188,\"commentCount\":0,\"publisher\":{\"@id\":\"https:\\\/\\\/www.revistarambla.com\\\/#organization\"},\"image\":{\"@id\":\"https:\\\/\\\/www.revistarambla.com\\\/el-lem-2021-presenta-catorce-conciertos-con-lo-mejor-de-la-musica-experimental\\\/#primaryimage\"},\"thumbnailUrl\":\"https:\\\/\\\/www.revistarambla.com\\\/wp-content\\\/uploads\\\/2021\\\/09\\\/11.jpg\",\"articleSection\":[\"Cultura\",\"M\u00fasica\"],\"inLanguage\":\"en-GB\",\"potentialAction\":[{\"@type\":\"CommentAction\",\"name\":\"Comment\",\"target\":[\"https:\\\/\\\/www.revistarambla.com\\\/el-lem-2021-presenta-catorce-conciertos-con-lo-mejor-de-la-musica-experimental\\\/#respond\"]}]},{\"@type\":\"WebPage\",\"@id\":\"https:\\\/\\\/www.revistarambla.com\\\/el-lem-2021-presenta-catorce-conciertos-con-lo-mejor-de-la-musica-experimental\\\/\",\"url\":\"https:\\\/\\\/www.revistarambla.com\\\/el-lem-2021-presenta-catorce-conciertos-con-lo-mejor-de-la-musica-experimental\\\/\",\"name\":\"El LEM 2021 presenta catorce conciertos con lo mejor de la m\u00fasica experimental - Revista Rambla\",\"isPartOf\":{\"@id\":\"https:\\\/\\\/www.revistarambla.com\\\/#website\"},\"primaryImageOfPage\":{\"@id\":\"https:\\\/\\\/www.revistarambla.com\\\/el-lem-2021-presenta-catorce-conciertos-con-lo-mejor-de-la-musica-experimental\\\/#primaryimage\"},\"image\":{\"@id\":\"https:\\\/\\\/www.revistarambla.com\\\/el-lem-2021-presenta-catorce-conciertos-con-lo-mejor-de-la-musica-experimental\\\/#primaryimage\"},\"thumbnailUrl\":\"https:\\\/\\\/www.revistarambla.com\\\/wp-content\\\/uploads\\\/2021\\\/09\\\/11.jpg\",\"datePublished\":\"2021-09-29T17:33:01+00:00\",\"dateModified\":\"2021-09-29T17:34:45+00:00\",\"breadcrumb\":{\"@id\":\"https:\\\/\\\/www.revistarambla.com\\\/el-lem-2021-presenta-catorce-conciertos-con-lo-mejor-de-la-musica-experimental\\\/#breadcrumb\"},\"inLanguage\":\"en-GB\",\"potentialAction\":[{\"@type\":\"ReadAction\",\"target\":[\"https:\\\/\\\/www.revistarambla.com\\\/el-lem-2021-presenta-catorce-conciertos-con-lo-mejor-de-la-musica-experimental\\\/\"]}]},{\"@type\":\"ImageObject\",\"inLanguage\":\"en-GB\",\"@id\":\"https:\\\/\\\/www.revistarambla.com\\\/el-lem-2021-presenta-catorce-conciertos-con-lo-mejor-de-la-musica-experimental\\\/#primaryimage\",\"url\":\"https:\\\/\\\/www.revistarambla.com\\\/wp-content\\\/uploads\\\/2021\\\/09\\\/11.jpg\",\"contentUrl\":\"https:\\\/\\\/www.revistarambla.com\\\/wp-content\\\/uploads\\\/2021\\\/09\\\/11.jpg\",\"width\":640,\"height\":427},{\"@type\":\"BreadcrumbList\",\"@id\":\"https:\\\/\\\/www.revistarambla.com\\\/el-lem-2021-presenta-catorce-conciertos-con-lo-mejor-de-la-musica-experimental\\\/#breadcrumb\",\"itemListElement\":[{\"@type\":\"ListItem\",\"position\":1,\"name\":\"Portada\",\"item\":\"https:\\\/\\\/www.revistarambla.com\\\/\"},{\"@type\":\"ListItem\",\"position\":2,\"name\":\"El LEM 2021 presenta catorce conciertos con lo mejor de la m\u00fasica experimental\"}]},{\"@type\":\"WebSite\",\"@id\":\"https:\\\/\\\/www.revistarambla.com\\\/#website\",\"url\":\"https:\\\/\\\/www.revistarambla.com\\\/\",\"name\":\"Revista Rambla Barcelona\",\"description\":\"Periodismo independiente\",\"publisher\":{\"@id\":\"https:\\\/\\\/www.revistarambla.com\\\/#organization\"},\"potentialAction\":[{\"@type\":\"SearchAction\",\"target\":{\"@type\":\"EntryPoint\",\"urlTemplate\":\"https:\\\/\\\/www.revistarambla.com\\\/?s={search_term_string}\"},\"query-input\":{\"@type\":\"PropertyValueSpecification\",\"valueRequired\":true,\"valueName\":\"search_term_string\"}}],\"inLanguage\":\"en-GB\"},{\"@type\":\"Organization\",\"@id\":\"https:\\\/\\\/www.revistarambla.com\\\/#organization\",\"name\":\"Revista Rambla\",\"url\":\"https:\\\/\\\/www.revistarambla.com\\\/\",\"logo\":{\"@type\":\"ImageObject\",\"inLanguage\":\"en-GB\",\"@id\":\"https:\\\/\\\/www.revistarambla.com\\\/#\\\/schema\\\/logo\\\/image\\\/\",\"url\":\"https:\\\/\\\/www.revistarambla.com\\\/wp-content\\\/uploads\\\/2020\\\/09\\\/banner_rambla_1900x600_BB.png\",\"contentUrl\":\"https:\\\/\\\/www.revistarambla.com\\\/wp-content\\\/uploads\\\/2020\\\/09\\\/banner_rambla_1900x600_BB.png\",\"width\":1900,\"height\":600,\"caption\":\"Revista Rambla\"},\"image\":{\"@id\":\"https:\\\/\\\/www.revistarambla.com\\\/#\\\/schema\\\/logo\\\/image\\\/\"},\"sameAs\":[\"https:\\\/\\\/www.facebook.com\\\/revistarambla\\\/\",\"https:\\\/\\\/x.com\\\/revistarambla\",\"https:\\\/\\\/www.instagram.com\\\/revista_rambla\",\"https:\\\/\\\/es.linkedin.com\\\/company\\\/revista-rambla\"]},{\"@type\":\"Person\",\"@id\":\"https:\\\/\\\/www.revistarambla.com\\\/#\\\/schema\\\/person\\\/a146a5a2550b94981a75131180e1bd9c\",\"name\":\"R@mbla\",\"description\":\"Este art\u00edculo ha sido redactado y\\\/o validado por el equipo de redacci\u00f3n de Revista Rambla.\",\"sameAs\":[\"https:\\\/\\\/www.revistarambla.com\\\/\",\"https:\\\/\\\/www.facebook.com\\\/revistarambla\",\"https:\\\/\\\/x.com\\\/revistarambla\"]}]}<\/script>\n<!-- \/ Yoast SEO plugin. -->","yoast_head_json":{"title":"El LEM 2021 presenta catorce conciertos con lo mejor de la m\u00fasica experimental - Revista Rambla","robots":{"index":"index","follow":"follow","max-snippet":"max-snippet:-1","max-image-preview":"max-image-preview:large","max-video-preview":"max-video-preview:-1"},"canonical":"https:\/\/www.revistarambla.com\/en\/el-lem-2021-presenta-catorce-conciertos-con-lo-mejor-de-la-musica-experimental\/","og_locale":"en_GB","og_type":"article","og_title":"El LEM 2021 presenta catorce conciertos con lo mejor de la m\u00fasica experimental - Revista Rambla","og_description":"La presencia de cine con m\u00fasica en vivo o el regreso del \u00c0gape presencial, entre lo m\u00e1s destacado del festival. Autoridades de Barcelona y Catalu\u00f1a destacan el valor de un proyecto en activo desde 1996. El Centre Artes\u00e0 Tradicion\u00e0rius acoge la presentaci\u00f3n de la 26\u00aa edici\u00f3n del festival","og_url":"https:\/\/www.revistarambla.com\/en\/el-lem-2021-presenta-catorce-conciertos-con-lo-mejor-de-la-musica-experimental\/","og_site_name":"Revista Rambla","article_publisher":"https:\/\/www.facebook.com\/revistarambla\/","article_author":"https:\/\/www.facebook.com\/revistarambla","article_published_time":"2021-09-29T17:33:01+00:00","article_modified_time":"2021-09-29T17:34:45+00:00","og_image":[{"width":640,"height":427,"url":"https:\/\/i0.wp.com\/www.revistarambla.com\/wp-content\/uploads\/2021\/09\/11.jpg?fit=640%2C427&ssl=1","type":"image\/jpeg"}],"author":"R@mbla","twitter_card":"summary_large_image","twitter_creator":"@revistarambla","twitter_site":"@revistarambla","twitter_misc":{"Written by":"R@mbla","Estimated reading time":"6 minutes"},"schema":{"@context":"https:\/\/schema.org","@graph":[{"@type":"Article","@id":"https:\/\/www.revistarambla.com\/el-lem-2021-presenta-catorce-conciertos-con-lo-mejor-de-la-musica-experimental\/#article","isPartOf":{"@id":"https:\/\/www.revistarambla.com\/el-lem-2021-presenta-catorce-conciertos-con-lo-mejor-de-la-musica-experimental\/"},"author":{"name":"R@mbla","@id":"https:\/\/www.revistarambla.com\/#\/schema\/person\/a146a5a2550b94981a75131180e1bd9c"},"headline":"El LEM 2021 presenta catorce conciertos con lo mejor de la m\u00fasica experimental","datePublished":"2021-09-29T17:33:01+00:00","dateModified":"2021-09-29T17:34:45+00:00","mainEntityOfPage":{"@id":"https:\/\/www.revistarambla.com\/el-lem-2021-presenta-catorce-conciertos-con-lo-mejor-de-la-musica-experimental\/"},"wordCount":1188,"commentCount":0,"publisher":{"@id":"https:\/\/www.revistarambla.com\/#organization"},"image":{"@id":"https:\/\/www.revistarambla.com\/el-lem-2021-presenta-catorce-conciertos-con-lo-mejor-de-la-musica-experimental\/#primaryimage"},"thumbnailUrl":"https:\/\/www.revistarambla.com\/wp-content\/uploads\/2021\/09\/11.jpg","articleSection":["Cultura","M\u00fasica"],"inLanguage":"en-GB","potentialAction":[{"@type":"CommentAction","name":"Comment","target":["https:\/\/www.revistarambla.com\/el-lem-2021-presenta-catorce-conciertos-con-lo-mejor-de-la-musica-experimental\/#respond"]}]},{"@type":"WebPage","@id":"https:\/\/www.revistarambla.com\/el-lem-2021-presenta-catorce-conciertos-con-lo-mejor-de-la-musica-experimental\/","url":"https:\/\/www.revistarambla.com\/el-lem-2021-presenta-catorce-conciertos-con-lo-mejor-de-la-musica-experimental\/","name":"El LEM 2021 presenta catorce conciertos con lo mejor de la m\u00fasica experimental - Revista Rambla","isPartOf":{"@id":"https:\/\/www.revistarambla.com\/#website"},"primaryImageOfPage":{"@id":"https:\/\/www.revistarambla.com\/el-lem-2021-presenta-catorce-conciertos-con-lo-mejor-de-la-musica-experimental\/#primaryimage"},"image":{"@id":"https:\/\/www.revistarambla.com\/el-lem-2021-presenta-catorce-conciertos-con-lo-mejor-de-la-musica-experimental\/#primaryimage"},"thumbnailUrl":"https:\/\/www.revistarambla.com\/wp-content\/uploads\/2021\/09\/11.jpg","datePublished":"2021-09-29T17:33:01+00:00","dateModified":"2021-09-29T17:34:45+00:00","breadcrumb":{"@id":"https:\/\/www.revistarambla.com\/el-lem-2021-presenta-catorce-conciertos-con-lo-mejor-de-la-musica-experimental\/#breadcrumb"},"inLanguage":"en-GB","potentialAction":[{"@type":"ReadAction","target":["https:\/\/www.revistarambla.com\/el-lem-2021-presenta-catorce-conciertos-con-lo-mejor-de-la-musica-experimental\/"]}]},{"@type":"ImageObject","inLanguage":"en-GB","@id":"https:\/\/www.revistarambla.com\/el-lem-2021-presenta-catorce-conciertos-con-lo-mejor-de-la-musica-experimental\/#primaryimage","url":"https:\/\/www.revistarambla.com\/wp-content\/uploads\/2021\/09\/11.jpg","contentUrl":"https:\/\/www.revistarambla.com\/wp-content\/uploads\/2021\/09\/11.jpg","width":640,"height":427},{"@type":"BreadcrumbList","@id":"https:\/\/www.revistarambla.com\/el-lem-2021-presenta-catorce-conciertos-con-lo-mejor-de-la-musica-experimental\/#breadcrumb","itemListElement":[{"@type":"ListItem","position":1,"name":"Portada","item":"https:\/\/www.revistarambla.com\/"},{"@type":"ListItem","position":2,"name":"El LEM 2021 presenta catorce conciertos con lo mejor de la m\u00fasica experimental"}]},{"@type":"WebSite","@id":"https:\/\/www.revistarambla.com\/#website","url":"https:\/\/www.revistarambla.com\/","name":"Revista Rambla Barcelona","description":"Periodismo independiente","publisher":{"@id":"https:\/\/www.revistarambla.com\/#organization"},"potentialAction":[{"@type":"SearchAction","target":{"@type":"EntryPoint","urlTemplate":"https:\/\/www.revistarambla.com\/?s={search_term_string}"},"query-input":{"@type":"PropertyValueSpecification","valueRequired":true,"valueName":"search_term_string"}}],"inLanguage":"en-GB"},{"@type":"Organization","@id":"https:\/\/www.revistarambla.com\/#organization","name":"Revista Rambla","url":"https:\/\/www.revistarambla.com\/","logo":{"@type":"ImageObject","inLanguage":"en-GB","@id":"https:\/\/www.revistarambla.com\/#\/schema\/logo\/image\/","url":"https:\/\/www.revistarambla.com\/wp-content\/uploads\/2020\/09\/banner_rambla_1900x600_BB.png","contentUrl":"https:\/\/www.revistarambla.com\/wp-content\/uploads\/2020\/09\/banner_rambla_1900x600_BB.png","width":1900,"height":600,"caption":"Revista Rambla"},"image":{"@id":"https:\/\/www.revistarambla.com\/#\/schema\/logo\/image\/"},"sameAs":["https:\/\/www.facebook.com\/revistarambla\/","https:\/\/x.com\/revistarambla","https:\/\/www.instagram.com\/revista_rambla","https:\/\/es.linkedin.com\/company\/revista-rambla"]},{"@type":"Person","@id":"https:\/\/www.revistarambla.com\/#\/schema\/person\/a146a5a2550b94981a75131180e1bd9c","name":"R@mbla","description":"Este art\u00edculo ha sido redactado y\/o validado por el equipo de redacci\u00f3n de Revista Rambla.","sameAs":["https:\/\/www.revistarambla.com\/","https:\/\/www.facebook.com\/revistarambla","https:\/\/x.com\/revistarambla"]}]}},"_links":{"self":[{"href":"https:\/\/www.revistarambla.com\/en\/wp-json\/wp\/v2\/posts\/35647","targetHints":{"allow":["GET"]}}],"collection":[{"href":"https:\/\/www.revistarambla.com\/en\/wp-json\/wp\/v2\/posts"}],"about":[{"href":"https:\/\/www.revistarambla.com\/en\/wp-json\/wp\/v2\/types\/post"}],"author":[{"embeddable":true,"href":"https:\/\/www.revistarambla.com\/en\/wp-json\/wp\/v2\/users\/3"}],"replies":[{"embeddable":true,"href":"https:\/\/www.revistarambla.com\/en\/wp-json\/wp\/v2\/comments?post=35647"}],"version-history":[{"count":0,"href":"https:\/\/www.revistarambla.com\/en\/wp-json\/wp\/v2\/posts\/35647\/revisions"}],"wp:featuredmedia":[{"embeddable":true,"href":"https:\/\/www.revistarambla.com\/en\/wp-json\/wp\/v2\/media\/35651"}],"wp:attachment":[{"href":"https:\/\/www.revistarambla.com\/en\/wp-json\/wp\/v2\/media?parent=35647"}],"wp:term":[{"taxonomy":"category","embeddable":true,"href":"https:\/\/www.revistarambla.com\/en\/wp-json\/wp\/v2\/categories?post=35647"},{"taxonomy":"post_tag","embeddable":true,"href":"https:\/\/www.revistarambla.com\/en\/wp-json\/wp\/v2\/tags?post=35647"}],"curies":[{"name":"wp","href":"https:\/\/api.w.org\/{rel}","templated":true}]}}