{"id":35543,"date":"2021-09-24T21:32:46","date_gmt":"2021-09-24T19:32:46","guid":{"rendered":"https:\/\/www.revistarambla.com\/?p=35543"},"modified":"2024-06-27T19:27:06","modified_gmt":"2024-06-27T17:27:06","slug":"la-cita-de-emilia-pardo-bazan","status":"publish","type":"post","link":"https:\/\/www.revistarambla.com\/en\/la-cita-de-emilia-pardo-bazan\/","title":{"rendered":"&#8216;La cita&#8217;, de Emilia Pardo Baz\u00e1n"},"content":{"rendered":"<p>Es raro que las muertes se celebren, pero algunos lo hacemos porque eso significa, en ciertos casos, m\u00e1s <a href=\"https:\/\/www.revistarambla.com\/en\/cultura\/libros\/\">libros<\/a> disponibles sobre el muerto. En este caso, la muerta. 2021 es el a\u00f1o en el que se celebra el centenario del fallecimiento de \u00abuno de los grandes nombres de la literatura europea del siglo XIX\u00bb. Pongo estas palabras entre comillas porque son las que dice, de la escritora en cuesti\u00f3n, Care Santos. Aqu\u00ed un argumento a favor, entre muchos otros, para hacerse con este libro: el magn\u00edfico pr\u00f3logo de Care Santos, que tambi\u00e9n ha sido quien ha escogido los diez relatos que conforman este <em>La cita y otros cuentos de terror<\/em>, de Emilia Pardo Baz\u00e1n, publicado por N\u00f3rdica Libros.<\/p>\n<p>Si somos capaces (las lecturas escolares han hecho mucho da\u00f1o) de apartar la atenci\u00f3n de <em>Los pazos de Ulloa<\/em> cuando nos nombran a Emilia Pardo Baz\u00e1n, veremos que hay vida (y mucha) tras esta gran novela del naturalismo espa\u00f1ol. En este caso hablamos de la producci\u00f3n de cuentos de terror por parte de Pardo Baz\u00e1n. Nos cuenta Care Santos en un pr\u00f3logo que es todo admiraci\u00f3n hacia la <a href=\"https:\/\/www.revistarambla.com\/en\/la-tribuna-de-emilia-pardo-bazan\/\">escritora<\/a>, que Pardo Baz\u00e1n escribi\u00f3 m\u00e1s de cuatrocientos cuentos, y que de entre todos ellos Santos quiso escoger diez para esta edici\u00f3n, otra obra de arte de N\u00f3rdica Libros con el acompa\u00f1amiento ilustrado de Elena Ferrandiz.<\/p>\n<p><img decoding=\"async\" class=\"aligncenter wp-image-35544 size-full\" src=\"https:\/\/www.revistarambla.com\/wp-content\/uploads\/2021\/09\/9788418451812-213x300-1.jpeg\" alt=\"emilia pardo baz\u00e1n\" width=\"213\" height=\"300\" \/><\/p>\n<p>Aqu\u00ed, como digo, encontramos diez relatos, breves, intensos, de poco terror hay que decir, pero s\u00ed de tono oscuro, l\u00fagubre, fantasmal e incluso fant\u00e1stico. Alberto, un joven donju\u00e1n, es seducido por carta. Cuando accede a ir a la direcci\u00f3n que le mandan y encontrarse con la joven que le escribe, se encuentra all\u00ed una muerta, y lo culpan a \u00e9l, y entonces entiende (pero no lo acepta porque es inocente) el porqu\u00e9. Zen\u00f3n es alguien con odio hacia todos, porque todos lo han tratado mal, y quiere vengarse, hasta que se encuentra con dos gemelas, Vida y Muerte, y tiene que decidir con la propuesta de cu\u00e1l quedarse. Don Fortunato es un vampiro e Inesi\u00f1a no, pero Inesi\u00f1a se casa con Don Fortunato sin saber lo que \u00e9l es, y empieza la lenta sangr\u00eda. Don Probo no ha hecho nada destacable en vida, y \u00e9l lo sabe. Por eso, quiere un lugar de preferencia en el cementerio m\u00e1s feo del mundo. Cuando parece que est\u00e1 todo hecho, el sitio al que deber\u00eda ser dirigido cambiar\u00e1. Esto son cuatro ejemplos cogidos al azar. Hay seis m\u00e1s. Y todos son buenos.<\/p>\n<p>Hay mucha Pardo Baz\u00e1n que no conocemos, tanta que da miedo imaginarlo. Pero tambi\u00e9n es cierto que leyendo algo, aunque m\u00ednimo, con su firma, ya nos encontramos con toda ella all\u00ed. Esa iron\u00eda, esas sutiles (a veces no tanto, y qu\u00e9 bueno) lanzas al g\u00e9nero masculino, esa perfecci\u00f3n en la forma, en la creaci\u00f3n de personajes, en el andamiaje de tramas. Esa genialidad que lo marca todo. Regalarse a Emilia Pardo Baz\u00e1n es regalarse memoria y longevidad. Memoria para recordar de d\u00f3nde venimos, de los cimientos que han hecho grande nuestra literatura, longevidad porque literatura como esta da vida, alarga la experiencia del vivir, no s\u00e9 si en tiempo, pero s\u00ed en calidad. Memoria que nos lleva hacia atr\u00e1s, longevidad que nos lleva hacia adelante. Y todo a partir de un libro. Qu\u00e9 m\u00e1s pedir.<\/p>\n<p><em>Fuente: culturamas.es<\/em><\/p>","protected":false},"excerpt":{"rendered":"<p>Es raro que las muertes se celebren, pero algunos lo hacemos porque eso significa, en ciertos casos, m\u00e1s libros disponibles sobre el muerto. En este caso, la muerta. 2021 es el a\u00f1o en el que se celebra el centenario del fallecimiento de \u00abuno de los grandes nombres de la literatura [&hellip;]<\/p>\n","protected":false},"author":15,"featured_media":35549,"comment_status":"open","ping_status":"open","sticky":false,"template":"","format":"standard","meta":{"footnotes":""},"categories":[60],"tags":[],"class_list":["post-35543","post","type-post","status-publish","format-standard","has-post-thumbnail","hentry","category-libros"],"yoast_head":"<!-- This site is optimized with the Yoast SEO plugin v27.5 - https:\/\/yoast.com\/product\/yoast-seo-wordpress\/ -->\n<title>&#039;La cita&#039;, de Emilia Pardo Baz\u00e1n - Revista Rambla<\/title>\n<meta name=\"description\" content=\"Hay mucha Emilia Pardo Baz\u00e1n que no conocemos, tanta que da miedo imaginarlo. Pero leyendo algo con su firma, ya nos encontramos con ella.\" \/>\n<meta name=\"robots\" content=\"index, follow, max-snippet:-1, max-image-preview:large, max-video-preview:-1\" \/>\n<link rel=\"canonical\" href=\"https:\/\/www.revistarambla.com\/en\/la-cita-de-emilia-pardo-bazan\/\" \/>\n<meta property=\"og:locale\" content=\"en_GB\" \/>\n<meta property=\"og:type\" content=\"article\" \/>\n<meta property=\"og:title\" content=\"&#039;La cita&#039;, de Emilia Pardo Baz\u00e1n - Revista Rambla\" \/>\n<meta property=\"og:description\" content=\"Hay mucha Emilia Pardo Baz\u00e1n que no conocemos, tanta que da miedo imaginarlo. Pero leyendo algo con su firma, ya nos encontramos con ella.\" \/>\n<meta property=\"og:url\" content=\"https:\/\/www.revistarambla.com\/en\/la-cita-de-emilia-pardo-bazan\/\" \/>\n<meta property=\"og:site_name\" content=\"Revista Rambla\" \/>\n<meta property=\"article:publisher\" content=\"https:\/\/www.facebook.com\/revistarambla\/\" \/>\n<meta property=\"article:published_time\" content=\"2021-09-24T19:32:46+00:00\" \/>\n<meta property=\"article:modified_time\" content=\"2024-06-27T17:27:06+00:00\" \/>\n<meta property=\"og:image\" content=\"https:\/\/www.revistarambla.com\/wp-content\/uploads\/2021\/09\/emilia-pardo-bazc3a1n.jpg\" \/>\n\t<meta property=\"og:image:width\" content=\"268\" \/>\n\t<meta property=\"og:image:height\" content=\"396\" \/>\n\t<meta property=\"og:image:type\" content=\"image\/jpeg\" \/>\n<meta name=\"author\" content=\"V\u00edctor Gonz\u00e1lez\" \/>\n<meta name=\"twitter:card\" content=\"summary_large_image\" \/>\n<meta name=\"twitter:creator\" content=\"@revistarambla\" \/>\n<meta name=\"twitter:site\" content=\"@revistarambla\" \/>\n<meta name=\"twitter:label1\" content=\"Written by\" \/>\n\t<meta name=\"twitter:data1\" content=\"V\u00edctor Gonz\u00e1lez\" \/>\n\t<meta name=\"twitter:label2\" content=\"Estimated reading time\" \/>\n\t<meta name=\"twitter:data2\" content=\"3 minutes\" \/>\n<script type=\"application\/ld+json\" class=\"yoast-schema-graph\">{\"@context\":\"https:\\\/\\\/schema.org\",\"@graph\":[{\"@type\":\"Article\",\"@id\":\"https:\\\/\\\/www.revistarambla.com\\\/la-cita-de-emilia-pardo-bazan\\\/#article\",\"isPartOf\":{\"@id\":\"https:\\\/\\\/www.revistarambla.com\\\/la-cita-de-emilia-pardo-bazan\\\/\"},\"author\":{\"name\":\"V\u00edctor Gonz\u00e1lez\",\"@id\":\"https:\\\/\\\/www.revistarambla.com\\\/#\\\/schema\\\/person\\\/2b19179a8ace334b829ad72cc6e6ce97\"},\"headline\":\"&#8216;La cita&#8217;, de Emilia Pardo Baz\u00e1n\",\"datePublished\":\"2021-09-24T19:32:46+00:00\",\"dateModified\":\"2024-06-27T17:27:06+00:00\",\"mainEntityOfPage\":{\"@id\":\"https:\\\/\\\/www.revistarambla.com\\\/la-cita-de-emilia-pardo-bazan\\\/\"},\"wordCount\":599,\"commentCount\":0,\"publisher\":{\"@id\":\"https:\\\/\\\/www.revistarambla.com\\\/#organization\"},\"image\":{\"@id\":\"https:\\\/\\\/www.revistarambla.com\\\/la-cita-de-emilia-pardo-bazan\\\/#primaryimage\"},\"thumbnailUrl\":\"https:\\\/\\\/www.revistarambla.com\\\/wp-content\\\/uploads\\\/2021\\\/09\\\/emilia-pardo-bazc3a1n.jpg\",\"articleSection\":[\"Libros\"],\"inLanguage\":\"en-GB\",\"potentialAction\":[{\"@type\":\"CommentAction\",\"name\":\"Comment\",\"target\":[\"https:\\\/\\\/www.revistarambla.com\\\/la-cita-de-emilia-pardo-bazan\\\/#respond\"]}]},{\"@type\":\"WebPage\",\"@id\":\"https:\\\/\\\/www.revistarambla.com\\\/la-cita-de-emilia-pardo-bazan\\\/\",\"url\":\"https:\\\/\\\/www.revistarambla.com\\\/la-cita-de-emilia-pardo-bazan\\\/\",\"name\":\"'La cita', de Emilia Pardo Baz\u00e1n - Revista Rambla\",\"isPartOf\":{\"@id\":\"https:\\\/\\\/www.revistarambla.com\\\/#website\"},\"primaryImageOfPage\":{\"@id\":\"https:\\\/\\\/www.revistarambla.com\\\/la-cita-de-emilia-pardo-bazan\\\/#primaryimage\"},\"image\":{\"@id\":\"https:\\\/\\\/www.revistarambla.com\\\/la-cita-de-emilia-pardo-bazan\\\/#primaryimage\"},\"thumbnailUrl\":\"https:\\\/\\\/www.revistarambla.com\\\/wp-content\\\/uploads\\\/2021\\\/09\\\/emilia-pardo-bazc3a1n.jpg\",\"datePublished\":\"2021-09-24T19:32:46+00:00\",\"dateModified\":\"2024-06-27T17:27:06+00:00\",\"description\":\"Hay mucha Emilia Pardo Baz\u00e1n que no conocemos, tanta que da miedo imaginarlo. Pero leyendo algo con su firma, ya nos encontramos con ella.\",\"breadcrumb\":{\"@id\":\"https:\\\/\\\/www.revistarambla.com\\\/la-cita-de-emilia-pardo-bazan\\\/#breadcrumb\"},\"inLanguage\":\"en-GB\",\"potentialAction\":[{\"@type\":\"ReadAction\",\"target\":[\"https:\\\/\\\/www.revistarambla.com\\\/la-cita-de-emilia-pardo-bazan\\\/\"]}]},{\"@type\":\"ImageObject\",\"inLanguage\":\"en-GB\",\"@id\":\"https:\\\/\\\/www.revistarambla.com\\\/la-cita-de-emilia-pardo-bazan\\\/#primaryimage\",\"url\":\"https:\\\/\\\/www.revistarambla.com\\\/wp-content\\\/uploads\\\/2021\\\/09\\\/emilia-pardo-bazc3a1n.jpg\",\"contentUrl\":\"https:\\\/\\\/www.revistarambla.com\\\/wp-content\\\/uploads\\\/2021\\\/09\\\/emilia-pardo-bazc3a1n.jpg\",\"width\":268,\"height\":396,\"caption\":\"emilia pardo baz\u00e1n\"},{\"@type\":\"BreadcrumbList\",\"@id\":\"https:\\\/\\\/www.revistarambla.com\\\/la-cita-de-emilia-pardo-bazan\\\/#breadcrumb\",\"itemListElement\":[{\"@type\":\"ListItem\",\"position\":1,\"name\":\"Portada\",\"item\":\"https:\\\/\\\/www.revistarambla.com\\\/\"},{\"@type\":\"ListItem\",\"position\":2,\"name\":\"&#8216;La cita&#8217;, de Emilia Pardo Baz\u00e1n\"}]},{\"@type\":\"WebSite\",\"@id\":\"https:\\\/\\\/www.revistarambla.com\\\/#website\",\"url\":\"https:\\\/\\\/www.revistarambla.com\\\/\",\"name\":\"Revista Rambla Barcelona\",\"description\":\"Periodismo independiente\",\"publisher\":{\"@id\":\"https:\\\/\\\/www.revistarambla.com\\\/#organization\"},\"potentialAction\":[{\"@type\":\"SearchAction\",\"target\":{\"@type\":\"EntryPoint\",\"urlTemplate\":\"https:\\\/\\\/www.revistarambla.com\\\/?s={search_term_string}\"},\"query-input\":{\"@type\":\"PropertyValueSpecification\",\"valueRequired\":true,\"valueName\":\"search_term_string\"}}],\"inLanguage\":\"en-GB\"},{\"@type\":\"Organization\",\"@id\":\"https:\\\/\\\/www.revistarambla.com\\\/#organization\",\"name\":\"Revista Rambla\",\"url\":\"https:\\\/\\\/www.revistarambla.com\\\/\",\"logo\":{\"@type\":\"ImageObject\",\"inLanguage\":\"en-GB\",\"@id\":\"https:\\\/\\\/www.revistarambla.com\\\/#\\\/schema\\\/logo\\\/image\\\/\",\"url\":\"https:\\\/\\\/www.revistarambla.com\\\/wp-content\\\/uploads\\\/2020\\\/09\\\/banner_rambla_1900x600_BB.png\",\"contentUrl\":\"https:\\\/\\\/www.revistarambla.com\\\/wp-content\\\/uploads\\\/2020\\\/09\\\/banner_rambla_1900x600_BB.png\",\"width\":1900,\"height\":600,\"caption\":\"Revista Rambla\"},\"image\":{\"@id\":\"https:\\\/\\\/www.revistarambla.com\\\/#\\\/schema\\\/logo\\\/image\\\/\"},\"sameAs\":[\"https:\\\/\\\/www.facebook.com\\\/revistarambla\\\/\",\"https:\\\/\\\/x.com\\\/revistarambla\",\"https:\\\/\\\/www.instagram.com\\\/revista_rambla\",\"https:\\\/\\\/es.linkedin.com\\\/company\\\/revista-rambla\"]},{\"@type\":\"Person\",\"@id\":\"https:\\\/\\\/www.revistarambla.com\\\/#\\\/schema\\\/person\\\/2b19179a8ace334b829ad72cc6e6ce97\",\"name\":\"V\u00edctor Gonz\u00e1lez\"}]}<\/script>\n<!-- \/ Yoast SEO plugin. -->","yoast_head_json":{"title":"'La cita', de Emilia Pardo Baz\u00e1n - Revista Rambla","description":"Hay mucha Emilia Pardo Baz\u00e1n que no conocemos, tanta que da miedo imaginarlo. Pero leyendo algo con su firma, ya nos encontramos con ella.","robots":{"index":"index","follow":"follow","max-snippet":"max-snippet:-1","max-image-preview":"max-image-preview:large","max-video-preview":"max-video-preview:-1"},"canonical":"https:\/\/www.revistarambla.com\/en\/la-cita-de-emilia-pardo-bazan\/","og_locale":"en_GB","og_type":"article","og_title":"'La cita', de Emilia Pardo Baz\u00e1n - Revista Rambla","og_description":"Hay mucha Emilia Pardo Baz\u00e1n que no conocemos, tanta que da miedo imaginarlo. Pero leyendo algo con su firma, ya nos encontramos con ella.","og_url":"https:\/\/www.revistarambla.com\/en\/la-cita-de-emilia-pardo-bazan\/","og_site_name":"Revista Rambla","article_publisher":"https:\/\/www.facebook.com\/revistarambla\/","article_published_time":"2021-09-24T19:32:46+00:00","article_modified_time":"2024-06-27T17:27:06+00:00","og_image":[{"width":268,"height":396,"url":"https:\/\/www.revistarambla.com\/wp-content\/uploads\/2021\/09\/emilia-pardo-bazc3a1n.jpg","type":"image\/jpeg"}],"author":"V\u00edctor Gonz\u00e1lez","twitter_card":"summary_large_image","twitter_creator":"@revistarambla","twitter_site":"@revistarambla","twitter_misc":{"Written by":"V\u00edctor Gonz\u00e1lez","Estimated reading time":"3 minutes"},"schema":{"@context":"https:\/\/schema.org","@graph":[{"@type":"Article","@id":"https:\/\/www.revistarambla.com\/la-cita-de-emilia-pardo-bazan\/#article","isPartOf":{"@id":"https:\/\/www.revistarambla.com\/la-cita-de-emilia-pardo-bazan\/"},"author":{"name":"V\u00edctor Gonz\u00e1lez","@id":"https:\/\/www.revistarambla.com\/#\/schema\/person\/2b19179a8ace334b829ad72cc6e6ce97"},"headline":"&#8216;La cita&#8217;, de Emilia Pardo Baz\u00e1n","datePublished":"2021-09-24T19:32:46+00:00","dateModified":"2024-06-27T17:27:06+00:00","mainEntityOfPage":{"@id":"https:\/\/www.revistarambla.com\/la-cita-de-emilia-pardo-bazan\/"},"wordCount":599,"commentCount":0,"publisher":{"@id":"https:\/\/www.revistarambla.com\/#organization"},"image":{"@id":"https:\/\/www.revistarambla.com\/la-cita-de-emilia-pardo-bazan\/#primaryimage"},"thumbnailUrl":"https:\/\/www.revistarambla.com\/wp-content\/uploads\/2021\/09\/emilia-pardo-bazc3a1n.jpg","articleSection":["Libros"],"inLanguage":"en-GB","potentialAction":[{"@type":"CommentAction","name":"Comment","target":["https:\/\/www.revistarambla.com\/la-cita-de-emilia-pardo-bazan\/#respond"]}]},{"@type":"WebPage","@id":"https:\/\/www.revistarambla.com\/la-cita-de-emilia-pardo-bazan\/","url":"https:\/\/www.revistarambla.com\/la-cita-de-emilia-pardo-bazan\/","name":"'La cita', de Emilia Pardo Baz\u00e1n - Revista Rambla","isPartOf":{"@id":"https:\/\/www.revistarambla.com\/#website"},"primaryImageOfPage":{"@id":"https:\/\/www.revistarambla.com\/la-cita-de-emilia-pardo-bazan\/#primaryimage"},"image":{"@id":"https:\/\/www.revistarambla.com\/la-cita-de-emilia-pardo-bazan\/#primaryimage"},"thumbnailUrl":"https:\/\/www.revistarambla.com\/wp-content\/uploads\/2021\/09\/emilia-pardo-bazc3a1n.jpg","datePublished":"2021-09-24T19:32:46+00:00","dateModified":"2024-06-27T17:27:06+00:00","description":"Hay mucha Emilia Pardo Baz\u00e1n que no conocemos, tanta que da miedo imaginarlo. Pero leyendo algo con su firma, ya nos encontramos con ella.","breadcrumb":{"@id":"https:\/\/www.revistarambla.com\/la-cita-de-emilia-pardo-bazan\/#breadcrumb"},"inLanguage":"en-GB","potentialAction":[{"@type":"ReadAction","target":["https:\/\/www.revistarambla.com\/la-cita-de-emilia-pardo-bazan\/"]}]},{"@type":"ImageObject","inLanguage":"en-GB","@id":"https:\/\/www.revistarambla.com\/la-cita-de-emilia-pardo-bazan\/#primaryimage","url":"https:\/\/www.revistarambla.com\/wp-content\/uploads\/2021\/09\/emilia-pardo-bazc3a1n.jpg","contentUrl":"https:\/\/www.revistarambla.com\/wp-content\/uploads\/2021\/09\/emilia-pardo-bazc3a1n.jpg","width":268,"height":396,"caption":"emilia pardo baz\u00e1n"},{"@type":"BreadcrumbList","@id":"https:\/\/www.revistarambla.com\/la-cita-de-emilia-pardo-bazan\/#breadcrumb","itemListElement":[{"@type":"ListItem","position":1,"name":"Portada","item":"https:\/\/www.revistarambla.com\/"},{"@type":"ListItem","position":2,"name":"&#8216;La cita&#8217;, de Emilia Pardo Baz\u00e1n"}]},{"@type":"WebSite","@id":"https:\/\/www.revistarambla.com\/#website","url":"https:\/\/www.revistarambla.com\/","name":"Revista Rambla Barcelona","description":"Periodismo independiente","publisher":{"@id":"https:\/\/www.revistarambla.com\/#organization"},"potentialAction":[{"@type":"SearchAction","target":{"@type":"EntryPoint","urlTemplate":"https:\/\/www.revistarambla.com\/?s={search_term_string}"},"query-input":{"@type":"PropertyValueSpecification","valueRequired":true,"valueName":"search_term_string"}}],"inLanguage":"en-GB"},{"@type":"Organization","@id":"https:\/\/www.revistarambla.com\/#organization","name":"Revista Rambla","url":"https:\/\/www.revistarambla.com\/","logo":{"@type":"ImageObject","inLanguage":"en-GB","@id":"https:\/\/www.revistarambla.com\/#\/schema\/logo\/image\/","url":"https:\/\/www.revistarambla.com\/wp-content\/uploads\/2020\/09\/banner_rambla_1900x600_BB.png","contentUrl":"https:\/\/www.revistarambla.com\/wp-content\/uploads\/2020\/09\/banner_rambla_1900x600_BB.png","width":1900,"height":600,"caption":"Revista Rambla"},"image":{"@id":"https:\/\/www.revistarambla.com\/#\/schema\/logo\/image\/"},"sameAs":["https:\/\/www.facebook.com\/revistarambla\/","https:\/\/x.com\/revistarambla","https:\/\/www.instagram.com\/revista_rambla","https:\/\/es.linkedin.com\/company\/revista-rambla"]},{"@type":"Person","@id":"https:\/\/www.revistarambla.com\/#\/schema\/person\/2b19179a8ace334b829ad72cc6e6ce97","name":"V\u00edctor Gonz\u00e1lez"}]}},"_links":{"self":[{"href":"https:\/\/www.revistarambla.com\/en\/wp-json\/wp\/v2\/posts\/35543","targetHints":{"allow":["GET"]}}],"collection":[{"href":"https:\/\/www.revistarambla.com\/en\/wp-json\/wp\/v2\/posts"}],"about":[{"href":"https:\/\/www.revistarambla.com\/en\/wp-json\/wp\/v2\/types\/post"}],"author":[{"embeddable":true,"href":"https:\/\/www.revistarambla.com\/en\/wp-json\/wp\/v2\/users\/15"}],"replies":[{"embeddable":true,"href":"https:\/\/www.revistarambla.com\/en\/wp-json\/wp\/v2\/comments?post=35543"}],"version-history":[{"count":2,"href":"https:\/\/www.revistarambla.com\/en\/wp-json\/wp\/v2\/posts\/35543\/revisions"}],"predecessor-version":[{"id":61437,"href":"https:\/\/www.revistarambla.com\/en\/wp-json\/wp\/v2\/posts\/35543\/revisions\/61437"}],"wp:featuredmedia":[{"embeddable":true,"href":"https:\/\/www.revistarambla.com\/en\/wp-json\/wp\/v2\/media\/35549"}],"wp:attachment":[{"href":"https:\/\/www.revistarambla.com\/en\/wp-json\/wp\/v2\/media?parent=35543"}],"wp:term":[{"taxonomy":"category","embeddable":true,"href":"https:\/\/www.revistarambla.com\/en\/wp-json\/wp\/v2\/categories?post=35543"},{"taxonomy":"post_tag","embeddable":true,"href":"https:\/\/www.revistarambla.com\/en\/wp-json\/wp\/v2\/tags?post=35543"}],"curies":[{"name":"wp","href":"https:\/\/api.w.org\/{rel}","templated":true}]}}