{"id":35538,"date":"2021-09-24T21:24:11","date_gmt":"2021-09-24T19:24:11","guid":{"rendered":"https:\/\/www.revistarambla.com\/?p=35538"},"modified":"2022-10-13T12:16:01","modified_gmt":"2022-10-13T10:16:01","slug":"pablo-neruda-de-los-20-poemas-de-amor-y-una-cancion-desesperada-a-un-canto-para-bolivar","status":"publish","type":"post","link":"https:\/\/www.revistarambla.com\/en\/pablo-neruda-de-los-20-poemas-de-amor-y-una-cancion-desesperada-a-un-canto-para-bolivar\/","title":{"rendered":"Pablo Neruda de los \u00ab20 poemas de amor y una canci\u00f3n desesperada\u00bb a \u00abUn Canto para Bol\u00edvar\u00bb"},"content":{"rendered":"<figure id=\"attachment_35541\" aria-describedby=\"caption-attachment-35541\" style=\"width: 1024px\" class=\"wp-caption aligncenter\"><img decoding=\"async\" class=\"wp-image-35541 size-full\" src=\"https:\/\/www.revistarambla.com\/wp-content\/uploads\/2021\/09\/Salvador_Allende_y_Pablo_Neruda.jpg\" alt=\"\" width=\"1024\" height=\"689\" srcset=\"https:\/\/www.revistarambla.com\/wp-content\/uploads\/2021\/09\/Salvador_Allende_y_Pablo_Neruda.jpg 1024w, https:\/\/www.revistarambla.com\/wp-content\/uploads\/2021\/09\/Salvador_Allende_y_Pablo_Neruda-300x202.jpg 300w, https:\/\/www.revistarambla.com\/wp-content\/uploads\/2021\/09\/Salvador_Allende_y_Pablo_Neruda-768x517.jpg 768w\" sizes=\"(max-width: 1024px) 100vw, 1024px\" \/><figcaption id=\"caption-attachment-35541\" class=\"wp-caption-text\">Salvador Allende y Pablo Neruda. (Biblioteca del Congreso Nacional de Chile)<\/figcaption><\/figure>\n<p>De su copiosa biograf\u00eda rescatamos los siguientes datos: nace el 12 de julio de 1904 en Parral, Chile; en 1906 su familia se radica en Temuco; en 1919 comienza a escribir en la revista <em>Selva Austral<\/em>; se traslada a Santiago en 1921; desarrolla una amplia carrera diplom\u00e1tica; en 1933 escribe \u201cResidencia en la tierra\u201d; en 1936 escribe en Francia ante la Guerra Civil Espa\u00f1ola \u201cEspa\u00f1a en el coraz\u00f3n\u201d; en 1941 en M\u00e9xico hace lectura de \u201cUn canto para Bol\u00edvar\u201d en 1945 recibe el Premio Nacional de Literatura; en los a\u00f1os cincuenta publica \u201cLos Versos del Capit\u00e1n\u201d, \u201cLas Uvas y el Viento\u201d, \u201cOdas Elementales\u201d; recibe el Premio Stalin de la Paz. En octubre de 1971 obtiene el Premio Nobel de Literatura. En Venezuela es muy reconocido por \u201cUn canto para Bol\u00edvar\u201d. El gran poeta latinoamericano, falleci\u00f3 el 23 de septiembre de 1973.<\/p>\n<p>En el libro \u201cTrinchera de ideas: Pensadores y poetas de Nuestra Am\u00e9rica\u201d, publicado por la Casa de Nuestra Am\u00e9rica Jos\u00e9 Mart\u00ed (2010), su autor, Luis Navarrete Orta, con las \u201cSeis instancias tem\u00e1ticas\u201d nos orienta en el acercamiento a la grandiosa obra de Neruda y que sintetizaremos en los p\u00e1rrafos siguientes.<\/p>\n<p>El volumen en donde encontramos el principal aporte de Neruda a la poes\u00eda er\u00f3tico-amorosa est\u00e1 en el volumen Todo el amor, all\u00ed se vierten obras como <em>Crepusculario<\/em> (1923) y de <em>Veinte poemas de amor y una canci\u00f3n desesperada<\/em> (1924). Estos versos llevan a la fama al gran poeta. En su madurez po\u00e9tica, dentro de esa saga encontramos <em>Los Versos del Capit\u00e1n<\/em> (\u201cPoemas de amor\u201d 1952 y 1953). El cierre de su obra amorosa culmina con <em>Cien sonetos de amo<\/em>r.<\/p>\n<p>Entre los a\u00f1os 1927 y 1932, la poes\u00eda encuentra a Neruda en el lejano oriente, bien alejado de la larga tierra chilena. Neruda era c\u00f3nsul en Rang\u00fan, Colombo, Batavia y Singapur, de all\u00ed deviene \u201cla soledad, la angustia existencial, los desgarramientos interiores m\u00e1s profundos le infunden a los poemas de <em>Residencia en la tierra<\/em> un aliento dram\u00e1tico y sombr\u00edo, muchas veces desesperado pero nunca desesperanzado\u201d. En el poema \u201cSolo la muerte\u201d leemos ese sentimiento:<\/p>\n<p style=\"text-align: center;\"><em>como un naufragio hacia adentro nos morimos<\/em><\/p>\n<p style=\"text-align: center;\"><em>como ahogarnos en el coraz\u00f3n,<\/em><\/p>\n<p style=\"text-align: center;\"><em>como irnos cayendo desde la piel al alma.<\/em><\/p>\n<p>Sobre el poema, a su Chile natal y amado, Navarrete refiere que Neruda le cant\u00f3 \u201ccon el ardor y la intensidad del enamorado. Su poes\u00eda camin\u00f3 salares y pampas salitreras, baj\u00f3 a los socavones de las minas, silb\u00f3 con el viento entre las alturas nevadas, anduvo por las calles bulliciosas de la gran ciudad y entre los ranchos de las callampas miserables, subi\u00f3 a la altura de cada ola oce\u00e1nica y se desmoron\u00f3 sobre la arena de Isla Negra, se empap\u00f3 de lluvias pertinaces en los bosques del sur, se sumergi\u00f3 en las tierras labrant\u00edas de los huasos y renaci\u00f3 en cada \u00e1rbol y en cada hombre de Chile, plena de humanidad, como una presencia familiar. Geograf\u00eda y hombre, naturaleza e historia se conjugaron en la gran trilog\u00eda: tierra, pueblo y poes\u00eda\u201d.<\/p>\n<p>A finales de los a\u00f1os treinta del siglo pasado se encuentra Neruda en Europa, siendo conmovido por los cr\u00edmenes cometidos por los fascistas en la Guerra Civil de ese pa\u00eds. En la obra de Neruda de aquellos a\u00f1os se palpa el significado, la conmoci\u00f3n, los horrores de la guerra: en <em>Espa\u00f1a en el coraz\u00f3n <\/em>(1937 y 1938), exclamaba vehementemente, \u201cVenid a ver la sangre por las calles\u201d. Le preocupaba Espa\u00f1a y manifest\u00f3 su solidaridad militante contra la agresi\u00f3n nazi a la URSS. <em>Espa\u00f1a en el coraz\u00f3n<\/em> y <em>Los cantos de Stalingrado<\/em>, se incorporan a la parte final de <em>Tercera Residencia<\/em>.<\/p>\n<p>Tambi\u00e9n en esos a\u00f1os se vuelca a la Am\u00e9rica Latina, a su patria. En 1938 sienta las bases para el \u201cCanto general de Chile\u201d y con ello el <em>Canto general<\/em>, publicado en 1950. Navarrete Orta nos explica que \u201cEn el Canto general culmina, un largo proceso de maduraci\u00f3n est\u00e9tico-ideol\u00f3gico. All\u00ed cuajan, en una relaci\u00f3n de complementariedad totalizante, elementos que hasta entonces se hab\u00edan dado aisladamente: la tierra, el hombre, la historia, el pueblo, la lucha y la poes\u00eda\u201d. Agrega nuestra admirado Profesor Navarrete Orta, \u201cEn sentido estricto, el <em>Canto General<\/em> cierra el ciclo de los grandes poemas sinf\u00f3nicos americanos, cuyos referentes son la naturaleza y la historia del continente y que tienen como antecedentes literarios las dos silvas de Andr\u00e9s Bello,\u2026\u201d<\/p>\n<p>Hay un hecho en la obra de Neruda y por ello se le brinda un gran reconocimiento: su contribuci\u00f3n a la poes\u00eda pol\u00edtica, su impronta se manifiesta en la dignidad y autonom\u00eda de su creaci\u00f3n, en el aporte fundamental a la poes\u00eda social revolucionaria. La poes\u00eda militante de Neruda se fragua en elementos hist\u00f3ricos, pol\u00edticos, en lo popular, en lo nacional.<\/p>\n<p>En los a\u00f1os cuarenta del siglo pasado encontramos la gran obra literaria de Neruda que insurge de grandes tem\u00e1ticas en la creaci\u00f3n de los cantos, ello en un tono \u00e9pico. All\u00ed tenemos: \u201cCanto a Stalingrado\u201d, \u201cUn canto para Bol\u00edvar\u201d [1941], \u201cCanto al ej\u00e9rcito rojo a su llegada a las puertas de Prusia\u201d, \u201cCanto a las madres de los milicianos muertos\u201d, y de all\u00ed se pasa al \u201cCanto General de Chile\u201d y al <em>Canto general<\/em>.<\/p>\n<p>Neruda escribi\u00f3 casi doscientas odas, dentro de una sencillez tremenda, cant\u00e1ndole a las cosas m\u00e1s sencillas \u201cdesde la cuchara y la cebolla hasta la luna y desde la alcachofa y el viento hasta la poes\u00eda. As\u00ed pues, el canto nerudiano, sea cual fuere su tonalidad o su tesitura, se ense\u00f1orea de las cosas, se apropia de las esencias de la vida y nos la devuelve, enaltecida, en cantos y odas, en poemas inmortales\u201d.<\/p>\n<h3>\u00ab<strong>Un canto para Bol\u00edvar\u00bb<\/strong><\/h3>\n<p>En el tiempo de las odas y los cantos irrumpe brillantemente esta maravillosa creaci\u00f3n de Neruda. La escribe en 1941, la \u00e9poca que se desempe\u00f1aba como c\u00f3nsul de Chile en M\u00e9xico y se ley\u00f3 por primera vez en la Escuela Nacional de Preparatoria. El canto se convierte en todo un manifiesto pol\u00edtico literario de este gran chileno en el contexto latinoamericano. La trascendencia universal de esta obra qued\u00f3 marcada en la lectura que de ella hiciera el poeta en Par\u00eds en 1949. Son tiempos de los cantos y de las odas.<\/p>\n<p>\u201cUn canto para Bol\u00edvar\u201d pone de manifiesto los ideales m\u00e1s sublimes de la humanidad: la libertad, la justicia y la paz. Se escribe en una \u00e9poca de guerras en Europa. Es la primera vez que un tema americano entra a la obra de Neruda y lo hace con la significaci\u00f3n hist\u00f3rica de Sim\u00f3n Bol\u00edvar. Esta obra tiene una vigencia latinoamericana y caribe\u00f1a tremenda, sobre todo cuando evocamos aquello de<\/p>\n<p style=\"text-align: center;\"><em>\u00a1Alerta!, \u00a1alerta!<\/em><\/p>\n<p style=\"text-align: center;\"><em>\u00a1alerta, que camina la espada de Bol\u00edvar<\/em><\/p>\n<p style=\"text-align: center;\"><em>por Am\u00e9rica Latina!<\/em><\/p>\n<p style=\"text-align: center;\"><em>I<\/em><\/p>\n<p style=\"text-align: center;\"><em>Padre nuestro que est\u00e1s en la tierra, en el agua, en el aire<\/em><\/p>\n<p style=\"text-align: center;\"><em>de toda nuestra extensa latitud silenciosa,<\/em><\/p>\n<p style=\"text-align: center;\"><em>todo lleva tu nombre, padre, en nuestra morada:<\/em><\/p>\n<p style=\"text-align: center;\"><em>tu apellido la ca\u00f1a levanta a la dulzura,<\/em><\/p>\n<p style=\"text-align: center;\"><em>el esta\u00f1o bol\u00edvar tiene un fulgor Bol\u00edvar,<\/em><\/p>\n<p style=\"text-align: center;\"><em>el p\u00e1jaro bol\u00edvar sobre el volc\u00e1n Bol\u00edvar,<\/em><\/p>\n<p style=\"text-align: center;\"><em>la patata, el salitre, las sombras especiales,<\/em><\/p>\n<p style=\"text-align: center;\"><em>las corrientes, las vetas de fosf\u00f3rica piedra,<\/em><\/p>\n<p style=\"text-align: center;\"><em>todo lo nuestro viene de tu vida apagada,<\/em><\/p>\n<p style=\"text-align: center;\"><em>tu herencia fueron r\u00edos, llanuras, campanarios,<\/em><\/p>\n<p style=\"text-align: center;\"><em>tu herencia es el pan nuestro de cada d\u00eda, padre.<\/em><\/p>\n<p style=\"text-align: center;\"><em>III<\/em><\/p>\n<p><em>De qu\u00e9 color la rosa que junto a tu alma alcemos?<\/em><\/p>\n<p style=\"text-align: center;\"><em>Roja ser\u00e1 la rosa que recuerde tu paso.<\/em><\/p>\n<p style=\"text-align: center;\"><em>C\u00f3mo ser\u00e1n las manos que toquen tu ceniza?<\/em><\/p>\n<p style=\"text-align: center;\"><em>Rojas ser\u00e1n las manos que en tu ceniza nacen.<\/em><\/p>\n<p style=\"text-align: center;\"><em>Y c\u00f3mo es la semilla de tu coraz\u00f3n muerto?<\/em><\/p>\n<p style=\"text-align: center;\"><em>Es roja la semilla de tu coraz\u00f3n vivo.<\/em><\/p>\n<p style=\"text-align: center;\"><em>V<\/em><\/p>\n<p><em>Capit\u00e1n, combatiente, donde una boca<\/em><\/p>\n<p style=\"text-align: center;\"><em>grita libertad, donde un o\u00eddo escucha,<\/em><\/p>\n<p style=\"text-align: center;\"><em>donde un soldado rojo rompe una frente parda,<\/em><\/p>\n<p style=\"text-align: center;\"><em>donde un laurel de libres brota, donde una nueva<\/em><\/p>\n<p style=\"text-align: center;\"><em>bandera se adorna con la sangre de nuestra insigne aurora,<\/em><\/p>\n<p style=\"text-align: center;\"><em>Bol\u00edvar, capit\u00e1n, se divisa tu rostro.<\/em><\/p>\n<p style=\"text-align: center;\"><em>Otra vez entre p\u00f3lvora y humo tu espada est\u00e1 naciendo.<\/em><\/p>\n<p style=\"text-align: center;\"><em>Otra vez tu bandera con sangre se ha bordado.<\/em><\/p>\n<p style=\"text-align: center;\"><em>Los malvados atacan tu semilla de nuevo,<\/em><\/p>\n<p style=\"text-align: center;\"><em>clavado en otra cruz est\u00e1 el hijo del hombre.<\/em><\/p>\n<p style=\"text-align: center;\"><em>VI<\/em><\/p>\n<p><em>Pero hacia la esperanza nos conduce tu sombra,<\/em><\/p>\n<p style=\"text-align: center;\"><em>el laurel y la luz de tu ej\u00e9rcito rojo<\/em><\/p>\n<p style=\"text-align: center;\"><em>a trav\u00e9s de la noche de Am\u00e9rica con tu mirada mira.<\/em><\/p>\n<p style=\"text-align: center;\"><em>Tus ojos que vigilan m\u00e1s all\u00e1 de los mares,<\/em><\/p>\n<p style=\"text-align: center;\"><em>m\u00e1s all\u00e1 de los pueblos oprimidos y heridos,<\/em><\/p>\n<p style=\"text-align: center;\"><em>m\u00e1s all\u00e1 de las negras ciudades incendiadas,<\/em><\/p>\n<p style=\"text-align: center;\"><em>tu voz nace de nuevo, tu mano otra vez nace:<\/em><\/p>\n<p style=\"text-align: center;\"><em>tu ej\u00e9rcito defiende las banderas sagradas:<\/em><\/p>\n<p style=\"text-align: center;\"><em>la Libertad sacude las campanas sangrientas,<\/em><\/p>\n<p style=\"text-align: center;\"><em>y un sonido terrible de dolores precede<\/em><\/p>\n<p style=\"text-align: center;\"><em>la aurora enrojecida por la sangre del hombre.<\/em><\/p>\n<p style=\"text-align: center;\"><em>Libertador, un mundo de paz naci\u00f3 en tus brazos.<\/em><\/p>\n<p style=\"text-align: center;\"><em>La paz, el pan, el trigo de tu sangre nacieron,<\/em><\/p>\n<p style=\"text-align: center;\"><em>de nuestra joven sangre venida de tu sangre<\/em><\/p>\n<p style=\"text-align: center;\"><em>saldr\u00e1n paz, pan y trigo para el mundo que haremos.<\/em><\/p>\n<p style=\"text-align: center;\"><em>VII<\/em><\/p>\n<p><em>Yo conoc\u00ed a Bol\u00edvar una ma\u00f1ana larga,<\/em><\/p>\n<p style=\"text-align: center;\"><em>en Madrid, en la boca del Quinto Regimiento,<\/em><\/p>\n<p style=\"text-align: center;\"><em>Padre, le dije, eres o no eres o qui\u00e9n eres?<\/em><\/p>\n<p style=\"text-align: center;\"><em>Y mirando el Cuartel de la Monta\u00f1a, dijo:<\/em><\/p>\n<p style=\"text-align: center;\"><em>\u00abDespierto cada cien a\u00f1os cuando despierta el pueblo\u00bb.<\/em><\/p>\n<hr \/>\n<p><em>Wolfgang R Vicent Vielma. Trabajador de la Casa de Nuestra Am\u00e9rica Jos\u00e9 Mart\u00ed; Profesor de la UNEFA; facilitador de la Misi\u00f3n Rivas.<\/em><\/p>\n<p><em>Fuente: Rebelion.org<\/em><\/p>\n","protected":false},"excerpt":{"rendered":"<p>En este agitado septiembre recordamos con especial reconocimiento al poeta nuestroamericano Pablo Neruda<\/p>","protected":false},"author":322,"featured_media":35541,"comment_status":"open","ping_status":"open","sticky":false,"template":"","format":"standard","meta":{"footnotes":""},"categories":[60],"tags":[],"class_list":["post-35538","post","type-post","status-publish","format-standard","has-post-thumbnail","hentry","category-libros"],"yoast_head":"<!-- This site is optimized with the Yoast SEO plugin v27.5 - https:\/\/yoast.com\/product\/yoast-seo-wordpress\/ -->\n<title>Pablo Neruda de los &quot;20 poemas de amor y una canci\u00f3n desesperada&quot; a &quot;Un Canto para Bol\u00edvar&quot; - Revista Rambla<\/title>\n<meta name=\"robots\" content=\"index, follow, max-snippet:-1, max-image-preview:large, max-video-preview:-1\" \/>\n<link rel=\"canonical\" href=\"https:\/\/www.revistarambla.com\/en\/pablo-neruda-de-los-20-poemas-de-amor-y-una-cancion-desesperada-a-un-canto-para-bolivar\/\" \/>\n<meta property=\"og:locale\" content=\"en_GB\" \/>\n<meta property=\"og:type\" content=\"article\" \/>\n<meta property=\"og:title\" content=\"Pablo Neruda de los &quot;20 poemas de amor y una canci\u00f3n desesperada&quot; a &quot;Un Canto para Bol\u00edvar&quot; - Revista Rambla\" \/>\n<meta property=\"og:description\" content=\"En este agitado septiembre recordamos con especial reconocimiento al poeta nuestroamericano Pablo Neruda\" \/>\n<meta property=\"og:url\" content=\"https:\/\/www.revistarambla.com\/en\/pablo-neruda-de-los-20-poemas-de-amor-y-una-cancion-desesperada-a-un-canto-para-bolivar\/\" \/>\n<meta property=\"og:site_name\" content=\"Revista Rambla\" \/>\n<meta property=\"article:publisher\" content=\"https:\/\/www.facebook.com\/revistarambla\/\" \/>\n<meta property=\"article:published_time\" content=\"2021-09-24T19:24:11+00:00\" \/>\n<meta property=\"article:modified_time\" content=\"2022-10-13T10:16:01+00:00\" \/>\n<meta property=\"og:image\" content=\"https:\/\/www.revistarambla.com\/wp-content\/uploads\/2021\/09\/Salvador_Allende_y_Pablo_Neruda.jpg\" \/>\n\t<meta property=\"og:image:width\" content=\"1024\" \/>\n\t<meta property=\"og:image:height\" content=\"689\" \/>\n\t<meta property=\"og:image:type\" content=\"image\/jpeg\" \/>\n<meta name=\"author\" content=\"Wolfgang R. Vicent Vielma\" \/>\n<meta name=\"twitter:card\" content=\"summary_large_image\" \/>\n<meta name=\"twitter:creator\" content=\"@revistarambla\" \/>\n<meta name=\"twitter:site\" content=\"@revistarambla\" \/>\n<meta name=\"twitter:label1\" content=\"Written by\" \/>\n\t<meta name=\"twitter:data1\" content=\"Wolfgang R. Vicent Vielma\" \/>\n\t<meta name=\"twitter:label2\" content=\"Estimated reading time\" \/>\n\t<meta name=\"twitter:data2\" content=\"7 minutes\" \/>\n<script type=\"application\/ld+json\" class=\"yoast-schema-graph\">{\"@context\":\"https:\\\/\\\/schema.org\",\"@graph\":[{\"@type\":\"Article\",\"@id\":\"https:\\\/\\\/www.revistarambla.com\\\/pablo-neruda-de-los-20-poemas-de-amor-y-una-cancion-desesperada-a-un-canto-para-bolivar\\\/#article\",\"isPartOf\":{\"@id\":\"https:\\\/\\\/www.revistarambla.com\\\/pablo-neruda-de-los-20-poemas-de-amor-y-una-cancion-desesperada-a-un-canto-para-bolivar\\\/\"},\"author\":{\"name\":\"Wolfgang R. Vicent Vielma\",\"@id\":\"https:\\\/\\\/www.revistarambla.com\\\/#\\\/schema\\\/person\\\/051a5778bec2edd09884ac4448b4c9a0\"},\"headline\":\"Pablo Neruda de los \u00ab20 poemas de amor y una canci\u00f3n desesperada\u00bb a \u00abUn Canto para Bol\u00edvar\u00bb\",\"datePublished\":\"2021-09-24T19:24:11+00:00\",\"dateModified\":\"2022-10-13T10:16:01+00:00\",\"mainEntityOfPage\":{\"@id\":\"https:\\\/\\\/www.revistarambla.com\\\/pablo-neruda-de-los-20-poemas-de-amor-y-una-cancion-desesperada-a-un-canto-para-bolivar\\\/\"},\"wordCount\":1654,\"commentCount\":0,\"publisher\":{\"@id\":\"https:\\\/\\\/www.revistarambla.com\\\/#organization\"},\"image\":{\"@id\":\"https:\\\/\\\/www.revistarambla.com\\\/pablo-neruda-de-los-20-poemas-de-amor-y-una-cancion-desesperada-a-un-canto-para-bolivar\\\/#primaryimage\"},\"thumbnailUrl\":\"https:\\\/\\\/www.revistarambla.com\\\/wp-content\\\/uploads\\\/2021\\\/09\\\/Salvador_Allende_y_Pablo_Neruda.jpg\",\"articleSection\":[\"Libros\"],\"inLanguage\":\"en-GB\",\"potentialAction\":[{\"@type\":\"CommentAction\",\"name\":\"Comment\",\"target\":[\"https:\\\/\\\/www.revistarambla.com\\\/pablo-neruda-de-los-20-poemas-de-amor-y-una-cancion-desesperada-a-un-canto-para-bolivar\\\/#respond\"]}]},{\"@type\":\"WebPage\",\"@id\":\"https:\\\/\\\/www.revistarambla.com\\\/pablo-neruda-de-los-20-poemas-de-amor-y-una-cancion-desesperada-a-un-canto-para-bolivar\\\/\",\"url\":\"https:\\\/\\\/www.revistarambla.com\\\/pablo-neruda-de-los-20-poemas-de-amor-y-una-cancion-desesperada-a-un-canto-para-bolivar\\\/\",\"name\":\"Pablo Neruda de los \\\"20 poemas de amor y una canci\u00f3n desesperada\\\" a \\\"Un Canto para Bol\u00edvar\\\" - Revista Rambla\",\"isPartOf\":{\"@id\":\"https:\\\/\\\/www.revistarambla.com\\\/#website\"},\"primaryImageOfPage\":{\"@id\":\"https:\\\/\\\/www.revistarambla.com\\\/pablo-neruda-de-los-20-poemas-de-amor-y-una-cancion-desesperada-a-un-canto-para-bolivar\\\/#primaryimage\"},\"image\":{\"@id\":\"https:\\\/\\\/www.revistarambla.com\\\/pablo-neruda-de-los-20-poemas-de-amor-y-una-cancion-desesperada-a-un-canto-para-bolivar\\\/#primaryimage\"},\"thumbnailUrl\":\"https:\\\/\\\/www.revistarambla.com\\\/wp-content\\\/uploads\\\/2021\\\/09\\\/Salvador_Allende_y_Pablo_Neruda.jpg\",\"datePublished\":\"2021-09-24T19:24:11+00:00\",\"dateModified\":\"2022-10-13T10:16:01+00:00\",\"breadcrumb\":{\"@id\":\"https:\\\/\\\/www.revistarambla.com\\\/pablo-neruda-de-los-20-poemas-de-amor-y-una-cancion-desesperada-a-un-canto-para-bolivar\\\/#breadcrumb\"},\"inLanguage\":\"en-GB\",\"potentialAction\":[{\"@type\":\"ReadAction\",\"target\":[\"https:\\\/\\\/www.revistarambla.com\\\/pablo-neruda-de-los-20-poemas-de-amor-y-una-cancion-desesperada-a-un-canto-para-bolivar\\\/\"]}]},{\"@type\":\"ImageObject\",\"inLanguage\":\"en-GB\",\"@id\":\"https:\\\/\\\/www.revistarambla.com\\\/pablo-neruda-de-los-20-poemas-de-amor-y-una-cancion-desesperada-a-un-canto-para-bolivar\\\/#primaryimage\",\"url\":\"https:\\\/\\\/www.revistarambla.com\\\/wp-content\\\/uploads\\\/2021\\\/09\\\/Salvador_Allende_y_Pablo_Neruda.jpg\",\"contentUrl\":\"https:\\\/\\\/www.revistarambla.com\\\/wp-content\\\/uploads\\\/2021\\\/09\\\/Salvador_Allende_y_Pablo_Neruda.jpg\",\"width\":1024,\"height\":689},{\"@type\":\"BreadcrumbList\",\"@id\":\"https:\\\/\\\/www.revistarambla.com\\\/pablo-neruda-de-los-20-poemas-de-amor-y-una-cancion-desesperada-a-un-canto-para-bolivar\\\/#breadcrumb\",\"itemListElement\":[{\"@type\":\"ListItem\",\"position\":1,\"name\":\"Portada\",\"item\":\"https:\\\/\\\/www.revistarambla.com\\\/\"},{\"@type\":\"ListItem\",\"position\":2,\"name\":\"Pablo Neruda de los &#8220;20 poemas de amor y una canci\u00f3n desesperada&#8221; a &#8220;Un Canto para Bol\u00edvar&#8221;\"}]},{\"@type\":\"WebSite\",\"@id\":\"https:\\\/\\\/www.revistarambla.com\\\/#website\",\"url\":\"https:\\\/\\\/www.revistarambla.com\\\/\",\"name\":\"Revista Rambla Barcelona\",\"description\":\"Periodismo independiente\",\"publisher\":{\"@id\":\"https:\\\/\\\/www.revistarambla.com\\\/#organization\"},\"potentialAction\":[{\"@type\":\"SearchAction\",\"target\":{\"@type\":\"EntryPoint\",\"urlTemplate\":\"https:\\\/\\\/www.revistarambla.com\\\/?s={search_term_string}\"},\"query-input\":{\"@type\":\"PropertyValueSpecification\",\"valueRequired\":true,\"valueName\":\"search_term_string\"}}],\"inLanguage\":\"en-GB\"},{\"@type\":\"Organization\",\"@id\":\"https:\\\/\\\/www.revistarambla.com\\\/#organization\",\"name\":\"Revista Rambla\",\"url\":\"https:\\\/\\\/www.revistarambla.com\\\/\",\"logo\":{\"@type\":\"ImageObject\",\"inLanguage\":\"en-GB\",\"@id\":\"https:\\\/\\\/www.revistarambla.com\\\/#\\\/schema\\\/logo\\\/image\\\/\",\"url\":\"https:\\\/\\\/www.revistarambla.com\\\/wp-content\\\/uploads\\\/2020\\\/09\\\/banner_rambla_1900x600_BB.png\",\"contentUrl\":\"https:\\\/\\\/www.revistarambla.com\\\/wp-content\\\/uploads\\\/2020\\\/09\\\/banner_rambla_1900x600_BB.png\",\"width\":1900,\"height\":600,\"caption\":\"Revista Rambla\"},\"image\":{\"@id\":\"https:\\\/\\\/www.revistarambla.com\\\/#\\\/schema\\\/logo\\\/image\\\/\"},\"sameAs\":[\"https:\\\/\\\/www.facebook.com\\\/revistarambla\\\/\",\"https:\\\/\\\/x.com\\\/revistarambla\",\"https:\\\/\\\/www.instagram.com\\\/revista_rambla\",\"https:\\\/\\\/es.linkedin.com\\\/company\\\/revista-rambla\"]},{\"@type\":\"Person\",\"@id\":\"https:\\\/\\\/www.revistarambla.com\\\/#\\\/schema\\\/person\\\/051a5778bec2edd09884ac4448b4c9a0\",\"name\":\"Wolfgang R. Vicent Vielma\",\"description\":\"Licenciado en Geograf\u00eda, Trabajador de la Casa de Nuestra Am\u00e9rica Jos\u00e9 Mart\u00ed, Profesor de la Universidad Nacional Experimental de la Fuerza Armada Bolivariana.\",\"sameAs\":[\"https:\\\/\\\/www.aporrea.org\\\/autores\\\/wolf.vicent\"]}]}<\/script>\n<!-- \/ Yoast SEO plugin. -->","yoast_head_json":{"title":"Pablo Neruda de los \"20 poemas de amor y una canci\u00f3n desesperada\" a \"Un Canto para Bol\u00edvar\" - Revista Rambla","robots":{"index":"index","follow":"follow","max-snippet":"max-snippet:-1","max-image-preview":"max-image-preview:large","max-video-preview":"max-video-preview:-1"},"canonical":"https:\/\/www.revistarambla.com\/en\/pablo-neruda-de-los-20-poemas-de-amor-y-una-cancion-desesperada-a-un-canto-para-bolivar\/","og_locale":"en_GB","og_type":"article","og_title":"Pablo Neruda de los \"20 poemas de amor y una canci\u00f3n desesperada\" a \"Un Canto para Bol\u00edvar\" - Revista Rambla","og_description":"En este agitado septiembre recordamos con especial reconocimiento al poeta nuestroamericano Pablo Neruda","og_url":"https:\/\/www.revistarambla.com\/en\/pablo-neruda-de-los-20-poemas-de-amor-y-una-cancion-desesperada-a-un-canto-para-bolivar\/","og_site_name":"Revista Rambla","article_publisher":"https:\/\/www.facebook.com\/revistarambla\/","article_published_time":"2021-09-24T19:24:11+00:00","article_modified_time":"2022-10-13T10:16:01+00:00","og_image":[{"width":1024,"height":689,"url":"https:\/\/www.revistarambla.com\/wp-content\/uploads\/2021\/09\/Salvador_Allende_y_Pablo_Neruda.jpg","type":"image\/jpeg"}],"author":"Wolfgang R. Vicent Vielma","twitter_card":"summary_large_image","twitter_creator":"@revistarambla","twitter_site":"@revistarambla","twitter_misc":{"Written by":"Wolfgang R. Vicent Vielma","Estimated reading time":"7 minutes"},"schema":{"@context":"https:\/\/schema.org","@graph":[{"@type":"Article","@id":"https:\/\/www.revistarambla.com\/pablo-neruda-de-los-20-poemas-de-amor-y-una-cancion-desesperada-a-un-canto-para-bolivar\/#article","isPartOf":{"@id":"https:\/\/www.revistarambla.com\/pablo-neruda-de-los-20-poemas-de-amor-y-una-cancion-desesperada-a-un-canto-para-bolivar\/"},"author":{"name":"Wolfgang R. Vicent Vielma","@id":"https:\/\/www.revistarambla.com\/#\/schema\/person\/051a5778bec2edd09884ac4448b4c9a0"},"headline":"Pablo Neruda de los \u00ab20 poemas de amor y una canci\u00f3n desesperada\u00bb a \u00abUn Canto para Bol\u00edvar\u00bb","datePublished":"2021-09-24T19:24:11+00:00","dateModified":"2022-10-13T10:16:01+00:00","mainEntityOfPage":{"@id":"https:\/\/www.revistarambla.com\/pablo-neruda-de-los-20-poemas-de-amor-y-una-cancion-desesperada-a-un-canto-para-bolivar\/"},"wordCount":1654,"commentCount":0,"publisher":{"@id":"https:\/\/www.revistarambla.com\/#organization"},"image":{"@id":"https:\/\/www.revistarambla.com\/pablo-neruda-de-los-20-poemas-de-amor-y-una-cancion-desesperada-a-un-canto-para-bolivar\/#primaryimage"},"thumbnailUrl":"https:\/\/www.revistarambla.com\/wp-content\/uploads\/2021\/09\/Salvador_Allende_y_Pablo_Neruda.jpg","articleSection":["Libros"],"inLanguage":"en-GB","potentialAction":[{"@type":"CommentAction","name":"Comment","target":["https:\/\/www.revistarambla.com\/pablo-neruda-de-los-20-poemas-de-amor-y-una-cancion-desesperada-a-un-canto-para-bolivar\/#respond"]}]},{"@type":"WebPage","@id":"https:\/\/www.revistarambla.com\/pablo-neruda-de-los-20-poemas-de-amor-y-una-cancion-desesperada-a-un-canto-para-bolivar\/","url":"https:\/\/www.revistarambla.com\/pablo-neruda-de-los-20-poemas-de-amor-y-una-cancion-desesperada-a-un-canto-para-bolivar\/","name":"Pablo Neruda de los \"20 poemas de amor y una canci\u00f3n desesperada\" a \"Un Canto para Bol\u00edvar\" - Revista Rambla","isPartOf":{"@id":"https:\/\/www.revistarambla.com\/#website"},"primaryImageOfPage":{"@id":"https:\/\/www.revistarambla.com\/pablo-neruda-de-los-20-poemas-de-amor-y-una-cancion-desesperada-a-un-canto-para-bolivar\/#primaryimage"},"image":{"@id":"https:\/\/www.revistarambla.com\/pablo-neruda-de-los-20-poemas-de-amor-y-una-cancion-desesperada-a-un-canto-para-bolivar\/#primaryimage"},"thumbnailUrl":"https:\/\/www.revistarambla.com\/wp-content\/uploads\/2021\/09\/Salvador_Allende_y_Pablo_Neruda.jpg","datePublished":"2021-09-24T19:24:11+00:00","dateModified":"2022-10-13T10:16:01+00:00","breadcrumb":{"@id":"https:\/\/www.revistarambla.com\/pablo-neruda-de-los-20-poemas-de-amor-y-una-cancion-desesperada-a-un-canto-para-bolivar\/#breadcrumb"},"inLanguage":"en-GB","potentialAction":[{"@type":"ReadAction","target":["https:\/\/www.revistarambla.com\/pablo-neruda-de-los-20-poemas-de-amor-y-una-cancion-desesperada-a-un-canto-para-bolivar\/"]}]},{"@type":"ImageObject","inLanguage":"en-GB","@id":"https:\/\/www.revistarambla.com\/pablo-neruda-de-los-20-poemas-de-amor-y-una-cancion-desesperada-a-un-canto-para-bolivar\/#primaryimage","url":"https:\/\/www.revistarambla.com\/wp-content\/uploads\/2021\/09\/Salvador_Allende_y_Pablo_Neruda.jpg","contentUrl":"https:\/\/www.revistarambla.com\/wp-content\/uploads\/2021\/09\/Salvador_Allende_y_Pablo_Neruda.jpg","width":1024,"height":689},{"@type":"BreadcrumbList","@id":"https:\/\/www.revistarambla.com\/pablo-neruda-de-los-20-poemas-de-amor-y-una-cancion-desesperada-a-un-canto-para-bolivar\/#breadcrumb","itemListElement":[{"@type":"ListItem","position":1,"name":"Portada","item":"https:\/\/www.revistarambla.com\/"},{"@type":"ListItem","position":2,"name":"Pablo Neruda de los &#8220;20 poemas de amor y una canci\u00f3n desesperada&#8221; a &#8220;Un Canto para Bol\u00edvar&#8221;"}]},{"@type":"WebSite","@id":"https:\/\/www.revistarambla.com\/#website","url":"https:\/\/www.revistarambla.com\/","name":"Revista Rambla Barcelona","description":"Periodismo independiente","publisher":{"@id":"https:\/\/www.revistarambla.com\/#organization"},"potentialAction":[{"@type":"SearchAction","target":{"@type":"EntryPoint","urlTemplate":"https:\/\/www.revistarambla.com\/?s={search_term_string}"},"query-input":{"@type":"PropertyValueSpecification","valueRequired":true,"valueName":"search_term_string"}}],"inLanguage":"en-GB"},{"@type":"Organization","@id":"https:\/\/www.revistarambla.com\/#organization","name":"Revista Rambla","url":"https:\/\/www.revistarambla.com\/","logo":{"@type":"ImageObject","inLanguage":"en-GB","@id":"https:\/\/www.revistarambla.com\/#\/schema\/logo\/image\/","url":"https:\/\/www.revistarambla.com\/wp-content\/uploads\/2020\/09\/banner_rambla_1900x600_BB.png","contentUrl":"https:\/\/www.revistarambla.com\/wp-content\/uploads\/2020\/09\/banner_rambla_1900x600_BB.png","width":1900,"height":600,"caption":"Revista Rambla"},"image":{"@id":"https:\/\/www.revistarambla.com\/#\/schema\/logo\/image\/"},"sameAs":["https:\/\/www.facebook.com\/revistarambla\/","https:\/\/x.com\/revistarambla","https:\/\/www.instagram.com\/revista_rambla","https:\/\/es.linkedin.com\/company\/revista-rambla"]},{"@type":"Person","@id":"https:\/\/www.revistarambla.com\/#\/schema\/person\/051a5778bec2edd09884ac4448b4c9a0","name":"Wolfgang R. Vicent Vielma","description":"Licenciado en Geograf\u00eda, Trabajador de la Casa de Nuestra Am\u00e9rica Jos\u00e9 Mart\u00ed, Profesor de la Universidad Nacional Experimental de la Fuerza Armada Bolivariana.","sameAs":["https:\/\/www.aporrea.org\/autores\/wolf.vicent"]}]}},"_links":{"self":[{"href":"https:\/\/www.revistarambla.com\/en\/wp-json\/wp\/v2\/posts\/35538","targetHints":{"allow":["GET"]}}],"collection":[{"href":"https:\/\/www.revistarambla.com\/en\/wp-json\/wp\/v2\/posts"}],"about":[{"href":"https:\/\/www.revistarambla.com\/en\/wp-json\/wp\/v2\/types\/post"}],"author":[{"embeddable":true,"href":"https:\/\/www.revistarambla.com\/en\/wp-json\/wp\/v2\/users\/322"}],"replies":[{"embeddable":true,"href":"https:\/\/www.revistarambla.com\/en\/wp-json\/wp\/v2\/comments?post=35538"}],"version-history":[{"count":1,"href":"https:\/\/www.revistarambla.com\/en\/wp-json\/wp\/v2\/posts\/35538\/revisions"}],"predecessor-version":[{"id":47691,"href":"https:\/\/www.revistarambla.com\/en\/wp-json\/wp\/v2\/posts\/35538\/revisions\/47691"}],"wp:featuredmedia":[{"embeddable":true,"href":"https:\/\/www.revistarambla.com\/en\/wp-json\/wp\/v2\/media\/35541"}],"wp:attachment":[{"href":"https:\/\/www.revistarambla.com\/en\/wp-json\/wp\/v2\/media?parent=35538"}],"wp:term":[{"taxonomy":"category","embeddable":true,"href":"https:\/\/www.revistarambla.com\/en\/wp-json\/wp\/v2\/categories?post=35538"},{"taxonomy":"post_tag","embeddable":true,"href":"https:\/\/www.revistarambla.com\/en\/wp-json\/wp\/v2\/tags?post=35538"}],"curies":[{"name":"wp","href":"https:\/\/api.w.org\/{rel}","templated":true}]}}