{"id":35525,"date":"2021-09-24T20:35:23","date_gmt":"2021-09-24T18:35:23","guid":{"rendered":"https:\/\/www.revistarambla.com\/?p=35525"},"modified":"2021-09-24T20:35:23","modified_gmt":"2021-09-24T18:35:23","slug":"erupcion-la-palma-dantesco-espectaculo-televisivo","status":"publish","type":"post","link":"https:\/\/www.revistarambla.com\/en\/erupcion-la-palma-dantesco-espectaculo-televisivo\/","title":{"rendered":"Erupci\u00f3n La Palma: dantesco espect\u00e1culo televisivo"},"content":{"rendered":"<p>Desde Ahul! &#8211; Juventudes Ahora Canarias queremos denunciar el dantesco espect\u00e1culo televisivo que est\u00e1n montando los medios de comunicaci\u00f3n al rededor de la desgracia que sufren cientos de familias palmeras tras las erupciones volc\u00e1nicas.<\/p>\n<p>Han convertido la cobertura informativa de este evento natural en un circo para ganar audiencia y aumentar sus ganancias, al m\u00e1s puro estilo capitalista, sin importarles c\u00f3mo afecta todo ello a las familias de La Palma.<\/p>\n<p>Su sensacionalismo invita, adem\u00e1s, a seguir estos eventos con deshumanizado inter\u00e9s, por el mero hecho de ver tragedia como si fuera algo ajeno, como si de una pel\u00edcula de Hollywood se tratase. Podemos verlo ya reflejado en miles de comentarios en la red en donde la empat\u00eda y solidaridad brilla por su ausencia.<\/p>\n<p>Pedimos respeto para nuestro pueblo, para todas esas personas afectadas por la tragedia, y hacemos un llamado a la cordura, el respeto, la colaboraci\u00f3n y la empat\u00eda, para que puedan ser debidamente atendidas y no se vean desbordadas y con una invasi\u00f3n de medios sensacionalistas y turistas desconsiderados.<\/p>\n<p>Canarias, con La Palma. Ahul!, con nuestras hermanas de Benahoare.<\/p>\n<p><em>Ahul! &#8211; Juventudes Ahora Canarias, pa\u00eds canario, noroeste de \u00c1frica, Macaronesia.<\/em><\/p>","protected":false},"excerpt":{"rendered":"<p>Desde Ahul! &#8211; Juventudes Ahora Canarias queremos denunciar el dantesco espect\u00e1culo televisivo que est\u00e1n montando los medios de comunicaci\u00f3n al rededor de la desgracia que sufren cientos de familias palmeras tras las erupciones volc\u00e1nicas. Han convertido la cobertura informativa de este evento natural en un circo para ganar audiencia y [&hellip;]<\/p>\n","protected":false},"author":15,"featured_media":35526,"comment_status":"open","ping_status":"open","sticky":false,"template":"","format":"standard","meta":{"footnotes":""},"categories":[72],"tags":[],"class_list":["post-35525","post","type-post","status-publish","format-standard","has-post-thumbnail","hentry","category-opinion"],"yoast_head":"<!-- This site is optimized with the Yoast SEO plugin v27.5 - https:\/\/yoast.com\/product\/yoast-seo-wordpress\/ -->\n<title>Erupci\u00f3n La Palma: dantesco espect\u00e1culo televisivo - Revista Rambla<\/title>\n<meta name=\"robots\" content=\"index, follow, max-snippet:-1, max-image-preview:large, max-video-preview:-1\" \/>\n<link rel=\"canonical\" href=\"https:\/\/www.revistarambla.com\/en\/erupcion-la-palma-dantesco-espectaculo-televisivo\/\" \/>\n<meta property=\"og:locale\" content=\"en_GB\" \/>\n<meta property=\"og:type\" content=\"article\" \/>\n<meta property=\"og:title\" content=\"Erupci\u00f3n La Palma: dantesco espect\u00e1culo televisivo - Revista Rambla\" \/>\n<meta property=\"og:description\" content=\"Desde Ahul! &#8211; Juventudes Ahora Canarias queremos denunciar el dantesco espect\u00e1culo televisivo que est\u00e1n montando los medios de comunicaci\u00f3n al rededor de la desgracia que sufren cientos de familias palmeras tras las erupciones volc\u00e1nicas. Han convertido la cobertura informativa de este evento natural en un circo para ganar audiencia y [&hellip;]\" \/>\n<meta property=\"og:url\" content=\"https:\/\/www.revistarambla.com\/en\/erupcion-la-palma-dantesco-espectaculo-televisivo\/\" \/>\n<meta property=\"og:site_name\" content=\"Revista Rambla\" \/>\n<meta property=\"article:publisher\" content=\"https:\/\/www.facebook.com\/revistarambla\/\" \/>\n<meta property=\"article:published_time\" content=\"2021-09-24T18:35:23+00:00\" \/>\n<meta property=\"og:image\" content=\"https:\/\/i1.wp.com\/www.revistarambla.com\/wp-content\/uploads\/2021\/09\/ahul_ahoracanarias-660x519-1.jpeg?fit=1280%2C720&ssl=1\" \/>\n\t<meta property=\"og:image:width\" content=\"1280\" \/>\n\t<meta property=\"og:image:height\" content=\"720\" \/>\n\t<meta property=\"og:image:type\" content=\"image\/jpeg\" \/>\n<meta name=\"author\" content=\"Ahul! - Juventudes Ahora Canarias\" \/>\n<meta name=\"twitter:card\" content=\"summary_large_image\" \/>\n<meta name=\"twitter:creator\" content=\"@revistarambla\" \/>\n<meta name=\"twitter:site\" content=\"@revistarambla\" \/>\n<meta name=\"twitter:label1\" content=\"Written by\" \/>\n\t<meta name=\"twitter:data1\" content=\"Ahul! - Juventudes Ahora Canarias\" \/>\n\t<meta name=\"twitter:label2\" content=\"Estimated reading time\" \/>\n\t<meta name=\"twitter:data2\" content=\"1 minute\" \/>\n<script type=\"application\/ld+json\" class=\"yoast-schema-graph\">{\"@context\":\"https:\\\/\\\/schema.org\",\"@graph\":[{\"@type\":\"Article\",\"@id\":\"https:\\\/\\\/www.revistarambla.com\\\/erupcion-la-palma-dantesco-espectaculo-televisivo\\\/#article\",\"isPartOf\":{\"@id\":\"https:\\\/\\\/www.revistarambla.com\\\/erupcion-la-palma-dantesco-espectaculo-televisivo\\\/\"},\"author\":{\"name\":\"Ahul! - Juventudes Ahora Canarias\",\"@id\":\"https:\\\/\\\/www.revistarambla.com\\\/#\\\/schema\\\/person\\\/2b19179a8ace334b829ad72cc6e6ce97\"},\"headline\":\"Erupci\u00f3n La Palma: dantesco espect\u00e1culo televisivo\",\"datePublished\":\"2021-09-24T18:35:23+00:00\",\"mainEntityOfPage\":{\"@id\":\"https:\\\/\\\/www.revistarambla.com\\\/erupcion-la-palma-dantesco-espectaculo-televisivo\\\/\"},\"wordCount\":214,\"commentCount\":0,\"publisher\":{\"@id\":\"https:\\\/\\\/www.revistarambla.com\\\/#organization\"},\"image\":{\"@id\":\"https:\\\/\\\/www.revistarambla.com\\\/erupcion-la-palma-dantesco-espectaculo-televisivo\\\/#primaryimage\"},\"thumbnailUrl\":\"https:\\\/\\\/www.revistarambla.com\\\/wp-content\\\/uploads\\\/2021\\\/09\\\/ahul_ahoracanarias-660x519-1.jpeg\",\"articleSection\":[\"Opiniones\"],\"inLanguage\":\"en-GB\",\"potentialAction\":[{\"@type\":\"CommentAction\",\"name\":\"Comment\",\"target\":[\"https:\\\/\\\/www.revistarambla.com\\\/erupcion-la-palma-dantesco-espectaculo-televisivo\\\/#respond\"]}]},{\"@type\":\"WebPage\",\"@id\":\"https:\\\/\\\/www.revistarambla.com\\\/erupcion-la-palma-dantesco-espectaculo-televisivo\\\/\",\"url\":\"https:\\\/\\\/www.revistarambla.com\\\/erupcion-la-palma-dantesco-espectaculo-televisivo\\\/\",\"name\":\"Erupci\u00f3n La Palma: dantesco espect\u00e1culo televisivo - Revista Rambla\",\"isPartOf\":{\"@id\":\"https:\\\/\\\/www.revistarambla.com\\\/#website\"},\"primaryImageOfPage\":{\"@id\":\"https:\\\/\\\/www.revistarambla.com\\\/erupcion-la-palma-dantesco-espectaculo-televisivo\\\/#primaryimage\"},\"image\":{\"@id\":\"https:\\\/\\\/www.revistarambla.com\\\/erupcion-la-palma-dantesco-espectaculo-televisivo\\\/#primaryimage\"},\"thumbnailUrl\":\"https:\\\/\\\/www.revistarambla.com\\\/wp-content\\\/uploads\\\/2021\\\/09\\\/ahul_ahoracanarias-660x519-1.jpeg\",\"datePublished\":\"2021-09-24T18:35:23+00:00\",\"breadcrumb\":{\"@id\":\"https:\\\/\\\/www.revistarambla.com\\\/erupcion-la-palma-dantesco-espectaculo-televisivo\\\/#breadcrumb\"},\"inLanguage\":\"en-GB\",\"potentialAction\":[{\"@type\":\"ReadAction\",\"target\":[\"https:\\\/\\\/www.revistarambla.com\\\/erupcion-la-palma-dantesco-espectaculo-televisivo\\\/\"]}]},{\"@type\":\"ImageObject\",\"inLanguage\":\"en-GB\",\"@id\":\"https:\\\/\\\/www.revistarambla.com\\\/erupcion-la-palma-dantesco-espectaculo-televisivo\\\/#primaryimage\",\"url\":\"https:\\\/\\\/www.revistarambla.com\\\/wp-content\\\/uploads\\\/2021\\\/09\\\/ahul_ahoracanarias-660x519-1.jpeg\",\"contentUrl\":\"https:\\\/\\\/www.revistarambla.com\\\/wp-content\\\/uploads\\\/2021\\\/09\\\/ahul_ahoracanarias-660x519-1.jpeg\",\"width\":1280,\"height\":720},{\"@type\":\"BreadcrumbList\",\"@id\":\"https:\\\/\\\/www.revistarambla.com\\\/erupcion-la-palma-dantesco-espectaculo-televisivo\\\/#breadcrumb\",\"itemListElement\":[{\"@type\":\"ListItem\",\"position\":1,\"name\":\"Portada\",\"item\":\"https:\\\/\\\/www.revistarambla.com\\\/\"},{\"@type\":\"ListItem\",\"position\":2,\"name\":\"Erupci\u00f3n La Palma: dantesco espect\u00e1culo televisivo\"}]},{\"@type\":\"WebSite\",\"@id\":\"https:\\\/\\\/www.revistarambla.com\\\/#website\",\"url\":\"https:\\\/\\\/www.revistarambla.com\\\/\",\"name\":\"Revista Rambla Barcelona\",\"description\":\"Periodismo independiente\",\"publisher\":{\"@id\":\"https:\\\/\\\/www.revistarambla.com\\\/#organization\"},\"potentialAction\":[{\"@type\":\"SearchAction\",\"target\":{\"@type\":\"EntryPoint\",\"urlTemplate\":\"https:\\\/\\\/www.revistarambla.com\\\/?s={search_term_string}\"},\"query-input\":{\"@type\":\"PropertyValueSpecification\",\"valueRequired\":true,\"valueName\":\"search_term_string\"}}],\"inLanguage\":\"en-GB\"},{\"@type\":\"Organization\",\"@id\":\"https:\\\/\\\/www.revistarambla.com\\\/#organization\",\"name\":\"Revista Rambla\",\"url\":\"https:\\\/\\\/www.revistarambla.com\\\/\",\"logo\":{\"@type\":\"ImageObject\",\"inLanguage\":\"en-GB\",\"@id\":\"https:\\\/\\\/www.revistarambla.com\\\/#\\\/schema\\\/logo\\\/image\\\/\",\"url\":\"https:\\\/\\\/www.revistarambla.com\\\/wp-content\\\/uploads\\\/2020\\\/09\\\/banner_rambla_1900x600_BB.png\",\"contentUrl\":\"https:\\\/\\\/www.revistarambla.com\\\/wp-content\\\/uploads\\\/2020\\\/09\\\/banner_rambla_1900x600_BB.png\",\"width\":1900,\"height\":600,\"caption\":\"Revista Rambla\"},\"image\":{\"@id\":\"https:\\\/\\\/www.revistarambla.com\\\/#\\\/schema\\\/logo\\\/image\\\/\"},\"sameAs\":[\"https:\\\/\\\/www.facebook.com\\\/revistarambla\\\/\",\"https:\\\/\\\/x.com\\\/revistarambla\",\"https:\\\/\\\/www.instagram.com\\\/revista_rambla\",\"https:\\\/\\\/es.linkedin.com\\\/company\\\/revista-rambla\"]},{\"@type\":\"Person\",\"@id\":\"https:\\\/\\\/www.revistarambla.com\\\/#\\\/schema\\\/person\\\/2b19179a8ace334b829ad72cc6e6ce97\",\"name\":\"Ahul! - Juventudes Ahora Canarias\"}]}<\/script>\n<!-- \/ Yoast SEO plugin. -->","yoast_head_json":{"title":"Erupci\u00f3n La Palma: dantesco espect\u00e1culo televisivo - Revista Rambla","robots":{"index":"index","follow":"follow","max-snippet":"max-snippet:-1","max-image-preview":"max-image-preview:large","max-video-preview":"max-video-preview:-1"},"canonical":"https:\/\/www.revistarambla.com\/en\/erupcion-la-palma-dantesco-espectaculo-televisivo\/","og_locale":"en_GB","og_type":"article","og_title":"Erupci\u00f3n La Palma: dantesco espect\u00e1culo televisivo - Revista Rambla","og_description":"Desde Ahul! &#8211; Juventudes Ahora Canarias queremos denunciar el dantesco espect\u00e1culo televisivo que est\u00e1n montando los medios de comunicaci\u00f3n al rededor de la desgracia que sufren cientos de familias palmeras tras las erupciones volc\u00e1nicas. Han convertido la cobertura informativa de este evento natural en un circo para ganar audiencia y [&hellip;]","og_url":"https:\/\/www.revistarambla.com\/en\/erupcion-la-palma-dantesco-espectaculo-televisivo\/","og_site_name":"Revista Rambla","article_publisher":"https:\/\/www.facebook.com\/revistarambla\/","article_published_time":"2021-09-24T18:35:23+00:00","og_image":[{"width":1280,"height":720,"url":"https:\/\/i1.wp.com\/www.revistarambla.com\/wp-content\/uploads\/2021\/09\/ahul_ahoracanarias-660x519-1.jpeg?fit=1280%2C720&ssl=1","type":"image\/jpeg"}],"author":"Ahul! - Juventudes Ahora Canarias","twitter_card":"summary_large_image","twitter_creator":"@revistarambla","twitter_site":"@revistarambla","twitter_misc":{"Written by":"Ahul! - Juventudes Ahora Canarias","Estimated reading time":"1 minute"},"schema":{"@context":"https:\/\/schema.org","@graph":[{"@type":"Article","@id":"https:\/\/www.revistarambla.com\/erupcion-la-palma-dantesco-espectaculo-televisivo\/#article","isPartOf":{"@id":"https:\/\/www.revistarambla.com\/erupcion-la-palma-dantesco-espectaculo-televisivo\/"},"author":{"name":"Ahul! - Juventudes Ahora Canarias","@id":"https:\/\/www.revistarambla.com\/#\/schema\/person\/2b19179a8ace334b829ad72cc6e6ce97"},"headline":"Erupci\u00f3n La Palma: dantesco espect\u00e1culo televisivo","datePublished":"2021-09-24T18:35:23+00:00","mainEntityOfPage":{"@id":"https:\/\/www.revistarambla.com\/erupcion-la-palma-dantesco-espectaculo-televisivo\/"},"wordCount":214,"commentCount":0,"publisher":{"@id":"https:\/\/www.revistarambla.com\/#organization"},"image":{"@id":"https:\/\/www.revistarambla.com\/erupcion-la-palma-dantesco-espectaculo-televisivo\/#primaryimage"},"thumbnailUrl":"https:\/\/www.revistarambla.com\/wp-content\/uploads\/2021\/09\/ahul_ahoracanarias-660x519-1.jpeg","articleSection":["Opiniones"],"inLanguage":"en-GB","potentialAction":[{"@type":"CommentAction","name":"Comment","target":["https:\/\/www.revistarambla.com\/erupcion-la-palma-dantesco-espectaculo-televisivo\/#respond"]}]},{"@type":"WebPage","@id":"https:\/\/www.revistarambla.com\/erupcion-la-palma-dantesco-espectaculo-televisivo\/","url":"https:\/\/www.revistarambla.com\/erupcion-la-palma-dantesco-espectaculo-televisivo\/","name":"Erupci\u00f3n La Palma: dantesco espect\u00e1culo televisivo - Revista Rambla","isPartOf":{"@id":"https:\/\/www.revistarambla.com\/#website"},"primaryImageOfPage":{"@id":"https:\/\/www.revistarambla.com\/erupcion-la-palma-dantesco-espectaculo-televisivo\/#primaryimage"},"image":{"@id":"https:\/\/www.revistarambla.com\/erupcion-la-palma-dantesco-espectaculo-televisivo\/#primaryimage"},"thumbnailUrl":"https:\/\/www.revistarambla.com\/wp-content\/uploads\/2021\/09\/ahul_ahoracanarias-660x519-1.jpeg","datePublished":"2021-09-24T18:35:23+00:00","breadcrumb":{"@id":"https:\/\/www.revistarambla.com\/erupcion-la-palma-dantesco-espectaculo-televisivo\/#breadcrumb"},"inLanguage":"en-GB","potentialAction":[{"@type":"ReadAction","target":["https:\/\/www.revistarambla.com\/erupcion-la-palma-dantesco-espectaculo-televisivo\/"]}]},{"@type":"ImageObject","inLanguage":"en-GB","@id":"https:\/\/www.revistarambla.com\/erupcion-la-palma-dantesco-espectaculo-televisivo\/#primaryimage","url":"https:\/\/www.revistarambla.com\/wp-content\/uploads\/2021\/09\/ahul_ahoracanarias-660x519-1.jpeg","contentUrl":"https:\/\/www.revistarambla.com\/wp-content\/uploads\/2021\/09\/ahul_ahoracanarias-660x519-1.jpeg","width":1280,"height":720},{"@type":"BreadcrumbList","@id":"https:\/\/www.revistarambla.com\/erupcion-la-palma-dantesco-espectaculo-televisivo\/#breadcrumb","itemListElement":[{"@type":"ListItem","position":1,"name":"Portada","item":"https:\/\/www.revistarambla.com\/"},{"@type":"ListItem","position":2,"name":"Erupci\u00f3n La Palma: dantesco espect\u00e1culo televisivo"}]},{"@type":"WebSite","@id":"https:\/\/www.revistarambla.com\/#website","url":"https:\/\/www.revistarambla.com\/","name":"Revista Rambla Barcelona","description":"Periodismo independiente","publisher":{"@id":"https:\/\/www.revistarambla.com\/#organization"},"potentialAction":[{"@type":"SearchAction","target":{"@type":"EntryPoint","urlTemplate":"https:\/\/www.revistarambla.com\/?s={search_term_string}"},"query-input":{"@type":"PropertyValueSpecification","valueRequired":true,"valueName":"search_term_string"}}],"inLanguage":"en-GB"},{"@type":"Organization","@id":"https:\/\/www.revistarambla.com\/#organization","name":"Revista Rambla","url":"https:\/\/www.revistarambla.com\/","logo":{"@type":"ImageObject","inLanguage":"en-GB","@id":"https:\/\/www.revistarambla.com\/#\/schema\/logo\/image\/","url":"https:\/\/www.revistarambla.com\/wp-content\/uploads\/2020\/09\/banner_rambla_1900x600_BB.png","contentUrl":"https:\/\/www.revistarambla.com\/wp-content\/uploads\/2020\/09\/banner_rambla_1900x600_BB.png","width":1900,"height":600,"caption":"Revista Rambla"},"image":{"@id":"https:\/\/www.revistarambla.com\/#\/schema\/logo\/image\/"},"sameAs":["https:\/\/www.facebook.com\/revistarambla\/","https:\/\/x.com\/revistarambla","https:\/\/www.instagram.com\/revista_rambla","https:\/\/es.linkedin.com\/company\/revista-rambla"]},{"@type":"Person","@id":"https:\/\/www.revistarambla.com\/#\/schema\/person\/2b19179a8ace334b829ad72cc6e6ce97","name":"Ahul! - Juventudes Ahora Canarias"}]}},"_links":{"self":[{"href":"https:\/\/www.revistarambla.com\/en\/wp-json\/wp\/v2\/posts\/35525","targetHints":{"allow":["GET"]}}],"collection":[{"href":"https:\/\/www.revistarambla.com\/en\/wp-json\/wp\/v2\/posts"}],"about":[{"href":"https:\/\/www.revistarambla.com\/en\/wp-json\/wp\/v2\/types\/post"}],"author":[{"embeddable":true,"href":"https:\/\/www.revistarambla.com\/en\/wp-json\/wp\/v2\/users\/15"}],"replies":[{"embeddable":true,"href":"https:\/\/www.revistarambla.com\/en\/wp-json\/wp\/v2\/comments?post=35525"}],"version-history":[{"count":0,"href":"https:\/\/www.revistarambla.com\/en\/wp-json\/wp\/v2\/posts\/35525\/revisions"}],"wp:featuredmedia":[{"embeddable":true,"href":"https:\/\/www.revistarambla.com\/en\/wp-json\/wp\/v2\/media\/35526"}],"wp:attachment":[{"href":"https:\/\/www.revistarambla.com\/en\/wp-json\/wp\/v2\/media?parent=35525"}],"wp:term":[{"taxonomy":"category","embeddable":true,"href":"https:\/\/www.revistarambla.com\/en\/wp-json\/wp\/v2\/categories?post=35525"},{"taxonomy":"post_tag","embeddable":true,"href":"https:\/\/www.revistarambla.com\/en\/wp-json\/wp\/v2\/tags?post=35525"}],"curies":[{"name":"wp","href":"https:\/\/api.w.org\/{rel}","templated":true}]}}