{"id":35521,"date":"2021-09-24T20:24:55","date_gmt":"2021-09-24T18:24:55","guid":{"rendered":"https:\/\/www.revistarambla.com\/?p=35521"},"modified":"2021-12-07T16:08:59","modified_gmt":"2021-12-07T15:08:59","slug":"y-si-gana-la-derecha-en-las-proximas-elecciones-generales","status":"publish","type":"post","link":"https:\/\/www.revistarambla.com\/en\/y-si-gana-la-derecha-en-las-proximas-elecciones-generales\/","title":{"rendered":"\u00bfY si gana la derecha en las pr\u00f3ximas Elecciones Generales?"},"content":{"rendered":"<p>El establishment del Estado espa\u00f1ol estar\u00eda formado por las \u00e9lites financiera-empresarial, pol\u00edtica, judicial, militar, jerarqu\u00eda cat\u00f3lica, universitaria y mass media del Estado espa\u00f1ol, herederos naturales del legado del General Franco que habr\u00edan fagocitado todas las esferas de decisi\u00f3n (seg\u00fan se desprende de la lectura del libro \u201cOligarqu\u00eda financiera y poder pol\u00edtico en Espa\u00f1a\u201d escrito por el ex-banquero Manuel Puerto Ducet).<\/p>\n<p>Dichos lobbies de presi\u00f3n estar\u00edan interconectados mediante \u00abuna alianza inquieta\u00bb basada en su comunidad de intereses econ\u00f3micos y amalgamada por la defensa a ultranza del R\u00e9gimen del 78 y de la \u00abunidad indisoluble de Espa\u00f1a\u00bb y su objetivo confeso ser\u00eda implementar en Espa\u00f1a una \u201cdemocracia no liberal\u201d siguiendo la estela de la Hungr\u00eda de Orb\u00e1n.<\/p>\n<p>El lobby judicial tardo franquista habr\u00eda fagocitado los principales estamentos judiciales del Estado espa\u00f1ol (CGPJ, Tribunal Supremo, Tribunal de Cuentas y el Tribunal Constitucional) y a pesar de estar en funciones desde el 2018, el PP se niega a renovar la c\u00fapula judicial al seguir ostentando la mayor\u00eda en dichos Tribunales.<\/p>\n<p>El Tardofranquismo judicial tendr\u00eda al Tribunal Supremo como muro de contenci\u00f3n de los decretos-leyes aprobados por el \u201crodillo progresista\u201d del Congreso; a su Presidente Carlos Lesmes como crupier en la ruleta de adjudicaci\u00f3n de cargos y procesos judiciales; a los jueces Marchena, Lamela y Llarena como sus estrellas medi\u00e1ticas y a los fiscales del \u201cclan de los indomables\u201d como sus abnegados peones.<\/p>\n<p>Asimismo, el Tribunal Supremo estar\u00eda controlado por el llamado \u201cclan de los pol\u00edticos\u201d en palabras del expresidente de Sala del TS, Ram\u00f3n Trillo y habr\u00eda devenido en un verdadero lobby o grupo de presi\u00f3n de la derecha tardo franquista que mediante controvertidas decisiones judiciales intentar\u00e1 paralizar o revertir las decisiones pol\u00edticas o econ\u00f3micas del Gobierno S\u00e1nchez.<\/p>\n<p>En este contexto, se enmarcar\u00eda la reciente campa\u00f1a emprendida por el PP y Vox (Operaci\u00f3n Toga) y que contar\u00e1 con la aquiescencia del Tribunal Supremo, del Tribunal de Cuentas y del Tribunal Constitucional para provocar la par\u00e1lisis legislativa y ejecutiva de la actual mayor\u00eda progresista y forzar la convocatoria de nuevas Elecciones Generales con la esperanza de lograr la mayor\u00eda absoluta.<\/p>\n<p>As\u00ed, en las pr\u00f3ximas Generales podr\u00edamos asistir al triunfo de la nueva CEDA representada por PP y Vox (previa absorci\u00f3n de los restos del naufragio de Ciudadanos) que conformar\u00edan un Gobierno de Salvaci\u00f3n nacional basado en la triple enzima tardo franquista (mantenimiento de la unidad indisoluble de Espa\u00f1a, control estricto de la inmigraci\u00f3n y retorno al pensamiento \u00fanico hetero patriarcal) y que gobernar\u00e1 con claros tintes autocr\u00e1ticos.<\/p>\n<p>La autocracia ser\u00eda pues una especie de dictadura invisible sustentada en s\u00f3lidas estrategias de cohesi\u00f3n (manipulaci\u00f3n de masas y culto al l\u00edder) basadas en el control absoluto de los medios de comunicaci\u00f3n y la censura y desprestigio social de los individuos refractarios al mensaje del l\u00edder.<\/p>\n<p>De ello ser\u00eda paradigma el primer ministro h\u00fangaro, Viktor Orb\u00e1n que habr\u00eda convertido a Hungr\u00eda en la primera autocracia europea o \u201cdemocracia no liberal\u201d, doctrina que por mimetismo han adoptado el resto de pa\u00edses del Grupo de Visegrado (Polonia, Eslovaquia, Chequia).<\/p>\n<p>En el supuesto de alcanzar el Poder el PP en coalici\u00f3n con Vox, asistiremos a la implementaci\u00f3n de \u201cuna democracia no liberal\u201d siguiendo la estela de Orb\u00e1n que beber\u00e1 de las fuentes del centralismo bonapartista y del paternalismo de las dictaduras blandas y que se traducir\u00e1 en el finiquito de la separaci\u00f3n de poderes de Montesquieu, en la ilegalizaci\u00f3n de partidos refractarios a los postulados de la Constituci\u00f3n (partidos independentistas vascos y catalanes) as\u00ed como la instauraci\u00f3n de una feroz ofensiva recentralizadora que supondr\u00e1 la asunci\u00f3n por el Gobierno central de las actuales competencias auton\u00f3micas (Sanidad, Educaci\u00f3n, Polic\u00eda y Prisiones).<\/p>\n<p>Ello supondr\u00e1 \u201cde facto\u201d vaciar de contenido las competencias legislativas de los Parlamentos forales vasco-navarros, medidas restrictivas que podr\u00edan convertir tanto a Euskadi como a Navarra en autogobiernos devaluados, enconsertados y sometidos a los dictados del Gobierno Central o Tribunal Constitucional de turno, lo que podr\u00eda desembocar en la apertura del Frente del Norte contra la regresi\u00f3n centralista del Gobierno de Madrid.<\/p>","protected":false},"excerpt":{"rendered":"<p>El establishment del Estado espa\u00f1ol estar\u00eda formado por las \u00e9lites financiera-empresarial, pol\u00edtica, judicial, militar, jerarqu\u00eda cat\u00f3lica, universitaria y mass media del Estado espa\u00f1ol, herederos naturales del legado del General Franco que habr\u00edan fagocitado todas las esferas de decisi\u00f3n (seg\u00fan se desprende de la lectura del libro \u201cOligarqu\u00eda financiera y poder [&hellip;]<\/p>\n","protected":false},"author":16,"featured_media":35522,"comment_status":"open","ping_status":"open","sticky":false,"template":"","format":"standard","meta":{"footnotes":""},"categories":[72],"tags":[],"class_list":["post-35521","post","type-post","status-publish","format-standard","has-post-thumbnail","hentry","category-opinion"],"yoast_head":"<!-- This site is optimized with the Yoast SEO plugin v27.5 - https:\/\/yoast.com\/product\/yoast-seo-wordpress\/ -->\n<title>\u00bfY si gana la derecha en las pr\u00f3ximas Elecciones Generales? - Revista Rambla<\/title>\n<meta name=\"robots\" content=\"index, follow, max-snippet:-1, max-image-preview:large, max-video-preview:-1\" \/>\n<link rel=\"canonical\" href=\"https:\/\/www.revistarambla.com\/en\/y-si-gana-la-derecha-en-las-proximas-elecciones-generales\/\" \/>\n<meta property=\"og:locale\" content=\"en_GB\" \/>\n<meta property=\"og:type\" content=\"article\" \/>\n<meta property=\"og:title\" content=\"\u00bfY si gana la derecha en las pr\u00f3ximas Elecciones Generales? - Revista Rambla\" \/>\n<meta property=\"og:description\" content=\"El establishment del Estado espa\u00f1ol estar\u00eda formado por las \u00e9lites financiera-empresarial, pol\u00edtica, judicial, militar, jerarqu\u00eda cat\u00f3lica, universitaria y mass media del Estado espa\u00f1ol, herederos naturales del legado del General Franco que habr\u00edan fagocitado todas las esferas de decisi\u00f3n (seg\u00fan se desprende de la lectura del libro \u201cOligarqu\u00eda financiera y poder [&hellip;]\" \/>\n<meta property=\"og:url\" content=\"https:\/\/www.revistarambla.com\/en\/y-si-gana-la-derecha-en-las-proximas-elecciones-generales\/\" \/>\n<meta property=\"og:site_name\" content=\"Revista Rambla\" \/>\n<meta property=\"article:publisher\" content=\"https:\/\/www.facebook.com\/revistarambla\/\" \/>\n<meta property=\"article:published_time\" content=\"2021-09-24T18:24:55+00:00\" \/>\n<meta property=\"article:modified_time\" content=\"2021-12-07T15:08:59+00:00\" \/>\n<meta property=\"og:image\" content=\"https:\/\/www.revistarambla.com\/wp-content\/uploads\/2021\/09\/5c601b7e68c39.jpg\" \/>\n\t<meta property=\"og:image:width\" content=\"800\" \/>\n\t<meta property=\"og:image:height\" content=\"602\" \/>\n\t<meta property=\"og:image:type\" content=\"image\/jpeg\" \/>\n<meta name=\"author\" content=\"Germ\u00e1n Gorraiz L\u00f3pez\" \/>\n<meta name=\"twitter:card\" content=\"summary_large_image\" \/>\n<meta name=\"twitter:creator\" content=\"@revistarambla\" \/>\n<meta name=\"twitter:site\" content=\"@revistarambla\" \/>\n<meta name=\"twitter:label1\" content=\"Written by\" \/>\n\t<meta name=\"twitter:data1\" content=\"Germ\u00e1n Gorraiz L\u00f3pez\" \/>\n\t<meta name=\"twitter:label2\" content=\"Estimated reading time\" \/>\n\t<meta name=\"twitter:data2\" content=\"3 minutes\" \/>\n<script type=\"application\/ld+json\" class=\"yoast-schema-graph\">{\"@context\":\"https:\\\/\\\/schema.org\",\"@graph\":[{\"@type\":\"Article\",\"@id\":\"https:\\\/\\\/www.revistarambla.com\\\/y-si-gana-la-derecha-en-las-proximas-elecciones-generales\\\/#article\",\"isPartOf\":{\"@id\":\"https:\\\/\\\/www.revistarambla.com\\\/y-si-gana-la-derecha-en-las-proximas-elecciones-generales\\\/\"},\"author\":{\"name\":\"Germ\u00e1n Gorraiz L\u00f3pez\",\"@id\":\"https:\\\/\\\/www.revistarambla.com\\\/#\\\/schema\\\/person\\\/23a7868ff10cd88f8fdb045c7b7e4a4d\"},\"headline\":\"\u00bfY si gana la derecha en las pr\u00f3ximas Elecciones Generales?\",\"datePublished\":\"2021-09-24T18:24:55+00:00\",\"dateModified\":\"2021-12-07T15:08:59+00:00\",\"mainEntityOfPage\":{\"@id\":\"https:\\\/\\\/www.revistarambla.com\\\/y-si-gana-la-derecha-en-las-proximas-elecciones-generales\\\/\"},\"wordCount\":748,\"commentCount\":0,\"publisher\":{\"@id\":\"https:\\\/\\\/www.revistarambla.com\\\/#organization\"},\"image\":{\"@id\":\"https:\\\/\\\/www.revistarambla.com\\\/y-si-gana-la-derecha-en-las-proximas-elecciones-generales\\\/#primaryimage\"},\"thumbnailUrl\":\"https:\\\/\\\/www.revistarambla.com\\\/wp-content\\\/uploads\\\/2021\\\/09\\\/5c601b7e68c39.jpg\",\"articleSection\":[\"Opiniones\"],\"inLanguage\":\"en-GB\",\"potentialAction\":[{\"@type\":\"CommentAction\",\"name\":\"Comment\",\"target\":[\"https:\\\/\\\/www.revistarambla.com\\\/y-si-gana-la-derecha-en-las-proximas-elecciones-generales\\\/#respond\"]}]},{\"@type\":\"WebPage\",\"@id\":\"https:\\\/\\\/www.revistarambla.com\\\/y-si-gana-la-derecha-en-las-proximas-elecciones-generales\\\/\",\"url\":\"https:\\\/\\\/www.revistarambla.com\\\/y-si-gana-la-derecha-en-las-proximas-elecciones-generales\\\/\",\"name\":\"\u00bfY si gana la derecha en las pr\u00f3ximas Elecciones Generales? - Revista Rambla\",\"isPartOf\":{\"@id\":\"https:\\\/\\\/www.revistarambla.com\\\/#website\"},\"primaryImageOfPage\":{\"@id\":\"https:\\\/\\\/www.revistarambla.com\\\/y-si-gana-la-derecha-en-las-proximas-elecciones-generales\\\/#primaryimage\"},\"image\":{\"@id\":\"https:\\\/\\\/www.revistarambla.com\\\/y-si-gana-la-derecha-en-las-proximas-elecciones-generales\\\/#primaryimage\"},\"thumbnailUrl\":\"https:\\\/\\\/www.revistarambla.com\\\/wp-content\\\/uploads\\\/2021\\\/09\\\/5c601b7e68c39.jpg\",\"datePublished\":\"2021-09-24T18:24:55+00:00\",\"dateModified\":\"2021-12-07T15:08:59+00:00\",\"breadcrumb\":{\"@id\":\"https:\\\/\\\/www.revistarambla.com\\\/y-si-gana-la-derecha-en-las-proximas-elecciones-generales\\\/#breadcrumb\"},\"inLanguage\":\"en-GB\",\"potentialAction\":[{\"@type\":\"ReadAction\",\"target\":[\"https:\\\/\\\/www.revistarambla.com\\\/y-si-gana-la-derecha-en-las-proximas-elecciones-generales\\\/\"]}]},{\"@type\":\"ImageObject\",\"inLanguage\":\"en-GB\",\"@id\":\"https:\\\/\\\/www.revistarambla.com\\\/y-si-gana-la-derecha-en-las-proximas-elecciones-generales\\\/#primaryimage\",\"url\":\"https:\\\/\\\/www.revistarambla.com\\\/wp-content\\\/uploads\\\/2021\\\/09\\\/5c601b7e68c39.jpg\",\"contentUrl\":\"https:\\\/\\\/www.revistarambla.com\\\/wp-content\\\/uploads\\\/2021\\\/09\\\/5c601b7e68c39.jpg\",\"width\":800,\"height\":602},{\"@type\":\"BreadcrumbList\",\"@id\":\"https:\\\/\\\/www.revistarambla.com\\\/y-si-gana-la-derecha-en-las-proximas-elecciones-generales\\\/#breadcrumb\",\"itemListElement\":[{\"@type\":\"ListItem\",\"position\":1,\"name\":\"Portada\",\"item\":\"https:\\\/\\\/www.revistarambla.com\\\/\"},{\"@type\":\"ListItem\",\"position\":2,\"name\":\"\u00bfY si gana la derecha en las pr\u00f3ximas Elecciones Generales?\"}]},{\"@type\":\"WebSite\",\"@id\":\"https:\\\/\\\/www.revistarambla.com\\\/#website\",\"url\":\"https:\\\/\\\/www.revistarambla.com\\\/\",\"name\":\"Revista Rambla Barcelona\",\"description\":\"Periodismo independiente\",\"publisher\":{\"@id\":\"https:\\\/\\\/www.revistarambla.com\\\/#organization\"},\"potentialAction\":[{\"@type\":\"SearchAction\",\"target\":{\"@type\":\"EntryPoint\",\"urlTemplate\":\"https:\\\/\\\/www.revistarambla.com\\\/?s={search_term_string}\"},\"query-input\":{\"@type\":\"PropertyValueSpecification\",\"valueRequired\":true,\"valueName\":\"search_term_string\"}}],\"inLanguage\":\"en-GB\"},{\"@type\":\"Organization\",\"@id\":\"https:\\\/\\\/www.revistarambla.com\\\/#organization\",\"name\":\"Revista Rambla\",\"url\":\"https:\\\/\\\/www.revistarambla.com\\\/\",\"logo\":{\"@type\":\"ImageObject\",\"inLanguage\":\"en-GB\",\"@id\":\"https:\\\/\\\/www.revistarambla.com\\\/#\\\/schema\\\/logo\\\/image\\\/\",\"url\":\"https:\\\/\\\/www.revistarambla.com\\\/wp-content\\\/uploads\\\/2020\\\/09\\\/banner_rambla_1900x600_BB.png\",\"contentUrl\":\"https:\\\/\\\/www.revistarambla.com\\\/wp-content\\\/uploads\\\/2020\\\/09\\\/banner_rambla_1900x600_BB.png\",\"width\":1900,\"height\":600,\"caption\":\"Revista Rambla\"},\"image\":{\"@id\":\"https:\\\/\\\/www.revistarambla.com\\\/#\\\/schema\\\/logo\\\/image\\\/\"},\"sameAs\":[\"https:\\\/\\\/www.facebook.com\\\/revistarambla\\\/\",\"https:\\\/\\\/x.com\\\/revistarambla\",\"https:\\\/\\\/www.instagram.com\\\/revista_rambla\",\"https:\\\/\\\/es.linkedin.com\\\/company\\\/revista-rambla\"]},{\"@type\":\"Person\",\"@id\":\"https:\\\/\\\/www.revistarambla.com\\\/#\\\/schema\\\/person\\\/23a7868ff10cd88f8fdb045c7b7e4a4d\",\"name\":\"Germ\u00e1n Gorraiz L\u00f3pez\",\"description\":\"Nacido en Navarra en 1957. Escribe an\u00e1lisis sobre temas econ\u00f3micos y geopol\u00edticos. Es miembro de Attac-Navarra. Colabora habitualmente en varios medios digitales e impresos espa\u00f1oles y latinoamericanos.\"}]}<\/script>\n<!-- \/ Yoast SEO plugin. -->","yoast_head_json":{"title":"\u00bfY si gana la derecha en las pr\u00f3ximas Elecciones Generales? - Revista Rambla","robots":{"index":"index","follow":"follow","max-snippet":"max-snippet:-1","max-image-preview":"max-image-preview:large","max-video-preview":"max-video-preview:-1"},"canonical":"https:\/\/www.revistarambla.com\/en\/y-si-gana-la-derecha-en-las-proximas-elecciones-generales\/","og_locale":"en_GB","og_type":"article","og_title":"\u00bfY si gana la derecha en las pr\u00f3ximas Elecciones Generales? - Revista Rambla","og_description":"El establishment del Estado espa\u00f1ol estar\u00eda formado por las \u00e9lites financiera-empresarial, pol\u00edtica, judicial, militar, jerarqu\u00eda cat\u00f3lica, universitaria y mass media del Estado espa\u00f1ol, herederos naturales del legado del General Franco que habr\u00edan fagocitado todas las esferas de decisi\u00f3n (seg\u00fan se desprende de la lectura del libro \u201cOligarqu\u00eda financiera y poder [&hellip;]","og_url":"https:\/\/www.revistarambla.com\/en\/y-si-gana-la-derecha-en-las-proximas-elecciones-generales\/","og_site_name":"Revista Rambla","article_publisher":"https:\/\/www.facebook.com\/revistarambla\/","article_published_time":"2021-09-24T18:24:55+00:00","article_modified_time":"2021-12-07T15:08:59+00:00","og_image":[{"width":800,"height":602,"url":"https:\/\/www.revistarambla.com\/wp-content\/uploads\/2021\/09\/5c601b7e68c39.jpg","type":"image\/jpeg"}],"author":"Germ\u00e1n Gorraiz L\u00f3pez","twitter_card":"summary_large_image","twitter_creator":"@revistarambla","twitter_site":"@revistarambla","twitter_misc":{"Written by":"Germ\u00e1n Gorraiz L\u00f3pez","Estimated reading time":"3 minutes"},"schema":{"@context":"https:\/\/schema.org","@graph":[{"@type":"Article","@id":"https:\/\/www.revistarambla.com\/y-si-gana-la-derecha-en-las-proximas-elecciones-generales\/#article","isPartOf":{"@id":"https:\/\/www.revistarambla.com\/y-si-gana-la-derecha-en-las-proximas-elecciones-generales\/"},"author":{"name":"Germ\u00e1n Gorraiz L\u00f3pez","@id":"https:\/\/www.revistarambla.com\/#\/schema\/person\/23a7868ff10cd88f8fdb045c7b7e4a4d"},"headline":"\u00bfY si gana la derecha en las pr\u00f3ximas Elecciones Generales?","datePublished":"2021-09-24T18:24:55+00:00","dateModified":"2021-12-07T15:08:59+00:00","mainEntityOfPage":{"@id":"https:\/\/www.revistarambla.com\/y-si-gana-la-derecha-en-las-proximas-elecciones-generales\/"},"wordCount":748,"commentCount":0,"publisher":{"@id":"https:\/\/www.revistarambla.com\/#organization"},"image":{"@id":"https:\/\/www.revistarambla.com\/y-si-gana-la-derecha-en-las-proximas-elecciones-generales\/#primaryimage"},"thumbnailUrl":"https:\/\/www.revistarambla.com\/wp-content\/uploads\/2021\/09\/5c601b7e68c39.jpg","articleSection":["Opiniones"],"inLanguage":"en-GB","potentialAction":[{"@type":"CommentAction","name":"Comment","target":["https:\/\/www.revistarambla.com\/y-si-gana-la-derecha-en-las-proximas-elecciones-generales\/#respond"]}]},{"@type":"WebPage","@id":"https:\/\/www.revistarambla.com\/y-si-gana-la-derecha-en-las-proximas-elecciones-generales\/","url":"https:\/\/www.revistarambla.com\/y-si-gana-la-derecha-en-las-proximas-elecciones-generales\/","name":"\u00bfY si gana la derecha en las pr\u00f3ximas Elecciones Generales? - Revista Rambla","isPartOf":{"@id":"https:\/\/www.revistarambla.com\/#website"},"primaryImageOfPage":{"@id":"https:\/\/www.revistarambla.com\/y-si-gana-la-derecha-en-las-proximas-elecciones-generales\/#primaryimage"},"image":{"@id":"https:\/\/www.revistarambla.com\/y-si-gana-la-derecha-en-las-proximas-elecciones-generales\/#primaryimage"},"thumbnailUrl":"https:\/\/www.revistarambla.com\/wp-content\/uploads\/2021\/09\/5c601b7e68c39.jpg","datePublished":"2021-09-24T18:24:55+00:00","dateModified":"2021-12-07T15:08:59+00:00","breadcrumb":{"@id":"https:\/\/www.revistarambla.com\/y-si-gana-la-derecha-en-las-proximas-elecciones-generales\/#breadcrumb"},"inLanguage":"en-GB","potentialAction":[{"@type":"ReadAction","target":["https:\/\/www.revistarambla.com\/y-si-gana-la-derecha-en-las-proximas-elecciones-generales\/"]}]},{"@type":"ImageObject","inLanguage":"en-GB","@id":"https:\/\/www.revistarambla.com\/y-si-gana-la-derecha-en-las-proximas-elecciones-generales\/#primaryimage","url":"https:\/\/www.revistarambla.com\/wp-content\/uploads\/2021\/09\/5c601b7e68c39.jpg","contentUrl":"https:\/\/www.revistarambla.com\/wp-content\/uploads\/2021\/09\/5c601b7e68c39.jpg","width":800,"height":602},{"@type":"BreadcrumbList","@id":"https:\/\/www.revistarambla.com\/y-si-gana-la-derecha-en-las-proximas-elecciones-generales\/#breadcrumb","itemListElement":[{"@type":"ListItem","position":1,"name":"Portada","item":"https:\/\/www.revistarambla.com\/"},{"@type":"ListItem","position":2,"name":"\u00bfY si gana la derecha en las pr\u00f3ximas Elecciones Generales?"}]},{"@type":"WebSite","@id":"https:\/\/www.revistarambla.com\/#website","url":"https:\/\/www.revistarambla.com\/","name":"Revista Rambla Barcelona","description":"Periodismo independiente","publisher":{"@id":"https:\/\/www.revistarambla.com\/#organization"},"potentialAction":[{"@type":"SearchAction","target":{"@type":"EntryPoint","urlTemplate":"https:\/\/www.revistarambla.com\/?s={search_term_string}"},"query-input":{"@type":"PropertyValueSpecification","valueRequired":true,"valueName":"search_term_string"}}],"inLanguage":"en-GB"},{"@type":"Organization","@id":"https:\/\/www.revistarambla.com\/#organization","name":"Revista Rambla","url":"https:\/\/www.revistarambla.com\/","logo":{"@type":"ImageObject","inLanguage":"en-GB","@id":"https:\/\/www.revistarambla.com\/#\/schema\/logo\/image\/","url":"https:\/\/www.revistarambla.com\/wp-content\/uploads\/2020\/09\/banner_rambla_1900x600_BB.png","contentUrl":"https:\/\/www.revistarambla.com\/wp-content\/uploads\/2020\/09\/banner_rambla_1900x600_BB.png","width":1900,"height":600,"caption":"Revista Rambla"},"image":{"@id":"https:\/\/www.revistarambla.com\/#\/schema\/logo\/image\/"},"sameAs":["https:\/\/www.facebook.com\/revistarambla\/","https:\/\/x.com\/revistarambla","https:\/\/www.instagram.com\/revista_rambla","https:\/\/es.linkedin.com\/company\/revista-rambla"]},{"@type":"Person","@id":"https:\/\/www.revistarambla.com\/#\/schema\/person\/23a7868ff10cd88f8fdb045c7b7e4a4d","name":"Germ\u00e1n Gorraiz L\u00f3pez","description":"Nacido en Navarra en 1957. Escribe an\u00e1lisis sobre temas econ\u00f3micos y geopol\u00edticos. Es miembro de Attac-Navarra. Colabora habitualmente en varios medios digitales e impresos espa\u00f1oles y latinoamericanos."}]}},"_links":{"self":[{"href":"https:\/\/www.revistarambla.com\/en\/wp-json\/wp\/v2\/posts\/35521","targetHints":{"allow":["GET"]}}],"collection":[{"href":"https:\/\/www.revistarambla.com\/en\/wp-json\/wp\/v2\/posts"}],"about":[{"href":"https:\/\/www.revistarambla.com\/en\/wp-json\/wp\/v2\/types\/post"}],"author":[{"embeddable":true,"href":"https:\/\/www.revistarambla.com\/en\/wp-json\/wp\/v2\/users\/16"}],"replies":[{"embeddable":true,"href":"https:\/\/www.revistarambla.com\/en\/wp-json\/wp\/v2\/comments?post=35521"}],"version-history":[{"count":0,"href":"https:\/\/www.revistarambla.com\/en\/wp-json\/wp\/v2\/posts\/35521\/revisions"}],"wp:featuredmedia":[{"embeddable":true,"href":"https:\/\/www.revistarambla.com\/en\/wp-json\/wp\/v2\/media\/35522"}],"wp:attachment":[{"href":"https:\/\/www.revistarambla.com\/en\/wp-json\/wp\/v2\/media?parent=35521"}],"wp:term":[{"taxonomy":"category","embeddable":true,"href":"https:\/\/www.revistarambla.com\/en\/wp-json\/wp\/v2\/categories?post=35521"},{"taxonomy":"post_tag","embeddable":true,"href":"https:\/\/www.revistarambla.com\/en\/wp-json\/wp\/v2\/tags?post=35521"}],"curies":[{"name":"wp","href":"https:\/\/api.w.org\/{rel}","templated":true}]}}