{"id":3539,"date":"2013-06-12T17:04:07","date_gmt":"2013-06-12T17:04:07","guid":{"rendered":"https:\/\/www.revistarambla.com\/nosotros-llevamos-sufriendo-la-crisis-toda-la-vida\/"},"modified":"2022-05-30T19:33:50","modified_gmt":"2022-05-30T17:33:50","slug":"nosotros-llevamos-sufriendo-la-crisis-toda-la-vida","status":"publish","type":"post","link":"https:\/\/www.revistarambla.com\/en\/nosotros-llevamos-sufriendo-la-crisis-toda-la-vida\/","title":{"rendered":"\u00abNosotros llevamos sufriendo la crisis toda la vida\u00bb"},"content":{"rendered":"<p>La vida de m\u00e1s de 700 personas puede cambiar en los pr\u00f3ximos d\u00edas. Las naves industriales ocupadas por inmigrantes en el barrio del Poblenou, en Barcelona, podr\u00edan ser desalojadas de un momento a otro. Una de ellas, situada en la Calle Pere IV, en la que viven 50 personas, ya tiene una orden de desalojo. La otra, en la Calle Puigcerd\u00e1, con m\u00e1s de 300 personas, est\u00e1 pendiente de resoluci\u00f3n.<\/p>\n<p>Ante esta situaci\u00f3n, los que malviven y trabajan en estas instalaciones reivindican su derecho a tener un lugar donde vivir y un espacio donde desarrollar su trabajo de una forma legal e institucionalizada. Apoyados por la Asociaci\u00f3n de Vecinos y la Asamblea Solidaria contra el Desalojo del Poblenou, <a href=\"https:\/\/www.revistarambla.com\/en\/una-lucha-que-parece-no-tener-fin-los-derechos-de-los-inmigrantes\/\">los inmigrantes<\/a> denuncian una situaci\u00f3n de emergencia que podr\u00eda dejar en la calle a centenares de personas.<\/p>\n<p>Kheraba Drame, residente en Barcelona desde hace m\u00e1s de 10 a\u00f1os, es uno de ellos. Este senegal\u00e9s, de 41 a\u00f1os, fue uno de los inmigrantes que acamp\u00f3 en la Plaza de Catalu\u00f1a, junto con otros centenares de paisanos, durante el a\u00f1o 2001. Persiguiendo el sue\u00f1o de una vida mejor, y confiando en el derecho de toda persona a circular libremente, lleg\u00f3 a la Ciudad Condal. Ahora, como entonces, sigue reivindicando sus derechos.<\/p>\n<p><strong>\u00bfC\u00f3mo lleg\u00f3 a las naves del Poblenou?<\/strong><\/p>\n<p>A estas naves llegamos desde otros muchos lugares. En el a\u00f1o 2001 acampamos en la Plaza de Catalu\u00f1a, de all\u00ed nos fuimos hasta los cuarteles de Torras i Bages, y de ah\u00ed a otros edificios vac\u00edos que fuimos ocupando. De todos ellos no han ido desalojando, despu\u00e9s de haberlos habilitado, hasta que llegamos aqu\u00ed. En 2001 iniciamos una carrera que a\u00fan no hemos acabado.<\/p>\n<p><strong>\u00bfCu\u00e1ntas personas viven en estas naves?<\/strong><\/p>\n<p>En esta nave, en la Calle Puigcerd\u00e1, viven unas 300 personas, pero son unas 700 las que trabajamos aqu\u00ed.<\/p>\n<p><strong>\u00bfQu\u00e9 labores desempe\u00f1an?<\/strong><\/p>\n<p>Trabajamos el metal, la chatarra. Salimos a la calle a buscar todo aquello que la gente no quiere. De la basura cogemos lo que nos puede servir, lo traemos a la nave y lo arreglamos \u00a0para poder venderlo y ganar algo de dinero.<\/p>\n<p>\u00bfLes ha afectado la crisis?<\/p>\n<p>Nosotros llevamos sufriendo la crisis toda la vida, as\u00ed que no lo hemos notado. Al contrario, ahora se negocia m\u00e1s con la chatarra.<\/p>\n<p><strong>Estas naves se han convertido en una especie de cooperativa.<\/strong><\/p>\n<p>S\u00ed, aqu\u00ed hemos habilitado un lugar donde trabajar, una cooperativa que autogestionamos nosotros. Nuestra idea es que se legalice la propuesta que se hizo en un principio de crear una cooperativa integral donde, adem\u00e1s de la chatarra, podamos llevar a cabo proyectos.<\/p>\n<p><strong>\u00bfQu\u00e9 tipo de proyectos tienen?<\/strong><\/p>\n<p>Adem\u00e1s de la artesan\u00eda, ahora estamos trabajando en proyecto de bioconstrucci\u00f3n con las botellas de cristal. Se trata de crear y recuperar energ\u00eda limpia y solar.<\/p>\n<p><strong>Entonces, no s\u00f3lo piden que les dejen vivir aqu\u00ed, sino que les permitan trabajar.<\/strong><\/p>\n<p>Exacto. No hemos venido a vivir, hemos venido a trabajar. Nosotros s\u00f3lo pedimos que nos respeten el espacio que hemos creado. No queremos estar ocupando propiedades privadas, pedimos que nos den soluciones. Un trato digno, una consideraci\u00f3n y un reconocimiento de nuestra labor en la sociedad. Queremos que se legalice nuestra situaci\u00f3n y que se respete aquella propuesta de la cooperativa integral.<\/p>\n<p><strong>Pero legalizar una cooperativa supone una inversi\u00f3n de dinero.<\/strong><\/p>\n<p>S\u00ed, esa es la excusa que pone el ayuntamiento. Alegan que es caro, pero nosotros hemos preguntado y sabemos que se podr\u00eda financiar con 260.000 euros. \u00bfQu\u00e9 supone ese dinero para el <a href=\"https:\/\/www.revistarambla.com\/en\/propuestas-para-reforzar-la-atencion-a-jovenes-migrantes-sin-familiares-en-barcelona\/\">Ayuntamiento de Barcelona<\/a>? Nada. Se est\u00e1n riendo de nosotros, haciendo que esperemos un a\u00f1o para conocer una resoluci\u00f3n que finalmente ni siquiera nos han comunicado.<\/p>\n<p><strong>Los <a href=\"https:\/\/www.revistarambla.com\/en\/un-paseo-por-la-rambla-de-la-memoria-del-poblenou\/\">vecinos del Poblenou<\/a> apoyan su lucha, \u00bfpor qu\u00e9 los pol\u00edticos no?<\/strong><\/p>\n<p>No lo sabemos. Existe un bloqueo pol\u00edtico que se niega a reconocer que hacemos una importante labor en la sociedad que nos ha acogido. Con los papeles pasa lo mismo. Catalu\u00f1a dice que no tiene potestad para dar papeles, que depende del Estado, pero tampoco muestra inter\u00e9s. Nos quieren convertir en delincuentes, en vez de trabajadores.<\/p>\n<p><strong>Si finalmente se procediera al desalojo, \u00bfles han ofrecido soluciones?<\/strong><\/p>\n<p>Las soluciones que han ofrecido son falsas. Siempre utilizan a la Cruz Roja, que viene aqu\u00ed prometiendo alojamiento y trabajo a la gente. Promesas que nunca cumplir\u00e1n, porque la Cruz Roja ha perdido toda su \u00e9tica, dej\u00e1ndose utilizar por esta gente.<\/p>\n<p>Ibrahima Seydi es otro de los inmigrantes que colabora en la nave de Puigcerd\u00e1. Despu\u00e9s de que lo expulsaran de la universidad parisina donde estudiaba Qu\u00edmica, este senegal\u00e9s decidi\u00f3 instalarse en Barcelona en el a\u00f1o 1997. A diferencia de muchos de sus compa\u00f1eros, Ibrahima tiene papeles y actualmente trabaja, pero no olvida sus ra\u00edces.<\/p>\n<p><strong>\u00bfQu\u00e9 funci\u00f3n realiza en la cooperativa?<\/strong><\/p>\n<p>Yo soy escultor. Tallo la madera que mis compa\u00f1eros encuentran en la calle, y despu\u00e9s vendemos las esculturas. Mi hermano, que vive en Matar\u00f3, tambi\u00e9n es escultor, pero no puede tallar madera porque no tiene un espacio donde hacerlo. De ah\u00ed la importancia de conservar un lugar como este, donde m\u00e1s de 700 personas realizan sus oficios. Es el \u00fanico medio que tienen para sobrevivir.<\/p>\n<p><strong>Usted tiene trabajo y papeles, \u00bfpor qu\u00e9 venir a esta nave?<\/strong><\/p>\n<p>Porque me siento africano, me siento senegal\u00e9s, y quiero apoyar a mis compa\u00f1eros en su lucha. S\u00f3lo reivindicamos un lugar donde poder vivir y trabajar.<\/p>\n<p><strong>Pero esta nave tiene propietario.<\/strong><\/p>\n<p>S\u00ed, pertenece a Finques Riana, de Mar\u00eda Luisa Iglesias. Pero lleva a\u00f1os abandonada, sucia y sin utilidad, hasta que llegamos nosotros.<\/p>\n<p><strong>\u00bfQu\u00e9 respuesta han obtenido a sus peticiones?<\/strong><\/p>\n<p>Despu\u00e9s de trabajar durante a\u00f1os en esta cooperativa, limpi\u00e1ndola, habilit\u00e1ndola y sacando m\u00e1s de 500.000 toneladas de basura y residuos t\u00f3xicos, con la promesa de que la iban a legalizar, ahora nos dice Miguel Esteban, el Consejero Municipal de Inmigraci\u00f3n, que no es posible. Esa es la respuesta que hemos tenido.<\/p>\n<p>Sherif s\u00f3lo lleva 6 a\u00f1os en Barcelona, a donde lleg\u00f3 despu\u00e9s de pasar algunos meses en Francia. Hace unos d\u00edas consigui\u00f3 un trabajo, y en dos semanas tendr\u00e1 sus papeles. A pesar de ello, colabora con el trabajo y la reivindicaci\u00f3n de la nave de Puigcerd\u00e1.<\/p>\n<p><strong>\u00bfQu\u00e9 beneficios pueden obtener en un d\u00eda de trabajo?<\/strong><\/p>\n<p>Trabajando con la chatarra, en un d\u00eda puedes ganar 3 o 5 euros. Un kilo de chatarra te lo compran a 5 c\u00e9ntimos. Tienes que reunir 100 kilos para poder ganar 5 euros. Pero preferimos ganar eso a tener que pedir o delinquir. No somos delincuentes, sino trabajadores.<\/p>\n<p><strong>En el caso de que finalmente desalojen las naves, \u00bfqu\u00e9 van a hacer?<\/strong><\/p>\n<p>Si nos desalojan va a ser un desastre. Van a echar a centenares de personas a la calle. Personas que no son delincuentes, no son ladrones. S\u00f3lo pedimos un espacio donde poder vivir y trabajar. Nos ganamos la vida con la basura, estamos en unos edificios abandonados, sin agua y sin luz. Hace poco que tenemos luz. La situaci\u00f3n aqu\u00ed es peor que en \u00c1frica. All\u00ed tienes agua corriente y luz, aqu\u00ed no. Y encima nos quieren echar.<\/p>\n<p>\u00bfSe han planteado la posibilidad de volver?<\/p>\n<p>\u00c1frica est\u00e1 llena de blancos y nadie les pregunta si se plantean volver. El problema es que cualquiera puede entrar y salir de \u00c1frica, viajar a otros pa\u00edses y buscarse la vida, menos nosotros. Hemos venido aqu\u00ed a buscar un futuro mejor, y hay que intentar por todos los medios sobrevivir mientras que lo conseguimos.<\/p>\n<p><img decoding=\"async\" class=\"aligncenter\" src=\"https:\/\/www.revistarambla.com\/wp-content\/uploads\/2013\/06\/pople_nou_03.jpg\" alt=\"alt\" width=\"700\" height=\"484\" \/><\/p>","protected":false},"excerpt":{"rendered":"<p>Los inmigrantes que ocupan desde hace a\u00f1os varias naves industriales en el barrio del Poblenou, en Barcelona, se enfrentan a una orden de desalojo que podr\u00eda dejar en la calle a centenares de personas.<\/p>","protected":false},"author":3,"featured_media":42627,"comment_status":"open","ping_status":"open","sticky":false,"template":"","format":"standard","meta":{"footnotes":""},"categories":[76],"tags":[],"class_list":["post-3539","post","type-post","status-publish","format-standard","has-post-thumbnail","hentry","category-barcelona"],"yoast_head":"<!-- This site is optimized with the Yoast SEO plugin v27.5 - https:\/\/yoast.com\/product\/yoast-seo-wordpress\/ -->\n<title>&quot;Nosotros llevamos sufriendo la crisis toda la vida&quot; - Revista Rambla<\/title>\n<meta name=\"robots\" content=\"index, follow, max-snippet:-1, max-image-preview:large, max-video-preview:-1\" \/>\n<link rel=\"canonical\" href=\"https:\/\/www.revistarambla.com\/en\/nosotros-llevamos-sufriendo-la-crisis-toda-la-vida\/\" \/>\n<meta property=\"og:locale\" content=\"en_GB\" \/>\n<meta property=\"og:type\" content=\"article\" \/>\n<meta property=\"og:title\" content=\"&quot;Nosotros llevamos sufriendo la crisis toda la vida&quot; - Revista Rambla\" \/>\n<meta property=\"og:description\" content=\"Los inmigrantes que ocupan desde hace a\u00f1os varias naves industriales en el barrio del Poblenou, en Barcelona, se enfrentan a una orden de desalojo que podr\u00eda dejar en la calle a centenares de personas.\" \/>\n<meta property=\"og:url\" content=\"https:\/\/www.revistarambla.com\/en\/nosotros-llevamos-sufriendo-la-crisis-toda-la-vida\/\" \/>\n<meta property=\"og:site_name\" content=\"Revista Rambla\" \/>\n<meta property=\"article:publisher\" content=\"https:\/\/www.facebook.com\/revistarambla\/\" \/>\n<meta property=\"article:author\" content=\"https:\/\/www.facebook.com\/revistarambla\" \/>\n<meta property=\"article:published_time\" content=\"2013-06-12T17:04:07+00:00\" \/>\n<meta property=\"article:modified_time\" content=\"2022-05-30T17:33:50+00:00\" \/>\n<meta property=\"og:image\" content=\"https:\/\/www.revistarambla.com\/wp-content\/uploads\/2013\/06\/Screenshot-2022-05-30-at-19-30-30-Editar-la-entrada-Nosotros-llevamos-sufriendo-la-crisis-toda-la-vida-Revista-Rambla-\u2014-WordPress.png\" \/>\n\t<meta property=\"og:image:width\" content=\"684\" \/>\n\t<meta property=\"og:image:height\" content=\"434\" \/>\n\t<meta property=\"og:image:type\" content=\"image\/png\" \/>\n<meta name=\"author\" content=\"R@mbla\" \/>\n<meta name=\"twitter:card\" content=\"summary_large_image\" \/>\n<meta name=\"twitter:creator\" content=\"@revistarambla\" \/>\n<meta name=\"twitter:site\" content=\"@revistarambla\" \/>\n<meta name=\"twitter:label1\" content=\"Written by\" \/>\n\t<meta name=\"twitter:data1\" content=\"R@mbla\" \/>\n\t<meta name=\"twitter:label2\" content=\"Estimated reading time\" \/>\n\t<meta name=\"twitter:data2\" content=\"6 minutes\" \/>\n<script type=\"application\/ld+json\" class=\"yoast-schema-graph\">{\"@context\":\"https:\\\/\\\/schema.org\",\"@graph\":[{\"@type\":\"Article\",\"@id\":\"https:\\\/\\\/www.revistarambla.com\\\/nosotros-llevamos-sufriendo-la-crisis-toda-la-vida\\\/#article\",\"isPartOf\":{\"@id\":\"https:\\\/\\\/www.revistarambla.com\\\/nosotros-llevamos-sufriendo-la-crisis-toda-la-vida\\\/\"},\"author\":{\"name\":\"R@mbla\",\"@id\":\"https:\\\/\\\/www.revistarambla.com\\\/#\\\/schema\\\/person\\\/a146a5a2550b94981a75131180e1bd9c\"},\"headline\":\"\u00abNosotros llevamos sufriendo la crisis toda la vida\u00bb\",\"datePublished\":\"2013-06-12T17:04:07+00:00\",\"dateModified\":\"2022-05-30T17:33:50+00:00\",\"mainEntityOfPage\":{\"@id\":\"https:\\\/\\\/www.revistarambla.com\\\/nosotros-llevamos-sufriendo-la-crisis-toda-la-vida\\\/\"},\"wordCount\":1290,\"commentCount\":0,\"publisher\":{\"@id\":\"https:\\\/\\\/www.revistarambla.com\\\/#organization\"},\"image\":{\"@id\":\"https:\\\/\\\/www.revistarambla.com\\\/nosotros-llevamos-sufriendo-la-crisis-toda-la-vida\\\/#primaryimage\"},\"thumbnailUrl\":\"https:\\\/\\\/www.revistarambla.com\\\/wp-content\\\/uploads\\\/2013\\\/06\\\/Screenshot-2022-05-30-at-19-30-30-Editar-la-entrada-Nosotros-llevamos-sufriendo-la-crisis-toda-la-vida-Revista-Rambla-\u2014-WordPress.png\",\"articleSection\":[\"Barcelona\"],\"inLanguage\":\"en-GB\",\"potentialAction\":[{\"@type\":\"CommentAction\",\"name\":\"Comment\",\"target\":[\"https:\\\/\\\/www.revistarambla.com\\\/nosotros-llevamos-sufriendo-la-crisis-toda-la-vida\\\/#respond\"]}]},{\"@type\":\"WebPage\",\"@id\":\"https:\\\/\\\/www.revistarambla.com\\\/nosotros-llevamos-sufriendo-la-crisis-toda-la-vida\\\/\",\"url\":\"https:\\\/\\\/www.revistarambla.com\\\/nosotros-llevamos-sufriendo-la-crisis-toda-la-vida\\\/\",\"name\":\"\\\"Nosotros llevamos sufriendo la crisis toda la vida\\\" - Revista Rambla\",\"isPartOf\":{\"@id\":\"https:\\\/\\\/www.revistarambla.com\\\/#website\"},\"primaryImageOfPage\":{\"@id\":\"https:\\\/\\\/www.revistarambla.com\\\/nosotros-llevamos-sufriendo-la-crisis-toda-la-vida\\\/#primaryimage\"},\"image\":{\"@id\":\"https:\\\/\\\/www.revistarambla.com\\\/nosotros-llevamos-sufriendo-la-crisis-toda-la-vida\\\/#primaryimage\"},\"thumbnailUrl\":\"https:\\\/\\\/www.revistarambla.com\\\/wp-content\\\/uploads\\\/2013\\\/06\\\/Screenshot-2022-05-30-at-19-30-30-Editar-la-entrada-Nosotros-llevamos-sufriendo-la-crisis-toda-la-vida-Revista-Rambla-\u2014-WordPress.png\",\"datePublished\":\"2013-06-12T17:04:07+00:00\",\"dateModified\":\"2022-05-30T17:33:50+00:00\",\"breadcrumb\":{\"@id\":\"https:\\\/\\\/www.revistarambla.com\\\/nosotros-llevamos-sufriendo-la-crisis-toda-la-vida\\\/#breadcrumb\"},\"inLanguage\":\"en-GB\",\"potentialAction\":[{\"@type\":\"ReadAction\",\"target\":[\"https:\\\/\\\/www.revistarambla.com\\\/nosotros-llevamos-sufriendo-la-crisis-toda-la-vida\\\/\"]}]},{\"@type\":\"ImageObject\",\"inLanguage\":\"en-GB\",\"@id\":\"https:\\\/\\\/www.revistarambla.com\\\/nosotros-llevamos-sufriendo-la-crisis-toda-la-vida\\\/#primaryimage\",\"url\":\"https:\\\/\\\/www.revistarambla.com\\\/wp-content\\\/uploads\\\/2013\\\/06\\\/Screenshot-2022-05-30-at-19-30-30-Editar-la-entrada-Nosotros-llevamos-sufriendo-la-crisis-toda-la-vida-Revista-Rambla-\u2014-WordPress.png\",\"contentUrl\":\"https:\\\/\\\/www.revistarambla.com\\\/wp-content\\\/uploads\\\/2013\\\/06\\\/Screenshot-2022-05-30-at-19-30-30-Editar-la-entrada-Nosotros-llevamos-sufriendo-la-crisis-toda-la-vida-Revista-Rambla-\u2014-WordPress.png\",\"width\":684,\"height\":434},{\"@type\":\"BreadcrumbList\",\"@id\":\"https:\\\/\\\/www.revistarambla.com\\\/nosotros-llevamos-sufriendo-la-crisis-toda-la-vida\\\/#breadcrumb\",\"itemListElement\":[{\"@type\":\"ListItem\",\"position\":1,\"name\":\"Portada\",\"item\":\"https:\\\/\\\/www.revistarambla.com\\\/\"},{\"@type\":\"ListItem\",\"position\":2,\"name\":\"\u00abNosotros llevamos sufriendo la crisis toda la vida\u00bb\"}]},{\"@type\":\"WebSite\",\"@id\":\"https:\\\/\\\/www.revistarambla.com\\\/#website\",\"url\":\"https:\\\/\\\/www.revistarambla.com\\\/\",\"name\":\"Revista Rambla Barcelona\",\"description\":\"Periodismo independiente\",\"publisher\":{\"@id\":\"https:\\\/\\\/www.revistarambla.com\\\/#organization\"},\"potentialAction\":[{\"@type\":\"SearchAction\",\"target\":{\"@type\":\"EntryPoint\",\"urlTemplate\":\"https:\\\/\\\/www.revistarambla.com\\\/?s={search_term_string}\"},\"query-input\":{\"@type\":\"PropertyValueSpecification\",\"valueRequired\":true,\"valueName\":\"search_term_string\"}}],\"inLanguage\":\"en-GB\"},{\"@type\":\"Organization\",\"@id\":\"https:\\\/\\\/www.revistarambla.com\\\/#organization\",\"name\":\"Revista Rambla\",\"url\":\"https:\\\/\\\/www.revistarambla.com\\\/\",\"logo\":{\"@type\":\"ImageObject\",\"inLanguage\":\"en-GB\",\"@id\":\"https:\\\/\\\/www.revistarambla.com\\\/#\\\/schema\\\/logo\\\/image\\\/\",\"url\":\"https:\\\/\\\/www.revistarambla.com\\\/wp-content\\\/uploads\\\/2020\\\/09\\\/banner_rambla_1900x600_BB.png\",\"contentUrl\":\"https:\\\/\\\/www.revistarambla.com\\\/wp-content\\\/uploads\\\/2020\\\/09\\\/banner_rambla_1900x600_BB.png\",\"width\":1900,\"height\":600,\"caption\":\"Revista Rambla\"},\"image\":{\"@id\":\"https:\\\/\\\/www.revistarambla.com\\\/#\\\/schema\\\/logo\\\/image\\\/\"},\"sameAs\":[\"https:\\\/\\\/www.facebook.com\\\/revistarambla\\\/\",\"https:\\\/\\\/x.com\\\/revistarambla\",\"https:\\\/\\\/www.instagram.com\\\/revista_rambla\",\"https:\\\/\\\/es.linkedin.com\\\/company\\\/revista-rambla\"]},{\"@type\":\"Person\",\"@id\":\"https:\\\/\\\/www.revistarambla.com\\\/#\\\/schema\\\/person\\\/a146a5a2550b94981a75131180e1bd9c\",\"name\":\"R@mbla\",\"description\":\"Este art\u00edculo ha sido redactado y\\\/o validado por el equipo de redacci\u00f3n de Revista Rambla.\",\"sameAs\":[\"https:\\\/\\\/www.revistarambla.com\\\/\",\"https:\\\/\\\/www.facebook.com\\\/revistarambla\",\"https:\\\/\\\/x.com\\\/revistarambla\"]}]}<\/script>\n<!-- \/ Yoast SEO plugin. -->","yoast_head_json":{"title":"\"Nosotros llevamos sufriendo la crisis toda la vida\" - Revista Rambla","robots":{"index":"index","follow":"follow","max-snippet":"max-snippet:-1","max-image-preview":"max-image-preview:large","max-video-preview":"max-video-preview:-1"},"canonical":"https:\/\/www.revistarambla.com\/en\/nosotros-llevamos-sufriendo-la-crisis-toda-la-vida\/","og_locale":"en_GB","og_type":"article","og_title":"\"Nosotros llevamos sufriendo la crisis toda la vida\" - Revista Rambla","og_description":"Los inmigrantes que ocupan desde hace a\u00f1os varias naves industriales en el barrio del Poblenou, en Barcelona, se enfrentan a una orden de desalojo que podr\u00eda dejar en la calle a centenares de personas.","og_url":"https:\/\/www.revistarambla.com\/en\/nosotros-llevamos-sufriendo-la-crisis-toda-la-vida\/","og_site_name":"Revista Rambla","article_publisher":"https:\/\/www.facebook.com\/revistarambla\/","article_author":"https:\/\/www.facebook.com\/revistarambla","article_published_time":"2013-06-12T17:04:07+00:00","article_modified_time":"2022-05-30T17:33:50+00:00","og_image":[{"width":684,"height":434,"url":"https:\/\/www.revistarambla.com\/wp-content\/uploads\/2013\/06\/Screenshot-2022-05-30-at-19-30-30-Editar-la-entrada-Nosotros-llevamos-sufriendo-la-crisis-toda-la-vida-Revista-Rambla-\u2014-WordPress.png","type":"image\/png"}],"author":"R@mbla","twitter_card":"summary_large_image","twitter_creator":"@revistarambla","twitter_site":"@revistarambla","twitter_misc":{"Written by":"R@mbla","Estimated reading time":"6 minutes"},"schema":{"@context":"https:\/\/schema.org","@graph":[{"@type":"Article","@id":"https:\/\/www.revistarambla.com\/nosotros-llevamos-sufriendo-la-crisis-toda-la-vida\/#article","isPartOf":{"@id":"https:\/\/www.revistarambla.com\/nosotros-llevamos-sufriendo-la-crisis-toda-la-vida\/"},"author":{"name":"R@mbla","@id":"https:\/\/www.revistarambla.com\/#\/schema\/person\/a146a5a2550b94981a75131180e1bd9c"},"headline":"\u00abNosotros llevamos sufriendo la crisis toda la vida\u00bb","datePublished":"2013-06-12T17:04:07+00:00","dateModified":"2022-05-30T17:33:50+00:00","mainEntityOfPage":{"@id":"https:\/\/www.revistarambla.com\/nosotros-llevamos-sufriendo-la-crisis-toda-la-vida\/"},"wordCount":1290,"commentCount":0,"publisher":{"@id":"https:\/\/www.revistarambla.com\/#organization"},"image":{"@id":"https:\/\/www.revistarambla.com\/nosotros-llevamos-sufriendo-la-crisis-toda-la-vida\/#primaryimage"},"thumbnailUrl":"https:\/\/www.revistarambla.com\/wp-content\/uploads\/2013\/06\/Screenshot-2022-05-30-at-19-30-30-Editar-la-entrada-Nosotros-llevamos-sufriendo-la-crisis-toda-la-vida-Revista-Rambla-\u2014-WordPress.png","articleSection":["Barcelona"],"inLanguage":"en-GB","potentialAction":[{"@type":"CommentAction","name":"Comment","target":["https:\/\/www.revistarambla.com\/nosotros-llevamos-sufriendo-la-crisis-toda-la-vida\/#respond"]}]},{"@type":"WebPage","@id":"https:\/\/www.revistarambla.com\/nosotros-llevamos-sufriendo-la-crisis-toda-la-vida\/","url":"https:\/\/www.revistarambla.com\/nosotros-llevamos-sufriendo-la-crisis-toda-la-vida\/","name":"\"Nosotros llevamos sufriendo la crisis toda la vida\" - Revista Rambla","isPartOf":{"@id":"https:\/\/www.revistarambla.com\/#website"},"primaryImageOfPage":{"@id":"https:\/\/www.revistarambla.com\/nosotros-llevamos-sufriendo-la-crisis-toda-la-vida\/#primaryimage"},"image":{"@id":"https:\/\/www.revistarambla.com\/nosotros-llevamos-sufriendo-la-crisis-toda-la-vida\/#primaryimage"},"thumbnailUrl":"https:\/\/www.revistarambla.com\/wp-content\/uploads\/2013\/06\/Screenshot-2022-05-30-at-19-30-30-Editar-la-entrada-Nosotros-llevamos-sufriendo-la-crisis-toda-la-vida-Revista-Rambla-\u2014-WordPress.png","datePublished":"2013-06-12T17:04:07+00:00","dateModified":"2022-05-30T17:33:50+00:00","breadcrumb":{"@id":"https:\/\/www.revistarambla.com\/nosotros-llevamos-sufriendo-la-crisis-toda-la-vida\/#breadcrumb"},"inLanguage":"en-GB","potentialAction":[{"@type":"ReadAction","target":["https:\/\/www.revistarambla.com\/nosotros-llevamos-sufriendo-la-crisis-toda-la-vida\/"]}]},{"@type":"ImageObject","inLanguage":"en-GB","@id":"https:\/\/www.revistarambla.com\/nosotros-llevamos-sufriendo-la-crisis-toda-la-vida\/#primaryimage","url":"https:\/\/www.revistarambla.com\/wp-content\/uploads\/2013\/06\/Screenshot-2022-05-30-at-19-30-30-Editar-la-entrada-Nosotros-llevamos-sufriendo-la-crisis-toda-la-vida-Revista-Rambla-\u2014-WordPress.png","contentUrl":"https:\/\/www.revistarambla.com\/wp-content\/uploads\/2013\/06\/Screenshot-2022-05-30-at-19-30-30-Editar-la-entrada-Nosotros-llevamos-sufriendo-la-crisis-toda-la-vida-Revista-Rambla-\u2014-WordPress.png","width":684,"height":434},{"@type":"BreadcrumbList","@id":"https:\/\/www.revistarambla.com\/nosotros-llevamos-sufriendo-la-crisis-toda-la-vida\/#breadcrumb","itemListElement":[{"@type":"ListItem","position":1,"name":"Portada","item":"https:\/\/www.revistarambla.com\/"},{"@type":"ListItem","position":2,"name":"\u00abNosotros llevamos sufriendo la crisis toda la vida\u00bb"}]},{"@type":"WebSite","@id":"https:\/\/www.revistarambla.com\/#website","url":"https:\/\/www.revistarambla.com\/","name":"Revista Rambla Barcelona","description":"Periodismo independiente","publisher":{"@id":"https:\/\/www.revistarambla.com\/#organization"},"potentialAction":[{"@type":"SearchAction","target":{"@type":"EntryPoint","urlTemplate":"https:\/\/www.revistarambla.com\/?s={search_term_string}"},"query-input":{"@type":"PropertyValueSpecification","valueRequired":true,"valueName":"search_term_string"}}],"inLanguage":"en-GB"},{"@type":"Organization","@id":"https:\/\/www.revistarambla.com\/#organization","name":"Revista Rambla","url":"https:\/\/www.revistarambla.com\/","logo":{"@type":"ImageObject","inLanguage":"en-GB","@id":"https:\/\/www.revistarambla.com\/#\/schema\/logo\/image\/","url":"https:\/\/www.revistarambla.com\/wp-content\/uploads\/2020\/09\/banner_rambla_1900x600_BB.png","contentUrl":"https:\/\/www.revistarambla.com\/wp-content\/uploads\/2020\/09\/banner_rambla_1900x600_BB.png","width":1900,"height":600,"caption":"Revista Rambla"},"image":{"@id":"https:\/\/www.revistarambla.com\/#\/schema\/logo\/image\/"},"sameAs":["https:\/\/www.facebook.com\/revistarambla\/","https:\/\/x.com\/revistarambla","https:\/\/www.instagram.com\/revista_rambla","https:\/\/es.linkedin.com\/company\/revista-rambla"]},{"@type":"Person","@id":"https:\/\/www.revistarambla.com\/#\/schema\/person\/a146a5a2550b94981a75131180e1bd9c","name":"R@mbla","description":"Este art\u00edculo ha sido redactado y\/o validado por el equipo de redacci\u00f3n de Revista Rambla.","sameAs":["https:\/\/www.revistarambla.com\/","https:\/\/www.facebook.com\/revistarambla","https:\/\/x.com\/revistarambla"]}]}},"_links":{"self":[{"href":"https:\/\/www.revistarambla.com\/en\/wp-json\/wp\/v2\/posts\/3539","targetHints":{"allow":["GET"]}}],"collection":[{"href":"https:\/\/www.revistarambla.com\/en\/wp-json\/wp\/v2\/posts"}],"about":[{"href":"https:\/\/www.revistarambla.com\/en\/wp-json\/wp\/v2\/types\/post"}],"author":[{"embeddable":true,"href":"https:\/\/www.revistarambla.com\/en\/wp-json\/wp\/v2\/users\/3"}],"replies":[{"embeddable":true,"href":"https:\/\/www.revistarambla.com\/en\/wp-json\/wp\/v2\/comments?post=3539"}],"version-history":[{"count":0,"href":"https:\/\/www.revistarambla.com\/en\/wp-json\/wp\/v2\/posts\/3539\/revisions"}],"wp:featuredmedia":[{"embeddable":true,"href":"https:\/\/www.revistarambla.com\/en\/wp-json\/wp\/v2\/media\/42627"}],"wp:attachment":[{"href":"https:\/\/www.revistarambla.com\/en\/wp-json\/wp\/v2\/media?parent=3539"}],"wp:term":[{"taxonomy":"category","embeddable":true,"href":"https:\/\/www.revistarambla.com\/en\/wp-json\/wp\/v2\/categories?post=3539"},{"taxonomy":"post_tag","embeddable":true,"href":"https:\/\/www.revistarambla.com\/en\/wp-json\/wp\/v2\/tags?post=3539"}],"curies":[{"name":"wp","href":"https:\/\/api.w.org\/{rel}","templated":true}]}}