{"id":35340,"date":"2021-09-16T12:46:59","date_gmt":"2021-09-16T10:46:59","guid":{"rendered":"https:\/\/www.revistarambla.com\/?p=35340"},"modified":"2021-12-07T16:09:25","modified_gmt":"2021-12-07T15:09:25","slug":"espana-es-una-isla-energetica","status":"publish","type":"post","link":"https:\/\/www.revistarambla.com\/en\/espana-es-una-isla-energetica\/","title":{"rendered":"\u00bfEspa\u00f1a es una isla energ\u00e9tica?"},"content":{"rendered":"<p>La escalada de los precios del gas y la electricidad habr\u00eda sorprendido a Europa con las reservas de gas en m\u00ednimos hist\u00f3ricos (60%) y habr\u00eda escenificado el fracaso rotundo de las pol\u00edticas energ\u00e9ticas de una Uni\u00f3n Europea incapaz de lograr la ut\u00f3pica autosuficiencia energ\u00e9tica.<\/p>\n<p>As\u00ed, uno los factores que m\u00e1s repercute en la dependencia energ\u00e9tica de un pa\u00eds es la cantidad de petr\u00f3leo y gas que debe importar para la industria y transporte, estando la media europea en el 52% y al ser Rusia el principal abastecedor de gas, petr\u00f3leo y carb\u00f3n de la UE con un 40%, 30% y 25% respectivamente, se deduce que la UE ser\u00eda una isla energ\u00e9tica y sufrir\u00eda de una <em>rusodependencia<\/em> energ\u00e9tica severa.<\/p>\n<p>Acuciada por la elevada dependencia energ\u00e9tica (m\u00e1s del 50%), la alta volatilidad de los precios del gas y petr\u00f3leo debido a factores geopol\u00edticos desestabilizadores y la imperiosa necesidad de la garant\u00eda de un aprovisionamiento seguro de energ\u00eda, la UE implement\u00f3 una estrategia energ\u00e9tica basada en los acuerdos preferenciales con Rusia y Argelia para el suministro de gas, en la utilizaci\u00f3n de obsoletas centrales nucleares en lugar de reactores at\u00f3micos de nueva generaci\u00f3n EPR (European Pressurized Water Reactor) y en el extraordinario impulso de las energ\u00edas renovables (1.er productor mundial), con el objetivo inequ\u00edvoco de lograr el Autoabastecimiento energ\u00e9tico y de recursos h\u00eddricos en el horizonte del 2.030.<\/p>\n<p>Sin embargo, seg\u00fan Marie-Helene Fandel, analista del European Policy Centre, \u00abla pol\u00edtica energ\u00e9tica de la UE adolece de una elevada dependencia del exterior debido a su escasez de recursos y su limitada capacidad de almacenamiento\u00bb, lo que aunado con la incapacidad de los Veintisiete para desarrollar una verdadera pol\u00edtica energ\u00e9tica com\u00fan, ralentizar\u00e1 todo el proceso y har\u00e1 inviable la utop\u00eda de la Autodependencia energ\u00e9tica europea en el horizonte del 2.030, de lo que ser\u00eda paradigma la reciente escalada de los precios del gas y la electricidad en Europa y que en el caso espa\u00f1ol se ver\u00e1 agravada por el recorte de suministros del gas argelino.<\/p>\n<p>As\u00ed, Argelia exportaba su gas a Espa\u00f1a a trav\u00e9s del gasoducto Magreb-Europa que pasa por Marruecos, pero que ya no est\u00e1 operativo tras la ruptura de relaciones diplom\u00e1ticas entre Argelia y Marruecos, quedando solamente en activo el gasoducto Medgaz que une Espa\u00f1a y Argelia a trav\u00e9s del Mediterr\u00e1neo, lo que se traducir\u00e1 en una sensible reducci\u00f3n del gas argelino importado.<\/p>\n<p>Tras la crisis de Ucrania, los dirigentes de la UE habr\u00edan establecido como prioridad la necesidad de mejorar la conexi\u00f3n gasista con la Pen\u00ednsula Ib\u00e9rica mediante un gasoducto que conectara a Espa\u00f1a con Francia a trav\u00e9s de Catalu\u00f1a (gasoducto Midcat) mediante el cual Espa\u00f1a har\u00eda llegar a la red energ\u00e9tica europea el gas de Argelia, (equivalente a la mitad del que llega desde Rusia a trav\u00e9s de Ucrania).<\/p>\n<p>Sin embargo, dicho proyecto habr\u00eda quedado en el limbo debido a la miop\u00eda de los reguladores europeos con lo que se agravar\u00e1 la escalada del precio del gas, no siendo descartables episodios de escasez de gas en Espa\u00f1a el invierno venidero quedando como tabla de salvaci\u00f3n los ramales del Gaseoducto Europeo, Larrau-Calahorra y Urrugne-Ir\u00fan que introducen el gas noruego en la Pen\u00ednsula.<\/p>","protected":false},"excerpt":{"rendered":"<p>La escalada de los precios del gas y la electricidad habr\u00eda sorprendido a Europa con las reservas de gas en m\u00ednimos hist\u00f3ricos (60%) y habr\u00eda escenificado el fracaso rotundo de las pol\u00edticas energ\u00e9ticas de una Uni\u00f3n Europea incapaz de lograr la ut\u00f3pica autosuficiencia energ\u00e9tica. As\u00ed, uno los factores que m\u00e1s [&hellip;]<\/p>\n","protected":false},"author":16,"featured_media":35341,"comment_status":"open","ping_status":"open","sticky":false,"template":"","format":"standard","meta":{"footnotes":""},"categories":[72],"tags":[],"class_list":["post-35340","post","type-post","status-publish","format-standard","has-post-thumbnail","hentry","category-opinion"],"yoast_head":"<!-- This site is optimized with the Yoast SEO plugin v27.5 - https:\/\/yoast.com\/product\/yoast-seo-wordpress\/ -->\n<title>\u00bfEspa\u00f1a es una isla energ\u00e9tica? - Revista Rambla<\/title>\n<meta name=\"robots\" content=\"index, follow, max-snippet:-1, max-image-preview:large, max-video-preview:-1\" \/>\n<link rel=\"canonical\" href=\"https:\/\/www.revistarambla.com\/en\/espana-es-una-isla-energetica\/\" \/>\n<meta property=\"og:locale\" content=\"en_GB\" \/>\n<meta property=\"og:type\" content=\"article\" \/>\n<meta property=\"og:title\" content=\"\u00bfEspa\u00f1a es una isla energ\u00e9tica? - Revista Rambla\" \/>\n<meta property=\"og:description\" content=\"La escalada de los precios del gas y la electricidad habr\u00eda sorprendido a Europa con las reservas de gas en m\u00ednimos hist\u00f3ricos (60%) y habr\u00eda escenificado el fracaso rotundo de las pol\u00edticas energ\u00e9ticas de una Uni\u00f3n Europea incapaz de lograr la ut\u00f3pica autosuficiencia energ\u00e9tica. As\u00ed, uno los factores que m\u00e1s [&hellip;]\" \/>\n<meta property=\"og:url\" content=\"https:\/\/www.revistarambla.com\/en\/espana-es-una-isla-energetica\/\" \/>\n<meta property=\"og:site_name\" content=\"Revista Rambla\" \/>\n<meta property=\"article:publisher\" content=\"https:\/\/www.facebook.com\/revistarambla\/\" \/>\n<meta property=\"article:published_time\" content=\"2021-09-16T10:46:59+00:00\" \/>\n<meta property=\"article:modified_time\" content=\"2021-12-07T15:09:25+00:00\" \/>\n<meta property=\"og:image\" content=\"https:\/\/www.revistarambla.com\/wp-content\/uploads\/2021\/09\/Gazprom-Rusia.jpeg\" \/>\n\t<meta property=\"og:image:width\" content=\"800\" \/>\n\t<meta property=\"og:image:height\" content=\"550\" \/>\n\t<meta property=\"og:image:type\" content=\"image\/jpeg\" \/>\n<meta name=\"author\" content=\"Germ\u00e1n Gorraiz L\u00f3pez\" \/>\n<meta name=\"twitter:card\" content=\"summary_large_image\" \/>\n<meta name=\"twitter:creator\" content=\"@revistarambla\" \/>\n<meta name=\"twitter:site\" content=\"@revistarambla\" \/>\n<meta name=\"twitter:label1\" content=\"Written by\" \/>\n\t<meta name=\"twitter:data1\" content=\"Germ\u00e1n Gorraiz L\u00f3pez\" \/>\n\t<meta name=\"twitter:label2\" content=\"Estimated reading time\" \/>\n\t<meta name=\"twitter:data2\" content=\"3 minutes\" \/>\n<script type=\"application\/ld+json\" class=\"yoast-schema-graph\">{\"@context\":\"https:\\\/\\\/schema.org\",\"@graph\":[{\"@type\":\"Article\",\"@id\":\"https:\\\/\\\/www.revistarambla.com\\\/espana-es-una-isla-energetica\\\/#article\",\"isPartOf\":{\"@id\":\"https:\\\/\\\/www.revistarambla.com\\\/espana-es-una-isla-energetica\\\/\"},\"author\":{\"name\":\"Germ\u00e1n Gorraiz L\u00f3pez\",\"@id\":\"https:\\\/\\\/www.revistarambla.com\\\/#\\\/schema\\\/person\\\/23a7868ff10cd88f8fdb045c7b7e4a4d\"},\"headline\":\"\u00bfEspa\u00f1a es una isla energ\u00e9tica?\",\"datePublished\":\"2021-09-16T10:46:59+00:00\",\"dateModified\":\"2021-12-07T15:09:25+00:00\",\"mainEntityOfPage\":{\"@id\":\"https:\\\/\\\/www.revistarambla.com\\\/espana-es-una-isla-energetica\\\/\"},\"wordCount\":586,\"commentCount\":0,\"publisher\":{\"@id\":\"https:\\\/\\\/www.revistarambla.com\\\/#organization\"},\"image\":{\"@id\":\"https:\\\/\\\/www.revistarambla.com\\\/espana-es-una-isla-energetica\\\/#primaryimage\"},\"thumbnailUrl\":\"https:\\\/\\\/www.revistarambla.com\\\/wp-content\\\/uploads\\\/2021\\\/09\\\/Gazprom-Rusia.jpeg\",\"articleSection\":[\"Opiniones\"],\"inLanguage\":\"en-GB\",\"potentialAction\":[{\"@type\":\"CommentAction\",\"name\":\"Comment\",\"target\":[\"https:\\\/\\\/www.revistarambla.com\\\/espana-es-una-isla-energetica\\\/#respond\"]}]},{\"@type\":\"WebPage\",\"@id\":\"https:\\\/\\\/www.revistarambla.com\\\/espana-es-una-isla-energetica\\\/\",\"url\":\"https:\\\/\\\/www.revistarambla.com\\\/espana-es-una-isla-energetica\\\/\",\"name\":\"\u00bfEspa\u00f1a es una isla energ\u00e9tica? - Revista Rambla\",\"isPartOf\":{\"@id\":\"https:\\\/\\\/www.revistarambla.com\\\/#website\"},\"primaryImageOfPage\":{\"@id\":\"https:\\\/\\\/www.revistarambla.com\\\/espana-es-una-isla-energetica\\\/#primaryimage\"},\"image\":{\"@id\":\"https:\\\/\\\/www.revistarambla.com\\\/espana-es-una-isla-energetica\\\/#primaryimage\"},\"thumbnailUrl\":\"https:\\\/\\\/www.revistarambla.com\\\/wp-content\\\/uploads\\\/2021\\\/09\\\/Gazprom-Rusia.jpeg\",\"datePublished\":\"2021-09-16T10:46:59+00:00\",\"dateModified\":\"2021-12-07T15:09:25+00:00\",\"breadcrumb\":{\"@id\":\"https:\\\/\\\/www.revistarambla.com\\\/espana-es-una-isla-energetica\\\/#breadcrumb\"},\"inLanguage\":\"en-GB\",\"potentialAction\":[{\"@type\":\"ReadAction\",\"target\":[\"https:\\\/\\\/www.revistarambla.com\\\/espana-es-una-isla-energetica\\\/\"]}]},{\"@type\":\"ImageObject\",\"inLanguage\":\"en-GB\",\"@id\":\"https:\\\/\\\/www.revistarambla.com\\\/espana-es-una-isla-energetica\\\/#primaryimage\",\"url\":\"https:\\\/\\\/www.revistarambla.com\\\/wp-content\\\/uploads\\\/2021\\\/09\\\/Gazprom-Rusia.jpeg\",\"contentUrl\":\"https:\\\/\\\/www.revistarambla.com\\\/wp-content\\\/uploads\\\/2021\\\/09\\\/Gazprom-Rusia.jpeg\",\"width\":800,\"height\":550},{\"@type\":\"BreadcrumbList\",\"@id\":\"https:\\\/\\\/www.revistarambla.com\\\/espana-es-una-isla-energetica\\\/#breadcrumb\",\"itemListElement\":[{\"@type\":\"ListItem\",\"position\":1,\"name\":\"Portada\",\"item\":\"https:\\\/\\\/www.revistarambla.com\\\/\"},{\"@type\":\"ListItem\",\"position\":2,\"name\":\"\u00bfEspa\u00f1a es una isla energ\u00e9tica?\"}]},{\"@type\":\"WebSite\",\"@id\":\"https:\\\/\\\/www.revistarambla.com\\\/#website\",\"url\":\"https:\\\/\\\/www.revistarambla.com\\\/\",\"name\":\"Revista Rambla Barcelona\",\"description\":\"Periodismo independiente\",\"publisher\":{\"@id\":\"https:\\\/\\\/www.revistarambla.com\\\/#organization\"},\"potentialAction\":[{\"@type\":\"SearchAction\",\"target\":{\"@type\":\"EntryPoint\",\"urlTemplate\":\"https:\\\/\\\/www.revistarambla.com\\\/?s={search_term_string}\"},\"query-input\":{\"@type\":\"PropertyValueSpecification\",\"valueRequired\":true,\"valueName\":\"search_term_string\"}}],\"inLanguage\":\"en-GB\"},{\"@type\":\"Organization\",\"@id\":\"https:\\\/\\\/www.revistarambla.com\\\/#organization\",\"name\":\"Revista Rambla\",\"url\":\"https:\\\/\\\/www.revistarambla.com\\\/\",\"logo\":{\"@type\":\"ImageObject\",\"inLanguage\":\"en-GB\",\"@id\":\"https:\\\/\\\/www.revistarambla.com\\\/#\\\/schema\\\/logo\\\/image\\\/\",\"url\":\"https:\\\/\\\/www.revistarambla.com\\\/wp-content\\\/uploads\\\/2020\\\/09\\\/banner_rambla_1900x600_BB.png\",\"contentUrl\":\"https:\\\/\\\/www.revistarambla.com\\\/wp-content\\\/uploads\\\/2020\\\/09\\\/banner_rambla_1900x600_BB.png\",\"width\":1900,\"height\":600,\"caption\":\"Revista Rambla\"},\"image\":{\"@id\":\"https:\\\/\\\/www.revistarambla.com\\\/#\\\/schema\\\/logo\\\/image\\\/\"},\"sameAs\":[\"https:\\\/\\\/www.facebook.com\\\/revistarambla\\\/\",\"https:\\\/\\\/x.com\\\/revistarambla\",\"https:\\\/\\\/www.instagram.com\\\/revista_rambla\",\"https:\\\/\\\/es.linkedin.com\\\/company\\\/revista-rambla\"]},{\"@type\":\"Person\",\"@id\":\"https:\\\/\\\/www.revistarambla.com\\\/#\\\/schema\\\/person\\\/23a7868ff10cd88f8fdb045c7b7e4a4d\",\"name\":\"Germ\u00e1n Gorraiz L\u00f3pez\",\"description\":\"Nacido en Navarra en 1957. Escribe an\u00e1lisis sobre temas econ\u00f3micos y geopol\u00edticos. Es miembro de Attac-Navarra. Colabora habitualmente en varios medios digitales e impresos espa\u00f1oles y latinoamericanos.\"}]}<\/script>\n<!-- \/ Yoast SEO plugin. -->","yoast_head_json":{"title":"\u00bfEspa\u00f1a es una isla energ\u00e9tica? - Revista Rambla","robots":{"index":"index","follow":"follow","max-snippet":"max-snippet:-1","max-image-preview":"max-image-preview:large","max-video-preview":"max-video-preview:-1"},"canonical":"https:\/\/www.revistarambla.com\/en\/espana-es-una-isla-energetica\/","og_locale":"en_GB","og_type":"article","og_title":"\u00bfEspa\u00f1a es una isla energ\u00e9tica? - Revista Rambla","og_description":"La escalada de los precios del gas y la electricidad habr\u00eda sorprendido a Europa con las reservas de gas en m\u00ednimos hist\u00f3ricos (60%) y habr\u00eda escenificado el fracaso rotundo de las pol\u00edticas energ\u00e9ticas de una Uni\u00f3n Europea incapaz de lograr la ut\u00f3pica autosuficiencia energ\u00e9tica. As\u00ed, uno los factores que m\u00e1s [&hellip;]","og_url":"https:\/\/www.revistarambla.com\/en\/espana-es-una-isla-energetica\/","og_site_name":"Revista Rambla","article_publisher":"https:\/\/www.facebook.com\/revistarambla\/","article_published_time":"2021-09-16T10:46:59+00:00","article_modified_time":"2021-12-07T15:09:25+00:00","og_image":[{"width":800,"height":550,"url":"https:\/\/www.revistarambla.com\/wp-content\/uploads\/2021\/09\/Gazprom-Rusia.jpeg","type":"image\/jpeg"}],"author":"Germ\u00e1n Gorraiz L\u00f3pez","twitter_card":"summary_large_image","twitter_creator":"@revistarambla","twitter_site":"@revistarambla","twitter_misc":{"Written by":"Germ\u00e1n Gorraiz L\u00f3pez","Estimated reading time":"3 minutes"},"schema":{"@context":"https:\/\/schema.org","@graph":[{"@type":"Article","@id":"https:\/\/www.revistarambla.com\/espana-es-una-isla-energetica\/#article","isPartOf":{"@id":"https:\/\/www.revistarambla.com\/espana-es-una-isla-energetica\/"},"author":{"name":"Germ\u00e1n Gorraiz L\u00f3pez","@id":"https:\/\/www.revistarambla.com\/#\/schema\/person\/23a7868ff10cd88f8fdb045c7b7e4a4d"},"headline":"\u00bfEspa\u00f1a es una isla energ\u00e9tica?","datePublished":"2021-09-16T10:46:59+00:00","dateModified":"2021-12-07T15:09:25+00:00","mainEntityOfPage":{"@id":"https:\/\/www.revistarambla.com\/espana-es-una-isla-energetica\/"},"wordCount":586,"commentCount":0,"publisher":{"@id":"https:\/\/www.revistarambla.com\/#organization"},"image":{"@id":"https:\/\/www.revistarambla.com\/espana-es-una-isla-energetica\/#primaryimage"},"thumbnailUrl":"https:\/\/www.revistarambla.com\/wp-content\/uploads\/2021\/09\/Gazprom-Rusia.jpeg","articleSection":["Opiniones"],"inLanguage":"en-GB","potentialAction":[{"@type":"CommentAction","name":"Comment","target":["https:\/\/www.revistarambla.com\/espana-es-una-isla-energetica\/#respond"]}]},{"@type":"WebPage","@id":"https:\/\/www.revistarambla.com\/espana-es-una-isla-energetica\/","url":"https:\/\/www.revistarambla.com\/espana-es-una-isla-energetica\/","name":"\u00bfEspa\u00f1a es una isla energ\u00e9tica? - Revista Rambla","isPartOf":{"@id":"https:\/\/www.revistarambla.com\/#website"},"primaryImageOfPage":{"@id":"https:\/\/www.revistarambla.com\/espana-es-una-isla-energetica\/#primaryimage"},"image":{"@id":"https:\/\/www.revistarambla.com\/espana-es-una-isla-energetica\/#primaryimage"},"thumbnailUrl":"https:\/\/www.revistarambla.com\/wp-content\/uploads\/2021\/09\/Gazprom-Rusia.jpeg","datePublished":"2021-09-16T10:46:59+00:00","dateModified":"2021-12-07T15:09:25+00:00","breadcrumb":{"@id":"https:\/\/www.revistarambla.com\/espana-es-una-isla-energetica\/#breadcrumb"},"inLanguage":"en-GB","potentialAction":[{"@type":"ReadAction","target":["https:\/\/www.revistarambla.com\/espana-es-una-isla-energetica\/"]}]},{"@type":"ImageObject","inLanguage":"en-GB","@id":"https:\/\/www.revistarambla.com\/espana-es-una-isla-energetica\/#primaryimage","url":"https:\/\/www.revistarambla.com\/wp-content\/uploads\/2021\/09\/Gazprom-Rusia.jpeg","contentUrl":"https:\/\/www.revistarambla.com\/wp-content\/uploads\/2021\/09\/Gazprom-Rusia.jpeg","width":800,"height":550},{"@type":"BreadcrumbList","@id":"https:\/\/www.revistarambla.com\/espana-es-una-isla-energetica\/#breadcrumb","itemListElement":[{"@type":"ListItem","position":1,"name":"Portada","item":"https:\/\/www.revistarambla.com\/"},{"@type":"ListItem","position":2,"name":"\u00bfEspa\u00f1a es una isla energ\u00e9tica?"}]},{"@type":"WebSite","@id":"https:\/\/www.revistarambla.com\/#website","url":"https:\/\/www.revistarambla.com\/","name":"Revista Rambla Barcelona","description":"Periodismo independiente","publisher":{"@id":"https:\/\/www.revistarambla.com\/#organization"},"potentialAction":[{"@type":"SearchAction","target":{"@type":"EntryPoint","urlTemplate":"https:\/\/www.revistarambla.com\/?s={search_term_string}"},"query-input":{"@type":"PropertyValueSpecification","valueRequired":true,"valueName":"search_term_string"}}],"inLanguage":"en-GB"},{"@type":"Organization","@id":"https:\/\/www.revistarambla.com\/#organization","name":"Revista Rambla","url":"https:\/\/www.revistarambla.com\/","logo":{"@type":"ImageObject","inLanguage":"en-GB","@id":"https:\/\/www.revistarambla.com\/#\/schema\/logo\/image\/","url":"https:\/\/www.revistarambla.com\/wp-content\/uploads\/2020\/09\/banner_rambla_1900x600_BB.png","contentUrl":"https:\/\/www.revistarambla.com\/wp-content\/uploads\/2020\/09\/banner_rambla_1900x600_BB.png","width":1900,"height":600,"caption":"Revista Rambla"},"image":{"@id":"https:\/\/www.revistarambla.com\/#\/schema\/logo\/image\/"},"sameAs":["https:\/\/www.facebook.com\/revistarambla\/","https:\/\/x.com\/revistarambla","https:\/\/www.instagram.com\/revista_rambla","https:\/\/es.linkedin.com\/company\/revista-rambla"]},{"@type":"Person","@id":"https:\/\/www.revistarambla.com\/#\/schema\/person\/23a7868ff10cd88f8fdb045c7b7e4a4d","name":"Germ\u00e1n Gorraiz L\u00f3pez","description":"Nacido en Navarra en 1957. Escribe an\u00e1lisis sobre temas econ\u00f3micos y geopol\u00edticos. Es miembro de Attac-Navarra. Colabora habitualmente en varios medios digitales e impresos espa\u00f1oles y latinoamericanos."}]}},"_links":{"self":[{"href":"https:\/\/www.revistarambla.com\/en\/wp-json\/wp\/v2\/posts\/35340","targetHints":{"allow":["GET"]}}],"collection":[{"href":"https:\/\/www.revistarambla.com\/en\/wp-json\/wp\/v2\/posts"}],"about":[{"href":"https:\/\/www.revistarambla.com\/en\/wp-json\/wp\/v2\/types\/post"}],"author":[{"embeddable":true,"href":"https:\/\/www.revistarambla.com\/en\/wp-json\/wp\/v2\/users\/16"}],"replies":[{"embeddable":true,"href":"https:\/\/www.revistarambla.com\/en\/wp-json\/wp\/v2\/comments?post=35340"}],"version-history":[{"count":0,"href":"https:\/\/www.revistarambla.com\/en\/wp-json\/wp\/v2\/posts\/35340\/revisions"}],"wp:featuredmedia":[{"embeddable":true,"href":"https:\/\/www.revistarambla.com\/en\/wp-json\/wp\/v2\/media\/35341"}],"wp:attachment":[{"href":"https:\/\/www.revistarambla.com\/en\/wp-json\/wp\/v2\/media?parent=35340"}],"wp:term":[{"taxonomy":"category","embeddable":true,"href":"https:\/\/www.revistarambla.com\/en\/wp-json\/wp\/v2\/categories?post=35340"},{"taxonomy":"post_tag","embeddable":true,"href":"https:\/\/www.revistarambla.com\/en\/wp-json\/wp\/v2\/tags?post=35340"}],"curies":[{"name":"wp","href":"https:\/\/api.w.org\/{rel}","templated":true}]}}