{"id":35063,"date":"2021-09-02T13:07:53","date_gmt":"2021-09-02T11:07:53","guid":{"rendered":"https:\/\/www.revistarambla.com\/?p=35063"},"modified":"2021-09-03T12:33:15","modified_gmt":"2021-09-03T10:33:15","slug":"la-mitigacion-del-cambio-climatico-debe-ser-una-prioridad-para-la-salud-publica","status":"publish","type":"post","link":"https:\/\/www.revistarambla.com\/en\/la-mitigacion-del-cambio-climatico-debe-ser-una-prioridad-para-la-salud-publica\/","title":{"rendered":"La mitigaci\u00f3n del cambio clim\u00e1tico debe ser una prioridad para la salud p\u00fablica"},"content":{"rendered":"<p><img decoding=\"async\" class=\"aligncenter wp-image-35064 size-full\" src=\"https:\/\/www.revistarambla.com\/wp-content\/uploads\/2021\/09\/water-road-bridge-rain-wet-peak-1024934-pxhere.com_.jpg\" alt=\"\" width=\"800\" height=\"600\" srcset=\"https:\/\/www.revistarambla.com\/wp-content\/uploads\/2021\/09\/water-road-bridge-rain-wet-peak-1024934-pxhere.com_.jpg 800w, https:\/\/www.revistarambla.com\/wp-content\/uploads\/2021\/09\/water-road-bridge-rain-wet-peak-1024934-pxhere.com_-300x225.jpg 300w, https:\/\/www.revistarambla.com\/wp-content\/uploads\/2021\/09\/water-road-bridge-rain-wet-peak-1024934-pxhere.com_-768x576.jpg 768w\" sizes=\"(max-width: 800px) 100vw, 800px\" \/><\/p>\n<p>El 9 de agosto, el\u00a0<a role=\"link\" href=\"https:\/\/www.ipcc.ch\/\" target=\"_blank\" rel=\"noopener\">Grupo Intergubernamental de Expertos sobre el Cambio Clim\u00e1tico<\/a>\u00a0(IPCC) public\u00f3 su \u00faltimo informe,\u00a0<a role=\"link\" href=\"https:\/\/www.ipcc.ch\/report\/ar6\/wg1\/\" target=\"_blank\" rel=\"noopener\">Climate Change 2021: The Physical Science Basis<\/a>, la contribuci\u00f3n del Grupo de Trabajo I al Sexto Informe de Evaluaci\u00f3n. El IPCC cuenta con tres grupos de trabajo: El Grupo de Trabajo I, centrado en la comprensi\u00f3n f\u00edsica m\u00e1s actualizada del sistema clim\u00e1tico y el cambio clim\u00e1tico; el Grupo de Trabajo II, que detalla los impactos, la adaptaci\u00f3n y la vulnerabilidad; y el Grupo de Trabajo III, que se ocupa de la mitigaci\u00f3n del cambio clim\u00e1tico.<\/p>\n<p>Los dos siguientes grupos de trabajo presentar\u00e1n sus informes en 2022. 30 a\u00f1os despu\u00e9s del primer an\u00e1lisis del IPCC, esta \u00faltimo proceso a\u00f1ade precisi\u00f3n y mayor nivel de detalle, con, por ejemplo, nuevas evaluaciones regionales del cambio clim\u00e1tico, para informar sobre la evaluaci\u00f3n de riesgos y la elaboraci\u00f3n de pol\u00edticas.<\/p>\n<p>En particular, el informe eleva la influencia humana en el calentamiento global de forma clara a inequ\u00edvoca. Su conclusi\u00f3n m\u00e1s importante es que es probable que el mundo alcance el objetivo del Acuerdo de Par\u00eds de 2015 de entre 1 y 5 \u00baC de calentamiento en los pr\u00f3ximos 20 a\u00f1os, pero que a\u00fan es posible estabilizarse en 1-5 \u00baC si se producen reducciones dr\u00e1sticas de las emisiones de di\u00f3xido de carbono y otros gases de efecto invernadero en las pr\u00f3ximas d\u00e9cadas.<\/p>\n<p>Actuar frente a la crisis clim\u00e1tica es una prioridad clara, pero a\u00fan descuidada, para la salud p\u00fablica. En la actualidad existe un gran n\u00famero de trabajos que establecen una clara relaci\u00f3n entre el cambio clim\u00e1tico y la salud. Los efectos del cambio clim\u00e1tico en la salud pueden ser directos \u2013relacionados principalmente con los cambios en la frecuencia de los fen\u00f3menos meteorol\u00f3gicos extremos (como olas de calor, sequ\u00edas, incendios, inundaciones o tormentas)\u2013 e indirectos, a trav\u00e9s de los cambios en los ecosistemas (por ejemplo, las enfermedades transmitidas por el agua y la contaminaci\u00f3n atmosf\u00e9rica) y a trav\u00e9s de los efectos mediados por los sistemas humanos (como los impactos laborales, la desnutrici\u00f3n, la salud mental, pero tambi\u00e9n la migraci\u00f3n y los conflictos).<\/p>\n<p>Los beneficios colaterales para la salud de la mitigaci\u00f3n se han expuesto de forma exhaustiva en informes como el de la\u00a0<a role=\"link\" href=\"https:\/\/www.thelancet.com\/journals\/lancet\/article\/PIIS0140-6736(15)60854-6\/fulltext\" target=\"_blank\" rel=\"noopener\">Comisi\u00f3n Lancet sobre Salud y Cambio Clim\u00e1tico de 2015<\/a>. La reducci\u00f3n de las emisiones disminuye la contaminaci\u00f3n atmosf\u00e9rica y las enfermedades respiratorias; el transporte activo seguro disminuye las lesiones por accidentes de tr\u00e1fico y puede reducir la incidencia de la obesidad, la diabetes y las enfermedades card\u00edacas.<\/p>\n<p>Y lo que es m\u00e1s importante, la respuesta al cambio clim\u00e1tico puede aportar inmensos beneficios para la salud humana, con un aire m\u00e1s limpio, dietas m\u00e1s sanas, ciudades m\u00e1s habitables, y puede reducir los factores de riesgo de futuras enfermedades infecciosas. Tener en cuenta los beneficios colaterales para la salud p\u00fablica podr\u00eda contribuir de forma importante a compensar los costes de las estrategias de mitigaci\u00f3n.<\/p>\n<p>La mitigaci\u00f3n del cambio clim\u00e1tico es tambi\u00e9n una cuesti\u00f3n de justicia. El cambio clim\u00e1tico afecta de forma desproporcionada a los m\u00e1s vulnerables de las sociedades: personas mayores, ni\u00f1os, grupos socioecon\u00f3micos desfavorecidos y quienes viven en los pa\u00edses m\u00e1s fr\u00e1giles.<\/p>\n<p>Seg\u00fan el\u00a0<a role=\"link\" href=\"https:\/\/www.thelancet.com\/journals\/lancet\/article\/PIIS0140-6736(20)32290-X\/fulltext\" target=\"_blank\" rel=\"noopener\">informe \u201cLancet Countdown<\/a>\u201d (\u201cCuenta Atr\u00e1s\u201d), las muertes relacionadas con el calor en los ancianos han aumentado en m\u00e1s de un 50% en las \u00faltimas dos d\u00e9cadas. Los efectos del calor sobre la capacidad laboral podr\u00edan provocar p\u00e9rdidas de ingresos equivalentes al 4-6% del PIB en algunos pa\u00edses de renta media-baja. El cambio clim\u00e1tico amenaza con socavar los \u00faltimos 50 a\u00f1os de avances en materia de salud p\u00fablica. La comunidad de la salud p\u00fablica tiene un papel crucial que desempe\u00f1ar para acelerar los avances en la lucha contra el cambio clim\u00e1tico.<\/p>\n<p>Aunque la mayor\u00eda de los l\u00edderes mundiales reconocen las amenazas clim\u00e1ticas para la salud, sus acciones actuales son profundamente insuficientes. Los gobiernos han firmado el Acuerdo de Par\u00eds y han aceptado las conclusiones del \u00faltimo informe del IPCC (el llamado Resumen para Responsables de Pol\u00edticas \u2013\u00a0<i>Summary for Policymakers<\/i>). Sin embargo, dentro de los pa\u00edses del G20 \u2013responsables colectivamente del 80% de las emisiones\u2013, 12 pa\u00edses (China, India, Brasil, Rusia, Sud\u00e1frica, Arabia Saud\u00ed, M\u00e9xico, Australia, Turqu\u00eda, Corea del Sur, Indonesia y Jap\u00f3n) no han reforzado sus objetivos de emisiones tal y como ped\u00eda el Acuerdo de Par\u00eds, seg\u00fan\u00a0<a role=\"link\" href=\"https:\/\/www.thetimes.co.uk\/article\/cabinet-tensions-heat-up-the-road-to-cop26-wkjhqhjsr\" target=\"_blank\" rel=\"noopener\">The Times<\/a>. Esta falta de compromiso de liderazgo es un mal augurio para la Cumbre del Clima de la ONU COP26, que se celebrar\u00e1 en noviembre de 2021.<\/p>\n<p>Antes de la Cumbre, y junto con la publicaci\u00f3n del informe anual \u201cCuenta Atr\u00e1s\u201d de\u00a0<i>The Lancet<\/i>\u00a0sobre el clima y la salud,\u00a0<i>The Lancet Public Health<\/i>\u00a0publicar\u00e1 el segundo informe de la \u201cCuenta Atr\u00e1s\u201d sobre el clima y la salud para China (el mayor emisor de carbono del mundo y donde vive una quinta parte de la poblaci\u00f3n mundial). La revista tambi\u00e9n publicar\u00e1 una introducci\u00f3n al proyecto sobre cambio clim\u00e1tico y salud en Europa para apoyar a los responsables pol\u00edticos en sus decisiones.<\/p>\n<p>El Reino Unido ser\u00e1 quien presidir\u00e1 la Cumbre del Clima COP26, posiblemente la \u00faltima oportunidad para acordar medidas que puedan limitar el calentamiento global a un aumento de 1-5\u00baC, deber\u00e1 liderar la revoluci\u00f3n de las emisiones netas cero. Existe una oportunidad \u00fanica para alinear la recuperaci\u00f3n global de la COVID-19 con la respuesta al cambio clim\u00e1tico para mejorar la salud p\u00fablica, crear econom\u00edas sostenibles y proteger el planeta.<\/p>\n<p>Traducci\u00f3n: Viento Sur<\/p>\n<p>Art\u00edculo original:\u00a0<a role=\"link\" href=\"https:\/\/www.thelancet.com\/journals\/lanpub\/article\/PIIS2468-2667(21)00190-0\/fulltext?rss=yes\" target=\"_blank\" rel=\"noopener\">The Lancet Public Health<\/a>, Open Access<\/p>\n<p>Para m\u00e1s informaci\u00f3n:<\/p>\n<ul>\n<li>La salud en un mundo de calor extremo,\u00a0<a role=\"link\" href=\"https:\/\/www.thelancet.com\/journals\/lancet\/article\/PIIS0140-6736(21)01860-2\/fulltext\" target=\"_blank\" rel=\"noopener\">The Lancet<\/a>, 21 de agosto de 2021<\/li>\n<li>Ollie Jay: managing heat, improving health,\u00a0<a role=\"link\" href=\"https:\/\/www.thelancet.com\/pdfs\/journals\/lancet\/PIIS0140-6736(21)01799-2.pdf\" target=\"_blank\" rel=\"noopener\">The Lancet<\/a>, 21 de agosto de 2021<\/li>\n<li>\u201cEstimating the cause-specific relative risks of non-optimal temperature on daily mortality: a two-part modelling approach applied to the Global Burden of Disease Study\u201d,\u00a0<a role=\"link\" href=\"https:\/\/www.thelancet.com\/pdfs\/journals\/lancet\/PIIS0140-6736(21)01700-1.pdf\" target=\"_blank\" rel=\"noopener\">The Lancet<\/a>, 21 de agosto de 2021.<\/li>\n<li>\u201cHot weather and heat extremes: health risks\u201d,\u00a0<a role=\"link\" href=\"https:\/\/www.thelancet.com\/pdfs\/journals\/lancet\/PIIS0140-6736(21)01208-3.pdf\" target=\"_blank\" rel=\"noopener\">The Lancet<\/a>, 21 de agosto de 2021.<\/li>\n<li>\u201cReducing the health effects of hot weather and heat extremes: from personal cooling strategies to green cities\u201d,\u00a0<a role=\"link\" href=\"https:\/\/www.thelancet.com\/pdfs\/journals\/lancet\/PIIS0140-6736(21)01209-5.pdf\" target=\"_blank\" rel=\"noopener\">The Lancet<\/a>, 21 de agosto de 2021.<\/li>\n<\/ul>","protected":false},"excerpt":{"rendered":"<p>El 9 de agosto, el\u00a0Grupo Intergubernamental de Expertos sobre el Cambio Clim\u00e1tico\u00a0(IPCC) public\u00f3 su \u00faltimo informe,\u00a0Climate Change 2021: The Physical Science Basis, la contribuci\u00f3n del Grupo de Trabajo I al Sexto Informe de Evaluaci\u00f3n. El IPCC cuenta con tres grupos de trabajo: El Grupo de Trabajo I, centrado en la [&hellip;]<\/p>\n","protected":false},"author":3,"featured_media":35064,"comment_status":"open","ping_status":"open","sticky":false,"template":"","format":"standard","meta":{"footnotes":""},"categories":[72],"tags":[],"class_list":["post-35063","post","type-post","status-publish","format-standard","has-post-thumbnail","hentry","category-opinion"],"yoast_head":"<!-- This site is optimized with the Yoast SEO plugin v27.5 - https:\/\/yoast.com\/product\/yoast-seo-wordpress\/ -->\n<title>La mitigaci\u00f3n del cambio clim\u00e1tico debe ser una prioridad para la salud p\u00fablica - Revista Rambla<\/title>\n<meta name=\"robots\" content=\"index, follow, max-snippet:-1, max-image-preview:large, max-video-preview:-1\" \/>\n<link rel=\"canonical\" href=\"https:\/\/www.revistarambla.com\/en\/la-mitigacion-del-cambio-climatico-debe-ser-una-prioridad-para-la-salud-publica\/\" \/>\n<meta property=\"og:locale\" content=\"en_GB\" \/>\n<meta property=\"og:type\" content=\"article\" \/>\n<meta property=\"og:title\" content=\"La mitigaci\u00f3n del cambio clim\u00e1tico debe ser una prioridad para la salud p\u00fablica - Revista Rambla\" \/>\n<meta property=\"og:description\" content=\"El 9 de agosto, el\u00a0Grupo Intergubernamental de Expertos sobre el Cambio Clim\u00e1tico\u00a0(IPCC) public\u00f3 su \u00faltimo informe,\u00a0Climate Change 2021: The Physical Science Basis, la contribuci\u00f3n del Grupo de Trabajo I al Sexto Informe de Evaluaci\u00f3n. El IPCC cuenta con tres grupos de trabajo: El Grupo de Trabajo I, centrado en la [&hellip;]\" \/>\n<meta property=\"og:url\" content=\"https:\/\/www.revistarambla.com\/en\/la-mitigacion-del-cambio-climatico-debe-ser-una-prioridad-para-la-salud-publica\/\" \/>\n<meta property=\"og:site_name\" content=\"Revista Rambla\" \/>\n<meta property=\"article:publisher\" content=\"https:\/\/www.facebook.com\/revistarambla\/\" \/>\n<meta property=\"article:author\" content=\"https:\/\/www.facebook.com\/revistarambla\" \/>\n<meta property=\"article:published_time\" content=\"2021-09-02T11:07:53+00:00\" \/>\n<meta property=\"article:modified_time\" content=\"2021-09-03T10:33:15+00:00\" \/>\n<meta property=\"og:image\" content=\"https:\/\/i1.wp.com\/www.revistarambla.com\/wp-content\/uploads\/2021\/09\/water-road-bridge-rain-wet-peak-1024934-pxhere.com_.jpg?fit=800%2C600&ssl=1\" \/>\n\t<meta property=\"og:image:width\" content=\"800\" \/>\n\t<meta property=\"og:image:height\" content=\"600\" \/>\n\t<meta property=\"og:image:type\" content=\"image\/jpeg\" \/>\n<meta name=\"author\" content=\"The Lancet Public Health\" \/>\n<meta name=\"twitter:card\" content=\"summary_large_image\" \/>\n<meta name=\"twitter:creator\" content=\"@revistarambla\" \/>\n<meta name=\"twitter:site\" content=\"@revistarambla\" \/>\n<meta name=\"twitter:label1\" content=\"Written by\" \/>\n\t<meta name=\"twitter:data1\" content=\"The Lancet Public Health\" \/>\n\t<meta name=\"twitter:label2\" content=\"Estimated reading time\" \/>\n\t<meta name=\"twitter:data2\" content=\"5 minutes\" \/>\n<script type=\"application\/ld+json\" class=\"yoast-schema-graph\">{\"@context\":\"https:\\\/\\\/schema.org\",\"@graph\":[{\"@type\":\"Article\",\"@id\":\"https:\\\/\\\/www.revistarambla.com\\\/la-mitigacion-del-cambio-climatico-debe-ser-una-prioridad-para-la-salud-publica\\\/#article\",\"isPartOf\":{\"@id\":\"https:\\\/\\\/www.revistarambla.com\\\/la-mitigacion-del-cambio-climatico-debe-ser-una-prioridad-para-la-salud-publica\\\/\"},\"author\":{\"name\":\"The Lancet Public Health\",\"@id\":\"https:\\\/\\\/www.revistarambla.com\\\/#\\\/schema\\\/person\\\/a146a5a2550b94981a75131180e1bd9c\"},\"headline\":\"La mitigaci\u00f3n del cambio clim\u00e1tico debe ser una prioridad para la salud p\u00fablica\",\"datePublished\":\"2021-09-02T11:07:53+00:00\",\"dateModified\":\"2021-09-03T10:33:15+00:00\",\"mainEntityOfPage\":{\"@id\":\"https:\\\/\\\/www.revistarambla.com\\\/la-mitigacion-del-cambio-climatico-debe-ser-una-prioridad-para-la-salud-publica\\\/\"},\"wordCount\":1108,\"commentCount\":0,\"publisher\":{\"@id\":\"https:\\\/\\\/www.revistarambla.com\\\/#organization\"},\"image\":{\"@id\":\"https:\\\/\\\/www.revistarambla.com\\\/la-mitigacion-del-cambio-climatico-debe-ser-una-prioridad-para-la-salud-publica\\\/#primaryimage\"},\"thumbnailUrl\":\"https:\\\/\\\/www.revistarambla.com\\\/wp-content\\\/uploads\\\/2021\\\/09\\\/water-road-bridge-rain-wet-peak-1024934-pxhere.com_.jpg\",\"articleSection\":[\"Opiniones\"],\"inLanguage\":\"en-GB\",\"potentialAction\":[{\"@type\":\"CommentAction\",\"name\":\"Comment\",\"target\":[\"https:\\\/\\\/www.revistarambla.com\\\/la-mitigacion-del-cambio-climatico-debe-ser-una-prioridad-para-la-salud-publica\\\/#respond\"]}]},{\"@type\":\"WebPage\",\"@id\":\"https:\\\/\\\/www.revistarambla.com\\\/la-mitigacion-del-cambio-climatico-debe-ser-una-prioridad-para-la-salud-publica\\\/\",\"url\":\"https:\\\/\\\/www.revistarambla.com\\\/la-mitigacion-del-cambio-climatico-debe-ser-una-prioridad-para-la-salud-publica\\\/\",\"name\":\"La mitigaci\u00f3n del cambio clim\u00e1tico debe ser una prioridad para la salud p\u00fablica - Revista Rambla\",\"isPartOf\":{\"@id\":\"https:\\\/\\\/www.revistarambla.com\\\/#website\"},\"primaryImageOfPage\":{\"@id\":\"https:\\\/\\\/www.revistarambla.com\\\/la-mitigacion-del-cambio-climatico-debe-ser-una-prioridad-para-la-salud-publica\\\/#primaryimage\"},\"image\":{\"@id\":\"https:\\\/\\\/www.revistarambla.com\\\/la-mitigacion-del-cambio-climatico-debe-ser-una-prioridad-para-la-salud-publica\\\/#primaryimage\"},\"thumbnailUrl\":\"https:\\\/\\\/www.revistarambla.com\\\/wp-content\\\/uploads\\\/2021\\\/09\\\/water-road-bridge-rain-wet-peak-1024934-pxhere.com_.jpg\",\"datePublished\":\"2021-09-02T11:07:53+00:00\",\"dateModified\":\"2021-09-03T10:33:15+00:00\",\"breadcrumb\":{\"@id\":\"https:\\\/\\\/www.revistarambla.com\\\/la-mitigacion-del-cambio-climatico-debe-ser-una-prioridad-para-la-salud-publica\\\/#breadcrumb\"},\"inLanguage\":\"en-GB\",\"potentialAction\":[{\"@type\":\"ReadAction\",\"target\":[\"https:\\\/\\\/www.revistarambla.com\\\/la-mitigacion-del-cambio-climatico-debe-ser-una-prioridad-para-la-salud-publica\\\/\"]}]},{\"@type\":\"ImageObject\",\"inLanguage\":\"en-GB\",\"@id\":\"https:\\\/\\\/www.revistarambla.com\\\/la-mitigacion-del-cambio-climatico-debe-ser-una-prioridad-para-la-salud-publica\\\/#primaryimage\",\"url\":\"https:\\\/\\\/www.revistarambla.com\\\/wp-content\\\/uploads\\\/2021\\\/09\\\/water-road-bridge-rain-wet-peak-1024934-pxhere.com_.jpg\",\"contentUrl\":\"https:\\\/\\\/www.revistarambla.com\\\/wp-content\\\/uploads\\\/2021\\\/09\\\/water-road-bridge-rain-wet-peak-1024934-pxhere.com_.jpg\",\"width\":800,\"height\":600},{\"@type\":\"BreadcrumbList\",\"@id\":\"https:\\\/\\\/www.revistarambla.com\\\/la-mitigacion-del-cambio-climatico-debe-ser-una-prioridad-para-la-salud-publica\\\/#breadcrumb\",\"itemListElement\":[{\"@type\":\"ListItem\",\"position\":1,\"name\":\"Portada\",\"item\":\"https:\\\/\\\/www.revistarambla.com\\\/\"},{\"@type\":\"ListItem\",\"position\":2,\"name\":\"La mitigaci\u00f3n del cambio clim\u00e1tico debe ser una prioridad para la salud p\u00fablica\"}]},{\"@type\":\"WebSite\",\"@id\":\"https:\\\/\\\/www.revistarambla.com\\\/#website\",\"url\":\"https:\\\/\\\/www.revistarambla.com\\\/\",\"name\":\"Revista Rambla Barcelona\",\"description\":\"Periodismo independiente\",\"publisher\":{\"@id\":\"https:\\\/\\\/www.revistarambla.com\\\/#organization\"},\"potentialAction\":[{\"@type\":\"SearchAction\",\"target\":{\"@type\":\"EntryPoint\",\"urlTemplate\":\"https:\\\/\\\/www.revistarambla.com\\\/?s={search_term_string}\"},\"query-input\":{\"@type\":\"PropertyValueSpecification\",\"valueRequired\":true,\"valueName\":\"search_term_string\"}}],\"inLanguage\":\"en-GB\"},{\"@type\":\"Organization\",\"@id\":\"https:\\\/\\\/www.revistarambla.com\\\/#organization\",\"name\":\"Revista Rambla\",\"url\":\"https:\\\/\\\/www.revistarambla.com\\\/\",\"logo\":{\"@type\":\"ImageObject\",\"inLanguage\":\"en-GB\",\"@id\":\"https:\\\/\\\/www.revistarambla.com\\\/#\\\/schema\\\/logo\\\/image\\\/\",\"url\":\"https:\\\/\\\/www.revistarambla.com\\\/wp-content\\\/uploads\\\/2020\\\/09\\\/banner_rambla_1900x600_BB.png\",\"contentUrl\":\"https:\\\/\\\/www.revistarambla.com\\\/wp-content\\\/uploads\\\/2020\\\/09\\\/banner_rambla_1900x600_BB.png\",\"width\":1900,\"height\":600,\"caption\":\"Revista Rambla\"},\"image\":{\"@id\":\"https:\\\/\\\/www.revistarambla.com\\\/#\\\/schema\\\/logo\\\/image\\\/\"},\"sameAs\":[\"https:\\\/\\\/www.facebook.com\\\/revistarambla\\\/\",\"https:\\\/\\\/x.com\\\/revistarambla\",\"https:\\\/\\\/www.instagram.com\\\/revista_rambla\",\"https:\\\/\\\/es.linkedin.com\\\/company\\\/revista-rambla\"]},{\"@type\":\"Person\",\"@id\":\"https:\\\/\\\/www.revistarambla.com\\\/#\\\/schema\\\/person\\\/a146a5a2550b94981a75131180e1bd9c\",\"name\":\"The Lancet Public Health\",\"sameAs\":[\"https:\\\/\\\/www.facebook.com\\\/revistarambla\",\"https:\\\/\\\/x.com\\\/revistarambla\"]}]}<\/script>\n<!-- \/ Yoast SEO plugin. -->","yoast_head_json":{"title":"La mitigaci\u00f3n del cambio clim\u00e1tico debe ser una prioridad para la salud p\u00fablica - Revista Rambla","robots":{"index":"index","follow":"follow","max-snippet":"max-snippet:-1","max-image-preview":"max-image-preview:large","max-video-preview":"max-video-preview:-1"},"canonical":"https:\/\/www.revistarambla.com\/en\/la-mitigacion-del-cambio-climatico-debe-ser-una-prioridad-para-la-salud-publica\/","og_locale":"en_GB","og_type":"article","og_title":"La mitigaci\u00f3n del cambio clim\u00e1tico debe ser una prioridad para la salud p\u00fablica - Revista Rambla","og_description":"El 9 de agosto, el\u00a0Grupo Intergubernamental de Expertos sobre el Cambio Clim\u00e1tico\u00a0(IPCC) public\u00f3 su \u00faltimo informe,\u00a0Climate Change 2021: The Physical Science Basis, la contribuci\u00f3n del Grupo de Trabajo I al Sexto Informe de Evaluaci\u00f3n. El IPCC cuenta con tres grupos de trabajo: El Grupo de Trabajo I, centrado en la [&hellip;]","og_url":"https:\/\/www.revistarambla.com\/en\/la-mitigacion-del-cambio-climatico-debe-ser-una-prioridad-para-la-salud-publica\/","og_site_name":"Revista Rambla","article_publisher":"https:\/\/www.facebook.com\/revistarambla\/","article_author":"https:\/\/www.facebook.com\/revistarambla","article_published_time":"2021-09-02T11:07:53+00:00","article_modified_time":"2021-09-03T10:33:15+00:00","og_image":[{"width":800,"height":600,"url":"https:\/\/i1.wp.com\/www.revistarambla.com\/wp-content\/uploads\/2021\/09\/water-road-bridge-rain-wet-peak-1024934-pxhere.com_.jpg?fit=800%2C600&ssl=1","type":"image\/jpeg"}],"author":"The Lancet Public Health","twitter_card":"summary_large_image","twitter_creator":"@revistarambla","twitter_site":"@revistarambla","twitter_misc":{"Written by":"The Lancet Public Health","Estimated reading time":"5 minutes"},"schema":{"@context":"https:\/\/schema.org","@graph":[{"@type":"Article","@id":"https:\/\/www.revistarambla.com\/la-mitigacion-del-cambio-climatico-debe-ser-una-prioridad-para-la-salud-publica\/#article","isPartOf":{"@id":"https:\/\/www.revistarambla.com\/la-mitigacion-del-cambio-climatico-debe-ser-una-prioridad-para-la-salud-publica\/"},"author":{"name":"The Lancet Public Health","@id":"https:\/\/www.revistarambla.com\/#\/schema\/person\/a146a5a2550b94981a75131180e1bd9c"},"headline":"La mitigaci\u00f3n del cambio clim\u00e1tico debe ser una prioridad para la salud p\u00fablica","datePublished":"2021-09-02T11:07:53+00:00","dateModified":"2021-09-03T10:33:15+00:00","mainEntityOfPage":{"@id":"https:\/\/www.revistarambla.com\/la-mitigacion-del-cambio-climatico-debe-ser-una-prioridad-para-la-salud-publica\/"},"wordCount":1108,"commentCount":0,"publisher":{"@id":"https:\/\/www.revistarambla.com\/#organization"},"image":{"@id":"https:\/\/www.revistarambla.com\/la-mitigacion-del-cambio-climatico-debe-ser-una-prioridad-para-la-salud-publica\/#primaryimage"},"thumbnailUrl":"https:\/\/www.revistarambla.com\/wp-content\/uploads\/2021\/09\/water-road-bridge-rain-wet-peak-1024934-pxhere.com_.jpg","articleSection":["Opiniones"],"inLanguage":"en-GB","potentialAction":[{"@type":"CommentAction","name":"Comment","target":["https:\/\/www.revistarambla.com\/la-mitigacion-del-cambio-climatico-debe-ser-una-prioridad-para-la-salud-publica\/#respond"]}]},{"@type":"WebPage","@id":"https:\/\/www.revistarambla.com\/la-mitigacion-del-cambio-climatico-debe-ser-una-prioridad-para-la-salud-publica\/","url":"https:\/\/www.revistarambla.com\/la-mitigacion-del-cambio-climatico-debe-ser-una-prioridad-para-la-salud-publica\/","name":"La mitigaci\u00f3n del cambio clim\u00e1tico debe ser una prioridad para la salud p\u00fablica - Revista Rambla","isPartOf":{"@id":"https:\/\/www.revistarambla.com\/#website"},"primaryImageOfPage":{"@id":"https:\/\/www.revistarambla.com\/la-mitigacion-del-cambio-climatico-debe-ser-una-prioridad-para-la-salud-publica\/#primaryimage"},"image":{"@id":"https:\/\/www.revistarambla.com\/la-mitigacion-del-cambio-climatico-debe-ser-una-prioridad-para-la-salud-publica\/#primaryimage"},"thumbnailUrl":"https:\/\/www.revistarambla.com\/wp-content\/uploads\/2021\/09\/water-road-bridge-rain-wet-peak-1024934-pxhere.com_.jpg","datePublished":"2021-09-02T11:07:53+00:00","dateModified":"2021-09-03T10:33:15+00:00","breadcrumb":{"@id":"https:\/\/www.revistarambla.com\/la-mitigacion-del-cambio-climatico-debe-ser-una-prioridad-para-la-salud-publica\/#breadcrumb"},"inLanguage":"en-GB","potentialAction":[{"@type":"ReadAction","target":["https:\/\/www.revistarambla.com\/la-mitigacion-del-cambio-climatico-debe-ser-una-prioridad-para-la-salud-publica\/"]}]},{"@type":"ImageObject","inLanguage":"en-GB","@id":"https:\/\/www.revistarambla.com\/la-mitigacion-del-cambio-climatico-debe-ser-una-prioridad-para-la-salud-publica\/#primaryimage","url":"https:\/\/www.revistarambla.com\/wp-content\/uploads\/2021\/09\/water-road-bridge-rain-wet-peak-1024934-pxhere.com_.jpg","contentUrl":"https:\/\/www.revistarambla.com\/wp-content\/uploads\/2021\/09\/water-road-bridge-rain-wet-peak-1024934-pxhere.com_.jpg","width":800,"height":600},{"@type":"BreadcrumbList","@id":"https:\/\/www.revistarambla.com\/la-mitigacion-del-cambio-climatico-debe-ser-una-prioridad-para-la-salud-publica\/#breadcrumb","itemListElement":[{"@type":"ListItem","position":1,"name":"Portada","item":"https:\/\/www.revistarambla.com\/"},{"@type":"ListItem","position":2,"name":"La mitigaci\u00f3n del cambio clim\u00e1tico debe ser una prioridad para la salud p\u00fablica"}]},{"@type":"WebSite","@id":"https:\/\/www.revistarambla.com\/#website","url":"https:\/\/www.revistarambla.com\/","name":"Revista Rambla Barcelona","description":"Periodismo independiente","publisher":{"@id":"https:\/\/www.revistarambla.com\/#organization"},"potentialAction":[{"@type":"SearchAction","target":{"@type":"EntryPoint","urlTemplate":"https:\/\/www.revistarambla.com\/?s={search_term_string}"},"query-input":{"@type":"PropertyValueSpecification","valueRequired":true,"valueName":"search_term_string"}}],"inLanguage":"en-GB"},{"@type":"Organization","@id":"https:\/\/www.revistarambla.com\/#organization","name":"Revista Rambla","url":"https:\/\/www.revistarambla.com\/","logo":{"@type":"ImageObject","inLanguage":"en-GB","@id":"https:\/\/www.revistarambla.com\/#\/schema\/logo\/image\/","url":"https:\/\/www.revistarambla.com\/wp-content\/uploads\/2020\/09\/banner_rambla_1900x600_BB.png","contentUrl":"https:\/\/www.revistarambla.com\/wp-content\/uploads\/2020\/09\/banner_rambla_1900x600_BB.png","width":1900,"height":600,"caption":"Revista Rambla"},"image":{"@id":"https:\/\/www.revistarambla.com\/#\/schema\/logo\/image\/"},"sameAs":["https:\/\/www.facebook.com\/revistarambla\/","https:\/\/x.com\/revistarambla","https:\/\/www.instagram.com\/revista_rambla","https:\/\/es.linkedin.com\/company\/revista-rambla"]},{"@type":"Person","@id":"https:\/\/www.revistarambla.com\/#\/schema\/person\/a146a5a2550b94981a75131180e1bd9c","name":"The Lancet Public Health","sameAs":["https:\/\/www.facebook.com\/revistarambla","https:\/\/x.com\/revistarambla"]}]}},"_links":{"self":[{"href":"https:\/\/www.revistarambla.com\/en\/wp-json\/wp\/v2\/posts\/35063","targetHints":{"allow":["GET"]}}],"collection":[{"href":"https:\/\/www.revistarambla.com\/en\/wp-json\/wp\/v2\/posts"}],"about":[{"href":"https:\/\/www.revistarambla.com\/en\/wp-json\/wp\/v2\/types\/post"}],"author":[{"embeddable":true,"href":"https:\/\/www.revistarambla.com\/en\/wp-json\/wp\/v2\/users\/3"}],"replies":[{"embeddable":true,"href":"https:\/\/www.revistarambla.com\/en\/wp-json\/wp\/v2\/comments?post=35063"}],"version-history":[{"count":0,"href":"https:\/\/www.revistarambla.com\/en\/wp-json\/wp\/v2\/posts\/35063\/revisions"}],"wp:featuredmedia":[{"embeddable":true,"href":"https:\/\/www.revistarambla.com\/en\/wp-json\/wp\/v2\/media\/35064"}],"wp:attachment":[{"href":"https:\/\/www.revistarambla.com\/en\/wp-json\/wp\/v2\/media?parent=35063"}],"wp:term":[{"taxonomy":"category","embeddable":true,"href":"https:\/\/www.revistarambla.com\/en\/wp-json\/wp\/v2\/categories?post=35063"},{"taxonomy":"post_tag","embeddable":true,"href":"https:\/\/www.revistarambla.com\/en\/wp-json\/wp\/v2\/tags?post=35063"}],"curies":[{"name":"wp","href":"https:\/\/api.w.org\/{rel}","templated":true}]}}