{"id":35017,"date":"2021-08-31T19:43:05","date_gmt":"2021-08-31T17:43:05","guid":{"rendered":"https:\/\/www.revistarambla.com\/?p=35017"},"modified":"2021-12-07T17:05:21","modified_gmt":"2021-12-07T16:05:21","slug":"en-denuncia-del-servilismo-tecnologico","status":"publish","type":"post","link":"https:\/\/www.revistarambla.com\/en\/en-denuncia-del-servilismo-tecnologico\/","title":{"rendered":"En denuncia del servilismo tecnol\u00f3gico"},"content":{"rendered":"<p align=\"JUSTIFY\"><img decoding=\"async\" class=\"aligncenter wp-image-35018 size-full\" src=\"https:\/\/www.revistarambla.com\/wp-content\/uploads\/2021\/08\/4273890315_999f8f68aa_c.jpg\" alt=\"\" width=\"799\" height=\"533\" srcset=\"https:\/\/www.revistarambla.com\/wp-content\/uploads\/2021\/08\/4273890315_999f8f68aa_c.jpg 799w, https:\/\/www.revistarambla.com\/wp-content\/uploads\/2021\/08\/4273890315_999f8f68aa_c-300x200.jpg 300w, https:\/\/www.revistarambla.com\/wp-content\/uploads\/2021\/08\/4273890315_999f8f68aa_c-768x512.jpg 768w\" sizes=\"(max-width: 799px) 100vw, 799px\" \/><\/p>\n<p style=\"text-align: left;\" align=\"JUSTIFY\"><span lang=\"es-PE\">Aldous Huxley propuso hace medio siglo: \u201cLa esencia de la coerci\u00f3n psicol\u00f3gica consiste en que aquellos que act\u00faan bajo su efecto tienen la impresi\u00f3n de que est\u00e1n actuando por iniciativa propia. La v\u00edctima de la manipulaci\u00f3n mental no sabe que es v\u00edctima. Las rejas de su prisi\u00f3n le son invisibles, y cree que es libre. El hecho de que no es libre, solo es aparente para los dem\u00e1s. Su esclavitud es estrictamente objetiva\u201d.<\/span><\/p>\n<p style=\"text-align: left;\" align=\"JUSTIFY\"><span lang=\"es-PE\">As\u00ed como propongo, actualmente con la llegada de la denominada \u201cera de las frecuencias\u201d, se est\u00e1 desarrollando la manipulaci\u00f3n directa de los procesos cerebrales por intermedio de la tecnolog\u00eda electromagn\u00e9tica y el uso del espectro de las frecuencias con un fin determinado.<\/span><\/p>\n<p style=\"text-align: left;\" align=\"JUSTIFY\"><span lang=\"es-PE\">La perversa aplicaci\u00f3n de las nuevas tecnolog\u00edas est\u00e1 engendrando nuevas formas de esclavitud digital, que son parte del engranaje econ\u00f3mico y generan nuevos modos de producci\u00f3n y mecanismos de adaptaci\u00f3n social cada vez m\u00e1s refinados.<\/span><\/p>\n<p style=\"text-align: left;\" align=\"JUSTIFY\"><span lang=\"es-PE\">El factor decisivo para la perpetuaci\u00f3n de un sistema basado en el sometimiento objetivo, ha sido y sigue siendo el acondicionamiento subjetivo, es decir el control mental. Nada m\u00e1s eficaz para el sistema de trabajo que su autorreproducci\u00f3n en la psiquis y la mente de quienes lo sustentan con su fuerza de trabajo y \u201cel sudor de sus frentes\u201d, es decir, con la energ\u00eda de sus propias vidas.<\/span><\/p>\n<p style=\"text-align: left;\" align=\"JUSTIFY\"><span lang=\"es-PE\">En este sentido, los trabajadores consumidores modernos, bajo los dict\u00e1menes del mercado laboral y del consumismo digital, son conducidos en la totalidad de sus vidas por una especie de \u201ccontrol remoto\u201d y lejos de reconocer y romper su determinaci\u00f3n ajena, constituyen sin duda y \u201cocultos a plena vista\u201d, la nueva esclavitud del siglo XXI.<\/span><\/p>\n<p style=\"text-align: left;\" align=\"JUSTIFY\"><span lang=\"es-PE\">Parece que la esclavizaci\u00f3n de la mente y por ende del comportamiento del ser humano alcanza niveles irreversibles, a causa de la doblegaci\u00f3n mental y corporal que act\u00faa sin misericordia sobre sus v\u00edctimas para evitar que estas se rebelen contra un orden social intr\u00ednsecamente inhumano y explotador.<\/span><\/p>\n<p style=\"text-align: left;\" align=\"JUSTIFY\"><span lang=\"es-PE\">Debemos recordar que lo que diferencia al hombre de los animales es la simbolog\u00eda que crea este ser racional. Pero destaca en que lo que prevalece son los s\u00edmbolos de los objetos, hechos que crean los pensamientos, motivan o estimulan. Es decir vivimos una \u00e9poca at\u00edpica de la aldea global como tambi\u00e9n concluye el historiador, poeta y periodista Humberto Pinedo \u2013a base del an\u00e1lisis de mi obra.<\/span><\/p>\n<p style=\"text-align: left;\" align=\"JUSTIFY\"><span lang=\"es-PE\">El estudio del fallecido periodista concluy\u00f3 que la tecnolog\u00eda nos est\u00e1 imponiendo nuevos comportamientos o nosotros imponemos nuevos c\u00f3digos o s\u00edmbolos. \u201cHe ah\u00ed la contradicci\u00f3n social. Hombres o zombies. Racionales que crean pensamientos con simbolog\u00eda o seres deshumanizados que viven sin sentido sus d\u00edas\u201d.<\/span><\/p>\n<p style=\"text-align: left;\" align=\"JUSTIFY\"><span lang=\"es-PE\">En el nuevo proyecto de C\u00f3digo Penal en Hait\u00ed se penaliza duramente la zombificaci\u00f3n, pr\u00e1ctica en la cual una persona es declarada muerta cl\u00ednicamente y luego revivida para trabajar como esclava, seg\u00fan inform\u00f3 la Agencia Informativa Latinoamericana Prensa Latina (PL).<\/span><\/p>\n<p style=\"text-align: left;\" align=\"JUSTIFY\"><span lang=\"es-PE\">Una comisi\u00f3n senatorial emprendi\u00f3 el an\u00e1lisis de las normas jur\u00eddicas punitivas vigentes en el pa\u00eds desde 1835, y a\u00f1ade una treintena de modificaciones, tras varias rondas de consultas.<\/span><\/p>\n<p style=\"text-align: left;\" align=\"JUSTIFY\"><span lang=\"es-PE\">Los senadores tipificaron varios delitos en el acto de zombificaci\u00f3n, entre ellos asociaci\u00f3n criminal, violaci\u00f3n del entierro, tortura y trata de personas, y se\u00f1alaron las falencias en materia legal asociada a este tipo de pr\u00e1cticas.<\/span><\/p>\n<p style=\"text-align: left;\" align=\"JUSTIFY\"><span lang=\"es-PE\">Quienes cuestionamos estos modos de esclavitud, seguiremos luchando en pos de la formaci\u00f3n de una conciencia global que contrarreste y acabe con todas formas de explotaci\u00f3n econ\u00f3mica, opresi\u00f3n pol\u00edtica, discriminaci\u00f3n social y alienaci\u00f3n humana.<\/span><\/p>\n<p style=\"text-align: left;\" align=\"JUSTIFY\"><a name=\"Bookmark\"><\/a><span lang=\"es-PE\">Debemos se\u00f1alar que la Conferencia Episcopal Peruana (<\/span>CEP<span lang=\"es-PE\">) a trav\u00e9s de C\u00e1ritas del Per\u00fa realiz\u00f3 el domingo 29 de agosto la colecta nacional para ayudar a reconstruir el pa\u00eds de Hait\u00ed.<\/span><\/p>\n<p style=\"text-align: left;\" align=\"JUSTIFY\">\u201c<span lang=\"es-PE\">Juntos por Hait\u00ed\u201d es el nombre de la colecta nacional con el fin de llevar esperanza a los hermanos y hermanas haitianos que hoy afrontan una crisis humanitaria, social, sanitaria y tambi\u00e9n pol\u00edtica. <\/span><\/p>\n<p style=\"text-align: left;\" align=\"JUSTIFY\"><span lang=\"es-PE\">Siguiendo la l\u00ednea del CELAM (Consejo Episcopal Latinoamericano), la Iglesia en el Per\u00fa organiza una colecta nacional por el pa\u00eds caribe\u00f1o \u201cque padece una grave crisis provocada por el reciente terremoto de magnitud 7.2 ocurrido el 14 de agosto\u201d, y que ha dejado, hasta el momento, m\u00e1s de 2 mil fallecidos, m\u00e1s de 12 mil heridos y cerca de 30 mil familias sin hogar, con la destrucci\u00f3n de casi 53, 000 casas y 142 edificaciones de la Iglesia haitiana y m\u00e1s de 50 escuelas cat\u00f3licas devastadas.<\/span><\/p>\n<p style=\"text-align: left;\" align=\"JUSTIFY\"><em>(*) Escritor, poeta, editor y soci\u00f3logo. Presidente del Instituto Peruano de la Juventud (IPJ) y director de Editorial R\u00edo Negro.<\/em><\/p>","protected":false},"excerpt":{"rendered":"<p>Aldous Huxley propuso hace medio siglo: \u201cLa esencia de la coerci\u00f3n psicol\u00f3gica consiste en que aquellos que act\u00faan bajo su efecto tienen la impresi\u00f3n de que est\u00e1n actuando por iniciativa propia. La v\u00edctima de la manipulaci\u00f3n mental no sabe que es v\u00edctima. Las rejas de su prisi\u00f3n le son invisibles, [&hellip;]<\/p>\n","protected":false},"author":18,"featured_media":35018,"comment_status":"open","ping_status":"open","sticky":false,"template":"","format":"standard","meta":{"footnotes":""},"categories":[72],"tags":[],"class_list":["post-35017","post","type-post","status-publish","format-standard","has-post-thumbnail","hentry","category-opinion"],"yoast_head":"<!-- This site is optimized with the Yoast SEO plugin v27.5 - https:\/\/yoast.com\/product\/yoast-seo-wordpress\/ -->\n<title>En denuncia del servilismo tecnol\u00f3gico - Revista Rambla<\/title>\n<meta name=\"robots\" content=\"index, follow, max-snippet:-1, max-image-preview:large, max-video-preview:-1\" \/>\n<link rel=\"canonical\" href=\"https:\/\/www.revistarambla.com\/en\/en-denuncia-del-servilismo-tecnologico\/\" \/>\n<meta property=\"og:locale\" content=\"en_GB\" \/>\n<meta property=\"og:type\" content=\"article\" \/>\n<meta property=\"og:title\" content=\"En denuncia del servilismo tecnol\u00f3gico - Revista Rambla\" \/>\n<meta property=\"og:description\" content=\"Aldous Huxley propuso hace medio siglo: \u201cLa esencia de la coerci\u00f3n psicol\u00f3gica consiste en que aquellos que act\u00faan bajo su efecto tienen la impresi\u00f3n de que est\u00e1n actuando por iniciativa propia. La v\u00edctima de la manipulaci\u00f3n mental no sabe que es v\u00edctima. Las rejas de su prisi\u00f3n le son invisibles, [&hellip;]\" \/>\n<meta property=\"og:url\" content=\"https:\/\/www.revistarambla.com\/en\/en-denuncia-del-servilismo-tecnologico\/\" \/>\n<meta property=\"og:site_name\" content=\"Revista Rambla\" \/>\n<meta property=\"article:publisher\" content=\"https:\/\/www.facebook.com\/revistarambla\/\" \/>\n<meta property=\"article:author\" content=\"https:\/\/www.facebook.com\/raul.allainvega\" \/>\n<meta property=\"article:published_time\" content=\"2021-08-31T17:43:05+00:00\" \/>\n<meta property=\"article:modified_time\" content=\"2021-12-07T16:05:21+00:00\" \/>\n<meta property=\"og:image\" content=\"https:\/\/www.revistarambla.com\/wp-content\/uploads\/2021\/08\/4273890315_999f8f68aa_c.jpg\" \/>\n\t<meta property=\"og:image:width\" content=\"799\" \/>\n\t<meta property=\"og:image:height\" content=\"533\" \/>\n\t<meta property=\"og:image:type\" content=\"image\/jpeg\" \/>\n<meta name=\"author\" content=\"Ra\u00fal Alfonso Allain Vega\" \/>\n<meta name=\"twitter:card\" content=\"summary_large_image\" \/>\n<meta name=\"twitter:creator\" content=\"@RaulAllain\" \/>\n<meta name=\"twitter:site\" content=\"@revistarambla\" \/>\n<meta name=\"twitter:label1\" content=\"Written by\" \/>\n\t<meta name=\"twitter:data1\" content=\"Ra\u00fal Alfonso Allain Vega\" \/>\n\t<meta name=\"twitter:label2\" content=\"Estimated reading time\" \/>\n\t<meta name=\"twitter:data2\" content=\"4 minutes\" \/>\n<script type=\"application\/ld+json\" class=\"yoast-schema-graph\">{\"@context\":\"https:\\\/\\\/schema.org\",\"@graph\":[{\"@type\":\"Article\",\"@id\":\"https:\\\/\\\/www.revistarambla.com\\\/en-denuncia-del-servilismo-tecnologico\\\/#article\",\"isPartOf\":{\"@id\":\"https:\\\/\\\/www.revistarambla.com\\\/en-denuncia-del-servilismo-tecnologico\\\/\"},\"author\":{\"name\":\"Ra\u00fal Alfonso Allain Vega\",\"@id\":\"https:\\\/\\\/www.revistarambla.com\\\/#\\\/schema\\\/person\\\/9b4378c82c48caa37acecffb9450e934\"},\"headline\":\"En denuncia del servilismo tecnol\u00f3gico\",\"datePublished\":\"2021-08-31T17:43:05+00:00\",\"dateModified\":\"2021-12-07T16:05:21+00:00\",\"mainEntityOfPage\":{\"@id\":\"https:\\\/\\\/www.revistarambla.com\\\/en-denuncia-del-servilismo-tecnologico\\\/\"},\"wordCount\":810,\"commentCount\":0,\"publisher\":{\"@id\":\"https:\\\/\\\/www.revistarambla.com\\\/#organization\"},\"image\":{\"@id\":\"https:\\\/\\\/www.revistarambla.com\\\/en-denuncia-del-servilismo-tecnologico\\\/#primaryimage\"},\"thumbnailUrl\":\"https:\\\/\\\/www.revistarambla.com\\\/wp-content\\\/uploads\\\/2021\\\/08\\\/4273890315_999f8f68aa_c.jpg\",\"articleSection\":[\"Opiniones\"],\"inLanguage\":\"en-GB\",\"potentialAction\":[{\"@type\":\"CommentAction\",\"name\":\"Comment\",\"target\":[\"https:\\\/\\\/www.revistarambla.com\\\/en-denuncia-del-servilismo-tecnologico\\\/#respond\"]}]},{\"@type\":\"WebPage\",\"@id\":\"https:\\\/\\\/www.revistarambla.com\\\/en-denuncia-del-servilismo-tecnologico\\\/\",\"url\":\"https:\\\/\\\/www.revistarambla.com\\\/en-denuncia-del-servilismo-tecnologico\\\/\",\"name\":\"En denuncia del servilismo tecnol\u00f3gico - Revista Rambla\",\"isPartOf\":{\"@id\":\"https:\\\/\\\/www.revistarambla.com\\\/#website\"},\"primaryImageOfPage\":{\"@id\":\"https:\\\/\\\/www.revistarambla.com\\\/en-denuncia-del-servilismo-tecnologico\\\/#primaryimage\"},\"image\":{\"@id\":\"https:\\\/\\\/www.revistarambla.com\\\/en-denuncia-del-servilismo-tecnologico\\\/#primaryimage\"},\"thumbnailUrl\":\"https:\\\/\\\/www.revistarambla.com\\\/wp-content\\\/uploads\\\/2021\\\/08\\\/4273890315_999f8f68aa_c.jpg\",\"datePublished\":\"2021-08-31T17:43:05+00:00\",\"dateModified\":\"2021-12-07T16:05:21+00:00\",\"breadcrumb\":{\"@id\":\"https:\\\/\\\/www.revistarambla.com\\\/en-denuncia-del-servilismo-tecnologico\\\/#breadcrumb\"},\"inLanguage\":\"en-GB\",\"potentialAction\":[{\"@type\":\"ReadAction\",\"target\":[\"https:\\\/\\\/www.revistarambla.com\\\/en-denuncia-del-servilismo-tecnologico\\\/\"]}]},{\"@type\":\"ImageObject\",\"inLanguage\":\"en-GB\",\"@id\":\"https:\\\/\\\/www.revistarambla.com\\\/en-denuncia-del-servilismo-tecnologico\\\/#primaryimage\",\"url\":\"https:\\\/\\\/www.revistarambla.com\\\/wp-content\\\/uploads\\\/2021\\\/08\\\/4273890315_999f8f68aa_c.jpg\",\"contentUrl\":\"https:\\\/\\\/www.revistarambla.com\\\/wp-content\\\/uploads\\\/2021\\\/08\\\/4273890315_999f8f68aa_c.jpg\",\"width\":799,\"height\":533},{\"@type\":\"BreadcrumbList\",\"@id\":\"https:\\\/\\\/www.revistarambla.com\\\/en-denuncia-del-servilismo-tecnologico\\\/#breadcrumb\",\"itemListElement\":[{\"@type\":\"ListItem\",\"position\":1,\"name\":\"Portada\",\"item\":\"https:\\\/\\\/www.revistarambla.com\\\/\"},{\"@type\":\"ListItem\",\"position\":2,\"name\":\"En denuncia del servilismo tecnol\u00f3gico\"}]},{\"@type\":\"WebSite\",\"@id\":\"https:\\\/\\\/www.revistarambla.com\\\/#website\",\"url\":\"https:\\\/\\\/www.revistarambla.com\\\/\",\"name\":\"Revista Rambla Barcelona\",\"description\":\"Periodismo independiente\",\"publisher\":{\"@id\":\"https:\\\/\\\/www.revistarambla.com\\\/#organization\"},\"potentialAction\":[{\"@type\":\"SearchAction\",\"target\":{\"@type\":\"EntryPoint\",\"urlTemplate\":\"https:\\\/\\\/www.revistarambla.com\\\/?s={search_term_string}\"},\"query-input\":{\"@type\":\"PropertyValueSpecification\",\"valueRequired\":true,\"valueName\":\"search_term_string\"}}],\"inLanguage\":\"en-GB\"},{\"@type\":\"Organization\",\"@id\":\"https:\\\/\\\/www.revistarambla.com\\\/#organization\",\"name\":\"Revista Rambla\",\"url\":\"https:\\\/\\\/www.revistarambla.com\\\/\",\"logo\":{\"@type\":\"ImageObject\",\"inLanguage\":\"en-GB\",\"@id\":\"https:\\\/\\\/www.revistarambla.com\\\/#\\\/schema\\\/logo\\\/image\\\/\",\"url\":\"https:\\\/\\\/www.revistarambla.com\\\/wp-content\\\/uploads\\\/2020\\\/09\\\/banner_rambla_1900x600_BB.png\",\"contentUrl\":\"https:\\\/\\\/www.revistarambla.com\\\/wp-content\\\/uploads\\\/2020\\\/09\\\/banner_rambla_1900x600_BB.png\",\"width\":1900,\"height\":600,\"caption\":\"Revista Rambla\"},\"image\":{\"@id\":\"https:\\\/\\\/www.revistarambla.com\\\/#\\\/schema\\\/logo\\\/image\\\/\"},\"sameAs\":[\"https:\\\/\\\/www.facebook.com\\\/revistarambla\\\/\",\"https:\\\/\\\/x.com\\\/revistarambla\",\"https:\\\/\\\/www.instagram.com\\\/revista_rambla\",\"https:\\\/\\\/es.linkedin.com\\\/company\\\/revista-rambla\"]},{\"@type\":\"Person\",\"@id\":\"https:\\\/\\\/www.revistarambla.com\\\/#\\\/schema\\\/person\\\/9b4378c82c48caa37acecffb9450e934\",\"name\":\"Ra\u00fal Alfonso Allain Vega\",\"description\":\"Escritor, poeta, editor y soci\u00f3logo. Presidente del Instituto Peruano de la Juventud (IPJ) y director de Editorial R\u00edo Negro.\",\"sameAs\":[\"https:\\\/\\\/en.m.wikipedia.org\\\/wiki\\\/Ra%C3%BAl_Allain\",\"https:\\\/\\\/www.facebook.com\\\/raul.allainvega\",\"https:\\\/\\\/x.com\\\/RaulAllain\"]}]}<\/script>\n<!-- \/ Yoast SEO plugin. -->","yoast_head_json":{"title":"En denuncia del servilismo tecnol\u00f3gico - Revista Rambla","robots":{"index":"index","follow":"follow","max-snippet":"max-snippet:-1","max-image-preview":"max-image-preview:large","max-video-preview":"max-video-preview:-1"},"canonical":"https:\/\/www.revistarambla.com\/en\/en-denuncia-del-servilismo-tecnologico\/","og_locale":"en_GB","og_type":"article","og_title":"En denuncia del servilismo tecnol\u00f3gico - Revista Rambla","og_description":"Aldous Huxley propuso hace medio siglo: \u201cLa esencia de la coerci\u00f3n psicol\u00f3gica consiste en que aquellos que act\u00faan bajo su efecto tienen la impresi\u00f3n de que est\u00e1n actuando por iniciativa propia. La v\u00edctima de la manipulaci\u00f3n mental no sabe que es v\u00edctima. Las rejas de su prisi\u00f3n le son invisibles, [&hellip;]","og_url":"https:\/\/www.revistarambla.com\/en\/en-denuncia-del-servilismo-tecnologico\/","og_site_name":"Revista Rambla","article_publisher":"https:\/\/www.facebook.com\/revistarambla\/","article_author":"https:\/\/www.facebook.com\/raul.allainvega","article_published_time":"2021-08-31T17:43:05+00:00","article_modified_time":"2021-12-07T16:05:21+00:00","og_image":[{"width":799,"height":533,"url":"https:\/\/www.revistarambla.com\/wp-content\/uploads\/2021\/08\/4273890315_999f8f68aa_c.jpg","type":"image\/jpeg"}],"author":"Ra\u00fal Alfonso Allain Vega","twitter_card":"summary_large_image","twitter_creator":"@RaulAllain","twitter_site":"@revistarambla","twitter_misc":{"Written by":"Ra\u00fal Alfonso Allain Vega","Estimated reading time":"4 minutes"},"schema":{"@context":"https:\/\/schema.org","@graph":[{"@type":"Article","@id":"https:\/\/www.revistarambla.com\/en-denuncia-del-servilismo-tecnologico\/#article","isPartOf":{"@id":"https:\/\/www.revistarambla.com\/en-denuncia-del-servilismo-tecnologico\/"},"author":{"name":"Ra\u00fal Alfonso Allain Vega","@id":"https:\/\/www.revistarambla.com\/#\/schema\/person\/9b4378c82c48caa37acecffb9450e934"},"headline":"En denuncia del servilismo tecnol\u00f3gico","datePublished":"2021-08-31T17:43:05+00:00","dateModified":"2021-12-07T16:05:21+00:00","mainEntityOfPage":{"@id":"https:\/\/www.revistarambla.com\/en-denuncia-del-servilismo-tecnologico\/"},"wordCount":810,"commentCount":0,"publisher":{"@id":"https:\/\/www.revistarambla.com\/#organization"},"image":{"@id":"https:\/\/www.revistarambla.com\/en-denuncia-del-servilismo-tecnologico\/#primaryimage"},"thumbnailUrl":"https:\/\/www.revistarambla.com\/wp-content\/uploads\/2021\/08\/4273890315_999f8f68aa_c.jpg","articleSection":["Opiniones"],"inLanguage":"en-GB","potentialAction":[{"@type":"CommentAction","name":"Comment","target":["https:\/\/www.revistarambla.com\/en-denuncia-del-servilismo-tecnologico\/#respond"]}]},{"@type":"WebPage","@id":"https:\/\/www.revistarambla.com\/en-denuncia-del-servilismo-tecnologico\/","url":"https:\/\/www.revistarambla.com\/en-denuncia-del-servilismo-tecnologico\/","name":"En denuncia del servilismo tecnol\u00f3gico - Revista Rambla","isPartOf":{"@id":"https:\/\/www.revistarambla.com\/#website"},"primaryImageOfPage":{"@id":"https:\/\/www.revistarambla.com\/en-denuncia-del-servilismo-tecnologico\/#primaryimage"},"image":{"@id":"https:\/\/www.revistarambla.com\/en-denuncia-del-servilismo-tecnologico\/#primaryimage"},"thumbnailUrl":"https:\/\/www.revistarambla.com\/wp-content\/uploads\/2021\/08\/4273890315_999f8f68aa_c.jpg","datePublished":"2021-08-31T17:43:05+00:00","dateModified":"2021-12-07T16:05:21+00:00","breadcrumb":{"@id":"https:\/\/www.revistarambla.com\/en-denuncia-del-servilismo-tecnologico\/#breadcrumb"},"inLanguage":"en-GB","potentialAction":[{"@type":"ReadAction","target":["https:\/\/www.revistarambla.com\/en-denuncia-del-servilismo-tecnologico\/"]}]},{"@type":"ImageObject","inLanguage":"en-GB","@id":"https:\/\/www.revistarambla.com\/en-denuncia-del-servilismo-tecnologico\/#primaryimage","url":"https:\/\/www.revistarambla.com\/wp-content\/uploads\/2021\/08\/4273890315_999f8f68aa_c.jpg","contentUrl":"https:\/\/www.revistarambla.com\/wp-content\/uploads\/2021\/08\/4273890315_999f8f68aa_c.jpg","width":799,"height":533},{"@type":"BreadcrumbList","@id":"https:\/\/www.revistarambla.com\/en-denuncia-del-servilismo-tecnologico\/#breadcrumb","itemListElement":[{"@type":"ListItem","position":1,"name":"Portada","item":"https:\/\/www.revistarambla.com\/"},{"@type":"ListItem","position":2,"name":"En denuncia del servilismo tecnol\u00f3gico"}]},{"@type":"WebSite","@id":"https:\/\/www.revistarambla.com\/#website","url":"https:\/\/www.revistarambla.com\/","name":"Revista Rambla Barcelona","description":"Periodismo independiente","publisher":{"@id":"https:\/\/www.revistarambla.com\/#organization"},"potentialAction":[{"@type":"SearchAction","target":{"@type":"EntryPoint","urlTemplate":"https:\/\/www.revistarambla.com\/?s={search_term_string}"},"query-input":{"@type":"PropertyValueSpecification","valueRequired":true,"valueName":"search_term_string"}}],"inLanguage":"en-GB"},{"@type":"Organization","@id":"https:\/\/www.revistarambla.com\/#organization","name":"Revista Rambla","url":"https:\/\/www.revistarambla.com\/","logo":{"@type":"ImageObject","inLanguage":"en-GB","@id":"https:\/\/www.revistarambla.com\/#\/schema\/logo\/image\/","url":"https:\/\/www.revistarambla.com\/wp-content\/uploads\/2020\/09\/banner_rambla_1900x600_BB.png","contentUrl":"https:\/\/www.revistarambla.com\/wp-content\/uploads\/2020\/09\/banner_rambla_1900x600_BB.png","width":1900,"height":600,"caption":"Revista Rambla"},"image":{"@id":"https:\/\/www.revistarambla.com\/#\/schema\/logo\/image\/"},"sameAs":["https:\/\/www.facebook.com\/revistarambla\/","https:\/\/x.com\/revistarambla","https:\/\/www.instagram.com\/revista_rambla","https:\/\/es.linkedin.com\/company\/revista-rambla"]},{"@type":"Person","@id":"https:\/\/www.revistarambla.com\/#\/schema\/person\/9b4378c82c48caa37acecffb9450e934","name":"Ra\u00fal Alfonso Allain Vega","description":"Escritor, poeta, editor y soci\u00f3logo. Presidente del Instituto Peruano de la Juventud (IPJ) y director de Editorial R\u00edo Negro.","sameAs":["https:\/\/en.m.wikipedia.org\/wiki\/Ra%C3%BAl_Allain","https:\/\/www.facebook.com\/raul.allainvega","https:\/\/x.com\/RaulAllain"]}]}},"_links":{"self":[{"href":"https:\/\/www.revistarambla.com\/en\/wp-json\/wp\/v2\/posts\/35017","targetHints":{"allow":["GET"]}}],"collection":[{"href":"https:\/\/www.revistarambla.com\/en\/wp-json\/wp\/v2\/posts"}],"about":[{"href":"https:\/\/www.revistarambla.com\/en\/wp-json\/wp\/v2\/types\/post"}],"author":[{"embeddable":true,"href":"https:\/\/www.revistarambla.com\/en\/wp-json\/wp\/v2\/users\/18"}],"replies":[{"embeddable":true,"href":"https:\/\/www.revistarambla.com\/en\/wp-json\/wp\/v2\/comments?post=35017"}],"version-history":[{"count":0,"href":"https:\/\/www.revistarambla.com\/en\/wp-json\/wp\/v2\/posts\/35017\/revisions"}],"wp:featuredmedia":[{"embeddable":true,"href":"https:\/\/www.revistarambla.com\/en\/wp-json\/wp\/v2\/media\/35018"}],"wp:attachment":[{"href":"https:\/\/www.revistarambla.com\/en\/wp-json\/wp\/v2\/media?parent=35017"}],"wp:term":[{"taxonomy":"category","embeddable":true,"href":"https:\/\/www.revistarambla.com\/en\/wp-json\/wp\/v2\/categories?post=35017"},{"taxonomy":"post_tag","embeddable":true,"href":"https:\/\/www.revistarambla.com\/en\/wp-json\/wp\/v2\/tags?post=35017"}],"curies":[{"name":"wp","href":"https:\/\/api.w.org\/{rel}","templated":true}]}}