{"id":3501,"date":"2013-06-07T08:50:12","date_gmt":"2013-06-07T08:50:12","guid":{"rendered":"https:\/\/www.revistarambla.com\/esther-vivas-la-otra-cara-de-la-politica-de-los-recortes-es-la-politica-de-la-porra\/"},"modified":"2021-12-19T16:59:07","modified_gmt":"2021-12-19T15:59:07","slug":"esther-vivas-la-otra-cara-de-la-politica-de-los-recortes-es-la-politica-de-la-porra","status":"publish","type":"post","link":"https:\/\/www.revistarambla.com\/en\/esther-vivas-la-otra-cara-de-la-politica-de-los-recortes-es-la-politica-de-la-porra\/","title":{"rendered":"Esther Vivas: \u00abLa otra cara de la pol\u00edtica de los recortes es la pol\u00edtica de la porra\u00bb"},"content":{"rendered":"<p>Esther Vivas (Sabadell, 1975) es periodista, soci\u00f3loga e investigadora en pol\u00edticas alimentarias y agr\u00edcolas, adem\u00e1s de todo esto es activista social y forma parte del Centro de Estudios sobre Movimientos Sociales (CEMS) en la Universidad Pompeu Fabra de Barcelona. Vinculada a diversas plataformas sociales desde los a\u00f1os 90, colabora \u00faltimamente con las presentaciones que\u00a0 el movimiento Proc\u00e9s Constituent, creado por Arcadi Oliveres y Teresa Forcades, realiza por toda Catalu\u00f1a.<\/p>\n<p><img decoding=\"async\" class=\"alignright\" src=\"https:\/\/www.revistarambla.com\/wp-content\/uploads\/2013\/06\/esther_vivas_01.jpg\" alt=\"alt\" width=\"351\" height=\"554\" \/><strong>Las Naciones Unidas -la FAO (Organizaci\u00f3n Mundial para la Agricultura y la Alimentaci\u00f3n)- ha propuesto recientemente comer insectos para combatir el hambre en el mundo. El ministro de Agricultura espa\u00f1ol, Arias Ca\u00f1ete, lo aprueba aunque habla de recurrir a otras fuentes, como el mar. \u00bfEstas propuestas qu\u00e9 buscan?<\/strong><\/p>\n<p>No son soluciones nuevas. Vivimos en un mundo al rev\u00e9s. Los derechos b\u00e1sicos se han convertido en un privilegio para la mayor\u00eda de las personas. Hay una gran abundancia de comida, de servicios, de transportes, de viviendas&#8230;en general de todo. Pero esa abundancia, sirve para mercantilizar esos mismos derechos. Vemos como cada dia, los supermercados tiran a la basura toneladas de alimentos y como un buen n\u00famero de personas se ve obligada a recoger esos alimentos de la basura para poder subsistir. La FAO s\u00f3lo lanza una propuesta, que en Occidente quiz\u00e1s no se entiende bien por cuestiones culturales. M\u00e1s de dos mil millones de personas comen habitualmente insectos en Asia, \u00c1frica o Am\u00e9rica Central, por lo que tampoco pasaria nada por consumirlos. Pero creo que el debate propuesto por la FAO no es \u00e9ste. El debate que se debe iniciar es c\u00f3mo repartir mejor la abundancia de alimentos. Hay comida suficiente, pero est\u00e1 en manos de multinacionales, que anteponen sus intereses econ\u00f3micos a las necesidades de las personas. As\u00ed, sin dinero no hay acceso a la comida. Es una especulaci\u00f3n que provoca hambre y que s\u00f3lo puede acabar si las pol\u00edticas agr\u00edcolas y alimentarias son justas y democr\u00e1ticas.<\/p>\n<p><strong>Otra especulaci\u00f3n financiera que ha provocado desigualdades en nuestro entorno, han sido las preferentes. La Justicia ya ha admitido querellas por esta cuesti\u00f3n, \u00bfSe solucionar\u00e1 algo? \u00bfSe recuperar\u00e1n los ahorros?<\/strong><\/p>\n<p>El discurso oficial sobre las preferentes es un discurso c\u00f3mplice de esa estafa. Los poderes econ\u00f3micos, con el apoyo de la mayor parte de la clase pol\u00edtica, quieren salvar sus privilegios pasando la factura de la crisis a la mayor\u00eda de la poblaci\u00f3n. Bancos y constructoras participan de un negocio que s\u00f3lo ha servido para endeudar familias y tenerlas sometidas econ\u00f3micamente. La impunidad con la que se mueven es total. Los bancos son rescatados a cambio de dejar a personas sin casa e hipotecadas de por vida. Esta crisis ha resultado ser un gran negocio para ellos. Se ha multiplicado el n\u00famero de pobres y ha aumentado el de millonarios. Este sistema permite eso, y que se eche a gente de sus casas mientras hay miles de viviendas vac\u00edas. Se abandonan y se intentan olvidar a las personas estafadas por las preferentes y el dinero de la \u201ctroika\u201d va directo a la banca. As\u00ed s\u00f3lo se genera m\u00e1s injusticia y m\u00e1s desigualdad.<\/p>\n<p><strong>El conseller de Interior de la Generalitat, Ramon Espadaler, ha pedido perd\u00f3n a las v\u00edctimas de las pelotas de goma disparadas por los antidisturbios de los Mossos d&#8217;Esquadra, pero tambi\u00e9n ha dicho que se seguir\u00e1n usando. \u00bfEst\u00e1 sirviendo la actuaci\u00f3n policial para debilitar la protesta ciudadana?<\/strong><\/p>\n<p>Las instituciones est\u00e1n cada vez m\u00e1s cuestionadas. La gente ve de forma clara, y cada d\u00eda, el v\u00ednculo que hay entre crisis y estafa. Y a partir de aqu\u00ed, se produce un enfrentamiento entre la legalidad, que defiende el sistema, y la legitimidad de las protestas. La crimininalizaci\u00f3n de las protestas no sirve. No tiene efectos. Como ejemplo, podemos hablar que m\u00e1s de un 70% de la poblaci\u00f3n muestra su apoyo a acciones como los escraches. Pero la otra cara de la pol\u00edtica de los recortes, es la pol\u00edtica de la porra. Gobierno y Generalitat aumentan el gasto en las partidas presupuestarias dedicadas a cuestiones de seguridad ciudadana, mientras recortan en otras que afectan directamente a los derechos b\u00e1sicos. La represi\u00f3n es un arma recurrente para mantener el orden social que mantenga su sistema. Quieren imponer el miedo, pero la gente no se calla. La violencia institucional es hoy una estrategia del poder para crimininalizar a los que luchan.<\/p>\n<p><strong>Ha aumentado el n\u00famero de detenidos en manifestaciones o concentraciones. Adem\u00e1s, las peticiones de pena para estos detenidos por parte de la Fiscalia se han incrementado. \u00bfQu\u00e9 te parece que buscan los poderes p\u00fablicos con este endurecimiento penal?<\/strong><\/p>\n<p>Simplemente aplicar con cada vez m\u00e1s fuerza una pol\u00edtica basada en el miedo. Se pide m\u00e1s pena en casos que antes se liquidaban como simples juicios de faltas. Es una estrategia t\u00edpica del poder en \u00e9pocas de conflictividad social. Se busca aislar a los que protestan de forma leg\u00edtima, criminalizando esa lucha y usando un discurso de seguridad ciudadana que oculta la violencia que el sistema ejerce sobre los cr\u00edticos y que les sirva adem\u00e1s de marketing electoral. El poder, como se ha visto en Catalunya con el gobierno de CiU, quiere que se tenga miedo a la hora de manifestarse, que uno piense que le pueden detener, multar o resultar herido. Aunque creo que cada vez les resulta m\u00e1s dif\u00edcil hacer esto por el amplio apoyo que la protesta y la cr\u00edtica tienen en la opini\u00f3n p\u00fablica. Es preocupante comprobar que cu\u00e1nto menos estado social y del bienestar tenemos, el estado punitivo y penal crece. Es una muestra de la debilidad de los gobiernos y me preocupa que ahora sea habitual ver como mucha gente que lucha por un sistema m\u00e1s justo y democr\u00e1tico esten imputadas o hayan sufrido lesiones por la represi\u00f3n policial.<\/p>\n<p><strong>\u00bfHacia d\u00f3nde conduce esta protesta iniciada con la eclosi\u00f3n del 15M?<\/strong><\/p>\n<p>El futuro no est\u00e1 escrito. No s\u00e9 a d\u00f3nde nos llevar\u00e1, pero de momento ha servido para que el sistema quede totalmente deslegitimado para dar lecciones de democracia. El mayor logro del 15M, de todo el movimiento indignado ha sido el de cambiar la percepci\u00f3n del mundo impuesta por los gobiernos, la banca o instituciones, como el FMI. Como dec\u00eda antes, la represi\u00f3n y la violencia de Estado es un s\u00edntoma claro del temor de los de arriba. Comienzan a tener miedo, pero los cimientos de su poder son fuertes.\u00a0 Hay que tener claro que lemas como el \u201cse vayan todos\u201d en Argentina, no sirven porqu\u00e9 volvieron los mismos de siempre, con la familia Kirchner al completo. O ahora en Islandia, hemos visto c\u00f3mo despu\u00e9s de una revuelta social y de una nueva constituci\u00f3n ciudadana, vuelve la derecha al poder. Si no somos capaces de construir, entre todos, un nuevo instrumento pol\u00edtico y social desde abajo seguiremos siendo mercanc\u00eda en manos de pol\u00edticos y banqueros. Pero ser\u00eda un gran error crear un partido pol\u00edtico sobre las bases del 15M,\u00a0 pienso que en este movimiento se debe mantener la independencia y la pluralidad.<\/p>\n<p><strong>A muchos analistas internacionales les sorprende que con unos datos econ\u00f3micos tan malos y con m\u00e1s de 6 millones de personas en paro, no haya una protesta m\u00e1s masiva.<\/strong><\/p>\n<p>Por un lado la situaci\u00f3n genera des\u00e1nimo en mucha gente, sobre todo entre los m\u00e1s j\u00f3venes, o en gente que cree que, por su edad, ya no volver\u00e1 a encontrar trabajo. Pero por otro lado, esta misma situaci\u00f3n impulsa a la lucha a mucha gente. Sin trabajo, sin casa y sin miedo. Creo que vivimos en un momento de cambio, y como se ha visto, por ejemplo, con la Primavera \u00c1rabe, de la protesta ciudadana al cambio de r\u00e9gimen hay un paso. Las ganas de justicia y democracia est\u00e1n creciendo en todo el mundo, la sociedad est\u00e1 cansada de estar sometida a los intereses de unos pocos.<\/p>","protected":false},"excerpt":{"rendered":"<p>Esther Vivas (Sabadell, 1975) es periodista, soci\u00f3loga e investigadora en pol\u00edticas alimentarias y agr\u00edcolas, adem\u00e1s de todo esto es activista social y forma parte del Centro de Estudios sobre Movimientos Sociales (CEMS) en la Universidad Pompeu Fabra de Barcelona. Vinculada a diversas plataformas sociales desde los a\u00f1os 90, colabora \u00faltimamente [&hellip;]<\/p>\n","protected":false},"author":3,"featured_media":0,"comment_status":"open","ping_status":"open","sticky":false,"template":"","format":"standard","meta":{"footnotes":""},"categories":[3,59],"tags":[],"class_list":["post-3501","post","type-post","status-publish","format-standard","hentry","category-actualidad","category-catalunya"],"yoast_head":"<!-- This site is optimized with the Yoast SEO plugin v27.5 - https:\/\/yoast.com\/product\/yoast-seo-wordpress\/ -->\n<title>Esther Vivas: &quot;La otra cara de la pol\u00edtica de los recortes es la pol\u00edtica de la porra&quot; - Revista Rambla<\/title>\n<meta name=\"robots\" content=\"index, follow, max-snippet:-1, max-image-preview:large, max-video-preview:-1\" \/>\n<link rel=\"canonical\" href=\"https:\/\/www.revistarambla.com\/en\/esther-vivas-la-otra-cara-de-la-politica-de-los-recortes-es-la-politica-de-la-porra\/\" \/>\n<meta property=\"og:locale\" content=\"en_GB\" \/>\n<meta property=\"og:type\" content=\"article\" \/>\n<meta property=\"og:title\" content=\"Esther Vivas: &quot;La otra cara de la pol\u00edtica de los recortes es la pol\u00edtica de la porra&quot; - Revista Rambla\" \/>\n<meta property=\"og:description\" content=\"Esther Vivas (Sabadell, 1975) es periodista, soci\u00f3loga e investigadora en pol\u00edticas alimentarias y agr\u00edcolas, adem\u00e1s de todo esto es activista social y forma parte del Centro de Estudios sobre Movimientos Sociales (CEMS) en la Universidad Pompeu Fabra de Barcelona. Vinculada a diversas plataformas sociales desde los a\u00f1os 90, colabora \u00faltimamente [&hellip;]\" \/>\n<meta property=\"og:url\" content=\"https:\/\/www.revistarambla.com\/en\/esther-vivas-la-otra-cara-de-la-politica-de-los-recortes-es-la-politica-de-la-porra\/\" \/>\n<meta property=\"og:site_name\" content=\"Revista Rambla\" \/>\n<meta property=\"article:publisher\" content=\"https:\/\/www.facebook.com\/revistarambla\/\" \/>\n<meta property=\"article:author\" content=\"https:\/\/www.facebook.com\/revistarambla\" \/>\n<meta property=\"article:published_time\" content=\"2013-06-07T08:50:12+00:00\" \/>\n<meta property=\"article:modified_time\" content=\"2021-12-19T15:59:07+00:00\" \/>\n<meta property=\"og:image\" content=\"https:\/\/www.revistarambla.com\/wp-content\/uploads\/2013\/06\/esther_vivas_02.jpg\" \/>\n\t<meta property=\"og:image:width\" content=\"682\" \/>\n\t<meta property=\"og:image:height\" content=\"390\" \/>\n\t<meta property=\"og:image:type\" content=\"image\/jpeg\" \/>\n<meta name=\"author\" content=\"R@mbla\" \/>\n<meta name=\"twitter:card\" content=\"summary_large_image\" \/>\n<meta name=\"twitter:creator\" content=\"@revistarambla\" \/>\n<meta name=\"twitter:site\" content=\"@revistarambla\" \/>\n<meta name=\"twitter:label1\" content=\"Written by\" \/>\n\t<meta name=\"twitter:data1\" content=\"R@mbla\" \/>\n\t<meta name=\"twitter:label2\" content=\"Estimated reading time\" \/>\n\t<meta name=\"twitter:data2\" content=\"7 minutes\" \/>\n<script type=\"application\/ld+json\" class=\"yoast-schema-graph\">{\"@context\":\"https:\\\/\\\/schema.org\",\"@graph\":[{\"@type\":\"Article\",\"@id\":\"https:\\\/\\\/www.revistarambla.com\\\/esther-vivas-la-otra-cara-de-la-politica-de-los-recortes-es-la-politica-de-la-porra\\\/#article\",\"isPartOf\":{\"@id\":\"https:\\\/\\\/www.revistarambla.com\\\/esther-vivas-la-otra-cara-de-la-politica-de-los-recortes-es-la-politica-de-la-porra\\\/\"},\"author\":{\"name\":\"R@mbla\",\"@id\":\"https:\\\/\\\/www.revistarambla.com\\\/#\\\/schema\\\/person\\\/a146a5a2550b94981a75131180e1bd9c\"},\"headline\":\"Esther Vivas: \u00abLa otra cara de la pol\u00edtica de los recortes es la pol\u00edtica de la porra\u00bb\",\"datePublished\":\"2013-06-07T08:50:12+00:00\",\"dateModified\":\"2021-12-19T15:59:07+00:00\",\"mainEntityOfPage\":{\"@id\":\"https:\\\/\\\/www.revistarambla.com\\\/esther-vivas-la-otra-cara-de-la-politica-de-los-recortes-es-la-politica-de-la-porra\\\/\"},\"wordCount\":1404,\"commentCount\":0,\"publisher\":{\"@id\":\"https:\\\/\\\/www.revistarambla.com\\\/#organization\"},\"image\":{\"@id\":\"https:\\\/\\\/www.revistarambla.com\\\/esther-vivas-la-otra-cara-de-la-politica-de-los-recortes-es-la-politica-de-la-porra\\\/#primaryimage\"},\"thumbnailUrl\":\"https:\\\/\\\/www.revistarambla.com\\\/wp-content\\\/uploads\\\/2013\\\/06\\\/esther_vivas_01.jpg\",\"articleSection\":[\"Actualidad\",\"Catalunya\"],\"inLanguage\":\"en-GB\",\"potentialAction\":[{\"@type\":\"CommentAction\",\"name\":\"Comment\",\"target\":[\"https:\\\/\\\/www.revistarambla.com\\\/esther-vivas-la-otra-cara-de-la-politica-de-los-recortes-es-la-politica-de-la-porra\\\/#respond\"]}]},{\"@type\":\"WebPage\",\"@id\":\"https:\\\/\\\/www.revistarambla.com\\\/esther-vivas-la-otra-cara-de-la-politica-de-los-recortes-es-la-politica-de-la-porra\\\/\",\"url\":\"https:\\\/\\\/www.revistarambla.com\\\/esther-vivas-la-otra-cara-de-la-politica-de-los-recortes-es-la-politica-de-la-porra\\\/\",\"name\":\"Esther Vivas: \\\"La otra cara de la pol\u00edtica de los recortes es la pol\u00edtica de la porra\\\" - Revista Rambla\",\"isPartOf\":{\"@id\":\"https:\\\/\\\/www.revistarambla.com\\\/#website\"},\"primaryImageOfPage\":{\"@id\":\"https:\\\/\\\/www.revistarambla.com\\\/esther-vivas-la-otra-cara-de-la-politica-de-los-recortes-es-la-politica-de-la-porra\\\/#primaryimage\"},\"image\":{\"@id\":\"https:\\\/\\\/www.revistarambla.com\\\/esther-vivas-la-otra-cara-de-la-politica-de-los-recortes-es-la-politica-de-la-porra\\\/#primaryimage\"},\"thumbnailUrl\":\"https:\\\/\\\/www.revistarambla.com\\\/wp-content\\\/uploads\\\/2013\\\/06\\\/esther_vivas_01.jpg\",\"datePublished\":\"2013-06-07T08:50:12+00:00\",\"dateModified\":\"2021-12-19T15:59:07+00:00\",\"breadcrumb\":{\"@id\":\"https:\\\/\\\/www.revistarambla.com\\\/esther-vivas-la-otra-cara-de-la-politica-de-los-recortes-es-la-politica-de-la-porra\\\/#breadcrumb\"},\"inLanguage\":\"en-GB\",\"potentialAction\":[{\"@type\":\"ReadAction\",\"target\":[\"https:\\\/\\\/www.revistarambla.com\\\/esther-vivas-la-otra-cara-de-la-politica-de-los-recortes-es-la-politica-de-la-porra\\\/\"]}]},{\"@type\":\"ImageObject\",\"inLanguage\":\"en-GB\",\"@id\":\"https:\\\/\\\/www.revistarambla.com\\\/esther-vivas-la-otra-cara-de-la-politica-de-los-recortes-es-la-politica-de-la-porra\\\/#primaryimage\",\"url\":\"https:\\\/\\\/www.revistarambla.com\\\/wp-content\\\/uploads\\\/2013\\\/06\\\/esther_vivas_01.jpg\",\"contentUrl\":\"https:\\\/\\\/www.revistarambla.com\\\/wp-content\\\/uploads\\\/2013\\\/06\\\/esther_vivas_01.jpg\"},{\"@type\":\"BreadcrumbList\",\"@id\":\"https:\\\/\\\/www.revistarambla.com\\\/esther-vivas-la-otra-cara-de-la-politica-de-los-recortes-es-la-politica-de-la-porra\\\/#breadcrumb\",\"itemListElement\":[{\"@type\":\"ListItem\",\"position\":1,\"name\":\"Portada\",\"item\":\"https:\\\/\\\/www.revistarambla.com\\\/\"},{\"@type\":\"ListItem\",\"position\":2,\"name\":\"Esther Vivas: \u00abLa otra cara de la pol\u00edtica de los recortes es la pol\u00edtica de la porra\u00bb\"}]},{\"@type\":\"WebSite\",\"@id\":\"https:\\\/\\\/www.revistarambla.com\\\/#website\",\"url\":\"https:\\\/\\\/www.revistarambla.com\\\/\",\"name\":\"Revista Rambla Barcelona\",\"description\":\"Periodismo independiente\",\"publisher\":{\"@id\":\"https:\\\/\\\/www.revistarambla.com\\\/#organization\"},\"potentialAction\":[{\"@type\":\"SearchAction\",\"target\":{\"@type\":\"EntryPoint\",\"urlTemplate\":\"https:\\\/\\\/www.revistarambla.com\\\/?s={search_term_string}\"},\"query-input\":{\"@type\":\"PropertyValueSpecification\",\"valueRequired\":true,\"valueName\":\"search_term_string\"}}],\"inLanguage\":\"en-GB\"},{\"@type\":\"Organization\",\"@id\":\"https:\\\/\\\/www.revistarambla.com\\\/#organization\",\"name\":\"Revista Rambla\",\"url\":\"https:\\\/\\\/www.revistarambla.com\\\/\",\"logo\":{\"@type\":\"ImageObject\",\"inLanguage\":\"en-GB\",\"@id\":\"https:\\\/\\\/www.revistarambla.com\\\/#\\\/schema\\\/logo\\\/image\\\/\",\"url\":\"https:\\\/\\\/www.revistarambla.com\\\/wp-content\\\/uploads\\\/2020\\\/09\\\/banner_rambla_1900x600_BB.png\",\"contentUrl\":\"https:\\\/\\\/www.revistarambla.com\\\/wp-content\\\/uploads\\\/2020\\\/09\\\/banner_rambla_1900x600_BB.png\",\"width\":1900,\"height\":600,\"caption\":\"Revista Rambla\"},\"image\":{\"@id\":\"https:\\\/\\\/www.revistarambla.com\\\/#\\\/schema\\\/logo\\\/image\\\/\"},\"sameAs\":[\"https:\\\/\\\/www.facebook.com\\\/revistarambla\\\/\",\"https:\\\/\\\/x.com\\\/revistarambla\",\"https:\\\/\\\/www.instagram.com\\\/revista_rambla\",\"https:\\\/\\\/es.linkedin.com\\\/company\\\/revista-rambla\"]},{\"@type\":\"Person\",\"@id\":\"https:\\\/\\\/www.revistarambla.com\\\/#\\\/schema\\\/person\\\/a146a5a2550b94981a75131180e1bd9c\",\"name\":\"R@mbla\",\"description\":\"Este art\u00edculo ha sido redactado y\\\/o validado por el equipo de redacci\u00f3n de Revista Rambla.\",\"sameAs\":[\"https:\\\/\\\/www.revistarambla.com\\\/\",\"https:\\\/\\\/www.facebook.com\\\/revistarambla\",\"https:\\\/\\\/x.com\\\/revistarambla\"]}]}<\/script>\n<!-- \/ Yoast SEO plugin. -->","yoast_head_json":{"title":"Esther Vivas: \"La otra cara de la pol\u00edtica de los recortes es la pol\u00edtica de la porra\" - Revista Rambla","robots":{"index":"index","follow":"follow","max-snippet":"max-snippet:-1","max-image-preview":"max-image-preview:large","max-video-preview":"max-video-preview:-1"},"canonical":"https:\/\/www.revistarambla.com\/en\/esther-vivas-la-otra-cara-de-la-politica-de-los-recortes-es-la-politica-de-la-porra\/","og_locale":"en_GB","og_type":"article","og_title":"Esther Vivas: \"La otra cara de la pol\u00edtica de los recortes es la pol\u00edtica de la porra\" - Revista Rambla","og_description":"Esther Vivas (Sabadell, 1975) es periodista, soci\u00f3loga e investigadora en pol\u00edticas alimentarias y agr\u00edcolas, adem\u00e1s de todo esto es activista social y forma parte del Centro de Estudios sobre Movimientos Sociales (CEMS) en la Universidad Pompeu Fabra de Barcelona. Vinculada a diversas plataformas sociales desde los a\u00f1os 90, colabora \u00faltimamente [&hellip;]","og_url":"https:\/\/www.revistarambla.com\/en\/esther-vivas-la-otra-cara-de-la-politica-de-los-recortes-es-la-politica-de-la-porra\/","og_site_name":"Revista Rambla","article_publisher":"https:\/\/www.facebook.com\/revistarambla\/","article_author":"https:\/\/www.facebook.com\/revistarambla","article_published_time":"2013-06-07T08:50:12+00:00","article_modified_time":"2021-12-19T15:59:07+00:00","og_image":[{"width":682,"height":390,"url":"https:\/\/www.revistarambla.com\/wp-content\/uploads\/2013\/06\/esther_vivas_02.jpg","type":"image\/jpeg"}],"author":"R@mbla","twitter_card":"summary_large_image","twitter_creator":"@revistarambla","twitter_site":"@revistarambla","twitter_misc":{"Written by":"R@mbla","Estimated reading time":"7 minutes"},"schema":{"@context":"https:\/\/schema.org","@graph":[{"@type":"Article","@id":"https:\/\/www.revistarambla.com\/esther-vivas-la-otra-cara-de-la-politica-de-los-recortes-es-la-politica-de-la-porra\/#article","isPartOf":{"@id":"https:\/\/www.revistarambla.com\/esther-vivas-la-otra-cara-de-la-politica-de-los-recortes-es-la-politica-de-la-porra\/"},"author":{"name":"R@mbla","@id":"https:\/\/www.revistarambla.com\/#\/schema\/person\/a146a5a2550b94981a75131180e1bd9c"},"headline":"Esther Vivas: \u00abLa otra cara de la pol\u00edtica de los recortes es la pol\u00edtica de la porra\u00bb","datePublished":"2013-06-07T08:50:12+00:00","dateModified":"2021-12-19T15:59:07+00:00","mainEntityOfPage":{"@id":"https:\/\/www.revistarambla.com\/esther-vivas-la-otra-cara-de-la-politica-de-los-recortes-es-la-politica-de-la-porra\/"},"wordCount":1404,"commentCount":0,"publisher":{"@id":"https:\/\/www.revistarambla.com\/#organization"},"image":{"@id":"https:\/\/www.revistarambla.com\/esther-vivas-la-otra-cara-de-la-politica-de-los-recortes-es-la-politica-de-la-porra\/#primaryimage"},"thumbnailUrl":"https:\/\/www.revistarambla.com\/wp-content\/uploads\/2013\/06\/esther_vivas_01.jpg","articleSection":["Actualidad","Catalunya"],"inLanguage":"en-GB","potentialAction":[{"@type":"CommentAction","name":"Comment","target":["https:\/\/www.revistarambla.com\/esther-vivas-la-otra-cara-de-la-politica-de-los-recortes-es-la-politica-de-la-porra\/#respond"]}]},{"@type":"WebPage","@id":"https:\/\/www.revistarambla.com\/esther-vivas-la-otra-cara-de-la-politica-de-los-recortes-es-la-politica-de-la-porra\/","url":"https:\/\/www.revistarambla.com\/esther-vivas-la-otra-cara-de-la-politica-de-los-recortes-es-la-politica-de-la-porra\/","name":"Esther Vivas: \"La otra cara de la pol\u00edtica de los recortes es la pol\u00edtica de la porra\" - Revista Rambla","isPartOf":{"@id":"https:\/\/www.revistarambla.com\/#website"},"primaryImageOfPage":{"@id":"https:\/\/www.revistarambla.com\/esther-vivas-la-otra-cara-de-la-politica-de-los-recortes-es-la-politica-de-la-porra\/#primaryimage"},"image":{"@id":"https:\/\/www.revistarambla.com\/esther-vivas-la-otra-cara-de-la-politica-de-los-recortes-es-la-politica-de-la-porra\/#primaryimage"},"thumbnailUrl":"https:\/\/www.revistarambla.com\/wp-content\/uploads\/2013\/06\/esther_vivas_01.jpg","datePublished":"2013-06-07T08:50:12+00:00","dateModified":"2021-12-19T15:59:07+00:00","breadcrumb":{"@id":"https:\/\/www.revistarambla.com\/esther-vivas-la-otra-cara-de-la-politica-de-los-recortes-es-la-politica-de-la-porra\/#breadcrumb"},"inLanguage":"en-GB","potentialAction":[{"@type":"ReadAction","target":["https:\/\/www.revistarambla.com\/esther-vivas-la-otra-cara-de-la-politica-de-los-recortes-es-la-politica-de-la-porra\/"]}]},{"@type":"ImageObject","inLanguage":"en-GB","@id":"https:\/\/www.revistarambla.com\/esther-vivas-la-otra-cara-de-la-politica-de-los-recortes-es-la-politica-de-la-porra\/#primaryimage","url":"https:\/\/www.revistarambla.com\/wp-content\/uploads\/2013\/06\/esther_vivas_01.jpg","contentUrl":"https:\/\/www.revistarambla.com\/wp-content\/uploads\/2013\/06\/esther_vivas_01.jpg"},{"@type":"BreadcrumbList","@id":"https:\/\/www.revistarambla.com\/esther-vivas-la-otra-cara-de-la-politica-de-los-recortes-es-la-politica-de-la-porra\/#breadcrumb","itemListElement":[{"@type":"ListItem","position":1,"name":"Portada","item":"https:\/\/www.revistarambla.com\/"},{"@type":"ListItem","position":2,"name":"Esther Vivas: \u00abLa otra cara de la pol\u00edtica de los recortes es la pol\u00edtica de la porra\u00bb"}]},{"@type":"WebSite","@id":"https:\/\/www.revistarambla.com\/#website","url":"https:\/\/www.revistarambla.com\/","name":"Revista Rambla Barcelona","description":"Periodismo independiente","publisher":{"@id":"https:\/\/www.revistarambla.com\/#organization"},"potentialAction":[{"@type":"SearchAction","target":{"@type":"EntryPoint","urlTemplate":"https:\/\/www.revistarambla.com\/?s={search_term_string}"},"query-input":{"@type":"PropertyValueSpecification","valueRequired":true,"valueName":"search_term_string"}}],"inLanguage":"en-GB"},{"@type":"Organization","@id":"https:\/\/www.revistarambla.com\/#organization","name":"Revista Rambla","url":"https:\/\/www.revistarambla.com\/","logo":{"@type":"ImageObject","inLanguage":"en-GB","@id":"https:\/\/www.revistarambla.com\/#\/schema\/logo\/image\/","url":"https:\/\/www.revistarambla.com\/wp-content\/uploads\/2020\/09\/banner_rambla_1900x600_BB.png","contentUrl":"https:\/\/www.revistarambla.com\/wp-content\/uploads\/2020\/09\/banner_rambla_1900x600_BB.png","width":1900,"height":600,"caption":"Revista Rambla"},"image":{"@id":"https:\/\/www.revistarambla.com\/#\/schema\/logo\/image\/"},"sameAs":["https:\/\/www.facebook.com\/revistarambla\/","https:\/\/x.com\/revistarambla","https:\/\/www.instagram.com\/revista_rambla","https:\/\/es.linkedin.com\/company\/revista-rambla"]},{"@type":"Person","@id":"https:\/\/www.revistarambla.com\/#\/schema\/person\/a146a5a2550b94981a75131180e1bd9c","name":"R@mbla","description":"Este art\u00edculo ha sido redactado y\/o validado por el equipo de redacci\u00f3n de Revista Rambla.","sameAs":["https:\/\/www.revistarambla.com\/","https:\/\/www.facebook.com\/revistarambla","https:\/\/x.com\/revistarambla"]}]}},"_links":{"self":[{"href":"https:\/\/www.revistarambla.com\/en\/wp-json\/wp\/v2\/posts\/3501","targetHints":{"allow":["GET"]}}],"collection":[{"href":"https:\/\/www.revistarambla.com\/en\/wp-json\/wp\/v2\/posts"}],"about":[{"href":"https:\/\/www.revistarambla.com\/en\/wp-json\/wp\/v2\/types\/post"}],"author":[{"embeddable":true,"href":"https:\/\/www.revistarambla.com\/en\/wp-json\/wp\/v2\/users\/3"}],"replies":[{"embeddable":true,"href":"https:\/\/www.revistarambla.com\/en\/wp-json\/wp\/v2\/comments?post=3501"}],"version-history":[{"count":0,"href":"https:\/\/www.revistarambla.com\/en\/wp-json\/wp\/v2\/posts\/3501\/revisions"}],"wp:attachment":[{"href":"https:\/\/www.revistarambla.com\/en\/wp-json\/wp\/v2\/media?parent=3501"}],"wp:term":[{"taxonomy":"category","embeddable":true,"href":"https:\/\/www.revistarambla.com\/en\/wp-json\/wp\/v2\/categories?post=3501"},{"taxonomy":"post_tag","embeddable":true,"href":"https:\/\/www.revistarambla.com\/en\/wp-json\/wp\/v2\/tags?post=3501"}],"curies":[{"name":"wp","href":"https:\/\/api.w.org\/{rel}","templated":true}]}}