{"id":3493,"date":"2013-06-07T05:51:46","date_gmt":"2013-06-07T05:51:46","guid":{"rendered":"https:\/\/www.revistarambla.com\/quiren-retirar-un-monumento-a-las-brigadas-internacionales\/"},"modified":"2021-12-19T16:45:02","modified_gmt":"2021-12-19T15:45:02","slug":"quiren-retirar-un-monumento-a-las-brigadas-internacionales","status":"publish","type":"post","link":"https:\/\/www.revistarambla.com\/en\/quiren-retirar-un-monumento-a-las-brigadas-internacionales\/","title":{"rendered":"Quieren retirar un monumento a las Brigadas Internacionales"},"content":{"rendered":"<p><img decoding=\"async\" class=\"aligncenter\" src=\"https:\/\/www.revistarambla.com\/wp-content\/uploads\/2013\/06\/brigadas.jpg\" alt=\"alt\" width=\"682\" height=\"434\" \/><\/p>\n<p>El Foro de la Memoria y la Asociaci\u00f3n de Amigos de las Brigadas Internacionales nos han hecho llegar un comunicado de protesta ante la posible retirada del monumento a las Brigadas Internacionales en el Campus de la Universidad Complutense de Madrid, inaugurado el 22 de octubre de 2011. Por el contrario, en el distrito de Fuencarral de la capital, se quiere poner un ca\u00f1\u00f3n antia\u00e9reo que perteneci\u00f3 a la Legi\u00f3n C\u00f3ndor, fuerza voluntaria que combati\u00f3 al lado de los nazis.<\/p>\n<p><strong>COMUNICADO:<\/strong><\/p>\n<p>Ante las noticias aparecidas en la prensa sobre la decisi\u00f3n del TSJM de declarar nula de pleno derecho la instalaci\u00f3n (por carecer de licencia urban\u00edstica) del monumento a las Brigadas Internacionales situado en el campus de la Universidad Complutense de Madrid la Asociaci\u00f3n Foro por la Memoria manifiesta que:<\/p>\n<p>&#8211; Es inaceptable el constante desprop\u00f3sito que supone, no s\u00f3lo el mantenimiento de un callejero y la simbolog\u00eda de exaltaci\u00f3n fascista en Madrid, sino por la renovaci\u00f3n permanente de la misma, que es lo que supone la colocaci\u00f3n de un ca\u00f1\u00f3n antia\u00e9reo perteneciente a la Legi\u00f3n C\u00f3ndor, de las fuerzas nazis, en el distrito de Fuencarral.<\/p>\n<p>&#8211; La Ciudad Universitaria de Madrid fue escenario de la lucha contra la sublevaci\u00f3n ilegal apoyada por el fascismo internacional; en este lugar se luchaba por la libertad y la legalidad democr\u00e1tica; en este lugar, lucharon tambi\u00e9n los brigadistas internacionales. Una vez m\u00e1s exigimos a las administraciones p\u00fablicas la aplicaci\u00f3n y desarrollo de la ley de memoria con la consiguiente se\u00f1alizaci\u00f3n, conservaci\u00f3n y desarrollo de la labor pedag\u00f3gica que incluye el mantenimiento de este monumento.<\/p>\n<p>Preservar la memoria democr\u00e1tica, su simbolog\u00eda y sus valores pol\u00edticos, son de justicia para todos los ciudadanos y ciudadanas en un Estado de Derechos. Los gobiernos democr\u00e1ticos se han de caracterizar por realizar y desarrollar pol\u00edticas institucionales, sociales y educativas de historia democr\u00e1tica y no la dulcificaci\u00f3n de la dictadura y de sus responsables y mantenedores.<\/p>\n<p>Por la verdad, la justicia y la reparaci\u00f3n de las v\u00edctimas del franquismo y los defensores de la democracia en Espa\u00f1a.<\/p>\n<p><strong>Para firmar la petici\u00f3n:<\/strong><\/p>\n<p><a href=\"http:\/\/www.change.org\/es\/peticiones\/paremos-la-retirada-del-monumento-a-las-brigadas-internacionales-de-la-ucm?utm_campaign=twitter_link&amp;utm_medium=twitter&amp;utm_source=share_petition\">http:\/\/www.change.org\/es\/peticiones\/paremos-la-retirada-del-monumento-a-las-brigadas-internacionales-de-la-ucm?utm_campaign=twitter_link&amp;utm_medium=twitter&amp;utm_source=share_petition<\/a><\/p>","protected":false},"excerpt":{"rendered":"<p>El Foro de la Memoria y la Asociaci\u00f3n de Amigos de las Brigadas Internacionales nos han hecho llegar un comunicado de protesta ante la posible retirada del monumento a las Brigadas Internacionales en el Campus de la Universidad Complutense de Madrid, inaugurado el 22 de octubre de 2011. Por el [&hellip;]<\/p>\n","protected":false},"author":3,"featured_media":0,"comment_status":"open","ping_status":"open","sticky":false,"template":"","format":"standard","meta":{"footnotes":""},"categories":[3,58],"tags":[],"class_list":["post-3493","post","type-post","status-publish","format-standard","hentry","category-actualidad","category-estado-espanol"],"yoast_head":"<!-- This site is optimized with the Yoast SEO plugin v27.5 - https:\/\/yoast.com\/product\/yoast-seo-wordpress\/ -->\n<title>Quieren retirar un monumento a las Brigadas Internacionales - Revista Rambla<\/title>\n<meta name=\"robots\" content=\"index, follow, max-snippet:-1, max-image-preview:large, max-video-preview:-1\" \/>\n<link rel=\"canonical\" href=\"https:\/\/www.revistarambla.com\/en\/quiren-retirar-un-monumento-a-las-brigadas-internacionales\/\" \/>\n<meta property=\"og:locale\" content=\"en_GB\" \/>\n<meta property=\"og:type\" content=\"article\" \/>\n<meta property=\"og:title\" content=\"Quieren retirar un monumento a las Brigadas Internacionales - Revista Rambla\" \/>\n<meta property=\"og:description\" content=\"El Foro de la Memoria y la Asociaci\u00f3n de Amigos de las Brigadas Internacionales nos han hecho llegar un comunicado de protesta ante la posible retirada del monumento a las Brigadas Internacionales en el Campus de la Universidad Complutense de Madrid, inaugurado el 22 de octubre de 2011. Por el [&hellip;]\" \/>\n<meta property=\"og:url\" content=\"https:\/\/www.revistarambla.com\/en\/quiren-retirar-un-monumento-a-las-brigadas-internacionales\/\" \/>\n<meta property=\"og:site_name\" content=\"Revista Rambla\" \/>\n<meta property=\"article:publisher\" content=\"https:\/\/www.facebook.com\/revistarambla\/\" \/>\n<meta property=\"article:author\" content=\"https:\/\/www.facebook.com\/revistarambla\" \/>\n<meta property=\"article:published_time\" content=\"2013-06-07T05:51:46+00:00\" \/>\n<meta property=\"article:modified_time\" content=\"2021-12-19T15:45:02+00:00\" \/>\n<meta property=\"og:image\" content=\"https:\/\/www.revistarambla.com\/wp-content\/uploads\/2013\/06\/brigadas.jpg\" \/>\n\t<meta property=\"og:image:width\" content=\"682\" \/>\n\t<meta property=\"og:image:height\" content=\"434\" \/>\n\t<meta property=\"og:image:type\" content=\"image\/jpeg\" \/>\n<meta name=\"author\" content=\"R@mbla\" \/>\n<meta name=\"twitter:card\" content=\"summary_large_image\" \/>\n<meta name=\"twitter:creator\" content=\"@revistarambla\" \/>\n<meta name=\"twitter:site\" content=\"@revistarambla\" \/>\n<meta name=\"twitter:label1\" content=\"Written by\" \/>\n\t<meta name=\"twitter:data1\" content=\"R@mbla\" \/>\n\t<meta name=\"twitter:label2\" content=\"Estimated reading time\" \/>\n\t<meta name=\"twitter:data2\" content=\"2 minutes\" \/>\n<script type=\"application\/ld+json\" class=\"yoast-schema-graph\">{\"@context\":\"https:\\\/\\\/schema.org\",\"@graph\":[{\"@type\":\"Article\",\"@id\":\"https:\\\/\\\/www.revistarambla.com\\\/quiren-retirar-un-monumento-a-las-brigadas-internacionales\\\/#article\",\"isPartOf\":{\"@id\":\"https:\\\/\\\/www.revistarambla.com\\\/quiren-retirar-un-monumento-a-las-brigadas-internacionales\\\/\"},\"author\":{\"name\":\"R@mbla\",\"@id\":\"https:\\\/\\\/www.revistarambla.com\\\/#\\\/schema\\\/person\\\/a146a5a2550b94981a75131180e1bd9c\"},\"headline\":\"Quieren retirar un monumento a las Brigadas Internacionales\",\"datePublished\":\"2013-06-07T05:51:46+00:00\",\"dateModified\":\"2021-12-19T15:45:02+00:00\",\"mainEntityOfPage\":{\"@id\":\"https:\\\/\\\/www.revistarambla.com\\\/quiren-retirar-un-monumento-a-las-brigadas-internacionales\\\/\"},\"wordCount\":408,\"commentCount\":0,\"publisher\":{\"@id\":\"https:\\\/\\\/www.revistarambla.com\\\/#organization\"},\"image\":{\"@id\":\"https:\\\/\\\/www.revistarambla.com\\\/quiren-retirar-un-monumento-a-las-brigadas-internacionales\\\/#primaryimage\"},\"thumbnailUrl\":\"https:\\\/\\\/www.revistarambla.com\\\/wp-content\\\/uploads\\\/2013\\\/06\\\/brigadas.jpg\",\"articleSection\":[\"Actualidad\",\"Estado Espa\u00f1ol\"],\"inLanguage\":\"en-GB\",\"potentialAction\":[{\"@type\":\"CommentAction\",\"name\":\"Comment\",\"target\":[\"https:\\\/\\\/www.revistarambla.com\\\/quiren-retirar-un-monumento-a-las-brigadas-internacionales\\\/#respond\"]}]},{\"@type\":\"WebPage\",\"@id\":\"https:\\\/\\\/www.revistarambla.com\\\/quiren-retirar-un-monumento-a-las-brigadas-internacionales\\\/\",\"url\":\"https:\\\/\\\/www.revistarambla.com\\\/quiren-retirar-un-monumento-a-las-brigadas-internacionales\\\/\",\"name\":\"Quieren retirar un monumento a las Brigadas Internacionales - Revista Rambla\",\"isPartOf\":{\"@id\":\"https:\\\/\\\/www.revistarambla.com\\\/#website\"},\"primaryImageOfPage\":{\"@id\":\"https:\\\/\\\/www.revistarambla.com\\\/quiren-retirar-un-monumento-a-las-brigadas-internacionales\\\/#primaryimage\"},\"image\":{\"@id\":\"https:\\\/\\\/www.revistarambla.com\\\/quiren-retirar-un-monumento-a-las-brigadas-internacionales\\\/#primaryimage\"},\"thumbnailUrl\":\"https:\\\/\\\/www.revistarambla.com\\\/wp-content\\\/uploads\\\/2013\\\/06\\\/brigadas.jpg\",\"datePublished\":\"2013-06-07T05:51:46+00:00\",\"dateModified\":\"2021-12-19T15:45:02+00:00\",\"breadcrumb\":{\"@id\":\"https:\\\/\\\/www.revistarambla.com\\\/quiren-retirar-un-monumento-a-las-brigadas-internacionales\\\/#breadcrumb\"},\"inLanguage\":\"en-GB\",\"potentialAction\":[{\"@type\":\"ReadAction\",\"target\":[\"https:\\\/\\\/www.revistarambla.com\\\/quiren-retirar-un-monumento-a-las-brigadas-internacionales\\\/\"]}]},{\"@type\":\"ImageObject\",\"inLanguage\":\"en-GB\",\"@id\":\"https:\\\/\\\/www.revistarambla.com\\\/quiren-retirar-un-monumento-a-las-brigadas-internacionales\\\/#primaryimage\",\"url\":\"https:\\\/\\\/www.revistarambla.com\\\/wp-content\\\/uploads\\\/2013\\\/06\\\/brigadas.jpg\",\"contentUrl\":\"https:\\\/\\\/www.revistarambla.com\\\/wp-content\\\/uploads\\\/2013\\\/06\\\/brigadas.jpg\"},{\"@type\":\"BreadcrumbList\",\"@id\":\"https:\\\/\\\/www.revistarambla.com\\\/quiren-retirar-un-monumento-a-las-brigadas-internacionales\\\/#breadcrumb\",\"itemListElement\":[{\"@type\":\"ListItem\",\"position\":1,\"name\":\"Portada\",\"item\":\"https:\\\/\\\/www.revistarambla.com\\\/\"},{\"@type\":\"ListItem\",\"position\":2,\"name\":\"Quieren retirar un monumento a las Brigadas Internacionales\"}]},{\"@type\":\"WebSite\",\"@id\":\"https:\\\/\\\/www.revistarambla.com\\\/#website\",\"url\":\"https:\\\/\\\/www.revistarambla.com\\\/\",\"name\":\"Revista Rambla Barcelona\",\"description\":\"Periodismo independiente\",\"publisher\":{\"@id\":\"https:\\\/\\\/www.revistarambla.com\\\/#organization\"},\"potentialAction\":[{\"@type\":\"SearchAction\",\"target\":{\"@type\":\"EntryPoint\",\"urlTemplate\":\"https:\\\/\\\/www.revistarambla.com\\\/?s={search_term_string}\"},\"query-input\":{\"@type\":\"PropertyValueSpecification\",\"valueRequired\":true,\"valueName\":\"search_term_string\"}}],\"inLanguage\":\"en-GB\"},{\"@type\":\"Organization\",\"@id\":\"https:\\\/\\\/www.revistarambla.com\\\/#organization\",\"name\":\"Revista Rambla\",\"url\":\"https:\\\/\\\/www.revistarambla.com\\\/\",\"logo\":{\"@type\":\"ImageObject\",\"inLanguage\":\"en-GB\",\"@id\":\"https:\\\/\\\/www.revistarambla.com\\\/#\\\/schema\\\/logo\\\/image\\\/\",\"url\":\"https:\\\/\\\/www.revistarambla.com\\\/wp-content\\\/uploads\\\/2020\\\/09\\\/banner_rambla_1900x600_BB.png\",\"contentUrl\":\"https:\\\/\\\/www.revistarambla.com\\\/wp-content\\\/uploads\\\/2020\\\/09\\\/banner_rambla_1900x600_BB.png\",\"width\":1900,\"height\":600,\"caption\":\"Revista Rambla\"},\"image\":{\"@id\":\"https:\\\/\\\/www.revistarambla.com\\\/#\\\/schema\\\/logo\\\/image\\\/\"},\"sameAs\":[\"https:\\\/\\\/www.facebook.com\\\/revistarambla\\\/\",\"https:\\\/\\\/x.com\\\/revistarambla\",\"https:\\\/\\\/www.instagram.com\\\/revista_rambla\",\"https:\\\/\\\/es.linkedin.com\\\/company\\\/revista-rambla\"]},{\"@type\":\"Person\",\"@id\":\"https:\\\/\\\/www.revistarambla.com\\\/#\\\/schema\\\/person\\\/a146a5a2550b94981a75131180e1bd9c\",\"name\":\"R@mbla\",\"description\":\"Este art\u00edculo ha sido redactado y\\\/o validado por el equipo de redacci\u00f3n de Revista Rambla.\",\"sameAs\":[\"https:\\\/\\\/www.revistarambla.com\\\/\",\"https:\\\/\\\/www.facebook.com\\\/revistarambla\",\"https:\\\/\\\/x.com\\\/revistarambla\"]}]}<\/script>\n<!-- \/ Yoast SEO plugin. -->","yoast_head_json":{"title":"Quieren retirar un monumento a las Brigadas Internacionales - Revista Rambla","robots":{"index":"index","follow":"follow","max-snippet":"max-snippet:-1","max-image-preview":"max-image-preview:large","max-video-preview":"max-video-preview:-1"},"canonical":"https:\/\/www.revistarambla.com\/en\/quiren-retirar-un-monumento-a-las-brigadas-internacionales\/","og_locale":"en_GB","og_type":"article","og_title":"Quieren retirar un monumento a las Brigadas Internacionales - Revista Rambla","og_description":"El Foro de la Memoria y la Asociaci\u00f3n de Amigos de las Brigadas Internacionales nos han hecho llegar un comunicado de protesta ante la posible retirada del monumento a las Brigadas Internacionales en el Campus de la Universidad Complutense de Madrid, inaugurado el 22 de octubre de 2011. Por el [&hellip;]","og_url":"https:\/\/www.revistarambla.com\/en\/quiren-retirar-un-monumento-a-las-brigadas-internacionales\/","og_site_name":"Revista Rambla","article_publisher":"https:\/\/www.facebook.com\/revistarambla\/","article_author":"https:\/\/www.facebook.com\/revistarambla","article_published_time":"2013-06-07T05:51:46+00:00","article_modified_time":"2021-12-19T15:45:02+00:00","og_image":[{"width":682,"height":434,"url":"https:\/\/www.revistarambla.com\/wp-content\/uploads\/2013\/06\/brigadas.jpg","type":"image\/jpeg"}],"author":"R@mbla","twitter_card":"summary_large_image","twitter_creator":"@revistarambla","twitter_site":"@revistarambla","twitter_misc":{"Written by":"R@mbla","Estimated reading time":"2 minutes"},"schema":{"@context":"https:\/\/schema.org","@graph":[{"@type":"Article","@id":"https:\/\/www.revistarambla.com\/quiren-retirar-un-monumento-a-las-brigadas-internacionales\/#article","isPartOf":{"@id":"https:\/\/www.revistarambla.com\/quiren-retirar-un-monumento-a-las-brigadas-internacionales\/"},"author":{"name":"R@mbla","@id":"https:\/\/www.revistarambla.com\/#\/schema\/person\/a146a5a2550b94981a75131180e1bd9c"},"headline":"Quieren retirar un monumento a las Brigadas Internacionales","datePublished":"2013-06-07T05:51:46+00:00","dateModified":"2021-12-19T15:45:02+00:00","mainEntityOfPage":{"@id":"https:\/\/www.revistarambla.com\/quiren-retirar-un-monumento-a-las-brigadas-internacionales\/"},"wordCount":408,"commentCount":0,"publisher":{"@id":"https:\/\/www.revistarambla.com\/#organization"},"image":{"@id":"https:\/\/www.revistarambla.com\/quiren-retirar-un-monumento-a-las-brigadas-internacionales\/#primaryimage"},"thumbnailUrl":"https:\/\/www.revistarambla.com\/wp-content\/uploads\/2013\/06\/brigadas.jpg","articleSection":["Actualidad","Estado Espa\u00f1ol"],"inLanguage":"en-GB","potentialAction":[{"@type":"CommentAction","name":"Comment","target":["https:\/\/www.revistarambla.com\/quiren-retirar-un-monumento-a-las-brigadas-internacionales\/#respond"]}]},{"@type":"WebPage","@id":"https:\/\/www.revistarambla.com\/quiren-retirar-un-monumento-a-las-brigadas-internacionales\/","url":"https:\/\/www.revistarambla.com\/quiren-retirar-un-monumento-a-las-brigadas-internacionales\/","name":"Quieren retirar un monumento a las Brigadas Internacionales - Revista Rambla","isPartOf":{"@id":"https:\/\/www.revistarambla.com\/#website"},"primaryImageOfPage":{"@id":"https:\/\/www.revistarambla.com\/quiren-retirar-un-monumento-a-las-brigadas-internacionales\/#primaryimage"},"image":{"@id":"https:\/\/www.revistarambla.com\/quiren-retirar-un-monumento-a-las-brigadas-internacionales\/#primaryimage"},"thumbnailUrl":"https:\/\/www.revistarambla.com\/wp-content\/uploads\/2013\/06\/brigadas.jpg","datePublished":"2013-06-07T05:51:46+00:00","dateModified":"2021-12-19T15:45:02+00:00","breadcrumb":{"@id":"https:\/\/www.revistarambla.com\/quiren-retirar-un-monumento-a-las-brigadas-internacionales\/#breadcrumb"},"inLanguage":"en-GB","potentialAction":[{"@type":"ReadAction","target":["https:\/\/www.revistarambla.com\/quiren-retirar-un-monumento-a-las-brigadas-internacionales\/"]}]},{"@type":"ImageObject","inLanguage":"en-GB","@id":"https:\/\/www.revistarambla.com\/quiren-retirar-un-monumento-a-las-brigadas-internacionales\/#primaryimage","url":"https:\/\/www.revistarambla.com\/wp-content\/uploads\/2013\/06\/brigadas.jpg","contentUrl":"https:\/\/www.revistarambla.com\/wp-content\/uploads\/2013\/06\/brigadas.jpg"},{"@type":"BreadcrumbList","@id":"https:\/\/www.revistarambla.com\/quiren-retirar-un-monumento-a-las-brigadas-internacionales\/#breadcrumb","itemListElement":[{"@type":"ListItem","position":1,"name":"Portada","item":"https:\/\/www.revistarambla.com\/"},{"@type":"ListItem","position":2,"name":"Quieren retirar un monumento a las Brigadas Internacionales"}]},{"@type":"WebSite","@id":"https:\/\/www.revistarambla.com\/#website","url":"https:\/\/www.revistarambla.com\/","name":"Revista Rambla Barcelona","description":"Periodismo independiente","publisher":{"@id":"https:\/\/www.revistarambla.com\/#organization"},"potentialAction":[{"@type":"SearchAction","target":{"@type":"EntryPoint","urlTemplate":"https:\/\/www.revistarambla.com\/?s={search_term_string}"},"query-input":{"@type":"PropertyValueSpecification","valueRequired":true,"valueName":"search_term_string"}}],"inLanguage":"en-GB"},{"@type":"Organization","@id":"https:\/\/www.revistarambla.com\/#organization","name":"Revista Rambla","url":"https:\/\/www.revistarambla.com\/","logo":{"@type":"ImageObject","inLanguage":"en-GB","@id":"https:\/\/www.revistarambla.com\/#\/schema\/logo\/image\/","url":"https:\/\/www.revistarambla.com\/wp-content\/uploads\/2020\/09\/banner_rambla_1900x600_BB.png","contentUrl":"https:\/\/www.revistarambla.com\/wp-content\/uploads\/2020\/09\/banner_rambla_1900x600_BB.png","width":1900,"height":600,"caption":"Revista Rambla"},"image":{"@id":"https:\/\/www.revistarambla.com\/#\/schema\/logo\/image\/"},"sameAs":["https:\/\/www.facebook.com\/revistarambla\/","https:\/\/x.com\/revistarambla","https:\/\/www.instagram.com\/revista_rambla","https:\/\/es.linkedin.com\/company\/revista-rambla"]},{"@type":"Person","@id":"https:\/\/www.revistarambla.com\/#\/schema\/person\/a146a5a2550b94981a75131180e1bd9c","name":"R@mbla","description":"Este art\u00edculo ha sido redactado y\/o validado por el equipo de redacci\u00f3n de Revista Rambla.","sameAs":["https:\/\/www.revistarambla.com\/","https:\/\/www.facebook.com\/revistarambla","https:\/\/x.com\/revistarambla"]}]}},"_links":{"self":[{"href":"https:\/\/www.revistarambla.com\/en\/wp-json\/wp\/v2\/posts\/3493","targetHints":{"allow":["GET"]}}],"collection":[{"href":"https:\/\/www.revistarambla.com\/en\/wp-json\/wp\/v2\/posts"}],"about":[{"href":"https:\/\/www.revistarambla.com\/en\/wp-json\/wp\/v2\/types\/post"}],"author":[{"embeddable":true,"href":"https:\/\/www.revistarambla.com\/en\/wp-json\/wp\/v2\/users\/3"}],"replies":[{"embeddable":true,"href":"https:\/\/www.revistarambla.com\/en\/wp-json\/wp\/v2\/comments?post=3493"}],"version-history":[{"count":0,"href":"https:\/\/www.revistarambla.com\/en\/wp-json\/wp\/v2\/posts\/3493\/revisions"}],"wp:attachment":[{"href":"https:\/\/www.revistarambla.com\/en\/wp-json\/wp\/v2\/media?parent=3493"}],"wp:term":[{"taxonomy":"category","embeddable":true,"href":"https:\/\/www.revistarambla.com\/en\/wp-json\/wp\/v2\/categories?post=3493"},{"taxonomy":"post_tag","embeddable":true,"href":"https:\/\/www.revistarambla.com\/en\/wp-json\/wp\/v2\/tags?post=3493"}],"curies":[{"name":"wp","href":"https:\/\/api.w.org\/{rel}","templated":true}]}}