{"id":34916,"date":"2021-08-23T18:45:48","date_gmt":"2021-08-23T16:45:48","guid":{"rendered":"https:\/\/www.revistarambla.com\/?p=34916"},"modified":"2021-12-19T16:08:59","modified_gmt":"2021-12-19T15:08:59","slug":"sororidad-estival","status":"publish","type":"post","link":"https:\/\/www.revistarambla.com\/en\/sororidad-estival\/","title":{"rendered":"Sororidad estival"},"content":{"rendered":"<p><a href=\"https:\/\/www.revistarambla.com\/wp-content\/uploads\/2021\/08\/mujeres-unidas-por-una-trenza.webp\"><img decoding=\"async\" class=\"wp-image-34917 aligncenter\" src=\"https:\/\/www.revistarambla.com\/wp-content\/uploads\/2021\/08\/mujeres-unidas-por-una-trenza-300x158.webp\" alt=\"\" width=\"750\" height=\"394\" srcset=\"https:\/\/www.revistarambla.com\/wp-content\/uploads\/2021\/08\/mujeres-unidas-por-una-trenza-300x158.webp 300w, https:\/\/www.revistarambla.com\/wp-content\/uploads\/2021\/08\/mujeres-unidas-por-una-trenza.webp 700w\" sizes=\"(max-width: 750px) 100vw, 750px\" \/><\/a>Que f\u00e1cil resulta la lucha desde la talla 36, ya que me cre\u00ed libre, independiente, feminista. Este verano raruno por la pandemia que no termina de extinguirse, escondo mi barriga-flotador aguantando la respiraci\u00f3n y ni por esas. Cualquier d\u00eda me caigo redonda en la playa.<\/p>\n<p>Al desag\u00fce mi discurso sobre la imposici\u00f3n de la belleza del Patriarcado, la verborrea vomitando sobre los c\u00e1nones de belleza del primer mundo y las maldiciones a la egoc\u00e9ntrica frivolidad en Instagram. Llego al verano sobrepasada de kilos y se van a la mierda mis firmes convicciones para convertirme en una fr\u00edvola m\u00e1s que se flagela despu\u00e9s de tomarse una merecida ca\u00f1a fresquita despu\u00e9s del curro.<\/p>\n<p>\u00abSi es que al final&#8230; vivimos en sociedad\u00bb, me dijo un amigo, frase resolutoria a la teor\u00eda de que todos necesitamos sentirnos aceptados y si te pasas en lo que deber\u00eda y viene siendo tu tama\u00f1o global, ya no encajas. A la mierda tus an\u00e1lisis cl\u00ednicos donde te dicen que todo eso est\u00e1 en orden, las veladas censuras te dir\u00e1n que no est\u00e1s sana, escudando en la salud sus prejuicios sociales.<\/p>\n<p>Y por su puesto, las m\u00e1s hirientes e incomprensibles vienen de las propias mujeres. Las que nos hemos cre\u00eddo que para gustar m\u00e1s debemos meter nuestro pie en el zapato de cenicienta, aunque calcemos tres n\u00fameros m\u00e1s&#8230; y as\u00ed nos va. Envidi\u00e1ndonos, murmur\u00e1ndonos, tan listas que hemos ca\u00eddo de cuatro patas en el &#8216;divide y vencer\u00e1s&#8217;.<\/p>\n<p>Por fin acaba el verano y ya podemos volver a colocarnos nuestro particular hiyab con la creencia falsa de que somos libres. A ver si para el verano pr\u00f3ximo amamos nuestras lorzas y nos dejamos de tanta tonter\u00eda. Cultivemos tambi\u00e9n ese otro \u00f3rgano que no necesita de dietas llamado cerebro y d\u00e9mosle de comer como a nuestra propia alma. Convencidas, libres&#8230; Sororidad, hermanas, sororidad&#8230;<\/p>","protected":false},"excerpt":{"rendered":"<p>Que f\u00e1cil resulta la lucha desde la talla 36, ya que me cre\u00ed libre, independiente, feminista. Este verano raruno por la pandemia que no termina de extinguirse, escondo mi barriga-flotador aguantando la respiraci\u00f3n y ni por esas. Cualquier d\u00eda me caigo redonda en la playa. Al desag\u00fce mi discurso sobre [&hellip;]<\/p>\n","protected":false},"author":72,"featured_media":34917,"comment_status":"open","ping_status":"open","sticky":false,"template":"","format":"standard","meta":{"footnotes":""},"categories":[72],"tags":[],"class_list":["post-34916","post","type-post","status-publish","format-standard","has-post-thumbnail","hentry","category-opinion"],"yoast_head":"<!-- This site is optimized with the Yoast SEO plugin v27.5 - https:\/\/yoast.com\/product\/yoast-seo-wordpress\/ -->\n<title>Sororidad estival - Revista Rambla<\/title>\n<meta name=\"robots\" content=\"index, follow, max-snippet:-1, max-image-preview:large, max-video-preview:-1\" \/>\n<link rel=\"canonical\" href=\"https:\/\/www.revistarambla.com\/en\/sororidad-estival\/\" \/>\n<meta property=\"og:locale\" content=\"en_GB\" \/>\n<meta property=\"og:type\" content=\"article\" \/>\n<meta property=\"og:title\" content=\"Sororidad estival - Revista Rambla\" \/>\n<meta property=\"og:description\" content=\"Que f\u00e1cil resulta la lucha desde la talla 36, ya que me cre\u00ed libre, independiente, feminista. Este verano raruno por la pandemia que no termina de extinguirse, escondo mi barriga-flotador aguantando la respiraci\u00f3n y ni por esas. Cualquier d\u00eda me caigo redonda en la playa. Al desag\u00fce mi discurso sobre [&hellip;]\" \/>\n<meta property=\"og:url\" content=\"https:\/\/www.revistarambla.com\/en\/sororidad-estival\/\" \/>\n<meta property=\"og:site_name\" content=\"Revista Rambla\" \/>\n<meta property=\"article:publisher\" content=\"https:\/\/www.facebook.com\/revistarambla\/\" \/>\n<meta property=\"article:published_time\" content=\"2021-08-23T16:45:48+00:00\" \/>\n<meta property=\"article:modified_time\" content=\"2021-12-19T15:08:59+00:00\" \/>\n<meta property=\"og:image\" content=\"https:\/\/www.revistarambla.com\/wp-content\/uploads\/2021\/08\/mujeres-unidas-por-una-trenza.webp\" \/>\n\t<meta property=\"og:image:width\" content=\"700\" \/>\n\t<meta property=\"og:image:height\" content=\"368\" \/>\n\t<meta property=\"og:image:type\" content=\"image\/webp\" \/>\n<meta name=\"author\" content=\"Roc\u00edo L\u00f3pez\" \/>\n<meta name=\"twitter:card\" content=\"summary_large_image\" \/>\n<meta name=\"twitter:creator\" content=\"@revistarambla\" \/>\n<meta name=\"twitter:site\" content=\"@revistarambla\" \/>\n<meta name=\"twitter:label1\" content=\"Written by\" \/>\n\t<meta name=\"twitter:data1\" content=\"Roc\u00edo L\u00f3pez\" \/>\n\t<meta name=\"twitter:label2\" content=\"Estimated reading time\" \/>\n\t<meta name=\"twitter:data2\" content=\"2 minutes\" \/>\n<script type=\"application\/ld+json\" class=\"yoast-schema-graph\">{\"@context\":\"https:\\\/\\\/schema.org\",\"@graph\":[{\"@type\":\"Article\",\"@id\":\"https:\\\/\\\/www.revistarambla.com\\\/sororidad-estival\\\/#article\",\"isPartOf\":{\"@id\":\"https:\\\/\\\/www.revistarambla.com\\\/sororidad-estival\\\/\"},\"author\":{\"name\":\"Roc\u00edo L\u00f3pez\",\"@id\":\"https:\\\/\\\/www.revistarambla.com\\\/#\\\/schema\\\/person\\\/287208c8f604899865dde0925c52a1b1\"},\"headline\":\"Sororidad estival\",\"datePublished\":\"2021-08-23T16:45:48+00:00\",\"dateModified\":\"2021-12-19T15:08:59+00:00\",\"mainEntityOfPage\":{\"@id\":\"https:\\\/\\\/www.revistarambla.com\\\/sororidad-estival\\\/\"},\"wordCount\":335,\"commentCount\":0,\"publisher\":{\"@id\":\"https:\\\/\\\/www.revistarambla.com\\\/#organization\"},\"image\":{\"@id\":\"https:\\\/\\\/www.revistarambla.com\\\/sororidad-estival\\\/#primaryimage\"},\"thumbnailUrl\":\"https:\\\/\\\/www.revistarambla.com\\\/wp-content\\\/uploads\\\/2021\\\/08\\\/mujeres-unidas-por-una-trenza.webp\",\"articleSection\":[\"Opiniones\"],\"inLanguage\":\"en-GB\",\"potentialAction\":[{\"@type\":\"CommentAction\",\"name\":\"Comment\",\"target\":[\"https:\\\/\\\/www.revistarambla.com\\\/sororidad-estival\\\/#respond\"]}]},{\"@type\":\"WebPage\",\"@id\":\"https:\\\/\\\/www.revistarambla.com\\\/sororidad-estival\\\/\",\"url\":\"https:\\\/\\\/www.revistarambla.com\\\/sororidad-estival\\\/\",\"name\":\"Sororidad estival - Revista Rambla\",\"isPartOf\":{\"@id\":\"https:\\\/\\\/www.revistarambla.com\\\/#website\"},\"primaryImageOfPage\":{\"@id\":\"https:\\\/\\\/www.revistarambla.com\\\/sororidad-estival\\\/#primaryimage\"},\"image\":{\"@id\":\"https:\\\/\\\/www.revistarambla.com\\\/sororidad-estival\\\/#primaryimage\"},\"thumbnailUrl\":\"https:\\\/\\\/www.revistarambla.com\\\/wp-content\\\/uploads\\\/2021\\\/08\\\/mujeres-unidas-por-una-trenza.webp\",\"datePublished\":\"2021-08-23T16:45:48+00:00\",\"dateModified\":\"2021-12-19T15:08:59+00:00\",\"breadcrumb\":{\"@id\":\"https:\\\/\\\/www.revistarambla.com\\\/sororidad-estival\\\/#breadcrumb\"},\"inLanguage\":\"en-GB\",\"potentialAction\":[{\"@type\":\"ReadAction\",\"target\":[\"https:\\\/\\\/www.revistarambla.com\\\/sororidad-estival\\\/\"]}]},{\"@type\":\"ImageObject\",\"inLanguage\":\"en-GB\",\"@id\":\"https:\\\/\\\/www.revistarambla.com\\\/sororidad-estival\\\/#primaryimage\",\"url\":\"https:\\\/\\\/www.revistarambla.com\\\/wp-content\\\/uploads\\\/2021\\\/08\\\/mujeres-unidas-por-una-trenza.webp\",\"contentUrl\":\"https:\\\/\\\/www.revistarambla.com\\\/wp-content\\\/uploads\\\/2021\\\/08\\\/mujeres-unidas-por-una-trenza.webp\",\"width\":700,\"height\":368},{\"@type\":\"BreadcrumbList\",\"@id\":\"https:\\\/\\\/www.revistarambla.com\\\/sororidad-estival\\\/#breadcrumb\",\"itemListElement\":[{\"@type\":\"ListItem\",\"position\":1,\"name\":\"Portada\",\"item\":\"https:\\\/\\\/www.revistarambla.com\\\/\"},{\"@type\":\"ListItem\",\"position\":2,\"name\":\"Sororidad estival\"}]},{\"@type\":\"WebSite\",\"@id\":\"https:\\\/\\\/www.revistarambla.com\\\/#website\",\"url\":\"https:\\\/\\\/www.revistarambla.com\\\/\",\"name\":\"Revista Rambla Barcelona\",\"description\":\"Periodismo independiente\",\"publisher\":{\"@id\":\"https:\\\/\\\/www.revistarambla.com\\\/#organization\"},\"potentialAction\":[{\"@type\":\"SearchAction\",\"target\":{\"@type\":\"EntryPoint\",\"urlTemplate\":\"https:\\\/\\\/www.revistarambla.com\\\/?s={search_term_string}\"},\"query-input\":{\"@type\":\"PropertyValueSpecification\",\"valueRequired\":true,\"valueName\":\"search_term_string\"}}],\"inLanguage\":\"en-GB\"},{\"@type\":\"Organization\",\"@id\":\"https:\\\/\\\/www.revistarambla.com\\\/#organization\",\"name\":\"Revista Rambla\",\"url\":\"https:\\\/\\\/www.revistarambla.com\\\/\",\"logo\":{\"@type\":\"ImageObject\",\"inLanguage\":\"en-GB\",\"@id\":\"https:\\\/\\\/www.revistarambla.com\\\/#\\\/schema\\\/logo\\\/image\\\/\",\"url\":\"https:\\\/\\\/www.revistarambla.com\\\/wp-content\\\/uploads\\\/2020\\\/09\\\/banner_rambla_1900x600_BB.png\",\"contentUrl\":\"https:\\\/\\\/www.revistarambla.com\\\/wp-content\\\/uploads\\\/2020\\\/09\\\/banner_rambla_1900x600_BB.png\",\"width\":1900,\"height\":600,\"caption\":\"Revista Rambla\"},\"image\":{\"@id\":\"https:\\\/\\\/www.revistarambla.com\\\/#\\\/schema\\\/logo\\\/image\\\/\"},\"sameAs\":[\"https:\\\/\\\/www.facebook.com\\\/revistarambla\\\/\",\"https:\\\/\\\/x.com\\\/revistarambla\",\"https:\\\/\\\/www.instagram.com\\\/revista_rambla\",\"https:\\\/\\\/es.linkedin.com\\\/company\\\/revista-rambla\"]},{\"@type\":\"Person\",\"@id\":\"https:\\\/\\\/www.revistarambla.com\\\/#\\\/schema\\\/person\\\/287208c8f604899865dde0925c52a1b1\",\"name\":\"Roc\u00edo L\u00f3pez\",\"description\":\"Especializada en temas de feminismo, sociedad y cultura.\"}]}<\/script>\n<!-- \/ Yoast SEO plugin. -->","yoast_head_json":{"title":"Sororidad estival - Revista Rambla","robots":{"index":"index","follow":"follow","max-snippet":"max-snippet:-1","max-image-preview":"max-image-preview:large","max-video-preview":"max-video-preview:-1"},"canonical":"https:\/\/www.revistarambla.com\/en\/sororidad-estival\/","og_locale":"en_GB","og_type":"article","og_title":"Sororidad estival - Revista Rambla","og_description":"Que f\u00e1cil resulta la lucha desde la talla 36, ya que me cre\u00ed libre, independiente, feminista. Este verano raruno por la pandemia que no termina de extinguirse, escondo mi barriga-flotador aguantando la respiraci\u00f3n y ni por esas. Cualquier d\u00eda me caigo redonda en la playa. Al desag\u00fce mi discurso sobre [&hellip;]","og_url":"https:\/\/www.revistarambla.com\/en\/sororidad-estival\/","og_site_name":"Revista Rambla","article_publisher":"https:\/\/www.facebook.com\/revistarambla\/","article_published_time":"2021-08-23T16:45:48+00:00","article_modified_time":"2021-12-19T15:08:59+00:00","og_image":[{"width":700,"height":368,"url":"https:\/\/www.revistarambla.com\/wp-content\/uploads\/2021\/08\/mujeres-unidas-por-una-trenza.webp","type":"image\/webp"}],"author":"Roc\u00edo L\u00f3pez","twitter_card":"summary_large_image","twitter_creator":"@revistarambla","twitter_site":"@revistarambla","twitter_misc":{"Written by":"Roc\u00edo L\u00f3pez","Estimated reading time":"2 minutes"},"schema":{"@context":"https:\/\/schema.org","@graph":[{"@type":"Article","@id":"https:\/\/www.revistarambla.com\/sororidad-estival\/#article","isPartOf":{"@id":"https:\/\/www.revistarambla.com\/sororidad-estival\/"},"author":{"name":"Roc\u00edo L\u00f3pez","@id":"https:\/\/www.revistarambla.com\/#\/schema\/person\/287208c8f604899865dde0925c52a1b1"},"headline":"Sororidad estival","datePublished":"2021-08-23T16:45:48+00:00","dateModified":"2021-12-19T15:08:59+00:00","mainEntityOfPage":{"@id":"https:\/\/www.revistarambla.com\/sororidad-estival\/"},"wordCount":335,"commentCount":0,"publisher":{"@id":"https:\/\/www.revistarambla.com\/#organization"},"image":{"@id":"https:\/\/www.revistarambla.com\/sororidad-estival\/#primaryimage"},"thumbnailUrl":"https:\/\/www.revistarambla.com\/wp-content\/uploads\/2021\/08\/mujeres-unidas-por-una-trenza.webp","articleSection":["Opiniones"],"inLanguage":"en-GB","potentialAction":[{"@type":"CommentAction","name":"Comment","target":["https:\/\/www.revistarambla.com\/sororidad-estival\/#respond"]}]},{"@type":"WebPage","@id":"https:\/\/www.revistarambla.com\/sororidad-estival\/","url":"https:\/\/www.revistarambla.com\/sororidad-estival\/","name":"Sororidad estival - Revista Rambla","isPartOf":{"@id":"https:\/\/www.revistarambla.com\/#website"},"primaryImageOfPage":{"@id":"https:\/\/www.revistarambla.com\/sororidad-estival\/#primaryimage"},"image":{"@id":"https:\/\/www.revistarambla.com\/sororidad-estival\/#primaryimage"},"thumbnailUrl":"https:\/\/www.revistarambla.com\/wp-content\/uploads\/2021\/08\/mujeres-unidas-por-una-trenza.webp","datePublished":"2021-08-23T16:45:48+00:00","dateModified":"2021-12-19T15:08:59+00:00","breadcrumb":{"@id":"https:\/\/www.revistarambla.com\/sororidad-estival\/#breadcrumb"},"inLanguage":"en-GB","potentialAction":[{"@type":"ReadAction","target":["https:\/\/www.revistarambla.com\/sororidad-estival\/"]}]},{"@type":"ImageObject","inLanguage":"en-GB","@id":"https:\/\/www.revistarambla.com\/sororidad-estival\/#primaryimage","url":"https:\/\/www.revistarambla.com\/wp-content\/uploads\/2021\/08\/mujeres-unidas-por-una-trenza.webp","contentUrl":"https:\/\/www.revistarambla.com\/wp-content\/uploads\/2021\/08\/mujeres-unidas-por-una-trenza.webp","width":700,"height":368},{"@type":"BreadcrumbList","@id":"https:\/\/www.revistarambla.com\/sororidad-estival\/#breadcrumb","itemListElement":[{"@type":"ListItem","position":1,"name":"Portada","item":"https:\/\/www.revistarambla.com\/"},{"@type":"ListItem","position":2,"name":"Sororidad estival"}]},{"@type":"WebSite","@id":"https:\/\/www.revistarambla.com\/#website","url":"https:\/\/www.revistarambla.com\/","name":"Revista Rambla Barcelona","description":"Periodismo independiente","publisher":{"@id":"https:\/\/www.revistarambla.com\/#organization"},"potentialAction":[{"@type":"SearchAction","target":{"@type":"EntryPoint","urlTemplate":"https:\/\/www.revistarambla.com\/?s={search_term_string}"},"query-input":{"@type":"PropertyValueSpecification","valueRequired":true,"valueName":"search_term_string"}}],"inLanguage":"en-GB"},{"@type":"Organization","@id":"https:\/\/www.revistarambla.com\/#organization","name":"Revista Rambla","url":"https:\/\/www.revistarambla.com\/","logo":{"@type":"ImageObject","inLanguage":"en-GB","@id":"https:\/\/www.revistarambla.com\/#\/schema\/logo\/image\/","url":"https:\/\/www.revistarambla.com\/wp-content\/uploads\/2020\/09\/banner_rambla_1900x600_BB.png","contentUrl":"https:\/\/www.revistarambla.com\/wp-content\/uploads\/2020\/09\/banner_rambla_1900x600_BB.png","width":1900,"height":600,"caption":"Revista Rambla"},"image":{"@id":"https:\/\/www.revistarambla.com\/#\/schema\/logo\/image\/"},"sameAs":["https:\/\/www.facebook.com\/revistarambla\/","https:\/\/x.com\/revistarambla","https:\/\/www.instagram.com\/revista_rambla","https:\/\/es.linkedin.com\/company\/revista-rambla"]},{"@type":"Person","@id":"https:\/\/www.revistarambla.com\/#\/schema\/person\/287208c8f604899865dde0925c52a1b1","name":"Roc\u00edo L\u00f3pez","description":"Especializada en temas de feminismo, sociedad y cultura."}]}},"_links":{"self":[{"href":"https:\/\/www.revistarambla.com\/en\/wp-json\/wp\/v2\/posts\/34916","targetHints":{"allow":["GET"]}}],"collection":[{"href":"https:\/\/www.revistarambla.com\/en\/wp-json\/wp\/v2\/posts"}],"about":[{"href":"https:\/\/www.revistarambla.com\/en\/wp-json\/wp\/v2\/types\/post"}],"author":[{"embeddable":true,"href":"https:\/\/www.revistarambla.com\/en\/wp-json\/wp\/v2\/users\/72"}],"replies":[{"embeddable":true,"href":"https:\/\/www.revistarambla.com\/en\/wp-json\/wp\/v2\/comments?post=34916"}],"version-history":[{"count":0,"href":"https:\/\/www.revistarambla.com\/en\/wp-json\/wp\/v2\/posts\/34916\/revisions"}],"wp:featuredmedia":[{"embeddable":true,"href":"https:\/\/www.revistarambla.com\/en\/wp-json\/wp\/v2\/media\/34917"}],"wp:attachment":[{"href":"https:\/\/www.revistarambla.com\/en\/wp-json\/wp\/v2\/media?parent=34916"}],"wp:term":[{"taxonomy":"category","embeddable":true,"href":"https:\/\/www.revistarambla.com\/en\/wp-json\/wp\/v2\/categories?post=34916"},{"taxonomy":"post_tag","embeddable":true,"href":"https:\/\/www.revistarambla.com\/en\/wp-json\/wp\/v2\/tags?post=34916"}],"curies":[{"name":"wp","href":"https:\/\/api.w.org\/{rel}","templated":true}]}}