{"id":34850,"date":"2021-08-17T17:51:03","date_gmt":"2021-08-17T15:51:03","guid":{"rendered":"https:\/\/www.revistarambla.com\/?p=34850"},"modified":"2021-08-17T17:51:03","modified_gmt":"2021-08-17T15:51:03","slug":"las-ideas-de-orwell-siguen-vigentes-75-anos-despues-de-rebelion-en-la-granja","status":"publish","type":"post","link":"https:\/\/www.revistarambla.com\/en\/las-ideas-de-orwell-siguen-vigentes-75-anos-despues-de-rebelion-en-la-granja\/","title":{"rendered":"Las ideas de Orwell siguen vigentes 75 a\u00f1os despu\u00e9s de \u2018Rebeli\u00f3n en la granja\u2019"},"content":{"rendered":"<figure id=\"attachment_34851\" aria-describedby=\"caption-attachment-34851\" style=\"width: 1356px\" class=\"wp-caption aligncenter\"><a href=\"https:\/\/www.revistarambla.com\/wp-content\/uploads\/2021\/08\/file-20210812-28-92ebpg.webp\"><img decoding=\"async\" class=\"wp-image-34851 size-full\" src=\"https:\/\/www.revistarambla.com\/wp-content\/uploads\/2021\/08\/file-20210812-28-92ebpg.webp\" alt=\"\" width=\"1356\" height=\"668\" srcset=\"https:\/\/www.revistarambla.com\/wp-content\/uploads\/2021\/08\/file-20210812-28-92ebpg.webp 1356w, https:\/\/www.revistarambla.com\/wp-content\/uploads\/2021\/08\/file-20210812-28-92ebpg-300x148.webp 300w, https:\/\/www.revistarambla.com\/wp-content\/uploads\/2021\/08\/file-20210812-28-92ebpg-1024x504.webp 1024w, https:\/\/www.revistarambla.com\/wp-content\/uploads\/2021\/08\/file-20210812-28-92ebpg-768x378.webp 768w\" sizes=\"(max-width: 1356px) 100vw, 1356px\" \/><\/a><figcaption id=\"caption-attachment-34851\" class=\"wp-caption-text\">Los escritos de George Orwell han dejado una huella duradera en el pensamiento y la cultura. ullstein bild\/ullstein bild via Getty Images<\/figcaption><\/figure>\n<p>Hace 75 a\u00f1os, en agosto de 1946, se public\u00f3 en Estados Unidos <em>Rebeli\u00f3n en la granja<\/em> de George Orwell. Fue un gran \u00e9xito, <a href=\"https:\/\/www.inquirer.com\/philly\/opinion\/currents\/20150824_70-year-old__Animal_Farm__is_still_worth_a_read.html\">con m\u00e1s de medio mill\u00f3n de ejemplares vendidos en su primer a\u00f1o<\/a>.<\/p>\n<p>A <em>Rebeli\u00f3n en la granja<\/em> le sigui\u00f3, tres a\u00f1os despu\u00e9s, un \u00e9xito a\u00fan mayor: La novela dist\u00f3pica de Orwell <em>1984<\/em>.<\/p>\n<p>Los escritos de Orwell han dejado una marca indeleble en el pensamiento y la cultura posteriores. Las ventas de <a href=\"https:\/\/money.cnn.com\/2013\/06\/12\/news\/1984-nsa-snowden\/\"><em>Rebeli\u00f3n en la granja<\/em> y <em>1984<\/em> se dispararon<\/a> en 2013 despu\u00e9s de que el internauta Edward Snowden <a href=\"https:\/\/www.theguardian.com\/world\/2013\/jun\/09\/edward-snowden-nsa-whistleblower-surveillance\">filtrara documentos confidenciales de la Agencia de Seguridad Nacional<\/a>. Y <a href=\"https:\/\/www.nytimes.com\/2017\/01\/25\/books\/1984-george-orwell-donald-trump.html\"><em>1984<\/em> subi\u00f3 a la cima de la lista de los m\u00e1s vendidos de Amazon<\/a> despu\u00e9s de la investidura presidencial de Donald Trump en 2017.<\/p>\n<p>Como <a href=\"https:\/\/clasprofiles.wayne.edu\/profile\/hf1190\">profesor de filosof\u00eda<\/a>, me interesa relevancia actual de las ideas de Orwell, incluidas las relativas al totalitarismo y al socialismo.<\/p>\n<h2>Primeros a\u00f1os de carrera<\/h2>\n<p>George Orwell era el seud\u00f3nimo de Eric Blair. Nacido en 1903 en la India colonial, Blair se traslad\u00f3 posteriormente a Inglaterra, donde asisti\u00f3 becado a colegios de \u00e9lite. Al terminar los estudios, se incorpor\u00f3 a la administraci\u00f3n p\u00fablica brit\u00e1nica, trabajando en Birmania, actual Myanmar. A los 24 a\u00f1os, Orwell regres\u00f3 a Inglaterra para convertirse en escritor.<\/p>\n<p>Durante la d\u00e9cada de 1930, Orwell tuvo un modesto \u00e9xito como ensayista, periodista y novelista. Tambi\u00e9n <a href=\"https:\/\/www.orwellfoundation.com\/the-orwell-foundation\/orwell\/books-by-orwell\/homage-to-catalonia\/\">sirvi\u00f3 como soldado voluntario<\/a> con un grupo de milicianos de izquierdas que luch\u00f3 en nombre de la II Rep\u00fablica durante la Guerra Civil Espa\u00f1ola. Durante el conflicto, Orwell experiment\u00f3 c\u00f3mo la propaganda pod\u00eda dar forma a los relatos pol\u00edticos al observar la informaci\u00f3n inexacta de los acontecimientos que vivi\u00f3 de primera mano.<\/p>\n<p>Orwell m\u00e1s tarde resumi\u00f3 el prop\u00f3sito de su escritura a partir de la Guerra Civil:<\/p>\n<p>\u201cCada l\u00ednea de trabajo serio que he escrito desde 1936 ha sido, directa o indirectamente, <em>contra<\/em> el totalitarismo y <em>por<\/em> el socialismo democr\u00e1tico\u201d.<\/p>\n<p>Orwell no especific\u00f3 en ese pasaje lo que quer\u00eda decir con totalitarismo o socialismo democr\u00e1tico, pero algunas de sus otras obras aclaran c\u00f3mo entend\u00eda esos t\u00e9rminos.<\/p>\n<h2>\u00bfQu\u00e9 es el totalitarismo?<\/h2>\n<figure id=\"attachment_34852\" aria-describedby=\"caption-attachment-34852\" style=\"width: 400px\" class=\"wp-caption alignright\"><a href=\"https:\/\/www.revistarambla.com\/wp-content\/uploads\/2021\/08\/file-20210810-23-s4p5q4.webp\"><img decoding=\"async\" class=\"wp-image-34852\" src=\"https:\/\/www.revistarambla.com\/wp-content\/uploads\/2021\/08\/file-20210810-23-s4p5q4-300x200.webp\" alt=\"\" width=\"400\" height=\"267\" srcset=\"https:\/\/www.revistarambla.com\/wp-content\/uploads\/2021\/08\/file-20210810-23-s4p5q4-300x200.webp 300w, https:\/\/www.revistarambla.com\/wp-content\/uploads\/2021\/08\/file-20210810-23-s4p5q4.webp 600w\" sizes=\"(max-width: 400px) 100vw, 400px\" \/><\/a><figcaption id=\"caption-attachment-34852\" class=\"wp-caption-text\">La novela dist\u00f3pica \u20181984\u2019 de George Orwell se coloc\u00f3 en el primer puesto de la lista de libros m\u00e1s vendidos de Amazon tras la investidura presidencial de Donald Trump en 2017. Justin Sullivan\/Getty Images<\/figcaption><\/figure>\n<p>Para Orwell, el totalitarismo era un orden pol\u00edtico centrado en el poder y el control. La actitud totalitaria est\u00e1 ejemplificada por el antagonista, O&#8217;Brien, en <em>1984<\/em>. El ficticio O&#8217;Brien es un poderoso funcionario del gobierno que utiliza la tortura y la manipulaci\u00f3n para obtener poder sobre los pensamientos y acciones del protagonista, Winston Smith. Significativamente, O&#8217;Brien trata su deseo de poder como un fin en s\u00ed mismo. O&#8217;Brien representa el poder por el poder.<\/p>\n<p>Gran parte de las ideas m\u00e1s destacadas de Orwell se refieren a lo incompatible con el totalitarismo. En su ensayo de 1941 <a href=\"https:\/\/www.orwellfoundation.com\/the-orwell-foundation\/orwell\/essays-and-other-works\/the-lion-and-the-unicorn-socialism-and-the-english-genius\/\"><em>El le\u00f3n y el unicornio<\/em><\/a>, Orwell escribe sobre \u201cLa idea totalitaria de que no existe la ley, s\u00f3lo existe el poder\u2026\u201d.<\/p>\n<p>En otras palabras, las leyes limitan el poder de un gobernante. El totalitarismo busca borrar los l\u00edmites de la ley mediante el ejercicio desinhibido del poder.<\/p>\n<p>Del mismo modo, en su ensayo de 1942 sobre la Guerra Civil Espa\u00f1ola <a href=\"https:\/\/www.orwellfoundation.com\/the-orwell-foundation\/orwell\/essays-and-other-works\/looking-back-on-the-spanish-war\/\"><em>Looking Back on the Spanish War<\/em><\/a>\u201c, Orwell sostiene que el totalitarismo debe negar los hechos neutros y la verdad objetiva. Orwell identifica la libertad y la verdad como \u00absalvaguardas\u201d contra el totalitarismo. El ejercicio de la libertad y el reconocimiento de la verdad son acciones incompatibles con el control centralizado total que requiere el totalitarismo.<\/p>\n<p>Orwell entend\u00eda que el totalitarismo pod\u00eda encontrarse en la derecha y en la izquierda pol\u00edtica. Para Orwell, tanto el nazismo como el comunismo eran totalitarios.<\/p>\n<p>La obra de Orwell, en mi opini\u00f3n, nos insta a impedir que los l\u00edderes tengan un comportamiento totalitario, independientemente de su afiliaci\u00f3n pol\u00edtica. Tambi\u00e9n nos recuerda que algunas de nuestras mejores herramientas para resistir el totalitarismo son decir la verdad y preservar la libertad.<\/p>\n<h2>\u00bfQu\u00e9 es el socialismo democr\u00e1tico?<\/h2>\n<p>En su libro de 1937 <a href=\"https:\/\/www.theguardian.com\/books\/2011\/feb\/20\/orwell-wigan-pier-75-years\"><em>El camino al muelle de Wigan<\/em><\/a>, Orwell escribe que socialismo significa \u201cjusticia y libertad\u201d. La justicia a la que se refiere va m\u00e1s all\u00e1 de la mera justicia econ\u00f3mica. Tambi\u00e9n incluye la justicia social y pol\u00edtica.<\/p>\n<p>Orwell profundiza en lo que entiende por socialismo en <a href=\"https:\/\/www.orwellfoundation.com\/the-orwell-foundation\/orwell\/essays-and-other-works\/the-lion-and-the-unicorn-socialism-and-the-english-genius\/\"><em>El le\u00f3n y el unicornio<\/em><\/a>. Seg\u00fan \u00e9l, el socialismo requiere \u201cuna igualdad aproximada de ingresos (no necesita ser m\u00e1s que aproximada), democracia pol\u00edtica y la abolici\u00f3n de todos los privilegios hereditarios, especialmente en la educaci\u00f3n\u201d.<\/p>\n<p>Al desarrollar en el mismo ensayo qu\u00e9 quiere decir con \u201cigualdad aproximada de ingresos\u201d, Orwell dice que la igualdad de ingresos no deber\u00eda ser mayor que una proporci\u00f3n de aproximadamente 10 a 1. En su interpretaci\u00f3n actual, esto sugiere que Orwell podr\u00eda encontrar \u00e9tico que un director general gane 10 veces m\u00e1s que sus empleados, pero no que gane 300 veces m\u00e1s, <a href=\"https:\/\/aflcio.org\/press\/releases\/average-sp-500-company-ceo-worker-pay-ratio-rises-299-1-2020\">como hace el director general medio en Estados Unidos hoy en d\u00eda<\/a>.<\/p>\n<p>Pero al describir el socialismo, Orwell habla de algo m\u00e1s que de la desigualdad econ\u00f3mica. Los escritos de Orwell indican que su concepci\u00f3n preferida del socialismo tambi\u00e9n requiere \u201cdemocracia pol\u00edtica\u201d. Como ha se\u00f1alado <a href=\"https:\/\/www.english.ox.ac.uk\/people\/dr-david-dwan#\/\">el acad\u00e9mico David Dwan<\/a>, Orwell distingu\u00eda \u201c<a href=\"https:\/\/global.oup.com\/academic\/product\/liberty-equality-and-humbug-9780198738527?cc=us&amp;lang=en&amp;\">dos conceptos de democracia<\/a>\u201d.<\/p>\n<p>El primer concepto se refiere a que el poder pol\u00edtico recaiga en el pueblo llano. El segundo se refiere a la existencia de libertades liberales cl\u00e1sicas, como la libertad de pensamiento. Ambas nociones de democracia parecen relevantes para lo que Orwell entiende por socialismo democr\u00e1tico. Para Orwell, el socialismo democr\u00e1tico es un orden pol\u00edtico que proporciona igualdad social y econ\u00f3mica al tiempo que preserva una s\u00f3lida libertad personal.<\/p>\n<p>Creo que la descripci\u00f3n de Orwell del socialismo democr\u00e1tico y su reconocimiento de que son varias formas que puede adoptar el socialismo siguen siendo importantes hoy en d\u00eda, dado que el di\u00e1logo pol\u00edtico estadounidense sobre el socialismo a menudo pasa por alto muchos de los matices que Orwell aporta al tema. Por ejemplo, los estadounidenses <a href=\"https:\/\/www.independent.co.uk\/news\/world\/americas\/do-you-know-difference-between-communist-and-socialist-a6708086.html\">suelen confundir el socialismo con el comunismo<\/a>. Orwell ayuda a aclarar la diferencia entre estos t\u00e9rminos.<\/p>\n<p>Con <a href=\"https:\/\/www.pewresearch.org\/fact-tank\/2020\/02\/07\/6-facts-about-economic-inequality-in-the-u-s\/\">los altos niveles de desigualdad econ\u00f3mica<\/a>, <a href=\"https:\/\/www.washingtonpost.com\/lifestyle\/media\/new-study-says-trump-has-dangerously-undermined-truth-with-attacks-on-news-media\/2020\/04\/15\/4152f81c-7f2d-11ea-9040-68981f488eed_story.html\">los ataques pol\u00edticos a la verdad<\/a> y <a href=\"https:\/\/www.washingtonpost.com\/opinions\/global-opinions\/totalitarian-ideologies-never-die-not-even-in-america\/2017\/11\/03\/3d39648e-c09c-11e7-959c-fe2b598d8c00_story.html\">las renovadas preocupaciones sobre el totalitarismo<\/a>, las ideas de Orwell siguen siendo tan relevantes ahora como hace 75 a\u00f1os.<\/p>\n<p><em><span class=\"fn author-name\">*Mark Satta, <\/span> Assistant Professor of Philosophy, Wayne State University. Este art\u00edculo fue publicado originalmente en The Conversation.<\/em><\/p>","protected":false},"excerpt":{"rendered":"<p>Hace 75 a\u00f1os, en agosto de 1946, se public\u00f3 en Estados Unidos Rebeli\u00f3n en la granja de George Orwell. Fue un gran \u00e9xito, con m\u00e1s de medio mill\u00f3n de ejemplares vendidos en su primer a\u00f1o. A Rebeli\u00f3n en la granja le sigui\u00f3, tres a\u00f1os despu\u00e9s, un \u00e9xito a\u00fan mayor: La [&hellip;]<\/p>\n","protected":false},"author":15,"featured_media":34851,"comment_status":"open","ping_status":"open","sticky":false,"template":"","format":"standard","meta":{"footnotes":""},"categories":[4,60],"tags":[],"class_list":["post-34850","post","type-post","status-publish","format-standard","has-post-thumbnail","hentry","category-cultura","category-libros"],"yoast_head":"<!-- This site is optimized with the Yoast SEO plugin v27.5 - https:\/\/yoast.com\/product\/yoast-seo-wordpress\/ -->\n<title>Las ideas de Orwell siguen vigentes 75 a\u00f1os despu\u00e9s de \u2018Rebeli\u00f3n en la granja\u2019 - Revista Rambla<\/title>\n<meta name=\"robots\" content=\"index, follow, max-snippet:-1, max-image-preview:large, max-video-preview:-1\" \/>\n<link rel=\"canonical\" href=\"https:\/\/www.revistarambla.com\/en\/las-ideas-de-orwell-siguen-vigentes-75-anos-despues-de-rebelion-en-la-granja\/\" \/>\n<meta property=\"og:locale\" content=\"en_GB\" \/>\n<meta property=\"og:type\" content=\"article\" \/>\n<meta property=\"og:title\" content=\"Las ideas de Orwell siguen vigentes 75 a\u00f1os despu\u00e9s de \u2018Rebeli\u00f3n en la granja\u2019 - Revista Rambla\" \/>\n<meta property=\"og:description\" content=\"Hace 75 a\u00f1os, en agosto de 1946, se public\u00f3 en Estados Unidos Rebeli\u00f3n en la granja de George Orwell. Fue un gran \u00e9xito, con m\u00e1s de medio mill\u00f3n de ejemplares vendidos en su primer a\u00f1o. A Rebeli\u00f3n en la granja le sigui\u00f3, tres a\u00f1os despu\u00e9s, un \u00e9xito a\u00fan mayor: La [&hellip;]\" \/>\n<meta property=\"og:url\" content=\"https:\/\/www.revistarambla.com\/en\/las-ideas-de-orwell-siguen-vigentes-75-anos-despues-de-rebelion-en-la-granja\/\" \/>\n<meta property=\"og:site_name\" content=\"Revista Rambla\" \/>\n<meta property=\"article:publisher\" content=\"https:\/\/www.facebook.com\/revistarambla\/\" \/>\n<meta property=\"article:published_time\" content=\"2021-08-17T15:51:03+00:00\" \/>\n<meta property=\"og:image\" content=\"https:\/\/www.revistarambla.com\/wp-content\/uploads\/2021\/08\/file-20210812-28-92ebpg.webp\" \/>\n\t<meta property=\"og:image:width\" content=\"1356\" \/>\n\t<meta property=\"og:image:height\" content=\"668\" \/>\n\t<meta property=\"og:image:type\" content=\"image\/webp\" \/>\n<meta name=\"author\" content=\"Mark Satta\" \/>\n<meta name=\"twitter:card\" content=\"summary_large_image\" \/>\n<meta name=\"twitter:creator\" content=\"@revistarambla\" \/>\n<meta name=\"twitter:site\" content=\"@revistarambla\" \/>\n<meta name=\"twitter:label1\" content=\"Written by\" \/>\n\t<meta name=\"twitter:data1\" content=\"Mark Satta\" \/>\n\t<meta name=\"twitter:label2\" content=\"Estimated reading time\" \/>\n\t<meta name=\"twitter:data2\" content=\"6 minutes\" \/>\n<script type=\"application\/ld+json\" class=\"yoast-schema-graph\">{\"@context\":\"https:\\\/\\\/schema.org\",\"@graph\":[{\"@type\":\"Article\",\"@id\":\"https:\\\/\\\/www.revistarambla.com\\\/las-ideas-de-orwell-siguen-vigentes-75-anos-despues-de-rebelion-en-la-granja\\\/#article\",\"isPartOf\":{\"@id\":\"https:\\\/\\\/www.revistarambla.com\\\/las-ideas-de-orwell-siguen-vigentes-75-anos-despues-de-rebelion-en-la-granja\\\/\"},\"author\":{\"name\":\"Mark Satta\",\"@id\":\"https:\\\/\\\/www.revistarambla.com\\\/#\\\/schema\\\/person\\\/2b19179a8ace334b829ad72cc6e6ce97\"},\"headline\":\"Las ideas de Orwell siguen vigentes 75 a\u00f1os despu\u00e9s de \u2018Rebeli\u00f3n en la granja\u2019\",\"datePublished\":\"2021-08-17T15:51:03+00:00\",\"mainEntityOfPage\":{\"@id\":\"https:\\\/\\\/www.revistarambla.com\\\/las-ideas-de-orwell-siguen-vigentes-75-anos-despues-de-rebelion-en-la-granja\\\/\"},\"wordCount\":1186,\"commentCount\":0,\"publisher\":{\"@id\":\"https:\\\/\\\/www.revistarambla.com\\\/#organization\"},\"image\":{\"@id\":\"https:\\\/\\\/www.revistarambla.com\\\/las-ideas-de-orwell-siguen-vigentes-75-anos-despues-de-rebelion-en-la-granja\\\/#primaryimage\"},\"thumbnailUrl\":\"https:\\\/\\\/www.revistarambla.com\\\/wp-content\\\/uploads\\\/2021\\\/08\\\/file-20210812-28-92ebpg.webp\",\"articleSection\":[\"Cultura\",\"Libros\"],\"inLanguage\":\"en-GB\",\"potentialAction\":[{\"@type\":\"CommentAction\",\"name\":\"Comment\",\"target\":[\"https:\\\/\\\/www.revistarambla.com\\\/las-ideas-de-orwell-siguen-vigentes-75-anos-despues-de-rebelion-en-la-granja\\\/#respond\"]}]},{\"@type\":\"WebPage\",\"@id\":\"https:\\\/\\\/www.revistarambla.com\\\/las-ideas-de-orwell-siguen-vigentes-75-anos-despues-de-rebelion-en-la-granja\\\/\",\"url\":\"https:\\\/\\\/www.revistarambla.com\\\/las-ideas-de-orwell-siguen-vigentes-75-anos-despues-de-rebelion-en-la-granja\\\/\",\"name\":\"Las ideas de Orwell siguen vigentes 75 a\u00f1os despu\u00e9s de \u2018Rebeli\u00f3n en la granja\u2019 - Revista Rambla\",\"isPartOf\":{\"@id\":\"https:\\\/\\\/www.revistarambla.com\\\/#website\"},\"primaryImageOfPage\":{\"@id\":\"https:\\\/\\\/www.revistarambla.com\\\/las-ideas-de-orwell-siguen-vigentes-75-anos-despues-de-rebelion-en-la-granja\\\/#primaryimage\"},\"image\":{\"@id\":\"https:\\\/\\\/www.revistarambla.com\\\/las-ideas-de-orwell-siguen-vigentes-75-anos-despues-de-rebelion-en-la-granja\\\/#primaryimage\"},\"thumbnailUrl\":\"https:\\\/\\\/www.revistarambla.com\\\/wp-content\\\/uploads\\\/2021\\\/08\\\/file-20210812-28-92ebpg.webp\",\"datePublished\":\"2021-08-17T15:51:03+00:00\",\"breadcrumb\":{\"@id\":\"https:\\\/\\\/www.revistarambla.com\\\/las-ideas-de-orwell-siguen-vigentes-75-anos-despues-de-rebelion-en-la-granja\\\/#breadcrumb\"},\"inLanguage\":\"en-GB\",\"potentialAction\":[{\"@type\":\"ReadAction\",\"target\":[\"https:\\\/\\\/www.revistarambla.com\\\/las-ideas-de-orwell-siguen-vigentes-75-anos-despues-de-rebelion-en-la-granja\\\/\"]}]},{\"@type\":\"ImageObject\",\"inLanguage\":\"en-GB\",\"@id\":\"https:\\\/\\\/www.revistarambla.com\\\/las-ideas-de-orwell-siguen-vigentes-75-anos-despues-de-rebelion-en-la-granja\\\/#primaryimage\",\"url\":\"https:\\\/\\\/www.revistarambla.com\\\/wp-content\\\/uploads\\\/2021\\\/08\\\/file-20210812-28-92ebpg.webp\",\"contentUrl\":\"https:\\\/\\\/www.revistarambla.com\\\/wp-content\\\/uploads\\\/2021\\\/08\\\/file-20210812-28-92ebpg.webp\",\"width\":1356,\"height\":668},{\"@type\":\"BreadcrumbList\",\"@id\":\"https:\\\/\\\/www.revistarambla.com\\\/las-ideas-de-orwell-siguen-vigentes-75-anos-despues-de-rebelion-en-la-granja\\\/#breadcrumb\",\"itemListElement\":[{\"@type\":\"ListItem\",\"position\":1,\"name\":\"Portada\",\"item\":\"https:\\\/\\\/www.revistarambla.com\\\/\"},{\"@type\":\"ListItem\",\"position\":2,\"name\":\"Las ideas de Orwell siguen vigentes 75 a\u00f1os despu\u00e9s de \u2018Rebeli\u00f3n en la granja\u2019\"}]},{\"@type\":\"WebSite\",\"@id\":\"https:\\\/\\\/www.revistarambla.com\\\/#website\",\"url\":\"https:\\\/\\\/www.revistarambla.com\\\/\",\"name\":\"Revista Rambla Barcelona\",\"description\":\"Periodismo independiente\",\"publisher\":{\"@id\":\"https:\\\/\\\/www.revistarambla.com\\\/#organization\"},\"potentialAction\":[{\"@type\":\"SearchAction\",\"target\":{\"@type\":\"EntryPoint\",\"urlTemplate\":\"https:\\\/\\\/www.revistarambla.com\\\/?s={search_term_string}\"},\"query-input\":{\"@type\":\"PropertyValueSpecification\",\"valueRequired\":true,\"valueName\":\"search_term_string\"}}],\"inLanguage\":\"en-GB\"},{\"@type\":\"Organization\",\"@id\":\"https:\\\/\\\/www.revistarambla.com\\\/#organization\",\"name\":\"Revista Rambla\",\"url\":\"https:\\\/\\\/www.revistarambla.com\\\/\",\"logo\":{\"@type\":\"ImageObject\",\"inLanguage\":\"en-GB\",\"@id\":\"https:\\\/\\\/www.revistarambla.com\\\/#\\\/schema\\\/logo\\\/image\\\/\",\"url\":\"https:\\\/\\\/www.revistarambla.com\\\/wp-content\\\/uploads\\\/2020\\\/09\\\/banner_rambla_1900x600_BB.png\",\"contentUrl\":\"https:\\\/\\\/www.revistarambla.com\\\/wp-content\\\/uploads\\\/2020\\\/09\\\/banner_rambla_1900x600_BB.png\",\"width\":1900,\"height\":600,\"caption\":\"Revista Rambla\"},\"image\":{\"@id\":\"https:\\\/\\\/www.revistarambla.com\\\/#\\\/schema\\\/logo\\\/image\\\/\"},\"sameAs\":[\"https:\\\/\\\/www.facebook.com\\\/revistarambla\\\/\",\"https:\\\/\\\/x.com\\\/revistarambla\",\"https:\\\/\\\/www.instagram.com\\\/revista_rambla\",\"https:\\\/\\\/es.linkedin.com\\\/company\\\/revista-rambla\"]},{\"@type\":\"Person\",\"@id\":\"https:\\\/\\\/www.revistarambla.com\\\/#\\\/schema\\\/person\\\/2b19179a8ace334b829ad72cc6e6ce97\",\"name\":\"Mark Satta\"}]}<\/script>\n<!-- \/ Yoast SEO plugin. -->","yoast_head_json":{"title":"Las ideas de Orwell siguen vigentes 75 a\u00f1os despu\u00e9s de \u2018Rebeli\u00f3n en la granja\u2019 - Revista Rambla","robots":{"index":"index","follow":"follow","max-snippet":"max-snippet:-1","max-image-preview":"max-image-preview:large","max-video-preview":"max-video-preview:-1"},"canonical":"https:\/\/www.revistarambla.com\/en\/las-ideas-de-orwell-siguen-vigentes-75-anos-despues-de-rebelion-en-la-granja\/","og_locale":"en_GB","og_type":"article","og_title":"Las ideas de Orwell siguen vigentes 75 a\u00f1os despu\u00e9s de \u2018Rebeli\u00f3n en la granja\u2019 - Revista Rambla","og_description":"Hace 75 a\u00f1os, en agosto de 1946, se public\u00f3 en Estados Unidos Rebeli\u00f3n en la granja de George Orwell. Fue un gran \u00e9xito, con m\u00e1s de medio mill\u00f3n de ejemplares vendidos en su primer a\u00f1o. A Rebeli\u00f3n en la granja le sigui\u00f3, tres a\u00f1os despu\u00e9s, un \u00e9xito a\u00fan mayor: La [&hellip;]","og_url":"https:\/\/www.revistarambla.com\/en\/las-ideas-de-orwell-siguen-vigentes-75-anos-despues-de-rebelion-en-la-granja\/","og_site_name":"Revista Rambla","article_publisher":"https:\/\/www.facebook.com\/revistarambla\/","article_published_time":"2021-08-17T15:51:03+00:00","og_image":[{"width":1356,"height":668,"url":"https:\/\/www.revistarambla.com\/wp-content\/uploads\/2021\/08\/file-20210812-28-92ebpg.webp","type":"image\/webp"}],"author":"Mark Satta","twitter_card":"summary_large_image","twitter_creator":"@revistarambla","twitter_site":"@revistarambla","twitter_misc":{"Written by":"Mark Satta","Estimated reading time":"6 minutes"},"schema":{"@context":"https:\/\/schema.org","@graph":[{"@type":"Article","@id":"https:\/\/www.revistarambla.com\/las-ideas-de-orwell-siguen-vigentes-75-anos-despues-de-rebelion-en-la-granja\/#article","isPartOf":{"@id":"https:\/\/www.revistarambla.com\/las-ideas-de-orwell-siguen-vigentes-75-anos-despues-de-rebelion-en-la-granja\/"},"author":{"name":"Mark Satta","@id":"https:\/\/www.revistarambla.com\/#\/schema\/person\/2b19179a8ace334b829ad72cc6e6ce97"},"headline":"Las ideas de Orwell siguen vigentes 75 a\u00f1os despu\u00e9s de \u2018Rebeli\u00f3n en la granja\u2019","datePublished":"2021-08-17T15:51:03+00:00","mainEntityOfPage":{"@id":"https:\/\/www.revistarambla.com\/las-ideas-de-orwell-siguen-vigentes-75-anos-despues-de-rebelion-en-la-granja\/"},"wordCount":1186,"commentCount":0,"publisher":{"@id":"https:\/\/www.revistarambla.com\/#organization"},"image":{"@id":"https:\/\/www.revistarambla.com\/las-ideas-de-orwell-siguen-vigentes-75-anos-despues-de-rebelion-en-la-granja\/#primaryimage"},"thumbnailUrl":"https:\/\/www.revistarambla.com\/wp-content\/uploads\/2021\/08\/file-20210812-28-92ebpg.webp","articleSection":["Cultura","Libros"],"inLanguage":"en-GB","potentialAction":[{"@type":"CommentAction","name":"Comment","target":["https:\/\/www.revistarambla.com\/las-ideas-de-orwell-siguen-vigentes-75-anos-despues-de-rebelion-en-la-granja\/#respond"]}]},{"@type":"WebPage","@id":"https:\/\/www.revistarambla.com\/las-ideas-de-orwell-siguen-vigentes-75-anos-despues-de-rebelion-en-la-granja\/","url":"https:\/\/www.revistarambla.com\/las-ideas-de-orwell-siguen-vigentes-75-anos-despues-de-rebelion-en-la-granja\/","name":"Las ideas de Orwell siguen vigentes 75 a\u00f1os despu\u00e9s de \u2018Rebeli\u00f3n en la granja\u2019 - Revista Rambla","isPartOf":{"@id":"https:\/\/www.revistarambla.com\/#website"},"primaryImageOfPage":{"@id":"https:\/\/www.revistarambla.com\/las-ideas-de-orwell-siguen-vigentes-75-anos-despues-de-rebelion-en-la-granja\/#primaryimage"},"image":{"@id":"https:\/\/www.revistarambla.com\/las-ideas-de-orwell-siguen-vigentes-75-anos-despues-de-rebelion-en-la-granja\/#primaryimage"},"thumbnailUrl":"https:\/\/www.revistarambla.com\/wp-content\/uploads\/2021\/08\/file-20210812-28-92ebpg.webp","datePublished":"2021-08-17T15:51:03+00:00","breadcrumb":{"@id":"https:\/\/www.revistarambla.com\/las-ideas-de-orwell-siguen-vigentes-75-anos-despues-de-rebelion-en-la-granja\/#breadcrumb"},"inLanguage":"en-GB","potentialAction":[{"@type":"ReadAction","target":["https:\/\/www.revistarambla.com\/las-ideas-de-orwell-siguen-vigentes-75-anos-despues-de-rebelion-en-la-granja\/"]}]},{"@type":"ImageObject","inLanguage":"en-GB","@id":"https:\/\/www.revistarambla.com\/las-ideas-de-orwell-siguen-vigentes-75-anos-despues-de-rebelion-en-la-granja\/#primaryimage","url":"https:\/\/www.revistarambla.com\/wp-content\/uploads\/2021\/08\/file-20210812-28-92ebpg.webp","contentUrl":"https:\/\/www.revistarambla.com\/wp-content\/uploads\/2021\/08\/file-20210812-28-92ebpg.webp","width":1356,"height":668},{"@type":"BreadcrumbList","@id":"https:\/\/www.revistarambla.com\/las-ideas-de-orwell-siguen-vigentes-75-anos-despues-de-rebelion-en-la-granja\/#breadcrumb","itemListElement":[{"@type":"ListItem","position":1,"name":"Portada","item":"https:\/\/www.revistarambla.com\/"},{"@type":"ListItem","position":2,"name":"Las ideas de Orwell siguen vigentes 75 a\u00f1os despu\u00e9s de \u2018Rebeli\u00f3n en la granja\u2019"}]},{"@type":"WebSite","@id":"https:\/\/www.revistarambla.com\/#website","url":"https:\/\/www.revistarambla.com\/","name":"Revista Rambla Barcelona","description":"Periodismo independiente","publisher":{"@id":"https:\/\/www.revistarambla.com\/#organization"},"potentialAction":[{"@type":"SearchAction","target":{"@type":"EntryPoint","urlTemplate":"https:\/\/www.revistarambla.com\/?s={search_term_string}"},"query-input":{"@type":"PropertyValueSpecification","valueRequired":true,"valueName":"search_term_string"}}],"inLanguage":"en-GB"},{"@type":"Organization","@id":"https:\/\/www.revistarambla.com\/#organization","name":"Revista Rambla","url":"https:\/\/www.revistarambla.com\/","logo":{"@type":"ImageObject","inLanguage":"en-GB","@id":"https:\/\/www.revistarambla.com\/#\/schema\/logo\/image\/","url":"https:\/\/www.revistarambla.com\/wp-content\/uploads\/2020\/09\/banner_rambla_1900x600_BB.png","contentUrl":"https:\/\/www.revistarambla.com\/wp-content\/uploads\/2020\/09\/banner_rambla_1900x600_BB.png","width":1900,"height":600,"caption":"Revista Rambla"},"image":{"@id":"https:\/\/www.revistarambla.com\/#\/schema\/logo\/image\/"},"sameAs":["https:\/\/www.facebook.com\/revistarambla\/","https:\/\/x.com\/revistarambla","https:\/\/www.instagram.com\/revista_rambla","https:\/\/es.linkedin.com\/company\/revista-rambla"]},{"@type":"Person","@id":"https:\/\/www.revistarambla.com\/#\/schema\/person\/2b19179a8ace334b829ad72cc6e6ce97","name":"Mark Satta"}]}},"_links":{"self":[{"href":"https:\/\/www.revistarambla.com\/en\/wp-json\/wp\/v2\/posts\/34850","targetHints":{"allow":["GET"]}}],"collection":[{"href":"https:\/\/www.revistarambla.com\/en\/wp-json\/wp\/v2\/posts"}],"about":[{"href":"https:\/\/www.revistarambla.com\/en\/wp-json\/wp\/v2\/types\/post"}],"author":[{"embeddable":true,"href":"https:\/\/www.revistarambla.com\/en\/wp-json\/wp\/v2\/users\/15"}],"replies":[{"embeddable":true,"href":"https:\/\/www.revistarambla.com\/en\/wp-json\/wp\/v2\/comments?post=34850"}],"version-history":[{"count":0,"href":"https:\/\/www.revistarambla.com\/en\/wp-json\/wp\/v2\/posts\/34850\/revisions"}],"wp:featuredmedia":[{"embeddable":true,"href":"https:\/\/www.revistarambla.com\/en\/wp-json\/wp\/v2\/media\/34851"}],"wp:attachment":[{"href":"https:\/\/www.revistarambla.com\/en\/wp-json\/wp\/v2\/media?parent=34850"}],"wp:term":[{"taxonomy":"category","embeddable":true,"href":"https:\/\/www.revistarambla.com\/en\/wp-json\/wp\/v2\/categories?post=34850"},{"taxonomy":"post_tag","embeddable":true,"href":"https:\/\/www.revistarambla.com\/en\/wp-json\/wp\/v2\/tags?post=34850"}],"curies":[{"name":"wp","href":"https:\/\/api.w.org\/{rel}","templated":true}]}}