{"id":34841,"date":"2021-08-17T17:31:53","date_gmt":"2021-08-17T15:31:53","guid":{"rendered":"https:\/\/www.revistarambla.com\/?p=34841"},"modified":"2021-08-17T17:31:53","modified_gmt":"2021-08-17T15:31:53","slug":"75-anos-de-la-muerte-de-h-g-wells-uno-de-los-padres-de-la-ciencia-ficcion","status":"publish","type":"post","link":"https:\/\/www.revistarambla.com\/en\/75-anos-de-la-muerte-de-h-g-wells-uno-de-los-padres-de-la-ciencia-ficcion\/","title":{"rendered":"75 a\u00f1os de la muerte de H.G. Wells, uno de los padres de la ciencia ficci\u00f3n"},"content":{"rendered":"<figure id=\"attachment_34842\" aria-describedby=\"caption-attachment-34842\" style=\"width: 1356px\" class=\"wp-caption aligncenter\"><a href=\"https:\/\/www.revistarambla.com\/wp-content\/uploads\/2021\/08\/file-20210810-15-1qd21fa.webp\"><img decoding=\"async\" class=\"wp-image-34842 size-full\" src=\"https:\/\/www.revistarambla.com\/wp-content\/uploads\/2021\/08\/file-20210810-15-1qd21fa.webp\" alt=\"\" width=\"1356\" height=\"668\" srcset=\"https:\/\/www.revistarambla.com\/wp-content\/uploads\/2021\/08\/file-20210810-15-1qd21fa.webp 1356w, https:\/\/www.revistarambla.com\/wp-content\/uploads\/2021\/08\/file-20210810-15-1qd21fa-300x148.webp 300w, https:\/\/www.revistarambla.com\/wp-content\/uploads\/2021\/08\/file-20210810-15-1qd21fa-1024x504.webp 1024w, https:\/\/www.revistarambla.com\/wp-content\/uploads\/2021\/08\/file-20210810-15-1qd21fa-768x378.webp 768w\" sizes=\"(max-width: 1356px) 100vw, 1356px\" \/><\/a><figcaption id=\"caption-attachment-34842\" class=\"wp-caption-text\">H G Wells en 1890. Wikimedia Commons \/ Library of the London School of Economics and Political Science<\/figcaption><\/figure>\n<p>John Frederick Clute, historiador y cr\u00edtico canadiense de ciencia ficci\u00f3n y literatura fant\u00e1stica, dijo de Herbert George Wells, m\u00e1s conocido como H. G. Wells, que ten\u00eda una voz aguda y atiplada y que su piel ol\u00eda a miel. Hoy, 13 de agosto, se cumplen 75 a\u00f1os de su muerte.<\/p>\n<p>H. G. Wells (1866 &#8211; 1946) fue un prol\u00edfico pensador, educador, escritor y novelista brit\u00e1nico que es considerado, junto a Hugo Gernsback (1884-1967) y a Julio Verne (1828-1905), uno de los padres creadores del moderno g\u00e9nero literario de la ciencia ficci\u00f3n.<\/p>\n<p>La ciencia ficci\u00f3n es un factor com\u00fan en una amplia gama de relatos y de culturas diferentes a lo largo de la historia de la humanidad, pero la revoluci\u00f3n cient\u00edfica y los principales descubrimientos en astronom\u00eda, f\u00edsica, qu\u00edmica, biolog\u00eda y matem\u00e1ticas acontecidos en el siglo XIX proporcionaron las premisas y el escenario adecuados para que surgiera la ciencia ficci\u00f3n moderna, que facilit\u00f3 novedosas y fabulosas obras escritas argumentadas en base a este g\u00e9nero.<\/p>\n<p>Wells naci\u00f3 en 1866, en plena \u00e9poca victoriana, escoltado por un florecimiento inusual de las ciencias y de la tecnolog\u00eda. Por citar algunos ejemplos, en el mismo a\u00f1o de su nacimiento <a href=\"https:\/\/www.biodiversitylibrary.org\/item\/129610#page\/13\/mode\/1up\">se publicaron las Leyes de la herencia de Gregor Mendel<\/a> y se instal\u00f3 el primer cable transatl\u00e1ntico que uni\u00f3 Nueva York con Londres.<\/p>\n<p>Hasta finales del siglo, cada a\u00f1o surgieron sucesos cient\u00edficos muy relevantes. Por ejemplo, el descubrimiento de los \u00e1cidos nucleicos, de los rayos X, de la radioactividad, de los canales de Marte y de numerosos asteroides, que marcaron a la sociedad de la \u00e9poca y al propio Wells. A medida que avanzaba el siglo XIX, los progresos en la ciencia cambiaban la forma en que los seres humanos razonaban sobre cu\u00e1l era su posici\u00f3n en el cosmos, lo que tuvo profundas implicaciones para el desarrollo de la renovada ciencia ficci\u00f3n.<\/p>\n<h2>Ni\u00f1o lector<\/h2>\n<figure id=\"attachment_34843\" aria-describedby=\"caption-attachment-34843\" style=\"width: 300px\" class=\"wp-caption alignright\"><a href=\"https:\/\/www.revistarambla.com\/wp-content\/uploads\/2021\/08\/file-20210810-23-9j09qs.webp\"><img decoding=\"async\" class=\"wp-image-34843\" src=\"https:\/\/www.revistarambla.com\/wp-content\/uploads\/2021\/08\/file-20210810-23-9j09qs-205x300.webp\" alt=\"\" width=\"300\" height=\"439\" srcset=\"https:\/\/www.revistarambla.com\/wp-content\/uploads\/2021\/08\/file-20210810-23-9j09qs-205x300.webp 205w, https:\/\/www.revistarambla.com\/wp-content\/uploads\/2021\/08\/file-20210810-23-9j09qs-701x1024.webp 701w, https:\/\/www.revistarambla.com\/wp-content\/uploads\/2021\/08\/file-20210810-23-9j09qs-768x1122.webp 768w, https:\/\/www.revistarambla.com\/wp-content\/uploads\/2021\/08\/file-20210810-23-9j09qs.webp 1000w\" sizes=\"(max-width: 300px) 100vw, 300px\" \/><\/a><figcaption id=\"caption-attachment-34843\" class=\"wp-caption-text\">Retrato de juventud de H G Wells. Wikimedia Commons<\/figcaption><\/figure>\n<p>Wells era permeable a todo el desarrollo cultural y cient\u00edfico que ocurr\u00eda a su alrededor y, aunque tuvo una infancia colmada de carest\u00edas, desde muy joven entr\u00f3 en contacto con las obras de diferentes escritores. Esto fue debido a un accidente que le provoc\u00f3 una fractura en la pierna y que oblig\u00f3 al mozalbete de ocho a\u00f1os a estar postrado varias semanas en la cama y a combatir el aburrimiento leyendo libros de la biblioteca local que le llevaba su padre.<\/p>\n<p>Inmerso en los textos, Wells descubri\u00f3 nuevos mundos y el deseo de escribir.<\/p>\n<p>As\u00ed, superada la adolescencia, Wells, que amaba la literatura y la ciencia a partes iguales, consigui\u00f3 una beca para ingresar en la <em>Normal School of Science<\/em> de Londres. All\u00ed estudi\u00f3 biolog\u00eda con Thomas Henry Huxley, bi\u00f3logo y antrop\u00f3logo ingl\u00e9s, especializado en anatom\u00eda comparada y ferviente defensor de la teor\u00eda de la evoluci\u00f3n de Charles Darwin.<\/p>\n<p>Esta etapa afianz\u00f3 los conocimientos cient\u00edficos de Wells y le permiti\u00f3 expresar sus puntos de vista sobre la literatura y la sociedad en la revista <em>The Science School Journal<\/em>, donde dispuso las bases sobre las que construir los famosos relatos de ciencia ficci\u00f3n que escribi\u00f3 el autor. El talento de Wells era encomiable y redact\u00f3 prol\u00edficamente sobre ciencia, educaci\u00f3n, historia y pol\u00edtica. Produjo m\u00e1s de 150 libros y folletos y numerosos art\u00edculos y cartas publicados en la prensa.<\/p>\n<p>A principios de 1888, mientras gestionaba como pod\u00eda el crudo invierno e intentaba sortear las profundidades de una incipiente depresi\u00f3n, Wells suspendi\u00f3 los ex\u00e1menes universitarios de segundo a\u00f1o y perdi\u00f3 su beca. El futuro pintaba azul oscuro casi negro, pero comenz\u00f3 a ganar algo de dinero ense\u00f1ando ciencias en una escuela provincial.<\/p>\n<p>Por desgracia, entonces sufri\u00f3 un colaps\u00f3 de salud que fue diagnosticado como tuberculosis. La enfermedad auguraba la posibilidad de una invalidez prolongada en el mejor de los casos o de una muerte temprana en el peor. Con poco que perder, Wells decidi\u00f3 viajar a Londres con tan solo cinco libras donadas por su madre. Alquil\u00f3 una habitaci\u00f3n en Theobalds Road y luch\u00f3 por encontrar trabajo. Pasaron los d\u00edas y la situaci\u00f3n, estancada en la miseria, no vari\u00f3. Los pocos chelines que atesoraba comenzaron a estar en peligro de extinci\u00f3n. Justo cuando iba a dilapidar el \u00faltimo ejemplar que rodaba por el bolsillo, la rueda de la fortuna hizo una pirueta y Wells empez\u00f3 a trabajar a destajo en los peri\u00f3dicos, escribiendo p\u00e1rrafos para distintas compa\u00f1\u00edas.<\/p>\n<p>Adem\u00e1s, tambi\u00e9n encontr\u00f3 un emple\u00f3 como docente en Kilburn. En pocos meses Wells se convirti\u00f3 en un notorio profesor de ciencias en Londres pero, de nuevo, problemas de salud, vestidos de hemorragia pulmonar y de larga gripe insidiosa, trastocaron sus prometedores planes. Estaba claro que Wells no podr\u00eda sobrevivir a los rigores f\u00edsicos de ser profesor.<\/p>\n<p>Convaleciente, puli\u00f3 un ensayo impregnado de ciencia que, sorprendentemente, fue publicado por <em>The Fortnightly Review<\/em>, una de las revistas m\u00e1s importantes e influyentes en la Inglaterra del siglo XIX. El texto incluy\u00f3 una especie de manifiesto que puede ser interpretado como un aviso de la ficci\u00f3n que, poco despu\u00e9s, destilar\u00eda la pluma de Wells.<\/p>\n<h2>M\u00e1s que un escritor de ciencia ficci\u00f3n<\/h2>\n<p>Wells alcanz\u00f3 fama internacional con sus novelas fant\u00e1sticas, pero tambi\u00e9n fue partidario de la novela de contenido y cr\u00edtica social. Estaba convencido de que era necesario instaurar un sistema social m\u00e1s justo, lo que motiv\u00f3 que participara en la Sociedad Fabiana de Londres, un grupo de personas cuyo objetivo era instaurar el socialismo pac\u00edficamente, inoculando sus ideas en las universidades y en el gobierno.<\/p>\n<p>Durante su trayectoria, Wells particip\u00f3 en el debate pol\u00edtico cotidiano de Gran Breta\u00f1a interviniendo en una amplia gama de temas, incluida la pol\u00edtica educativa, la reforma social, el gobierno imperial, la estrategia militar, las relaciones de g\u00e9nero, las carencias de las instituciones democr\u00e1ticas existentes y el capitalismo. Dadas sus intervenciones, fue vinculado al socialismo y encontr\u00f3 una audiencia especialmente receptiva entre los pensadores progresistas de los Estados Unidos de Am\u00e9rica.<\/p>\n<p>Sin embargo, en mayo de 1910, Wells contribuy\u00f3 con una carta al primer n\u00famero del diario oficial de la Liga Nacional de J\u00f3venes Liberales donde escribi\u00f3 que era conocido como socialista, pero que nunca hab\u00eda dejado de ser liberal, que no era exactamente lo mismo que ser un miembro del Partido Liberal, y que el liberalismo representaba al socialismo como el alma al cuerpo.<\/p>\n<p>El talento de Wells era encomiable y su brillantez como comunicador de la ciencia despunt\u00f3 con fuerza atrayendo la amistad de numerosos cient\u00edficos, entre los que destac\u00f3 Sir Richard Gregory, profesor de astronom\u00eda en el Queen\u2019s College de Londres y presidente del Comit\u00e9 de Ense\u00f1anza de las Ciencias en las Escuelas Secundarias. Gregory fue editor de la revista <em>Nature<\/em> entre 1919 y 1939 y se le atribuye haber ayudado a establecer la publicaci\u00f3n en la comunidad cient\u00edfica internacional.<\/p>\n<p>Wells public\u00f3, durante 50 a\u00f1os, 25 art\u00edculos en la revista Nature con escritos como el publicado en 1894 que titul\u00f3 <a href=\"https:\/\/www.nature.com\/articles\/050300a0\">\u201cPopularizando la ciencia\u201d<\/a> y con los que intentaba inspirar y provocar a decenas de pensadores contempor\u00e1neos para que contribuyeran con una marea de correspondencia, rese\u00f1as de libros, avisos y otros comentarios.<\/p>\n<p>La Primera Guerra Mundial fue una cat\u00e1strofe sin precedentes que dio forma a nuestro mundo moderno y que marc\u00f3 a Wells. El 14 de agosto de 1914, public\u00f3 en <em>The Daily News<\/em> un art\u00edculo titulado \u201cLa guerra que acabar\u00e1 con la guerra\u201d y en el que opinaba que el conflicto no era una guerra de naciones, sino de la humanidad, nacido para exorcizar una locura mundial, poner fin a una era y alcanzar la paz.<\/p>\n<p>Wells esperaba que el final de La Gran Guerra trajera consigo el desarme y la creaci\u00f3n de un estado supranacional. Por desgracia, la lecci\u00f3n que trajo la contienda dur\u00f3 poco y, comprendiendo que el conflicto humano no terminar\u00eda con la guerra, las perspectivas futuras abatieron profundamente al escritor.<\/p>\n<figure id=\"attachment_34844\" aria-describedby=\"caption-attachment-34844\" style=\"width: 1000px\" class=\"wp-caption aligncenter\"><a href=\"https:\/\/www.revistarambla.com\/wp-content\/uploads\/2021\/08\/file-20210810-13-spxbda.webp\"><img decoding=\"async\" class=\"wp-image-34844 size-full\" src=\"https:\/\/www.revistarambla.com\/wp-content\/uploads\/2021\/08\/file-20210810-13-spxbda.webp\" alt=\"\" width=\"1000\" height=\"845\" srcset=\"https:\/\/www.revistarambla.com\/wp-content\/uploads\/2021\/08\/file-20210810-13-spxbda.webp 1000w, https:\/\/www.revistarambla.com\/wp-content\/uploads\/2021\/08\/file-20210810-13-spxbda-300x254.webp 300w, https:\/\/www.revistarambla.com\/wp-content\/uploads\/2021\/08\/file-20210810-13-spxbda-768x649.webp 768w\" sizes=\"(max-width: 1000px) 100vw, 1000px\" \/><\/a><figcaption id=\"caption-attachment-34844\" class=\"wp-caption-text\">Art\u00edculo sobre la Primera Guerra Mundial publicado por HG Wells en 1918. Wikimedia Commons<\/figcaption><\/figure>\n<h2>De \u2018La m\u00e1quina del tiempo\u2019 a \u2018La guerra de los mundos\u2019<\/h2>\n<p>Antes de que aconteciese la primera gran guerra, a finales del siglo XIX, Wells ya publicaba a un ritmo vertiginoso, principalmente textos cient\u00edficos, pero en poco tiempo los temas se ramificaron con rapidez y en 1895 lleg\u00f3 <em>La m\u00e1quina del tiempo<\/em>.<\/p>\n<p>Se trata de una novela inspirada en la teor\u00eda darwiniana que Wells hab\u00eda adquirido a trav\u00e9s de Huxley. En la obra, un cient\u00edfico construye un artefacto que le permite viajar f\u00edsicamente a trav\u00e9s del tiempo y con el que consigue trasladarse hasta el a\u00f1o 802701. All\u00ed descubre que la humanidad ha evolucionado en dos razas separadas: los hermosos pero insensatos Eloi, que viven vidas hedonistas por encima de suelo, y los salvajes y feos Morlocks, que viven bajo tierra y que salen por la noche para devorar a los Eloi.<\/p>\n<p>El viajero logra avanzar m\u00e1s en la l\u00ednea temporal y alcanza un futuro en el que monstruos con forma de cangrejo corretean por una playa terminal bajo un sol moribundo.<\/p>\n<figure id=\"attachment_34845\" aria-describedby=\"caption-attachment-34845\" style=\"width: 300px\" class=\"wp-caption alignright\"><a href=\"https:\/\/www.revistarambla.com\/wp-content\/uploads\/2021\/08\/file-20210810-15-vayx2t.webp\"><img decoding=\"async\" class=\"wp-image-34845\" src=\"https:\/\/www.revistarambla.com\/wp-content\/uploads\/2021\/08\/file-20210810-15-vayx2t-210x300.webp\" alt=\"\" width=\"300\" height=\"428\" srcset=\"https:\/\/www.revistarambla.com\/wp-content\/uploads\/2021\/08\/file-20210810-15-vayx2t-210x300.webp 210w, https:\/\/www.revistarambla.com\/wp-content\/uploads\/2021\/08\/file-20210810-15-vayx2t-717x1024.webp 717w, https:\/\/www.revistarambla.com\/wp-content\/uploads\/2021\/08\/file-20210810-15-vayx2t-768x1097.webp 768w, https:\/\/www.revistarambla.com\/wp-content\/uploads\/2021\/08\/file-20210810-15-vayx2t.webp 1000w\" sizes=\"(max-width: 300px) 100vw, 300px\" \/><\/a><figcaption id=\"caption-attachment-34845\" class=\"wp-caption-text\">Ilustraci\u00f3n de la primera edici\u00f3n de la isla del doctor Moreau firmada por Charles Robert Ashbee. Wikimedia Commons<\/figcaption><\/figure>\n<p>Esta primera novela de Wells fue un \u00e9xito inmediato de cr\u00edtica y p\u00fablico, dio fama y dinero al escritor y cambi\u00f3 la historia de la ciencia ficci\u00f3n. Alentado por el feliz resultado, en apenas cuatro a\u00f1os, Wells escribi\u00f3 otros t\u00edtulos revolucionarios.<\/p>\n<p>En 1896, cuando la comunidad cient\u00edfica del Reino Unido estaba sumida en los debates sobre la vivisecci\u00f3n de los animales, Wells public\u00f3 <em>La isla del doctor Moreau<\/em>. En la novela un caballero de clase alta, llamado Edward Prendick, naufraga en una isla tropical perdida y conoce a un cient\u00edfico de nombre Moreau que trata de transformar quir\u00fargicamente animales en seres humanos. Los h\u00edbridos animal-humano de la novela son precursores aproximados de las quimeras embrionarias de hoy en d\u00eda y presagiaron la era de la ingenier\u00eda gen\u00e9tica.<\/p>\n<p>Al a\u00f1o siguiente Wells public\u00f3 la novela <em>El hombre invisible<\/em> en la que un cient\u00edfico llamado Griffin y dedicado a la investigaci\u00f3n en el campo de la \u00f3ptica invent\u00f3 una forma de cambiar el \u00edndice de refracci\u00f3n de su cuerpo por el del aire, logrando que no absorbiera ni reflejara la luz y consiguiendo la capacidad de volverse invisible. En el a\u00f1o 2014, cient\u00edficos de la Universidad de Rochester dise\u00f1aron un artilugio formado por cuatro lentes que era capaz de desviar la luz y crear un punto ciego, de manera que <a href=\"https:\/\/www.rochester.edu\/newscenter\/watch-rochester-cloak-uses-ordinary-lenses-to-hide-objects-across-continuous-range-of-angles-70592\/\">hac\u00eda invisible cualquier objeto observado a trav\u00e9s de \u00e9l<\/a>.<\/p>\n<p>En 1898 public\u00f3 <em>La guerra de los mundos<\/em>, que describe una invasi\u00f3n marciana a la Tierra. Cuarenta a\u00f1os despu\u00e9s de su publicaci\u00f3n, en la noche de Halloween de 1938, la transmisi\u00f3n radiof\u00f3nica de la novela en el Teatro Mercury por parte de Orson Welles provoc\u00f3 el p\u00e1nico generalizado en la ciudad de Nueva York. Los marcianos de esta obra atacaban con lo que Wells llam\u00f3 \u201crayo de calor\u201d, una s\u00faper arma capaz de incinerar a humanos indefensos con apenas un destello de luz silencioso.<\/p>\n<figure id=\"attachment_34846\" aria-describedby=\"caption-attachment-34846\" style=\"width: 300px\" class=\"wp-caption alignright\"><a href=\"https:\/\/www.revistarambla.com\/wp-content\/uploads\/2021\/08\/file-20210810-17-6dtb0m.webp\"><img decoding=\"async\" class=\"wp-image-34846\" src=\"https:\/\/www.revistarambla.com\/wp-content\/uploads\/2021\/08\/file-20210810-17-6dtb0m-189x300.webp\" alt=\"\" width=\"300\" height=\"476\" srcset=\"https:\/\/www.revistarambla.com\/wp-content\/uploads\/2021\/08\/file-20210810-17-6dtb0m-189x300.webp 189w, https:\/\/www.revistarambla.com\/wp-content\/uploads\/2021\/08\/file-20210810-17-6dtb0m-645x1024.webp 645w, https:\/\/www.revistarambla.com\/wp-content\/uploads\/2021\/08\/file-20210810-17-6dtb0m-768x1220.webp 768w, https:\/\/www.revistarambla.com\/wp-content\/uploads\/2021\/08\/file-20210810-17-6dtb0m-967x1536.webp 967w, https:\/\/www.revistarambla.com\/wp-content\/uploads\/2021\/08\/file-20210810-17-6dtb0m.webp 1000w\" sizes=\"(max-width: 300px) 100vw, 300px\" \/><\/a><figcaption id=\"caption-attachment-34846\" class=\"wp-caption-text\">Portada de la primera edici\u00f3n de El hombre invisible. Wikimedia Commons<\/figcaption><\/figure>\n<p>Seis d\u00e9cadas m\u00e1s tarde, el 16 de mayo de 1960, Theodore Maiman dispar\u00f3 el primer l\u00e1ser operativo en el Laboratorio de Investigaci\u00f3n Hughes de California. La descripci\u00f3n que Wells hizo del \u201crayo de calor\u201d tiene mucha afinidad con los l\u00e1seres actuales, pero tambi\u00e9n con armas de energ\u00eda dirigida, como las que utilizan microondas, radiaci\u00f3n electromagn\u00e9tica y ondas de radio o de sonido.<\/p>\n<p>Adem\u00e1s, la novela inspir\u00f3 al f\u00edsico Robert Goddard, inventor del cohete de combustible l\u00edquido, a dedicar su vida a los viajes espaciales y su investigaci\u00f3n condujo al desarrollo del programa Apolo de la NASA. Al final del relato, los seres humanos encuentran un aliado inesperado en los microorganismos terrestres, que al entrar en contacto con los alien\u00edgenas, acaban con ellos, ya que los marcianos no ten\u00edan un sistema inmunol\u00f3gico preparado para defenderse de potenciales nuevos pat\u00f3genos como los de la Tierra.<\/p>\n<p>El desenlace narrativo liga sin disimulo con el auge que experiment\u00f3 la bacteriolog\u00eda a finales del siglo XIX y con las leyes de la selecci\u00f3n natural de las que Wells era ferviente defensor.<\/p>\n<p>En realidad, Wells tomaba un elemento de la comprensi\u00f3n cient\u00edfica de la \u00e9poca y lo modificaba, sin preocuparse de resolver los detalles t\u00e9cnicos. Consecuencia de ello, las obras de Wells, majestuosas y disruptivas, predijeron, entre otros elementos, la comunicaci\u00f3n inal\u00e1mbrica, la red inform\u00e1tica mundial, la televisi\u00f3n, los vuelos espaciales, el audiolibro, la bomba at\u00f3mica, la ingenier\u00eda gen\u00e9tica y la proliferaci\u00f3n nuclear.<\/p>\n<figure id=\"attachment_34847\" aria-describedby=\"caption-attachment-34847\" style=\"width: 1000px\" class=\"wp-caption aligncenter\"><img decoding=\"async\" class=\"wp-image-34847 size-full\" src=\"https:\/\/www.revistarambla.com\/wp-content\/uploads\/2021\/08\/file-20210810-23-8zby9h.webp\" alt=\"\" width=\"1000\" height=\"1446\" srcset=\"https:\/\/www.revistarambla.com\/wp-content\/uploads\/2021\/08\/file-20210810-23-8zby9h.webp 1000w, https:\/\/www.revistarambla.com\/wp-content\/uploads\/2021\/08\/file-20210810-23-8zby9h-207x300.webp 207w, https:\/\/www.revistarambla.com\/wp-content\/uploads\/2021\/08\/file-20210810-23-8zby9h-708x1024.webp 708w, https:\/\/www.revistarambla.com\/wp-content\/uploads\/2021\/08\/file-20210810-23-8zby9h-768x1111.webp 768w\" sizes=\"(max-width: 1000px) 100vw, 1000px\" \/><figcaption id=\"caption-attachment-34847\" class=\"wp-caption-text\">Ilustraci\u00f3n de La guerra de los mundos firmada por henri lanos y publicada en la revista Revue Je sais tout en 1905. Wikimedia Commons<\/figcaption><\/figure>\n<p><em><span class=\"fn author-name\">*Ra\u00fal Rivas Gonz\u00e1lez, <\/span>Catedr\u00e1tico de Microbiolog\u00eda, Universidad de Salamanca. Este art\u00edculo fue publicado originalmente en The Conversation.<\/em><\/p>","protected":false},"excerpt":{"rendered":"<p>John Frederick Clute, historiador y cr\u00edtico canadiense de ciencia ficci\u00f3n y literatura fant\u00e1stica, dijo de Herbert George Wells, m\u00e1s conocido como H. G. Wells, que ten\u00eda una voz aguda y atiplada y que su piel ol\u00eda a miel. Hoy, 13 de agosto, se cumplen 75 a\u00f1os de su muerte. H. [&hellip;]<\/p>\n","protected":false},"author":15,"featured_media":34842,"comment_status":"open","ping_status":"open","sticky":false,"template":"","format":"standard","meta":{"footnotes":""},"categories":[4,60],"tags":[],"class_list":["post-34841","post","type-post","status-publish","format-standard","has-post-thumbnail","hentry","category-cultura","category-libros"],"yoast_head":"<!-- This site is optimized with the Yoast SEO plugin v27.5 - https:\/\/yoast.com\/product\/yoast-seo-wordpress\/ -->\n<title>75 a\u00f1os de la muerte de H.G. Wells, uno de los padres de la ciencia ficci\u00f3n - Revista Rambla<\/title>\n<meta name=\"robots\" content=\"index, follow, max-snippet:-1, max-image-preview:large, max-video-preview:-1\" \/>\n<link rel=\"canonical\" href=\"https:\/\/www.revistarambla.com\/en\/75-anos-de-la-muerte-de-h-g-wells-uno-de-los-padres-de-la-ciencia-ficcion\/\" \/>\n<meta property=\"og:locale\" content=\"en_GB\" \/>\n<meta property=\"og:type\" content=\"article\" \/>\n<meta property=\"og:title\" content=\"75 a\u00f1os de la muerte de H.G. Wells, uno de los padres de la ciencia ficci\u00f3n - Revista Rambla\" \/>\n<meta property=\"og:description\" content=\"John Frederick Clute, historiador y cr\u00edtico canadiense de ciencia ficci\u00f3n y literatura fant\u00e1stica, dijo de Herbert George Wells, m\u00e1s conocido como H. G. Wells, que ten\u00eda una voz aguda y atiplada y que su piel ol\u00eda a miel. Hoy, 13 de agosto, se cumplen 75 a\u00f1os de su muerte. H. [&hellip;]\" \/>\n<meta property=\"og:url\" content=\"https:\/\/www.revistarambla.com\/en\/75-anos-de-la-muerte-de-h-g-wells-uno-de-los-padres-de-la-ciencia-ficcion\/\" \/>\n<meta property=\"og:site_name\" content=\"Revista Rambla\" \/>\n<meta property=\"article:publisher\" content=\"https:\/\/www.facebook.com\/revistarambla\/\" \/>\n<meta property=\"article:published_time\" content=\"2021-08-17T15:31:53+00:00\" \/>\n<meta property=\"og:image\" content=\"https:\/\/www.revistarambla.com\/wp-content\/uploads\/2021\/08\/file-20210810-15-1qd21fa.webp\" \/>\n\t<meta property=\"og:image:width\" content=\"1356\" \/>\n\t<meta property=\"og:image:height\" content=\"668\" \/>\n\t<meta property=\"og:image:type\" content=\"image\/webp\" \/>\n<meta name=\"author\" content=\"Ra\u00fal Rivas Gonz\u00e1lez\" \/>\n<meta name=\"twitter:card\" content=\"summary_large_image\" \/>\n<meta name=\"twitter:creator\" content=\"@revistarambla\" \/>\n<meta name=\"twitter:site\" content=\"@revistarambla\" \/>\n<meta name=\"twitter:label1\" content=\"Written by\" \/>\n\t<meta name=\"twitter:data1\" content=\"Ra\u00fal Rivas Gonz\u00e1lez\" \/>\n\t<meta name=\"twitter:label2\" content=\"Estimated reading time\" \/>\n\t<meta name=\"twitter:data2\" content=\"11 minutes\" \/>\n<script type=\"application\/ld+json\" class=\"yoast-schema-graph\">{\"@context\":\"https:\\\/\\\/schema.org\",\"@graph\":[{\"@type\":\"Article\",\"@id\":\"https:\\\/\\\/www.revistarambla.com\\\/75-anos-de-la-muerte-de-h-g-wells-uno-de-los-padres-de-la-ciencia-ficcion\\\/#article\",\"isPartOf\":{\"@id\":\"https:\\\/\\\/www.revistarambla.com\\\/75-anos-de-la-muerte-de-h-g-wells-uno-de-los-padres-de-la-ciencia-ficcion\\\/\"},\"author\":{\"name\":\"Ra\u00fal Rivas Gonz\u00e1lez\",\"@id\":\"https:\\\/\\\/www.revistarambla.com\\\/#\\\/schema\\\/person\\\/2b19179a8ace334b829ad72cc6e6ce97\"},\"headline\":\"75 a\u00f1os de la muerte de H.G. Wells, uno de los padres de la ciencia ficci\u00f3n\",\"datePublished\":\"2021-08-17T15:31:53+00:00\",\"mainEntityOfPage\":{\"@id\":\"https:\\\/\\\/www.revistarambla.com\\\/75-anos-de-la-muerte-de-h-g-wells-uno-de-los-padres-de-la-ciencia-ficcion\\\/\"},\"wordCount\":2326,\"commentCount\":0,\"publisher\":{\"@id\":\"https:\\\/\\\/www.revistarambla.com\\\/#organization\"},\"image\":{\"@id\":\"https:\\\/\\\/www.revistarambla.com\\\/75-anos-de-la-muerte-de-h-g-wells-uno-de-los-padres-de-la-ciencia-ficcion\\\/#primaryimage\"},\"thumbnailUrl\":\"https:\\\/\\\/www.revistarambla.com\\\/wp-content\\\/uploads\\\/2021\\\/08\\\/file-20210810-15-1qd21fa.webp\",\"articleSection\":[\"Cultura\",\"Libros\"],\"inLanguage\":\"en-GB\",\"potentialAction\":[{\"@type\":\"CommentAction\",\"name\":\"Comment\",\"target\":[\"https:\\\/\\\/www.revistarambla.com\\\/75-anos-de-la-muerte-de-h-g-wells-uno-de-los-padres-de-la-ciencia-ficcion\\\/#respond\"]}]},{\"@type\":\"WebPage\",\"@id\":\"https:\\\/\\\/www.revistarambla.com\\\/75-anos-de-la-muerte-de-h-g-wells-uno-de-los-padres-de-la-ciencia-ficcion\\\/\",\"url\":\"https:\\\/\\\/www.revistarambla.com\\\/75-anos-de-la-muerte-de-h-g-wells-uno-de-los-padres-de-la-ciencia-ficcion\\\/\",\"name\":\"75 a\u00f1os de la muerte de H.G. Wells, uno de los padres de la ciencia ficci\u00f3n - Revista Rambla\",\"isPartOf\":{\"@id\":\"https:\\\/\\\/www.revistarambla.com\\\/#website\"},\"primaryImageOfPage\":{\"@id\":\"https:\\\/\\\/www.revistarambla.com\\\/75-anos-de-la-muerte-de-h-g-wells-uno-de-los-padres-de-la-ciencia-ficcion\\\/#primaryimage\"},\"image\":{\"@id\":\"https:\\\/\\\/www.revistarambla.com\\\/75-anos-de-la-muerte-de-h-g-wells-uno-de-los-padres-de-la-ciencia-ficcion\\\/#primaryimage\"},\"thumbnailUrl\":\"https:\\\/\\\/www.revistarambla.com\\\/wp-content\\\/uploads\\\/2021\\\/08\\\/file-20210810-15-1qd21fa.webp\",\"datePublished\":\"2021-08-17T15:31:53+00:00\",\"breadcrumb\":{\"@id\":\"https:\\\/\\\/www.revistarambla.com\\\/75-anos-de-la-muerte-de-h-g-wells-uno-de-los-padres-de-la-ciencia-ficcion\\\/#breadcrumb\"},\"inLanguage\":\"en-GB\",\"potentialAction\":[{\"@type\":\"ReadAction\",\"target\":[\"https:\\\/\\\/www.revistarambla.com\\\/75-anos-de-la-muerte-de-h-g-wells-uno-de-los-padres-de-la-ciencia-ficcion\\\/\"]}]},{\"@type\":\"ImageObject\",\"inLanguage\":\"en-GB\",\"@id\":\"https:\\\/\\\/www.revistarambla.com\\\/75-anos-de-la-muerte-de-h-g-wells-uno-de-los-padres-de-la-ciencia-ficcion\\\/#primaryimage\",\"url\":\"https:\\\/\\\/www.revistarambla.com\\\/wp-content\\\/uploads\\\/2021\\\/08\\\/file-20210810-15-1qd21fa.webp\",\"contentUrl\":\"https:\\\/\\\/www.revistarambla.com\\\/wp-content\\\/uploads\\\/2021\\\/08\\\/file-20210810-15-1qd21fa.webp\",\"width\":1356,\"height\":668},{\"@type\":\"BreadcrumbList\",\"@id\":\"https:\\\/\\\/www.revistarambla.com\\\/75-anos-de-la-muerte-de-h-g-wells-uno-de-los-padres-de-la-ciencia-ficcion\\\/#breadcrumb\",\"itemListElement\":[{\"@type\":\"ListItem\",\"position\":1,\"name\":\"Portada\",\"item\":\"https:\\\/\\\/www.revistarambla.com\\\/\"},{\"@type\":\"ListItem\",\"position\":2,\"name\":\"75 a\u00f1os de la muerte de H.G. Wells, uno de los padres de la ciencia ficci\u00f3n\"}]},{\"@type\":\"WebSite\",\"@id\":\"https:\\\/\\\/www.revistarambla.com\\\/#website\",\"url\":\"https:\\\/\\\/www.revistarambla.com\\\/\",\"name\":\"Revista Rambla Barcelona\",\"description\":\"Periodismo independiente\",\"publisher\":{\"@id\":\"https:\\\/\\\/www.revistarambla.com\\\/#organization\"},\"potentialAction\":[{\"@type\":\"SearchAction\",\"target\":{\"@type\":\"EntryPoint\",\"urlTemplate\":\"https:\\\/\\\/www.revistarambla.com\\\/?s={search_term_string}\"},\"query-input\":{\"@type\":\"PropertyValueSpecification\",\"valueRequired\":true,\"valueName\":\"search_term_string\"}}],\"inLanguage\":\"en-GB\"},{\"@type\":\"Organization\",\"@id\":\"https:\\\/\\\/www.revistarambla.com\\\/#organization\",\"name\":\"Revista Rambla\",\"url\":\"https:\\\/\\\/www.revistarambla.com\\\/\",\"logo\":{\"@type\":\"ImageObject\",\"inLanguage\":\"en-GB\",\"@id\":\"https:\\\/\\\/www.revistarambla.com\\\/#\\\/schema\\\/logo\\\/image\\\/\",\"url\":\"https:\\\/\\\/www.revistarambla.com\\\/wp-content\\\/uploads\\\/2020\\\/09\\\/banner_rambla_1900x600_BB.png\",\"contentUrl\":\"https:\\\/\\\/www.revistarambla.com\\\/wp-content\\\/uploads\\\/2020\\\/09\\\/banner_rambla_1900x600_BB.png\",\"width\":1900,\"height\":600,\"caption\":\"Revista Rambla\"},\"image\":{\"@id\":\"https:\\\/\\\/www.revistarambla.com\\\/#\\\/schema\\\/logo\\\/image\\\/\"},\"sameAs\":[\"https:\\\/\\\/www.facebook.com\\\/revistarambla\\\/\",\"https:\\\/\\\/x.com\\\/revistarambla\",\"https:\\\/\\\/www.instagram.com\\\/revista_rambla\",\"https:\\\/\\\/es.linkedin.com\\\/company\\\/revista-rambla\"]},{\"@type\":\"Person\",\"@id\":\"https:\\\/\\\/www.revistarambla.com\\\/#\\\/schema\\\/person\\\/2b19179a8ace334b829ad72cc6e6ce97\",\"name\":\"Ra\u00fal Rivas Gonz\u00e1lez\"}]}<\/script>\n<!-- \/ Yoast SEO plugin. -->","yoast_head_json":{"title":"75 a\u00f1os de la muerte de H.G. Wells, uno de los padres de la ciencia ficci\u00f3n - Revista Rambla","robots":{"index":"index","follow":"follow","max-snippet":"max-snippet:-1","max-image-preview":"max-image-preview:large","max-video-preview":"max-video-preview:-1"},"canonical":"https:\/\/www.revistarambla.com\/en\/75-anos-de-la-muerte-de-h-g-wells-uno-de-los-padres-de-la-ciencia-ficcion\/","og_locale":"en_GB","og_type":"article","og_title":"75 a\u00f1os de la muerte de H.G. Wells, uno de los padres de la ciencia ficci\u00f3n - Revista Rambla","og_description":"John Frederick Clute, historiador y cr\u00edtico canadiense de ciencia ficci\u00f3n y literatura fant\u00e1stica, dijo de Herbert George Wells, m\u00e1s conocido como H. G. Wells, que ten\u00eda una voz aguda y atiplada y que su piel ol\u00eda a miel. Hoy, 13 de agosto, se cumplen 75 a\u00f1os de su muerte. H. [&hellip;]","og_url":"https:\/\/www.revistarambla.com\/en\/75-anos-de-la-muerte-de-h-g-wells-uno-de-los-padres-de-la-ciencia-ficcion\/","og_site_name":"Revista Rambla","article_publisher":"https:\/\/www.facebook.com\/revistarambla\/","article_published_time":"2021-08-17T15:31:53+00:00","og_image":[{"width":1356,"height":668,"url":"https:\/\/www.revistarambla.com\/wp-content\/uploads\/2021\/08\/file-20210810-15-1qd21fa.webp","type":"image\/webp"}],"author":"Ra\u00fal Rivas Gonz\u00e1lez","twitter_card":"summary_large_image","twitter_creator":"@revistarambla","twitter_site":"@revistarambla","twitter_misc":{"Written by":"Ra\u00fal Rivas Gonz\u00e1lez","Estimated reading time":"11 minutes"},"schema":{"@context":"https:\/\/schema.org","@graph":[{"@type":"Article","@id":"https:\/\/www.revistarambla.com\/75-anos-de-la-muerte-de-h-g-wells-uno-de-los-padres-de-la-ciencia-ficcion\/#article","isPartOf":{"@id":"https:\/\/www.revistarambla.com\/75-anos-de-la-muerte-de-h-g-wells-uno-de-los-padres-de-la-ciencia-ficcion\/"},"author":{"name":"Ra\u00fal Rivas Gonz\u00e1lez","@id":"https:\/\/www.revistarambla.com\/#\/schema\/person\/2b19179a8ace334b829ad72cc6e6ce97"},"headline":"75 a\u00f1os de la muerte de H.G. Wells, uno de los padres de la ciencia ficci\u00f3n","datePublished":"2021-08-17T15:31:53+00:00","mainEntityOfPage":{"@id":"https:\/\/www.revistarambla.com\/75-anos-de-la-muerte-de-h-g-wells-uno-de-los-padres-de-la-ciencia-ficcion\/"},"wordCount":2326,"commentCount":0,"publisher":{"@id":"https:\/\/www.revistarambla.com\/#organization"},"image":{"@id":"https:\/\/www.revistarambla.com\/75-anos-de-la-muerte-de-h-g-wells-uno-de-los-padres-de-la-ciencia-ficcion\/#primaryimage"},"thumbnailUrl":"https:\/\/www.revistarambla.com\/wp-content\/uploads\/2021\/08\/file-20210810-15-1qd21fa.webp","articleSection":["Cultura","Libros"],"inLanguage":"en-GB","potentialAction":[{"@type":"CommentAction","name":"Comment","target":["https:\/\/www.revistarambla.com\/75-anos-de-la-muerte-de-h-g-wells-uno-de-los-padres-de-la-ciencia-ficcion\/#respond"]}]},{"@type":"WebPage","@id":"https:\/\/www.revistarambla.com\/75-anos-de-la-muerte-de-h-g-wells-uno-de-los-padres-de-la-ciencia-ficcion\/","url":"https:\/\/www.revistarambla.com\/75-anos-de-la-muerte-de-h-g-wells-uno-de-los-padres-de-la-ciencia-ficcion\/","name":"75 a\u00f1os de la muerte de H.G. Wells, uno de los padres de la ciencia ficci\u00f3n - Revista Rambla","isPartOf":{"@id":"https:\/\/www.revistarambla.com\/#website"},"primaryImageOfPage":{"@id":"https:\/\/www.revistarambla.com\/75-anos-de-la-muerte-de-h-g-wells-uno-de-los-padres-de-la-ciencia-ficcion\/#primaryimage"},"image":{"@id":"https:\/\/www.revistarambla.com\/75-anos-de-la-muerte-de-h-g-wells-uno-de-los-padres-de-la-ciencia-ficcion\/#primaryimage"},"thumbnailUrl":"https:\/\/www.revistarambla.com\/wp-content\/uploads\/2021\/08\/file-20210810-15-1qd21fa.webp","datePublished":"2021-08-17T15:31:53+00:00","breadcrumb":{"@id":"https:\/\/www.revistarambla.com\/75-anos-de-la-muerte-de-h-g-wells-uno-de-los-padres-de-la-ciencia-ficcion\/#breadcrumb"},"inLanguage":"en-GB","potentialAction":[{"@type":"ReadAction","target":["https:\/\/www.revistarambla.com\/75-anos-de-la-muerte-de-h-g-wells-uno-de-los-padres-de-la-ciencia-ficcion\/"]}]},{"@type":"ImageObject","inLanguage":"en-GB","@id":"https:\/\/www.revistarambla.com\/75-anos-de-la-muerte-de-h-g-wells-uno-de-los-padres-de-la-ciencia-ficcion\/#primaryimage","url":"https:\/\/www.revistarambla.com\/wp-content\/uploads\/2021\/08\/file-20210810-15-1qd21fa.webp","contentUrl":"https:\/\/www.revistarambla.com\/wp-content\/uploads\/2021\/08\/file-20210810-15-1qd21fa.webp","width":1356,"height":668},{"@type":"BreadcrumbList","@id":"https:\/\/www.revistarambla.com\/75-anos-de-la-muerte-de-h-g-wells-uno-de-los-padres-de-la-ciencia-ficcion\/#breadcrumb","itemListElement":[{"@type":"ListItem","position":1,"name":"Portada","item":"https:\/\/www.revistarambla.com\/"},{"@type":"ListItem","position":2,"name":"75 a\u00f1os de la muerte de H.G. Wells, uno de los padres de la ciencia ficci\u00f3n"}]},{"@type":"WebSite","@id":"https:\/\/www.revistarambla.com\/#website","url":"https:\/\/www.revistarambla.com\/","name":"Revista Rambla Barcelona","description":"Periodismo independiente","publisher":{"@id":"https:\/\/www.revistarambla.com\/#organization"},"potentialAction":[{"@type":"SearchAction","target":{"@type":"EntryPoint","urlTemplate":"https:\/\/www.revistarambla.com\/?s={search_term_string}"},"query-input":{"@type":"PropertyValueSpecification","valueRequired":true,"valueName":"search_term_string"}}],"inLanguage":"en-GB"},{"@type":"Organization","@id":"https:\/\/www.revistarambla.com\/#organization","name":"Revista Rambla","url":"https:\/\/www.revistarambla.com\/","logo":{"@type":"ImageObject","inLanguage":"en-GB","@id":"https:\/\/www.revistarambla.com\/#\/schema\/logo\/image\/","url":"https:\/\/www.revistarambla.com\/wp-content\/uploads\/2020\/09\/banner_rambla_1900x600_BB.png","contentUrl":"https:\/\/www.revistarambla.com\/wp-content\/uploads\/2020\/09\/banner_rambla_1900x600_BB.png","width":1900,"height":600,"caption":"Revista Rambla"},"image":{"@id":"https:\/\/www.revistarambla.com\/#\/schema\/logo\/image\/"},"sameAs":["https:\/\/www.facebook.com\/revistarambla\/","https:\/\/x.com\/revistarambla","https:\/\/www.instagram.com\/revista_rambla","https:\/\/es.linkedin.com\/company\/revista-rambla"]},{"@type":"Person","@id":"https:\/\/www.revistarambla.com\/#\/schema\/person\/2b19179a8ace334b829ad72cc6e6ce97","name":"Ra\u00fal Rivas Gonz\u00e1lez"}]}},"_links":{"self":[{"href":"https:\/\/www.revistarambla.com\/en\/wp-json\/wp\/v2\/posts\/34841","targetHints":{"allow":["GET"]}}],"collection":[{"href":"https:\/\/www.revistarambla.com\/en\/wp-json\/wp\/v2\/posts"}],"about":[{"href":"https:\/\/www.revistarambla.com\/en\/wp-json\/wp\/v2\/types\/post"}],"author":[{"embeddable":true,"href":"https:\/\/www.revistarambla.com\/en\/wp-json\/wp\/v2\/users\/15"}],"replies":[{"embeddable":true,"href":"https:\/\/www.revistarambla.com\/en\/wp-json\/wp\/v2\/comments?post=34841"}],"version-history":[{"count":0,"href":"https:\/\/www.revistarambla.com\/en\/wp-json\/wp\/v2\/posts\/34841\/revisions"}],"wp:featuredmedia":[{"embeddable":true,"href":"https:\/\/www.revistarambla.com\/en\/wp-json\/wp\/v2\/media\/34842"}],"wp:attachment":[{"href":"https:\/\/www.revistarambla.com\/en\/wp-json\/wp\/v2\/media?parent=34841"}],"wp:term":[{"taxonomy":"category","embeddable":true,"href":"https:\/\/www.revistarambla.com\/en\/wp-json\/wp\/v2\/categories?post=34841"},{"taxonomy":"post_tag","embeddable":true,"href":"https:\/\/www.revistarambla.com\/en\/wp-json\/wp\/v2\/tags?post=34841"}],"curies":[{"name":"wp","href":"https:\/\/api.w.org\/{rel}","templated":true}]}}