{"id":3478,"date":"2013-06-04T05:49:47","date_gmt":"2013-06-04T05:49:47","guid":{"rendered":"https:\/\/www.revistarambla.com\/las-pensiones-no-joder\/"},"modified":"2021-11-08T20:15:57","modified_gmt":"2021-11-08T19:15:57","slug":"las-pensiones-no-joder","status":"publish","type":"post","link":"https:\/\/www.revistarambla.com\/en\/las-pensiones-no-joder\/","title":{"rendered":"\u00abQue no nos jodan la jubilaci\u00f3n\u00bb"},"content":{"rendered":"<p><img decoding=\"async\" class=\"aligncenter\" src=\"https:\/\/www.revistarambla.com\/wp-content\/uploads\/2013\/06\/abuelas_01.jpg\" alt=\"alt\" width=\"682\" height=\"450\" \/><\/p>\n<p>Los \u00faltimos informes publicados por el Gobierno anuncian nuevas modificaciones en la Seguridad Social. En vistas a la pr\u00f3xima reforma de este sistema, \u00a0prevista para finales de septiembre, el Gobierno ha encargado a un grupo de expertos delimitar la l\u00ednea de actuaci\u00f3n. El resultado del estudio de estos expertos ha sido el esperado. Las pensiones no s\u00f3lo no van a subir, sino que posiblemente disminuyan.<\/p>\n<p>La propuesta m\u00e1s firme opta por acabar con la actualizaci\u00f3n de las pensiones vinculada al IPC, el \u00cdndice de precios al Consumo. En su lugar, se ha planteado un sistema de actualizaci\u00f3n autom\u00e1tico en funci\u00f3n del presupuesto del Estado. Pero esta actualizaci\u00f3n tiene un l\u00edmite. En el caso de que las cuentas de la Seguridad Social sufran bajadas importantes, las pensiones nunca podr\u00e1n llegar al punto de ser insuficientes. Habr\u00eda que entrar en qu\u00e9 es o no suficiente. Por otro lado, en el caso de registrarse una subida importante, las pensiones se regir\u00e1n por el IPC. Teniendo en cuenta la salud de la econom\u00eda del pa\u00eds, con un 27% de paro, es poco probable que las pensiones opten al alza. Por el contrario, es posible que vuelvan a bajar, o en el mejor de los casos, se mantengan.<\/p>\n<p>Ante este panorama, los jubilados se encuentran en un callej\u00f3n sin salida. La bajada de las pensiones puede provocar que muchas personas no puedan hacer frente a los gastos que, a duras penas, afrontan actualmente. Son muchos los pensionistas que s\u00f3lo rozan los 400 euros, y muchas m\u00e1s las mujeres pensionistas que, con esos ingresos, intentan sobrevivir al d\u00eda a d\u00eda.<\/p>\n<p>Andaluc\u00eda es una de las Comunidades Aut\u00f3nomas con m\u00e1s poblaci\u00f3n femenina inactiva. La cifra asciende a los 9.165, mientras que el n\u00famero de hombres inactivos alcanza los 6.245 de la poblaci\u00f3n. Las mujeres representan la mayor tasa de inactividad seg\u00fan los \u00faltimos datos del INE, correspondientes al 4\u00ba trimestre de 2012. Estos datos, adem\u00e1s de hacer evidente la diferencia que a\u00fan hoy existe entre hombres y mujeres en cuanto a mercado laboral se refiere, reflejan el gran porcentaje de mujeres andaluzas que cuentan con una pensi\u00f3n como \u00fanica fuente de ingresos.<\/p>\n<p>Si se analizan los motivos de la inactividad laboral, la diferencia entre hombres y mujeres vuelve a ser evidente. Generalmente, las mujeres no se incorporan al mercado de trabajo por dedicarse a las labores del hogar, lo que las convierte en amas de casa con una pensi\u00f3n no contributiva o de viudedad. En el caso de los hombres los motivos son distintos. La mayor\u00eda de ellos no trabajan a causa de una incapacidad absoluta, o en el mayor de los casos, por jubilaci\u00f3n. El 74% de los hombres inactivos son pensionistas por jubilaci\u00f3n y pensionistas por incapacidad laboral absoluta, ambas pensiones derivadas del empleo productivo y sus cotizaciones.\u00a0 En el caso de las mujeres, esto s\u00f3lo ocurre en un 14%. El porcentaje restante corresponde a mujeres con una prestaci\u00f3n no contributiva, muy inferior al salario m\u00ednimo interprofesional, o a mujeres que cuentan con una pensi\u00f3n de viudedad.<\/p>\n<p>Esto hace que multitud de mujeres, tanto en Andaluc\u00eda como en otra Comunidades Aut\u00f3nomas, dependan de una pensi\u00f3n para subsistir. El Estado del Bienestar garantiza prestaciones a este tipo de personas, asegur\u00e1ndoles una situaci\u00f3n econ\u00f3mica medianamente estable. El problema viene cuando dicha pensi\u00f3n es m\u00ednima.<\/p>\n<p>Son muchas las mujeres que s\u00f3lo cuentan con 400 euros para pasar el mes. Este dinero proviene generalmente de una prestaci\u00f3n no contributiva que el Estado les concede. Una prestaci\u00f3n m\u00ednima que sube y baja en funci\u00f3n de los cambios de Gobierno y las Arcas del Estado. En otros muchos casos, estas mujeres son beneficiarias de una pensi\u00f3n de viudedad que se ajusta seg\u00fan los a\u00f1os trabajados de su difunto esposo; generalmente, una cuant\u00eda no mucho mayor a la prestaci\u00f3n no contributiva. En el mejor de los casos, algunas de ellas han trabajado durante a\u00f1os y hoy pueden contar con una prestaci\u00f3n m\u00e1s alta, correspondiente a esos a\u00f1os cotizados. Siempre y cuando estuvieran contratadas de forma regular y aseguradas, cosa que hace algunos a\u00f1os no era muy frecuente.<\/p>\n<p>Si se echa la vista atr\u00e1s unos 50 o 60 a\u00f1os, podr\u00e1 contemplarse una Espa\u00f1a agropecuaria. Sus habitantes trabajan las tierras, dedican su vida al campo, el cultivo y la ganader\u00eda, y la industria prolifera poco. La situaci\u00f3n actualmente ha cambiado, pero no lo suficiente como para que las tierras hayan pasado a un segundo plano y la industria se haya convertido en el motor econ\u00f3mico de la comunidad. Este panorama era el que se encontraban las mujeres a la hora de acceder al mundo laboral. Unas mujeres que hoy rondan los 70 a\u00f1os y que recuerdan con nostalgia aquel tiempo pasado.<\/p>\n<p>La mayor\u00eda de ellas han trabajado toda su vida en el campo, en talleres o en casa, de forma irregular y a la sombra. Otras han formado parte de la plantilla de alguna que otra f\u00e1brica que se instal\u00f3 por la zona. El resto, simplemente no ha trabajado nunca, y ha dedicado su vida a su casa, su marido y sus hijos.<\/p>\n<p>Ahora, pasados los a\u00f1os, llega el momento de hacer balance, y cuentas, para poder llegar a fin de mes. Muchas de ellas han perdido a sus maridos. Otras deben cuidarlos por su delicado estado de salud. Muchas tienen hijos y nietos de los que a\u00fan hoy, en estos tiempos de crisis, deben hacerse cargo. Otras no han tenido descendencia y carecen de esa ayuda que, llegados a cierta edad, tan necesaria es.<\/p>\n<p>Todas ellas, madres, esposas, viudas, abuelas y, en definitiva, mujeres, que hoy se ven con serios problemas para hacer frente a todos los gastos que supone un hogar. Facturas de luz, agua y gas que no dejan de subir, alquileres desorbitados, subidas del IVA o el nuevo pago por medicamento son algunos de obst\u00e1culos a los que estas mujeres deben enfrentarse cada mes. Sin contar con aquellos hijos con familia a su cargo que se han quedado en paro y que piden ayuda a sus madres para poder sobrevivir.<\/p>\n<div>\n<p>En definitiva, peque\u00f1os retos cotidianos que hacen de estas mujeres unas luchadoras.<\/p>\n<\/div>\n<p>A sus 77 a\u00f1os, Francisca tiene que \u201chacer malabares para poder llegar\u201d a fin de mes. As\u00ed lo dice esta cordobesa, madre y abuela que a\u00fan hoy, despu\u00e9s de trabajar toda una vida, sigue luchando para hacer frente a los gastos que supone un hogar.<\/p>\n<p><img decoding=\"async\" class=\"alignright\" src=\"https:\/\/www.revistarambla.com\/wp-content\/uploads\/2013\/06\/Francisca_01.jpg\" alt=\"alt\" width=\"374\" height=\"715\" \/><strong>\u00bfCu\u00e1ntos a\u00f1os ha trabajado?<\/strong><\/p>\n<p>Uy, no se decirte los a\u00f1os, pero he trabajado mucho. Desde los 20 a\u00f1os empec\u00e9 a trabajar asegurada, pero ya llevaba trabajando muchos a\u00f1os. Antes se trabajaba sin seguro y sin nada.\u00a0 A los 12 empec\u00e9 a trabajar en el campo. Lo mismo cegaba, que cog\u00eda aceitunas o limpiaba los sembrados. Yo ten\u00eda hermanas peque\u00f1as y prefer\u00eda que mi madre se quedara cuid\u00e1ndolas, as\u00ed que me iba a trabajar yo. No se ganaba mucho, pero hab\u00eda que trabajar.<\/p>\n<p>Despu\u00e9s, ya casada, estudi\u00e9 Corte y Confecci\u00f3n y dej\u00e9 el campo. A los a\u00f1os puse una droguer\u00eda en la que estuve trabajando 10 a\u00f1os, y despu\u00e9s un quiosco con sus pipas, sus caramelos. De todo, hija. He hecho de todo.<\/p>\n<p><strong>\u00bfSu marido tambi\u00e9n se dedicaba al campo?<\/strong><\/p>\n<p>Si, \u00e9l ha trabajado mucho. Tanto en el campo, como en los alba\u00f1iles y en el molino donde hac\u00edan el aceite. Ha estado toda la vida trabajando, ganando muy poco, pero trabajando much\u00edsimo. Desde los 5 a\u00f1os empez\u00f3 a trabajar, haciendo incluso turnos dobles para ganar m\u00e1s dinero y d\u00e1rselo a su familia, hasta que enferm\u00f3 de c\u00e1ncer y muri\u00f3 hace 5 a\u00f1os.<\/p>\n<p><strong>\u00bfQu\u00e9 tipo de pensi\u00f3n cobra usted?<\/strong><\/p>\n<p>Pues cobro 315\u201919 euros de una paga que me da el Gobierno, porque dec\u00edan que no ten\u00eda bastante cotizado. Y de viudedad cobro 384\u201950 euros, lo que suman unos 699\u201969 euros.<\/p>\n<p><strong>\u00bfA qu\u00e9 gastos se enfrenta con esa pensi\u00f3n?<\/strong><\/p>\n<p>Pues imag\u00ednate, todos los gastos de una casa. Yo pago tel\u00e9fono, comunidad, agua, luz, la contribuci\u00f3n de la vivienda, el seguro, la comida. Todo. Este mes me ha venido una factura de luz de 101 euros, de tanto poner el brasero. Pero es que una no puede estar sin esas cosas, y m\u00e1s con el fr\u00edo que est\u00e1 haciendo. As\u00ed que 100 euros para la luz, y as\u00ed con todo. Hay que hacer malabares para llegar, porque luego se presentan imprevistos y hay que tener algo guardado.<\/p>\n<p><strong>\u00bfAlguna vez ha tenido dificultades para poder pasar el mes?<\/strong><\/p>\n<p>Sin comer no me he quedado todav\u00eda, pero hay que hacer esfuerzos. Yo soy una persona que no tiene lujos. No juego a la loter\u00eda, no voy al bar, no gasto en compras. Eso s\u00ed, el \u00fanico lujo que tengo es ir a la peluquer\u00eda una vez a la semana, pero porque no me puedo peinar yo sola. Despu\u00e9s, si se presenta una comida familiar o comprar lo que sea para la casa, pues se compra, pero ya est\u00e1.<\/p>\n<p><strong>\u00bfHa necesitado alguna ayuda econ\u00f3mica familiar?<\/strong><\/p>\n<p>No, porque no la he necesitado, ni mis hijos tampoco, pero creo que el d\u00eda que me hiciera falta me ayudar\u00edan, igual que yo a ellos. Por ahora me apa\u00f1o bien con mi pensi\u00f3n, voy justa pero puedo. Mis hijos me insisten en que me vaya con ellos, pero yo a\u00fan me puedo valer, as\u00ed que prefiero quedarme en mi casa.<\/p>\n<p><strong>Ahora los jubilados y pensionistas tambi\u00e9n deben pagar por los medicamentos, \u00bfqu\u00e9 opina de esto?<\/strong><\/p>\n<p>Eso lleva unos 6 meses en funcionamiento, porque antes era gratis. A m\u00ed no me parece bien que tengamos que pagar por los medicamentos. Porque dicen que nos suben la pensi\u00f3n, s\u00ed. Pero si me hacen pagar por los medicamentos, me la est\u00e1n bajando, porque el dinero que me dan por un lado, me lo quitan por el otro.<\/p>\n<p>Yo estoy mala del h\u00edgado, del est\u00f3mago, tengo dolores en las piernas y en los hombros, y para eso necesito un tratamiento. Yo tomo al d\u00eda pastillas para el az\u00facar, el colesterol y la tensi\u00f3n, y ahora tengo que pagar un porcentaje por ellas. As\u00ed que imag\u00ednate. Yo creo que las personas mayores no deber\u00edan pagar por los medicamentos, porque los necesitan y se va un buen dinero en ellos.<\/p>\n<p><strong>Pero despu\u00e9s de todo, al menos puede llegar a fin de mes. Es usted una superviviente.<\/strong><\/p>\n<div>\n<p>S\u00ed, por lo menos una no se queda sin comer ni tiene que pedir dinero a nadie. Yo lo digo siempre, Virgencita, Virgencita, que me quede como estoy.<\/p>\n<\/div>\n<p>Lo mismo pide Manoli, otra luchadora incansable. Manoli tiene 78 a\u00f1os y es \u2018viuda. A diferencia de otras mujeres, esta ciudadana de Camas, una de las ciudades dormitorio de Sevilla, es una mujer separada. Cuando a\u00fan no estaban del todo aceptados los divorcios, Manoli reuni\u00f3 el valor y se separ\u00f3 de su marido. Actualmente, esta abuela sevillana vive sola, aunque pasa algunas temporadas con sus hijos para disfrutar de sus nietos.<\/p>\n<p><img decoding=\"async\" class=\"aligncenter\" src=\"https:\/\/www.revistarambla.com\/wp-content\/uploads\/2013\/06\/Manoli_01.jpg\" alt=\"alt\" width=\"700\" height=\"457\" \/><\/p>\n<p><strong>\u00bfHa trabajado alguna vez?<\/strong><\/p>\n<p>Yo no he trabajado nunca. Como se dec\u00eda antiguamente, me lo ten\u00edan prohibido. Yo he trabajado mucho en mi casa, haciendo las labores del hogar que se le llama ahora. He sido ama de casa toda mi vida, as\u00ed que no he cotizado nada.<\/p>\n<p><strong>Entonces s\u00f3lo cuenta con la pensi\u00f3n de viudedad, \u00bfno?<\/strong><\/p>\n<p>S\u00ed, yo tengo una paga de 618 euros de viudedad, por lo que mi ex marido cotiz\u00f3 en su momento. \u00c9l era mec\u00e1nico de mantenimiento del Hospital Virgen del Roc\u00edo, y all\u00ed trabaj\u00f3 muchos a\u00f1os, por lo que cotiz\u00f3 lo suficiente.<\/p>\n<p><strong>Y con esa pensi\u00f3n, \u00bfa qu\u00e9 gastos puede hacer frente?<\/strong><\/p>\n<p>Pues con esa pensi\u00f3n, imag\u00ednate. Tengo que pagar 50 euros de comunidad todos lo meses, m\u00e1s unos 40 euros o as\u00ed de luz, el seguro, el butano, la comida. Dime t\u00fa a m\u00ed qu\u00e9 me queda de los 618 euros despu\u00e9s de pagar todas las facturas. Nada. Con ese dinero no tengo para nada. S\u00f3lo se puede mal vivir.<\/p>\n<p><strong>\u00bfC\u00f3mo hace para llegar a fin de mes?<\/strong><\/p>\n<p>Con la paga doble que nos dan en Navidad y en verano, ahorro un poquito, lo que puedo, y voy tirando de ah\u00ed cuando me falta para pasar algunos meses. Pero mal, hija. Yo estoy mala del coraz\u00f3n y el m\u00e9dico me dice que me tengo que relajar y llevar una vida tranquila, pero con ese dinero no se puede relajar una, porque nunca sabe si va a tener suficiente un mes. Yo soy de comer poco, no bebo, no fumo, no tengo vicios, as\u00ed que m\u00e1s o menos me las puedo arreglar.<\/p>\n<p><strong>\u00bfHa necesitado ayuda econ\u00f3mica de sus familiares?<\/strong><\/p>\n<p>Gracias a Dios no. Ni yo su ayuda ni ellos la m\u00eda. Mis hijos tienen dinero para poder ir tirando, no son ricos pero al menos pueden vivir con lo que ganan, y yo pues me apa\u00f1o con lo poquito que tengo y voy ahorrando lo que puedo. Espero que sigamos as\u00ed. Hay que tocar madera.<\/p>\n<p><strong>\u00bfC\u00f3mo le ha afectado el nuevo pago por medicamentos?<\/strong><\/p>\n<div>\n<p>A m\u00ed todav\u00eda no me han hecho pagar por los medicamentos, no se por qu\u00e9 ser\u00e1, pero cuando paso la tarjeta en la farmacia no me sale que tenga que pagar nada. Yo supongo que es porque los medicamentos que tengo son los mismos desde hace muchos a\u00f1os, que son para mis enfermedades cr\u00f3nicas. No se, pero el caso es que yo no pago, pero mis amigas s\u00ed que pagan, \u00bfeh? Y f\u00edjate t\u00fa qu\u00e9 panorama, cuando no se puede tirar con la paguita que nos dan y encima les hacen pagar por las medicinas que necesitan.<\/p>\n<\/div>\n<p>Clementina, a la que todos conocen como Clemen, es viuda desde hace tres a\u00f1os. Como tantas otras mujeres, esta sevillana basa sus ingresos en una pensi\u00f3n que el Estado le proporciona cada mes. La diferencia entre Clemen y la casi totalidad del resto de mujeres andaluzas de su edad es que ella ha contado con un contrato laboral estable durante 40 a\u00f1os. Un caso excepcional que contrarresta con la delicada situaci\u00f3n econ\u00f3mica a la que deben hacer frente la mayor\u00eda de mujeres en Andaluc\u00eda.<\/p>\n<p><img decoding=\"async\" class=\"alignright\" src=\"https:\/\/www.revistarambla.com\/wp-content\/uploads\/2013\/06\/Clemen_01.jpg\" alt=\"alt\" width=\"293\" height=\"712\" \/><strong>\u00bfA qu\u00e9 edad empez\u00f3 a trabajar?<\/strong><\/p>\n<p>Era muy joven. No recuerdo muy bien la edad, pero fue pronto. Mis padres murieron cuando yo ten\u00eda 7 a\u00f1os, y fui criada por mis t\u00edos. Ellos no quer\u00edan que trabajara, pero yo insist\u00eda. Sab\u00eda que conoc\u00edan a los due\u00f1os de una f\u00e1brica de envases que estaba cerca de donde viv\u00edamos, y les propuse hablar con ellos. Como las familias eran amigas, entr\u00e9 a trabajar con un contrato fijo, y ah\u00ed estuve durante 40 a\u00f1os.<\/p>\n<p><strong>\u00bfSu marido tambi\u00e9n trabajaba?<\/strong><\/p>\n<p>\u00c9l se dedicaba a la construcci\u00f3n. Era aut\u00f3nomo, y siempre tuvo trabajo, pero no de forma fija.<\/p>\n<p><strong>Entonces, la pensi\u00f3n que cobra por viudedad debe ser m\u00ednima, \u00bfno?<\/strong><\/p>\n<p>Si. Yo cobro la pensi\u00f3n de jubilada, lo correspondiente a mis 40 a\u00f1os trabajados. Que tampoco creas que es mucho, \u00bfeh?<\/p>\n<p><strong>\u00bfCu\u00e1l es el total de su pensi\u00f3n?<\/strong><\/p>\n<p>El Gobierno me da en total 795,40 euros al mes, en bruto. A parte va lo del IRPF, y las subidas y bajadas que hacen cada dos por tres. Esta \u00faltima vez nos han subido la pensi\u00f3n un 2%. Ya ves t\u00fa lo que es un 2%. Yo porque puedo vivir con lo que cobro, porque no tengo hijos y para mi sola tengo bastante, aunque de tanto pagar facturas llego justa; pero tengo algunas vecinas, hija, que pobrecitas m\u00edas.<\/p>\n<p><strong>\u00bfRecibe o proporcionar alguna ayuda a alg\u00fan familiar que este pasando por un mal momento econ\u00f3mico?<\/strong><\/p>\n<p>Ayudo a mi hermano, que tuvo problemas con una obra y necesitaba el dinero. Y bueno, si una puede tirar con poco y a \u00e9l le hace m\u00e1s falta, pues se lo doy y ya est\u00e1.<\/p>\n<p><strong>\u00bfA qu\u00e9 gastos debe hacer frente con su pensi\u00f3n?<\/strong><\/p>\n<p>Pues por suerte el piso ya lo tengo pagado, pero el agua y la luz no deja de subir. Las facturas cada vez son m\u00e1s grandes, y no se por qu\u00e9, porque si una vive sola, t\u00fa me dir\u00e1s qu\u00e9 luz y qu\u00e9 agua gasto yo. Pero nada, cada mes pagamos m\u00e1s. Adem\u00e1s tengo que pagar la comunidad y mantener el coche de mi marido, el seguro, los arreglos. Yo no lo cojo, me da miedo, pero mis sobrinos si que lo usan, y a m\u00ed me da cosa decirles que lo paguen ellos.<\/p>\n<p><strong>\u00bfQu\u00e9 opina del pago por los medicamentos?<\/strong><\/p>\n<p>Yo entiendo que estamos en crisis y que hay que ajustarse un poquito m\u00e1s, y por eso antes no se ten\u00edan que pagar los medicamentos y ahora si. Algunos son muy caros, y una parte la pasa la Seguridad Social y la otra la tenemos que pagar nosotros. Pero cuando una tiene tantos males y tiene que comprar tantos medicamentos, el dinero que se va en la farmacia se nota.<\/p>\n<p><strong>Usted puede presumir de llegar a fin de mes con la pensi\u00f3n que cobra, pero otras muchas personas no.<\/strong><\/p>\n<div>\n<p>Hay personas que viven con los 400 euros de su paga y tienen que pagar el piso adem\u00e1s de las facturas. Y el dinero que una gaste para comer, porque de eso no hemos hablado. Cuando llega mediados de mes y pagan todo lo que tienen que pagar se quedan sin dinero, y ahora a ver qu\u00e9 hacen. Desde luego, la situaci\u00f3n es inaguantable y como no hagan algo pronto, esto va a explotar por alg\u00fan sitio.<\/p>\n<\/div>\n<p>La situaci\u00f3n precaria que sufren algunas mujeres no s\u00f3lo se da en Andaluc\u00eda. Barcelona tambi\u00e9n cuenta con un alto \u00edndice de mujeres con una pensi\u00f3n excesivamente baja que se enfrentan mes a mes a la lucha cotidiana de sobrevivir.<\/p>\n<p>Consuelo Gonz\u00e1lez, de 87 a\u00f1os, es una de ellas. Nacida en Barcelona, esta mujer ha pasado toda su vida trabajando. Ahora es viuda y seg\u00fan ella, cobra la mitad de lo que le pertenecer\u00eda.<\/p>\n<p><strong>-\u00bfA qu\u00e9 edad comenz\u00f3 a trabajar?<\/strong><\/p>\n<p>Desde los 14 a\u00f1os llevo trabajando. Anda que no he trabajado yo nada. Siendo una ni\u00f1a ten\u00eda que ir hasta Gracia desde Horta, imag\u00ednate la aventura que era eso en aquellos tiempos. Los hombres se te arrimaban m\u00e1s de la cuenta, s\u00f3lo algunos, y claro, una ten\u00eda que defenderse de alguna manera. Era muy com\u00fan llevar un alfiler, para que mantuvieran las distancias. En el momento que uno se acercaba m\u00e1s de la cuenta, sacaba el alfiler y se lo clavaba (risas). En Gracia trabajaba de soldadora en el torno, y as\u00ed estuve muchos a\u00f1os, sin contrato, claro. Despu\u00e9s me busqu\u00e9 un trabajo m\u00e1s cerca de mi casa, porque me daba miedo ir a las 5 h de la ma\u00f1ana hasta Gracia. Trabajaba haciendo alpargatas, pero tampoco ten\u00eda contrato. Eso de los seguros y los contratos no se llevaba entonces.<\/p>\n<p><strong>-Y despu\u00e9s de tantos a\u00f1os trabajados, \u00bfqu\u00e9 pensi\u00f3n tiene usted?<\/strong><\/p>\n<p>Pues si te digo la verdad, no s\u00e9 ni cuanto cobro, pero te digo yo a ti que muy poco. No cobro ni la mitad de lo que me pertenecer\u00eda. Estoy como quien dice muerta de hambre, y tengo un hijo enfermo. Le dio una embolia hace tiempo y desde entonces tengo que mantener a una persona que lo cuide, porque yo ya no puedo. Eso es un dinero m\u00e1s que se gasta, y con esa pensi\u00f3n no puede una tirar para adelante.<\/p>\n<p><strong>-Entonces, \u00bfc\u00f3mo hace frente a los gastos?<\/strong><\/p>\n<div>\n<p>Pues tirando un poco de la poca pensi\u00f3n de viudedad que tengo. Mi marido era cristalero, y el pobre tuvo muchos problemas con los cobros. La gente le pagaba con pagar\u00e9s, y se muri\u00f3 hace 17 a\u00f1os y a\u00fan segu\u00edan debi\u00e9ndole los pagar\u00e9s. La verdad es que llego a pasarlo mal. Con las dos pensiones apenas puedo llegar a fin de mes, entre una cosa y otra, y encima ahora con eso de que hay que pagar los medicamentos, ya me dir\u00e1s a m\u00ed. Con 87 a\u00f1os, imagina cu\u00e1ntos medicamentos puedo necesitar, y ahora, otro gasto m\u00e1s. Esto ya es inaguantable. Estamos jodidos.<\/p>\n<\/div>\n<p>Al igual que Consuelo, Carmen ha pasado toda una vida trabajando y ahora se encuentra en la situaci\u00f3n de mantener una casa sola y con una pensi\u00f3n de apenas 600 euros.<\/p>\n<p><strong>-\u00bfHa trabajado usted alguna vez?<\/strong><\/p>\n<p>Uy que si he trabajado. Desde muy joven empec\u00e9 a trabajar en la f\u00e1brica de Philips. Estuve muchos a\u00f1os all\u00ed, pero claro, lleg\u00f3 el momento de casarme y ya dej\u00e9 de trabajar. Pero no porque yo quisiera, sino porque all\u00ed, en cuanto te casabas te echaban a la calle, y ahora b\u00fascate la vida. Eso nos pas\u00f3 a m\u00ed y a m\u00e1s de 200 chicas que trabaj\u00e1bamos all\u00ed.<\/p>\n<p><strong>-Y despu\u00e9s de la f\u00e1brica, \u00bfa qu\u00e9 se dedic\u00f3 usted?<\/strong><\/p>\n<p>Pues como digo, a buscarme la vida. Empec\u00e9 a trabajar como cajera en una tienda de cosm\u00e9ticos, de pintalabios y eso, pero no estaba contratada ni nada. Me pagaban lo que pod\u00edan as\u00ed, en negro, y bueno, una se conformaba y ten\u00eda para tirar. Poco despu\u00e9s me avisaron para trabajar en una f\u00e1brica haciendo botones. All\u00ed estuve 4 a\u00f1os con contrato de trabajo y muy bien, la verdad. Hasta que ya tuve a mis hijos y trabajaba en mi casa como ama de casa.<\/p>\n<p><strong>-\u00bfQu\u00e9 cuant\u00eda de pensi\u00f3n tiene?<\/strong><\/p>\n<div>\n<p>No llega a los 600 euros, pero al menos cuento con la de viudedad de mi marido, que estuvo trabajando 49 a\u00f1os y, por suerte, no est\u00e1 tan mal. Pero vamos, que son muchos gastos a los que hacer frente y a veces una llega justa a fin de mes, sin darse ning\u00fan lujo. A veces piensas, yo no tengo para comer y ese que pasea por all\u00ed tiene para mantener a un perro. Pero bueno, hay que seguir como se pueda.<\/p>\n<\/div>\n<p>En el contexto de una dictadura, donde los derechos de los trabajadores no se hab\u00edan contemplado, la contrataci\u00f3n era algo casi imposible para una mujer. As\u00ed lo entiende Josefina Duch Mansi\u00f3n. Trabajadora desde los 13 a\u00f1os, esta catalana no ha cotizado nunca.<\/p>\n<p><img decoding=\"async\" class=\"aligncenter\" src=\"https:\/\/www.revistarambla.com\/wp-content\/uploads\/2013\/06\/josefina_01.jpg\" alt=\"alt\" width=\"700\" height=\"449\" \/><\/p>\n<p><strong>\u00bfDesde cu\u00e1ndo ha trabajado usted?<\/strong><\/p>\n<p>Yo empec\u00e9 a trabajar a los 12 o 13 a\u00f1os, no recuerdo muy bien. Mis padres ten\u00edan una pensi\u00f3n en el pueblo donde viv\u00edamos, y yo me encargaba de limpiar las habitaciones, hacer las camas y todas las tareas relacionadas con la limpieza.<\/p>\n<p>Cuando fui un poco m\u00e1s mayor empec\u00e9 a trabajar en el pueblo haciendo alpargatas, esas t\u00edpicas de aqu\u00ed. Ah\u00ed estuve durante muchos a\u00f1os, hasta que me cas\u00e9 con mi difunto marido. Despu\u00e9s me dediqu\u00e9 al campo, que era lo que m\u00e1s se hac\u00eda entonces. Compaginaba el trabajo en el campo con las alpargatas, que las segu\u00eda haciendo en mi casa y las vend\u00eda como pod\u00eda.<\/p>\n<p><strong>\u00bfHab\u00eda mucho trabajo en el campo?<\/strong><\/p>\n<p>S\u00ed que hab\u00eda, pero en el 54\u2019 hubo unas heladas que dejaron el campo sin faena. Fue entonces cuando decidimos emigrar a Barcelona. Pero no fui la \u00fanica, \u00bfeh? Muchas personas dejaron el campo para irse a la ciudad, porque el tiempo hab\u00eda dejado parado el campo y, claro, de algo hab\u00eda que vivir. Ten\u00edamos que buscarnos la vida.<\/p>\n<p><strong>Y en Barcelona, \u00bfa qu\u00e9 se dedic\u00f3?<\/strong><\/p>\n<p>Estando en Barcelona empec\u00e9 a coser corbatas y fundas de gafas en mi casa, igual que hac\u00eda antes las alpargatas. No se sacaba mucho dinero, pero al menos, entre lo que yo ganaba y lo que ganaba mi marido pod\u00edamos ir tirando. Tambi\u00e9n empec\u00e9 a trabajar haciendo bolsos, en una trastienda muy peque\u00f1a que hab\u00eda detr\u00e1s de un taller. Y cuando pasaron unos a\u00f1o, trabaj\u00e9 de lo mismo en otro taller, pero en ninguno tuve contrato. All\u00ed no ten\u00edamos contrato ni nada. En aquel entonces no exist\u00eda eso de los contratos, y mucho menos para las mujeres.<\/p>\n<p><strong>\u00bfA qu\u00e9 se dedic\u00f3 su marido?<\/strong><\/p>\n<p>\u00c9l trabaj\u00f3 muchos a\u00f1os en el campo, pero por las heladas, cuando nos vinimos a Barcelona, se dedic\u00f3 al transporte p\u00fablico. Era conductor de autobuses, aqu\u00ed en Barcelona, y la verdad es que lo ganaba bien, aunque trabajaba mucho.<\/p>\n<p><strong>\u00bfCu\u00e1l es la cuant\u00eda de su pensi\u00f3n?<\/strong><\/p>\n<p>Yo cobro 680 euros al mes, bastante bien, teniendo en cuenta que hay gente que no llega a los 400 euros. La pensi\u00f3n de viudedad que me dej\u00f3 mi marido es alta, dentro de lo que cabe, as\u00ed que m\u00e1s o menos tengo para llegar.<\/p>\n<p><strong>\u00bfQu\u00e9 gastos afronta con esa pensi\u00f3n?<\/strong><\/p>\n<p>Pues de ah\u00ed tengo que pagar 100 euros del piso, porque es uno de esos pisos de renta antigua y s\u00f3lo pago eso. Pero a los 100 euros hay que sumarle la comunidad, el agua, la luz, el gas, la contribuci\u00f3n y todas las facturas que le llegan a una. Algunos meses, cuando puedo, tambi\u00e9n le doy algo de dinero a mi nieto. Unos 200 o 300 euros. Lo que pueda. Porque \u00e9l est\u00e1 en paro, y despu\u00e9s de haber estudiado no encuentra trabajo de lo suyo y est\u00e1 de un lado a otro, haciendo lo que le sale.<\/p>\n<p><strong>\u00bfQu\u00e9 opina de la bajada de las pensiones?<\/strong><\/p>\n<p>Yo de eso no quiero ni opinar. Es indignante que jueguen as\u00ed con las personas mayores. Nos est\u00e1n robando el dinero que nos pertenece y nadie hace nada. Nos est\u00e1n enga\u00f1ando entre una cosa y otra, y eso no se hace.<\/p>\n<p>Mujer de 76 a\u00f1os, pensionista, con 8 hijos y seis nietos. En este momento dos de sus hijos viven con ella porque se quedaron en paro, teniendo como \u00fanicos ingresos una pensi\u00f3n de aproximadamente 500 euros. Viven en un piso de un barrio humilde de Ourense, Covadonga. Un tercer piso sin ascensor que dificulta mucho la vida a esta mujer que presenta una movilidad reducida, y que recibe habitualmente la ayuda a domicilio de voluntarios y voluntarias de Cruz Roja.<\/p>\n<p><img decoding=\"async\" class=\"aligncenter\" src=\"https:\/\/www.revistarambla.com\/wp-content\/uploads\/2013\/06\/Lourdes_01.jpg\" alt=\"alt\" width=\"700\" height=\"480\" \/><\/p>\n<p><strong>\u00bfC\u00f3mo ha cambiado su situaci\u00f3n en los \u00faltimos cinco a\u00f1os?<\/strong><\/p>\n<p>Mucho, porque uno de mis hijos lleva ya cuatro a\u00f1os en paro y ya no tiene ninguna ayuda, y la otra estaba de interina en Toledo, y tambi\u00e9n la echaron. Pero no puedo mantener a mis hijos con 500 euros, pagar la casa, todos los gastos, comer\u2026 Y dejando aparte mis enfermedades, yo antes pod\u00eda tomar un caf\u00e9 si me apetec\u00eda y me llevaban mis hijos, pero ahora no puedo porque tendr\u00eda que\u00a0 dejar de comprar una barra de pan. Yo nunca pens\u00e9 ver lo que veo en la tele. Yo nac\u00ed en el a\u00f1o de la guerra, pero me parece que ahora va a haber otra guerra. Yo no la ver\u00e9 pero, est\u00e1 muy cerca de nosotros\u2026<\/p>\n<p><strong>\u00bfDe qu\u00e9 manera depende de su pensi\u00f3n su entorno?\u00bfC\u00f3mo les ayuda?<\/strong><\/p>\n<p>Viven conmigo porque no pueden mantenerse, pero yo estoy enferma y ya no puedo m\u00e1s\u2026 Es una tristeza. La angustia de una madre es pensar qu\u00e9 va a pasar con sus hijos despu\u00e9s de que ella falte. Y en la convivencia siempre hay roces. Cada uno tiene sus preocupaciones, y tambi\u00e9n tienen que ocuparse de m\u00ed\u2026<\/p>\n<p><strong>\u00bfCu\u00e1l cree que es el sector m\u00e1s afectado por la crisis? Adultos, menores, discapacidad, inmigraci\u00f3n\u2026\u00a0<\/strong><\/p>\n<p>A todos, porque si tienes a un hijo sin trabajo tienes a unos nietos que no pueden estudiar, y han rebajado el tiempo de paro\u2026\u00a0 Es incre\u00edble, pero hasta los ni\u00f1os se hacen adultos y sufren como sus padres.<\/p>\n<p><strong>La familia se est\u00e1 convirtiendo en un sost\u00e9n vital para la inmensa mayor\u00eda. \u00bfC\u00f3mo cree que hacen las personas que no la tienen o est\u00e1n lejos?<\/strong><\/p>\n<p>Pues lo tienen muy dif\u00edcil\u2026 Y ahora los que tienen casa y no pueden pagarla los echan fuera\u2026 Es un desastre. Yo que no ped\u00ed nunca nada, cri\u00e9 a mis hijos, y ahora estamos as\u00ed, teniendo que pedir ayuda, porque la pensi\u00f3n que antes era para m\u00ed sola ahora es para que vivamos tres, y no tenemos pagas extras y nos la han congelado, mientras que los precios de la luz, del gas s\u00ed que suben. C\u00f3mo se puso la vida\u2026<\/p>\n<p><strong>Qu\u00e9 cree que es lo que m\u00e1s va a costar recuperar? El estado de bienestar, los derechos laborales, la sanidad universal, la calidad de la educaci\u00f3n\u2026<\/strong><\/p>\n<p>Ni en la sanidad ni en el trabajo deber\u00edan tocar. Porque la gente est\u00e1 ganando el pan para sus hijos, y que se lo quiten as\u00ed es muy duro. Eso no es vivir.<\/p>\n<p><strong>La generaci\u00f3n mayor de 70 a\u00f1os ha pasado ya m\u00e1s de una crisis, como la postguerra o la de los 70. \u00bfHa cambiado usted el concepto de pobreza?<\/strong><\/p>\n<p>Yo ya pas\u00e9 hambre cuando era peque\u00f1a, Ped\u00edamos en las puertas. Y ahora vamos a C\u00e1ritas y a la Cruz Roja. Ahora hay que volver a pedir, pero como quiten las subvenciones no s\u00e9 qu\u00e9 va a ser de nosotros.<\/p>","protected":false},"excerpt":{"rendered":"<p>Los \u00faltimos informes publicados por el Gobierno anuncian nuevas modificaciones en la Seguridad Social. En vistas a la pr\u00f3xima reforma de este sistema, \u00a0prevista para finales de septiembre, el Gobierno ha encargado a un grupo de expertos delimitar la l\u00ednea de actuaci\u00f3n. El resultado del estudio de estos expertos ha [&hellip;]<\/p>\n","protected":false},"author":3,"featured_media":0,"comment_status":"open","ping_status":"open","sticky":false,"template":"","format":"standard","meta":{"footnotes":""},"categories":[3,58],"tags":[],"class_list":["post-3478","post","type-post","status-publish","format-standard","hentry","category-actualidad","category-estado-espanol"],"yoast_head":"<!-- This site is optimized with the Yoast SEO plugin v27.5 - https:\/\/yoast.com\/product\/yoast-seo-wordpress\/ -->\n<title>&quot;Que no nos jodan la jubilaci\u00f3n&quot; - Revista Rambla<\/title>\n<meta name=\"robots\" content=\"index, follow, max-snippet:-1, max-image-preview:large, max-video-preview:-1\" \/>\n<link rel=\"canonical\" href=\"https:\/\/www.revistarambla.com\/en\/las-pensiones-no-joder\/\" \/>\n<meta property=\"og:locale\" content=\"en_GB\" \/>\n<meta property=\"og:type\" content=\"article\" \/>\n<meta property=\"og:title\" content=\"&quot;Que no nos jodan la jubilaci\u00f3n&quot; - Revista Rambla\" \/>\n<meta property=\"og:description\" content=\"Los \u00faltimos informes publicados por el Gobierno anuncian nuevas modificaciones en la Seguridad Social. En vistas a la pr\u00f3xima reforma de este sistema, \u00a0prevista para finales de septiembre, el Gobierno ha encargado a un grupo de expertos delimitar la l\u00ednea de actuaci\u00f3n. El resultado del estudio de estos expertos ha [&hellip;]\" \/>\n<meta property=\"og:url\" content=\"https:\/\/www.revistarambla.com\/en\/las-pensiones-no-joder\/\" \/>\n<meta property=\"og:site_name\" content=\"Revista Rambla\" \/>\n<meta property=\"article:publisher\" content=\"https:\/\/www.facebook.com\/revistarambla\/\" \/>\n<meta property=\"article:author\" content=\"https:\/\/www.facebook.com\/revistarambla\" \/>\n<meta property=\"article:published_time\" content=\"2013-06-04T05:49:47+00:00\" \/>\n<meta property=\"article:modified_time\" content=\"2021-11-08T19:15:57+00:00\" \/>\n<meta property=\"og:image\" content=\"https:\/\/i2.wp.com\/www.revistarambla.com\/wp-content\/uploads\/2013\/06\/abuelas_01.jpg?fit=682%2C450&ssl=1\" \/>\n\t<meta property=\"og:image:width\" content=\"682\" \/>\n\t<meta property=\"og:image:height\" content=\"450\" \/>\n\t<meta property=\"og:image:type\" content=\"image\/jpeg\" \/>\n<meta name=\"author\" content=\"R@mbla\" \/>\n<meta name=\"twitter:card\" content=\"summary_large_image\" \/>\n<meta name=\"twitter:creator\" content=\"@revistarambla\" \/>\n<meta name=\"twitter:site\" content=\"@revistarambla\" \/>\n<meta name=\"twitter:label1\" content=\"Written by\" \/>\n\t<meta name=\"twitter:data1\" content=\"R@mbla\" \/>\n\t<meta name=\"twitter:label2\" content=\"Estimated reading time\" \/>\n\t<meta name=\"twitter:data2\" content=\"22 minutes\" \/>\n<script type=\"application\/ld+json\" class=\"yoast-schema-graph\">{\"@context\":\"https:\\\/\\\/schema.org\",\"@graph\":[{\"@type\":\"Article\",\"@id\":\"https:\\\/\\\/www.revistarambla.com\\\/las-pensiones-no-joder\\\/#article\",\"isPartOf\":{\"@id\":\"https:\\\/\\\/www.revistarambla.com\\\/las-pensiones-no-joder\\\/\"},\"author\":{\"name\":\"R@mbla\",\"@id\":\"https:\\\/\\\/www.revistarambla.com\\\/#\\\/schema\\\/person\\\/a146a5a2550b94981a75131180e1bd9c\"},\"headline\":\"\u00abQue no nos jodan la jubilaci\u00f3n\u00bb\",\"datePublished\":\"2013-06-04T05:49:47+00:00\",\"dateModified\":\"2021-11-08T19:15:57+00:00\",\"mainEntityOfPage\":{\"@id\":\"https:\\\/\\\/www.revistarambla.com\\\/las-pensiones-no-joder\\\/\"},\"wordCount\":5007,\"commentCount\":0,\"publisher\":{\"@id\":\"https:\\\/\\\/www.revistarambla.com\\\/#organization\"},\"image\":{\"@id\":\"https:\\\/\\\/www.revistarambla.com\\\/las-pensiones-no-joder\\\/#primaryimage\"},\"thumbnailUrl\":\"https:\\\/\\\/www.revistarambla.com\\\/wp-content\\\/uploads\\\/2013\\\/06\\\/abuelas_01.jpg\",\"articleSection\":[\"Actualidad\",\"Estado Espa\u00f1ol\"],\"inLanguage\":\"en-GB\",\"potentialAction\":[{\"@type\":\"CommentAction\",\"name\":\"Comment\",\"target\":[\"https:\\\/\\\/www.revistarambla.com\\\/las-pensiones-no-joder\\\/#respond\"]}]},{\"@type\":\"WebPage\",\"@id\":\"https:\\\/\\\/www.revistarambla.com\\\/las-pensiones-no-joder\\\/\",\"url\":\"https:\\\/\\\/www.revistarambla.com\\\/las-pensiones-no-joder\\\/\",\"name\":\"\\\"Que no nos jodan la jubilaci\u00f3n\\\" - Revista Rambla\",\"isPartOf\":{\"@id\":\"https:\\\/\\\/www.revistarambla.com\\\/#website\"},\"primaryImageOfPage\":{\"@id\":\"https:\\\/\\\/www.revistarambla.com\\\/las-pensiones-no-joder\\\/#primaryimage\"},\"image\":{\"@id\":\"https:\\\/\\\/www.revistarambla.com\\\/las-pensiones-no-joder\\\/#primaryimage\"},\"thumbnailUrl\":\"https:\\\/\\\/www.revistarambla.com\\\/wp-content\\\/uploads\\\/2013\\\/06\\\/abuelas_01.jpg\",\"datePublished\":\"2013-06-04T05:49:47+00:00\",\"dateModified\":\"2021-11-08T19:15:57+00:00\",\"breadcrumb\":{\"@id\":\"https:\\\/\\\/www.revistarambla.com\\\/las-pensiones-no-joder\\\/#breadcrumb\"},\"inLanguage\":\"en-GB\",\"potentialAction\":[{\"@type\":\"ReadAction\",\"target\":[\"https:\\\/\\\/www.revistarambla.com\\\/las-pensiones-no-joder\\\/\"]}]},{\"@type\":\"ImageObject\",\"inLanguage\":\"en-GB\",\"@id\":\"https:\\\/\\\/www.revistarambla.com\\\/las-pensiones-no-joder\\\/#primaryimage\",\"url\":\"https:\\\/\\\/www.revistarambla.com\\\/wp-content\\\/uploads\\\/2013\\\/06\\\/abuelas_01.jpg\",\"contentUrl\":\"https:\\\/\\\/www.revistarambla.com\\\/wp-content\\\/uploads\\\/2013\\\/06\\\/abuelas_01.jpg\"},{\"@type\":\"BreadcrumbList\",\"@id\":\"https:\\\/\\\/www.revistarambla.com\\\/las-pensiones-no-joder\\\/#breadcrumb\",\"itemListElement\":[{\"@type\":\"ListItem\",\"position\":1,\"name\":\"Portada\",\"item\":\"https:\\\/\\\/www.revistarambla.com\\\/\"},{\"@type\":\"ListItem\",\"position\":2,\"name\":\"\u00abQue no nos jodan la jubilaci\u00f3n\u00bb\"}]},{\"@type\":\"WebSite\",\"@id\":\"https:\\\/\\\/www.revistarambla.com\\\/#website\",\"url\":\"https:\\\/\\\/www.revistarambla.com\\\/\",\"name\":\"Revista Rambla Barcelona\",\"description\":\"Periodismo independiente\",\"publisher\":{\"@id\":\"https:\\\/\\\/www.revistarambla.com\\\/#organization\"},\"potentialAction\":[{\"@type\":\"SearchAction\",\"target\":{\"@type\":\"EntryPoint\",\"urlTemplate\":\"https:\\\/\\\/www.revistarambla.com\\\/?s={search_term_string}\"},\"query-input\":{\"@type\":\"PropertyValueSpecification\",\"valueRequired\":true,\"valueName\":\"search_term_string\"}}],\"inLanguage\":\"en-GB\"},{\"@type\":\"Organization\",\"@id\":\"https:\\\/\\\/www.revistarambla.com\\\/#organization\",\"name\":\"Revista Rambla\",\"url\":\"https:\\\/\\\/www.revistarambla.com\\\/\",\"logo\":{\"@type\":\"ImageObject\",\"inLanguage\":\"en-GB\",\"@id\":\"https:\\\/\\\/www.revistarambla.com\\\/#\\\/schema\\\/logo\\\/image\\\/\",\"url\":\"https:\\\/\\\/www.revistarambla.com\\\/wp-content\\\/uploads\\\/2020\\\/09\\\/banner_rambla_1900x600_BB.png\",\"contentUrl\":\"https:\\\/\\\/www.revistarambla.com\\\/wp-content\\\/uploads\\\/2020\\\/09\\\/banner_rambla_1900x600_BB.png\",\"width\":1900,\"height\":600,\"caption\":\"Revista Rambla\"},\"image\":{\"@id\":\"https:\\\/\\\/www.revistarambla.com\\\/#\\\/schema\\\/logo\\\/image\\\/\"},\"sameAs\":[\"https:\\\/\\\/www.facebook.com\\\/revistarambla\\\/\",\"https:\\\/\\\/x.com\\\/revistarambla\",\"https:\\\/\\\/www.instagram.com\\\/revista_rambla\",\"https:\\\/\\\/es.linkedin.com\\\/company\\\/revista-rambla\"]},{\"@type\":\"Person\",\"@id\":\"https:\\\/\\\/www.revistarambla.com\\\/#\\\/schema\\\/person\\\/a146a5a2550b94981a75131180e1bd9c\",\"name\":\"R@mbla\",\"description\":\"Este art\u00edculo ha sido redactado y\\\/o validado por el equipo de redacci\u00f3n de Revista Rambla.\",\"sameAs\":[\"https:\\\/\\\/www.revistarambla.com\\\/\",\"https:\\\/\\\/www.facebook.com\\\/revistarambla\",\"https:\\\/\\\/x.com\\\/revistarambla\"]}]}<\/script>\n<!-- \/ Yoast SEO plugin. -->","yoast_head_json":{"title":"\"Que no nos jodan la jubilaci\u00f3n\" - Revista Rambla","robots":{"index":"index","follow":"follow","max-snippet":"max-snippet:-1","max-image-preview":"max-image-preview:large","max-video-preview":"max-video-preview:-1"},"canonical":"https:\/\/www.revistarambla.com\/en\/las-pensiones-no-joder\/","og_locale":"en_GB","og_type":"article","og_title":"\"Que no nos jodan la jubilaci\u00f3n\" - Revista Rambla","og_description":"Los \u00faltimos informes publicados por el Gobierno anuncian nuevas modificaciones en la Seguridad Social. En vistas a la pr\u00f3xima reforma de este sistema, \u00a0prevista para finales de septiembre, el Gobierno ha encargado a un grupo de expertos delimitar la l\u00ednea de actuaci\u00f3n. El resultado del estudio de estos expertos ha [&hellip;]","og_url":"https:\/\/www.revistarambla.com\/en\/las-pensiones-no-joder\/","og_site_name":"Revista Rambla","article_publisher":"https:\/\/www.facebook.com\/revistarambla\/","article_author":"https:\/\/www.facebook.com\/revistarambla","article_published_time":"2013-06-04T05:49:47+00:00","article_modified_time":"2021-11-08T19:15:57+00:00","og_image":[{"width":682,"height":450,"url":"https:\/\/i2.wp.com\/www.revistarambla.com\/wp-content\/uploads\/2013\/06\/abuelas_01.jpg?fit=682%2C450&ssl=1","type":"image\/jpeg"}],"author":"R@mbla","twitter_card":"summary_large_image","twitter_creator":"@revistarambla","twitter_site":"@revistarambla","twitter_misc":{"Written by":"R@mbla","Estimated reading time":"22 minutes"},"schema":{"@context":"https:\/\/schema.org","@graph":[{"@type":"Article","@id":"https:\/\/www.revistarambla.com\/las-pensiones-no-joder\/#article","isPartOf":{"@id":"https:\/\/www.revistarambla.com\/las-pensiones-no-joder\/"},"author":{"name":"R@mbla","@id":"https:\/\/www.revistarambla.com\/#\/schema\/person\/a146a5a2550b94981a75131180e1bd9c"},"headline":"\u00abQue no nos jodan la jubilaci\u00f3n\u00bb","datePublished":"2013-06-04T05:49:47+00:00","dateModified":"2021-11-08T19:15:57+00:00","mainEntityOfPage":{"@id":"https:\/\/www.revistarambla.com\/las-pensiones-no-joder\/"},"wordCount":5007,"commentCount":0,"publisher":{"@id":"https:\/\/www.revistarambla.com\/#organization"},"image":{"@id":"https:\/\/www.revistarambla.com\/las-pensiones-no-joder\/#primaryimage"},"thumbnailUrl":"https:\/\/www.revistarambla.com\/wp-content\/uploads\/2013\/06\/abuelas_01.jpg","articleSection":["Actualidad","Estado Espa\u00f1ol"],"inLanguage":"en-GB","potentialAction":[{"@type":"CommentAction","name":"Comment","target":["https:\/\/www.revistarambla.com\/las-pensiones-no-joder\/#respond"]}]},{"@type":"WebPage","@id":"https:\/\/www.revistarambla.com\/las-pensiones-no-joder\/","url":"https:\/\/www.revistarambla.com\/las-pensiones-no-joder\/","name":"\"Que no nos jodan la jubilaci\u00f3n\" - Revista Rambla","isPartOf":{"@id":"https:\/\/www.revistarambla.com\/#website"},"primaryImageOfPage":{"@id":"https:\/\/www.revistarambla.com\/las-pensiones-no-joder\/#primaryimage"},"image":{"@id":"https:\/\/www.revistarambla.com\/las-pensiones-no-joder\/#primaryimage"},"thumbnailUrl":"https:\/\/www.revistarambla.com\/wp-content\/uploads\/2013\/06\/abuelas_01.jpg","datePublished":"2013-06-04T05:49:47+00:00","dateModified":"2021-11-08T19:15:57+00:00","breadcrumb":{"@id":"https:\/\/www.revistarambla.com\/las-pensiones-no-joder\/#breadcrumb"},"inLanguage":"en-GB","potentialAction":[{"@type":"ReadAction","target":["https:\/\/www.revistarambla.com\/las-pensiones-no-joder\/"]}]},{"@type":"ImageObject","inLanguage":"en-GB","@id":"https:\/\/www.revistarambla.com\/las-pensiones-no-joder\/#primaryimage","url":"https:\/\/www.revistarambla.com\/wp-content\/uploads\/2013\/06\/abuelas_01.jpg","contentUrl":"https:\/\/www.revistarambla.com\/wp-content\/uploads\/2013\/06\/abuelas_01.jpg"},{"@type":"BreadcrumbList","@id":"https:\/\/www.revistarambla.com\/las-pensiones-no-joder\/#breadcrumb","itemListElement":[{"@type":"ListItem","position":1,"name":"Portada","item":"https:\/\/www.revistarambla.com\/"},{"@type":"ListItem","position":2,"name":"\u00abQue no nos jodan la jubilaci\u00f3n\u00bb"}]},{"@type":"WebSite","@id":"https:\/\/www.revistarambla.com\/#website","url":"https:\/\/www.revistarambla.com\/","name":"Revista Rambla Barcelona","description":"Periodismo independiente","publisher":{"@id":"https:\/\/www.revistarambla.com\/#organization"},"potentialAction":[{"@type":"SearchAction","target":{"@type":"EntryPoint","urlTemplate":"https:\/\/www.revistarambla.com\/?s={search_term_string}"},"query-input":{"@type":"PropertyValueSpecification","valueRequired":true,"valueName":"search_term_string"}}],"inLanguage":"en-GB"},{"@type":"Organization","@id":"https:\/\/www.revistarambla.com\/#organization","name":"Revista Rambla","url":"https:\/\/www.revistarambla.com\/","logo":{"@type":"ImageObject","inLanguage":"en-GB","@id":"https:\/\/www.revistarambla.com\/#\/schema\/logo\/image\/","url":"https:\/\/www.revistarambla.com\/wp-content\/uploads\/2020\/09\/banner_rambla_1900x600_BB.png","contentUrl":"https:\/\/www.revistarambla.com\/wp-content\/uploads\/2020\/09\/banner_rambla_1900x600_BB.png","width":1900,"height":600,"caption":"Revista Rambla"},"image":{"@id":"https:\/\/www.revistarambla.com\/#\/schema\/logo\/image\/"},"sameAs":["https:\/\/www.facebook.com\/revistarambla\/","https:\/\/x.com\/revistarambla","https:\/\/www.instagram.com\/revista_rambla","https:\/\/es.linkedin.com\/company\/revista-rambla"]},{"@type":"Person","@id":"https:\/\/www.revistarambla.com\/#\/schema\/person\/a146a5a2550b94981a75131180e1bd9c","name":"R@mbla","description":"Este art\u00edculo ha sido redactado y\/o validado por el equipo de redacci\u00f3n de Revista Rambla.","sameAs":["https:\/\/www.revistarambla.com\/","https:\/\/www.facebook.com\/revistarambla","https:\/\/x.com\/revistarambla"]}]}},"_links":{"self":[{"href":"https:\/\/www.revistarambla.com\/en\/wp-json\/wp\/v2\/posts\/3478","targetHints":{"allow":["GET"]}}],"collection":[{"href":"https:\/\/www.revistarambla.com\/en\/wp-json\/wp\/v2\/posts"}],"about":[{"href":"https:\/\/www.revistarambla.com\/en\/wp-json\/wp\/v2\/types\/post"}],"author":[{"embeddable":true,"href":"https:\/\/www.revistarambla.com\/en\/wp-json\/wp\/v2\/users\/3"}],"replies":[{"embeddable":true,"href":"https:\/\/www.revistarambla.com\/en\/wp-json\/wp\/v2\/comments?post=3478"}],"version-history":[{"count":0,"href":"https:\/\/www.revistarambla.com\/en\/wp-json\/wp\/v2\/posts\/3478\/revisions"}],"wp:attachment":[{"href":"https:\/\/www.revistarambla.com\/en\/wp-json\/wp\/v2\/media?parent=3478"}],"wp:term":[{"taxonomy":"category","embeddable":true,"href":"https:\/\/www.revistarambla.com\/en\/wp-json\/wp\/v2\/categories?post=3478"},{"taxonomy":"post_tag","embeddable":true,"href":"https:\/\/www.revistarambla.com\/en\/wp-json\/wp\/v2\/tags?post=3478"}],"curies":[{"name":"wp","href":"https:\/\/api.w.org\/{rel}","templated":true}]}}