{"id":34671,"date":"2021-08-06T19:28:26","date_gmt":"2021-08-06T17:28:26","guid":{"rendered":"https:\/\/www.revistarambla.com\/?p=34671"},"modified":"2021-08-06T19:28:26","modified_gmt":"2021-08-06T17:28:26","slug":"interior-impulsa-un-procedimiento-en-la-audiencia-nacional-para-la-extincion-de-izquierda-castellana","status":"publish","type":"post","link":"https:\/\/www.revistarambla.com\/en\/interior-impulsa-un-procedimiento-en-la-audiencia-nacional-para-la-extincion-de-izquierda-castellana\/","title":{"rendered":"Interior impulsa un procedimiento en la Audiencia Nacional para la \u00abextinci\u00f3n\u00bb de Izquierda Castellana"},"content":{"rendered":"<p><img decoding=\"async\" class=\"wp-image-34674 alignright\" src=\"https:\/\/www.revistarambla.com\/wp-content\/uploads\/2021\/08\/ixnQrOgF_400x400-300x300.jpg\" alt=\"\" width=\"350\" height=\"350\" srcset=\"https:\/\/www.revistarambla.com\/wp-content\/uploads\/2021\/08\/ixnQrOgF_400x400-300x300.jpg 300w, https:\/\/www.revistarambla.com\/wp-content\/uploads\/2021\/08\/ixnQrOgF_400x400-150x150.jpg 150w, https:\/\/www.revistarambla.com\/wp-content\/uploads\/2021\/08\/ixnQrOgF_400x400-70x70.jpg 70w, https:\/\/www.revistarambla.com\/wp-content\/uploads\/2021\/08\/ixnQrOgF_400x400.jpg 400w\" sizes=\"(max-width: 350px) 100vw, 350px\" \/>El Juzgado Central Contencioso-Administrativo n\u00ba 6 de la Audiencia Nacional nos ha notificado el d\u00eda 5 de agosto la resoluci\u00f3n impulsada por el Ministerio del Interior a trav\u00e9s de la Abogac\u00eda del Estado en el que se insta a la \u201cextinci\u00f3n\u201d de Izquierda Castellana, es decir, a su desaparici\u00f3n como organizaci\u00f3n pol\u00edtica legal.<\/p>\n<p>En esta ocasi\u00f3n, el Ministerio del Interior recurre a triqui\u00f1uelas administrativas, arguyendo que los estatutos de IzCa no se ajustan a los cambios introducidos por la reforma legislativa de la Ley Org\u00e1nica 3\/2015, de 30 de marzo, de control de la actividad econ\u00f3mico-financiera de los Partidos Pol\u00edticos.<\/p>\n<p>Resulta parad\u00f3jico que una organizaci\u00f3n pol\u00edtica que, como es el caso de IzCa, nunca en toda su historia solicit\u00f3 ni percibi\u00f3 subvenci\u00f3n econ\u00f3mica alguna, se pretenda ilegalizar en funci\u00f3n de ese tipo de razones, especialmente cuando la mayor\u00eda de los partidos pol\u00edticos que incumplen ostensiblemente la normativa sobre tales cuestiones no son ni tan siquiera advertidos de tal posibilidad.<\/p>\n<p>En nuestra opini\u00f3n, el intento de extinci\u00f3n\/ilegalizaci\u00f3n de IzCa patrocinado por el Ministerio del Interior tiene una motivaci\u00f3n pol\u00edtica: la pretensi\u00f3n de hacer desaparecer una organizaci\u00f3n cuya actividad esencial es la denuncia del conjunto de las actividades corruptas, antisociales, antidemocr\u00e1ticas y antipatri\u00f3ticas del actual R\u00e9gimen de la II\u00aa Restauraci\u00f3n borb\u00f3nica; y cuya finalizaci\u00f3n pasa inevitablemente por la instauraci\u00f3n de un sistema democr\u00e1tico, republicano y de derechos sociales.<\/p>\n<p>IzCa, como se\u00f1al\u00e1bamos, no ha recibido ni tampoco solicitado un solo euro del erario p\u00fablico. Nuestra actividad se basa \u00fanica y exclusivamente en nuestros recursos, muy especialmente en nuestros recursos humanos, es decir, en los\/as militantes y activistas que nos apoyan cada d\u00eda de una u otra manera. IzCa no tiene como tal -ni lo pretende- representaci\u00f3n en las instituciones de este R\u00e9gimen postfranquista. No despreciamos ese \u00e1mbito de acci\u00f3n, pero nos parece que lo m\u00e1s importante y \u00fatil en este momento hist\u00f3rico es potenciar el movimiento y la organizaci\u00f3n popular en los diversos sectores, y en ello nos centramos, creemos adem\u00e1s que con cierto \u00e9xito; eso es lo que no nos perdonan desde el R\u00e9gimen y sus sucesivos gobiernos.<\/p>\n<p>IzCa ha sufrido desde su constituci\u00f3n un acoso permanente desde el poder constituido; numerosas operaciones medi\u00e1tico-policiales se han urdido contra nuestra organizaci\u00f3n. En el a\u00f1o 2008 ya hubo un intento de ilegalizaci\u00f3n de IzCa, que finalmente fue archivado en la propia Audiencia Nacional. En diciembre pasado se celebr\u00f3 el juicio contra nuestro compa\u00f1ero Luis Ocampo -Doris Benegas tambi\u00e9n estaba procesada- por los hechos ocurridos en la manifestaci\u00f3n republicana en Madrid en octubre de 2014. En ese juicio se solicitaba a\u00f1o y medio de c\u00e1rcel. Finalmente, nuestro compa\u00f1ero fue absuelto; en la sentencia, el Tribunal de la Audiencia Provincial de Madrid recoge textualmente que su versi\u00f3n de los hechos era plenamente cre\u00edble.<\/p>\n<p>Desde IzCa hemos venido denunciando la pol\u00edtica represiva hacia el movimiento popular y simult\u00e1neamente favorecedora para la extrema derecha que se viene realizando desde el Ministerio del Interior y muy especialmente desde la Delegaci\u00f3n del Gobierno en Madrid, represi\u00f3n acentuada desde el inicio de la pandemia Covid-19. Pronosticamos con precisi\u00f3n la contundente derrota de la izquierda institucional en Madrid en las pasadas elecciones auton\u00f3micas del 4 de mayo; y pronosticamos -creemos que sin la menor posibilidad de error- la derrota de la izquierda institucional en las pr\u00f3ximas elecciones generales si esta contin\u00faa por el camino actual. Si se intenta hacer desaparecer a las organizaciones de activistas, aquellas que con m\u00e1s entrega y compromiso defendemos los intereses de las clases trabajadoras, se est\u00e1 facilitando el camino de acceso al Gobierno a la derechona; si se subordinan los intereses de los pueblos del Estado espa\u00f1ol a los del imperialismo -por cierto en fase de plena decadencia-, una de cuyas expresiones m\u00e1s significativas es la prevista celebraci\u00f3n de la pr\u00f3xima cumbre de la OTAN en Madrid en 2022, se est\u00e1 renunciando a construir un proyecto propio y solidario con los pueblos del mundo y, de nuevo, facilit\u00e1ndose el avance de la derechona, del militarismo y del guerrerismo.<\/p>\n<p>Vamos a dar la batalla contra nuestra ilegalizaci\u00f3n en la Audiencia Nacional y ante todas las instancias judiciales, incluyendo las europeas, en las que sea necesario. En la Audiencia Nacional, ese tribunal de excepci\u00f3n al que no reconocemos legitimidad democr\u00e1tica alguna, como tampoco se la reconocemos al conjunto del entramado institucional del R\u00e9gimen del 78, empezando por su Jefatura de Estado, igual de \u201cejemplar\u201d en sus t\u00e9rminos generales que el resto de sus instituciones y cuya legalidad est\u00e1 fundamentada en la legalidad franquista. Pero sobre todo, vamos a seguir dando la batalla en las calles.<\/p>\n<p>Estudiar y reflexionar; organizar y movilizar; construir poder popular. Ese es el \u00fanico camino.<\/p>","protected":false},"excerpt":{"rendered":"<p>Declaraci\u00f3n pol\u00edtica ante el nuevo intento de ilegalizaci\u00f3n<\/p>","protected":false},"author":15,"featured_media":34674,"comment_status":"open","ping_status":"open","sticky":false,"template":"","format":"standard","meta":{"footnotes":""},"categories":[72],"tags":[],"class_list":["post-34671","post","type-post","status-publish","format-standard","has-post-thumbnail","hentry","category-opinion"],"yoast_head":"<!-- This site is optimized with the Yoast SEO plugin v27.5 - https:\/\/yoast.com\/product\/yoast-seo-wordpress\/ -->\n<title>Interior impulsa un procedimiento en la Audiencia Nacional para la &quot;extinci\u00f3n&quot; de Izquierda Castellana - Revista Rambla<\/title>\n<meta name=\"robots\" content=\"index, follow, max-snippet:-1, max-image-preview:large, max-video-preview:-1\" \/>\n<link rel=\"canonical\" href=\"https:\/\/www.revistarambla.com\/en\/interior-impulsa-un-procedimiento-en-la-audiencia-nacional-para-la-extincion-de-izquierda-castellana\/\" \/>\n<meta property=\"og:locale\" content=\"en_GB\" \/>\n<meta property=\"og:type\" content=\"article\" \/>\n<meta property=\"og:title\" content=\"Interior impulsa un procedimiento en la Audiencia Nacional para la &quot;extinci\u00f3n&quot; de Izquierda Castellana - Revista Rambla\" \/>\n<meta property=\"og:description\" content=\"Declaraci\u00f3n pol\u00edtica ante el nuevo intento de ilegalizaci\u00f3n\" \/>\n<meta property=\"og:url\" content=\"https:\/\/www.revistarambla.com\/en\/interior-impulsa-un-procedimiento-en-la-audiencia-nacional-para-la-extincion-de-izquierda-castellana\/\" \/>\n<meta property=\"og:site_name\" content=\"Revista Rambla\" \/>\n<meta property=\"article:publisher\" content=\"https:\/\/www.facebook.com\/revistarambla\/\" \/>\n<meta property=\"article:published_time\" content=\"2021-08-06T17:28:26+00:00\" \/>\n<meta property=\"og:image\" content=\"https:\/\/i2.wp.com\/www.revistarambla.com\/wp-content\/uploads\/2021\/08\/ixnQrOgF_400x400.jpg?fit=400%2C400&ssl=1\" \/>\n\t<meta property=\"og:image:width\" content=\"400\" \/>\n\t<meta property=\"og:image:height\" content=\"400\" \/>\n\t<meta property=\"og:image:type\" content=\"image\/jpeg\" \/>\n<meta name=\"author\" content=\"Izquierda Castellana\" \/>\n<meta name=\"twitter:card\" content=\"summary_large_image\" \/>\n<meta name=\"twitter:creator\" content=\"@revistarambla\" \/>\n<meta name=\"twitter:site\" content=\"@revistarambla\" \/>\n<meta name=\"twitter:label1\" content=\"Written by\" \/>\n\t<meta name=\"twitter:data1\" content=\"Izquierda Castellana\" \/>\n\t<meta name=\"twitter:label2\" content=\"Estimated reading time\" \/>\n\t<meta name=\"twitter:data2\" content=\"4 minutes\" \/>\n<script type=\"application\/ld+json\" class=\"yoast-schema-graph\">{\"@context\":\"https:\\\/\\\/schema.org\",\"@graph\":[{\"@type\":\"Article\",\"@id\":\"https:\\\/\\\/www.revistarambla.com\\\/interior-impulsa-un-procedimiento-en-la-audiencia-nacional-para-la-extincion-de-izquierda-castellana\\\/#article\",\"isPartOf\":{\"@id\":\"https:\\\/\\\/www.revistarambla.com\\\/interior-impulsa-un-procedimiento-en-la-audiencia-nacional-para-la-extincion-de-izquierda-castellana\\\/\"},\"author\":{\"name\":\"Izquierda Castellana\",\"@id\":\"https:\\\/\\\/www.revistarambla.com\\\/#\\\/schema\\\/person\\\/2b19179a8ace334b829ad72cc6e6ce97\"},\"headline\":\"Interior impulsa un procedimiento en la Audiencia Nacional para la \u00abextinci\u00f3n\u00bb de Izquierda Castellana\",\"datePublished\":\"2021-08-06T17:28:26+00:00\",\"mainEntityOfPage\":{\"@id\":\"https:\\\/\\\/www.revistarambla.com\\\/interior-impulsa-un-procedimiento-en-la-audiencia-nacional-para-la-extincion-de-izquierda-castellana\\\/\"},\"wordCount\":858,\"commentCount\":0,\"publisher\":{\"@id\":\"https:\\\/\\\/www.revistarambla.com\\\/#organization\"},\"image\":{\"@id\":\"https:\\\/\\\/www.revistarambla.com\\\/interior-impulsa-un-procedimiento-en-la-audiencia-nacional-para-la-extincion-de-izquierda-castellana\\\/#primaryimage\"},\"thumbnailUrl\":\"https:\\\/\\\/www.revistarambla.com\\\/wp-content\\\/uploads\\\/2021\\\/08\\\/ixnQrOgF_400x400.jpg\",\"articleSection\":[\"Opiniones\"],\"inLanguage\":\"en-GB\",\"potentialAction\":[{\"@type\":\"CommentAction\",\"name\":\"Comment\",\"target\":[\"https:\\\/\\\/www.revistarambla.com\\\/interior-impulsa-un-procedimiento-en-la-audiencia-nacional-para-la-extincion-de-izquierda-castellana\\\/#respond\"]}]},{\"@type\":\"WebPage\",\"@id\":\"https:\\\/\\\/www.revistarambla.com\\\/interior-impulsa-un-procedimiento-en-la-audiencia-nacional-para-la-extincion-de-izquierda-castellana\\\/\",\"url\":\"https:\\\/\\\/www.revistarambla.com\\\/interior-impulsa-un-procedimiento-en-la-audiencia-nacional-para-la-extincion-de-izquierda-castellana\\\/\",\"name\":\"Interior impulsa un procedimiento en la Audiencia Nacional para la \\\"extinci\u00f3n\\\" de Izquierda Castellana - Revista Rambla\",\"isPartOf\":{\"@id\":\"https:\\\/\\\/www.revistarambla.com\\\/#website\"},\"primaryImageOfPage\":{\"@id\":\"https:\\\/\\\/www.revistarambla.com\\\/interior-impulsa-un-procedimiento-en-la-audiencia-nacional-para-la-extincion-de-izquierda-castellana\\\/#primaryimage\"},\"image\":{\"@id\":\"https:\\\/\\\/www.revistarambla.com\\\/interior-impulsa-un-procedimiento-en-la-audiencia-nacional-para-la-extincion-de-izquierda-castellana\\\/#primaryimage\"},\"thumbnailUrl\":\"https:\\\/\\\/www.revistarambla.com\\\/wp-content\\\/uploads\\\/2021\\\/08\\\/ixnQrOgF_400x400.jpg\",\"datePublished\":\"2021-08-06T17:28:26+00:00\",\"breadcrumb\":{\"@id\":\"https:\\\/\\\/www.revistarambla.com\\\/interior-impulsa-un-procedimiento-en-la-audiencia-nacional-para-la-extincion-de-izquierda-castellana\\\/#breadcrumb\"},\"inLanguage\":\"en-GB\",\"potentialAction\":[{\"@type\":\"ReadAction\",\"target\":[\"https:\\\/\\\/www.revistarambla.com\\\/interior-impulsa-un-procedimiento-en-la-audiencia-nacional-para-la-extincion-de-izquierda-castellana\\\/\"]}]},{\"@type\":\"ImageObject\",\"inLanguage\":\"en-GB\",\"@id\":\"https:\\\/\\\/www.revistarambla.com\\\/interior-impulsa-un-procedimiento-en-la-audiencia-nacional-para-la-extincion-de-izquierda-castellana\\\/#primaryimage\",\"url\":\"https:\\\/\\\/www.revistarambla.com\\\/wp-content\\\/uploads\\\/2021\\\/08\\\/ixnQrOgF_400x400.jpg\",\"contentUrl\":\"https:\\\/\\\/www.revistarambla.com\\\/wp-content\\\/uploads\\\/2021\\\/08\\\/ixnQrOgF_400x400.jpg\",\"width\":400,\"height\":400},{\"@type\":\"BreadcrumbList\",\"@id\":\"https:\\\/\\\/www.revistarambla.com\\\/interior-impulsa-un-procedimiento-en-la-audiencia-nacional-para-la-extincion-de-izquierda-castellana\\\/#breadcrumb\",\"itemListElement\":[{\"@type\":\"ListItem\",\"position\":1,\"name\":\"Portada\",\"item\":\"https:\\\/\\\/www.revistarambla.com\\\/\"},{\"@type\":\"ListItem\",\"position\":2,\"name\":\"Interior impulsa un procedimiento en la Audiencia Nacional para la \u00abextinci\u00f3n\u00bb de Izquierda Castellana\"}]},{\"@type\":\"WebSite\",\"@id\":\"https:\\\/\\\/www.revistarambla.com\\\/#website\",\"url\":\"https:\\\/\\\/www.revistarambla.com\\\/\",\"name\":\"Revista Rambla Barcelona\",\"description\":\"Periodismo independiente\",\"publisher\":{\"@id\":\"https:\\\/\\\/www.revistarambla.com\\\/#organization\"},\"potentialAction\":[{\"@type\":\"SearchAction\",\"target\":{\"@type\":\"EntryPoint\",\"urlTemplate\":\"https:\\\/\\\/www.revistarambla.com\\\/?s={search_term_string}\"},\"query-input\":{\"@type\":\"PropertyValueSpecification\",\"valueRequired\":true,\"valueName\":\"search_term_string\"}}],\"inLanguage\":\"en-GB\"},{\"@type\":\"Organization\",\"@id\":\"https:\\\/\\\/www.revistarambla.com\\\/#organization\",\"name\":\"Revista Rambla\",\"url\":\"https:\\\/\\\/www.revistarambla.com\\\/\",\"logo\":{\"@type\":\"ImageObject\",\"inLanguage\":\"en-GB\",\"@id\":\"https:\\\/\\\/www.revistarambla.com\\\/#\\\/schema\\\/logo\\\/image\\\/\",\"url\":\"https:\\\/\\\/www.revistarambla.com\\\/wp-content\\\/uploads\\\/2020\\\/09\\\/banner_rambla_1900x600_BB.png\",\"contentUrl\":\"https:\\\/\\\/www.revistarambla.com\\\/wp-content\\\/uploads\\\/2020\\\/09\\\/banner_rambla_1900x600_BB.png\",\"width\":1900,\"height\":600,\"caption\":\"Revista Rambla\"},\"image\":{\"@id\":\"https:\\\/\\\/www.revistarambla.com\\\/#\\\/schema\\\/logo\\\/image\\\/\"},\"sameAs\":[\"https:\\\/\\\/www.facebook.com\\\/revistarambla\\\/\",\"https:\\\/\\\/x.com\\\/revistarambla\",\"https:\\\/\\\/www.instagram.com\\\/revista_rambla\",\"https:\\\/\\\/es.linkedin.com\\\/company\\\/revista-rambla\"]},{\"@type\":\"Person\",\"@id\":\"https:\\\/\\\/www.revistarambla.com\\\/#\\\/schema\\\/person\\\/2b19179a8ace334b829ad72cc6e6ce97\",\"name\":\"Izquierda Castellana\"}]}<\/script>\n<!-- \/ Yoast SEO plugin. -->","yoast_head_json":{"title":"Interior impulsa un procedimiento en la Audiencia Nacional para la \"extinci\u00f3n\" de Izquierda Castellana - Revista Rambla","robots":{"index":"index","follow":"follow","max-snippet":"max-snippet:-1","max-image-preview":"max-image-preview:large","max-video-preview":"max-video-preview:-1"},"canonical":"https:\/\/www.revistarambla.com\/en\/interior-impulsa-un-procedimiento-en-la-audiencia-nacional-para-la-extincion-de-izquierda-castellana\/","og_locale":"en_GB","og_type":"article","og_title":"Interior impulsa un procedimiento en la Audiencia Nacional para la \"extinci\u00f3n\" de Izquierda Castellana - Revista Rambla","og_description":"Declaraci\u00f3n pol\u00edtica ante el nuevo intento de ilegalizaci\u00f3n","og_url":"https:\/\/www.revistarambla.com\/en\/interior-impulsa-un-procedimiento-en-la-audiencia-nacional-para-la-extincion-de-izquierda-castellana\/","og_site_name":"Revista Rambla","article_publisher":"https:\/\/www.facebook.com\/revistarambla\/","article_published_time":"2021-08-06T17:28:26+00:00","og_image":[{"width":400,"height":400,"url":"https:\/\/i2.wp.com\/www.revistarambla.com\/wp-content\/uploads\/2021\/08\/ixnQrOgF_400x400.jpg?fit=400%2C400&ssl=1","type":"image\/jpeg"}],"author":"Izquierda Castellana","twitter_card":"summary_large_image","twitter_creator":"@revistarambla","twitter_site":"@revistarambla","twitter_misc":{"Written by":"Izquierda Castellana","Estimated reading time":"4 minutes"},"schema":{"@context":"https:\/\/schema.org","@graph":[{"@type":"Article","@id":"https:\/\/www.revistarambla.com\/interior-impulsa-un-procedimiento-en-la-audiencia-nacional-para-la-extincion-de-izquierda-castellana\/#article","isPartOf":{"@id":"https:\/\/www.revistarambla.com\/interior-impulsa-un-procedimiento-en-la-audiencia-nacional-para-la-extincion-de-izquierda-castellana\/"},"author":{"name":"Izquierda Castellana","@id":"https:\/\/www.revistarambla.com\/#\/schema\/person\/2b19179a8ace334b829ad72cc6e6ce97"},"headline":"Interior impulsa un procedimiento en la Audiencia Nacional para la \u00abextinci\u00f3n\u00bb de Izquierda Castellana","datePublished":"2021-08-06T17:28:26+00:00","mainEntityOfPage":{"@id":"https:\/\/www.revistarambla.com\/interior-impulsa-un-procedimiento-en-la-audiencia-nacional-para-la-extincion-de-izquierda-castellana\/"},"wordCount":858,"commentCount":0,"publisher":{"@id":"https:\/\/www.revistarambla.com\/#organization"},"image":{"@id":"https:\/\/www.revistarambla.com\/interior-impulsa-un-procedimiento-en-la-audiencia-nacional-para-la-extincion-de-izquierda-castellana\/#primaryimage"},"thumbnailUrl":"https:\/\/www.revistarambla.com\/wp-content\/uploads\/2021\/08\/ixnQrOgF_400x400.jpg","articleSection":["Opiniones"],"inLanguage":"en-GB","potentialAction":[{"@type":"CommentAction","name":"Comment","target":["https:\/\/www.revistarambla.com\/interior-impulsa-un-procedimiento-en-la-audiencia-nacional-para-la-extincion-de-izquierda-castellana\/#respond"]}]},{"@type":"WebPage","@id":"https:\/\/www.revistarambla.com\/interior-impulsa-un-procedimiento-en-la-audiencia-nacional-para-la-extincion-de-izquierda-castellana\/","url":"https:\/\/www.revistarambla.com\/interior-impulsa-un-procedimiento-en-la-audiencia-nacional-para-la-extincion-de-izquierda-castellana\/","name":"Interior impulsa un procedimiento en la Audiencia Nacional para la \"extinci\u00f3n\" de Izquierda Castellana - Revista Rambla","isPartOf":{"@id":"https:\/\/www.revistarambla.com\/#website"},"primaryImageOfPage":{"@id":"https:\/\/www.revistarambla.com\/interior-impulsa-un-procedimiento-en-la-audiencia-nacional-para-la-extincion-de-izquierda-castellana\/#primaryimage"},"image":{"@id":"https:\/\/www.revistarambla.com\/interior-impulsa-un-procedimiento-en-la-audiencia-nacional-para-la-extincion-de-izquierda-castellana\/#primaryimage"},"thumbnailUrl":"https:\/\/www.revistarambla.com\/wp-content\/uploads\/2021\/08\/ixnQrOgF_400x400.jpg","datePublished":"2021-08-06T17:28:26+00:00","breadcrumb":{"@id":"https:\/\/www.revistarambla.com\/interior-impulsa-un-procedimiento-en-la-audiencia-nacional-para-la-extincion-de-izquierda-castellana\/#breadcrumb"},"inLanguage":"en-GB","potentialAction":[{"@type":"ReadAction","target":["https:\/\/www.revistarambla.com\/interior-impulsa-un-procedimiento-en-la-audiencia-nacional-para-la-extincion-de-izquierda-castellana\/"]}]},{"@type":"ImageObject","inLanguage":"en-GB","@id":"https:\/\/www.revistarambla.com\/interior-impulsa-un-procedimiento-en-la-audiencia-nacional-para-la-extincion-de-izquierda-castellana\/#primaryimage","url":"https:\/\/www.revistarambla.com\/wp-content\/uploads\/2021\/08\/ixnQrOgF_400x400.jpg","contentUrl":"https:\/\/www.revistarambla.com\/wp-content\/uploads\/2021\/08\/ixnQrOgF_400x400.jpg","width":400,"height":400},{"@type":"BreadcrumbList","@id":"https:\/\/www.revistarambla.com\/interior-impulsa-un-procedimiento-en-la-audiencia-nacional-para-la-extincion-de-izquierda-castellana\/#breadcrumb","itemListElement":[{"@type":"ListItem","position":1,"name":"Portada","item":"https:\/\/www.revistarambla.com\/"},{"@type":"ListItem","position":2,"name":"Interior impulsa un procedimiento en la Audiencia Nacional para la \u00abextinci\u00f3n\u00bb de Izquierda Castellana"}]},{"@type":"WebSite","@id":"https:\/\/www.revistarambla.com\/#website","url":"https:\/\/www.revistarambla.com\/","name":"Revista Rambla Barcelona","description":"Periodismo independiente","publisher":{"@id":"https:\/\/www.revistarambla.com\/#organization"},"potentialAction":[{"@type":"SearchAction","target":{"@type":"EntryPoint","urlTemplate":"https:\/\/www.revistarambla.com\/?s={search_term_string}"},"query-input":{"@type":"PropertyValueSpecification","valueRequired":true,"valueName":"search_term_string"}}],"inLanguage":"en-GB"},{"@type":"Organization","@id":"https:\/\/www.revistarambla.com\/#organization","name":"Revista Rambla","url":"https:\/\/www.revistarambla.com\/","logo":{"@type":"ImageObject","inLanguage":"en-GB","@id":"https:\/\/www.revistarambla.com\/#\/schema\/logo\/image\/","url":"https:\/\/www.revistarambla.com\/wp-content\/uploads\/2020\/09\/banner_rambla_1900x600_BB.png","contentUrl":"https:\/\/www.revistarambla.com\/wp-content\/uploads\/2020\/09\/banner_rambla_1900x600_BB.png","width":1900,"height":600,"caption":"Revista Rambla"},"image":{"@id":"https:\/\/www.revistarambla.com\/#\/schema\/logo\/image\/"},"sameAs":["https:\/\/www.facebook.com\/revistarambla\/","https:\/\/x.com\/revistarambla","https:\/\/www.instagram.com\/revista_rambla","https:\/\/es.linkedin.com\/company\/revista-rambla"]},{"@type":"Person","@id":"https:\/\/www.revistarambla.com\/#\/schema\/person\/2b19179a8ace334b829ad72cc6e6ce97","name":"Izquierda Castellana"}]}},"_links":{"self":[{"href":"https:\/\/www.revistarambla.com\/en\/wp-json\/wp\/v2\/posts\/34671","targetHints":{"allow":["GET"]}}],"collection":[{"href":"https:\/\/www.revistarambla.com\/en\/wp-json\/wp\/v2\/posts"}],"about":[{"href":"https:\/\/www.revistarambla.com\/en\/wp-json\/wp\/v2\/types\/post"}],"author":[{"embeddable":true,"href":"https:\/\/www.revistarambla.com\/en\/wp-json\/wp\/v2\/users\/15"}],"replies":[{"embeddable":true,"href":"https:\/\/www.revistarambla.com\/en\/wp-json\/wp\/v2\/comments?post=34671"}],"version-history":[{"count":0,"href":"https:\/\/www.revistarambla.com\/en\/wp-json\/wp\/v2\/posts\/34671\/revisions"}],"wp:featuredmedia":[{"embeddable":true,"href":"https:\/\/www.revistarambla.com\/en\/wp-json\/wp\/v2\/media\/34674"}],"wp:attachment":[{"href":"https:\/\/www.revistarambla.com\/en\/wp-json\/wp\/v2\/media?parent=34671"}],"wp:term":[{"taxonomy":"category","embeddable":true,"href":"https:\/\/www.revistarambla.com\/en\/wp-json\/wp\/v2\/categories?post=34671"},{"taxonomy":"post_tag","embeddable":true,"href":"https:\/\/www.revistarambla.com\/en\/wp-json\/wp\/v2\/tags?post=34671"}],"curies":[{"name":"wp","href":"https:\/\/api.w.org\/{rel}","templated":true}]}}