{"id":344,"date":"2010-09-16T07:59:21","date_gmt":"2010-09-16T05:59:21","guid":{"rendered":"https:\/\/www.revistarambla.com\/humano-demasiado-humano\/"},"modified":"2021-12-10T17:02:01","modified_gmt":"2021-12-10T16:02:01","slug":"humano-demasiado-humano","status":"publish","type":"post","link":"https:\/\/www.revistarambla.com\/en\/humano-demasiado-humano\/","title":{"rendered":"Humano, demasiado humano"},"content":{"rendered":"<p><img decoding=\"async\" class=\"alignright\" src=\"https:\/\/www.revistarambla.com\/wp-content\/uploads\/2010\/09\/humano002.jpg\" alt=\"alt\" width=\"382\" height=\"173\" \/><\/p>\n<p style=\"text-align: left;\">El director del \u00c1rea de Cultura de la Fundaci\u00f3n \u201cla Caixa\u201d, Ignasi Mir\u00f3, la directora de la Colecci\u00f3n de Arte Contempor\u00e1neo de la misma fundaci\u00f3n, Nimfa Bisbe, y el comisario Valent\u00edn Roma presentaban ayer ante los medios la exposici\u00f3n <em>\u201cHumano, demasiado humano. Arte espa\u00f1ol de los a\u00f1os cincuenta y sesenta. Colecci\u00f3n de Arte Contempor\u00e1neo.\u201d<\/em><\/p>\n<p style=\"text-align: left;\">CaixaForum Barcelona acoger\u00e1 desde hoy, d\u00eda 16, y hasta el 20 de febrero de 2011 una nueva muestra de arte ambientada en los a\u00f1os cincuenta y sesenta. <em>\u2018Esta exposici\u00f3n propone una interpretaci\u00f3n de la \u00e9poca diferente a la t\u00edpica de los a\u00f1os 80\u2019<\/em>, explica el comisario Valent\u00edn Roma. Una mirada diferente sobre la pintura de los a\u00f1os cincuenta y sesenta, profundizando en los elementos estructurales que definieron el arte de esos a\u00f1os en la escena espa\u00f1ola y europea de postguerra. <em>\u2018Una treintena de obras que pocas veces se han mostrado en Barcelona ya que son obras muy representativas de estas \u00e9pocas y de estos artistas, por lo que son muy solicitadas\u2019<\/em>, aclara Nimfa Bisbe. A ello se suma que algunos de los cuadros no se hab\u00edan expuesto nunca en nuestro pa\u00eds hasta ahora. <em>\u2018Gracias a esta muestra se ha recuperado un patrimonio art\u00edstico muy importante\u2019<\/em>, asegura la directora de la Colecci\u00f3n de Arte Contempor\u00e1neo de la Fundaci\u00f3n \u201cla Caixa\u201d.<\/p>\n<p style=\"text-align: left;\"><strong><img decoding=\"async\" class=\"alignleft size-full wp-image-342\" style=\"width: 179px; height: 182px; margin-left: 7px; margin-right: 7px; float: left;\" src=\"https:\/\/www.revistarambla.com\/wp-content\/uploads\/2010\/09\/humano003.jpg\" alt=\"alt\" width=\"2503\" height=\"2571\" srcset=\"https:\/\/www.revistarambla.com\/wp-content\/uploads\/2010\/09\/humano003.jpg 2503w, https:\/\/www.revistarambla.com\/wp-content\/uploads\/2010\/09\/humano003-292x300.jpg 292w, https:\/\/www.revistarambla.com\/wp-content\/uploads\/2010\/09\/humano003-768x789.jpg 768w, https:\/\/www.revistarambla.com\/wp-content\/uploads\/2010\/09\/humano003-997x1024.jpg 997w, https:\/\/www.revistarambla.com\/wp-content\/uploads\/2010\/09\/humano003-500x514.jpg 500w\" sizes=\"(max-width: 2503px) 100vw, 2503px\" \/>Inconformismo art\u00edstico de la postguerra<\/strong><\/p>\n<p style=\"text-align: left;\">El n\u00facleo central de la exposici\u00f3n est\u00e1 formado por un conjunto de obras de artistas espa\u00f1oles pertenecientes a la Colecci\u00f3n de Arte Contempor\u00e1neo Fundaci\u00f3n \u201cla Caixa\u201d, entre ellas algunas piezas de Antonio Saura, Manuel Millares, Antoni Clav\u00e9, Jos\u00e9 Guerrero y Equipo Cr\u00f3nica. \u00a0Piezas que dialogan con pinturas aportadas por otras colecciones catalanas, como la Fundaci\u00f3n Gala-Salvador Dal\u00ed de Figueres, el Museo Picasso de Barcelona y la Fundaci\u00f3n Antoni T\u00e0pies. Una mezcolanza cuyo objetivo es ofrecer una innovadora mirada sobre el esp\u00edritu existencial e inconformista del arte de postguerra espa\u00f1ol. \u2018<em>La exposici\u00f3n tiene diferentes l\u00edneas de fuga: <\/em><em>esa especie de gesto de destrucci\u00f3n, ese gesto iconoclasta, que tienen muchos de los artistas de los 50-60 respecto a los grandes iconos de la historia del arte espa\u00f1ol: Velazquez, Picaso\u2026; la primera destrucci\u00f3n del arte que se da; y el cuestionamiento de la representaci\u00f3n del hombre, de lo humano, del realismo. Aparecen tambi\u00e9n en ese momento otro tipo de representaciones del hombre.\u2019, <\/em>aclara el comisario.<\/p>\n<p style=\"text-align: left;\"><img decoding=\"async\" class=\"alignright size-full wp-image-343\" style=\"width: 173px; height: 257px; margin-left: 7px; margin-right: 7px; float: right;\" src=\"https:\/\/www.revistarambla.com\/wp-content\/uploads\/2010\/09\/humano004.jpg\" alt=\"alt\" width=\"400\" height=\"588\" srcset=\"https:\/\/www.revistarambla.com\/wp-content\/uploads\/2010\/09\/humano004.jpg 400w, https:\/\/www.revistarambla.com\/wp-content\/uploads\/2010\/09\/humano004-204x300.jpg 204w\" sizes=\"(max-width: 400px) 100vw, 400px\" \/>Adem\u00e1s de las obras pl\u00e1sticas, <em>\u201cHumano, demasiado humano\u201d<\/em> incluye tambi\u00e9n la proyecci\u00f3n de una selecci\u00f3n cinematogr\u00e1fica centrada en el mismo per\u00edodo de las d\u00e9cadas de 1950 y 1960. Su intenci\u00f3n es aclarar y ampliar las preocupaciones formales y tem\u00e1ticas de los pintores expuestos con las de un conjunto significativo de cineastas que compart\u00edan idearios afines. As\u00ed, aparecen en la selecci\u00f3n desde el costumbrismo rural enquistado reflejado en <em>\u201cSurcos\u201d<\/em>, de Nieves Conde, hasta el tel\u00f3n tr\u00e1gico de la Guerra Civil que muestran Fr\u00e9deric Roussif en <em>\u201cMourir \u00e0 Madrid\u201d<\/em> y Jaime Camino en <em>\u201cEspa\u00f1a otra vez\u201d<\/em>; desde el retrato human\u00edstico y conflictivo de Basilio Mart\u00edn Patino hasta el trabajo experimental con el mismo lenguaje cinematogr\u00e1fico de Pere Portabella, sin olvidar las aproximaciones biogr\u00e1ficas de Joaquim Jord\u00e0 a Maria Aur\u00e8lia Capmany y de Julio Diamante al bailar\u00edn Vicente Escudero. Junto a este espacio cinematogr\u00e1fico se ha preparado, adem\u00e1s, un espacio documental <em>\u2018donde hemos dispuesto unos libros donde se pueden confrontar las palabras de los artistas\u2019<\/em>, asegura Valent\u00edn Roma, que concluye afirmando que <em>\u2018esta es una exposici\u00f3n que invita al estudio\u2019.<\/em><\/p>","protected":false},"excerpt":{"rendered":"<p>El director del \u00c1rea de Cultura de la Fundaci\u00f3n \u201cla Caixa\u201d, Ignasi Mir\u00f3, la directora de la Colecci\u00f3n de Arte Contempor\u00e1neo de la misma fundaci\u00f3n, Nimfa Bisbe, y el comisario Valent\u00edn Roma presentaban ayer ante los medios la exposici\u00f3n \u201cHumano, demasiado humano. Arte espa\u00f1ol de los a\u00f1os cincuenta y sesenta. [&hellip;]<\/p>\n","protected":false},"author":53,"featured_media":0,"comment_status":"open","ping_status":"open","sticky":false,"template":"","format":"standard","meta":{"footnotes":""},"categories":[64,4],"tags":[],"class_list":["post-344","post","type-post","status-publish","format-standard","hentry","category-arte","category-cultura"],"yoast_head":"<!-- This site is optimized with the Yoast SEO plugin v27.5 - https:\/\/yoast.com\/product\/yoast-seo-wordpress\/ -->\n<title>Humano, demasiado humano - Revista Rambla<\/title>\n<meta name=\"robots\" content=\"index, follow, max-snippet:-1, max-image-preview:large, max-video-preview:-1\" \/>\n<link rel=\"canonical\" href=\"https:\/\/www.revistarambla.com\/en\/humano-demasiado-humano\/\" \/>\n<meta property=\"og:locale\" content=\"en_GB\" \/>\n<meta property=\"og:type\" content=\"article\" \/>\n<meta property=\"og:title\" content=\"Humano, demasiado humano - Revista Rambla\" \/>\n<meta property=\"og:description\" content=\"El director del \u00c1rea de Cultura de la Fundaci\u00f3n \u201cla Caixa\u201d, Ignasi Mir\u00f3, la directora de la Colecci\u00f3n de Arte Contempor\u00e1neo de la misma fundaci\u00f3n, Nimfa Bisbe, y el comisario Valent\u00edn Roma presentaban ayer ante los medios la exposici\u00f3n \u201cHumano, demasiado humano. Arte espa\u00f1ol de los a\u00f1os cincuenta y sesenta. [&hellip;]\" \/>\n<meta property=\"og:url\" content=\"https:\/\/www.revistarambla.com\/en\/humano-demasiado-humano\/\" \/>\n<meta property=\"og:site_name\" content=\"Revista Rambla\" \/>\n<meta property=\"article:publisher\" content=\"https:\/\/www.facebook.com\/revistarambla\/\" \/>\n<meta property=\"article:published_time\" content=\"2010-09-16T05:59:21+00:00\" \/>\n<meta property=\"article:modified_time\" content=\"2021-12-10T16:02:01+00:00\" \/>\n<meta property=\"og:image\" content=\"https:\/\/www.revistarambla.com\/wp-content\/uploads\/2010\/09\/humano001.jpg\" \/>\n\t<meta property=\"og:image:width\" content=\"515\" \/>\n\t<meta property=\"og:image:height\" content=\"300\" \/>\n\t<meta property=\"og:image:type\" content=\"image\/jpeg\" \/>\n<meta name=\"author\" content=\"Estefan\u00eda P\u00e9rez\" \/>\n<meta name=\"twitter:card\" content=\"summary_large_image\" \/>\n<meta name=\"twitter:creator\" content=\"@revistarambla\" \/>\n<meta name=\"twitter:site\" content=\"@revistarambla\" \/>\n<meta name=\"twitter:label1\" content=\"Written by\" \/>\n\t<meta name=\"twitter:data1\" content=\"Estefan\u00eda P\u00e9rez\" \/>\n\t<meta name=\"twitter:label2\" content=\"Estimated reading time\" \/>\n\t<meta name=\"twitter:data2\" content=\"4 minutes\" \/>\n<script type=\"application\/ld+json\" class=\"yoast-schema-graph\">{\"@context\":\"https:\\\/\\\/schema.org\",\"@graph\":[{\"@type\":\"Article\",\"@id\":\"https:\\\/\\\/www.revistarambla.com\\\/humano-demasiado-humano\\\/#article\",\"isPartOf\":{\"@id\":\"https:\\\/\\\/www.revistarambla.com\\\/humano-demasiado-humano\\\/\"},\"author\":{\"name\":\"Estefan\u00eda P\u00e9rez\",\"@id\":\"https:\\\/\\\/www.revistarambla.com\\\/#\\\/schema\\\/person\\\/9cc1c0f5495c4a6fd189ddd5ba5c5ac5\"},\"headline\":\"Humano, demasiado humano\",\"datePublished\":\"2010-09-16T05:59:21+00:00\",\"dateModified\":\"2021-12-10T16:02:01+00:00\",\"mainEntityOfPage\":{\"@id\":\"https:\\\/\\\/www.revistarambla.com\\\/humano-demasiado-humano\\\/\"},\"wordCount\":625,\"commentCount\":0,\"publisher\":{\"@id\":\"https:\\\/\\\/www.revistarambla.com\\\/#organization\"},\"image\":{\"@id\":\"https:\\\/\\\/www.revistarambla.com\\\/humano-demasiado-humano\\\/#primaryimage\"},\"thumbnailUrl\":\"https:\\\/\\\/www.revistarambla.com\\\/wp-content\\\/uploads\\\/2010\\\/09\\\/humano002.jpg\",\"articleSection\":[\"Arte\",\"Cultura\"],\"inLanguage\":\"en-GB\",\"potentialAction\":[{\"@type\":\"CommentAction\",\"name\":\"Comment\",\"target\":[\"https:\\\/\\\/www.revistarambla.com\\\/humano-demasiado-humano\\\/#respond\"]}]},{\"@type\":\"WebPage\",\"@id\":\"https:\\\/\\\/www.revistarambla.com\\\/humano-demasiado-humano\\\/\",\"url\":\"https:\\\/\\\/www.revistarambla.com\\\/humano-demasiado-humano\\\/\",\"name\":\"Humano, demasiado humano - Revista Rambla\",\"isPartOf\":{\"@id\":\"https:\\\/\\\/www.revistarambla.com\\\/#website\"},\"primaryImageOfPage\":{\"@id\":\"https:\\\/\\\/www.revistarambla.com\\\/humano-demasiado-humano\\\/#primaryimage\"},\"image\":{\"@id\":\"https:\\\/\\\/www.revistarambla.com\\\/humano-demasiado-humano\\\/#primaryimage\"},\"thumbnailUrl\":\"https:\\\/\\\/www.revistarambla.com\\\/wp-content\\\/uploads\\\/2010\\\/09\\\/humano002.jpg\",\"datePublished\":\"2010-09-16T05:59:21+00:00\",\"dateModified\":\"2021-12-10T16:02:01+00:00\",\"breadcrumb\":{\"@id\":\"https:\\\/\\\/www.revistarambla.com\\\/humano-demasiado-humano\\\/#breadcrumb\"},\"inLanguage\":\"en-GB\",\"potentialAction\":[{\"@type\":\"ReadAction\",\"target\":[\"https:\\\/\\\/www.revistarambla.com\\\/humano-demasiado-humano\\\/\"]}]},{\"@type\":\"ImageObject\",\"inLanguage\":\"en-GB\",\"@id\":\"https:\\\/\\\/www.revistarambla.com\\\/humano-demasiado-humano\\\/#primaryimage\",\"url\":\"https:\\\/\\\/www.revistarambla.com\\\/wp-content\\\/uploads\\\/2010\\\/09\\\/humano002.jpg\",\"contentUrl\":\"https:\\\/\\\/www.revistarambla.com\\\/wp-content\\\/uploads\\\/2010\\\/09\\\/humano002.jpg\"},{\"@type\":\"BreadcrumbList\",\"@id\":\"https:\\\/\\\/www.revistarambla.com\\\/humano-demasiado-humano\\\/#breadcrumb\",\"itemListElement\":[{\"@type\":\"ListItem\",\"position\":1,\"name\":\"Portada\",\"item\":\"https:\\\/\\\/www.revistarambla.com\\\/\"},{\"@type\":\"ListItem\",\"position\":2,\"name\":\"Humano, demasiado humano\"}]},{\"@type\":\"WebSite\",\"@id\":\"https:\\\/\\\/www.revistarambla.com\\\/#website\",\"url\":\"https:\\\/\\\/www.revistarambla.com\\\/\",\"name\":\"Revista Rambla Barcelona\",\"description\":\"Periodismo independiente\",\"publisher\":{\"@id\":\"https:\\\/\\\/www.revistarambla.com\\\/#organization\"},\"potentialAction\":[{\"@type\":\"SearchAction\",\"target\":{\"@type\":\"EntryPoint\",\"urlTemplate\":\"https:\\\/\\\/www.revistarambla.com\\\/?s={search_term_string}\"},\"query-input\":{\"@type\":\"PropertyValueSpecification\",\"valueRequired\":true,\"valueName\":\"search_term_string\"}}],\"inLanguage\":\"en-GB\"},{\"@type\":\"Organization\",\"@id\":\"https:\\\/\\\/www.revistarambla.com\\\/#organization\",\"name\":\"Revista Rambla\",\"url\":\"https:\\\/\\\/www.revistarambla.com\\\/\",\"logo\":{\"@type\":\"ImageObject\",\"inLanguage\":\"en-GB\",\"@id\":\"https:\\\/\\\/www.revistarambla.com\\\/#\\\/schema\\\/logo\\\/image\\\/\",\"url\":\"https:\\\/\\\/www.revistarambla.com\\\/wp-content\\\/uploads\\\/2020\\\/09\\\/banner_rambla_1900x600_BB.png\",\"contentUrl\":\"https:\\\/\\\/www.revistarambla.com\\\/wp-content\\\/uploads\\\/2020\\\/09\\\/banner_rambla_1900x600_BB.png\",\"width\":1900,\"height\":600,\"caption\":\"Revista Rambla\"},\"image\":{\"@id\":\"https:\\\/\\\/www.revistarambla.com\\\/#\\\/schema\\\/logo\\\/image\\\/\"},\"sameAs\":[\"https:\\\/\\\/www.facebook.com\\\/revistarambla\\\/\",\"https:\\\/\\\/x.com\\\/revistarambla\",\"https:\\\/\\\/www.instagram.com\\\/revista_rambla\",\"https:\\\/\\\/es.linkedin.com\\\/company\\\/revista-rambla\"]},{\"@type\":\"Person\",\"@id\":\"https:\\\/\\\/www.revistarambla.com\\\/#\\\/schema\\\/person\\\/9cc1c0f5495c4a6fd189ddd5ba5c5ac5\",\"name\":\"Estefan\u00eda P\u00e9rez\",\"description\":\"_\"}]}<\/script>\n<!-- \/ Yoast SEO plugin. -->","yoast_head_json":{"title":"Humano, demasiado humano - Revista Rambla","robots":{"index":"index","follow":"follow","max-snippet":"max-snippet:-1","max-image-preview":"max-image-preview:large","max-video-preview":"max-video-preview:-1"},"canonical":"https:\/\/www.revistarambla.com\/en\/humano-demasiado-humano\/","og_locale":"en_GB","og_type":"article","og_title":"Humano, demasiado humano - Revista Rambla","og_description":"El director del \u00c1rea de Cultura de la Fundaci\u00f3n \u201cla Caixa\u201d, Ignasi Mir\u00f3, la directora de la Colecci\u00f3n de Arte Contempor\u00e1neo de la misma fundaci\u00f3n, Nimfa Bisbe, y el comisario Valent\u00edn Roma presentaban ayer ante los medios la exposici\u00f3n \u201cHumano, demasiado humano. Arte espa\u00f1ol de los a\u00f1os cincuenta y sesenta. [&hellip;]","og_url":"https:\/\/www.revistarambla.com\/en\/humano-demasiado-humano\/","og_site_name":"Revista Rambla","article_publisher":"https:\/\/www.facebook.com\/revistarambla\/","article_published_time":"2010-09-16T05:59:21+00:00","article_modified_time":"2021-12-10T16:02:01+00:00","og_image":[{"width":515,"height":300,"url":"https:\/\/www.revistarambla.com\/wp-content\/uploads\/2010\/09\/humano001.jpg","type":"image\/jpeg"}],"author":"Estefan\u00eda P\u00e9rez","twitter_card":"summary_large_image","twitter_creator":"@revistarambla","twitter_site":"@revistarambla","twitter_misc":{"Written by":"Estefan\u00eda P\u00e9rez","Estimated reading time":"4 minutes"},"schema":{"@context":"https:\/\/schema.org","@graph":[{"@type":"Article","@id":"https:\/\/www.revistarambla.com\/humano-demasiado-humano\/#article","isPartOf":{"@id":"https:\/\/www.revistarambla.com\/humano-demasiado-humano\/"},"author":{"name":"Estefan\u00eda P\u00e9rez","@id":"https:\/\/www.revistarambla.com\/#\/schema\/person\/9cc1c0f5495c4a6fd189ddd5ba5c5ac5"},"headline":"Humano, demasiado humano","datePublished":"2010-09-16T05:59:21+00:00","dateModified":"2021-12-10T16:02:01+00:00","mainEntityOfPage":{"@id":"https:\/\/www.revistarambla.com\/humano-demasiado-humano\/"},"wordCount":625,"commentCount":0,"publisher":{"@id":"https:\/\/www.revistarambla.com\/#organization"},"image":{"@id":"https:\/\/www.revistarambla.com\/humano-demasiado-humano\/#primaryimage"},"thumbnailUrl":"https:\/\/www.revistarambla.com\/wp-content\/uploads\/2010\/09\/humano002.jpg","articleSection":["Arte","Cultura"],"inLanguage":"en-GB","potentialAction":[{"@type":"CommentAction","name":"Comment","target":["https:\/\/www.revistarambla.com\/humano-demasiado-humano\/#respond"]}]},{"@type":"WebPage","@id":"https:\/\/www.revistarambla.com\/humano-demasiado-humano\/","url":"https:\/\/www.revistarambla.com\/humano-demasiado-humano\/","name":"Humano, demasiado humano - Revista Rambla","isPartOf":{"@id":"https:\/\/www.revistarambla.com\/#website"},"primaryImageOfPage":{"@id":"https:\/\/www.revistarambla.com\/humano-demasiado-humano\/#primaryimage"},"image":{"@id":"https:\/\/www.revistarambla.com\/humano-demasiado-humano\/#primaryimage"},"thumbnailUrl":"https:\/\/www.revistarambla.com\/wp-content\/uploads\/2010\/09\/humano002.jpg","datePublished":"2010-09-16T05:59:21+00:00","dateModified":"2021-12-10T16:02:01+00:00","breadcrumb":{"@id":"https:\/\/www.revistarambla.com\/humano-demasiado-humano\/#breadcrumb"},"inLanguage":"en-GB","potentialAction":[{"@type":"ReadAction","target":["https:\/\/www.revistarambla.com\/humano-demasiado-humano\/"]}]},{"@type":"ImageObject","inLanguage":"en-GB","@id":"https:\/\/www.revistarambla.com\/humano-demasiado-humano\/#primaryimage","url":"https:\/\/www.revistarambla.com\/wp-content\/uploads\/2010\/09\/humano002.jpg","contentUrl":"https:\/\/www.revistarambla.com\/wp-content\/uploads\/2010\/09\/humano002.jpg"},{"@type":"BreadcrumbList","@id":"https:\/\/www.revistarambla.com\/humano-demasiado-humano\/#breadcrumb","itemListElement":[{"@type":"ListItem","position":1,"name":"Portada","item":"https:\/\/www.revistarambla.com\/"},{"@type":"ListItem","position":2,"name":"Humano, demasiado humano"}]},{"@type":"WebSite","@id":"https:\/\/www.revistarambla.com\/#website","url":"https:\/\/www.revistarambla.com\/","name":"Revista Rambla Barcelona","description":"Periodismo independiente","publisher":{"@id":"https:\/\/www.revistarambla.com\/#organization"},"potentialAction":[{"@type":"SearchAction","target":{"@type":"EntryPoint","urlTemplate":"https:\/\/www.revistarambla.com\/?s={search_term_string}"},"query-input":{"@type":"PropertyValueSpecification","valueRequired":true,"valueName":"search_term_string"}}],"inLanguage":"en-GB"},{"@type":"Organization","@id":"https:\/\/www.revistarambla.com\/#organization","name":"Revista Rambla","url":"https:\/\/www.revistarambla.com\/","logo":{"@type":"ImageObject","inLanguage":"en-GB","@id":"https:\/\/www.revistarambla.com\/#\/schema\/logo\/image\/","url":"https:\/\/www.revistarambla.com\/wp-content\/uploads\/2020\/09\/banner_rambla_1900x600_BB.png","contentUrl":"https:\/\/www.revistarambla.com\/wp-content\/uploads\/2020\/09\/banner_rambla_1900x600_BB.png","width":1900,"height":600,"caption":"Revista Rambla"},"image":{"@id":"https:\/\/www.revistarambla.com\/#\/schema\/logo\/image\/"},"sameAs":["https:\/\/www.facebook.com\/revistarambla\/","https:\/\/x.com\/revistarambla","https:\/\/www.instagram.com\/revista_rambla","https:\/\/es.linkedin.com\/company\/revista-rambla"]},{"@type":"Person","@id":"https:\/\/www.revistarambla.com\/#\/schema\/person\/9cc1c0f5495c4a6fd189ddd5ba5c5ac5","name":"Estefan\u00eda P\u00e9rez","description":"_"}]}},"_links":{"self":[{"href":"https:\/\/www.revistarambla.com\/en\/wp-json\/wp\/v2\/posts\/344","targetHints":{"allow":["GET"]}}],"collection":[{"href":"https:\/\/www.revistarambla.com\/en\/wp-json\/wp\/v2\/posts"}],"about":[{"href":"https:\/\/www.revistarambla.com\/en\/wp-json\/wp\/v2\/types\/post"}],"author":[{"embeddable":true,"href":"https:\/\/www.revistarambla.com\/en\/wp-json\/wp\/v2\/users\/53"}],"replies":[{"embeddable":true,"href":"https:\/\/www.revistarambla.com\/en\/wp-json\/wp\/v2\/comments?post=344"}],"version-history":[{"count":0,"href":"https:\/\/www.revistarambla.com\/en\/wp-json\/wp\/v2\/posts\/344\/revisions"}],"wp:attachment":[{"href":"https:\/\/www.revistarambla.com\/en\/wp-json\/wp\/v2\/media?parent=344"}],"wp:term":[{"taxonomy":"category","embeddable":true,"href":"https:\/\/www.revistarambla.com\/en\/wp-json\/wp\/v2\/categories?post=344"},{"taxonomy":"post_tag","embeddable":true,"href":"https:\/\/www.revistarambla.com\/en\/wp-json\/wp\/v2\/tags?post=344"}],"curies":[{"name":"wp","href":"https:\/\/api.w.org\/{rel}","templated":true}]}}