{"id":34343,"date":"2021-07-17T20:48:41","date_gmt":"2021-07-17T18:48:41","guid":{"rendered":"https:\/\/www.revistarambla.com\/?p=34343"},"modified":"2021-07-17T20:49:39","modified_gmt":"2021-07-17T18:49:39","slug":"deja-vu-del-fenomeno-narcopiso","status":"publish","type":"post","link":"https:\/\/www.revistarambla.com\/en\/deja-vu-del-fenomeno-narcopiso\/","title":{"rendered":"D\u00e9j\u00e0 vu del fen\u00f3meno narcopiso"},"content":{"rendered":"<figure id=\"attachment_34344\" aria-describedby=\"caption-attachment-34344\" style=\"width: 831px\" class=\"wp-caption aligncenter\"><img decoding=\"async\" class=\"wp-image-34344 size-full\" src=\"https:\/\/www.revistarambla.com\/wp-content\/uploads\/2021\/07\/vistalegre4.jpg\" alt=\"\" width=\"831\" height=\"561\" srcset=\"https:\/\/www.revistarambla.com\/wp-content\/uploads\/2021\/07\/vistalegre4.jpg 831w, https:\/\/www.revistarambla.com\/wp-content\/uploads\/2021\/07\/vistalegre4-300x203.jpg 300w, https:\/\/www.revistarambla.com\/wp-content\/uploads\/2021\/07\/vistalegre4-768x518.jpg 768w\" sizes=\"(max-width: 831px) 100vw, 831px\" \/><figcaption id=\"caption-attachment-34344\" class=\"wp-caption-text\">La calle Vistalegre, en el Raval de Barcelona. (Google Maps)<\/figcaption><\/figure>\n<p>Una vez m\u00e1s, los fondos de inversi\u00f3n y las entidades financieras act\u00faan en sinton\u00eda con el narcotr\u00e1fico. Esos grandes propietarios se quedan de manos cruzadas cuando sus propiedades inmobiliarias son utilizadas para delinquir o se caen a trozos (o las dos cosas a la vez), pero s\u00ed act\u00faan con toda su influencia cuando se trata de desahuciar a una familia.<\/p>\n<p>En este caso (Vistalegre, 4), la vivienda hab\u00eda estado utilizada por narcotraficantes durante a\u00f1os (desde 2012 a 2017), hasta que las vecinas y los vecinos y la familia aprovechamos unos d\u00edas en que no hab\u00eda nadie en la vivienda (mientras lo traspasaban a otros traficantes, como se verific\u00f3 m\u00e1s tarde) para protegerla y darle el uso que deber\u00eda tener: habitacional de verdad.<\/p>\n<p>Tambi\u00e9n las vecinas tuvimos que acudir en varias ocasiones a defender a la familia que hab\u00eda empezado a utilizarla ante los intentos de los traficantes de recuperarla por la fuerza. Los vecinos y vecinas hemos tenido que hacer todo esto porque las instituciones que deber\u00edan garantizar el derecho a una vivienda y el buen uso de las que ya existen no lo han hecho. Despu\u00e9s que lo hubi\u00e9ramos denunciado p\u00fablica y reiteradamente, ni las administraciones competentes en vivienda, ni las polic\u00edas, ni el sistema judicial, ni los propietarios actuaron como hubieran debido.<\/p>\n<p>Gracias a nuestra acci\u00f3n, la calma volvi\u00f3 en ese edificio desde 2017 hasta el d\u00eda de hoy. Logramos garantizar que la vivienda no cayera en manos de las mafias y pacificar la zona (lo que la propiedad, las administraciones y la polic\u00eda<br \/>\ndeber\u00eda de garantizar). Durante todo este tiempo la familia ha querido normalizar la situaci\u00f3n mediante un alquiler asequible pero la propiedad Bankia prefiere la vivienda para seguir especulando con el inmueble.<\/p>\n<p>Todos los esfuerzos y recursos para evitar el desahucio no est\u00e1n sirviendo. Incluso se ha presentado una solicitud para la moratoria de desahucio con un informe de vulnerabilidad, familia mono parental y por ser de un gran tenedor, pero el criterio del juez ha desestimado esta circunstancia. As\u00ed que el lunes d\u00eda 19 de julio a las 10:30H, si nadie lo remedia, Elisa ser\u00e1 desahuciada junto a sus dos hijos.<\/p>\n<p>Ya llevamos m\u00e1s de cinco a\u00f1os de lucha contra el uso de viviendas destinadas a actos delictivos, que proliferaron mientras se desahuciaban familias o se embargaban propiedades. Durante la crisis financiera, miles de viviendas cayeron en manos de los bancos que, posteriormente, el Estado tuvo que rescatar con dinero p\u00fablico.<\/p>\n<p>Ya va siendo hora que los responsables pol\u00edticos y judiciales obliguen a los grandes propietarios a cumplir con las leyes y la propia Constituci\u00f3n: el derecho a vivienda y el sometimiento del mercado inmobiliario a los intereses p\u00fablicos.<\/p>","protected":false},"excerpt":{"rendered":"<p>El D\u00e9j\u00e0 vu de una vivienda en la calle Vistalegre n\u00famero 4 en el barrio del Raval y propiedad de Bankia.<\/p>","protected":false},"author":15,"featured_media":34344,"comment_status":"open","ping_status":"open","sticky":false,"template":"","format":"standard","meta":{"footnotes":""},"categories":[72],"tags":[],"class_list":["post-34343","post","type-post","status-publish","format-standard","has-post-thumbnail","hentry","category-opinion"],"yoast_head":"<!-- This site is optimized with the Yoast SEO plugin v27.5 - https:\/\/yoast.com\/product\/yoast-seo-wordpress\/ -->\n<title>D\u00e9j\u00e0 vu del fen\u00f3meno narcopiso - Revista Rambla<\/title>\n<meta name=\"robots\" content=\"index, follow, max-snippet:-1, max-image-preview:large, max-video-preview:-1\" \/>\n<link rel=\"canonical\" href=\"https:\/\/www.revistarambla.com\/en\/deja-vu-del-fenomeno-narcopiso\/\" \/>\n<meta property=\"og:locale\" content=\"en_GB\" \/>\n<meta property=\"og:type\" content=\"article\" \/>\n<meta property=\"og:title\" content=\"D\u00e9j\u00e0 vu del fen\u00f3meno narcopiso - Revista Rambla\" \/>\n<meta property=\"og:description\" content=\"El D\u00e9j\u00e0 vu de una vivienda en la calle Vistalegre n\u00famero 4 en el barrio del Raval y propiedad de Bankia.\" \/>\n<meta property=\"og:url\" content=\"https:\/\/www.revistarambla.com\/en\/deja-vu-del-fenomeno-narcopiso\/\" \/>\n<meta property=\"og:site_name\" content=\"Revista Rambla\" \/>\n<meta property=\"article:publisher\" content=\"https:\/\/www.facebook.com\/revistarambla\/\" \/>\n<meta property=\"article:published_time\" content=\"2021-07-17T18:48:41+00:00\" \/>\n<meta property=\"article:modified_time\" content=\"2021-07-17T18:49:39+00:00\" \/>\n<meta property=\"og:image\" content=\"https:\/\/i1.wp.com\/www.revistarambla.com\/wp-content\/uploads\/2021\/07\/vistalegre4.jpg?fit=831%2C561&ssl=1\" \/>\n\t<meta property=\"og:image:width\" content=\"831\" \/>\n\t<meta property=\"og:image:height\" content=\"561\" \/>\n\t<meta property=\"og:image:type\" content=\"image\/jpeg\" \/>\n<meta name=\"author\" content=\"Xarxa Ve\u00efnal del Raval&nbsp;y&nbsp;Acci\u00f3 Raval\" \/>\n<meta name=\"twitter:card\" content=\"summary_large_image\" \/>\n<meta name=\"twitter:creator\" content=\"@revistarambla\" \/>\n<meta name=\"twitter:site\" content=\"@revistarambla\" \/>\n<meta name=\"twitter:label1\" content=\"Written by\" \/>\n\t<meta name=\"twitter:data1\" content=\"Xarxa Ve\u00efnal del Raval&nbsp;y&nbsp;Acci\u00f3 Raval\" \/>\n\t<meta name=\"twitter:label2\" content=\"Estimated reading time\" \/>\n\t<meta name=\"twitter:data2\" content=\"3 minutes\" \/>\n<script type=\"application\/ld+json\" class=\"yoast-schema-graph\">{\"@context\":\"https:\\\/\\\/schema.org\",\"@graph\":[{\"@type\":\"Article\",\"@id\":\"https:\\\/\\\/www.revistarambla.com\\\/deja-vu-del-fenomeno-narcopiso\\\/#article\",\"isPartOf\":{\"@id\":\"https:\\\/\\\/www.revistarambla.com\\\/deja-vu-del-fenomeno-narcopiso\\\/\"},\"author\":{\"name\":\"Xarxa Ve\u00efnal del Raval&nbsp;y&nbsp;Acci\u00f3 Raval\",\"@id\":\"https:\\\/\\\/www.revistarambla.com\\\/#\\\/schema\\\/person\\\/2b19179a8ace334b829ad72cc6e6ce97\"},\"headline\":\"D\u00e9j\u00e0 vu del fen\u00f3meno narcopiso\",\"datePublished\":\"2021-07-17T18:48:41+00:00\",\"dateModified\":\"2021-07-17T18:49:39+00:00\",\"mainEntityOfPage\":{\"@id\":\"https:\\\/\\\/www.revistarambla.com\\\/deja-vu-del-fenomeno-narcopiso\\\/\"},\"wordCount\":496,\"commentCount\":0,\"publisher\":{\"@id\":\"https:\\\/\\\/www.revistarambla.com\\\/#organization\"},\"image\":{\"@id\":\"https:\\\/\\\/www.revistarambla.com\\\/deja-vu-del-fenomeno-narcopiso\\\/#primaryimage\"},\"thumbnailUrl\":\"https:\\\/\\\/www.revistarambla.com\\\/wp-content\\\/uploads\\\/2021\\\/07\\\/vistalegre4.jpg\",\"articleSection\":[\"Opiniones\"],\"inLanguage\":\"en-GB\",\"potentialAction\":[{\"@type\":\"CommentAction\",\"name\":\"Comment\",\"target\":[\"https:\\\/\\\/www.revistarambla.com\\\/deja-vu-del-fenomeno-narcopiso\\\/#respond\"]}]},{\"@type\":\"WebPage\",\"@id\":\"https:\\\/\\\/www.revistarambla.com\\\/deja-vu-del-fenomeno-narcopiso\\\/\",\"url\":\"https:\\\/\\\/www.revistarambla.com\\\/deja-vu-del-fenomeno-narcopiso\\\/\",\"name\":\"D\u00e9j\u00e0 vu del fen\u00f3meno narcopiso - Revista Rambla\",\"isPartOf\":{\"@id\":\"https:\\\/\\\/www.revistarambla.com\\\/#website\"},\"primaryImageOfPage\":{\"@id\":\"https:\\\/\\\/www.revistarambla.com\\\/deja-vu-del-fenomeno-narcopiso\\\/#primaryimage\"},\"image\":{\"@id\":\"https:\\\/\\\/www.revistarambla.com\\\/deja-vu-del-fenomeno-narcopiso\\\/#primaryimage\"},\"thumbnailUrl\":\"https:\\\/\\\/www.revistarambla.com\\\/wp-content\\\/uploads\\\/2021\\\/07\\\/vistalegre4.jpg\",\"datePublished\":\"2021-07-17T18:48:41+00:00\",\"dateModified\":\"2021-07-17T18:49:39+00:00\",\"breadcrumb\":{\"@id\":\"https:\\\/\\\/www.revistarambla.com\\\/deja-vu-del-fenomeno-narcopiso\\\/#breadcrumb\"},\"inLanguage\":\"en-GB\",\"potentialAction\":[{\"@type\":\"ReadAction\",\"target\":[\"https:\\\/\\\/www.revistarambla.com\\\/deja-vu-del-fenomeno-narcopiso\\\/\"]}]},{\"@type\":\"ImageObject\",\"inLanguage\":\"en-GB\",\"@id\":\"https:\\\/\\\/www.revistarambla.com\\\/deja-vu-del-fenomeno-narcopiso\\\/#primaryimage\",\"url\":\"https:\\\/\\\/www.revistarambla.com\\\/wp-content\\\/uploads\\\/2021\\\/07\\\/vistalegre4.jpg\",\"contentUrl\":\"https:\\\/\\\/www.revistarambla.com\\\/wp-content\\\/uploads\\\/2021\\\/07\\\/vistalegre4.jpg\",\"width\":831,\"height\":561},{\"@type\":\"BreadcrumbList\",\"@id\":\"https:\\\/\\\/www.revistarambla.com\\\/deja-vu-del-fenomeno-narcopiso\\\/#breadcrumb\",\"itemListElement\":[{\"@type\":\"ListItem\",\"position\":1,\"name\":\"Portada\",\"item\":\"https:\\\/\\\/www.revistarambla.com\\\/\"},{\"@type\":\"ListItem\",\"position\":2,\"name\":\"D\u00e9j\u00e0 vu del fen\u00f3meno narcopiso\"}]},{\"@type\":\"WebSite\",\"@id\":\"https:\\\/\\\/www.revistarambla.com\\\/#website\",\"url\":\"https:\\\/\\\/www.revistarambla.com\\\/\",\"name\":\"Revista Rambla Barcelona\",\"description\":\"Periodismo independiente\",\"publisher\":{\"@id\":\"https:\\\/\\\/www.revistarambla.com\\\/#organization\"},\"potentialAction\":[{\"@type\":\"SearchAction\",\"target\":{\"@type\":\"EntryPoint\",\"urlTemplate\":\"https:\\\/\\\/www.revistarambla.com\\\/?s={search_term_string}\"},\"query-input\":{\"@type\":\"PropertyValueSpecification\",\"valueRequired\":true,\"valueName\":\"search_term_string\"}}],\"inLanguage\":\"en-GB\"},{\"@type\":\"Organization\",\"@id\":\"https:\\\/\\\/www.revistarambla.com\\\/#organization\",\"name\":\"Revista Rambla\",\"url\":\"https:\\\/\\\/www.revistarambla.com\\\/\",\"logo\":{\"@type\":\"ImageObject\",\"inLanguage\":\"en-GB\",\"@id\":\"https:\\\/\\\/www.revistarambla.com\\\/#\\\/schema\\\/logo\\\/image\\\/\",\"url\":\"https:\\\/\\\/www.revistarambla.com\\\/wp-content\\\/uploads\\\/2020\\\/09\\\/banner_rambla_1900x600_BB.png\",\"contentUrl\":\"https:\\\/\\\/www.revistarambla.com\\\/wp-content\\\/uploads\\\/2020\\\/09\\\/banner_rambla_1900x600_BB.png\",\"width\":1900,\"height\":600,\"caption\":\"Revista Rambla\"},\"image\":{\"@id\":\"https:\\\/\\\/www.revistarambla.com\\\/#\\\/schema\\\/logo\\\/image\\\/\"},\"sameAs\":[\"https:\\\/\\\/www.facebook.com\\\/revistarambla\\\/\",\"https:\\\/\\\/x.com\\\/revistarambla\",\"https:\\\/\\\/www.instagram.com\\\/revista_rambla\",\"https:\\\/\\\/es.linkedin.com\\\/company\\\/revista-rambla\"]},[{\"@type\":[\"Person\"],\"@id\":\"https:\\\/\\\/www.revistarambla.com\\\/#\\\/schema\\\/person\\\/2b19179a8ace334b829ad72cc6e6ce97\",\"name\":\"Xarxa Ve\u00efnal del Raval\",\"image\":{\"@type\":\"ImageObject\",\"@id\":\"\",\"inLanguage\":\"en_GB\",\"url\":\"https:\\\/\\\/www.revistarambla.com\\\/wp-content\\\/litespeed\\\/avatar\\\/e0de3cb86f30117e120eb135706c3bfb.jpg?ver=1777318223\",\"caption\":\"Xarxa Ve\u00efnal del Raval\"}},{\"@type\":[\"Person\"],\"@id\":\"https:\\\/\\\/www.revistarambla.com\\\/#\\\/schema\\\/person\\\/2b19179a8ace334b829ad72cc6e6ce97\",\"name\":\"Acci\u00f3 Raval\",\"image\":{\"@type\":\"ImageObject\",\"@id\":\"\",\"inLanguage\":\"en_GB\",\"url\":\"https:\\\/\\\/www.revistarambla.com\\\/wp-content\\\/litespeed\\\/avatar\\\/e0de3cb86f30117e120eb135706c3bfb.jpg?ver=1777318223\",\"caption\":\"Acci\u00f3 Raval\"}}]]}<\/script>\n<!-- \/ Yoast SEO plugin. -->","yoast_head_json":{"title":"D\u00e9j\u00e0 vu del fen\u00f3meno narcopiso - Revista Rambla","robots":{"index":"index","follow":"follow","max-snippet":"max-snippet:-1","max-image-preview":"max-image-preview:large","max-video-preview":"max-video-preview:-1"},"canonical":"https:\/\/www.revistarambla.com\/en\/deja-vu-del-fenomeno-narcopiso\/","og_locale":"en_GB","og_type":"article","og_title":"D\u00e9j\u00e0 vu del fen\u00f3meno narcopiso - Revista Rambla","og_description":"El D\u00e9j\u00e0 vu de una vivienda en la calle Vistalegre n\u00famero 4 en el barrio del Raval y propiedad de Bankia.","og_url":"https:\/\/www.revistarambla.com\/en\/deja-vu-del-fenomeno-narcopiso\/","og_site_name":"Revista Rambla","article_publisher":"https:\/\/www.facebook.com\/revistarambla\/","article_published_time":"2021-07-17T18:48:41+00:00","article_modified_time":"2021-07-17T18:49:39+00:00","og_image":[{"width":831,"height":561,"url":"https:\/\/i1.wp.com\/www.revistarambla.com\/wp-content\/uploads\/2021\/07\/vistalegre4.jpg?fit=831%2C561&ssl=1","type":"image\/jpeg"}],"author":"Xarxa Ve\u00efnal del Raval&nbsp;y&nbsp;Acci\u00f3 Raval","twitter_card":"summary_large_image","twitter_creator":"@revistarambla","twitter_site":"@revistarambla","twitter_misc":{"Written by":"Xarxa Ve\u00efnal del Raval&nbsp;y&nbsp;Acci\u00f3 Raval","Estimated reading time":"3 minutes"},"schema":{"@context":"https:\/\/schema.org","@graph":[{"@type":"Article","@id":"https:\/\/www.revistarambla.com\/deja-vu-del-fenomeno-narcopiso\/#article","isPartOf":{"@id":"https:\/\/www.revistarambla.com\/deja-vu-del-fenomeno-narcopiso\/"},"author":{"name":"Xarxa Ve\u00efnal del Raval&nbsp;y&nbsp;Acci\u00f3 Raval","@id":"https:\/\/www.revistarambla.com\/#\/schema\/person\/2b19179a8ace334b829ad72cc6e6ce97"},"headline":"D\u00e9j\u00e0 vu del fen\u00f3meno narcopiso","datePublished":"2021-07-17T18:48:41+00:00","dateModified":"2021-07-17T18:49:39+00:00","mainEntityOfPage":{"@id":"https:\/\/www.revistarambla.com\/deja-vu-del-fenomeno-narcopiso\/"},"wordCount":496,"commentCount":0,"publisher":{"@id":"https:\/\/www.revistarambla.com\/#organization"},"image":{"@id":"https:\/\/www.revistarambla.com\/deja-vu-del-fenomeno-narcopiso\/#primaryimage"},"thumbnailUrl":"https:\/\/www.revistarambla.com\/wp-content\/uploads\/2021\/07\/vistalegre4.jpg","articleSection":["Opiniones"],"inLanguage":"en-GB","potentialAction":[{"@type":"CommentAction","name":"Comment","target":["https:\/\/www.revistarambla.com\/deja-vu-del-fenomeno-narcopiso\/#respond"]}]},{"@type":"WebPage","@id":"https:\/\/www.revistarambla.com\/deja-vu-del-fenomeno-narcopiso\/","url":"https:\/\/www.revistarambla.com\/deja-vu-del-fenomeno-narcopiso\/","name":"D\u00e9j\u00e0 vu del fen\u00f3meno narcopiso - Revista Rambla","isPartOf":{"@id":"https:\/\/www.revistarambla.com\/#website"},"primaryImageOfPage":{"@id":"https:\/\/www.revistarambla.com\/deja-vu-del-fenomeno-narcopiso\/#primaryimage"},"image":{"@id":"https:\/\/www.revistarambla.com\/deja-vu-del-fenomeno-narcopiso\/#primaryimage"},"thumbnailUrl":"https:\/\/www.revistarambla.com\/wp-content\/uploads\/2021\/07\/vistalegre4.jpg","datePublished":"2021-07-17T18:48:41+00:00","dateModified":"2021-07-17T18:49:39+00:00","breadcrumb":{"@id":"https:\/\/www.revistarambla.com\/deja-vu-del-fenomeno-narcopiso\/#breadcrumb"},"inLanguage":"en-GB","potentialAction":[{"@type":"ReadAction","target":["https:\/\/www.revistarambla.com\/deja-vu-del-fenomeno-narcopiso\/"]}]},{"@type":"ImageObject","inLanguage":"en-GB","@id":"https:\/\/www.revistarambla.com\/deja-vu-del-fenomeno-narcopiso\/#primaryimage","url":"https:\/\/www.revistarambla.com\/wp-content\/uploads\/2021\/07\/vistalegre4.jpg","contentUrl":"https:\/\/www.revistarambla.com\/wp-content\/uploads\/2021\/07\/vistalegre4.jpg","width":831,"height":561},{"@type":"BreadcrumbList","@id":"https:\/\/www.revistarambla.com\/deja-vu-del-fenomeno-narcopiso\/#breadcrumb","itemListElement":[{"@type":"ListItem","position":1,"name":"Portada","item":"https:\/\/www.revistarambla.com\/"},{"@type":"ListItem","position":2,"name":"D\u00e9j\u00e0 vu del fen\u00f3meno narcopiso"}]},{"@type":"WebSite","@id":"https:\/\/www.revistarambla.com\/#website","url":"https:\/\/www.revistarambla.com\/","name":"Revista Rambla Barcelona","description":"Periodismo independiente","publisher":{"@id":"https:\/\/www.revistarambla.com\/#organization"},"potentialAction":[{"@type":"SearchAction","target":{"@type":"EntryPoint","urlTemplate":"https:\/\/www.revistarambla.com\/?s={search_term_string}"},"query-input":{"@type":"PropertyValueSpecification","valueRequired":true,"valueName":"search_term_string"}}],"inLanguage":"en-GB"},{"@type":"Organization","@id":"https:\/\/www.revistarambla.com\/#organization","name":"Revista Rambla","url":"https:\/\/www.revistarambla.com\/","logo":{"@type":"ImageObject","inLanguage":"en-GB","@id":"https:\/\/www.revistarambla.com\/#\/schema\/logo\/image\/","url":"https:\/\/www.revistarambla.com\/wp-content\/uploads\/2020\/09\/banner_rambla_1900x600_BB.png","contentUrl":"https:\/\/www.revistarambla.com\/wp-content\/uploads\/2020\/09\/banner_rambla_1900x600_BB.png","width":1900,"height":600,"caption":"Revista Rambla"},"image":{"@id":"https:\/\/www.revistarambla.com\/#\/schema\/logo\/image\/"},"sameAs":["https:\/\/www.facebook.com\/revistarambla\/","https:\/\/x.com\/revistarambla","https:\/\/www.instagram.com\/revista_rambla","https:\/\/es.linkedin.com\/company\/revista-rambla"]},[{"@type":["Person"],"@id":"https:\/\/www.revistarambla.com\/#\/schema\/person\/2b19179a8ace334b829ad72cc6e6ce97","name":"Xarxa Ve\u00efnal del Raval","image":{"@type":"ImageObject","@id":"","inLanguage":"en_GB","url":"https:\/\/www.revistarambla.com\/wp-content\/litespeed\/avatar\/e0de3cb86f30117e120eb135706c3bfb.jpg?ver=1777318223","caption":"Xarxa Ve\u00efnal del Raval"}},{"@type":["Person"],"@id":"https:\/\/www.revistarambla.com\/#\/schema\/person\/2b19179a8ace334b829ad72cc6e6ce97","name":"Acci\u00f3 Raval","image":{"@type":"ImageObject","@id":"","inLanguage":"en_GB","url":"https:\/\/www.revistarambla.com\/wp-content\/litespeed\/avatar\/e0de3cb86f30117e120eb135706c3bfb.jpg?ver=1777318223","caption":"Acci\u00f3 Raval"}}]]}},"_links":{"self":[{"href":"https:\/\/www.revistarambla.com\/en\/wp-json\/wp\/v2\/posts\/34343","targetHints":{"allow":["GET"]}}],"collection":[{"href":"https:\/\/www.revistarambla.com\/en\/wp-json\/wp\/v2\/posts"}],"about":[{"href":"https:\/\/www.revistarambla.com\/en\/wp-json\/wp\/v2\/types\/post"}],"author":[{"embeddable":true,"href":"https:\/\/www.revistarambla.com\/en\/wp-json\/wp\/v2\/users\/15"}],"replies":[{"embeddable":true,"href":"https:\/\/www.revistarambla.com\/en\/wp-json\/wp\/v2\/comments?post=34343"}],"version-history":[{"count":0,"href":"https:\/\/www.revistarambla.com\/en\/wp-json\/wp\/v2\/posts\/34343\/revisions"}],"wp:featuredmedia":[{"embeddable":true,"href":"https:\/\/www.revistarambla.com\/en\/wp-json\/wp\/v2\/media\/34344"}],"wp:attachment":[{"href":"https:\/\/www.revistarambla.com\/en\/wp-json\/wp\/v2\/media?parent=34343"}],"wp:term":[{"taxonomy":"category","embeddable":true,"href":"https:\/\/www.revistarambla.com\/en\/wp-json\/wp\/v2\/categories?post=34343"},{"taxonomy":"post_tag","embeddable":true,"href":"https:\/\/www.revistarambla.com\/en\/wp-json\/wp\/v2\/tags?post=34343"}],"curies":[{"name":"wp","href":"https:\/\/api.w.org\/{rel}","templated":true}]}}