{"id":34257,"date":"2021-07-13T18:53:49","date_gmt":"2021-07-13T16:53:49","guid":{"rendered":"https:\/\/www.revistarambla.com\/?p=34257"},"modified":"2021-12-07T16:10:39","modified_gmt":"2021-12-07T15:10:39","slug":"se-esta-gestando-una-nueva-crisis-de-los-misiles-en-cuba","status":"publish","type":"post","link":"https:\/\/www.revistarambla.com\/en\/se-esta-gestando-una-nueva-crisis-de-los-misiles-en-cuba\/","title":{"rendered":"\u00bfSe est\u00e1 gestando una nueva Crisis de los Misiles en Cuba?"},"content":{"rendered":"<p><img decoding=\"async\" class=\"aligncenter wp-image-34258\" src=\"https:\/\/www.revistarambla.com\/wp-content\/uploads\/2021\/07\/people-take-part-protests-havana-300x208.jpg\" alt=\"\" width=\"800\" height=\"555\" srcset=\"https:\/\/www.revistarambla.com\/wp-content\/uploads\/2021\/07\/people-take-part-protests-havana-300x208.jpg 300w, https:\/\/www.revistarambla.com\/wp-content\/uploads\/2021\/07\/people-take-part-protests-havana-768x533.jpg 768w, https:\/\/www.revistarambla.com\/wp-content\/uploads\/2021\/07\/people-take-part-protests-havana.jpg 790w\" sizes=\"(max-width: 800px) 100vw, 800px\" \/><\/p>\n<p>El cese del <a href=\"https:\/\/www.revistarambla.com\/en\/la-onu-aprueba-una-resolucion-contra-el-bloqueo-de-e-u-a-sobre-cuba\/\">bloqueo de Estados Unidos contra Cuba<\/a>, exigido por vig\u00e9simo noveno a\u00f1o consecutivo en la Asamblea General de la Organizaci\u00f3n de las Naciones Unidas y aprobado de forma abrumadora por 184 votos a favor, 2 en contra (Estados Unidos e Israel) y 3 abstenciones (Colombia, Ucrania y Brasil), reafirma la libertad de comercio y navegaci\u00f3n ante un bloqueo anacr\u00f3nico instaurado por Kennedy en 1.962 y que habr\u00eda supuesto para la Isla unas p\u00e9rdidas directas e indirectas estimadas en 110.000 millones $ seg\u00fan el Programa de Naciones Unidas para el Desarrollo (PNUD) y cerca del Bill\u00f3n $ seg\u00fan el Gobierno cubano.<\/p>\n<p>Adem\u00e1s, la renovaci\u00f3n autom\u00e1tica por parte de EUA por un a\u00f1o m\u00e1s del embargo comercial a la isla atentar\u00edan contra el vigente sistema financiero y pol\u00edtico internacional y podr\u00edan suponer para Cuba p\u00e9rdidas estimadas en cerca de 7.000 millones de $, abocando al r\u00e9gimen cubano a una asfixia econ\u00f3mica que puede tornarse letal tras la irrupci\u00f3n de la pandemia del coronavirus.<\/p>\n<h3>\u00bfNueva Crisis de los Misiles en Cuba?<\/h3>\n<p>La utop\u00eda ser\u00eda el camino para alcanzar un sue\u00f1o que llevar\u00eda impl\u00edcito en su potencia la facultad de devenir en acto concreto siendo preciso transitar por la senda marcada por <em>il poverello d&#8217;Assisi<\/em>: \u201cComienza haciendo lo que es necesario, despu\u00e9s lo que es posible y de repente estar\u00e1s haciendo lo imposible\u201d.<\/p>\n<p>As\u00ed, la utop\u00eda ser\u00eda la normalizaci\u00f3n de las relaciones entre Cuba y EUA, destino final de un recorrido jalonado por lo necesario (finiquito del Bloqueo energ\u00e9tico) y lo posible (suspensi\u00f3n del anacr\u00f3nico Bloqueo) hasta llegar a lo que parec\u00eda imposible (normalizaci\u00f3n de las relaciones entre Cuba y EUA). En este contexto de b\u00fasqueda de la utop\u00eda, se enmarca la petici\u00f3n del <em>think tank<\/em> Cuba Study Group (CSG) a la Administraci\u00f3n Biden de \u201cun compromiso diplom\u00e1tico renovado con Cuba\u201d.<\/p>\n<p>Dicho grupo de an\u00e1lisis presidido por el empresario Carlos Saldrigas representar\u00eda a la tendencia moderada de la comunidad cubano estadounidense y estar\u00eda compuesta por destacados empresarios y activistas pol\u00edticos que participaron activamente en mejorar las relaciones con Cuba durante la Presidencia de Obama.<\/p>\n<p>El camino a recorrer estar\u00e1 jalonado por los retos del finiquito del bloqueo energ\u00e9tico a la Isla, la retirada de Cuba de la lista de \u201cEstados Patrocinadores del Terrorismo\u201d, la derogaci\u00f3n de la Ley Hemls-Burton y finalmente, la suspensi\u00f3n del anacr\u00f3nico Bloqueo vigente desde 1.962 que dar\u00eda paso al intercambio de embajadores y a la anhelada normalizaci\u00f3n de las relaciones entre Cuba y EUA. Sin embargo, en una entrevista concedida a la CNN, el asesor de Joe Biden para Am\u00e9rica Latina, el colombiano Juan Gonz\u00e1lez, descart\u00f3 un nuevo deshielo con Cuba y asegur\u00f3 que \u201cJoe Biden no es Barck Obama en la pol\u00edtica hacia la Isla\u201d al tiempo que a\u00f1adi\u00f3 que \u201cel momento pol\u00edtico ha cambiado de forma importante\u201d, afirmaciones que se habr\u00edan visto reflejadas en la nueva Revoluci\u00f3n de Colores iniciada por el exilio cubano de Miami con el objetivo confeso de socavar el r\u00e9gimen cubano.<\/p>\n<p>Con ello quedar\u00eda demostrada la miop\u00eda geopol\u00edtica de la Administraci\u00f3n Biden que podr\u00eda generar un vac\u00edo de resultados imprevisibles en plena Guerra Fr\u00eda 2.0 entre EUA y Rusia y que podr\u00eda terminar por dibujar una nueva cartograf\u00eda geopol\u00edtica en el Caribe.<\/p>\n<p>As\u00ed, las relaciones de Rusia con los pa\u00edses del ALBA vendr\u00e1n marcadas por el pragm\u00e1tico econ\u00f3mico y los acuerdos bilaterales para la venta de productos militares y el traspaso de tecnolog\u00eda a los pa\u00edses sudamericanos, de lo que ser\u00eda paradigma la creaci\u00f3n de un centro de tecnolog\u00eda nuclear en Bolivia. Asimismo, Rusia estar\u00eda negociando instalar sus bases militares con Cuba, Venezuela, Nicaragua, Seychelles y Singapur con el objetivo inequ\u00edvoco de ampliar el radio militar ruso.<\/p>\n<p>En consecuencia, tras la decisi\u00f3n de Biden de continuar con el endemismo del Bloqueo, podr\u00edamos asistir a un acercamiento geopol\u00edtico de Cuba y Rusia que culminar\u00eda con la firma de un nuevo tratado de colaboraci\u00f3n militar de Cuba con la Rusia (rememorando el Pacto Secreto firmado en 1.960 en Mosc\u00fa entre Ra\u00fal Castro y Jruschov) y que incluir\u00eda la instalaci\u00f3n de una base de Radares en la abandonada base militar de Lourdes para escuchar c\u00f3modamente los susurros de Washington, pudiendo reeditarse la Crisis de los Misiles (octubre 1962).<\/p>","protected":false},"excerpt":{"rendered":"<p>El cese del bloqueo de Estados Unidos contra Cuba, exigido por vig\u00e9simo noveno a\u00f1o consecutivo en la Asamblea General de la Organizaci\u00f3n de las Naciones Unidas y aprobado de forma abrumadora por 184 votos a favor, 2 en contra (Estados Unidos e Israel) y 3 abstenciones (Colombia, Ucrania y Brasil), [&hellip;]<\/p>\n","protected":false},"author":16,"featured_media":34258,"comment_status":"open","ping_status":"open","sticky":false,"template":"","format":"standard","meta":{"footnotes":""},"categories":[72],"tags":[],"class_list":["post-34257","post","type-post","status-publish","format-standard","has-post-thumbnail","hentry","category-opinion"],"yoast_head":"<!-- This site is optimized with the Yoast SEO plugin v27.5 - https:\/\/yoast.com\/product\/yoast-seo-wordpress\/ -->\n<title>\u00bfSe est\u00e1 gestando una nueva Crisis de los Misiles en Cuba? - Revista Rambla<\/title>\n<meta name=\"robots\" content=\"index, follow, max-snippet:-1, max-image-preview:large, max-video-preview:-1\" \/>\n<link rel=\"canonical\" href=\"https:\/\/www.revistarambla.com\/en\/se-esta-gestando-una-nueva-crisis-de-los-misiles-en-cuba\/\" \/>\n<meta property=\"og:locale\" content=\"en_GB\" \/>\n<meta property=\"og:type\" content=\"article\" \/>\n<meta property=\"og:title\" content=\"\u00bfSe est\u00e1 gestando una nueva Crisis de los Misiles en Cuba? - Revista Rambla\" \/>\n<meta property=\"og:description\" content=\"El cese del bloqueo de Estados Unidos contra Cuba, exigido por vig\u00e9simo noveno a\u00f1o consecutivo en la Asamblea General de la Organizaci\u00f3n de las Naciones Unidas y aprobado de forma abrumadora por 184 votos a favor, 2 en contra (Estados Unidos e Israel) y 3 abstenciones (Colombia, Ucrania y Brasil), [&hellip;]\" \/>\n<meta property=\"og:url\" content=\"https:\/\/www.revistarambla.com\/en\/se-esta-gestando-una-nueva-crisis-de-los-misiles-en-cuba\/\" \/>\n<meta property=\"og:site_name\" content=\"Revista Rambla\" \/>\n<meta property=\"article:publisher\" content=\"https:\/\/www.facebook.com\/revistarambla\/\" \/>\n<meta property=\"article:published_time\" content=\"2021-07-13T16:53:49+00:00\" \/>\n<meta property=\"article:modified_time\" content=\"2021-12-07T15:10:39+00:00\" \/>\n<meta property=\"og:image\" content=\"https:\/\/www.revistarambla.com\/wp-content\/uploads\/2021\/07\/people-take-part-protests-havana.jpg\" \/>\n\t<meta property=\"og:image:width\" content=\"790\" \/>\n\t<meta property=\"og:image:height\" content=\"548\" \/>\n\t<meta property=\"og:image:type\" content=\"image\/jpeg\" \/>\n<meta name=\"author\" content=\"Germ\u00e1n Gorraiz L\u00f3pez\" \/>\n<meta name=\"twitter:card\" content=\"summary_large_image\" \/>\n<meta name=\"twitter:creator\" content=\"@revistarambla\" \/>\n<meta name=\"twitter:site\" content=\"@revistarambla\" \/>\n<meta name=\"twitter:label1\" content=\"Written by\" \/>\n\t<meta name=\"twitter:data1\" content=\"Germ\u00e1n Gorraiz L\u00f3pez\" \/>\n\t<meta name=\"twitter:label2\" content=\"Estimated reading time\" \/>\n\t<meta name=\"twitter:data2\" content=\"4 minutes\" \/>\n<script type=\"application\/ld+json\" class=\"yoast-schema-graph\">{\"@context\":\"https:\\\/\\\/schema.org\",\"@graph\":[{\"@type\":\"Article\",\"@id\":\"https:\\\/\\\/www.revistarambla.com\\\/se-esta-gestando-una-nueva-crisis-de-los-misiles-en-cuba\\\/#article\",\"isPartOf\":{\"@id\":\"https:\\\/\\\/www.revistarambla.com\\\/se-esta-gestando-una-nueva-crisis-de-los-misiles-en-cuba\\\/\"},\"author\":{\"name\":\"Germ\u00e1n Gorraiz L\u00f3pez\",\"@id\":\"https:\\\/\\\/www.revistarambla.com\\\/#\\\/schema\\\/person\\\/23a7868ff10cd88f8fdb045c7b7e4a4d\"},\"headline\":\"\u00bfSe est\u00e1 gestando una nueva Crisis de los Misiles en Cuba?\",\"datePublished\":\"2021-07-13T16:53:49+00:00\",\"dateModified\":\"2021-12-07T15:10:39+00:00\",\"mainEntityOfPage\":{\"@id\":\"https:\\\/\\\/www.revistarambla.com\\\/se-esta-gestando-una-nueva-crisis-de-los-misiles-en-cuba\\\/\"},\"wordCount\":782,\"commentCount\":0,\"publisher\":{\"@id\":\"https:\\\/\\\/www.revistarambla.com\\\/#organization\"},\"image\":{\"@id\":\"https:\\\/\\\/www.revistarambla.com\\\/se-esta-gestando-una-nueva-crisis-de-los-misiles-en-cuba\\\/#primaryimage\"},\"thumbnailUrl\":\"https:\\\/\\\/www.revistarambla.com\\\/wp-content\\\/uploads\\\/2021\\\/07\\\/people-take-part-protests-havana.jpg\",\"articleSection\":[\"Opiniones\"],\"inLanguage\":\"en-GB\",\"potentialAction\":[{\"@type\":\"CommentAction\",\"name\":\"Comment\",\"target\":[\"https:\\\/\\\/www.revistarambla.com\\\/se-esta-gestando-una-nueva-crisis-de-los-misiles-en-cuba\\\/#respond\"]}]},{\"@type\":\"WebPage\",\"@id\":\"https:\\\/\\\/www.revistarambla.com\\\/se-esta-gestando-una-nueva-crisis-de-los-misiles-en-cuba\\\/\",\"url\":\"https:\\\/\\\/www.revistarambla.com\\\/se-esta-gestando-una-nueva-crisis-de-los-misiles-en-cuba\\\/\",\"name\":\"\u00bfSe est\u00e1 gestando una nueva Crisis de los Misiles en Cuba? - Revista Rambla\",\"isPartOf\":{\"@id\":\"https:\\\/\\\/www.revistarambla.com\\\/#website\"},\"primaryImageOfPage\":{\"@id\":\"https:\\\/\\\/www.revistarambla.com\\\/se-esta-gestando-una-nueva-crisis-de-los-misiles-en-cuba\\\/#primaryimage\"},\"image\":{\"@id\":\"https:\\\/\\\/www.revistarambla.com\\\/se-esta-gestando-una-nueva-crisis-de-los-misiles-en-cuba\\\/#primaryimage\"},\"thumbnailUrl\":\"https:\\\/\\\/www.revistarambla.com\\\/wp-content\\\/uploads\\\/2021\\\/07\\\/people-take-part-protests-havana.jpg\",\"datePublished\":\"2021-07-13T16:53:49+00:00\",\"dateModified\":\"2021-12-07T15:10:39+00:00\",\"breadcrumb\":{\"@id\":\"https:\\\/\\\/www.revistarambla.com\\\/se-esta-gestando-una-nueva-crisis-de-los-misiles-en-cuba\\\/#breadcrumb\"},\"inLanguage\":\"en-GB\",\"potentialAction\":[{\"@type\":\"ReadAction\",\"target\":[\"https:\\\/\\\/www.revistarambla.com\\\/se-esta-gestando-una-nueva-crisis-de-los-misiles-en-cuba\\\/\"]}]},{\"@type\":\"ImageObject\",\"inLanguage\":\"en-GB\",\"@id\":\"https:\\\/\\\/www.revistarambla.com\\\/se-esta-gestando-una-nueva-crisis-de-los-misiles-en-cuba\\\/#primaryimage\",\"url\":\"https:\\\/\\\/www.revistarambla.com\\\/wp-content\\\/uploads\\\/2021\\\/07\\\/people-take-part-protests-havana.jpg\",\"contentUrl\":\"https:\\\/\\\/www.revistarambla.com\\\/wp-content\\\/uploads\\\/2021\\\/07\\\/people-take-part-protests-havana.jpg\",\"width\":790,\"height\":548},{\"@type\":\"BreadcrumbList\",\"@id\":\"https:\\\/\\\/www.revistarambla.com\\\/se-esta-gestando-una-nueva-crisis-de-los-misiles-en-cuba\\\/#breadcrumb\",\"itemListElement\":[{\"@type\":\"ListItem\",\"position\":1,\"name\":\"Portada\",\"item\":\"https:\\\/\\\/www.revistarambla.com\\\/\"},{\"@type\":\"ListItem\",\"position\":2,\"name\":\"\u00bfSe est\u00e1 gestando una nueva Crisis de los Misiles en Cuba?\"}]},{\"@type\":\"WebSite\",\"@id\":\"https:\\\/\\\/www.revistarambla.com\\\/#website\",\"url\":\"https:\\\/\\\/www.revistarambla.com\\\/\",\"name\":\"Revista Rambla Barcelona\",\"description\":\"Periodismo independiente\",\"publisher\":{\"@id\":\"https:\\\/\\\/www.revistarambla.com\\\/#organization\"},\"potentialAction\":[{\"@type\":\"SearchAction\",\"target\":{\"@type\":\"EntryPoint\",\"urlTemplate\":\"https:\\\/\\\/www.revistarambla.com\\\/?s={search_term_string}\"},\"query-input\":{\"@type\":\"PropertyValueSpecification\",\"valueRequired\":true,\"valueName\":\"search_term_string\"}}],\"inLanguage\":\"en-GB\"},{\"@type\":\"Organization\",\"@id\":\"https:\\\/\\\/www.revistarambla.com\\\/#organization\",\"name\":\"Revista Rambla\",\"url\":\"https:\\\/\\\/www.revistarambla.com\\\/\",\"logo\":{\"@type\":\"ImageObject\",\"inLanguage\":\"en-GB\",\"@id\":\"https:\\\/\\\/www.revistarambla.com\\\/#\\\/schema\\\/logo\\\/image\\\/\",\"url\":\"https:\\\/\\\/www.revistarambla.com\\\/wp-content\\\/uploads\\\/2020\\\/09\\\/banner_rambla_1900x600_BB.png\",\"contentUrl\":\"https:\\\/\\\/www.revistarambla.com\\\/wp-content\\\/uploads\\\/2020\\\/09\\\/banner_rambla_1900x600_BB.png\",\"width\":1900,\"height\":600,\"caption\":\"Revista Rambla\"},\"image\":{\"@id\":\"https:\\\/\\\/www.revistarambla.com\\\/#\\\/schema\\\/logo\\\/image\\\/\"},\"sameAs\":[\"https:\\\/\\\/www.facebook.com\\\/revistarambla\\\/\",\"https:\\\/\\\/x.com\\\/revistarambla\",\"https:\\\/\\\/www.instagram.com\\\/revista_rambla\",\"https:\\\/\\\/es.linkedin.com\\\/company\\\/revista-rambla\"]},{\"@type\":\"Person\",\"@id\":\"https:\\\/\\\/www.revistarambla.com\\\/#\\\/schema\\\/person\\\/23a7868ff10cd88f8fdb045c7b7e4a4d\",\"name\":\"Germ\u00e1n Gorraiz L\u00f3pez\",\"description\":\"Nacido en Navarra en 1957. Escribe an\u00e1lisis sobre temas econ\u00f3micos y geopol\u00edticos. Es miembro de Attac-Navarra. Colabora habitualmente en varios medios digitales e impresos espa\u00f1oles y latinoamericanos.\"}]}<\/script>\n<!-- \/ Yoast SEO plugin. -->","yoast_head_json":{"title":"\u00bfSe est\u00e1 gestando una nueva Crisis de los Misiles en Cuba? - Revista Rambla","robots":{"index":"index","follow":"follow","max-snippet":"max-snippet:-1","max-image-preview":"max-image-preview:large","max-video-preview":"max-video-preview:-1"},"canonical":"https:\/\/www.revistarambla.com\/en\/se-esta-gestando-una-nueva-crisis-de-los-misiles-en-cuba\/","og_locale":"en_GB","og_type":"article","og_title":"\u00bfSe est\u00e1 gestando una nueva Crisis de los Misiles en Cuba? - Revista Rambla","og_description":"El cese del bloqueo de Estados Unidos contra Cuba, exigido por vig\u00e9simo noveno a\u00f1o consecutivo en la Asamblea General de la Organizaci\u00f3n de las Naciones Unidas y aprobado de forma abrumadora por 184 votos a favor, 2 en contra (Estados Unidos e Israel) y 3 abstenciones (Colombia, Ucrania y Brasil), [&hellip;]","og_url":"https:\/\/www.revistarambla.com\/en\/se-esta-gestando-una-nueva-crisis-de-los-misiles-en-cuba\/","og_site_name":"Revista Rambla","article_publisher":"https:\/\/www.facebook.com\/revistarambla\/","article_published_time":"2021-07-13T16:53:49+00:00","article_modified_time":"2021-12-07T15:10:39+00:00","og_image":[{"width":790,"height":548,"url":"https:\/\/www.revistarambla.com\/wp-content\/uploads\/2021\/07\/people-take-part-protests-havana.jpg","type":"image\/jpeg"}],"author":"Germ\u00e1n Gorraiz L\u00f3pez","twitter_card":"summary_large_image","twitter_creator":"@revistarambla","twitter_site":"@revistarambla","twitter_misc":{"Written by":"Germ\u00e1n Gorraiz L\u00f3pez","Estimated reading time":"4 minutes"},"schema":{"@context":"https:\/\/schema.org","@graph":[{"@type":"Article","@id":"https:\/\/www.revistarambla.com\/se-esta-gestando-una-nueva-crisis-de-los-misiles-en-cuba\/#article","isPartOf":{"@id":"https:\/\/www.revistarambla.com\/se-esta-gestando-una-nueva-crisis-de-los-misiles-en-cuba\/"},"author":{"name":"Germ\u00e1n Gorraiz L\u00f3pez","@id":"https:\/\/www.revistarambla.com\/#\/schema\/person\/23a7868ff10cd88f8fdb045c7b7e4a4d"},"headline":"\u00bfSe est\u00e1 gestando una nueva Crisis de los Misiles en Cuba?","datePublished":"2021-07-13T16:53:49+00:00","dateModified":"2021-12-07T15:10:39+00:00","mainEntityOfPage":{"@id":"https:\/\/www.revistarambla.com\/se-esta-gestando-una-nueva-crisis-de-los-misiles-en-cuba\/"},"wordCount":782,"commentCount":0,"publisher":{"@id":"https:\/\/www.revistarambla.com\/#organization"},"image":{"@id":"https:\/\/www.revistarambla.com\/se-esta-gestando-una-nueva-crisis-de-los-misiles-en-cuba\/#primaryimage"},"thumbnailUrl":"https:\/\/www.revistarambla.com\/wp-content\/uploads\/2021\/07\/people-take-part-protests-havana.jpg","articleSection":["Opiniones"],"inLanguage":"en-GB","potentialAction":[{"@type":"CommentAction","name":"Comment","target":["https:\/\/www.revistarambla.com\/se-esta-gestando-una-nueva-crisis-de-los-misiles-en-cuba\/#respond"]}]},{"@type":"WebPage","@id":"https:\/\/www.revistarambla.com\/se-esta-gestando-una-nueva-crisis-de-los-misiles-en-cuba\/","url":"https:\/\/www.revistarambla.com\/se-esta-gestando-una-nueva-crisis-de-los-misiles-en-cuba\/","name":"\u00bfSe est\u00e1 gestando una nueva Crisis de los Misiles en Cuba? - Revista Rambla","isPartOf":{"@id":"https:\/\/www.revistarambla.com\/#website"},"primaryImageOfPage":{"@id":"https:\/\/www.revistarambla.com\/se-esta-gestando-una-nueva-crisis-de-los-misiles-en-cuba\/#primaryimage"},"image":{"@id":"https:\/\/www.revistarambla.com\/se-esta-gestando-una-nueva-crisis-de-los-misiles-en-cuba\/#primaryimage"},"thumbnailUrl":"https:\/\/www.revistarambla.com\/wp-content\/uploads\/2021\/07\/people-take-part-protests-havana.jpg","datePublished":"2021-07-13T16:53:49+00:00","dateModified":"2021-12-07T15:10:39+00:00","breadcrumb":{"@id":"https:\/\/www.revistarambla.com\/se-esta-gestando-una-nueva-crisis-de-los-misiles-en-cuba\/#breadcrumb"},"inLanguage":"en-GB","potentialAction":[{"@type":"ReadAction","target":["https:\/\/www.revistarambla.com\/se-esta-gestando-una-nueva-crisis-de-los-misiles-en-cuba\/"]}]},{"@type":"ImageObject","inLanguage":"en-GB","@id":"https:\/\/www.revistarambla.com\/se-esta-gestando-una-nueva-crisis-de-los-misiles-en-cuba\/#primaryimage","url":"https:\/\/www.revistarambla.com\/wp-content\/uploads\/2021\/07\/people-take-part-protests-havana.jpg","contentUrl":"https:\/\/www.revistarambla.com\/wp-content\/uploads\/2021\/07\/people-take-part-protests-havana.jpg","width":790,"height":548},{"@type":"BreadcrumbList","@id":"https:\/\/www.revistarambla.com\/se-esta-gestando-una-nueva-crisis-de-los-misiles-en-cuba\/#breadcrumb","itemListElement":[{"@type":"ListItem","position":1,"name":"Portada","item":"https:\/\/www.revistarambla.com\/"},{"@type":"ListItem","position":2,"name":"\u00bfSe est\u00e1 gestando una nueva Crisis de los Misiles en Cuba?"}]},{"@type":"WebSite","@id":"https:\/\/www.revistarambla.com\/#website","url":"https:\/\/www.revistarambla.com\/","name":"Revista Rambla Barcelona","description":"Periodismo independiente","publisher":{"@id":"https:\/\/www.revistarambla.com\/#organization"},"potentialAction":[{"@type":"SearchAction","target":{"@type":"EntryPoint","urlTemplate":"https:\/\/www.revistarambla.com\/?s={search_term_string}"},"query-input":{"@type":"PropertyValueSpecification","valueRequired":true,"valueName":"search_term_string"}}],"inLanguage":"en-GB"},{"@type":"Organization","@id":"https:\/\/www.revistarambla.com\/#organization","name":"Revista Rambla","url":"https:\/\/www.revistarambla.com\/","logo":{"@type":"ImageObject","inLanguage":"en-GB","@id":"https:\/\/www.revistarambla.com\/#\/schema\/logo\/image\/","url":"https:\/\/www.revistarambla.com\/wp-content\/uploads\/2020\/09\/banner_rambla_1900x600_BB.png","contentUrl":"https:\/\/www.revistarambla.com\/wp-content\/uploads\/2020\/09\/banner_rambla_1900x600_BB.png","width":1900,"height":600,"caption":"Revista Rambla"},"image":{"@id":"https:\/\/www.revistarambla.com\/#\/schema\/logo\/image\/"},"sameAs":["https:\/\/www.facebook.com\/revistarambla\/","https:\/\/x.com\/revistarambla","https:\/\/www.instagram.com\/revista_rambla","https:\/\/es.linkedin.com\/company\/revista-rambla"]},{"@type":"Person","@id":"https:\/\/www.revistarambla.com\/#\/schema\/person\/23a7868ff10cd88f8fdb045c7b7e4a4d","name":"Germ\u00e1n Gorraiz L\u00f3pez","description":"Nacido en Navarra en 1957. Escribe an\u00e1lisis sobre temas econ\u00f3micos y geopol\u00edticos. Es miembro de Attac-Navarra. Colabora habitualmente en varios medios digitales e impresos espa\u00f1oles y latinoamericanos."}]}},"_links":{"self":[{"href":"https:\/\/www.revistarambla.com\/en\/wp-json\/wp\/v2\/posts\/34257","targetHints":{"allow":["GET"]}}],"collection":[{"href":"https:\/\/www.revistarambla.com\/en\/wp-json\/wp\/v2\/posts"}],"about":[{"href":"https:\/\/www.revistarambla.com\/en\/wp-json\/wp\/v2\/types\/post"}],"author":[{"embeddable":true,"href":"https:\/\/www.revistarambla.com\/en\/wp-json\/wp\/v2\/users\/16"}],"replies":[{"embeddable":true,"href":"https:\/\/www.revistarambla.com\/en\/wp-json\/wp\/v2\/comments?post=34257"}],"version-history":[{"count":0,"href":"https:\/\/www.revistarambla.com\/en\/wp-json\/wp\/v2\/posts\/34257\/revisions"}],"wp:featuredmedia":[{"embeddable":true,"href":"https:\/\/www.revistarambla.com\/en\/wp-json\/wp\/v2\/media\/34258"}],"wp:attachment":[{"href":"https:\/\/www.revistarambla.com\/en\/wp-json\/wp\/v2\/media?parent=34257"}],"wp:term":[{"taxonomy":"category","embeddable":true,"href":"https:\/\/www.revistarambla.com\/en\/wp-json\/wp\/v2\/categories?post=34257"},{"taxonomy":"post_tag","embeddable":true,"href":"https:\/\/www.revistarambla.com\/en\/wp-json\/wp\/v2\/tags?post=34257"}],"curies":[{"name":"wp","href":"https:\/\/api.w.org\/{rel}","templated":true}]}}