{"id":34247,"date":"2021-07-13T18:27:36","date_gmt":"2021-07-13T16:27:36","guid":{"rendered":"https:\/\/www.revistarambla.com\/?p=34247"},"modified":"2021-12-07T16:10:53","modified_gmt":"2021-12-07T15:10:53","slug":"la-democracia-no-liberal-de-vox","status":"publish","type":"post","link":"https:\/\/www.revistarambla.com\/en\/la-democracia-no-liberal-de-vox\/","title":{"rendered":"La democracia no liberal de Vox"},"content":{"rendered":"<p>Vox habr\u00eda sufrido una mutaci\u00f3n pand\u00e9mica que lo habr\u00eda convertido en un agente pat\u00f3geno capaz de arrasar la sui generis democracia formal espa\u00f1ola al poseer un ADN dotado de la triple enzima tardofranquista\u00a0(mantenimiento de la unidad indisoluble de Espa\u00f1a, control estricto de la inmigraci\u00f3n y retorno al pensamiento \u00fanico heteropatriarcal).<\/p>\n<h3>El ideario de Vox<\/h3>\n<p>La crisis econ\u00f3mica, el progresivo descr\u00e9dito de la Monarqu\u00eda, la crisis de Catalu\u00f1a y la desafecci\u00f3n pol\u00edtica de la sociedad espa\u00f1ola motivada por los sangrantes casos de corrupci\u00f3n de la \u00e9lite pol\u00edtico-econ\u00f3mica han hecho oscilar en sus valores los esquemas id\u00edlicos de la Transici\u00f3n y la vigencia de la Constituci\u00f3n del 78 en la que se sustenta el actual status quo, elementos desencadenantes del tsunami electoral protagonizado por Vox. La estrategia electoral de Vox se bas\u00f3 en la t\u00e9cnica de la manipulaci\u00f3n de las masas expuesta por Edward L. Bernays en su libro \u201cCristalizando la opini\u00f3n p\u00fablica\u201d, en el que desentra\u00f1a los mecanismos cerebrales del grupo y la influencia de la propaganda como m\u00e9todo para unificar su pensamiento. As\u00ed, seg\u00fan L. Bernays, \u201cla mente del grupo no piensa, en el sentido estricto de la palabra. En lugar de pensamientos tiene impulsos, h\u00e1bitos y emociones. A la hora de decidir su primer impulso es normalmente seguir el ejemplo de un l\u00edder en quien conf\u00eda\u201d, por lo que la propaganda de Vox est\u00e1 dirigida no al sujeto individual sino al Grupo en el que la personalidad del individuo unidimensional se diluye y queda envuelta en retazos de falsas expectativas creadas y anhelos comunes que lo sustenta.<\/p>\n<p>El ideario de Vox tendr\u00eda la paternidad del anterior asesor de Trump, Steve Bannon quien les transmiti\u00f3 los puntos esenciales del ideario populista: mensajes cortos y xen\u00f3fobos en las redes sociales, culto al l\u00edder y utilizaci\u00f3n de las fake news para sumir a la poblaci\u00f3n en\u00a0la duda existencial\u00a0y\u00a0cuyo primer efecto nocivo ser\u00eda el finiquito del paradigma vigente en las \u00faltimas d\u00e9cadas\u00a0(Teor\u00eda de lo \u201cpol\u00edticamente correcto)\u00a0. As\u00ed, el pensamiento de Vox no tiene en cuenta las razones contrarias, s\u00f3lo recoge datos o signos que le confirmen el prejuicio para convertirlo en convicci\u00f3n y sufre de un\u00a0delirio de grandeza que provoca que \u201cel individuo se crea dotado de un talento y un poder extraordinarios debido a que las deidades le han elegido para una alta misi\u00f3n\u201d(Reeditar la Reconquista de Espa\u00f1a).<\/p>\n<h3>\u00bfTras la estela de Orb\u00e1n?<\/h3>\n<p>Europa estar\u00eda sufriendo una aguda crisis identitaria agravada por el triunfo del Brexit y por el\u00a0\u201cproceso de balcanizaci\u00f3n europeo\u201d\u00a0ideado por EE.UU. para mediante selectivos atentados terroristas, la crisis de los refugiados y la aparici\u00f3n de Gobiernos autocr\u00e1ticos provocar el declive de los valores democr\u00e1ticos.\u00a0La autocracia ser\u00eda una forma de Gobierno ejercida por una sola persona con un poder absoluto e ilimitado, especie de par\u00e1sito end\u00f3geno de otros sistemas de gobierno (incluida la llamada democracia formal) que partiendo de la cris\u00e1lida de una propuesta partidista elegida mediante elecciones libres, llegado al poder se metamorfosea en l\u00edder Presidencialista con claros tintes totalitarios (inflexible, xen\u00f3fobo y autoritario), lo que confirma el aforismo de Lord Acton \u201cEl Poder tiende a corromper y el Poder absoluto, corrompe absolutamente\u201d.<\/p>\n<p>La autocracia ser\u00eda pues una especie de dictadura invisible sustentada en s\u00f3lidas estrategias de cohesi\u00f3n\u00a0(manipulaci\u00f3n de masas y culto al l\u00edder)\u00a0basadas en el control absoluto de los medios de comunicaci\u00f3n y la censura y desprestigio social de los individuos refractarios al mensaje del l\u00edder, de lo que ser\u00eda paradigma el primer ministro h\u00fangaro, Viktor Orb\u00e1n que habr\u00eda convertido a Hungr\u00eda en la primera autocracia europea o\u00a0\u201cdemocracia no liberal\u201d,\u00a0doctrina que por mimetismo adoptar\u00e1n el resto de pa\u00edses del\u00a0Grupo de Visegrado (Eslovaquia y Chequia). La deriva autoritaria de Hungr\u00eda estar\u00eda jalonada de violaciones en la separaci\u00f3n de poderes as\u00ed como no acatamiento de sentencias del TJUE lo que habr\u00eda provocado la apertura de un expediente por la UE en el marco del Art\u00edculo 7 que impide que pa\u00edses d\u00edscolos pongan en peligro la separaci\u00f3n de poderes o no garanticen los derechos y libertades de sus ciudadanos.<\/p>\n<p>El pen\u00faltimo episodio del pulso de dichos pa\u00edses con la UE fue el veto de la aprobaci\u00f3n del Presupuesto de la UE para el per\u00edodo 2021-2027 que inclu\u00eda la puesta en marcha del Fondo de Recuperaci\u00f3n estimado en 750.000 millones \u20ac al estar vinculados dichos Fondos con el mecanismo del Estado de Derecho que garantiza los derechos y libertades de sus ciudadanos y que en el supuesto de \u201cun reiterado incumplimiento por alg\u00fan Estado miembro, podr\u00eda privarle de su derecho a voto en las decisiones comunitarias, previa unanimidad de sus miembros\u201d. Dado que dicho Fondo de Recuperaci\u00f3n se antojaba vital para pa\u00edses como Espa\u00f1a e Italia, el chantaje de ambos pa\u00edses tuvo su efecto en forma de \u201csuspenso en la aplicaci\u00f3n de dicha cl\u00e1usula de salvaguardia de las libertades\u201d, con lo que la Uni\u00f3n Europea habr\u00eda sacrificado sus otrora sacrosantas libertades b\u00e1sicas en aras de asegurarse los m\u00ednimos b\u00e1sicos de supervivencia, lo que conllevar\u00e1 el\u00a0declive en un futuro mediato de las llamadas democracias formales europeas.<\/p>\n<h3>\u00bfHacia un R\u00e9gimen Tardofranquista?<\/h3>\n<p>En este contexto y tras la agudizaci\u00f3n del contencioso independentista en Catalu\u00f1a, se ir\u00e1 agigantando la sombra de un partido como Vox,\u00a0devenido en agente pat\u00f3geno que podr\u00eda arrasar con los principios de la sui generis democracia formal espa\u00f1ola al poseer un ADN dotado de la triple enzima tardofranquista (mantenimiento de la unidad indisoluble de Espa\u00f1a, control estricto de la inmigraci\u00f3n y retorno al pensamiento \u00fanico heteropatriarcal) y que implementar\u00e1 \u201cel Tardofranquismo o democracia no liberal\u201d\u00a0en el supuesto de alcanzar el Poder en coalici\u00f3n con un PP aquejado de la met\u00e1stasis de corrupci\u00f3n y al que no tardar\u00e1 en fagocitar. As\u00ed, una hipot\u00e9tica mayor\u00eda electoral de PP y Vox en las pr\u00f3ximas Elecciones Generales se traducir\u00e1 en la ilegalizaci\u00f3n de partidos refractarios a los postulados de la Constituci\u00f3n (partidos independentistas vascos y catalanes) as\u00ed como la suspensi\u00f3n sine die de las Autonom\u00edas como punto final de una feroz ofensiva recentralizadora que supondr\u00e1 la asunci\u00f3n de las actuales competencias auton\u00f3micas (Sanidad, Educaci\u00f3n, Polic\u00eda y Prisiones) por el Estado Central y la posterior implementaci\u00f3n de un nuevo Estado tardofranquista que beber\u00e1 de las fuentes del centralismo bonapartitsta y del paternalismo de las dictaduras blandas.<\/p>","protected":false},"excerpt":{"rendered":"<p>Vox habr\u00eda sufrido una mutaci\u00f3n pand\u00e9mica que lo habr\u00eda convertido en un agente pat\u00f3geno capaz de arrasar la sui generis democracia formal espa\u00f1ola al poseer un ADN dotado de la triple enzima tardofranquista\u00a0(mantenimiento de la unidad indisoluble de Espa\u00f1a, control estricto de la inmigraci\u00f3n y retorno al pensamiento \u00fanico heteropatriarcal). [&hellip;]<\/p>\n","protected":false},"author":16,"featured_media":34248,"comment_status":"open","ping_status":"open","sticky":false,"template":"","format":"standard","meta":{"footnotes":""},"categories":[72],"tags":[],"class_list":["post-34247","post","type-post","status-publish","format-standard","has-post-thumbnail","hentry","category-opinion"],"yoast_head":"<!-- This site is optimized with the Yoast SEO plugin v27.5 - https:\/\/yoast.com\/product\/yoast-seo-wordpress\/ -->\n<title>La democracia no liberal de Vox - Revista Rambla<\/title>\n<meta name=\"robots\" content=\"index, follow, max-snippet:-1, max-image-preview:large, max-video-preview:-1\" \/>\n<link rel=\"canonical\" href=\"https:\/\/www.revistarambla.com\/en\/la-democracia-no-liberal-de-vox\/\" \/>\n<meta property=\"og:locale\" content=\"en_GB\" \/>\n<meta property=\"og:type\" content=\"article\" \/>\n<meta property=\"og:title\" content=\"La democracia no liberal de Vox - Revista Rambla\" \/>\n<meta property=\"og:description\" content=\"Vox habr\u00eda sufrido una mutaci\u00f3n pand\u00e9mica que lo habr\u00eda convertido en un agente pat\u00f3geno capaz de arrasar la sui generis democracia formal espa\u00f1ola al poseer un ADN dotado de la triple enzima tardofranquista\u00a0(mantenimiento de la unidad indisoluble de Espa\u00f1a, control estricto de la inmigraci\u00f3n y retorno al pensamiento \u00fanico heteropatriarcal). [&hellip;]\" \/>\n<meta property=\"og:url\" content=\"https:\/\/www.revistarambla.com\/en\/la-democracia-no-liberal-de-vox\/\" \/>\n<meta property=\"og:site_name\" content=\"Revista Rambla\" \/>\n<meta property=\"article:publisher\" content=\"https:\/\/www.facebook.com\/revistarambla\/\" \/>\n<meta property=\"article:published_time\" content=\"2021-07-13T16:27:36+00:00\" \/>\n<meta property=\"article:modified_time\" content=\"2021-12-07T15:10:53+00:00\" \/>\n<meta property=\"og:image\" content=\"https:\/\/www.revistarambla.com\/wp-content\/uploads\/2021\/07\/5490179.jpg\" \/>\n\t<meta property=\"og:image:width\" content=\"1600\" \/>\n\t<meta property=\"og:image:height\" content=\"900\" \/>\n\t<meta property=\"og:image:type\" content=\"image\/jpeg\" \/>\n<meta name=\"author\" content=\"Germ\u00e1n Gorraiz L\u00f3pez\" \/>\n<meta name=\"twitter:card\" content=\"summary_large_image\" \/>\n<meta name=\"twitter:creator\" content=\"@revistarambla\" \/>\n<meta name=\"twitter:site\" content=\"@revistarambla\" \/>\n<meta name=\"twitter:label1\" content=\"Written by\" \/>\n\t<meta name=\"twitter:data1\" content=\"Germ\u00e1n Gorraiz L\u00f3pez\" \/>\n\t<meta name=\"twitter:label2\" content=\"Estimated reading time\" \/>\n\t<meta name=\"twitter:data2\" content=\"5 minutes\" \/>\n<script type=\"application\/ld+json\" class=\"yoast-schema-graph\">{\"@context\":\"https:\\\/\\\/schema.org\",\"@graph\":[{\"@type\":\"Article\",\"@id\":\"https:\\\/\\\/www.revistarambla.com\\\/la-democracia-no-liberal-de-vox\\\/#article\",\"isPartOf\":{\"@id\":\"https:\\\/\\\/www.revistarambla.com\\\/la-democracia-no-liberal-de-vox\\\/\"},\"author\":{\"name\":\"Germ\u00e1n Gorraiz L\u00f3pez\",\"@id\":\"https:\\\/\\\/www.revistarambla.com\\\/#\\\/schema\\\/person\\\/23a7868ff10cd88f8fdb045c7b7e4a4d\"},\"headline\":\"La democracia no liberal de Vox\",\"datePublished\":\"2021-07-13T16:27:36+00:00\",\"dateModified\":\"2021-12-07T15:10:53+00:00\",\"mainEntityOfPage\":{\"@id\":\"https:\\\/\\\/www.revistarambla.com\\\/la-democracia-no-liberal-de-vox\\\/\"},\"wordCount\":1159,\"commentCount\":0,\"publisher\":{\"@id\":\"https:\\\/\\\/www.revistarambla.com\\\/#organization\"},\"image\":{\"@id\":\"https:\\\/\\\/www.revistarambla.com\\\/la-democracia-no-liberal-de-vox\\\/#primaryimage\"},\"thumbnailUrl\":\"https:\\\/\\\/www.revistarambla.com\\\/wp-content\\\/uploads\\\/2021\\\/07\\\/5490179.jpg\",\"articleSection\":[\"Opiniones\"],\"inLanguage\":\"en-GB\",\"potentialAction\":[{\"@type\":\"CommentAction\",\"name\":\"Comment\",\"target\":[\"https:\\\/\\\/www.revistarambla.com\\\/la-democracia-no-liberal-de-vox\\\/#respond\"]}]},{\"@type\":\"WebPage\",\"@id\":\"https:\\\/\\\/www.revistarambla.com\\\/la-democracia-no-liberal-de-vox\\\/\",\"url\":\"https:\\\/\\\/www.revistarambla.com\\\/la-democracia-no-liberal-de-vox\\\/\",\"name\":\"La democracia no liberal de Vox - Revista Rambla\",\"isPartOf\":{\"@id\":\"https:\\\/\\\/www.revistarambla.com\\\/#website\"},\"primaryImageOfPage\":{\"@id\":\"https:\\\/\\\/www.revistarambla.com\\\/la-democracia-no-liberal-de-vox\\\/#primaryimage\"},\"image\":{\"@id\":\"https:\\\/\\\/www.revistarambla.com\\\/la-democracia-no-liberal-de-vox\\\/#primaryimage\"},\"thumbnailUrl\":\"https:\\\/\\\/www.revistarambla.com\\\/wp-content\\\/uploads\\\/2021\\\/07\\\/5490179.jpg\",\"datePublished\":\"2021-07-13T16:27:36+00:00\",\"dateModified\":\"2021-12-07T15:10:53+00:00\",\"breadcrumb\":{\"@id\":\"https:\\\/\\\/www.revistarambla.com\\\/la-democracia-no-liberal-de-vox\\\/#breadcrumb\"},\"inLanguage\":\"en-GB\",\"potentialAction\":[{\"@type\":\"ReadAction\",\"target\":[\"https:\\\/\\\/www.revistarambla.com\\\/la-democracia-no-liberal-de-vox\\\/\"]}]},{\"@type\":\"ImageObject\",\"inLanguage\":\"en-GB\",\"@id\":\"https:\\\/\\\/www.revistarambla.com\\\/la-democracia-no-liberal-de-vox\\\/#primaryimage\",\"url\":\"https:\\\/\\\/www.revistarambla.com\\\/wp-content\\\/uploads\\\/2021\\\/07\\\/5490179.jpg\",\"contentUrl\":\"https:\\\/\\\/www.revistarambla.com\\\/wp-content\\\/uploads\\\/2021\\\/07\\\/5490179.jpg\",\"width\":1600,\"height\":900},{\"@type\":\"BreadcrumbList\",\"@id\":\"https:\\\/\\\/www.revistarambla.com\\\/la-democracia-no-liberal-de-vox\\\/#breadcrumb\",\"itemListElement\":[{\"@type\":\"ListItem\",\"position\":1,\"name\":\"Portada\",\"item\":\"https:\\\/\\\/www.revistarambla.com\\\/\"},{\"@type\":\"ListItem\",\"position\":2,\"name\":\"La democracia no liberal de Vox\"}]},{\"@type\":\"WebSite\",\"@id\":\"https:\\\/\\\/www.revistarambla.com\\\/#website\",\"url\":\"https:\\\/\\\/www.revistarambla.com\\\/\",\"name\":\"Revista Rambla Barcelona\",\"description\":\"Periodismo independiente\",\"publisher\":{\"@id\":\"https:\\\/\\\/www.revistarambla.com\\\/#organization\"},\"potentialAction\":[{\"@type\":\"SearchAction\",\"target\":{\"@type\":\"EntryPoint\",\"urlTemplate\":\"https:\\\/\\\/www.revistarambla.com\\\/?s={search_term_string}\"},\"query-input\":{\"@type\":\"PropertyValueSpecification\",\"valueRequired\":true,\"valueName\":\"search_term_string\"}}],\"inLanguage\":\"en-GB\"},{\"@type\":\"Organization\",\"@id\":\"https:\\\/\\\/www.revistarambla.com\\\/#organization\",\"name\":\"Revista Rambla\",\"url\":\"https:\\\/\\\/www.revistarambla.com\\\/\",\"logo\":{\"@type\":\"ImageObject\",\"inLanguage\":\"en-GB\",\"@id\":\"https:\\\/\\\/www.revistarambla.com\\\/#\\\/schema\\\/logo\\\/image\\\/\",\"url\":\"https:\\\/\\\/www.revistarambla.com\\\/wp-content\\\/uploads\\\/2020\\\/09\\\/banner_rambla_1900x600_BB.png\",\"contentUrl\":\"https:\\\/\\\/www.revistarambla.com\\\/wp-content\\\/uploads\\\/2020\\\/09\\\/banner_rambla_1900x600_BB.png\",\"width\":1900,\"height\":600,\"caption\":\"Revista Rambla\"},\"image\":{\"@id\":\"https:\\\/\\\/www.revistarambla.com\\\/#\\\/schema\\\/logo\\\/image\\\/\"},\"sameAs\":[\"https:\\\/\\\/www.facebook.com\\\/revistarambla\\\/\",\"https:\\\/\\\/x.com\\\/revistarambla\",\"https:\\\/\\\/www.instagram.com\\\/revista_rambla\",\"https:\\\/\\\/es.linkedin.com\\\/company\\\/revista-rambla\"]},{\"@type\":\"Person\",\"@id\":\"https:\\\/\\\/www.revistarambla.com\\\/#\\\/schema\\\/person\\\/23a7868ff10cd88f8fdb045c7b7e4a4d\",\"name\":\"Germ\u00e1n Gorraiz L\u00f3pez\",\"description\":\"Nacido en Navarra en 1957. Escribe an\u00e1lisis sobre temas econ\u00f3micos y geopol\u00edticos. Es miembro de Attac-Navarra. Colabora habitualmente en varios medios digitales e impresos espa\u00f1oles y latinoamericanos.\"}]}<\/script>\n<!-- \/ Yoast SEO plugin. -->","yoast_head_json":{"title":"La democracia no liberal de Vox - Revista Rambla","robots":{"index":"index","follow":"follow","max-snippet":"max-snippet:-1","max-image-preview":"max-image-preview:large","max-video-preview":"max-video-preview:-1"},"canonical":"https:\/\/www.revistarambla.com\/en\/la-democracia-no-liberal-de-vox\/","og_locale":"en_GB","og_type":"article","og_title":"La democracia no liberal de Vox - Revista Rambla","og_description":"Vox habr\u00eda sufrido una mutaci\u00f3n pand\u00e9mica que lo habr\u00eda convertido en un agente pat\u00f3geno capaz de arrasar la sui generis democracia formal espa\u00f1ola al poseer un ADN dotado de la triple enzima tardofranquista\u00a0(mantenimiento de la unidad indisoluble de Espa\u00f1a, control estricto de la inmigraci\u00f3n y retorno al pensamiento \u00fanico heteropatriarcal). [&hellip;]","og_url":"https:\/\/www.revistarambla.com\/en\/la-democracia-no-liberal-de-vox\/","og_site_name":"Revista Rambla","article_publisher":"https:\/\/www.facebook.com\/revistarambla\/","article_published_time":"2021-07-13T16:27:36+00:00","article_modified_time":"2021-12-07T15:10:53+00:00","og_image":[{"width":1600,"height":900,"url":"https:\/\/www.revistarambla.com\/wp-content\/uploads\/2021\/07\/5490179.jpg","type":"image\/jpeg"}],"author":"Germ\u00e1n Gorraiz L\u00f3pez","twitter_card":"summary_large_image","twitter_creator":"@revistarambla","twitter_site":"@revistarambla","twitter_misc":{"Written by":"Germ\u00e1n Gorraiz L\u00f3pez","Estimated reading time":"5 minutes"},"schema":{"@context":"https:\/\/schema.org","@graph":[{"@type":"Article","@id":"https:\/\/www.revistarambla.com\/la-democracia-no-liberal-de-vox\/#article","isPartOf":{"@id":"https:\/\/www.revistarambla.com\/la-democracia-no-liberal-de-vox\/"},"author":{"name":"Germ\u00e1n Gorraiz L\u00f3pez","@id":"https:\/\/www.revistarambla.com\/#\/schema\/person\/23a7868ff10cd88f8fdb045c7b7e4a4d"},"headline":"La democracia no liberal de Vox","datePublished":"2021-07-13T16:27:36+00:00","dateModified":"2021-12-07T15:10:53+00:00","mainEntityOfPage":{"@id":"https:\/\/www.revistarambla.com\/la-democracia-no-liberal-de-vox\/"},"wordCount":1159,"commentCount":0,"publisher":{"@id":"https:\/\/www.revistarambla.com\/#organization"},"image":{"@id":"https:\/\/www.revistarambla.com\/la-democracia-no-liberal-de-vox\/#primaryimage"},"thumbnailUrl":"https:\/\/www.revistarambla.com\/wp-content\/uploads\/2021\/07\/5490179.jpg","articleSection":["Opiniones"],"inLanguage":"en-GB","potentialAction":[{"@type":"CommentAction","name":"Comment","target":["https:\/\/www.revistarambla.com\/la-democracia-no-liberal-de-vox\/#respond"]}]},{"@type":"WebPage","@id":"https:\/\/www.revistarambla.com\/la-democracia-no-liberal-de-vox\/","url":"https:\/\/www.revistarambla.com\/la-democracia-no-liberal-de-vox\/","name":"La democracia no liberal de Vox - Revista Rambla","isPartOf":{"@id":"https:\/\/www.revistarambla.com\/#website"},"primaryImageOfPage":{"@id":"https:\/\/www.revistarambla.com\/la-democracia-no-liberal-de-vox\/#primaryimage"},"image":{"@id":"https:\/\/www.revistarambla.com\/la-democracia-no-liberal-de-vox\/#primaryimage"},"thumbnailUrl":"https:\/\/www.revistarambla.com\/wp-content\/uploads\/2021\/07\/5490179.jpg","datePublished":"2021-07-13T16:27:36+00:00","dateModified":"2021-12-07T15:10:53+00:00","breadcrumb":{"@id":"https:\/\/www.revistarambla.com\/la-democracia-no-liberal-de-vox\/#breadcrumb"},"inLanguage":"en-GB","potentialAction":[{"@type":"ReadAction","target":["https:\/\/www.revistarambla.com\/la-democracia-no-liberal-de-vox\/"]}]},{"@type":"ImageObject","inLanguage":"en-GB","@id":"https:\/\/www.revistarambla.com\/la-democracia-no-liberal-de-vox\/#primaryimage","url":"https:\/\/www.revistarambla.com\/wp-content\/uploads\/2021\/07\/5490179.jpg","contentUrl":"https:\/\/www.revistarambla.com\/wp-content\/uploads\/2021\/07\/5490179.jpg","width":1600,"height":900},{"@type":"BreadcrumbList","@id":"https:\/\/www.revistarambla.com\/la-democracia-no-liberal-de-vox\/#breadcrumb","itemListElement":[{"@type":"ListItem","position":1,"name":"Portada","item":"https:\/\/www.revistarambla.com\/"},{"@type":"ListItem","position":2,"name":"La democracia no liberal de Vox"}]},{"@type":"WebSite","@id":"https:\/\/www.revistarambla.com\/#website","url":"https:\/\/www.revistarambla.com\/","name":"Revista Rambla Barcelona","description":"Periodismo independiente","publisher":{"@id":"https:\/\/www.revistarambla.com\/#organization"},"potentialAction":[{"@type":"SearchAction","target":{"@type":"EntryPoint","urlTemplate":"https:\/\/www.revistarambla.com\/?s={search_term_string}"},"query-input":{"@type":"PropertyValueSpecification","valueRequired":true,"valueName":"search_term_string"}}],"inLanguage":"en-GB"},{"@type":"Organization","@id":"https:\/\/www.revistarambla.com\/#organization","name":"Revista Rambla","url":"https:\/\/www.revistarambla.com\/","logo":{"@type":"ImageObject","inLanguage":"en-GB","@id":"https:\/\/www.revistarambla.com\/#\/schema\/logo\/image\/","url":"https:\/\/www.revistarambla.com\/wp-content\/uploads\/2020\/09\/banner_rambla_1900x600_BB.png","contentUrl":"https:\/\/www.revistarambla.com\/wp-content\/uploads\/2020\/09\/banner_rambla_1900x600_BB.png","width":1900,"height":600,"caption":"Revista Rambla"},"image":{"@id":"https:\/\/www.revistarambla.com\/#\/schema\/logo\/image\/"},"sameAs":["https:\/\/www.facebook.com\/revistarambla\/","https:\/\/x.com\/revistarambla","https:\/\/www.instagram.com\/revista_rambla","https:\/\/es.linkedin.com\/company\/revista-rambla"]},{"@type":"Person","@id":"https:\/\/www.revistarambla.com\/#\/schema\/person\/23a7868ff10cd88f8fdb045c7b7e4a4d","name":"Germ\u00e1n Gorraiz L\u00f3pez","description":"Nacido en Navarra en 1957. Escribe an\u00e1lisis sobre temas econ\u00f3micos y geopol\u00edticos. Es miembro de Attac-Navarra. Colabora habitualmente en varios medios digitales e impresos espa\u00f1oles y latinoamericanos."}]}},"_links":{"self":[{"href":"https:\/\/www.revistarambla.com\/en\/wp-json\/wp\/v2\/posts\/34247","targetHints":{"allow":["GET"]}}],"collection":[{"href":"https:\/\/www.revistarambla.com\/en\/wp-json\/wp\/v2\/posts"}],"about":[{"href":"https:\/\/www.revistarambla.com\/en\/wp-json\/wp\/v2\/types\/post"}],"author":[{"embeddable":true,"href":"https:\/\/www.revistarambla.com\/en\/wp-json\/wp\/v2\/users\/16"}],"replies":[{"embeddable":true,"href":"https:\/\/www.revistarambla.com\/en\/wp-json\/wp\/v2\/comments?post=34247"}],"version-history":[{"count":0,"href":"https:\/\/www.revistarambla.com\/en\/wp-json\/wp\/v2\/posts\/34247\/revisions"}],"wp:featuredmedia":[{"embeddable":true,"href":"https:\/\/www.revistarambla.com\/en\/wp-json\/wp\/v2\/media\/34248"}],"wp:attachment":[{"href":"https:\/\/www.revistarambla.com\/en\/wp-json\/wp\/v2\/media?parent=34247"}],"wp:term":[{"taxonomy":"category","embeddable":true,"href":"https:\/\/www.revistarambla.com\/en\/wp-json\/wp\/v2\/categories?post=34247"},{"taxonomy":"post_tag","embeddable":true,"href":"https:\/\/www.revistarambla.com\/en\/wp-json\/wp\/v2\/tags?post=34247"}],"curies":[{"name":"wp","href":"https:\/\/api.w.org\/{rel}","templated":true}]}}