{"id":3423,"date":"2013-05-27T04:09:25","date_gmt":"2013-05-27T04:09:25","guid":{"rendered":"https:\/\/www.revistarambla.com\/el-franquismo-sigue-presente-en-las-instituciones-espanolas\/"},"modified":"2021-10-23T17:28:44","modified_gmt":"2021-10-23T15:28:44","slug":"el-franquismo-sigue-presente-en-las-instituciones-espanolas","status":"publish","type":"post","link":"https:\/\/www.revistarambla.com\/en\/el-franquismo-sigue-presente-en-las-instituciones-espanolas\/","title":{"rendered":"Carlos Jim\u00e9nez Villarejo: \u00abEl franquismo sigue presente en las instituciones espa\u00f1olas\u00bb"},"content":{"rendered":"<p>Yolanda Gonz\u00e1lez era una joven dirigente estudiantil de Madrid, de origen vasco, que militaba en la organizaci\u00f3n trotskista Partido Socialista de los Trabajadores (PST). El 1 de febrero de 1980, fue secuestrada y asesinada por un comando fascista compuesto por militantes de Fuerza Nueva. Hoy, 33 a\u00f1os despu\u00e9s, la prensa ha destapado que uno de los asesinos, Emilio Hell\u00edn Moro, trabaja para el Ministerio del Interior dando cursos y asesoramiento a polic\u00edas y guardias civiles. El exfical anticorrupci\u00f3n de la Audiencia de Barcelona, Carlos Jim\u00e9nez Villarejo, concedi\u00f3 a \u201cP\u00fablico\u201d una entrevista en exclusiva para hablar de este asunto con el que est\u00e1 muy sensibilizado.<\/p>\n<p><img decoding=\"async\" class=\"aligncenter\" src=\"https:\/\/www.revistarambla.com\/wp-content\/uploads\/2013\/05\/carlos_jimenez_villarejo_002.jpg\" alt=\"alt\" width=\"700\" height=\"443\" \/><\/p>\n<p>Lejos de la imagen la id\u00edlica de la Transici\u00f3n, el terrorismo tardofranquista cometi\u00f3 m\u00e1s de seiscientos atentados con varios heridos y sesenta y seis muertes conocidas. Fueron a\u00f1os de sangre, que ni la desmemoria ni los pactos pol\u00edticos de entonces pueden esconder hoy. En 1974, fueron ejecutados a garrote vil el joven anarquista Salvador Puig Antich y el alem\u00e1n Georg Michael Welzel \u2013que muri\u00f3 con el falso nombre de Heinz Chez-. El dictador Franco muri\u00f3 el 20 de noviembre de 1975, habiendo dado el enterado a los fusilamientos de tres militantes del FRAP y dos de ETA pol\u00edtico-militar, el 27 de septiembre de 1975. Desde esta fecha hasta los primeros a\u00f1os de la d\u00e9cada de los ochenta, las bandas parapoliciales de la extrema derecha, muchas veces en connivencia con los aparatos de seguridad de Estado, cometieron atentados contra peri\u00f3dicos, librer\u00eda, sedes vecinales o de partidos pol\u00edticos, y contra personas.<\/p>\n<p>El 23 de enero de 1977, era asesinado el estudiante Arturo Ruiz Garc\u00eda por la Alianza Apost\u00f3lica Anticomunista (Triple A); un d\u00eda despu\u00e9s, el 24 de enero, sucedi\u00f3 la matanza de la calle Atocha en que murieron cinco abogados laboralistas de CC.OO. Reivindicado por la Triple A, fueron detenidos militantes neofascistas y dirigentes del antiguo Sindicato Vertical vinculados a Fuerza Nueva. El 20 de septiembre de 1977, atentado con bomba a la redacci\u00f3n de la revisita sat\u00edrica \u201cEl Pap\u00fas\u201d, muri\u00f3 el conserje Juan Pe\u00f1alver y hubo 17 heridos. El 13 de mayo de 1978, muere el anarquista Agust\u00edn Rueda Sierra tras ser brutalmente apaleado por los funcionarios de la prisi\u00f3n de Carabanchel (Madrid). En octubre de ese mismo a\u00f1o, un paquete bomba estalla en la sede del peri\u00f3dico \u201cEl Pa\u00eds\u201d, muri\u00f3 el portero de la finca, Andr\u00e9s Fraguas. El 13 de septiembre de 1979, el estudiante Jos\u00e9 Luis Alcazo fue asesinado a golpes de bates de b\u00e9isbol en el parque del Retiro de Madrid, los autores, un grupo de j\u00f3venes, declararon que quer\u00edan limpiar el parque de \u201cindeseables\u201d; el arma homicida llevaba grabado a fuego el lema: \u201cViva el fascio redentor\u201d.<\/p>\n<p>Nos hemos dejado mucha sangre en el tintero, esto s\u00f3lo es una parte que demuestra que el asesinato de Yolanda Gonz\u00e1lez no fue un hecho aislado, obra de unos \u201cdescontrolados\u201d, sino parte de una represi\u00f3n sistem\u00e1tica que pretend\u00eda desestabilizar y dificultar todo avance democr\u00e1tico, y que adem\u00e1s cont\u00f3 con apoyos dentro de la cloacas del Estado y, en muchos casos, los culpables fueron tratados con guante de seda por algunos fiscales y jueces de aquella \u00e9poca.<\/p>\n<p>Carlos Jim\u00e9nez Villarejo est\u00e1 colaborando con la campa\u00f1a que est\u00e1n llevando amigos y compa\u00f1eros de la joven asesinada para denunciar el hecho y que incluso ya ha provocado que varios partidos parlamentarios hayan presentado una Proposici\u00f3n no de ley en el Congreso de los Diputados para exigir respuestas al gobierno sobre el particular.<\/p>\n<p><strong>R@MBLA &#8211; \u00bfQu\u00e9 valoraci\u00f3n hace del hecho de que un asesino condenado y confeso trabaje para las Fuerzas de Seguridad del Estado?<\/strong><\/p>\n<p><strong>Villarejo &#8211;<\/strong> Cuando le\u00ed la noticia me qued\u00e9 asombrado, pero no sorprendido. Acabo de estudiar como el franquismo sigue presente, de muchas maneras, en la sociedad espa\u00f1ola, en las instituciones llamadas democr\u00e1ticas, y particularmente en la magistratura. Que una persona condenada en su d\u00eda por un asesinato grav\u00edsimo, aparte de otros delitos con m\u00faltiples agravantes, y que adem\u00e1s cumpli\u00f3 la pena en unas condiciones muy favorables por parte de los jueces de vigilancia penitenciaria, que ninguno de los jueces que favorecieron su fuga fuera sancionado penalmente, pese haber estado huido durante tres a\u00f1os y siete meses en Paraguay al servicio de la dictadura militar de Alfredo Stroessner \u2013Hell\u00edn fue contratado por los servicios de inteligencia del dictador-, en fin, que todo eso ocurra, y que volvamos a reunirnos para hablar de esto, lo que produce es lo que yo he afirmado, que hay una aut\u00e9ntica pervivencia de valores autoritarios, propios del sistema totalitario franquista en ciertos sectores de la magistratura, aunque no hay que generalizar, porque hay jueces de muchas clases\u201d.<\/p>\n<p>Emilio Hell\u00edn cambi\u00f3 su nombre de pila por el de Luis Enrique y, desde su empresa \u201cNews Technology Forensics\u201d, ha trabajado desde 2006 como asesor de criminal\u00edstica de la Guardia Civil y dando cursos de rastreo inform\u00e1tico y espionaje electr\u00f3nico a la Polic\u00eda Nacional, la Ertzaintza y los Mossos d\u2019Esquadra.<\/p>\n<p><strong>R@MBLA &#8211; \u00bfEn qu\u00e9 consiste la pervivencia del franquismo en el Poder Judicial, tesis que defiende en un libro que acaba de publicar con el juez Antonio Do\u00f1ate?<\/strong><\/p>\n<p><strong>Villarejo-<\/strong> Por ejemplo, todas las sentencias dictadas por los Consejos de Guerra y el Tribunal de Orden P\u00fablico contra centenares de miles de espa\u00f1oles, republicanos, dem\u00f3cratas, etc., condenados injusta e ilegalmente, siguen sin ser anuladas porque el Tribunal Supremo se niega a hacerlo. Esto es una muestra del reconocimiento de la validez de la represi\u00f3n franquista por parte de la justicia espa\u00f1ola actual. Luego hay unos datos que aparecen dispersos en los medios que a veces no todo el mundo se fija. Por ejemplo, el d\u00eda 25 de junio est\u00e1 citado a declarar como imputado un periodista por haber hecho unas manifestaciones sobre la Falange Espa\u00f1ola de las JONS, y la vinculaci\u00f3n de ese partido \u00fanico de la dictadura con los cr\u00edmenes de lesa humanidad cometidos durante la Guerra Civil y la dictadura. Un juez le ha abierto una causa a ese periodista \u2013Gerardo Rivas, de \u201celplural.com\u201d- por injurias graves a la Falange. C\u00f3mo a estas alturas un juez de instrucci\u00f3n de Espa\u00f1a puede considerar injurias el hablar de los cr\u00edmenes cometidos por la sublevaci\u00f3n militar del general Franco, y dictador despu\u00e9s, y la Falange que eran parte del aparato represor del franquismo. En este contexto hay que situar los favores y complicidades que ha habido con Emilio Hell\u00edn, que aparte de hacerle cumplir una pena lo m\u00e1s corta posible y en las mejores condiciones posibles, y despu\u00e9s de una manipulaci\u00f3n para ocultar su identidad, manipulaci\u00f3n que pod\u00eda ser conocida, parece incomprensible que fuera contratado, con dinero p\u00fablico, por los servicios policiales de los gobiernos democr\u00e1ticos. Yo creo que el gobierno debe contestar a la \u201cProposici\u00f3n no de ley\u201d que han formulado los grupos parlamentarios -PSOE, CiU, Izquierda Plural y EAJ-PNV- a propuesta de los familiares, especialmente por la hermana de Yolanda, Amaia Gonz\u00e1lez\u201d.<\/p>\n<p><img decoding=\"async\" class=\"aligncenter\" src=\"https:\/\/www.revistarambla.com\/wp-content\/uploads\/2013\/05\/carlos_jimenez_villarejo_003.jpg\" alt=\"alt\" width=\"700\" height=\"423\" \/><\/p>\n<p><strong>R@MBLA \u2013 Las complicidades de los asesinos de Yolanda con miembros de diversos cuerpos policiales y de la inteligencia militar\u2026 \u00bfApuntan a un crimen de Estado?<\/strong><\/p>\n<p><strong>Villarejo \u2013<\/strong> Yo creo que es fundamental que se considere como un crimen de Estado. El diputado Socialista Juan Barranco hizo una pregunta en el Congreso de los Diputados de entonces y que te voy a reproducir. \u00bfC\u00f3mo obtuvieron, le preguntaba al gobierno, las armas y los aparatos electr\u00f3nicos de escucha que no son de acceso normal en el mercado? Tambi\u00e9n pregunt\u00f3 con qu\u00e9 otras organizaciones, adem\u00e1s de Fuerza Nueva, nacionales y extranjeras, estaban relacionados los asesinos. Nunca se respondi\u00f3.<\/p>\n<p><strong>R@MBLA -\u00bfQu\u00e9 opina sobre los que dicen que no es bueno abrir viejas heridas y que los problemas de la sociedad hoy son otros?<\/strong><\/p>\n<p><strong>Villarejo &#8211;<\/strong> Los problemas de la sociedad son muchos, entre ellos \u00e9ste. Hay problemas que vienen del pasado y que persisten, y siguen siendo problemas, porque no se han afrontado en su momento y siguen presentes. Si hay m\u00e1s de cien mil desaparecidos distribuidos por las tierras de Espa\u00f1a, y de Catalu\u00f1a tambi\u00e9n, y nadie ha hecho nada, ni siquiera la justicia, para conocer e identificar esos restos y darles un entierro digno como merecen y exigen las convenciones internacionales, pues eso es una asignatura pendiente. Hay una frase muy valiosa de un monje de Montserrat que ha estudiado el nacionalcatolicismo del franquismo, Hilario Raguer, que dijo: \u201cNo se pueden cerrar en falso las heridas infectadas\u201d. Esto no es una herida cualquiera, es una herida que afecta a una parte muy importante de la sociedad espa\u00f1ola, y no se puede hablar del pasado como quien habla de la guerra de la independencia de 1714, por ejemplo\u201d.<\/p>\n<p><strong>R@MBLA &#8211; Recientemente, la jueza argentina Mar\u00eda Servini de Cubr\u00eda, que est\u00e1 llevando la Querella Argentina contra los Cr\u00edmenes del Franquismo, declar\u00f3 que en un a\u00f1o se podr\u00e1 imputar a tres exministros franquistas, dos jueces y cuatro polic\u00edas. Entre los exministros est\u00e1 Utrera Molina, suegro del actual Ministro de Justicia, Alberto Ruiz Gallard\u00f3n. \u00bfCree qu\u00e9 esta imputaci\u00f3n ser\u00e1 posible?<\/strong><\/p>\n<p><strong>Villarejo &#8211;<\/strong> Hasta ahora el Ministerio de Justicia, que es el que tramita las comisiones rogatorias, que tienen que atravesar primero el \u00e1mbito gubernamental y luego pasar al \u00e1mbito judicial, lo que ha hecho es poner toda clase de dificultades y obst\u00e1culos para que se practiquen diligencias, como las que se iban a practicar hace un mes \u2013se refiere Villarejo a las videoconferencias en el consulado de Argentina- y que no se pudieron practicar por unos supuestos problemas t\u00e9cnicos que yo creo que eran pol\u00edticos. El gobierno espa\u00f1ol se opone frontalmente a que se investiguen aqu\u00ed los cr\u00edmenes del franquismo. Tengo mis reservas que todo eso llegue a buen puerto, pero ojal\u00e1 que se consiga superar esos obst\u00e1culos por la justicia Argentina\u201d.<\/p>\n<p><strong>R@MBLA &#8211; \u00bfQu\u00e9 le parece que la n\u00famero dos del PP, Mar\u00eda Dolores de Cospedal, tache de nazis a los ciudadanos que hacen los escraches de protestas por los desahucios? \u00a0<\/strong><\/p>\n<p><strong>Villarejo &#8211; <\/strong>Eso no es admisible bajo ning\u00fan concepto, responde al estado de crispaci\u00f3n en que vivimos, esos t\u00e9rminos hay que aplic\u00e1rselos a quien corresponda. Pero lo que pocos cuentan es que, por ejemplo, \u201cAmical de Mauthausen\u201d est\u00e1n cansados de denunciar los ataques vand\u00e1licos que est\u00e1 sufriendo el monumento a las v\u00edctimas del nazismo en Santa Coloma de Gramanet (Barcelona), por parte de neonazis, muchos de ellos encuadrados en organizaciones legalizadas, cosa impensable en otras democracias europeas\u201d. O como la Generalitat se ha cargado el \u201cMemorial Democr\u00e0tic\u201d, organizaci\u00f3n creada en su d\u00eda por el gobierno del tripartito.<\/p>\n<p><strong>R@MBLA &#8211; \u00bfY la represi\u00f3n de hoy? <\/strong><\/p>\n<p><strong>Villarejo &#8211;<\/strong> La represi\u00f3n hoy tambi\u00e9n tiene lugar, y ah\u00ed est\u00e1n las pelotas de goma para demostrarlo. En estos d\u00edas est\u00e1n declarando numerosos Mossos d\u2019Esquadra, ya veremos en qu\u00e9 queda, no lo s\u00e9, pero de entrada han sido llamados a declarar como imputados, cosa la que Infanta no ha podido hacer, tendr\u00e1 m\u00e1s privilegios. Los da\u00f1os causados por el uso de material antidisturbios tan violentos son muy graves. Son formas de represi\u00f3n que rememoran a las formas de represi\u00f3n franquista, salvando las distancias\u201d.<\/p>\n<p><strong>R@MBLA &#8211; \u00bfSe ha hecho la Transici\u00f3n en el aparato judicial? \u00a0<\/strong><\/p>\n<p><strong>Villarejo &#8211; <\/strong>A estas alturas hay un sector muy amplio de la magistratura que ha asumido los valores democr\u00e1ticos, y efectivamente han hecho la Transici\u00f3n. Pero sigue habiendo reticencias, en determinados n\u00facleos del poder judicial, como el caso del periodista que te he contado llamado a declarar por injurias a la Falange, la postura del Tribunal Supremo que no quiere anular los Consejos de Guerra del franquismo, o por qu\u00e9 los jueces de instrucci\u00f3n no se han tomado para nada en serio, en cumplimiento de su deber profesional y legal, la investigaci\u00f3n de las fosas comunes de los desaparecidos. Hay supuestos en que la Transici\u00f3n no se ha producido y siguen estando latentes los efectos de los cr\u00edmenes del franquismo.<\/p>\n<p><strong>R@MBLA &#8211; \u00bfY la corrupci\u00f3n? \u00a0<\/strong><\/p>\n<p><strong>Villarejo \u2013 <\/strong>Al Poder Judicial le est\u00e1 cayendo encima un peso enorme, que es lo que significa la criminalidad de la banca, y la criminalidad de la corrupci\u00f3n pol\u00edtica. Algunas respuestas se est\u00e1n dando, limitada y excepcionalmente, no hay que generalizar, pero sigue habiendo un gran peso sobre la justicia espa\u00f1ola que, salvo excepciones, no est\u00e1 en condiciones de afrontar un sistema de corrupci\u00f3n pol\u00edtica generalizada como el que hay en Espa\u00f1a, donde puede haber en estos momentos quinientos casos abiertos. Faltan recursos, pero a veces tambi\u00e9n falta m\u00e1s decisi\u00f3n y valent\u00eda. Los procesos son dif\u00edciles y complicados.<\/p>\n<p><strong>R@MBLA &#8211; \u00bfHay presi\u00f3n a los jueces? \u00a0<\/strong><\/p>\n<p><strong>Villarejo &#8211;<\/strong> Yo creo que no.<\/p>\n<p><strong>R@MBLA &#8211; \u00bfY a los fiscales?<\/strong><\/p>\n<p><strong>Villarejo &#8211; <\/strong>Los fiscales no son los jueces, est\u00e1n sometidos a una estructura jer\u00e1rquica que es m\u00e1s f\u00e1cil que haya presi\u00f3n, yo creo que no debe haberla y no se deba aceptar en ning\u00fan caso. En el caso de los jueces, si alguien acepta una presi\u00f3n es porque quiere, ya que debido a su estatus e independencia, no tienen porque someterse a ning\u00fan tipo de presi\u00f3n y hay que rechazarla.<\/p>\n<p><img decoding=\"async\" class=\"aligncenter\" src=\"https:\/\/www.revistarambla.com\/wp-content\/uploads\/2013\/05\/carlos_jimenez_villarejo_006.jpg\" alt=\"alt\" width=\"700\" height=\"459\" \/><\/p>","protected":false},"excerpt":{"rendered":"<p>Yolanda Gonz\u00e1lez era una joven dirigente estudiantil de Madrid, de origen vasco, que militaba en la organizaci\u00f3n trotskista Partido Socialista de los Trabajadores (PST). El 1 de febrero de 1980, fue secuestrada y asesinada por un comando fascista compuesto por militantes de Fuerza Nueva. Hoy, 33 a\u00f1os despu\u00e9s, la prensa [&hellip;]<\/p>\n","protected":false},"author":3,"featured_media":0,"comment_status":"open","ping_status":"open","sticky":false,"template":"","format":"standard","meta":{"footnotes":""},"categories":[3,58],"tags":[],"class_list":["post-3423","post","type-post","status-publish","format-standard","hentry","category-actualidad","category-estado-espanol"],"yoast_head":"<!-- This site is optimized with the Yoast SEO plugin v27.5 - https:\/\/yoast.com\/product\/yoast-seo-wordpress\/ -->\n<title>Carlos Jim\u00e9nez Villarejo: &quot;El franquismo sigue presente en las instituciones espa\u00f1olas&quot; - Revista Rambla<\/title>\n<meta name=\"robots\" content=\"index, follow, max-snippet:-1, max-image-preview:large, max-video-preview:-1\" \/>\n<link rel=\"canonical\" href=\"https:\/\/www.revistarambla.com\/en\/el-franquismo-sigue-presente-en-las-instituciones-espanolas\/\" \/>\n<meta property=\"og:locale\" content=\"en_GB\" \/>\n<meta property=\"og:type\" content=\"article\" \/>\n<meta property=\"og:title\" content=\"Carlos Jim\u00e9nez Villarejo: &quot;El franquismo sigue presente en las instituciones espa\u00f1olas&quot; - Revista Rambla\" \/>\n<meta property=\"og:description\" content=\"Yolanda Gonz\u00e1lez era una joven dirigente estudiantil de Madrid, de origen vasco, que militaba en la organizaci\u00f3n trotskista Partido Socialista de los Trabajadores (PST). El 1 de febrero de 1980, fue secuestrada y asesinada por un comando fascista compuesto por militantes de Fuerza Nueva. Hoy, 33 a\u00f1os despu\u00e9s, la prensa [&hellip;]\" \/>\n<meta property=\"og:url\" content=\"https:\/\/www.revistarambla.com\/en\/el-franquismo-sigue-presente-en-las-instituciones-espanolas\/\" \/>\n<meta property=\"og:site_name\" content=\"Revista Rambla\" \/>\n<meta property=\"article:publisher\" content=\"https:\/\/www.facebook.com\/revistarambla\/\" \/>\n<meta property=\"article:author\" content=\"https:\/\/www.facebook.com\/revistarambla\" \/>\n<meta property=\"article:published_time\" content=\"2013-05-27T04:09:25+00:00\" \/>\n<meta property=\"article:modified_time\" content=\"2021-10-23T15:28:44+00:00\" \/>\n<meta property=\"og:image\" content=\"https:\/\/i1.wp.com\/www.revistarambla.com\/wp-content\/uploads\/2013\/05\/carlos_jimenez_villarejo_004.jpg?fit=682%2C450&ssl=1\" \/>\n\t<meta property=\"og:image:width\" content=\"682\" \/>\n\t<meta property=\"og:image:height\" content=\"450\" \/>\n\t<meta property=\"og:image:type\" content=\"image\/jpeg\" \/>\n<meta name=\"author\" content=\"R@mbla\" \/>\n<meta name=\"twitter:card\" content=\"summary_large_image\" \/>\n<meta name=\"twitter:creator\" content=\"@revistarambla\" \/>\n<meta name=\"twitter:site\" content=\"@revistarambla\" \/>\n<meta name=\"twitter:label1\" content=\"Written by\" \/>\n\t<meta name=\"twitter:data1\" content=\"R@mbla\" \/>\n\t<meta name=\"twitter:label2\" content=\"Estimated reading time\" \/>\n\t<meta name=\"twitter:data2\" content=\"10 minutes\" \/>\n<script type=\"application\/ld+json\" class=\"yoast-schema-graph\">{\"@context\":\"https:\\\/\\\/schema.org\",\"@graph\":[{\"@type\":\"Article\",\"@id\":\"https:\\\/\\\/www.revistarambla.com\\\/el-franquismo-sigue-presente-en-las-instituciones-espanolas\\\/#article\",\"isPartOf\":{\"@id\":\"https:\\\/\\\/www.revistarambla.com\\\/el-franquismo-sigue-presente-en-las-instituciones-espanolas\\\/\"},\"author\":{\"name\":\"R@mbla\",\"@id\":\"https:\\\/\\\/www.revistarambla.com\\\/#\\\/schema\\\/person\\\/a146a5a2550b94981a75131180e1bd9c\"},\"headline\":\"Carlos Jim\u00e9nez Villarejo: \u00abEl franquismo sigue presente en las instituciones espa\u00f1olas\u00bb\",\"datePublished\":\"2013-05-27T04:09:25+00:00\",\"dateModified\":\"2021-10-23T15:28:44+00:00\",\"mainEntityOfPage\":{\"@id\":\"https:\\\/\\\/www.revistarambla.com\\\/el-franquismo-sigue-presente-en-las-instituciones-espanolas\\\/\"},\"wordCount\":2317,\"commentCount\":0,\"publisher\":{\"@id\":\"https:\\\/\\\/www.revistarambla.com\\\/#organization\"},\"image\":{\"@id\":\"https:\\\/\\\/www.revistarambla.com\\\/el-franquismo-sigue-presente-en-las-instituciones-espanolas\\\/#primaryimage\"},\"thumbnailUrl\":\"https:\\\/\\\/www.revistarambla.com\\\/wp-content\\\/uploads\\\/2013\\\/05\\\/carlos_jimenez_villarejo_002.jpg\",\"articleSection\":[\"Actualidad\",\"Estado Espa\u00f1ol\"],\"inLanguage\":\"en-GB\",\"potentialAction\":[{\"@type\":\"CommentAction\",\"name\":\"Comment\",\"target\":[\"https:\\\/\\\/www.revistarambla.com\\\/el-franquismo-sigue-presente-en-las-instituciones-espanolas\\\/#respond\"]}]},{\"@type\":\"WebPage\",\"@id\":\"https:\\\/\\\/www.revistarambla.com\\\/el-franquismo-sigue-presente-en-las-instituciones-espanolas\\\/\",\"url\":\"https:\\\/\\\/www.revistarambla.com\\\/el-franquismo-sigue-presente-en-las-instituciones-espanolas\\\/\",\"name\":\"Carlos Jim\u00e9nez Villarejo: \\\"El franquismo sigue presente en las instituciones espa\u00f1olas\\\" - Revista Rambla\",\"isPartOf\":{\"@id\":\"https:\\\/\\\/www.revistarambla.com\\\/#website\"},\"primaryImageOfPage\":{\"@id\":\"https:\\\/\\\/www.revistarambla.com\\\/el-franquismo-sigue-presente-en-las-instituciones-espanolas\\\/#primaryimage\"},\"image\":{\"@id\":\"https:\\\/\\\/www.revistarambla.com\\\/el-franquismo-sigue-presente-en-las-instituciones-espanolas\\\/#primaryimage\"},\"thumbnailUrl\":\"https:\\\/\\\/www.revistarambla.com\\\/wp-content\\\/uploads\\\/2013\\\/05\\\/carlos_jimenez_villarejo_002.jpg\",\"datePublished\":\"2013-05-27T04:09:25+00:00\",\"dateModified\":\"2021-10-23T15:28:44+00:00\",\"breadcrumb\":{\"@id\":\"https:\\\/\\\/www.revistarambla.com\\\/el-franquismo-sigue-presente-en-las-instituciones-espanolas\\\/#breadcrumb\"},\"inLanguage\":\"en-GB\",\"potentialAction\":[{\"@type\":\"ReadAction\",\"target\":[\"https:\\\/\\\/www.revistarambla.com\\\/el-franquismo-sigue-presente-en-las-instituciones-espanolas\\\/\"]}]},{\"@type\":\"ImageObject\",\"inLanguage\":\"en-GB\",\"@id\":\"https:\\\/\\\/www.revistarambla.com\\\/el-franquismo-sigue-presente-en-las-instituciones-espanolas\\\/#primaryimage\",\"url\":\"https:\\\/\\\/www.revistarambla.com\\\/wp-content\\\/uploads\\\/2013\\\/05\\\/carlos_jimenez_villarejo_002.jpg\",\"contentUrl\":\"https:\\\/\\\/www.revistarambla.com\\\/wp-content\\\/uploads\\\/2013\\\/05\\\/carlos_jimenez_villarejo_002.jpg\"},{\"@type\":\"BreadcrumbList\",\"@id\":\"https:\\\/\\\/www.revistarambla.com\\\/el-franquismo-sigue-presente-en-las-instituciones-espanolas\\\/#breadcrumb\",\"itemListElement\":[{\"@type\":\"ListItem\",\"position\":1,\"name\":\"Portada\",\"item\":\"https:\\\/\\\/www.revistarambla.com\\\/\"},{\"@type\":\"ListItem\",\"position\":2,\"name\":\"Carlos Jim\u00e9nez Villarejo: \u00abEl franquismo sigue presente en las instituciones espa\u00f1olas\u00bb\"}]},{\"@type\":\"WebSite\",\"@id\":\"https:\\\/\\\/www.revistarambla.com\\\/#website\",\"url\":\"https:\\\/\\\/www.revistarambla.com\\\/\",\"name\":\"Revista Rambla Barcelona\",\"description\":\"Periodismo independiente\",\"publisher\":{\"@id\":\"https:\\\/\\\/www.revistarambla.com\\\/#organization\"},\"potentialAction\":[{\"@type\":\"SearchAction\",\"target\":{\"@type\":\"EntryPoint\",\"urlTemplate\":\"https:\\\/\\\/www.revistarambla.com\\\/?s={search_term_string}\"},\"query-input\":{\"@type\":\"PropertyValueSpecification\",\"valueRequired\":true,\"valueName\":\"search_term_string\"}}],\"inLanguage\":\"en-GB\"},{\"@type\":\"Organization\",\"@id\":\"https:\\\/\\\/www.revistarambla.com\\\/#organization\",\"name\":\"Revista Rambla\",\"url\":\"https:\\\/\\\/www.revistarambla.com\\\/\",\"logo\":{\"@type\":\"ImageObject\",\"inLanguage\":\"en-GB\",\"@id\":\"https:\\\/\\\/www.revistarambla.com\\\/#\\\/schema\\\/logo\\\/image\\\/\",\"url\":\"https:\\\/\\\/www.revistarambla.com\\\/wp-content\\\/uploads\\\/2020\\\/09\\\/banner_rambla_1900x600_BB.png\",\"contentUrl\":\"https:\\\/\\\/www.revistarambla.com\\\/wp-content\\\/uploads\\\/2020\\\/09\\\/banner_rambla_1900x600_BB.png\",\"width\":1900,\"height\":600,\"caption\":\"Revista Rambla\"},\"image\":{\"@id\":\"https:\\\/\\\/www.revistarambla.com\\\/#\\\/schema\\\/logo\\\/image\\\/\"},\"sameAs\":[\"https:\\\/\\\/www.facebook.com\\\/revistarambla\\\/\",\"https:\\\/\\\/x.com\\\/revistarambla\",\"https:\\\/\\\/www.instagram.com\\\/revista_rambla\",\"https:\\\/\\\/es.linkedin.com\\\/company\\\/revista-rambla\"]},{\"@type\":\"Person\",\"@id\":\"https:\\\/\\\/www.revistarambla.com\\\/#\\\/schema\\\/person\\\/a146a5a2550b94981a75131180e1bd9c\",\"name\":\"R@mbla\",\"description\":\"Este art\u00edculo ha sido redactado y\\\/o validado por el equipo de redacci\u00f3n de Revista Rambla.\",\"sameAs\":[\"https:\\\/\\\/www.revistarambla.com\\\/\",\"https:\\\/\\\/www.facebook.com\\\/revistarambla\",\"https:\\\/\\\/x.com\\\/revistarambla\"]}]}<\/script>\n<!-- \/ Yoast SEO plugin. -->","yoast_head_json":{"title":"Carlos Jim\u00e9nez Villarejo: \"El franquismo sigue presente en las instituciones espa\u00f1olas\" - Revista Rambla","robots":{"index":"index","follow":"follow","max-snippet":"max-snippet:-1","max-image-preview":"max-image-preview:large","max-video-preview":"max-video-preview:-1"},"canonical":"https:\/\/www.revistarambla.com\/en\/el-franquismo-sigue-presente-en-las-instituciones-espanolas\/","og_locale":"en_GB","og_type":"article","og_title":"Carlos Jim\u00e9nez Villarejo: \"El franquismo sigue presente en las instituciones espa\u00f1olas\" - Revista Rambla","og_description":"Yolanda Gonz\u00e1lez era una joven dirigente estudiantil de Madrid, de origen vasco, que militaba en la organizaci\u00f3n trotskista Partido Socialista de los Trabajadores (PST). El 1 de febrero de 1980, fue secuestrada y asesinada por un comando fascista compuesto por militantes de Fuerza Nueva. Hoy, 33 a\u00f1os despu\u00e9s, la prensa [&hellip;]","og_url":"https:\/\/www.revistarambla.com\/en\/el-franquismo-sigue-presente-en-las-instituciones-espanolas\/","og_site_name":"Revista Rambla","article_publisher":"https:\/\/www.facebook.com\/revistarambla\/","article_author":"https:\/\/www.facebook.com\/revistarambla","article_published_time":"2013-05-27T04:09:25+00:00","article_modified_time":"2021-10-23T15:28:44+00:00","og_image":[{"width":682,"height":450,"url":"https:\/\/i1.wp.com\/www.revistarambla.com\/wp-content\/uploads\/2013\/05\/carlos_jimenez_villarejo_004.jpg?fit=682%2C450&ssl=1","type":"image\/jpeg"}],"author":"R@mbla","twitter_card":"summary_large_image","twitter_creator":"@revistarambla","twitter_site":"@revistarambla","twitter_misc":{"Written by":"R@mbla","Estimated reading time":"10 minutes"},"schema":{"@context":"https:\/\/schema.org","@graph":[{"@type":"Article","@id":"https:\/\/www.revistarambla.com\/el-franquismo-sigue-presente-en-las-instituciones-espanolas\/#article","isPartOf":{"@id":"https:\/\/www.revistarambla.com\/el-franquismo-sigue-presente-en-las-instituciones-espanolas\/"},"author":{"name":"R@mbla","@id":"https:\/\/www.revistarambla.com\/#\/schema\/person\/a146a5a2550b94981a75131180e1bd9c"},"headline":"Carlos Jim\u00e9nez Villarejo: \u00abEl franquismo sigue presente en las instituciones espa\u00f1olas\u00bb","datePublished":"2013-05-27T04:09:25+00:00","dateModified":"2021-10-23T15:28:44+00:00","mainEntityOfPage":{"@id":"https:\/\/www.revistarambla.com\/el-franquismo-sigue-presente-en-las-instituciones-espanolas\/"},"wordCount":2317,"commentCount":0,"publisher":{"@id":"https:\/\/www.revistarambla.com\/#organization"},"image":{"@id":"https:\/\/www.revistarambla.com\/el-franquismo-sigue-presente-en-las-instituciones-espanolas\/#primaryimage"},"thumbnailUrl":"https:\/\/www.revistarambla.com\/wp-content\/uploads\/2013\/05\/carlos_jimenez_villarejo_002.jpg","articleSection":["Actualidad","Estado Espa\u00f1ol"],"inLanguage":"en-GB","potentialAction":[{"@type":"CommentAction","name":"Comment","target":["https:\/\/www.revistarambla.com\/el-franquismo-sigue-presente-en-las-instituciones-espanolas\/#respond"]}]},{"@type":"WebPage","@id":"https:\/\/www.revistarambla.com\/el-franquismo-sigue-presente-en-las-instituciones-espanolas\/","url":"https:\/\/www.revistarambla.com\/el-franquismo-sigue-presente-en-las-instituciones-espanolas\/","name":"Carlos Jim\u00e9nez Villarejo: \"El franquismo sigue presente en las instituciones espa\u00f1olas\" - Revista Rambla","isPartOf":{"@id":"https:\/\/www.revistarambla.com\/#website"},"primaryImageOfPage":{"@id":"https:\/\/www.revistarambla.com\/el-franquismo-sigue-presente-en-las-instituciones-espanolas\/#primaryimage"},"image":{"@id":"https:\/\/www.revistarambla.com\/el-franquismo-sigue-presente-en-las-instituciones-espanolas\/#primaryimage"},"thumbnailUrl":"https:\/\/www.revistarambla.com\/wp-content\/uploads\/2013\/05\/carlos_jimenez_villarejo_002.jpg","datePublished":"2013-05-27T04:09:25+00:00","dateModified":"2021-10-23T15:28:44+00:00","breadcrumb":{"@id":"https:\/\/www.revistarambla.com\/el-franquismo-sigue-presente-en-las-instituciones-espanolas\/#breadcrumb"},"inLanguage":"en-GB","potentialAction":[{"@type":"ReadAction","target":["https:\/\/www.revistarambla.com\/el-franquismo-sigue-presente-en-las-instituciones-espanolas\/"]}]},{"@type":"ImageObject","inLanguage":"en-GB","@id":"https:\/\/www.revistarambla.com\/el-franquismo-sigue-presente-en-las-instituciones-espanolas\/#primaryimage","url":"https:\/\/www.revistarambla.com\/wp-content\/uploads\/2013\/05\/carlos_jimenez_villarejo_002.jpg","contentUrl":"https:\/\/www.revistarambla.com\/wp-content\/uploads\/2013\/05\/carlos_jimenez_villarejo_002.jpg"},{"@type":"BreadcrumbList","@id":"https:\/\/www.revistarambla.com\/el-franquismo-sigue-presente-en-las-instituciones-espanolas\/#breadcrumb","itemListElement":[{"@type":"ListItem","position":1,"name":"Portada","item":"https:\/\/www.revistarambla.com\/"},{"@type":"ListItem","position":2,"name":"Carlos Jim\u00e9nez Villarejo: \u00abEl franquismo sigue presente en las instituciones espa\u00f1olas\u00bb"}]},{"@type":"WebSite","@id":"https:\/\/www.revistarambla.com\/#website","url":"https:\/\/www.revistarambla.com\/","name":"Revista Rambla Barcelona","description":"Periodismo independiente","publisher":{"@id":"https:\/\/www.revistarambla.com\/#organization"},"potentialAction":[{"@type":"SearchAction","target":{"@type":"EntryPoint","urlTemplate":"https:\/\/www.revistarambla.com\/?s={search_term_string}"},"query-input":{"@type":"PropertyValueSpecification","valueRequired":true,"valueName":"search_term_string"}}],"inLanguage":"en-GB"},{"@type":"Organization","@id":"https:\/\/www.revistarambla.com\/#organization","name":"Revista Rambla","url":"https:\/\/www.revistarambla.com\/","logo":{"@type":"ImageObject","inLanguage":"en-GB","@id":"https:\/\/www.revistarambla.com\/#\/schema\/logo\/image\/","url":"https:\/\/www.revistarambla.com\/wp-content\/uploads\/2020\/09\/banner_rambla_1900x600_BB.png","contentUrl":"https:\/\/www.revistarambla.com\/wp-content\/uploads\/2020\/09\/banner_rambla_1900x600_BB.png","width":1900,"height":600,"caption":"Revista Rambla"},"image":{"@id":"https:\/\/www.revistarambla.com\/#\/schema\/logo\/image\/"},"sameAs":["https:\/\/www.facebook.com\/revistarambla\/","https:\/\/x.com\/revistarambla","https:\/\/www.instagram.com\/revista_rambla","https:\/\/es.linkedin.com\/company\/revista-rambla"]},{"@type":"Person","@id":"https:\/\/www.revistarambla.com\/#\/schema\/person\/a146a5a2550b94981a75131180e1bd9c","name":"R@mbla","description":"Este art\u00edculo ha sido redactado y\/o validado por el equipo de redacci\u00f3n de Revista Rambla.","sameAs":["https:\/\/www.revistarambla.com\/","https:\/\/www.facebook.com\/revistarambla","https:\/\/x.com\/revistarambla"]}]}},"_links":{"self":[{"href":"https:\/\/www.revistarambla.com\/en\/wp-json\/wp\/v2\/posts\/3423","targetHints":{"allow":["GET"]}}],"collection":[{"href":"https:\/\/www.revistarambla.com\/en\/wp-json\/wp\/v2\/posts"}],"about":[{"href":"https:\/\/www.revistarambla.com\/en\/wp-json\/wp\/v2\/types\/post"}],"author":[{"embeddable":true,"href":"https:\/\/www.revistarambla.com\/en\/wp-json\/wp\/v2\/users\/3"}],"replies":[{"embeddable":true,"href":"https:\/\/www.revistarambla.com\/en\/wp-json\/wp\/v2\/comments?post=3423"}],"version-history":[{"count":0,"href":"https:\/\/www.revistarambla.com\/en\/wp-json\/wp\/v2\/posts\/3423\/revisions"}],"wp:attachment":[{"href":"https:\/\/www.revistarambla.com\/en\/wp-json\/wp\/v2\/media?parent=3423"}],"wp:term":[{"taxonomy":"category","embeddable":true,"href":"https:\/\/www.revistarambla.com\/en\/wp-json\/wp\/v2\/categories?post=3423"},{"taxonomy":"post_tag","embeddable":true,"href":"https:\/\/www.revistarambla.com\/en\/wp-json\/wp\/v2\/tags?post=3423"}],"curies":[{"name":"wp","href":"https:\/\/api.w.org\/{rel}","templated":true}]}}