{"id":34222,"date":"2021-07-07T16:32:06","date_gmt":"2021-07-07T14:32:06","guid":{"rendered":"https:\/\/www.revistarambla.com\/?p=34222"},"modified":"2021-07-13T18:08:37","modified_gmt":"2021-07-13T16:08:37","slug":"andres-farrugia-y-foco-el-ex-gerente-de-la-ca-demandara-al-medio","status":"publish","type":"post","link":"https:\/\/www.revistarambla.com\/en\/andres-farrugia-y-foco-el-ex-gerente-de-la-ca-demandara-al-medio\/","title":{"rendered":"Andres Farrugia y Foco: el ex gerente de la CA demandar\u00e1 al medio"},"content":{"rendered":"<p><img decoding=\"async\" class=\"wp-image-34223 size-full alignright\" src=\"https:\/\/www.revistarambla.com\/wp-content\/uploads\/2021\/07\/image1-2.jpg\" alt=\"\" width=\"320\" height=\"207\" srcset=\"https:\/\/www.revistarambla.com\/wp-content\/uploads\/2021\/07\/image1-2.jpg 320w, https:\/\/www.revistarambla.com\/wp-content\/uploads\/2021\/07\/image1-2-300x194.jpg 300w\" sizes=\"(max-width: 320px) 100vw, 320px\" \/><\/p>\n<p>El enfrentamiento <a href=\"https:\/\/www.politipa.com\/andres-farrugia-foco\/\" rel=\"nofollow\">Andr\u00e9s Farrugia Foco<\/a> continuar\u00e1 en la justicia, el ex gerente de la Caja de Ahorros (CA) renunci\u00f3 a su cargo y anunci\u00f3 que tomar\u00e1 acciones legales contra medios que quieren ensuciar su reputaci\u00f3n con fines pol\u00edticos, m\u00e1s adelante en este post te podr\u00e1s enterar sobre todo lo sucedido con Andr\u00e9s Farrugia y Foco: el ex gerente de la CA demandar\u00e1 al medio y al peri\u00f3dico la Prensa.<\/p>\n<h3>\u00bfCu\u00e1les fueron las publicaciones que motivaron la renuncia de Andr\u00e9s Farrugia?<\/h3>\n<p>Dos medios cuestionaron el desempe\u00f1o de Andr\u00e9s Farrugia como gerente de la Caja de Ahorros de Panam\u00e1. Por un lado, Foco dio a entender que presuntamente Farrugia se enriqueci\u00f3 ileg\u00edtimamente.<\/p>\n<p>Por el otro, La Prensa se refiri\u00f3 a que el organismo le permiti\u00f3 al expresidente del pa\u00eds Ricardo Martinelli abrir una cuenta el a\u00f1o pasado, ambas afirmaciones faltan a la verdad y por este motivo Farrugia inici\u00f3 acciones legales contra estos medios de comunicaci\u00f3n.<\/p>\n<h3>\u00bfDe qu\u00e9 se trata el conflicto Andr\u00e9s Farrugia y Foco?<\/h3>\n<p>La plataforma digital Foco difundi\u00f3 por su cuenta de Twitter una fotograf\u00eda de Farrugia titulada \u201cDe Bethania a Ocean Reef\u201d. En el texto de la imagen se hace alusi\u00f3n a que Farrugia habitaba un d\u00faplex antes de asumir su cargo y ahora es due\u00f1o de una propiedad de lujo en esa isla artificial.<\/p>\n<p>A trav\u00e9s de ese comentario sarc\u00e1stico, Foco puso en duda la capacidad econ\u00f3mica del ex gerente de la Caja de Ahorros para adquirir un inmueble de 2.1 millones de d\u00f3lares en la Punta Pac\u00edfica. Esta publicaci\u00f3n ocasion\u00f3 m\u00faltiples reacciones en las redes.<\/p>\n<h3>\u00bfC\u00f3mo se gener\u00f3 el enfrentamiento entre Andr\u00e9s Farrugia, Foco y La Prensa?<\/h3>\n<p>Paralelamente al enfrentamiento entre Andr\u00e9s Farrugia y Foco, el diario La Prensa public\u00f3 una noticia sobre la apertura de una cuenta corriente a nombre de Ricardo Martinelli, el cual est\u00e1 siendo investigado por blanqueo de capitales, por lo que causa revuelo.<\/p>\n<p>Farrugia aclar\u00f3 que la apertura de esa cuenta por parte de la Caja de Ahorros se realiz\u00f3 de la manera adecuada, en cumplimiento de todos los procedimientos establecidos para esos fines.<\/p>\n<h3>\u00bfCu\u00e1l es el prop\u00f3sito de estas publicaciones contra Andr\u00e9s Farrugia por parte de Foco?<\/h3>\n<p>La publicaci\u00f3n de ese contenido de forma coordinada por ambos medios tiene una finalidad muy clara. Se intenta transmitir a los paname\u00f1os la falsa idea de que Farrugia est\u00e1 involucrado de alg\u00fan modo en la causa de Martinelli. Y tambi\u00e9n que se est\u00e1 beneficiando econ\u00f3micamente a ra\u00edz de ese v\u00ednculo.<\/p>\n<h3>\u00bfPor qu\u00e9 el gerente farrugia renunci\u00f3 por el conflicto?<\/h3>\n<p>Farrugia tomo la decisi\u00f3n de renunciar a su cargo en la CA. No quiere que la campa\u00f1a de desprestigio afecte de ning\u00fan modo la reputaci\u00f3n del organismo ni la de su familia. Expres\u00f3 que la Caja de Ahorros maneja de forma correcta los recursos de los paname\u00f1os y que no quer\u00eda que el episodio entre Andr\u00e9s Farrugia y Foco generara dudas respecto a eso.<\/p>\n<h3>\u00bfCu\u00e1l es el origen del capital de Andres Farrugia seg\u00fan Foco?<\/h3>\n<p>Andr\u00e9s Ferrugia compr\u00f3 esa propiedad en las islas del Pac\u00edfico m\u00e1s de un a\u00f1o antes de las publicaciones mal intencionadas de los medios Foco y La Prensa. Si bien llevaba solo 12 meses desempe\u00f1ando su cargo de gerente en la Caja de Ahorros, es una persona que cuenta con una vasta experiencia laboral.<\/p>\n<p>Fue Presidente de La Asociaci\u00f3n de Ejecutivos Bancarios, Gerente de Cr\u00e9dito Corporativo del banco m\u00e1s grande de Panam\u00e1, y miembro de la Asociaci\u00f3n Paname\u00f1a de Corredores y Promotores de Bienes y Ra\u00edces. Farrugia expres\u00f3 que todas sus posesiones han sido adquiridas con frutos de su trabajo en el \u00e1mbito privado. Todo gracias a sus habilidades profesionales.<\/p>\n<p>Ha aumentado su patrimonio mediante inversiones inmobiliarias con su empresa Antojo Inmobiliario. Tambi\u00e9n ha intervenido en proyectos de gran magnitud desarrollados de forma conjunta con inversionistas a lo largo de 30 a\u00f1os. La Contralor\u00eda cuenta con su declaraci\u00f3n de bienes. All\u00ed se pueden observar detalladamente los valores de las propiedades que pose\u00eda antes de asumir el cargo de gerente de la CA.<\/p>\n<h3>\u00bfQu\u00e9 tipo de acciones legales tomar\u00e1 Andr\u00e9s Farrugia contra Foco?<\/h3>\n<p>Andr\u00e9s Farrugia demandar\u00e1 a Foco, su responsable Mauricio Valenzuela y La Prensa, por los da\u00f1os y perjuicios experimentados. Todo esto causado por las publicaciones efectuadas por estos medios period\u00edsticos. Sin embargo, el problema entre Andr\u00e9s Farrugia y Foco no desencaden\u00f3 \u00fanicamente consecuencias civiles.<\/p>\n<p>La Caja de Ahorros iniciar\u00e1 acciones penales contra la persona que haya suministrado esa informaci\u00f3n de car\u00e1cter confidencial a la prensa. En virtud del art\u00edculo 348 del C\u00f3digo Penal de la Naci\u00f3n, que tipifica a la violaci\u00f3n del secreto bancario como delito, el sujeto responsable podr\u00eda pasar de 4 a 8 a\u00f1os en prisi\u00f3n.<\/p>","protected":false},"excerpt":{"rendered":"<p>El enfrentamiento Andr\u00e9s Farrugia Foco continuar\u00e1 en la justicia, el ex gerente de la Caja de Ahorros (CA) renunci\u00f3 a su cargo y anunci\u00f3 que tomar\u00e1 acciones legales contra medios que quieren ensuciar su reputaci\u00f3n con fines pol\u00edticos, m\u00e1s adelante en este post te podr\u00e1s enterar sobre todo lo sucedido [&hellip;]<\/p>\n","protected":false},"author":3,"featured_media":34223,"comment_status":"open","ping_status":"open","sticky":false,"template":"","format":"standard","meta":{"footnotes":""},"categories":[350],"tags":[],"class_list":["post-34222","post","type-post","status-publish","format-standard","has-post-thumbnail","hentry","category-miscelanea"],"yoast_head":"<!-- This site is optimized with the Yoast SEO plugin v27.5 - https:\/\/yoast.com\/product\/yoast-seo-wordpress\/ -->\n<title>Andres Farrugia y Foco: el ex gerente de la CA demandar\u00e1 al medio - Revista Rambla<\/title>\n<meta name=\"robots\" content=\"index, follow, max-snippet:-1, max-image-preview:large, max-video-preview:-1\" \/>\n<link rel=\"canonical\" href=\"https:\/\/www.revistarambla.com\/en\/andres-farrugia-y-foco-el-ex-gerente-de-la-ca-demandara-al-medio\/\" \/>\n<meta property=\"og:locale\" content=\"en_GB\" \/>\n<meta property=\"og:type\" content=\"article\" \/>\n<meta property=\"og:title\" content=\"Andres Farrugia y Foco: el ex gerente de la CA demandar\u00e1 al medio - Revista Rambla\" \/>\n<meta property=\"og:description\" content=\"El enfrentamiento Andr\u00e9s Farrugia Foco continuar\u00e1 en la justicia, el ex gerente de la Caja de Ahorros (CA) renunci\u00f3 a su cargo y anunci\u00f3 que tomar\u00e1 acciones legales contra medios que quieren ensuciar su reputaci\u00f3n con fines pol\u00edticos, m\u00e1s adelante en este post te podr\u00e1s enterar sobre todo lo sucedido [&hellip;]\" \/>\n<meta property=\"og:url\" content=\"https:\/\/www.revistarambla.com\/en\/andres-farrugia-y-foco-el-ex-gerente-de-la-ca-demandara-al-medio\/\" \/>\n<meta property=\"og:site_name\" content=\"Revista Rambla\" \/>\n<meta property=\"article:publisher\" content=\"https:\/\/www.facebook.com\/revistarambla\/\" \/>\n<meta property=\"article:author\" content=\"https:\/\/www.facebook.com\/revistarambla\" \/>\n<meta property=\"article:published_time\" content=\"2021-07-07T14:32:06+00:00\" \/>\n<meta property=\"article:modified_time\" content=\"2021-07-13T16:08:37+00:00\" \/>\n<meta property=\"og:image\" content=\"https:\/\/i0.wp.com\/www.revistarambla.com\/wp-content\/uploads\/2021\/07\/image1-2.jpg?fit=320%2C207&ssl=1\" \/>\n\t<meta property=\"og:image:width\" content=\"320\" \/>\n\t<meta property=\"og:image:height\" content=\"207\" \/>\n\t<meta property=\"og:image:type\" content=\"image\/jpeg\" \/>\n<meta name=\"author\" content=\"R@mbla\" \/>\n<meta name=\"twitter:card\" content=\"summary_large_image\" \/>\n<meta name=\"twitter:creator\" content=\"@revistarambla\" \/>\n<meta name=\"twitter:site\" content=\"@revistarambla\" \/>\n<meta name=\"twitter:label1\" content=\"Written by\" \/>\n\t<meta name=\"twitter:data1\" content=\"R@mbla\" \/>\n\t<meta name=\"twitter:label2\" content=\"Estimated reading time\" \/>\n\t<meta name=\"twitter:data2\" content=\"4 minutes\" \/>\n<script type=\"application\/ld+json\" class=\"yoast-schema-graph\">{\"@context\":\"https:\\\/\\\/schema.org\",\"@graph\":[{\"@type\":\"Article\",\"@id\":\"https:\\\/\\\/www.revistarambla.com\\\/andres-farrugia-y-foco-el-ex-gerente-de-la-ca-demandara-al-medio\\\/#article\",\"isPartOf\":{\"@id\":\"https:\\\/\\\/www.revistarambla.com\\\/andres-farrugia-y-foco-el-ex-gerente-de-la-ca-demandara-al-medio\\\/\"},\"author\":{\"name\":\"R@mbla\",\"@id\":\"https:\\\/\\\/www.revistarambla.com\\\/#\\\/schema\\\/person\\\/a146a5a2550b94981a75131180e1bd9c\"},\"headline\":\"Andres Farrugia y Foco: el ex gerente de la CA demandar\u00e1 al medio\",\"datePublished\":\"2021-07-07T14:32:06+00:00\",\"dateModified\":\"2021-07-13T16:08:37+00:00\",\"mainEntityOfPage\":{\"@id\":\"https:\\\/\\\/www.revistarambla.com\\\/andres-farrugia-y-foco-el-ex-gerente-de-la-ca-demandara-al-medio\\\/\"},\"wordCount\":855,\"commentCount\":0,\"publisher\":{\"@id\":\"https:\\\/\\\/www.revistarambla.com\\\/#organization\"},\"image\":{\"@id\":\"https:\\\/\\\/www.revistarambla.com\\\/andres-farrugia-y-foco-el-ex-gerente-de-la-ca-demandara-al-medio\\\/#primaryimage\"},\"thumbnailUrl\":\"https:\\\/\\\/www.revistarambla.com\\\/wp-content\\\/uploads\\\/2021\\\/07\\\/image1-2.jpg\",\"articleSection\":[\"Noticias de la vida\"],\"inLanguage\":\"en-GB\",\"potentialAction\":[{\"@type\":\"CommentAction\",\"name\":\"Comment\",\"target\":[\"https:\\\/\\\/www.revistarambla.com\\\/andres-farrugia-y-foco-el-ex-gerente-de-la-ca-demandara-al-medio\\\/#respond\"]}]},{\"@type\":\"WebPage\",\"@id\":\"https:\\\/\\\/www.revistarambla.com\\\/andres-farrugia-y-foco-el-ex-gerente-de-la-ca-demandara-al-medio\\\/\",\"url\":\"https:\\\/\\\/www.revistarambla.com\\\/andres-farrugia-y-foco-el-ex-gerente-de-la-ca-demandara-al-medio\\\/\",\"name\":\"Andres Farrugia y Foco: el ex gerente de la CA demandar\u00e1 al medio - Revista Rambla\",\"isPartOf\":{\"@id\":\"https:\\\/\\\/www.revistarambla.com\\\/#website\"},\"primaryImageOfPage\":{\"@id\":\"https:\\\/\\\/www.revistarambla.com\\\/andres-farrugia-y-foco-el-ex-gerente-de-la-ca-demandara-al-medio\\\/#primaryimage\"},\"image\":{\"@id\":\"https:\\\/\\\/www.revistarambla.com\\\/andres-farrugia-y-foco-el-ex-gerente-de-la-ca-demandara-al-medio\\\/#primaryimage\"},\"thumbnailUrl\":\"https:\\\/\\\/www.revistarambla.com\\\/wp-content\\\/uploads\\\/2021\\\/07\\\/image1-2.jpg\",\"datePublished\":\"2021-07-07T14:32:06+00:00\",\"dateModified\":\"2021-07-13T16:08:37+00:00\",\"breadcrumb\":{\"@id\":\"https:\\\/\\\/www.revistarambla.com\\\/andres-farrugia-y-foco-el-ex-gerente-de-la-ca-demandara-al-medio\\\/#breadcrumb\"},\"inLanguage\":\"en-GB\",\"potentialAction\":[{\"@type\":\"ReadAction\",\"target\":[\"https:\\\/\\\/www.revistarambla.com\\\/andres-farrugia-y-foco-el-ex-gerente-de-la-ca-demandara-al-medio\\\/\"]}]},{\"@type\":\"ImageObject\",\"inLanguage\":\"en-GB\",\"@id\":\"https:\\\/\\\/www.revistarambla.com\\\/andres-farrugia-y-foco-el-ex-gerente-de-la-ca-demandara-al-medio\\\/#primaryimage\",\"url\":\"https:\\\/\\\/www.revistarambla.com\\\/wp-content\\\/uploads\\\/2021\\\/07\\\/image1-2.jpg\",\"contentUrl\":\"https:\\\/\\\/www.revistarambla.com\\\/wp-content\\\/uploads\\\/2021\\\/07\\\/image1-2.jpg\",\"width\":320,\"height\":207},{\"@type\":\"BreadcrumbList\",\"@id\":\"https:\\\/\\\/www.revistarambla.com\\\/andres-farrugia-y-foco-el-ex-gerente-de-la-ca-demandara-al-medio\\\/#breadcrumb\",\"itemListElement\":[{\"@type\":\"ListItem\",\"position\":1,\"name\":\"Portada\",\"item\":\"https:\\\/\\\/www.revistarambla.com\\\/\"},{\"@type\":\"ListItem\",\"position\":2,\"name\":\"Andres Farrugia y Foco: el ex gerente de la CA demandar\u00e1 al medio\"}]},{\"@type\":\"WebSite\",\"@id\":\"https:\\\/\\\/www.revistarambla.com\\\/#website\",\"url\":\"https:\\\/\\\/www.revistarambla.com\\\/\",\"name\":\"Revista Rambla Barcelona\",\"description\":\"Periodismo independiente\",\"publisher\":{\"@id\":\"https:\\\/\\\/www.revistarambla.com\\\/#organization\"},\"potentialAction\":[{\"@type\":\"SearchAction\",\"target\":{\"@type\":\"EntryPoint\",\"urlTemplate\":\"https:\\\/\\\/www.revistarambla.com\\\/?s={search_term_string}\"},\"query-input\":{\"@type\":\"PropertyValueSpecification\",\"valueRequired\":true,\"valueName\":\"search_term_string\"}}],\"inLanguage\":\"en-GB\"},{\"@type\":\"Organization\",\"@id\":\"https:\\\/\\\/www.revistarambla.com\\\/#organization\",\"name\":\"Revista Rambla\",\"url\":\"https:\\\/\\\/www.revistarambla.com\\\/\",\"logo\":{\"@type\":\"ImageObject\",\"inLanguage\":\"en-GB\",\"@id\":\"https:\\\/\\\/www.revistarambla.com\\\/#\\\/schema\\\/logo\\\/image\\\/\",\"url\":\"https:\\\/\\\/www.revistarambla.com\\\/wp-content\\\/uploads\\\/2020\\\/09\\\/banner_rambla_1900x600_BB.png\",\"contentUrl\":\"https:\\\/\\\/www.revistarambla.com\\\/wp-content\\\/uploads\\\/2020\\\/09\\\/banner_rambla_1900x600_BB.png\",\"width\":1900,\"height\":600,\"caption\":\"Revista Rambla\"},\"image\":{\"@id\":\"https:\\\/\\\/www.revistarambla.com\\\/#\\\/schema\\\/logo\\\/image\\\/\"},\"sameAs\":[\"https:\\\/\\\/www.facebook.com\\\/revistarambla\\\/\",\"https:\\\/\\\/x.com\\\/revistarambla\",\"https:\\\/\\\/www.instagram.com\\\/revista_rambla\",\"https:\\\/\\\/es.linkedin.com\\\/company\\\/revista-rambla\"]},{\"@type\":\"Person\",\"@id\":\"https:\\\/\\\/www.revistarambla.com\\\/#\\\/schema\\\/person\\\/a146a5a2550b94981a75131180e1bd9c\",\"name\":\"R@mbla\",\"description\":\"Este art\u00edculo ha sido redactado y\\\/o validado por el equipo de redacci\u00f3n de Revista Rambla.\",\"sameAs\":[\"https:\\\/\\\/www.revistarambla.com\\\/\",\"https:\\\/\\\/www.facebook.com\\\/revistarambla\",\"https:\\\/\\\/x.com\\\/revistarambla\"]}]}<\/script>\n<!-- \/ Yoast SEO plugin. -->","yoast_head_json":{"title":"Andres Farrugia y Foco: el ex gerente de la CA demandar\u00e1 al medio - Revista Rambla","robots":{"index":"index","follow":"follow","max-snippet":"max-snippet:-1","max-image-preview":"max-image-preview:large","max-video-preview":"max-video-preview:-1"},"canonical":"https:\/\/www.revistarambla.com\/en\/andres-farrugia-y-foco-el-ex-gerente-de-la-ca-demandara-al-medio\/","og_locale":"en_GB","og_type":"article","og_title":"Andres Farrugia y Foco: el ex gerente de la CA demandar\u00e1 al medio - Revista Rambla","og_description":"El enfrentamiento Andr\u00e9s Farrugia Foco continuar\u00e1 en la justicia, el ex gerente de la Caja de Ahorros (CA) renunci\u00f3 a su cargo y anunci\u00f3 que tomar\u00e1 acciones legales contra medios que quieren ensuciar su reputaci\u00f3n con fines pol\u00edticos, m\u00e1s adelante en este post te podr\u00e1s enterar sobre todo lo sucedido [&hellip;]","og_url":"https:\/\/www.revistarambla.com\/en\/andres-farrugia-y-foco-el-ex-gerente-de-la-ca-demandara-al-medio\/","og_site_name":"Revista Rambla","article_publisher":"https:\/\/www.facebook.com\/revistarambla\/","article_author":"https:\/\/www.facebook.com\/revistarambla","article_published_time":"2021-07-07T14:32:06+00:00","article_modified_time":"2021-07-13T16:08:37+00:00","og_image":[{"width":320,"height":207,"url":"https:\/\/i0.wp.com\/www.revistarambla.com\/wp-content\/uploads\/2021\/07\/image1-2.jpg?fit=320%2C207&ssl=1","type":"image\/jpeg"}],"author":"R@mbla","twitter_card":"summary_large_image","twitter_creator":"@revistarambla","twitter_site":"@revistarambla","twitter_misc":{"Written by":"R@mbla","Estimated reading time":"4 minutes"},"schema":{"@context":"https:\/\/schema.org","@graph":[{"@type":"Article","@id":"https:\/\/www.revistarambla.com\/andres-farrugia-y-foco-el-ex-gerente-de-la-ca-demandara-al-medio\/#article","isPartOf":{"@id":"https:\/\/www.revistarambla.com\/andres-farrugia-y-foco-el-ex-gerente-de-la-ca-demandara-al-medio\/"},"author":{"name":"R@mbla","@id":"https:\/\/www.revistarambla.com\/#\/schema\/person\/a146a5a2550b94981a75131180e1bd9c"},"headline":"Andres Farrugia y Foco: el ex gerente de la CA demandar\u00e1 al medio","datePublished":"2021-07-07T14:32:06+00:00","dateModified":"2021-07-13T16:08:37+00:00","mainEntityOfPage":{"@id":"https:\/\/www.revistarambla.com\/andres-farrugia-y-foco-el-ex-gerente-de-la-ca-demandara-al-medio\/"},"wordCount":855,"commentCount":0,"publisher":{"@id":"https:\/\/www.revistarambla.com\/#organization"},"image":{"@id":"https:\/\/www.revistarambla.com\/andres-farrugia-y-foco-el-ex-gerente-de-la-ca-demandara-al-medio\/#primaryimage"},"thumbnailUrl":"https:\/\/www.revistarambla.com\/wp-content\/uploads\/2021\/07\/image1-2.jpg","articleSection":["Noticias de la vida"],"inLanguage":"en-GB","potentialAction":[{"@type":"CommentAction","name":"Comment","target":["https:\/\/www.revistarambla.com\/andres-farrugia-y-foco-el-ex-gerente-de-la-ca-demandara-al-medio\/#respond"]}]},{"@type":"WebPage","@id":"https:\/\/www.revistarambla.com\/andres-farrugia-y-foco-el-ex-gerente-de-la-ca-demandara-al-medio\/","url":"https:\/\/www.revistarambla.com\/andres-farrugia-y-foco-el-ex-gerente-de-la-ca-demandara-al-medio\/","name":"Andres Farrugia y Foco: el ex gerente de la CA demandar\u00e1 al medio - Revista Rambla","isPartOf":{"@id":"https:\/\/www.revistarambla.com\/#website"},"primaryImageOfPage":{"@id":"https:\/\/www.revistarambla.com\/andres-farrugia-y-foco-el-ex-gerente-de-la-ca-demandara-al-medio\/#primaryimage"},"image":{"@id":"https:\/\/www.revistarambla.com\/andres-farrugia-y-foco-el-ex-gerente-de-la-ca-demandara-al-medio\/#primaryimage"},"thumbnailUrl":"https:\/\/www.revistarambla.com\/wp-content\/uploads\/2021\/07\/image1-2.jpg","datePublished":"2021-07-07T14:32:06+00:00","dateModified":"2021-07-13T16:08:37+00:00","breadcrumb":{"@id":"https:\/\/www.revistarambla.com\/andres-farrugia-y-foco-el-ex-gerente-de-la-ca-demandara-al-medio\/#breadcrumb"},"inLanguage":"en-GB","potentialAction":[{"@type":"ReadAction","target":["https:\/\/www.revistarambla.com\/andres-farrugia-y-foco-el-ex-gerente-de-la-ca-demandara-al-medio\/"]}]},{"@type":"ImageObject","inLanguage":"en-GB","@id":"https:\/\/www.revistarambla.com\/andres-farrugia-y-foco-el-ex-gerente-de-la-ca-demandara-al-medio\/#primaryimage","url":"https:\/\/www.revistarambla.com\/wp-content\/uploads\/2021\/07\/image1-2.jpg","contentUrl":"https:\/\/www.revistarambla.com\/wp-content\/uploads\/2021\/07\/image1-2.jpg","width":320,"height":207},{"@type":"BreadcrumbList","@id":"https:\/\/www.revistarambla.com\/andres-farrugia-y-foco-el-ex-gerente-de-la-ca-demandara-al-medio\/#breadcrumb","itemListElement":[{"@type":"ListItem","position":1,"name":"Portada","item":"https:\/\/www.revistarambla.com\/"},{"@type":"ListItem","position":2,"name":"Andres Farrugia y Foco: el ex gerente de la CA demandar\u00e1 al medio"}]},{"@type":"WebSite","@id":"https:\/\/www.revistarambla.com\/#website","url":"https:\/\/www.revistarambla.com\/","name":"Revista Rambla Barcelona","description":"Periodismo independiente","publisher":{"@id":"https:\/\/www.revistarambla.com\/#organization"},"potentialAction":[{"@type":"SearchAction","target":{"@type":"EntryPoint","urlTemplate":"https:\/\/www.revistarambla.com\/?s={search_term_string}"},"query-input":{"@type":"PropertyValueSpecification","valueRequired":true,"valueName":"search_term_string"}}],"inLanguage":"en-GB"},{"@type":"Organization","@id":"https:\/\/www.revistarambla.com\/#organization","name":"Revista Rambla","url":"https:\/\/www.revistarambla.com\/","logo":{"@type":"ImageObject","inLanguage":"en-GB","@id":"https:\/\/www.revistarambla.com\/#\/schema\/logo\/image\/","url":"https:\/\/www.revistarambla.com\/wp-content\/uploads\/2020\/09\/banner_rambla_1900x600_BB.png","contentUrl":"https:\/\/www.revistarambla.com\/wp-content\/uploads\/2020\/09\/banner_rambla_1900x600_BB.png","width":1900,"height":600,"caption":"Revista Rambla"},"image":{"@id":"https:\/\/www.revistarambla.com\/#\/schema\/logo\/image\/"},"sameAs":["https:\/\/www.facebook.com\/revistarambla\/","https:\/\/x.com\/revistarambla","https:\/\/www.instagram.com\/revista_rambla","https:\/\/es.linkedin.com\/company\/revista-rambla"]},{"@type":"Person","@id":"https:\/\/www.revistarambla.com\/#\/schema\/person\/a146a5a2550b94981a75131180e1bd9c","name":"R@mbla","description":"Este art\u00edculo ha sido redactado y\/o validado por el equipo de redacci\u00f3n de Revista Rambla.","sameAs":["https:\/\/www.revistarambla.com\/","https:\/\/www.facebook.com\/revistarambla","https:\/\/x.com\/revistarambla"]}]}},"_links":{"self":[{"href":"https:\/\/www.revistarambla.com\/en\/wp-json\/wp\/v2\/posts\/34222","targetHints":{"allow":["GET"]}}],"collection":[{"href":"https:\/\/www.revistarambla.com\/en\/wp-json\/wp\/v2\/posts"}],"about":[{"href":"https:\/\/www.revistarambla.com\/en\/wp-json\/wp\/v2\/types\/post"}],"author":[{"embeddable":true,"href":"https:\/\/www.revistarambla.com\/en\/wp-json\/wp\/v2\/users\/3"}],"replies":[{"embeddable":true,"href":"https:\/\/www.revistarambla.com\/en\/wp-json\/wp\/v2\/comments?post=34222"}],"version-history":[{"count":0,"href":"https:\/\/www.revistarambla.com\/en\/wp-json\/wp\/v2\/posts\/34222\/revisions"}],"wp:featuredmedia":[{"embeddable":true,"href":"https:\/\/www.revistarambla.com\/en\/wp-json\/wp\/v2\/media\/34223"}],"wp:attachment":[{"href":"https:\/\/www.revistarambla.com\/en\/wp-json\/wp\/v2\/media?parent=34222"}],"wp:term":[{"taxonomy":"category","embeddable":true,"href":"https:\/\/www.revistarambla.com\/en\/wp-json\/wp\/v2\/categories?post=34222"},{"taxonomy":"post_tag","embeddable":true,"href":"https:\/\/www.revistarambla.com\/en\/wp-json\/wp\/v2\/tags?post=34222"}],"curies":[{"name":"wp","href":"https:\/\/api.w.org\/{rel}","templated":true}]}}