{"id":3417,"date":"2013-05-24T09:42:38","date_gmt":"2013-05-24T09:42:38","guid":{"rendered":"https:\/\/www.revistarambla.com\/las-siestas-de-polly-de-peter-newell\/"},"modified":"2021-10-23T17:23:21","modified_gmt":"2021-10-23T15:23:21","slug":"las-siestas-de-polly-de-peter-newell","status":"publish","type":"post","link":"https:\/\/www.revistarambla.com\/en\/las-siestas-de-polly-de-peter-newell\/","title":{"rendered":"&#8216;Las siestas de Polly&#8217; de Peter Newell"},"content":{"rendered":"<p><img decoding=\"async\" class=\"aligncenter\" src=\"https:\/\/www.revistarambla.com\/wp-content\/uploads\/2013\/05\/Newell_02.jpg\" alt=\"alt\" width=\"700\" height=\"444\" \/><\/p>\n<p>\u201cEl sue\u00f1o. Mundo secreto y encantado que s\u00f3lo los poetas y los ni\u00f1os consiguen entender del todo. Tan distinto del de la vigilia, maravilloso y oscuro y, sin embargo, capaz de desvelarnos realidades que son desconocidas. Peter Newell nos habla de los sue\u00f1os de Polly. Emociones, deseos y temores que cobran vida en dibujos de trazo tan sencillo como refinado. Y se llenan de color. Con colores a los que, a lo largo de meses de trabajo, hemos tratado de quitar la p\u00e1tina del tiempo, restituyendo \u2013interpretando a veces- tonalidades y matices que la imprenta de entonces hab\u00eda castigado. Esperamos haberlo conseguido\u201d.<\/p>\n<p>De esta forma nos presentan los editores de Impedimenta esta peque\u00f1a joya (de 11 por 11,5 cm) de uno de los padres de la historieta estadounidense de principios del siglo XX. Porque Newell fue maestro del padre de la tira de Little Nemo, Winsor McCay, que por cierto tiene mucho que ver con esta obra. Newell public\u00f3 su obra maestra, Las siestas de Polly (The Naps of Polly Sleepyhead), entre los a\u00f1os 1905 y 1907, en el Chicago Tribune.<\/p>\n<p>Polly es una peque\u00f1a ni\u00f1a que tiene tendencia a quedarse dormida en los lugares m\u00e1s insospechados y so\u00f1ar con lo \u00faltimo que ven sus ojos. Con gran imaginaci\u00f3n on\u00edrica, la cotidianidad de Polly se transforma en un mundo sorprendente, a veces amenazante, y siempre especial y m\u00e1gico. Polly puede parecer perezosa por su afici\u00f3n a dormir la siesta all\u00ed donde se encuentre, pero quiz\u00e1 Polly tiene la facultad de ver m\u00e1s all\u00e1 que nosotros. Es cuando duerme cuando se despiertan sus sentidos, entonces aparecen ara\u00f1as gigantes, perros que andan a dos patas para acompa\u00f1arla en un paseo o gatos que tocan el banjo. En fin, una pieza para disfrutar y coleccionar. Y para los buscadores de misterios, les apunto lo parecido de del nombre de Polly con el nombre de Polia, la amada en los sue\u00f1os de Pol\u00edfilo, el protagonista de un libro extra\u00f1o del siglo XV y que fue el texto de cabecera de una rara sociedad secreta donde abundaban los escritores, me refiero a la Sociedad de la Niebla y al libro El sue\u00f1o de Pol\u00edfilo.<\/p>","protected":false},"excerpt":{"rendered":"<p>\u201cEl sue\u00f1o. Mundo secreto y encantado que s\u00f3lo los poetas y los ni\u00f1os consiguen entender del todo. Tan distinto del de la vigilia, maravilloso y oscuro y, sin embargo, capaz de desvelarnos realidades que son desconocidas. Peter Newell nos habla de los sue\u00f1os de Polly. Emociones, deseos y temores que [&hellip;]<\/p>\n","protected":false},"author":3,"featured_media":0,"comment_status":"open","ping_status":"open","sticky":false,"template":"","format":"standard","meta":{"footnotes":""},"categories":[4,60],"tags":[],"class_list":["post-3417","post","type-post","status-publish","format-standard","hentry","category-cultura","category-libros"],"yoast_head":"<!-- This site is optimized with the Yoast SEO plugin v27.5 - https:\/\/yoast.com\/product\/yoast-seo-wordpress\/ -->\n<title>&#039;Las siestas de Polly&#039; de Peter Newell - Revista Rambla<\/title>\n<meta name=\"robots\" content=\"index, follow, max-snippet:-1, max-image-preview:large, max-video-preview:-1\" \/>\n<link rel=\"canonical\" href=\"https:\/\/www.revistarambla.com\/en\/las-siestas-de-polly-de-peter-newell\/\" \/>\n<meta property=\"og:locale\" content=\"en_GB\" \/>\n<meta property=\"og:type\" content=\"article\" \/>\n<meta property=\"og:title\" content=\"&#039;Las siestas de Polly&#039; de Peter Newell - Revista Rambla\" \/>\n<meta property=\"og:description\" content=\"\u201cEl sue\u00f1o. Mundo secreto y encantado que s\u00f3lo los poetas y los ni\u00f1os consiguen entender del todo. Tan distinto del de la vigilia, maravilloso y oscuro y, sin embargo, capaz de desvelarnos realidades que son desconocidas. Peter Newell nos habla de los sue\u00f1os de Polly. Emociones, deseos y temores que [&hellip;]\" \/>\n<meta property=\"og:url\" content=\"https:\/\/www.revistarambla.com\/en\/las-siestas-de-polly-de-peter-newell\/\" \/>\n<meta property=\"og:site_name\" content=\"Revista Rambla\" \/>\n<meta property=\"article:publisher\" content=\"https:\/\/www.facebook.com\/revistarambla\/\" \/>\n<meta property=\"article:author\" content=\"https:\/\/www.facebook.com\/revistarambla\" \/>\n<meta property=\"article:published_time\" content=\"2013-05-24T09:42:38+00:00\" \/>\n<meta property=\"article:modified_time\" content=\"2021-10-23T15:23:21+00:00\" \/>\n<meta property=\"og:image\" content=\"https:\/\/i0.wp.com\/www.revistarambla.com\/wp-content\/uploads\/2013\/05\/Newell_01.jpg?fit=682%2C450&ssl=1\" \/>\n\t<meta property=\"og:image:width\" content=\"682\" \/>\n\t<meta property=\"og:image:height\" content=\"450\" \/>\n\t<meta property=\"og:image:type\" content=\"image\/jpeg\" \/>\n<meta name=\"author\" content=\"R@mbla\" \/>\n<meta name=\"twitter:card\" content=\"summary_large_image\" \/>\n<meta name=\"twitter:creator\" content=\"@revistarambla\" \/>\n<meta name=\"twitter:site\" content=\"@revistarambla\" \/>\n<meta name=\"twitter:label1\" content=\"Written by\" \/>\n\t<meta name=\"twitter:data1\" content=\"R@mbla\" \/>\n\t<meta name=\"twitter:label2\" content=\"Estimated reading time\" \/>\n\t<meta name=\"twitter:data2\" content=\"2 minutes\" \/>\n<script type=\"application\/ld+json\" class=\"yoast-schema-graph\">{\"@context\":\"https:\\\/\\\/schema.org\",\"@graph\":[{\"@type\":\"Article\",\"@id\":\"https:\\\/\\\/www.revistarambla.com\\\/las-siestas-de-polly-de-peter-newell\\\/#article\",\"isPartOf\":{\"@id\":\"https:\\\/\\\/www.revistarambla.com\\\/las-siestas-de-polly-de-peter-newell\\\/\"},\"author\":{\"name\":\"R@mbla\",\"@id\":\"https:\\\/\\\/www.revistarambla.com\\\/#\\\/schema\\\/person\\\/a146a5a2550b94981a75131180e1bd9c\"},\"headline\":\"&#8216;Las siestas de Polly&#8217; de Peter Newell\",\"datePublished\":\"2013-05-24T09:42:38+00:00\",\"dateModified\":\"2021-10-23T15:23:21+00:00\",\"mainEntityOfPage\":{\"@id\":\"https:\\\/\\\/www.revistarambla.com\\\/las-siestas-de-polly-de-peter-newell\\\/\"},\"wordCount\":386,\"commentCount\":0,\"publisher\":{\"@id\":\"https:\\\/\\\/www.revistarambla.com\\\/#organization\"},\"image\":{\"@id\":\"https:\\\/\\\/www.revistarambla.com\\\/las-siestas-de-polly-de-peter-newell\\\/#primaryimage\"},\"thumbnailUrl\":\"https:\\\/\\\/www.revistarambla.com\\\/wp-content\\\/uploads\\\/2013\\\/05\\\/Newell_02.jpg\",\"articleSection\":[\"Cultura\",\"Libros\"],\"inLanguage\":\"en-GB\",\"potentialAction\":[{\"@type\":\"CommentAction\",\"name\":\"Comment\",\"target\":[\"https:\\\/\\\/www.revistarambla.com\\\/las-siestas-de-polly-de-peter-newell\\\/#respond\"]}]},{\"@type\":\"WebPage\",\"@id\":\"https:\\\/\\\/www.revistarambla.com\\\/las-siestas-de-polly-de-peter-newell\\\/\",\"url\":\"https:\\\/\\\/www.revistarambla.com\\\/las-siestas-de-polly-de-peter-newell\\\/\",\"name\":\"'Las siestas de Polly' de Peter Newell - Revista Rambla\",\"isPartOf\":{\"@id\":\"https:\\\/\\\/www.revistarambla.com\\\/#website\"},\"primaryImageOfPage\":{\"@id\":\"https:\\\/\\\/www.revistarambla.com\\\/las-siestas-de-polly-de-peter-newell\\\/#primaryimage\"},\"image\":{\"@id\":\"https:\\\/\\\/www.revistarambla.com\\\/las-siestas-de-polly-de-peter-newell\\\/#primaryimage\"},\"thumbnailUrl\":\"https:\\\/\\\/www.revistarambla.com\\\/wp-content\\\/uploads\\\/2013\\\/05\\\/Newell_02.jpg\",\"datePublished\":\"2013-05-24T09:42:38+00:00\",\"dateModified\":\"2021-10-23T15:23:21+00:00\",\"breadcrumb\":{\"@id\":\"https:\\\/\\\/www.revistarambla.com\\\/las-siestas-de-polly-de-peter-newell\\\/#breadcrumb\"},\"inLanguage\":\"en-GB\",\"potentialAction\":[{\"@type\":\"ReadAction\",\"target\":[\"https:\\\/\\\/www.revistarambla.com\\\/las-siestas-de-polly-de-peter-newell\\\/\"]}]},{\"@type\":\"ImageObject\",\"inLanguage\":\"en-GB\",\"@id\":\"https:\\\/\\\/www.revistarambla.com\\\/las-siestas-de-polly-de-peter-newell\\\/#primaryimage\",\"url\":\"https:\\\/\\\/www.revistarambla.com\\\/wp-content\\\/uploads\\\/2013\\\/05\\\/Newell_02.jpg\",\"contentUrl\":\"https:\\\/\\\/www.revistarambla.com\\\/wp-content\\\/uploads\\\/2013\\\/05\\\/Newell_02.jpg\"},{\"@type\":\"BreadcrumbList\",\"@id\":\"https:\\\/\\\/www.revistarambla.com\\\/las-siestas-de-polly-de-peter-newell\\\/#breadcrumb\",\"itemListElement\":[{\"@type\":\"ListItem\",\"position\":1,\"name\":\"Portada\",\"item\":\"https:\\\/\\\/www.revistarambla.com\\\/\"},{\"@type\":\"ListItem\",\"position\":2,\"name\":\"&#8216;Las siestas de Polly&#8217; de Peter Newell\"}]},{\"@type\":\"WebSite\",\"@id\":\"https:\\\/\\\/www.revistarambla.com\\\/#website\",\"url\":\"https:\\\/\\\/www.revistarambla.com\\\/\",\"name\":\"Revista Rambla Barcelona\",\"description\":\"Periodismo independiente\",\"publisher\":{\"@id\":\"https:\\\/\\\/www.revistarambla.com\\\/#organization\"},\"potentialAction\":[{\"@type\":\"SearchAction\",\"target\":{\"@type\":\"EntryPoint\",\"urlTemplate\":\"https:\\\/\\\/www.revistarambla.com\\\/?s={search_term_string}\"},\"query-input\":{\"@type\":\"PropertyValueSpecification\",\"valueRequired\":true,\"valueName\":\"search_term_string\"}}],\"inLanguage\":\"en-GB\"},{\"@type\":\"Organization\",\"@id\":\"https:\\\/\\\/www.revistarambla.com\\\/#organization\",\"name\":\"Revista Rambla\",\"url\":\"https:\\\/\\\/www.revistarambla.com\\\/\",\"logo\":{\"@type\":\"ImageObject\",\"inLanguage\":\"en-GB\",\"@id\":\"https:\\\/\\\/www.revistarambla.com\\\/#\\\/schema\\\/logo\\\/image\\\/\",\"url\":\"https:\\\/\\\/www.revistarambla.com\\\/wp-content\\\/uploads\\\/2020\\\/09\\\/banner_rambla_1900x600_BB.png\",\"contentUrl\":\"https:\\\/\\\/www.revistarambla.com\\\/wp-content\\\/uploads\\\/2020\\\/09\\\/banner_rambla_1900x600_BB.png\",\"width\":1900,\"height\":600,\"caption\":\"Revista Rambla\"},\"image\":{\"@id\":\"https:\\\/\\\/www.revistarambla.com\\\/#\\\/schema\\\/logo\\\/image\\\/\"},\"sameAs\":[\"https:\\\/\\\/www.facebook.com\\\/revistarambla\\\/\",\"https:\\\/\\\/x.com\\\/revistarambla\",\"https:\\\/\\\/www.instagram.com\\\/revista_rambla\",\"https:\\\/\\\/es.linkedin.com\\\/company\\\/revista-rambla\"]},{\"@type\":\"Person\",\"@id\":\"https:\\\/\\\/www.revistarambla.com\\\/#\\\/schema\\\/person\\\/a146a5a2550b94981a75131180e1bd9c\",\"name\":\"R@mbla\",\"description\":\"Este art\u00edculo ha sido redactado y\\\/o validado por el equipo de redacci\u00f3n de Revista Rambla.\",\"sameAs\":[\"https:\\\/\\\/www.revistarambla.com\\\/\",\"https:\\\/\\\/www.facebook.com\\\/revistarambla\",\"https:\\\/\\\/x.com\\\/revistarambla\"]}]}<\/script>\n<!-- \/ Yoast SEO plugin. -->","yoast_head_json":{"title":"'Las siestas de Polly' de Peter Newell - Revista Rambla","robots":{"index":"index","follow":"follow","max-snippet":"max-snippet:-1","max-image-preview":"max-image-preview:large","max-video-preview":"max-video-preview:-1"},"canonical":"https:\/\/www.revistarambla.com\/en\/las-siestas-de-polly-de-peter-newell\/","og_locale":"en_GB","og_type":"article","og_title":"'Las siestas de Polly' de Peter Newell - Revista Rambla","og_description":"\u201cEl sue\u00f1o. Mundo secreto y encantado que s\u00f3lo los poetas y los ni\u00f1os consiguen entender del todo. Tan distinto del de la vigilia, maravilloso y oscuro y, sin embargo, capaz de desvelarnos realidades que son desconocidas. Peter Newell nos habla de los sue\u00f1os de Polly. Emociones, deseos y temores que [&hellip;]","og_url":"https:\/\/www.revistarambla.com\/en\/las-siestas-de-polly-de-peter-newell\/","og_site_name":"Revista Rambla","article_publisher":"https:\/\/www.facebook.com\/revistarambla\/","article_author":"https:\/\/www.facebook.com\/revistarambla","article_published_time":"2013-05-24T09:42:38+00:00","article_modified_time":"2021-10-23T15:23:21+00:00","og_image":[{"width":682,"height":450,"url":"https:\/\/i0.wp.com\/www.revistarambla.com\/wp-content\/uploads\/2013\/05\/Newell_01.jpg?fit=682%2C450&ssl=1","type":"image\/jpeg"}],"author":"R@mbla","twitter_card":"summary_large_image","twitter_creator":"@revistarambla","twitter_site":"@revistarambla","twitter_misc":{"Written by":"R@mbla","Estimated reading time":"2 minutes"},"schema":{"@context":"https:\/\/schema.org","@graph":[{"@type":"Article","@id":"https:\/\/www.revistarambla.com\/las-siestas-de-polly-de-peter-newell\/#article","isPartOf":{"@id":"https:\/\/www.revistarambla.com\/las-siestas-de-polly-de-peter-newell\/"},"author":{"name":"R@mbla","@id":"https:\/\/www.revistarambla.com\/#\/schema\/person\/a146a5a2550b94981a75131180e1bd9c"},"headline":"&#8216;Las siestas de Polly&#8217; de Peter Newell","datePublished":"2013-05-24T09:42:38+00:00","dateModified":"2021-10-23T15:23:21+00:00","mainEntityOfPage":{"@id":"https:\/\/www.revistarambla.com\/las-siestas-de-polly-de-peter-newell\/"},"wordCount":386,"commentCount":0,"publisher":{"@id":"https:\/\/www.revistarambla.com\/#organization"},"image":{"@id":"https:\/\/www.revistarambla.com\/las-siestas-de-polly-de-peter-newell\/#primaryimage"},"thumbnailUrl":"https:\/\/www.revistarambla.com\/wp-content\/uploads\/2013\/05\/Newell_02.jpg","articleSection":["Cultura","Libros"],"inLanguage":"en-GB","potentialAction":[{"@type":"CommentAction","name":"Comment","target":["https:\/\/www.revistarambla.com\/las-siestas-de-polly-de-peter-newell\/#respond"]}]},{"@type":"WebPage","@id":"https:\/\/www.revistarambla.com\/las-siestas-de-polly-de-peter-newell\/","url":"https:\/\/www.revistarambla.com\/las-siestas-de-polly-de-peter-newell\/","name":"'Las siestas de Polly' de Peter Newell - Revista Rambla","isPartOf":{"@id":"https:\/\/www.revistarambla.com\/#website"},"primaryImageOfPage":{"@id":"https:\/\/www.revistarambla.com\/las-siestas-de-polly-de-peter-newell\/#primaryimage"},"image":{"@id":"https:\/\/www.revistarambla.com\/las-siestas-de-polly-de-peter-newell\/#primaryimage"},"thumbnailUrl":"https:\/\/www.revistarambla.com\/wp-content\/uploads\/2013\/05\/Newell_02.jpg","datePublished":"2013-05-24T09:42:38+00:00","dateModified":"2021-10-23T15:23:21+00:00","breadcrumb":{"@id":"https:\/\/www.revistarambla.com\/las-siestas-de-polly-de-peter-newell\/#breadcrumb"},"inLanguage":"en-GB","potentialAction":[{"@type":"ReadAction","target":["https:\/\/www.revistarambla.com\/las-siestas-de-polly-de-peter-newell\/"]}]},{"@type":"ImageObject","inLanguage":"en-GB","@id":"https:\/\/www.revistarambla.com\/las-siestas-de-polly-de-peter-newell\/#primaryimage","url":"https:\/\/www.revistarambla.com\/wp-content\/uploads\/2013\/05\/Newell_02.jpg","contentUrl":"https:\/\/www.revistarambla.com\/wp-content\/uploads\/2013\/05\/Newell_02.jpg"},{"@type":"BreadcrumbList","@id":"https:\/\/www.revistarambla.com\/las-siestas-de-polly-de-peter-newell\/#breadcrumb","itemListElement":[{"@type":"ListItem","position":1,"name":"Portada","item":"https:\/\/www.revistarambla.com\/"},{"@type":"ListItem","position":2,"name":"&#8216;Las siestas de Polly&#8217; de Peter Newell"}]},{"@type":"WebSite","@id":"https:\/\/www.revistarambla.com\/#website","url":"https:\/\/www.revistarambla.com\/","name":"Revista Rambla Barcelona","description":"Periodismo independiente","publisher":{"@id":"https:\/\/www.revistarambla.com\/#organization"},"potentialAction":[{"@type":"SearchAction","target":{"@type":"EntryPoint","urlTemplate":"https:\/\/www.revistarambla.com\/?s={search_term_string}"},"query-input":{"@type":"PropertyValueSpecification","valueRequired":true,"valueName":"search_term_string"}}],"inLanguage":"en-GB"},{"@type":"Organization","@id":"https:\/\/www.revistarambla.com\/#organization","name":"Revista Rambla","url":"https:\/\/www.revistarambla.com\/","logo":{"@type":"ImageObject","inLanguage":"en-GB","@id":"https:\/\/www.revistarambla.com\/#\/schema\/logo\/image\/","url":"https:\/\/www.revistarambla.com\/wp-content\/uploads\/2020\/09\/banner_rambla_1900x600_BB.png","contentUrl":"https:\/\/www.revistarambla.com\/wp-content\/uploads\/2020\/09\/banner_rambla_1900x600_BB.png","width":1900,"height":600,"caption":"Revista Rambla"},"image":{"@id":"https:\/\/www.revistarambla.com\/#\/schema\/logo\/image\/"},"sameAs":["https:\/\/www.facebook.com\/revistarambla\/","https:\/\/x.com\/revistarambla","https:\/\/www.instagram.com\/revista_rambla","https:\/\/es.linkedin.com\/company\/revista-rambla"]},{"@type":"Person","@id":"https:\/\/www.revistarambla.com\/#\/schema\/person\/a146a5a2550b94981a75131180e1bd9c","name":"R@mbla","description":"Este art\u00edculo ha sido redactado y\/o validado por el equipo de redacci\u00f3n de Revista Rambla.","sameAs":["https:\/\/www.revistarambla.com\/","https:\/\/www.facebook.com\/revistarambla","https:\/\/x.com\/revistarambla"]}]}},"_links":{"self":[{"href":"https:\/\/www.revistarambla.com\/en\/wp-json\/wp\/v2\/posts\/3417","targetHints":{"allow":["GET"]}}],"collection":[{"href":"https:\/\/www.revistarambla.com\/en\/wp-json\/wp\/v2\/posts"}],"about":[{"href":"https:\/\/www.revistarambla.com\/en\/wp-json\/wp\/v2\/types\/post"}],"author":[{"embeddable":true,"href":"https:\/\/www.revistarambla.com\/en\/wp-json\/wp\/v2\/users\/3"}],"replies":[{"embeddable":true,"href":"https:\/\/www.revistarambla.com\/en\/wp-json\/wp\/v2\/comments?post=3417"}],"version-history":[{"count":0,"href":"https:\/\/www.revistarambla.com\/en\/wp-json\/wp\/v2\/posts\/3417\/revisions"}],"wp:attachment":[{"href":"https:\/\/www.revistarambla.com\/en\/wp-json\/wp\/v2\/media?parent=3417"}],"wp:term":[{"taxonomy":"category","embeddable":true,"href":"https:\/\/www.revistarambla.com\/en\/wp-json\/wp\/v2\/categories?post=3417"},{"taxonomy":"post_tag","embeddable":true,"href":"https:\/\/www.revistarambla.com\/en\/wp-json\/wp\/v2\/tags?post=3417"}],"curies":[{"name":"wp","href":"https:\/\/api.w.org\/{rel}","templated":true}]}}