{"id":34140,"date":"2021-07-02T13:29:27","date_gmt":"2021-07-02T11:29:27","guid":{"rendered":"https:\/\/www.revistarambla.com\/?p=34140"},"modified":"2021-12-07T16:11:19","modified_gmt":"2021-12-07T15:11:19","slug":"estan-las-democracias-formales-en-peligro-de-extincion","status":"publish","type":"post","link":"https:\/\/www.revistarambla.com\/en\/estan-las-democracias-formales-en-peligro-de-extincion\/","title":{"rendered":"\u00bfEst\u00e1n las democracias formales en peligro de extinci\u00f3n?"},"content":{"rendered":"<figure id=\"attachment_34141\" aria-describedby=\"caption-attachment-34141\" style=\"width: 799px\" class=\"wp-caption aligncenter\"><img decoding=\"async\" class=\"wp-image-34141 size-full\" src=\"https:\/\/www.revistarambla.com\/wp-content\/uploads\/2021\/07\/9298443861_794cf36973_c.jpg\" alt=\"\" width=\"799\" height=\"532\" srcset=\"https:\/\/www.revistarambla.com\/wp-content\/uploads\/2021\/07\/9298443861_794cf36973_c.jpg 799w, https:\/\/www.revistarambla.com\/wp-content\/uploads\/2021\/07\/9298443861_794cf36973_c-300x200.jpg 300w, https:\/\/www.revistarambla.com\/wp-content\/uploads\/2021\/07\/9298443861_794cf36973_c-768x511.jpg 768w\" sizes=\"(max-width: 799px) 100vw, 799px\" \/><figcaption id=\"caption-attachment-34141\" class=\"wp-caption-text\">Viktor Orb\u00e1n y Mariano Rajoy en el Congreso del Partido Popular Europeo de 2012. (European People&#8217;s Party \/ Flickr)<\/figcaption><\/figure>\n<p>Como explica el escritor Samuel Huntington en su libro \u201cThe Third Wave,\u201d (Tercera Ola, 1.991), el mundo ha pasado por tres olas de desestabilizaci\u00f3n y democratizaci\u00f3n. Seg\u00fan Huntington, una ola de democratizaci\u00f3n ser\u00eda \u201cun conjunto de transiciones de un r\u00e9gimen no democr\u00e1tico a otro democr\u00e1tico que ocurren en determinado per\u00edodo de tiempo y superan a las transiciones en direcci\u00f3n opuesta durante ese per\u00edodo y que tambi\u00e9n implica la liberalizaci\u00f3n o la democratizaci\u00f3n parcial de sistemas pol\u00edticos\u201d.<\/p>\n<p>As\u00ed, en el mundo moderno se habr\u00edan producido tres olas de democratizaci\u00f3n y cada una de ellas habr\u00eda afectado a un n\u00famero escaso de pa\u00edses y durante su transcurso algunos reg\u00edmenes de transici\u00f3n fueron en una direcci\u00f3n no democr\u00e1tica; pero no todas las transiciones hacia la democracia ocurren durante las olas democr\u00e1ticas.<\/p>\n<h3>Primera y Segunda Ola<\/h3>\n<p>La primera ola comenz\u00f3 en el siglo XIX y se extendi\u00f3 hasta la Gran Guerra y la segunda se produjo en los a\u00f1os posteriores a la Segunda Guerra Mundial y ambas fueron seguidas por una ola inversa, con pa\u00edses como Brasil, Espa\u00f1a, Portugal, Grecia, Granada, Brasil y Panam\u00e1 que debieron realizar una posterior transici\u00f3n hacia la democracia, completado en la d\u00e9cada de los 90 con la democratizaci\u00f3n de los pa\u00edses de la extinta URSS y Sud\u00e1frica.<\/p>\n<h3>Tercera ola de democratizaci\u00f3n (1974-1990)<\/h3>\n<p>En su an\u00e1lisis de la tercera ola mundial de las transiciones a la democracia (iniciada en 1974 con la Revoluci\u00f3n de los Claveles en Portugal), Samuel Huntington observ\u00f3 que las posibilidades de democratizaci\u00f3n aumentaron cuando estos pa\u00edses salieron de la pobreza y alcanzaron un nivel intermedio de desarrollo socioecon\u00f3mico, momento en el cual ingresaron en una zona de transici\u00f3n pol\u00edtica.<\/p>\n<p>Recordar que entre 1974 y 1990, m\u00e1s de treinta pa\u00edses en el sur de Europa, Am\u00e9rica Latina, el este de Asia y la Europa del este pasaron de un r\u00e9gimen autoritario a disfrutar de un sistema democr\u00e1tico de gobierno, todo ello en el marco de un tsunami global que quiz\u00e1 sea el acontecimiento pol\u00edtico m\u00e1s importante de las postrimer\u00edas del siglo XX.<\/p>\n<p>Seg\u00fan la tesis de Huntington, dicho sprint democr\u00e1tico se explicar\u00eda porque tras darse por finiquitada la distop\u00eda virtual de la Guerra Fr\u00eda las dictaduras militares habr\u00edan dejado de ser un instrumento \u00fatil para EUA en la lucha contra el comunismo y ya no ser\u00edan la soluci\u00f3n sino el problema.<\/p>\n<p>Adem\u00e1s, a pesar de que en los citados pa\u00edses no exist\u00eda una tradici\u00f3n de cultura democr\u00e1tica, r\u00e1pidamente entendieron que si el poder continuaba residiendo en una \u00e9lite que desconfiaba del sistema igualitario exportado por EUA, siempre gravitar\u00edan alrededor de la \u00e9gida de los intereses de dicha \u00e9lite, lo que imposibilitar\u00eda sine die la asunci\u00f3n del poder por la sociedad civil.<\/p>\n<p>As\u00ed, en 15 a\u00f1os la ola democratizadora se traslad\u00f3 por Europa del Sur, salt\u00f3 a Latinoam\u00e9rica, se traslad\u00f3 a Asia y finiquit\u00f3 los sistemas autoritarios de los pa\u00edses post-sovi\u00e9ticos, (de lo que ser\u00eda paradigma el hecho de que en 1974, ocho de los 10 pa\u00edses sudamericanos ten\u00edan gobiernos no democr\u00e1ticos y en 1990, 9 ten\u00edan ya gobiernos democr\u00e1ticamente elegidos), y seg\u00fan Freedom House, el 39% de la poblaci\u00f3n mundial viv\u00eda en pa\u00edses libres en 1990, disminuyendo por primera vez la cantidad absoluta de estados autoritarios.<\/p>\n<h3>Cuarta ola democratizadora (2003-2013)<\/h3>\n<p>La llamada \u201cprimavera \u00e1rabe\u201d (que tuvo su detonante en T\u00fanez y se extendi\u00f3 por mimetismo al resto de pa\u00edses \u00e1rabes del arco mediterr\u00e1neo, Yemen e Irak durante la d\u00e9cada 2003-2013), ser\u00eda la primera oleada de protestas laicas y democr\u00e1ticas del mundo \u00e1rabe en el siglo XXI, movimiento popular sin precedentes caracterizado por la exigencia de libertades democr\u00e1ticas frente a reg\u00edmenes corruptos y dictatoriales y la mejora de las condiciones de vida de una poblaci\u00f3n sumida en una pobreza severa y un desempleo estratosf\u00e9rico, contando adem\u00e1s en el caso de T\u00fanez y Egipto con el apoyo del Ej\u00e9rcito.<\/p>\n<p>Con dicha revoluci\u00f3n asistimos a la llegada a los pa\u00edses \u00e1rabes del arco mediterr\u00e1neo de la Cuarta Ola mundial de transiciones a la democracia, aunque Huntington no otorg\u00f3 en la d\u00e9cada de los 90 ning\u00fan potencial revolucionario a los pa\u00edses isl\u00e1micos, a pesar de reconocer \u201cla fuerza de la revuelta isl\u00e1mica y las ra\u00edces tan d\u00e9biles de sus respectivas democracias\u201d.<\/p>\n<p>Sin embargo, el golpe de mano realizado por el Ej\u00e9rcito egipcio contra Morsi podr\u00eda tener como efecto mim\u00e9tico la traslaci\u00f3n a las calles turcas y tunecinas de una campa\u00f1a de presi\u00f3n contra los \u00faltimos Gobiernos islamistas del arco mediterr\u00e1neo para lograr la intervenci\u00f3n del Ej\u00e9rcito con lo que asistir\u00edamos al ocaso de la primavera \u00e1rabe y a su posterior inmersi\u00f3n en la nueva estrategia de EUA para la zona tras el fracaso para EUA del experimento de exportaci\u00f3n del r\u00e9gimen islamista moderado y pro-occidental de Erdogan a todos los pa\u00edses que componen el tablero gigante del arco \u00e1rabe-mediterr\u00e1neo.<\/p>\n<h3>\u00bfNueva ola involucionista? (2013-2023)<\/h3>\n<p>Muchas de las elecciones democr\u00e1ticas de la \u00faltima d\u00e9cada han estado marcadas por acusaciones de fraude electoral (Nigeria, Ucrania, M\u00e9xico, Bielorrusia, Honduras, Costa de Marfil, Tailandia, Pakist\u00e1n y Afganist\u00e1n), aislamiento internacional de los gobiernos democr\u00e1ticamente elegidos (Bolivia, Ecuador, Venezuela, Nicaragua y Franja de Gaza); pseudo-elecciones para intentar edulcorar golpes de mano blandos (Honduras, Ucrania, Egipto, Paraguay y Vietnam) y aceptaci\u00f3n por la comunidad internacional de sistemas pol\u00edticos devenidos en meros gobiernos autocr\u00e1ticos (Georgia y Bielorrusia).<\/p>\n<p>La autocracia ser\u00eda una forma de Gobierno ejercida por una sola persona con un poder absoluto e ilimitado. Lo que confirma el aforismo de Lord Acton \u201cEl Poder tiende a corromper y el Poder absoluto, corrompe absolutamente\u201d. La autocracia ser\u00eda pues una especie de dictadura invisible sustentada en s\u00f3lidas estrategias de cohesi\u00f3n (manipulaci\u00f3n de masas y culto al l\u00edder) basadas en el control absoluto de los medios de comunicaci\u00f3n y la censura y desprestigio social de los individuos refractarios al mensaje del l\u00edder.<\/p>\n<p>De ello ser\u00edan paradigmas el primer ministro polaco Mateusz Morawiecki y el primer ministro h\u00fangaro, Viktor Orb\u00e1n que habr\u00eda convertido a Hungr\u00eda en la primera autocracia europea o \u201cdemocracia no liberal\u201d, doctrina que por mimetismo adoptar\u00e1n el resto de pa\u00edses del Grupo de Visegrado (Eslovaquia y Chequia).<\/p>\n<p>De todo ello se deduce que estar\u00edamos en v\u00edsperas de la irrupci\u00f3n en el escenario geopol\u00edtico de la nueva ola desestabilizadora mundial originada por causas econ\u00f3micas (el ocaso de la econom\u00eda global); culturales (el declive de las democracias formales occidentales debido a la cultura de la corrupci\u00f3n; el d\u00e9ficit democr\u00e1tico de EUA y la p\u00e9rdida de credibilidad democr\u00e1tica de incontables gobiernos de pa\u00edses occidentales y del Tercer Mundo) y geopol\u00edticas (la irrupci\u00f3n de un nuevo escenario geopol\u00edtico mundial tras el retorno al endemismo recurrente de la Guerra Fr\u00eda entre EUA y Rusia).<\/p>","protected":false},"excerpt":{"rendered":"<p>Como explica el escritor Samuel Huntington en su libro \u201cThe Third Wave,\u201d (Tercera Ola, 1.991), el mundo ha pasado por tres olas de desestabilizaci\u00f3n y democratizaci\u00f3n. Seg\u00fan Huntington, una ola de democratizaci\u00f3n ser\u00eda \u201cun conjunto de transiciones de un r\u00e9gimen no democr\u00e1tico a otro democr\u00e1tico que ocurren en determinado per\u00edodo [&hellip;]<\/p>\n","protected":false},"author":16,"featured_media":34141,"comment_status":"open","ping_status":"open","sticky":false,"template":"","format":"standard","meta":{"footnotes":""},"categories":[72],"tags":[],"class_list":["post-34140","post","type-post","status-publish","format-standard","has-post-thumbnail","hentry","category-opinion"],"yoast_head":"<!-- This site is optimized with the Yoast SEO plugin v27.5 - https:\/\/yoast.com\/product\/yoast-seo-wordpress\/ -->\n<title>\u00bfEst\u00e1n las democracias formales en peligro de extinci\u00f3n? - Revista Rambla<\/title>\n<meta name=\"robots\" content=\"index, follow, max-snippet:-1, max-image-preview:large, max-video-preview:-1\" \/>\n<link rel=\"canonical\" href=\"https:\/\/www.revistarambla.com\/en\/estan-las-democracias-formales-en-peligro-de-extincion\/\" \/>\n<meta property=\"og:locale\" content=\"en_GB\" \/>\n<meta property=\"og:type\" content=\"article\" \/>\n<meta property=\"og:title\" content=\"\u00bfEst\u00e1n las democracias formales en peligro de extinci\u00f3n? - Revista Rambla\" \/>\n<meta property=\"og:description\" content=\"Como explica el escritor Samuel Huntington en su libro \u201cThe Third Wave,\u201d (Tercera Ola, 1.991), el mundo ha pasado por tres olas de desestabilizaci\u00f3n y democratizaci\u00f3n. Seg\u00fan Huntington, una ola de democratizaci\u00f3n ser\u00eda \u201cun conjunto de transiciones de un r\u00e9gimen no democr\u00e1tico a otro democr\u00e1tico que ocurren en determinado per\u00edodo [&hellip;]\" \/>\n<meta property=\"og:url\" content=\"https:\/\/www.revistarambla.com\/en\/estan-las-democracias-formales-en-peligro-de-extincion\/\" \/>\n<meta property=\"og:site_name\" content=\"Revista Rambla\" \/>\n<meta property=\"article:publisher\" content=\"https:\/\/www.facebook.com\/revistarambla\/\" \/>\n<meta property=\"article:published_time\" content=\"2021-07-02T11:29:27+00:00\" \/>\n<meta property=\"article:modified_time\" content=\"2021-12-07T15:11:19+00:00\" \/>\n<meta property=\"og:image\" content=\"https:\/\/www.revistarambla.com\/wp-content\/uploads\/2021\/07\/9298443861_794cf36973_c.jpg\" \/>\n\t<meta property=\"og:image:width\" content=\"799\" \/>\n\t<meta property=\"og:image:height\" content=\"532\" \/>\n\t<meta property=\"og:image:type\" content=\"image\/jpeg\" \/>\n<meta name=\"author\" content=\"Germ\u00e1n Gorraiz L\u00f3pez\" \/>\n<meta name=\"twitter:card\" content=\"summary_large_image\" \/>\n<meta name=\"twitter:creator\" content=\"@revistarambla\" \/>\n<meta name=\"twitter:site\" content=\"@revistarambla\" \/>\n<meta name=\"twitter:label1\" content=\"Written by\" \/>\n\t<meta name=\"twitter:data1\" content=\"Germ\u00e1n Gorraiz L\u00f3pez\" \/>\n\t<meta name=\"twitter:label2\" content=\"Estimated reading time\" \/>\n\t<meta name=\"twitter:data2\" content=\"6 minutes\" \/>\n<script type=\"application\/ld+json\" class=\"yoast-schema-graph\">{\"@context\":\"https:\\\/\\\/schema.org\",\"@graph\":[{\"@type\":\"Article\",\"@id\":\"https:\\\/\\\/www.revistarambla.com\\\/estan-las-democracias-formales-en-peligro-de-extincion\\\/#article\",\"isPartOf\":{\"@id\":\"https:\\\/\\\/www.revistarambla.com\\\/estan-las-democracias-formales-en-peligro-de-extincion\\\/\"},\"author\":{\"name\":\"Germ\u00e1n Gorraiz L\u00f3pez\",\"@id\":\"https:\\\/\\\/www.revistarambla.com\\\/#\\\/schema\\\/person\\\/23a7868ff10cd88f8fdb045c7b7e4a4d\"},\"headline\":\"\u00bfEst\u00e1n las democracias formales en peligro de extinci\u00f3n?\",\"datePublished\":\"2021-07-02T11:29:27+00:00\",\"dateModified\":\"2021-12-07T15:11:19+00:00\",\"mainEntityOfPage\":{\"@id\":\"https:\\\/\\\/www.revistarambla.com\\\/estan-las-democracias-formales-en-peligro-de-extincion\\\/\"},\"wordCount\":1270,\"commentCount\":0,\"publisher\":{\"@id\":\"https:\\\/\\\/www.revistarambla.com\\\/#organization\"},\"image\":{\"@id\":\"https:\\\/\\\/www.revistarambla.com\\\/estan-las-democracias-formales-en-peligro-de-extincion\\\/#primaryimage\"},\"thumbnailUrl\":\"https:\\\/\\\/www.revistarambla.com\\\/wp-content\\\/uploads\\\/2021\\\/07\\\/9298443861_794cf36973_c.jpg\",\"articleSection\":[\"Opiniones\"],\"inLanguage\":\"en-GB\",\"potentialAction\":[{\"@type\":\"CommentAction\",\"name\":\"Comment\",\"target\":[\"https:\\\/\\\/www.revistarambla.com\\\/estan-las-democracias-formales-en-peligro-de-extincion\\\/#respond\"]}]},{\"@type\":\"WebPage\",\"@id\":\"https:\\\/\\\/www.revistarambla.com\\\/estan-las-democracias-formales-en-peligro-de-extincion\\\/\",\"url\":\"https:\\\/\\\/www.revistarambla.com\\\/estan-las-democracias-formales-en-peligro-de-extincion\\\/\",\"name\":\"\u00bfEst\u00e1n las democracias formales en peligro de extinci\u00f3n? - Revista Rambla\",\"isPartOf\":{\"@id\":\"https:\\\/\\\/www.revistarambla.com\\\/#website\"},\"primaryImageOfPage\":{\"@id\":\"https:\\\/\\\/www.revistarambla.com\\\/estan-las-democracias-formales-en-peligro-de-extincion\\\/#primaryimage\"},\"image\":{\"@id\":\"https:\\\/\\\/www.revistarambla.com\\\/estan-las-democracias-formales-en-peligro-de-extincion\\\/#primaryimage\"},\"thumbnailUrl\":\"https:\\\/\\\/www.revistarambla.com\\\/wp-content\\\/uploads\\\/2021\\\/07\\\/9298443861_794cf36973_c.jpg\",\"datePublished\":\"2021-07-02T11:29:27+00:00\",\"dateModified\":\"2021-12-07T15:11:19+00:00\",\"breadcrumb\":{\"@id\":\"https:\\\/\\\/www.revistarambla.com\\\/estan-las-democracias-formales-en-peligro-de-extincion\\\/#breadcrumb\"},\"inLanguage\":\"en-GB\",\"potentialAction\":[{\"@type\":\"ReadAction\",\"target\":[\"https:\\\/\\\/www.revistarambla.com\\\/estan-las-democracias-formales-en-peligro-de-extincion\\\/\"]}]},{\"@type\":\"ImageObject\",\"inLanguage\":\"en-GB\",\"@id\":\"https:\\\/\\\/www.revistarambla.com\\\/estan-las-democracias-formales-en-peligro-de-extincion\\\/#primaryimage\",\"url\":\"https:\\\/\\\/www.revistarambla.com\\\/wp-content\\\/uploads\\\/2021\\\/07\\\/9298443861_794cf36973_c.jpg\",\"contentUrl\":\"https:\\\/\\\/www.revistarambla.com\\\/wp-content\\\/uploads\\\/2021\\\/07\\\/9298443861_794cf36973_c.jpg\",\"width\":799,\"height\":532},{\"@type\":\"BreadcrumbList\",\"@id\":\"https:\\\/\\\/www.revistarambla.com\\\/estan-las-democracias-formales-en-peligro-de-extincion\\\/#breadcrumb\",\"itemListElement\":[{\"@type\":\"ListItem\",\"position\":1,\"name\":\"Portada\",\"item\":\"https:\\\/\\\/www.revistarambla.com\\\/\"},{\"@type\":\"ListItem\",\"position\":2,\"name\":\"\u00bfEst\u00e1n las democracias formales en peligro de extinci\u00f3n?\"}]},{\"@type\":\"WebSite\",\"@id\":\"https:\\\/\\\/www.revistarambla.com\\\/#website\",\"url\":\"https:\\\/\\\/www.revistarambla.com\\\/\",\"name\":\"Revista Rambla Barcelona\",\"description\":\"Periodismo independiente\",\"publisher\":{\"@id\":\"https:\\\/\\\/www.revistarambla.com\\\/#organization\"},\"potentialAction\":[{\"@type\":\"SearchAction\",\"target\":{\"@type\":\"EntryPoint\",\"urlTemplate\":\"https:\\\/\\\/www.revistarambla.com\\\/?s={search_term_string}\"},\"query-input\":{\"@type\":\"PropertyValueSpecification\",\"valueRequired\":true,\"valueName\":\"search_term_string\"}}],\"inLanguage\":\"en-GB\"},{\"@type\":\"Organization\",\"@id\":\"https:\\\/\\\/www.revistarambla.com\\\/#organization\",\"name\":\"Revista Rambla\",\"url\":\"https:\\\/\\\/www.revistarambla.com\\\/\",\"logo\":{\"@type\":\"ImageObject\",\"inLanguage\":\"en-GB\",\"@id\":\"https:\\\/\\\/www.revistarambla.com\\\/#\\\/schema\\\/logo\\\/image\\\/\",\"url\":\"https:\\\/\\\/www.revistarambla.com\\\/wp-content\\\/uploads\\\/2020\\\/09\\\/banner_rambla_1900x600_BB.png\",\"contentUrl\":\"https:\\\/\\\/www.revistarambla.com\\\/wp-content\\\/uploads\\\/2020\\\/09\\\/banner_rambla_1900x600_BB.png\",\"width\":1900,\"height\":600,\"caption\":\"Revista Rambla\"},\"image\":{\"@id\":\"https:\\\/\\\/www.revistarambla.com\\\/#\\\/schema\\\/logo\\\/image\\\/\"},\"sameAs\":[\"https:\\\/\\\/www.facebook.com\\\/revistarambla\\\/\",\"https:\\\/\\\/x.com\\\/revistarambla\",\"https:\\\/\\\/www.instagram.com\\\/revista_rambla\",\"https:\\\/\\\/es.linkedin.com\\\/company\\\/revista-rambla\"]},{\"@type\":\"Person\",\"@id\":\"https:\\\/\\\/www.revistarambla.com\\\/#\\\/schema\\\/person\\\/23a7868ff10cd88f8fdb045c7b7e4a4d\",\"name\":\"Germ\u00e1n Gorraiz L\u00f3pez\",\"description\":\"Nacido en Navarra en 1957. Escribe an\u00e1lisis sobre temas econ\u00f3micos y geopol\u00edticos. Es miembro de Attac-Navarra. Colabora habitualmente en varios medios digitales e impresos espa\u00f1oles y latinoamericanos.\"}]}<\/script>\n<!-- \/ Yoast SEO plugin. -->","yoast_head_json":{"title":"\u00bfEst\u00e1n las democracias formales en peligro de extinci\u00f3n? - Revista Rambla","robots":{"index":"index","follow":"follow","max-snippet":"max-snippet:-1","max-image-preview":"max-image-preview:large","max-video-preview":"max-video-preview:-1"},"canonical":"https:\/\/www.revistarambla.com\/en\/estan-las-democracias-formales-en-peligro-de-extincion\/","og_locale":"en_GB","og_type":"article","og_title":"\u00bfEst\u00e1n las democracias formales en peligro de extinci\u00f3n? - Revista Rambla","og_description":"Como explica el escritor Samuel Huntington en su libro \u201cThe Third Wave,\u201d (Tercera Ola, 1.991), el mundo ha pasado por tres olas de desestabilizaci\u00f3n y democratizaci\u00f3n. Seg\u00fan Huntington, una ola de democratizaci\u00f3n ser\u00eda \u201cun conjunto de transiciones de un r\u00e9gimen no democr\u00e1tico a otro democr\u00e1tico que ocurren en determinado per\u00edodo [&hellip;]","og_url":"https:\/\/www.revistarambla.com\/en\/estan-las-democracias-formales-en-peligro-de-extincion\/","og_site_name":"Revista Rambla","article_publisher":"https:\/\/www.facebook.com\/revistarambla\/","article_published_time":"2021-07-02T11:29:27+00:00","article_modified_time":"2021-12-07T15:11:19+00:00","og_image":[{"width":799,"height":532,"url":"https:\/\/www.revistarambla.com\/wp-content\/uploads\/2021\/07\/9298443861_794cf36973_c.jpg","type":"image\/jpeg"}],"author":"Germ\u00e1n Gorraiz L\u00f3pez","twitter_card":"summary_large_image","twitter_creator":"@revistarambla","twitter_site":"@revistarambla","twitter_misc":{"Written by":"Germ\u00e1n Gorraiz L\u00f3pez","Estimated reading time":"6 minutes"},"schema":{"@context":"https:\/\/schema.org","@graph":[{"@type":"Article","@id":"https:\/\/www.revistarambla.com\/estan-las-democracias-formales-en-peligro-de-extincion\/#article","isPartOf":{"@id":"https:\/\/www.revistarambla.com\/estan-las-democracias-formales-en-peligro-de-extincion\/"},"author":{"name":"Germ\u00e1n Gorraiz L\u00f3pez","@id":"https:\/\/www.revistarambla.com\/#\/schema\/person\/23a7868ff10cd88f8fdb045c7b7e4a4d"},"headline":"\u00bfEst\u00e1n las democracias formales en peligro de extinci\u00f3n?","datePublished":"2021-07-02T11:29:27+00:00","dateModified":"2021-12-07T15:11:19+00:00","mainEntityOfPage":{"@id":"https:\/\/www.revistarambla.com\/estan-las-democracias-formales-en-peligro-de-extincion\/"},"wordCount":1270,"commentCount":0,"publisher":{"@id":"https:\/\/www.revistarambla.com\/#organization"},"image":{"@id":"https:\/\/www.revistarambla.com\/estan-las-democracias-formales-en-peligro-de-extincion\/#primaryimage"},"thumbnailUrl":"https:\/\/www.revistarambla.com\/wp-content\/uploads\/2021\/07\/9298443861_794cf36973_c.jpg","articleSection":["Opiniones"],"inLanguage":"en-GB","potentialAction":[{"@type":"CommentAction","name":"Comment","target":["https:\/\/www.revistarambla.com\/estan-las-democracias-formales-en-peligro-de-extincion\/#respond"]}]},{"@type":"WebPage","@id":"https:\/\/www.revistarambla.com\/estan-las-democracias-formales-en-peligro-de-extincion\/","url":"https:\/\/www.revistarambla.com\/estan-las-democracias-formales-en-peligro-de-extincion\/","name":"\u00bfEst\u00e1n las democracias formales en peligro de extinci\u00f3n? - Revista Rambla","isPartOf":{"@id":"https:\/\/www.revistarambla.com\/#website"},"primaryImageOfPage":{"@id":"https:\/\/www.revistarambla.com\/estan-las-democracias-formales-en-peligro-de-extincion\/#primaryimage"},"image":{"@id":"https:\/\/www.revistarambla.com\/estan-las-democracias-formales-en-peligro-de-extincion\/#primaryimage"},"thumbnailUrl":"https:\/\/www.revistarambla.com\/wp-content\/uploads\/2021\/07\/9298443861_794cf36973_c.jpg","datePublished":"2021-07-02T11:29:27+00:00","dateModified":"2021-12-07T15:11:19+00:00","breadcrumb":{"@id":"https:\/\/www.revistarambla.com\/estan-las-democracias-formales-en-peligro-de-extincion\/#breadcrumb"},"inLanguage":"en-GB","potentialAction":[{"@type":"ReadAction","target":["https:\/\/www.revistarambla.com\/estan-las-democracias-formales-en-peligro-de-extincion\/"]}]},{"@type":"ImageObject","inLanguage":"en-GB","@id":"https:\/\/www.revistarambla.com\/estan-las-democracias-formales-en-peligro-de-extincion\/#primaryimage","url":"https:\/\/www.revistarambla.com\/wp-content\/uploads\/2021\/07\/9298443861_794cf36973_c.jpg","contentUrl":"https:\/\/www.revistarambla.com\/wp-content\/uploads\/2021\/07\/9298443861_794cf36973_c.jpg","width":799,"height":532},{"@type":"BreadcrumbList","@id":"https:\/\/www.revistarambla.com\/estan-las-democracias-formales-en-peligro-de-extincion\/#breadcrumb","itemListElement":[{"@type":"ListItem","position":1,"name":"Portada","item":"https:\/\/www.revistarambla.com\/"},{"@type":"ListItem","position":2,"name":"\u00bfEst\u00e1n las democracias formales en peligro de extinci\u00f3n?"}]},{"@type":"WebSite","@id":"https:\/\/www.revistarambla.com\/#website","url":"https:\/\/www.revistarambla.com\/","name":"Revista Rambla Barcelona","description":"Periodismo independiente","publisher":{"@id":"https:\/\/www.revistarambla.com\/#organization"},"potentialAction":[{"@type":"SearchAction","target":{"@type":"EntryPoint","urlTemplate":"https:\/\/www.revistarambla.com\/?s={search_term_string}"},"query-input":{"@type":"PropertyValueSpecification","valueRequired":true,"valueName":"search_term_string"}}],"inLanguage":"en-GB"},{"@type":"Organization","@id":"https:\/\/www.revistarambla.com\/#organization","name":"Revista Rambla","url":"https:\/\/www.revistarambla.com\/","logo":{"@type":"ImageObject","inLanguage":"en-GB","@id":"https:\/\/www.revistarambla.com\/#\/schema\/logo\/image\/","url":"https:\/\/www.revistarambla.com\/wp-content\/uploads\/2020\/09\/banner_rambla_1900x600_BB.png","contentUrl":"https:\/\/www.revistarambla.com\/wp-content\/uploads\/2020\/09\/banner_rambla_1900x600_BB.png","width":1900,"height":600,"caption":"Revista Rambla"},"image":{"@id":"https:\/\/www.revistarambla.com\/#\/schema\/logo\/image\/"},"sameAs":["https:\/\/www.facebook.com\/revistarambla\/","https:\/\/x.com\/revistarambla","https:\/\/www.instagram.com\/revista_rambla","https:\/\/es.linkedin.com\/company\/revista-rambla"]},{"@type":"Person","@id":"https:\/\/www.revistarambla.com\/#\/schema\/person\/23a7868ff10cd88f8fdb045c7b7e4a4d","name":"Germ\u00e1n Gorraiz L\u00f3pez","description":"Nacido en Navarra en 1957. Escribe an\u00e1lisis sobre temas econ\u00f3micos y geopol\u00edticos. Es miembro de Attac-Navarra. Colabora habitualmente en varios medios digitales e impresos espa\u00f1oles y latinoamericanos."}]}},"_links":{"self":[{"href":"https:\/\/www.revistarambla.com\/en\/wp-json\/wp\/v2\/posts\/34140","targetHints":{"allow":["GET"]}}],"collection":[{"href":"https:\/\/www.revistarambla.com\/en\/wp-json\/wp\/v2\/posts"}],"about":[{"href":"https:\/\/www.revistarambla.com\/en\/wp-json\/wp\/v2\/types\/post"}],"author":[{"embeddable":true,"href":"https:\/\/www.revistarambla.com\/en\/wp-json\/wp\/v2\/users\/16"}],"replies":[{"embeddable":true,"href":"https:\/\/www.revistarambla.com\/en\/wp-json\/wp\/v2\/comments?post=34140"}],"version-history":[{"count":0,"href":"https:\/\/www.revistarambla.com\/en\/wp-json\/wp\/v2\/posts\/34140\/revisions"}],"wp:featuredmedia":[{"embeddable":true,"href":"https:\/\/www.revistarambla.com\/en\/wp-json\/wp\/v2\/media\/34141"}],"wp:attachment":[{"href":"https:\/\/www.revistarambla.com\/en\/wp-json\/wp\/v2\/media?parent=34140"}],"wp:term":[{"taxonomy":"category","embeddable":true,"href":"https:\/\/www.revistarambla.com\/en\/wp-json\/wp\/v2\/categories?post=34140"},{"taxonomy":"post_tag","embeddable":true,"href":"https:\/\/www.revistarambla.com\/en\/wp-json\/wp\/v2\/tags?post=34140"}],"curies":[{"name":"wp","href":"https:\/\/api.w.org\/{rel}","templated":true}]}}