{"id":3413,"date":"2013-05-24T05:36:12","date_gmt":"2013-05-24T05:36:12","guid":{"rendered":"https:\/\/www.revistarambla.com\/el-mago-que-hacia-desaparecer-a-los-pobres\/"},"modified":"2021-10-23T17:19:50","modified_gmt":"2021-10-23T15:19:50","slug":"el-mago-que-hacia-desaparecer-a-los-pobres","status":"publish","type":"post","link":"https:\/\/www.revistarambla.com\/en\/el-mago-que-hacia-desaparecer-a-los-pobres\/","title":{"rendered":"El mago que hac\u00eda desaparecer a los pobres"},"content":{"rendered":"<figure style=\"width: 700px\" class=\"wp-caption aligncenter\"><img decoding=\"async\" src=\"https:\/\/www.revistarambla.com\/wp-content\/uploads\/2013\/05\/Mago_02.jpg\" alt=\"alt\" width=\"700\" height=\"252\" \/><figcaption class=\"wp-caption-text\">Ilustra Evelio G\u00f3mez.<\/figcaption><\/figure>\n<p>Cuando el universo Matrix ni siquiera era la idea estrafalaria de alg\u00fan visionario, la presencia del mago era uno de los momentos m\u00e1s esperados en eso que con el tiempo se convertir\u00eda en la industria del ocio. Bien en la versi\u00f3n aristocr\u00e1tica de frac y chistera o bien envuelto en un exotismo oriental y bigotes de Fu Manch\u00fa, lo cierto es que la actuaci\u00f3n del prestidigitador me resultaba fascinante en mi lejana infancia de ciudad obrera, sobre todo cuando a la vista de todos era capaz de descuartizar a una seductora ayudante o, mejor a\u00fan,\u00a0 hacerla desaparecer en un magistral ejercicio del arte de birlibirloque.<\/p>\n<p>Los efectos especiales y la realidad virtual hacen dif\u00edcil que el ni\u00f1o de hoy pueda sorprenderse igual que nosotros con la fascinante aparici\u00f3n de un conejo blanco en el vac\u00edo y polvoriento fondo de una chistera. Sin embargo, el cl\u00e1sico truco de la desaparici\u00f3n sigue teniendo incondicionales seguidores dispuestos a aprovecharse de la candidez de nuestra mirada.\u00a0En Brasil, por ejemplo, el gobierno de la presidente Dilma Rousseff ha encontrado el abracadabra capaz de evaporar la miseria del gigante pa\u00eds americano,\u00a0 gracias a ese gran libro de la Magia Negra de las Estad\u00edsticas.<\/p>\n<p>El truco es sencillo. En 2009 fij\u00f3 en 70 reales al mes (unos 26,7 euros) el l\u00edmite en el que se encontraba la miseria absoluta y ahora se muestra orgulloso de haber erradicado esa lacra. Si ya de por s\u00ed resulta discutible vanagloriarse de que ning\u00fan brasile\u00f1o sobreviva una renta inferior a 70,10 reales, la cosa se pone m\u00e1s discutible al comprobar como en estos a\u00f1os no han revisado el impacto que la inflaci\u00f3n ha tenido en su l\u00edmite fijado. De haberlo hecho habr\u00edan comprobado que los 70 reales de hace cuatro a\u00f1os son equivalentes a 77 reales y 56 c\u00e9ntimos de la actualidad,\u00a0una sencilla operaci\u00f3n matem\u00e1tica que de repente permite sacar de la chistera estad\u00edstica a unos 22,3 millones de personas que hab\u00edan desaparecido.<\/p>\n<p>Si en Brasil, a mayor gloria de la potencia emergente, se invisibilizan a millones de hombres y mujeres que tienen que afrontar sus existencias con menos de un euro al d\u00eda, en Espa\u00f1a\u00a0el PP se siente m\u00e1s c\u00f3modo en el papel del mago histri\u00f3nico y algo payaso, a lo Juan Tamariz, para disimular sus verg\u00fcenzas sociales. Es as\u00ed como hemos visto a la torpe diputada popular, Carmen Amor\u00f3s, bromear sobre el n\u00famero de parados en el Pa\u00eds Valenci\u00e0 (ay, perd\u00f3n, Comunidad) al equipararlo al ejercicio caprichoso de elegir el n\u00famero para el gordo de Navidad.<\/p>\n<p>Para su desgracia los pobres y parados comienzan a estar hartos de que se les aplique sistem\u00e1ticamente desde el gobierno los polvos m\u00e1gicos de la indiferencia y el olvido. O incluso peor, que se les convierta en el truco del almendruco con el que justificar la desaparici\u00f3n de derechos colectivos. Por eso,\u00a0mientras Rajoy nos quiere asumiendo la invisibilidad de quedarnos en nuestras casas, los parados se empe\u00f1an en hacerse bien visibles como los cientos de ellos que el pasado s\u00e1bado se manifestaron en las calles de Sagunto. O los trabajadore que lo har\u00e1n pr\u00f3ximamente en defensa del empleo en Galmed.\u00a0Y es que cada vez son m\u00e1s los que en este circo de tercera en que tienden a convertir nuestras sociedades, est\u00e1n ya cansados de que siempre les acabe tocando el papel de descuartizado en el repetitivo n\u00famero del mago.<\/p>","protected":false},"excerpt":{"rendered":"<p>Cuando el universo Matrix ni siquiera era la idea estrafalaria de alg\u00fan visionario, la presencia del mago era uno de los momentos m\u00e1s esperados en eso que con el tiempo se convertir\u00eda en la industria del ocio. Bien en la versi\u00f3n aristocr\u00e1tica de frac y chistera o bien envuelto en [&hellip;]<\/p>\n","protected":false},"author":3,"featured_media":0,"comment_status":"open","ping_status":"open","sticky":false,"template":"","format":"standard","meta":{"footnotes":""},"categories":[72],"tags":[],"class_list":["post-3413","post","type-post","status-publish","format-standard","hentry","category-opinion"],"yoast_head":"<!-- This site is optimized with the Yoast SEO plugin v27.5 - https:\/\/yoast.com\/product\/yoast-seo-wordpress\/ -->\n<title>El mago que hac\u00eda desaparecer a los pobres - Revista Rambla<\/title>\n<meta name=\"robots\" content=\"index, follow, max-snippet:-1, max-image-preview:large, max-video-preview:-1\" \/>\n<link rel=\"canonical\" href=\"https:\/\/www.revistarambla.com\/en\/el-mago-que-hacia-desaparecer-a-los-pobres\/\" \/>\n<meta property=\"og:locale\" content=\"en_GB\" \/>\n<meta property=\"og:type\" content=\"article\" \/>\n<meta property=\"og:title\" content=\"El mago que hac\u00eda desaparecer a los pobres - Revista Rambla\" \/>\n<meta property=\"og:description\" content=\"Cuando el universo Matrix ni siquiera era la idea estrafalaria de alg\u00fan visionario, la presencia del mago era uno de los momentos m\u00e1s esperados en eso que con el tiempo se convertir\u00eda en la industria del ocio. Bien en la versi\u00f3n aristocr\u00e1tica de frac y chistera o bien envuelto en [&hellip;]\" \/>\n<meta property=\"og:url\" content=\"https:\/\/www.revistarambla.com\/en\/el-mago-que-hacia-desaparecer-a-los-pobres\/\" \/>\n<meta property=\"og:site_name\" content=\"Revista Rambla\" \/>\n<meta property=\"article:publisher\" content=\"https:\/\/www.facebook.com\/revistarambla\/\" \/>\n<meta property=\"article:author\" content=\"https:\/\/www.facebook.com\/revistarambla\" \/>\n<meta property=\"article:published_time\" content=\"2013-05-24T05:36:12+00:00\" \/>\n<meta property=\"article:modified_time\" content=\"2021-10-23T15:19:50+00:00\" \/>\n<meta property=\"og:image\" content=\"https:\/\/i0.wp.com\/www.revistarambla.com\/wp-content\/uploads\/2013\/05\/Mago01.jpg?fit=682%2C450&ssl=1\" \/>\n\t<meta property=\"og:image:width\" content=\"682\" \/>\n\t<meta property=\"og:image:height\" content=\"450\" \/>\n\t<meta property=\"og:image:type\" content=\"image\/jpeg\" \/>\n<meta name=\"author\" content=\"R@mbla\" \/>\n<meta name=\"twitter:card\" content=\"summary_large_image\" \/>\n<meta name=\"twitter:creator\" content=\"@revistarambla\" \/>\n<meta name=\"twitter:site\" content=\"@revistarambla\" \/>\n<meta name=\"twitter:label1\" content=\"Written by\" \/>\n\t<meta name=\"twitter:data1\" content=\"R@mbla\" \/>\n\t<meta name=\"twitter:label2\" content=\"Estimated reading time\" \/>\n\t<meta name=\"twitter:data2\" content=\"3 minutes\" \/>\n<script type=\"application\/ld+json\" class=\"yoast-schema-graph\">{\"@context\":\"https:\\\/\\\/schema.org\",\"@graph\":[{\"@type\":\"Article\",\"@id\":\"https:\\\/\\\/www.revistarambla.com\\\/el-mago-que-hacia-desaparecer-a-los-pobres\\\/#article\",\"isPartOf\":{\"@id\":\"https:\\\/\\\/www.revistarambla.com\\\/el-mago-que-hacia-desaparecer-a-los-pobres\\\/\"},\"author\":{\"name\":\"R@mbla\",\"@id\":\"https:\\\/\\\/www.revistarambla.com\\\/#\\\/schema\\\/person\\\/a146a5a2550b94981a75131180e1bd9c\"},\"headline\":\"El mago que hac\u00eda desaparecer a los pobres\",\"datePublished\":\"2013-05-24T05:36:12+00:00\",\"dateModified\":\"2021-10-23T15:19:50+00:00\",\"mainEntityOfPage\":{\"@id\":\"https:\\\/\\\/www.revistarambla.com\\\/el-mago-que-hacia-desaparecer-a-los-pobres\\\/\"},\"wordCount\":622,\"commentCount\":0,\"publisher\":{\"@id\":\"https:\\\/\\\/www.revistarambla.com\\\/#organization\"},\"image\":{\"@id\":\"https:\\\/\\\/www.revistarambla.com\\\/el-mago-que-hacia-desaparecer-a-los-pobres\\\/#primaryimage\"},\"thumbnailUrl\":\"https:\\\/\\\/www.revistarambla.com\\\/wp-content\\\/uploads\\\/2013\\\/05\\\/Mago_02.jpg\",\"articleSection\":[\"Opiniones\"],\"inLanguage\":\"en-GB\",\"potentialAction\":[{\"@type\":\"CommentAction\",\"name\":\"Comment\",\"target\":[\"https:\\\/\\\/www.revistarambla.com\\\/el-mago-que-hacia-desaparecer-a-los-pobres\\\/#respond\"]}]},{\"@type\":\"WebPage\",\"@id\":\"https:\\\/\\\/www.revistarambla.com\\\/el-mago-que-hacia-desaparecer-a-los-pobres\\\/\",\"url\":\"https:\\\/\\\/www.revistarambla.com\\\/el-mago-que-hacia-desaparecer-a-los-pobres\\\/\",\"name\":\"El mago que hac\u00eda desaparecer a los pobres - Revista Rambla\",\"isPartOf\":{\"@id\":\"https:\\\/\\\/www.revistarambla.com\\\/#website\"},\"primaryImageOfPage\":{\"@id\":\"https:\\\/\\\/www.revistarambla.com\\\/el-mago-que-hacia-desaparecer-a-los-pobres\\\/#primaryimage\"},\"image\":{\"@id\":\"https:\\\/\\\/www.revistarambla.com\\\/el-mago-que-hacia-desaparecer-a-los-pobres\\\/#primaryimage\"},\"thumbnailUrl\":\"https:\\\/\\\/www.revistarambla.com\\\/wp-content\\\/uploads\\\/2013\\\/05\\\/Mago_02.jpg\",\"datePublished\":\"2013-05-24T05:36:12+00:00\",\"dateModified\":\"2021-10-23T15:19:50+00:00\",\"breadcrumb\":{\"@id\":\"https:\\\/\\\/www.revistarambla.com\\\/el-mago-que-hacia-desaparecer-a-los-pobres\\\/#breadcrumb\"},\"inLanguage\":\"en-GB\",\"potentialAction\":[{\"@type\":\"ReadAction\",\"target\":[\"https:\\\/\\\/www.revistarambla.com\\\/el-mago-que-hacia-desaparecer-a-los-pobres\\\/\"]}]},{\"@type\":\"ImageObject\",\"inLanguage\":\"en-GB\",\"@id\":\"https:\\\/\\\/www.revistarambla.com\\\/el-mago-que-hacia-desaparecer-a-los-pobres\\\/#primaryimage\",\"url\":\"https:\\\/\\\/www.revistarambla.com\\\/wp-content\\\/uploads\\\/2013\\\/05\\\/Mago_02.jpg\",\"contentUrl\":\"https:\\\/\\\/www.revistarambla.com\\\/wp-content\\\/uploads\\\/2013\\\/05\\\/Mago_02.jpg\"},{\"@type\":\"BreadcrumbList\",\"@id\":\"https:\\\/\\\/www.revistarambla.com\\\/el-mago-que-hacia-desaparecer-a-los-pobres\\\/#breadcrumb\",\"itemListElement\":[{\"@type\":\"ListItem\",\"position\":1,\"name\":\"Portada\",\"item\":\"https:\\\/\\\/www.revistarambla.com\\\/\"},{\"@type\":\"ListItem\",\"position\":2,\"name\":\"El mago que hac\u00eda desaparecer a los pobres\"}]},{\"@type\":\"WebSite\",\"@id\":\"https:\\\/\\\/www.revistarambla.com\\\/#website\",\"url\":\"https:\\\/\\\/www.revistarambla.com\\\/\",\"name\":\"Revista Rambla Barcelona\",\"description\":\"Periodismo independiente\",\"publisher\":{\"@id\":\"https:\\\/\\\/www.revistarambla.com\\\/#organization\"},\"potentialAction\":[{\"@type\":\"SearchAction\",\"target\":{\"@type\":\"EntryPoint\",\"urlTemplate\":\"https:\\\/\\\/www.revistarambla.com\\\/?s={search_term_string}\"},\"query-input\":{\"@type\":\"PropertyValueSpecification\",\"valueRequired\":true,\"valueName\":\"search_term_string\"}}],\"inLanguage\":\"en-GB\"},{\"@type\":\"Organization\",\"@id\":\"https:\\\/\\\/www.revistarambla.com\\\/#organization\",\"name\":\"Revista Rambla\",\"url\":\"https:\\\/\\\/www.revistarambla.com\\\/\",\"logo\":{\"@type\":\"ImageObject\",\"inLanguage\":\"en-GB\",\"@id\":\"https:\\\/\\\/www.revistarambla.com\\\/#\\\/schema\\\/logo\\\/image\\\/\",\"url\":\"https:\\\/\\\/www.revistarambla.com\\\/wp-content\\\/uploads\\\/2020\\\/09\\\/banner_rambla_1900x600_BB.png\",\"contentUrl\":\"https:\\\/\\\/www.revistarambla.com\\\/wp-content\\\/uploads\\\/2020\\\/09\\\/banner_rambla_1900x600_BB.png\",\"width\":1900,\"height\":600,\"caption\":\"Revista Rambla\"},\"image\":{\"@id\":\"https:\\\/\\\/www.revistarambla.com\\\/#\\\/schema\\\/logo\\\/image\\\/\"},\"sameAs\":[\"https:\\\/\\\/www.facebook.com\\\/revistarambla\\\/\",\"https:\\\/\\\/x.com\\\/revistarambla\",\"https:\\\/\\\/www.instagram.com\\\/revista_rambla\",\"https:\\\/\\\/es.linkedin.com\\\/company\\\/revista-rambla\"]},{\"@type\":\"Person\",\"@id\":\"https:\\\/\\\/www.revistarambla.com\\\/#\\\/schema\\\/person\\\/a146a5a2550b94981a75131180e1bd9c\",\"name\":\"R@mbla\",\"description\":\"Este art\u00edculo ha sido redactado y\\\/o validado por el equipo de redacci\u00f3n de Revista Rambla.\",\"sameAs\":[\"https:\\\/\\\/www.revistarambla.com\\\/\",\"https:\\\/\\\/www.facebook.com\\\/revistarambla\",\"https:\\\/\\\/x.com\\\/revistarambla\"]}]}<\/script>\n<!-- \/ Yoast SEO plugin. -->","yoast_head_json":{"title":"El mago que hac\u00eda desaparecer a los pobres - Revista Rambla","robots":{"index":"index","follow":"follow","max-snippet":"max-snippet:-1","max-image-preview":"max-image-preview:large","max-video-preview":"max-video-preview:-1"},"canonical":"https:\/\/www.revistarambla.com\/en\/el-mago-que-hacia-desaparecer-a-los-pobres\/","og_locale":"en_GB","og_type":"article","og_title":"El mago que hac\u00eda desaparecer a los pobres - Revista Rambla","og_description":"Cuando el universo Matrix ni siquiera era la idea estrafalaria de alg\u00fan visionario, la presencia del mago era uno de los momentos m\u00e1s esperados en eso que con el tiempo se convertir\u00eda en la industria del ocio. Bien en la versi\u00f3n aristocr\u00e1tica de frac y chistera o bien envuelto en [&hellip;]","og_url":"https:\/\/www.revistarambla.com\/en\/el-mago-que-hacia-desaparecer-a-los-pobres\/","og_site_name":"Revista Rambla","article_publisher":"https:\/\/www.facebook.com\/revistarambla\/","article_author":"https:\/\/www.facebook.com\/revistarambla","article_published_time":"2013-05-24T05:36:12+00:00","article_modified_time":"2021-10-23T15:19:50+00:00","og_image":[{"width":682,"height":450,"url":"https:\/\/i0.wp.com\/www.revistarambla.com\/wp-content\/uploads\/2013\/05\/Mago01.jpg?fit=682%2C450&ssl=1","type":"image\/jpeg"}],"author":"R@mbla","twitter_card":"summary_large_image","twitter_creator":"@revistarambla","twitter_site":"@revistarambla","twitter_misc":{"Written by":"R@mbla","Estimated reading time":"3 minutes"},"schema":{"@context":"https:\/\/schema.org","@graph":[{"@type":"Article","@id":"https:\/\/www.revistarambla.com\/el-mago-que-hacia-desaparecer-a-los-pobres\/#article","isPartOf":{"@id":"https:\/\/www.revistarambla.com\/el-mago-que-hacia-desaparecer-a-los-pobres\/"},"author":{"name":"R@mbla","@id":"https:\/\/www.revistarambla.com\/#\/schema\/person\/a146a5a2550b94981a75131180e1bd9c"},"headline":"El mago que hac\u00eda desaparecer a los pobres","datePublished":"2013-05-24T05:36:12+00:00","dateModified":"2021-10-23T15:19:50+00:00","mainEntityOfPage":{"@id":"https:\/\/www.revistarambla.com\/el-mago-que-hacia-desaparecer-a-los-pobres\/"},"wordCount":622,"commentCount":0,"publisher":{"@id":"https:\/\/www.revistarambla.com\/#organization"},"image":{"@id":"https:\/\/www.revistarambla.com\/el-mago-que-hacia-desaparecer-a-los-pobres\/#primaryimage"},"thumbnailUrl":"https:\/\/www.revistarambla.com\/wp-content\/uploads\/2013\/05\/Mago_02.jpg","articleSection":["Opiniones"],"inLanguage":"en-GB","potentialAction":[{"@type":"CommentAction","name":"Comment","target":["https:\/\/www.revistarambla.com\/el-mago-que-hacia-desaparecer-a-los-pobres\/#respond"]}]},{"@type":"WebPage","@id":"https:\/\/www.revistarambla.com\/el-mago-que-hacia-desaparecer-a-los-pobres\/","url":"https:\/\/www.revistarambla.com\/el-mago-que-hacia-desaparecer-a-los-pobres\/","name":"El mago que hac\u00eda desaparecer a los pobres - Revista Rambla","isPartOf":{"@id":"https:\/\/www.revistarambla.com\/#website"},"primaryImageOfPage":{"@id":"https:\/\/www.revistarambla.com\/el-mago-que-hacia-desaparecer-a-los-pobres\/#primaryimage"},"image":{"@id":"https:\/\/www.revistarambla.com\/el-mago-que-hacia-desaparecer-a-los-pobres\/#primaryimage"},"thumbnailUrl":"https:\/\/www.revistarambla.com\/wp-content\/uploads\/2013\/05\/Mago_02.jpg","datePublished":"2013-05-24T05:36:12+00:00","dateModified":"2021-10-23T15:19:50+00:00","breadcrumb":{"@id":"https:\/\/www.revistarambla.com\/el-mago-que-hacia-desaparecer-a-los-pobres\/#breadcrumb"},"inLanguage":"en-GB","potentialAction":[{"@type":"ReadAction","target":["https:\/\/www.revistarambla.com\/el-mago-que-hacia-desaparecer-a-los-pobres\/"]}]},{"@type":"ImageObject","inLanguage":"en-GB","@id":"https:\/\/www.revistarambla.com\/el-mago-que-hacia-desaparecer-a-los-pobres\/#primaryimage","url":"https:\/\/www.revistarambla.com\/wp-content\/uploads\/2013\/05\/Mago_02.jpg","contentUrl":"https:\/\/www.revistarambla.com\/wp-content\/uploads\/2013\/05\/Mago_02.jpg"},{"@type":"BreadcrumbList","@id":"https:\/\/www.revistarambla.com\/el-mago-que-hacia-desaparecer-a-los-pobres\/#breadcrumb","itemListElement":[{"@type":"ListItem","position":1,"name":"Portada","item":"https:\/\/www.revistarambla.com\/"},{"@type":"ListItem","position":2,"name":"El mago que hac\u00eda desaparecer a los pobres"}]},{"@type":"WebSite","@id":"https:\/\/www.revistarambla.com\/#website","url":"https:\/\/www.revistarambla.com\/","name":"Revista Rambla Barcelona","description":"Periodismo independiente","publisher":{"@id":"https:\/\/www.revistarambla.com\/#organization"},"potentialAction":[{"@type":"SearchAction","target":{"@type":"EntryPoint","urlTemplate":"https:\/\/www.revistarambla.com\/?s={search_term_string}"},"query-input":{"@type":"PropertyValueSpecification","valueRequired":true,"valueName":"search_term_string"}}],"inLanguage":"en-GB"},{"@type":"Organization","@id":"https:\/\/www.revistarambla.com\/#organization","name":"Revista Rambla","url":"https:\/\/www.revistarambla.com\/","logo":{"@type":"ImageObject","inLanguage":"en-GB","@id":"https:\/\/www.revistarambla.com\/#\/schema\/logo\/image\/","url":"https:\/\/www.revistarambla.com\/wp-content\/uploads\/2020\/09\/banner_rambla_1900x600_BB.png","contentUrl":"https:\/\/www.revistarambla.com\/wp-content\/uploads\/2020\/09\/banner_rambla_1900x600_BB.png","width":1900,"height":600,"caption":"Revista Rambla"},"image":{"@id":"https:\/\/www.revistarambla.com\/#\/schema\/logo\/image\/"},"sameAs":["https:\/\/www.facebook.com\/revistarambla\/","https:\/\/x.com\/revistarambla","https:\/\/www.instagram.com\/revista_rambla","https:\/\/es.linkedin.com\/company\/revista-rambla"]},{"@type":"Person","@id":"https:\/\/www.revistarambla.com\/#\/schema\/person\/a146a5a2550b94981a75131180e1bd9c","name":"R@mbla","description":"Este art\u00edculo ha sido redactado y\/o validado por el equipo de redacci\u00f3n de Revista Rambla.","sameAs":["https:\/\/www.revistarambla.com\/","https:\/\/www.facebook.com\/revistarambla","https:\/\/x.com\/revistarambla"]}]}},"_links":{"self":[{"href":"https:\/\/www.revistarambla.com\/en\/wp-json\/wp\/v2\/posts\/3413","targetHints":{"allow":["GET"]}}],"collection":[{"href":"https:\/\/www.revistarambla.com\/en\/wp-json\/wp\/v2\/posts"}],"about":[{"href":"https:\/\/www.revistarambla.com\/en\/wp-json\/wp\/v2\/types\/post"}],"author":[{"embeddable":true,"href":"https:\/\/www.revistarambla.com\/en\/wp-json\/wp\/v2\/users\/3"}],"replies":[{"embeddable":true,"href":"https:\/\/www.revistarambla.com\/en\/wp-json\/wp\/v2\/comments?post=3413"}],"version-history":[{"count":0,"href":"https:\/\/www.revistarambla.com\/en\/wp-json\/wp\/v2\/posts\/3413\/revisions"}],"wp:attachment":[{"href":"https:\/\/www.revistarambla.com\/en\/wp-json\/wp\/v2\/media?parent=3413"}],"wp:term":[{"taxonomy":"category","embeddable":true,"href":"https:\/\/www.revistarambla.com\/en\/wp-json\/wp\/v2\/categories?post=3413"},{"taxonomy":"post_tag","embeddable":true,"href":"https:\/\/www.revistarambla.com\/en\/wp-json\/wp\/v2\/tags?post=3413"}],"curies":[{"name":"wp","href":"https:\/\/api.w.org\/{rel}","templated":true}]}}