{"id":33848,"date":"2021-06-23T12:59:14","date_gmt":"2021-06-23T10:59:14","guid":{"rendered":"https:\/\/www.revistarambla.com\/?p=33848"},"modified":"2021-12-07T16:11:33","modified_gmt":"2021-12-07T15:11:33","slug":"elecciones-anticipadas-en-otono","status":"publish","type":"post","link":"https:\/\/www.revistarambla.com\/en\/elecciones-anticipadas-en-otono\/","title":{"rendered":"\u00bfElecciones anticipadas en oto\u00f1o?"},"content":{"rendered":"<div id=\"zmCW1624438456604020001\">\n<div data-zmcopy=\"true\">\n<div>\n<div>\n<div dir=\"ltr\">\n<div dir=\"ltr\">\n<figure id=\"attachment_33849\" aria-describedby=\"caption-attachment-33849\" style=\"width: 998px\" class=\"wp-caption aligncenter\"><img decoding=\"async\" class=\"wp-image-33849 size-full\" src=\"https:\/\/www.revistarambla.com\/wp-content\/uploads\/2021\/06\/pedro-sanchez-e-ivan-redondo.-foto.-psoe-1.jpg\" alt=\"\" width=\"998\" height=\"558\" srcset=\"https:\/\/www.revistarambla.com\/wp-content\/uploads\/2021\/06\/pedro-sanchez-e-ivan-redondo.-foto.-psoe-1.jpg 998w, https:\/\/www.revistarambla.com\/wp-content\/uploads\/2021\/06\/pedro-sanchez-e-ivan-redondo.-foto.-psoe-1-300x168.jpg 300w, https:\/\/www.revistarambla.com\/wp-content\/uploads\/2021\/06\/pedro-sanchez-e-ivan-redondo.-foto.-psoe-1-768x429.jpg 768w\" sizes=\"(max-width: 998px) 100vw, 998px\" \/><figcaption id=\"caption-attachment-33849\" class=\"wp-caption-text\">Pedro S\u00e1nchez e Iv\u00e1n Redondo.<\/figcaption><\/figure>\n<p><strong>Pedro S\u00e1nchez<\/strong> habr\u00eda dado por amortizada la actual legislatura y estar\u00eda planeando con <strong>Iv\u00e1n Redondo<\/strong> la convocatoria de elecciones anticipadas para este pr\u00f3ximo oto\u00f1o con el objetivo confeso de fagocitar los restos del naufragio de Unidas Podemos y lograr una holgada victoria al aprovechar las sinergias pospand\u00e9micas simbolizadas en el optimista escenario econ\u00f3mico que se dibujar\u00e1 tras la llegada de los prometidos Fondos de la Uni\u00f3n Europea.<\/p>\n<h3>Incierto apoyo parlamentario<\/h3>\n<p>Las recientes elecciones celebradas en Catalu\u00f1a habr\u00edan escenificado la imposibilidad de reeditar el Tripartito en Catalu\u00f1a (PSC, ERC y En Com\u00fa) tras el triunfo de una mayor\u00eda independentista que podr\u00eda desempolvar el pulso con el Estado central con la declaraci\u00f3n de la DUI.<\/p>\n<p>As\u00ed, <a href=\"https:\/\/www.revistarambla.com\/en\/aragones-quiere-ser-el-presidente-que-culmine-la-independencia-de-catalunya\/\">el nuevo Govern presidido por Pere Aragon\u00e9s<\/a> estar\u00eda reafirmado en una s\u00f3lida conciencia de pertenencia a la Naci\u00f3n Catalana y tras la concesi\u00f3n de indultos por el Gobierno S\u00e1nchez y el apoyo del Consejo de Europa a las tesis independentistas, no cejar\u00e1 en su empe\u00f1o de lograr la Rep\u00fablica Catalana.<\/p>\n<p>Por otra parte, los desencuentros de Unidas Podemos respecto al Gobierno S\u00e1nchez se podr\u00edan agudizar en los pr\u00f3ximos meses tras la constataci\u00f3n del fracaso de la derogaci\u00f3n de la Reforma Laboral abanderada por la actual ministra de Trabajo, <strong>Yolanda D\u00edaz<\/strong>, lo que conllevar\u00eda la salida de Unidas Podemos del Ejecutivo, quedando en el entreacto <strong>Pedro S\u00e1nchez<\/strong> hu\u00e9rfano del sustento parlamentario de los grupos perif\u00e9ricos vascos y catalanes. En consecuencia, se antoja factible la convocatoria por S\u00e1nchez de unas Elecciones anticipadas en el horizonte del pr\u00f3ximo oto\u00f1o.<\/p>\n<h3>\u00bfPiensa S\u00e1nchez copiar la estrategia de Ayuso?<\/h3>\n<p>El fiasco de la presentaci\u00f3n por PSOE y Cs de una moci\u00f3n de censura contra el Presidente de Murcia, el popular <strong>L\u00f3pez Miras<\/strong> y la posterior debacle electoral del PSOE en las recientes elecciones madrile\u00f1as, habr\u00eda forzado al \u00ednclito <strong>Iv\u00e1n Redondo<\/strong> a revisar su anterior estrategia e incorporar a su bagaje pol\u00edtico la llamada inteligencia maquiav\u00e9lica, consistente el \u201cuso de comportamiento cooperativos o combativos que le puedan reportar mayores posibilidades de adaptaci\u00f3n en funci\u00f3n de una situaci\u00f3n concreta\u201d y que podr\u00eda tener su plasmaci\u00f3n en la convocatoria de Elecciones anticipadas para el oto\u00f1o del 2021.<\/p>\n<p>Asimismo, la inteligencia medi\u00e1tica se distingue por \u201cuna extraordinaria capacidad para encontrar las debilidades ajenas y utilizarlas en beneficio propio as\u00ed como de realizar acciones complejas que pueden no ser entendidas en un principio por sus votantes pues sus metas se proyectan hacia un futuro mediato\u201d (lograr la mayor\u00eda absoluta de Pedro S\u00e1nchez).<\/p>\n<p><strong>Edward L. Bernays<\/strong> en su libro <em>Cristalizando la opini\u00f3n p\u00fablica<\/em>, desentra\u00f1a los mecanismos cerebrales del grupo y la influencia de la propaganda como m\u00e9todo para unificar su pensamiento. As\u00ed, seg\u00fan L. Bernays, \u201cla mente del grupo no piensa, en el sentido estricto de la palabra. En lugar de pensamientos tiene impulsos, h\u00e1bitos y emociones. A la hora de decidir su primer impulso es normalmente seguir el ejemplo de un l\u00edder en quien conf\u00eda\u201d.<\/p>\n<p>En consecuencia, la campa\u00f1a dise\u00f1ada por <strong>Iv\u00e1n Redondo<\/strong> ir\u00e1 dirigida no al sujeto individual sino al Grupo en el que la personalidad del individuo unidimensional se diluye y queda envuelta en retazos de falsas expectativas creadas y anhelos comunes que lo sustenta (utop\u00eda del retorno a la normalidad).<\/p>\n<p>Para ello, plagiar\u00e1 la estrategia de <strong>Ayuso<\/strong> conocida como \u201cGobernanza a la madrile\u00f1a\u201d, doctrina populista que intercala ayudas econ\u00f3micas, bajadas de impuestos y la eliminaci\u00f3n de las restricciones a las libertades individuales. As\u00ed, la controvertida concesi\u00f3n de indultos a los procesados del Proc\u00e9s estar\u00eda aderezada con medidas populistas como la liberaci\u00f3n de la mascarilla en espacios al aire libre, <a href=\"https:\/\/www.revistarambla.com\/en\/la-ocu-pide-bajar-el-iva-de-la-luz-al-10-y-eliminar-la-tasa-de-la-electricidad\/\">la bajada del IVA de la luz<\/a> y la ampliaci\u00f3n de la salud bucodental a las prestaciones de la Seguridad Social.<\/p>\n<p>Dichas medidas tendr\u00e1n su continuidad en los pr\u00f3ximos meses hasta implementar el <em>panem et circenses ayusiano<\/em> que se ha demostrado imbatible en las urnas, no siendo descartable la obtenci\u00f3n de una holgada victoria de S\u00e1nchez que har\u00eda factible la implementaci\u00f3n de un Gobierno monocolor del PSOE apoyado por el PNV y que contar\u00eda con las bendiciones de las \u00e9lites empresariales.<\/p>\n<\/div>\n<\/div>\n<\/div>\n<\/div>\n<\/div>\n<\/div>","protected":false},"excerpt":{"rendered":"<p>Pedro S\u00e1nchez habr\u00eda dado por amortizada la actual legislatura y estar\u00eda planeando con Iv\u00e1n Redondo la convocatoria de elecciones anticipadas para este pr\u00f3ximo oto\u00f1o con el objetivo confeso de fagocitar los restos del naufragio de Unidas Podemos y lograr una holgada victoria al aprovechar las sinergias pospand\u00e9micas simbolizadas en el [&hellip;]<\/p>\n","protected":false},"author":16,"featured_media":33849,"comment_status":"open","ping_status":"open","sticky":false,"template":"","format":"standard","meta":{"footnotes":""},"categories":[72],"tags":[],"class_list":["post-33848","post","type-post","status-publish","format-standard","has-post-thumbnail","hentry","category-opinion"],"yoast_head":"<!-- This site is optimized with the Yoast SEO plugin v27.5 - https:\/\/yoast.com\/product\/yoast-seo-wordpress\/ -->\n<title>\u00bfElecciones anticipadas en oto\u00f1o? - Revista Rambla<\/title>\n<meta name=\"robots\" content=\"index, follow, max-snippet:-1, max-image-preview:large, max-video-preview:-1\" \/>\n<link rel=\"canonical\" href=\"https:\/\/www.revistarambla.com\/en\/elecciones-anticipadas-en-otono\/\" \/>\n<meta property=\"og:locale\" content=\"en_GB\" \/>\n<meta property=\"og:type\" content=\"article\" \/>\n<meta property=\"og:title\" content=\"\u00bfElecciones anticipadas en oto\u00f1o? - Revista Rambla\" \/>\n<meta property=\"og:description\" content=\"Pedro S\u00e1nchez habr\u00eda dado por amortizada la actual legislatura y estar\u00eda planeando con Iv\u00e1n Redondo la convocatoria de elecciones anticipadas para este pr\u00f3ximo oto\u00f1o con el objetivo confeso de fagocitar los restos del naufragio de Unidas Podemos y lograr una holgada victoria al aprovechar las sinergias pospand\u00e9micas simbolizadas en el [&hellip;]\" \/>\n<meta property=\"og:url\" content=\"https:\/\/www.revistarambla.com\/en\/elecciones-anticipadas-en-otono\/\" \/>\n<meta property=\"og:site_name\" content=\"Revista Rambla\" \/>\n<meta property=\"article:publisher\" content=\"https:\/\/www.facebook.com\/revistarambla\/\" \/>\n<meta property=\"article:published_time\" content=\"2021-06-23T10:59:14+00:00\" \/>\n<meta property=\"article:modified_time\" content=\"2021-12-07T15:11:33+00:00\" \/>\n<meta property=\"og:image\" content=\"https:\/\/www.revistarambla.com\/wp-content\/uploads\/2021\/06\/pedro-sanchez-e-ivan-redondo.-foto.-psoe-1.jpg\" \/>\n\t<meta property=\"og:image:width\" content=\"998\" \/>\n\t<meta property=\"og:image:height\" content=\"558\" \/>\n\t<meta property=\"og:image:type\" content=\"image\/jpeg\" \/>\n<meta name=\"author\" content=\"Germ\u00e1n Gorraiz L\u00f3pez\" \/>\n<meta name=\"twitter:card\" content=\"summary_large_image\" \/>\n<meta name=\"twitter:creator\" content=\"@revistarambla\" \/>\n<meta name=\"twitter:site\" content=\"@revistarambla\" \/>\n<meta name=\"twitter:label1\" content=\"Written by\" \/>\n\t<meta name=\"twitter:data1\" content=\"Germ\u00e1n Gorraiz L\u00f3pez\" \/>\n\t<meta name=\"twitter:label2\" content=\"Estimated reading time\" \/>\n\t<meta name=\"twitter:data2\" content=\"4 minutes\" \/>\n<script type=\"application\/ld+json\" class=\"yoast-schema-graph\">{\"@context\":\"https:\\\/\\\/schema.org\",\"@graph\":[{\"@type\":\"Article\",\"@id\":\"https:\\\/\\\/www.revistarambla.com\\\/elecciones-anticipadas-en-otono\\\/#article\",\"isPartOf\":{\"@id\":\"https:\\\/\\\/www.revistarambla.com\\\/elecciones-anticipadas-en-otono\\\/\"},\"author\":{\"name\":\"Germ\u00e1n Gorraiz L\u00f3pez\",\"@id\":\"https:\\\/\\\/www.revistarambla.com\\\/#\\\/schema\\\/person\\\/23a7868ff10cd88f8fdb045c7b7e4a4d\"},\"headline\":\"\u00bfElecciones anticipadas en oto\u00f1o?\",\"datePublished\":\"2021-06-23T10:59:14+00:00\",\"dateModified\":\"2021-12-07T15:11:33+00:00\",\"mainEntityOfPage\":{\"@id\":\"https:\\\/\\\/www.revistarambla.com\\\/elecciones-anticipadas-en-otono\\\/\"},\"wordCount\":765,\"commentCount\":0,\"publisher\":{\"@id\":\"https:\\\/\\\/www.revistarambla.com\\\/#organization\"},\"image\":{\"@id\":\"https:\\\/\\\/www.revistarambla.com\\\/elecciones-anticipadas-en-otono\\\/#primaryimage\"},\"thumbnailUrl\":\"https:\\\/\\\/www.revistarambla.com\\\/wp-content\\\/uploads\\\/2021\\\/06\\\/pedro-sanchez-e-ivan-redondo.-foto.-psoe-1.jpg\",\"articleSection\":[\"Opiniones\"],\"inLanguage\":\"en-GB\",\"potentialAction\":[{\"@type\":\"CommentAction\",\"name\":\"Comment\",\"target\":[\"https:\\\/\\\/www.revistarambla.com\\\/elecciones-anticipadas-en-otono\\\/#respond\"]}]},{\"@type\":\"WebPage\",\"@id\":\"https:\\\/\\\/www.revistarambla.com\\\/elecciones-anticipadas-en-otono\\\/\",\"url\":\"https:\\\/\\\/www.revistarambla.com\\\/elecciones-anticipadas-en-otono\\\/\",\"name\":\"\u00bfElecciones anticipadas en oto\u00f1o? - Revista Rambla\",\"isPartOf\":{\"@id\":\"https:\\\/\\\/www.revistarambla.com\\\/#website\"},\"primaryImageOfPage\":{\"@id\":\"https:\\\/\\\/www.revistarambla.com\\\/elecciones-anticipadas-en-otono\\\/#primaryimage\"},\"image\":{\"@id\":\"https:\\\/\\\/www.revistarambla.com\\\/elecciones-anticipadas-en-otono\\\/#primaryimage\"},\"thumbnailUrl\":\"https:\\\/\\\/www.revistarambla.com\\\/wp-content\\\/uploads\\\/2021\\\/06\\\/pedro-sanchez-e-ivan-redondo.-foto.-psoe-1.jpg\",\"datePublished\":\"2021-06-23T10:59:14+00:00\",\"dateModified\":\"2021-12-07T15:11:33+00:00\",\"breadcrumb\":{\"@id\":\"https:\\\/\\\/www.revistarambla.com\\\/elecciones-anticipadas-en-otono\\\/#breadcrumb\"},\"inLanguage\":\"en-GB\",\"potentialAction\":[{\"@type\":\"ReadAction\",\"target\":[\"https:\\\/\\\/www.revistarambla.com\\\/elecciones-anticipadas-en-otono\\\/\"]}]},{\"@type\":\"ImageObject\",\"inLanguage\":\"en-GB\",\"@id\":\"https:\\\/\\\/www.revistarambla.com\\\/elecciones-anticipadas-en-otono\\\/#primaryimage\",\"url\":\"https:\\\/\\\/www.revistarambla.com\\\/wp-content\\\/uploads\\\/2021\\\/06\\\/pedro-sanchez-e-ivan-redondo.-foto.-psoe-1.jpg\",\"contentUrl\":\"https:\\\/\\\/www.revistarambla.com\\\/wp-content\\\/uploads\\\/2021\\\/06\\\/pedro-sanchez-e-ivan-redondo.-foto.-psoe-1.jpg\",\"width\":998,\"height\":558},{\"@type\":\"BreadcrumbList\",\"@id\":\"https:\\\/\\\/www.revistarambla.com\\\/elecciones-anticipadas-en-otono\\\/#breadcrumb\",\"itemListElement\":[{\"@type\":\"ListItem\",\"position\":1,\"name\":\"Portada\",\"item\":\"https:\\\/\\\/www.revistarambla.com\\\/\"},{\"@type\":\"ListItem\",\"position\":2,\"name\":\"\u00bfElecciones anticipadas en oto\u00f1o?\"}]},{\"@type\":\"WebSite\",\"@id\":\"https:\\\/\\\/www.revistarambla.com\\\/#website\",\"url\":\"https:\\\/\\\/www.revistarambla.com\\\/\",\"name\":\"Revista Rambla Barcelona\",\"description\":\"Periodismo independiente\",\"publisher\":{\"@id\":\"https:\\\/\\\/www.revistarambla.com\\\/#organization\"},\"potentialAction\":[{\"@type\":\"SearchAction\",\"target\":{\"@type\":\"EntryPoint\",\"urlTemplate\":\"https:\\\/\\\/www.revistarambla.com\\\/?s={search_term_string}\"},\"query-input\":{\"@type\":\"PropertyValueSpecification\",\"valueRequired\":true,\"valueName\":\"search_term_string\"}}],\"inLanguage\":\"en-GB\"},{\"@type\":\"Organization\",\"@id\":\"https:\\\/\\\/www.revistarambla.com\\\/#organization\",\"name\":\"Revista Rambla\",\"url\":\"https:\\\/\\\/www.revistarambla.com\\\/\",\"logo\":{\"@type\":\"ImageObject\",\"inLanguage\":\"en-GB\",\"@id\":\"https:\\\/\\\/www.revistarambla.com\\\/#\\\/schema\\\/logo\\\/image\\\/\",\"url\":\"https:\\\/\\\/www.revistarambla.com\\\/wp-content\\\/uploads\\\/2020\\\/09\\\/banner_rambla_1900x600_BB.png\",\"contentUrl\":\"https:\\\/\\\/www.revistarambla.com\\\/wp-content\\\/uploads\\\/2020\\\/09\\\/banner_rambla_1900x600_BB.png\",\"width\":1900,\"height\":600,\"caption\":\"Revista Rambla\"},\"image\":{\"@id\":\"https:\\\/\\\/www.revistarambla.com\\\/#\\\/schema\\\/logo\\\/image\\\/\"},\"sameAs\":[\"https:\\\/\\\/www.facebook.com\\\/revistarambla\\\/\",\"https:\\\/\\\/x.com\\\/revistarambla\",\"https:\\\/\\\/www.instagram.com\\\/revista_rambla\",\"https:\\\/\\\/es.linkedin.com\\\/company\\\/revista-rambla\"]},{\"@type\":\"Person\",\"@id\":\"https:\\\/\\\/www.revistarambla.com\\\/#\\\/schema\\\/person\\\/23a7868ff10cd88f8fdb045c7b7e4a4d\",\"name\":\"Germ\u00e1n Gorraiz L\u00f3pez\",\"description\":\"Nacido en Navarra en 1957. Escribe an\u00e1lisis sobre temas econ\u00f3micos y geopol\u00edticos. Es miembro de Attac-Navarra. Colabora habitualmente en varios medios digitales e impresos espa\u00f1oles y latinoamericanos.\"}]}<\/script>\n<!-- \/ Yoast SEO plugin. -->","yoast_head_json":{"title":"\u00bfElecciones anticipadas en oto\u00f1o? - Revista Rambla","robots":{"index":"index","follow":"follow","max-snippet":"max-snippet:-1","max-image-preview":"max-image-preview:large","max-video-preview":"max-video-preview:-1"},"canonical":"https:\/\/www.revistarambla.com\/en\/elecciones-anticipadas-en-otono\/","og_locale":"en_GB","og_type":"article","og_title":"\u00bfElecciones anticipadas en oto\u00f1o? - Revista Rambla","og_description":"Pedro S\u00e1nchez habr\u00eda dado por amortizada la actual legislatura y estar\u00eda planeando con Iv\u00e1n Redondo la convocatoria de elecciones anticipadas para este pr\u00f3ximo oto\u00f1o con el objetivo confeso de fagocitar los restos del naufragio de Unidas Podemos y lograr una holgada victoria al aprovechar las sinergias pospand\u00e9micas simbolizadas en el [&hellip;]","og_url":"https:\/\/www.revistarambla.com\/en\/elecciones-anticipadas-en-otono\/","og_site_name":"Revista Rambla","article_publisher":"https:\/\/www.facebook.com\/revistarambla\/","article_published_time":"2021-06-23T10:59:14+00:00","article_modified_time":"2021-12-07T15:11:33+00:00","og_image":[{"width":998,"height":558,"url":"https:\/\/www.revistarambla.com\/wp-content\/uploads\/2021\/06\/pedro-sanchez-e-ivan-redondo.-foto.-psoe-1.jpg","type":"image\/jpeg"}],"author":"Germ\u00e1n Gorraiz L\u00f3pez","twitter_card":"summary_large_image","twitter_creator":"@revistarambla","twitter_site":"@revistarambla","twitter_misc":{"Written by":"Germ\u00e1n Gorraiz L\u00f3pez","Estimated reading time":"4 minutes"},"schema":{"@context":"https:\/\/schema.org","@graph":[{"@type":"Article","@id":"https:\/\/www.revistarambla.com\/elecciones-anticipadas-en-otono\/#article","isPartOf":{"@id":"https:\/\/www.revistarambla.com\/elecciones-anticipadas-en-otono\/"},"author":{"name":"Germ\u00e1n Gorraiz L\u00f3pez","@id":"https:\/\/www.revistarambla.com\/#\/schema\/person\/23a7868ff10cd88f8fdb045c7b7e4a4d"},"headline":"\u00bfElecciones anticipadas en oto\u00f1o?","datePublished":"2021-06-23T10:59:14+00:00","dateModified":"2021-12-07T15:11:33+00:00","mainEntityOfPage":{"@id":"https:\/\/www.revistarambla.com\/elecciones-anticipadas-en-otono\/"},"wordCount":765,"commentCount":0,"publisher":{"@id":"https:\/\/www.revistarambla.com\/#organization"},"image":{"@id":"https:\/\/www.revistarambla.com\/elecciones-anticipadas-en-otono\/#primaryimage"},"thumbnailUrl":"https:\/\/www.revistarambla.com\/wp-content\/uploads\/2021\/06\/pedro-sanchez-e-ivan-redondo.-foto.-psoe-1.jpg","articleSection":["Opiniones"],"inLanguage":"en-GB","potentialAction":[{"@type":"CommentAction","name":"Comment","target":["https:\/\/www.revistarambla.com\/elecciones-anticipadas-en-otono\/#respond"]}]},{"@type":"WebPage","@id":"https:\/\/www.revistarambla.com\/elecciones-anticipadas-en-otono\/","url":"https:\/\/www.revistarambla.com\/elecciones-anticipadas-en-otono\/","name":"\u00bfElecciones anticipadas en oto\u00f1o? - Revista Rambla","isPartOf":{"@id":"https:\/\/www.revistarambla.com\/#website"},"primaryImageOfPage":{"@id":"https:\/\/www.revistarambla.com\/elecciones-anticipadas-en-otono\/#primaryimage"},"image":{"@id":"https:\/\/www.revistarambla.com\/elecciones-anticipadas-en-otono\/#primaryimage"},"thumbnailUrl":"https:\/\/www.revistarambla.com\/wp-content\/uploads\/2021\/06\/pedro-sanchez-e-ivan-redondo.-foto.-psoe-1.jpg","datePublished":"2021-06-23T10:59:14+00:00","dateModified":"2021-12-07T15:11:33+00:00","breadcrumb":{"@id":"https:\/\/www.revistarambla.com\/elecciones-anticipadas-en-otono\/#breadcrumb"},"inLanguage":"en-GB","potentialAction":[{"@type":"ReadAction","target":["https:\/\/www.revistarambla.com\/elecciones-anticipadas-en-otono\/"]}]},{"@type":"ImageObject","inLanguage":"en-GB","@id":"https:\/\/www.revistarambla.com\/elecciones-anticipadas-en-otono\/#primaryimage","url":"https:\/\/www.revistarambla.com\/wp-content\/uploads\/2021\/06\/pedro-sanchez-e-ivan-redondo.-foto.-psoe-1.jpg","contentUrl":"https:\/\/www.revistarambla.com\/wp-content\/uploads\/2021\/06\/pedro-sanchez-e-ivan-redondo.-foto.-psoe-1.jpg","width":998,"height":558},{"@type":"BreadcrumbList","@id":"https:\/\/www.revistarambla.com\/elecciones-anticipadas-en-otono\/#breadcrumb","itemListElement":[{"@type":"ListItem","position":1,"name":"Portada","item":"https:\/\/www.revistarambla.com\/"},{"@type":"ListItem","position":2,"name":"\u00bfElecciones anticipadas en oto\u00f1o?"}]},{"@type":"WebSite","@id":"https:\/\/www.revistarambla.com\/#website","url":"https:\/\/www.revistarambla.com\/","name":"Revista Rambla Barcelona","description":"Periodismo independiente","publisher":{"@id":"https:\/\/www.revistarambla.com\/#organization"},"potentialAction":[{"@type":"SearchAction","target":{"@type":"EntryPoint","urlTemplate":"https:\/\/www.revistarambla.com\/?s={search_term_string}"},"query-input":{"@type":"PropertyValueSpecification","valueRequired":true,"valueName":"search_term_string"}}],"inLanguage":"en-GB"},{"@type":"Organization","@id":"https:\/\/www.revistarambla.com\/#organization","name":"Revista Rambla","url":"https:\/\/www.revistarambla.com\/","logo":{"@type":"ImageObject","inLanguage":"en-GB","@id":"https:\/\/www.revistarambla.com\/#\/schema\/logo\/image\/","url":"https:\/\/www.revistarambla.com\/wp-content\/uploads\/2020\/09\/banner_rambla_1900x600_BB.png","contentUrl":"https:\/\/www.revistarambla.com\/wp-content\/uploads\/2020\/09\/banner_rambla_1900x600_BB.png","width":1900,"height":600,"caption":"Revista Rambla"},"image":{"@id":"https:\/\/www.revistarambla.com\/#\/schema\/logo\/image\/"},"sameAs":["https:\/\/www.facebook.com\/revistarambla\/","https:\/\/x.com\/revistarambla","https:\/\/www.instagram.com\/revista_rambla","https:\/\/es.linkedin.com\/company\/revista-rambla"]},{"@type":"Person","@id":"https:\/\/www.revistarambla.com\/#\/schema\/person\/23a7868ff10cd88f8fdb045c7b7e4a4d","name":"Germ\u00e1n Gorraiz L\u00f3pez","description":"Nacido en Navarra en 1957. Escribe an\u00e1lisis sobre temas econ\u00f3micos y geopol\u00edticos. Es miembro de Attac-Navarra. Colabora habitualmente en varios medios digitales e impresos espa\u00f1oles y latinoamericanos."}]}},"_links":{"self":[{"href":"https:\/\/www.revistarambla.com\/en\/wp-json\/wp\/v2\/posts\/33848","targetHints":{"allow":["GET"]}}],"collection":[{"href":"https:\/\/www.revistarambla.com\/en\/wp-json\/wp\/v2\/posts"}],"about":[{"href":"https:\/\/www.revistarambla.com\/en\/wp-json\/wp\/v2\/types\/post"}],"author":[{"embeddable":true,"href":"https:\/\/www.revistarambla.com\/en\/wp-json\/wp\/v2\/users\/16"}],"replies":[{"embeddable":true,"href":"https:\/\/www.revistarambla.com\/en\/wp-json\/wp\/v2\/comments?post=33848"}],"version-history":[{"count":0,"href":"https:\/\/www.revistarambla.com\/en\/wp-json\/wp\/v2\/posts\/33848\/revisions"}],"wp:featuredmedia":[{"embeddable":true,"href":"https:\/\/www.revistarambla.com\/en\/wp-json\/wp\/v2\/media\/33849"}],"wp:attachment":[{"href":"https:\/\/www.revistarambla.com\/en\/wp-json\/wp\/v2\/media?parent=33848"}],"wp:term":[{"taxonomy":"category","embeddable":true,"href":"https:\/\/www.revistarambla.com\/en\/wp-json\/wp\/v2\/categories?post=33848"},{"taxonomy":"post_tag","embeddable":true,"href":"https:\/\/www.revistarambla.com\/en\/wp-json\/wp\/v2\/tags?post=33848"}],"curies":[{"name":"wp","href":"https:\/\/api.w.org\/{rel}","templated":true}]}}