{"id":33732,"date":"2021-06-18T16:55:53","date_gmt":"2021-06-18T14:55:53","guid":{"rendered":"https:\/\/www.revistarambla.com\/?p=33732"},"modified":"2021-12-07T16:11:45","modified_gmt":"2021-12-07T15:11:45","slug":"pandemia-sabios-e-ignorantes","status":"publish","type":"post","link":"https:\/\/www.revistarambla.com\/en\/pandemia-sabios-e-ignorantes\/","title":{"rendered":"Pandemia, sabios e ignorantes"},"content":{"rendered":"<p>La irrupci\u00f3n de la pandemia del COVID-19 result\u00f3 impredecible para los expertos de la OMS, incapaces de comprender la vertiginosa conjunci\u00f3n de fuerzas centr\u00edpetas y centr\u00edfugas que iban a configurar el caos posterior en forma de pandemia viral que se extendi\u00f3 por el orbe sumiendo a la Humanidad en un shock traum\u00e1tico, con lo que parafraseando el iconoclasta economista John Kenneth Galbraiht, podemos afirmar que \u201chay dos clases de expertos: los que no tienen ni idea y los que no saben ni eso\u201d.<\/p>\n<p>Para entender el caos, habr\u00eda que recurrir al llamado \u00abefecto mariposa\u00bb esbozada por el meteor\u00f3logo estadounidense Edward Lorenz en 1972 y que se basar\u00eda en que \u201cla secuencia interminable de hechos, aparentemente desencadenados entre s\u00ed, acaban por tener consecuencias completamente impredecibles\u201d.<\/p>\n<p>Dicho efecto mariposa trasladado a sistemas complejos como la Detecci\u00f3n y Prevenci\u00f3n de Epidemias tendr\u00eda como efecto colateral la imposibilidad de detectar con antelaci\u00f3n un futuro mediato pues los modelos cu\u00e1nticos que utilizan ser\u00edan tan solo simulaciones basadas en modelos precedentes.<\/p>\n<p>As\u00ed, la inclusi\u00f3n de tan solo una variable incorrecta o la repentina aparici\u00f3n de una variable imprevista provoca que el margen de error de dichos modelos se amplifique en cada unidad de tiempo simulada hasta exceder incluso el l\u00edmite estratosf\u00e9rico del cien por cien.<\/p>\n<p>En consecuencia, la irrupci\u00f3n en el escenario mundial de una nueva pandemia viral no fue apercibida\u00a0por los expertos de la OMS debido a que nuestra mente es capaz de secuenciar \u00fanicamente fragmentos de la secuencia total del inmenso genoma del caos ante hechos que se escapan de los par\u00e1metros conocidos.<\/p>\n<p>Asimismo, fueron incapaces de reconocer su ignorancia, pues la diferencia entre un sabio y un ignorante es que el primero es capaz de reconocer que la sabidur\u00eda procede del reconocimiento de la ignorancia, plasmada en la ic\u00f3nica frase atribuida a S\u00f3crates (\u201csolo s\u00e9 que no s\u00e9 nada\u201d).<\/p>","protected":false},"excerpt":{"rendered":"<p>\u201cSi comienza uno con certezas, terminar\u00e1 con dudas; m\u00e1s si se acepta empezar con dudas, llegar\u00e1 a terminar con certezas\u201d (Francis Bacon)<\/p>","protected":false},"author":16,"featured_media":33733,"comment_status":"open","ping_status":"open","sticky":false,"template":"","format":"standard","meta":{"footnotes":""},"categories":[72],"tags":[],"class_list":["post-33732","post","type-post","status-publish","format-standard","has-post-thumbnail","hentry","category-opinion"],"yoast_head":"<!-- This site is optimized with the Yoast SEO plugin v27.5 - https:\/\/yoast.com\/product\/yoast-seo-wordpress\/ -->\n<title>Pandemia, sabios e ignorantes - Revista Rambla<\/title>\n<meta name=\"robots\" content=\"index, follow, max-snippet:-1, max-image-preview:large, max-video-preview:-1\" \/>\n<link rel=\"canonical\" href=\"https:\/\/www.revistarambla.com\/en\/pandemia-sabios-e-ignorantes\/\" \/>\n<meta property=\"og:locale\" content=\"en_GB\" \/>\n<meta property=\"og:type\" content=\"article\" \/>\n<meta property=\"og:title\" content=\"Pandemia, sabios e ignorantes - Revista Rambla\" \/>\n<meta property=\"og:description\" content=\"\u201cSi comienza uno con certezas, terminar\u00e1 con dudas; m\u00e1s si se acepta empezar con dudas, llegar\u00e1 a terminar con certezas\u201d (Francis Bacon)\" \/>\n<meta property=\"og:url\" content=\"https:\/\/www.revistarambla.com\/en\/pandemia-sabios-e-ignorantes\/\" \/>\n<meta property=\"og:site_name\" content=\"Revista Rambla\" \/>\n<meta property=\"article:publisher\" content=\"https:\/\/www.facebook.com\/revistarambla\/\" \/>\n<meta property=\"article:published_time\" content=\"2021-06-18T14:55:53+00:00\" \/>\n<meta property=\"article:modified_time\" content=\"2021-12-07T15:11:45+00:00\" \/>\n<meta property=\"og:image\" content=\"https:\/\/www.revistarambla.com\/wp-content\/uploads\/2021\/06\/Screenshot-2021-06-18-at-16-54-50-Cumbre-de-la-OMS-acuerda-una-investigacion-independiente-en-medio-de-las-acusaciones-de-E....png\" \/>\n\t<meta property=\"og:image:width\" content=\"877\" \/>\n\t<meta property=\"og:image:height\" content=\"493\" \/>\n\t<meta property=\"og:image:type\" content=\"image\/png\" \/>\n<meta name=\"author\" content=\"Germ\u00e1n Gorraiz L\u00f3pez\" \/>\n<meta name=\"twitter:card\" content=\"summary_large_image\" \/>\n<meta name=\"twitter:creator\" content=\"@revistarambla\" \/>\n<meta name=\"twitter:site\" content=\"@revistarambla\" \/>\n<meta name=\"twitter:label1\" content=\"Written by\" \/>\n\t<meta name=\"twitter:data1\" content=\"Germ\u00e1n Gorraiz L\u00f3pez\" \/>\n\t<meta name=\"twitter:label2\" content=\"Estimated reading time\" \/>\n\t<meta name=\"twitter:data2\" content=\"2 minutes\" \/>\n<script type=\"application\/ld+json\" class=\"yoast-schema-graph\">{\"@context\":\"https:\\\/\\\/schema.org\",\"@graph\":[{\"@type\":\"Article\",\"@id\":\"https:\\\/\\\/www.revistarambla.com\\\/pandemia-sabios-e-ignorantes\\\/#article\",\"isPartOf\":{\"@id\":\"https:\\\/\\\/www.revistarambla.com\\\/pandemia-sabios-e-ignorantes\\\/\"},\"author\":{\"name\":\"Germ\u00e1n Gorraiz L\u00f3pez\",\"@id\":\"https:\\\/\\\/www.revistarambla.com\\\/#\\\/schema\\\/person\\\/23a7868ff10cd88f8fdb045c7b7e4a4d\"},\"headline\":\"Pandemia, sabios e ignorantes\",\"datePublished\":\"2021-06-18T14:55:53+00:00\",\"dateModified\":\"2021-12-07T15:11:45+00:00\",\"mainEntityOfPage\":{\"@id\":\"https:\\\/\\\/www.revistarambla.com\\\/pandemia-sabios-e-ignorantes\\\/\"},\"wordCount\":333,\"commentCount\":0,\"publisher\":{\"@id\":\"https:\\\/\\\/www.revistarambla.com\\\/#organization\"},\"image\":{\"@id\":\"https:\\\/\\\/www.revistarambla.com\\\/pandemia-sabios-e-ignorantes\\\/#primaryimage\"},\"thumbnailUrl\":\"https:\\\/\\\/www.revistarambla.com\\\/wp-content\\\/uploads\\\/2021\\\/06\\\/Screenshot-2021-06-18-at-16-54-50-Cumbre-de-la-OMS-acuerda-una-investigacion-independiente-en-medio-de-las-acusaciones-de-E....png\",\"articleSection\":[\"Opiniones\"],\"inLanguage\":\"en-GB\",\"potentialAction\":[{\"@type\":\"CommentAction\",\"name\":\"Comment\",\"target\":[\"https:\\\/\\\/www.revistarambla.com\\\/pandemia-sabios-e-ignorantes\\\/#respond\"]}]},{\"@type\":\"WebPage\",\"@id\":\"https:\\\/\\\/www.revistarambla.com\\\/pandemia-sabios-e-ignorantes\\\/\",\"url\":\"https:\\\/\\\/www.revistarambla.com\\\/pandemia-sabios-e-ignorantes\\\/\",\"name\":\"Pandemia, sabios e ignorantes - Revista Rambla\",\"isPartOf\":{\"@id\":\"https:\\\/\\\/www.revistarambla.com\\\/#website\"},\"primaryImageOfPage\":{\"@id\":\"https:\\\/\\\/www.revistarambla.com\\\/pandemia-sabios-e-ignorantes\\\/#primaryimage\"},\"image\":{\"@id\":\"https:\\\/\\\/www.revistarambla.com\\\/pandemia-sabios-e-ignorantes\\\/#primaryimage\"},\"thumbnailUrl\":\"https:\\\/\\\/www.revistarambla.com\\\/wp-content\\\/uploads\\\/2021\\\/06\\\/Screenshot-2021-06-18-at-16-54-50-Cumbre-de-la-OMS-acuerda-una-investigacion-independiente-en-medio-de-las-acusaciones-de-E....png\",\"datePublished\":\"2021-06-18T14:55:53+00:00\",\"dateModified\":\"2021-12-07T15:11:45+00:00\",\"breadcrumb\":{\"@id\":\"https:\\\/\\\/www.revistarambla.com\\\/pandemia-sabios-e-ignorantes\\\/#breadcrumb\"},\"inLanguage\":\"en-GB\",\"potentialAction\":[{\"@type\":\"ReadAction\",\"target\":[\"https:\\\/\\\/www.revistarambla.com\\\/pandemia-sabios-e-ignorantes\\\/\"]}]},{\"@type\":\"ImageObject\",\"inLanguage\":\"en-GB\",\"@id\":\"https:\\\/\\\/www.revistarambla.com\\\/pandemia-sabios-e-ignorantes\\\/#primaryimage\",\"url\":\"https:\\\/\\\/www.revistarambla.com\\\/wp-content\\\/uploads\\\/2021\\\/06\\\/Screenshot-2021-06-18-at-16-54-50-Cumbre-de-la-OMS-acuerda-una-investigacion-independiente-en-medio-de-las-acusaciones-de-E....png\",\"contentUrl\":\"https:\\\/\\\/www.revistarambla.com\\\/wp-content\\\/uploads\\\/2021\\\/06\\\/Screenshot-2021-06-18-at-16-54-50-Cumbre-de-la-OMS-acuerda-una-investigacion-independiente-en-medio-de-las-acusaciones-de-E....png\",\"width\":877,\"height\":493},{\"@type\":\"BreadcrumbList\",\"@id\":\"https:\\\/\\\/www.revistarambla.com\\\/pandemia-sabios-e-ignorantes\\\/#breadcrumb\",\"itemListElement\":[{\"@type\":\"ListItem\",\"position\":1,\"name\":\"Portada\",\"item\":\"https:\\\/\\\/www.revistarambla.com\\\/\"},{\"@type\":\"ListItem\",\"position\":2,\"name\":\"Pandemia, sabios e ignorantes\"}]},{\"@type\":\"WebSite\",\"@id\":\"https:\\\/\\\/www.revistarambla.com\\\/#website\",\"url\":\"https:\\\/\\\/www.revistarambla.com\\\/\",\"name\":\"Revista Rambla Barcelona\",\"description\":\"Periodismo independiente\",\"publisher\":{\"@id\":\"https:\\\/\\\/www.revistarambla.com\\\/#organization\"},\"potentialAction\":[{\"@type\":\"SearchAction\",\"target\":{\"@type\":\"EntryPoint\",\"urlTemplate\":\"https:\\\/\\\/www.revistarambla.com\\\/?s={search_term_string}\"},\"query-input\":{\"@type\":\"PropertyValueSpecification\",\"valueRequired\":true,\"valueName\":\"search_term_string\"}}],\"inLanguage\":\"en-GB\"},{\"@type\":\"Organization\",\"@id\":\"https:\\\/\\\/www.revistarambla.com\\\/#organization\",\"name\":\"Revista Rambla\",\"url\":\"https:\\\/\\\/www.revistarambla.com\\\/\",\"logo\":{\"@type\":\"ImageObject\",\"inLanguage\":\"en-GB\",\"@id\":\"https:\\\/\\\/www.revistarambla.com\\\/#\\\/schema\\\/logo\\\/image\\\/\",\"url\":\"https:\\\/\\\/www.revistarambla.com\\\/wp-content\\\/uploads\\\/2020\\\/09\\\/banner_rambla_1900x600_BB.png\",\"contentUrl\":\"https:\\\/\\\/www.revistarambla.com\\\/wp-content\\\/uploads\\\/2020\\\/09\\\/banner_rambla_1900x600_BB.png\",\"width\":1900,\"height\":600,\"caption\":\"Revista Rambla\"},\"image\":{\"@id\":\"https:\\\/\\\/www.revistarambla.com\\\/#\\\/schema\\\/logo\\\/image\\\/\"},\"sameAs\":[\"https:\\\/\\\/www.facebook.com\\\/revistarambla\\\/\",\"https:\\\/\\\/x.com\\\/revistarambla\",\"https:\\\/\\\/www.instagram.com\\\/revista_rambla\",\"https:\\\/\\\/es.linkedin.com\\\/company\\\/revista-rambla\"]},{\"@type\":\"Person\",\"@id\":\"https:\\\/\\\/www.revistarambla.com\\\/#\\\/schema\\\/person\\\/23a7868ff10cd88f8fdb045c7b7e4a4d\",\"name\":\"Germ\u00e1n Gorraiz L\u00f3pez\",\"description\":\"Nacido en Navarra en 1957. Escribe an\u00e1lisis sobre temas econ\u00f3micos y geopol\u00edticos. Es miembro de Attac-Navarra. Colabora habitualmente en varios medios digitales e impresos espa\u00f1oles y latinoamericanos.\"}]}<\/script>\n<!-- \/ Yoast SEO plugin. -->","yoast_head_json":{"title":"Pandemia, sabios e ignorantes - Revista Rambla","robots":{"index":"index","follow":"follow","max-snippet":"max-snippet:-1","max-image-preview":"max-image-preview:large","max-video-preview":"max-video-preview:-1"},"canonical":"https:\/\/www.revistarambla.com\/en\/pandemia-sabios-e-ignorantes\/","og_locale":"en_GB","og_type":"article","og_title":"Pandemia, sabios e ignorantes - Revista Rambla","og_description":"\u201cSi comienza uno con certezas, terminar\u00e1 con dudas; m\u00e1s si se acepta empezar con dudas, llegar\u00e1 a terminar con certezas\u201d (Francis Bacon)","og_url":"https:\/\/www.revistarambla.com\/en\/pandemia-sabios-e-ignorantes\/","og_site_name":"Revista Rambla","article_publisher":"https:\/\/www.facebook.com\/revistarambla\/","article_published_time":"2021-06-18T14:55:53+00:00","article_modified_time":"2021-12-07T15:11:45+00:00","og_image":[{"width":877,"height":493,"url":"https:\/\/www.revistarambla.com\/wp-content\/uploads\/2021\/06\/Screenshot-2021-06-18-at-16-54-50-Cumbre-de-la-OMS-acuerda-una-investigacion-independiente-en-medio-de-las-acusaciones-de-E....png","type":"image\/png"}],"author":"Germ\u00e1n Gorraiz L\u00f3pez","twitter_card":"summary_large_image","twitter_creator":"@revistarambla","twitter_site":"@revistarambla","twitter_misc":{"Written by":"Germ\u00e1n Gorraiz L\u00f3pez","Estimated reading time":"2 minutes"},"schema":{"@context":"https:\/\/schema.org","@graph":[{"@type":"Article","@id":"https:\/\/www.revistarambla.com\/pandemia-sabios-e-ignorantes\/#article","isPartOf":{"@id":"https:\/\/www.revistarambla.com\/pandemia-sabios-e-ignorantes\/"},"author":{"name":"Germ\u00e1n Gorraiz L\u00f3pez","@id":"https:\/\/www.revistarambla.com\/#\/schema\/person\/23a7868ff10cd88f8fdb045c7b7e4a4d"},"headline":"Pandemia, sabios e ignorantes","datePublished":"2021-06-18T14:55:53+00:00","dateModified":"2021-12-07T15:11:45+00:00","mainEntityOfPage":{"@id":"https:\/\/www.revistarambla.com\/pandemia-sabios-e-ignorantes\/"},"wordCount":333,"commentCount":0,"publisher":{"@id":"https:\/\/www.revistarambla.com\/#organization"},"image":{"@id":"https:\/\/www.revistarambla.com\/pandemia-sabios-e-ignorantes\/#primaryimage"},"thumbnailUrl":"https:\/\/www.revistarambla.com\/wp-content\/uploads\/2021\/06\/Screenshot-2021-06-18-at-16-54-50-Cumbre-de-la-OMS-acuerda-una-investigacion-independiente-en-medio-de-las-acusaciones-de-E....png","articleSection":["Opiniones"],"inLanguage":"en-GB","potentialAction":[{"@type":"CommentAction","name":"Comment","target":["https:\/\/www.revistarambla.com\/pandemia-sabios-e-ignorantes\/#respond"]}]},{"@type":"WebPage","@id":"https:\/\/www.revistarambla.com\/pandemia-sabios-e-ignorantes\/","url":"https:\/\/www.revistarambla.com\/pandemia-sabios-e-ignorantes\/","name":"Pandemia, sabios e ignorantes - Revista Rambla","isPartOf":{"@id":"https:\/\/www.revistarambla.com\/#website"},"primaryImageOfPage":{"@id":"https:\/\/www.revistarambla.com\/pandemia-sabios-e-ignorantes\/#primaryimage"},"image":{"@id":"https:\/\/www.revistarambla.com\/pandemia-sabios-e-ignorantes\/#primaryimage"},"thumbnailUrl":"https:\/\/www.revistarambla.com\/wp-content\/uploads\/2021\/06\/Screenshot-2021-06-18-at-16-54-50-Cumbre-de-la-OMS-acuerda-una-investigacion-independiente-en-medio-de-las-acusaciones-de-E....png","datePublished":"2021-06-18T14:55:53+00:00","dateModified":"2021-12-07T15:11:45+00:00","breadcrumb":{"@id":"https:\/\/www.revistarambla.com\/pandemia-sabios-e-ignorantes\/#breadcrumb"},"inLanguage":"en-GB","potentialAction":[{"@type":"ReadAction","target":["https:\/\/www.revistarambla.com\/pandemia-sabios-e-ignorantes\/"]}]},{"@type":"ImageObject","inLanguage":"en-GB","@id":"https:\/\/www.revistarambla.com\/pandemia-sabios-e-ignorantes\/#primaryimage","url":"https:\/\/www.revistarambla.com\/wp-content\/uploads\/2021\/06\/Screenshot-2021-06-18-at-16-54-50-Cumbre-de-la-OMS-acuerda-una-investigacion-independiente-en-medio-de-las-acusaciones-de-E....png","contentUrl":"https:\/\/www.revistarambla.com\/wp-content\/uploads\/2021\/06\/Screenshot-2021-06-18-at-16-54-50-Cumbre-de-la-OMS-acuerda-una-investigacion-independiente-en-medio-de-las-acusaciones-de-E....png","width":877,"height":493},{"@type":"BreadcrumbList","@id":"https:\/\/www.revistarambla.com\/pandemia-sabios-e-ignorantes\/#breadcrumb","itemListElement":[{"@type":"ListItem","position":1,"name":"Portada","item":"https:\/\/www.revistarambla.com\/"},{"@type":"ListItem","position":2,"name":"Pandemia, sabios e ignorantes"}]},{"@type":"WebSite","@id":"https:\/\/www.revistarambla.com\/#website","url":"https:\/\/www.revistarambla.com\/","name":"Revista Rambla Barcelona","description":"Periodismo independiente","publisher":{"@id":"https:\/\/www.revistarambla.com\/#organization"},"potentialAction":[{"@type":"SearchAction","target":{"@type":"EntryPoint","urlTemplate":"https:\/\/www.revistarambla.com\/?s={search_term_string}"},"query-input":{"@type":"PropertyValueSpecification","valueRequired":true,"valueName":"search_term_string"}}],"inLanguage":"en-GB"},{"@type":"Organization","@id":"https:\/\/www.revistarambla.com\/#organization","name":"Revista Rambla","url":"https:\/\/www.revistarambla.com\/","logo":{"@type":"ImageObject","inLanguage":"en-GB","@id":"https:\/\/www.revistarambla.com\/#\/schema\/logo\/image\/","url":"https:\/\/www.revistarambla.com\/wp-content\/uploads\/2020\/09\/banner_rambla_1900x600_BB.png","contentUrl":"https:\/\/www.revistarambla.com\/wp-content\/uploads\/2020\/09\/banner_rambla_1900x600_BB.png","width":1900,"height":600,"caption":"Revista Rambla"},"image":{"@id":"https:\/\/www.revistarambla.com\/#\/schema\/logo\/image\/"},"sameAs":["https:\/\/www.facebook.com\/revistarambla\/","https:\/\/x.com\/revistarambla","https:\/\/www.instagram.com\/revista_rambla","https:\/\/es.linkedin.com\/company\/revista-rambla"]},{"@type":"Person","@id":"https:\/\/www.revistarambla.com\/#\/schema\/person\/23a7868ff10cd88f8fdb045c7b7e4a4d","name":"Germ\u00e1n Gorraiz L\u00f3pez","description":"Nacido en Navarra en 1957. Escribe an\u00e1lisis sobre temas econ\u00f3micos y geopol\u00edticos. Es miembro de Attac-Navarra. Colabora habitualmente en varios medios digitales e impresos espa\u00f1oles y latinoamericanos."}]}},"_links":{"self":[{"href":"https:\/\/www.revistarambla.com\/en\/wp-json\/wp\/v2\/posts\/33732","targetHints":{"allow":["GET"]}}],"collection":[{"href":"https:\/\/www.revistarambla.com\/en\/wp-json\/wp\/v2\/posts"}],"about":[{"href":"https:\/\/www.revistarambla.com\/en\/wp-json\/wp\/v2\/types\/post"}],"author":[{"embeddable":true,"href":"https:\/\/www.revistarambla.com\/en\/wp-json\/wp\/v2\/users\/16"}],"replies":[{"embeddable":true,"href":"https:\/\/www.revistarambla.com\/en\/wp-json\/wp\/v2\/comments?post=33732"}],"version-history":[{"count":0,"href":"https:\/\/www.revistarambla.com\/en\/wp-json\/wp\/v2\/posts\/33732\/revisions"}],"wp:featuredmedia":[{"embeddable":true,"href":"https:\/\/www.revistarambla.com\/en\/wp-json\/wp\/v2\/media\/33733"}],"wp:attachment":[{"href":"https:\/\/www.revistarambla.com\/en\/wp-json\/wp\/v2\/media?parent=33732"}],"wp:term":[{"taxonomy":"category","embeddable":true,"href":"https:\/\/www.revistarambla.com\/en\/wp-json\/wp\/v2\/categories?post=33732"},{"taxonomy":"post_tag","embeddable":true,"href":"https:\/\/www.revistarambla.com\/en\/wp-json\/wp\/v2\/tags?post=33732"}],"curies":[{"name":"wp","href":"https:\/\/api.w.org\/{rel}","templated":true}]}}