{"id":33712,"date":"2021-06-16T12:09:34","date_gmt":"2021-06-16T10:09:34","guid":{"rendered":"https:\/\/www.revistarambla.com\/?p=33712"},"modified":"2021-12-07T16:11:56","modified_gmt":"2021-12-07T15:11:56","slug":"complot-en-el-pp-para-defenestrar-a-pablo-casado","status":"publish","type":"post","link":"https:\/\/www.revistarambla.com\/en\/complot-en-el-pp-para-defenestrar-a-pablo-casado\/","title":{"rendered":"\u00bfComplot en el PP para defenestrar a Pablo Casado?"},"content":{"rendered":"<figure id=\"attachment_33713\" aria-describedby=\"caption-attachment-33713\" style=\"width: 799px\" class=\"wp-caption aligncenter\"><img decoding=\"async\" class=\"wp-image-33713 size-full\" src=\"https:\/\/www.revistarambla.com\/wp-content\/uploads\/2021\/06\/51155695357_962c5b83b8_c.jpg\" alt=\"\" width=\"799\" height=\"533\" srcset=\"https:\/\/www.revistarambla.com\/wp-content\/uploads\/2021\/06\/51155695357_962c5b83b8_c.jpg 799w, https:\/\/www.revistarambla.com\/wp-content\/uploads\/2021\/06\/51155695357_962c5b83b8_c-300x200.jpg 300w, https:\/\/www.revistarambla.com\/wp-content\/uploads\/2021\/06\/51155695357_962c5b83b8_c-768x512.jpg 768w\" sizes=\"(max-width: 799px) 100vw, 799px\" \/><figcaption id=\"caption-attachment-33713\" class=\"wp-caption-text\">Isabel D\u00edaz Ayuso. (PP Madrid)<\/figcaption><\/figure>\n<p>La presentaci\u00f3n por PSOE y Cs de una moci\u00f3n de censura contra el Presidente de Murcia, el popular L\u00f3pez Miras, habr\u00eda obligado a D\u00edaz Ayuso a revisar su actual estrategia e incorporar a su bagaje pol\u00edtico la llamada inteligencia maquiav\u00e9lica, consistente el \u201cuso de comportamiento cooperativos o combativos que le puedan reportar mayores posibilidades de adaptaci\u00f3n en funci\u00f3n de una situaci\u00f3n concreta\u201d y que tuvo su plasmaci\u00f3n en la convocatoria de Elecciones anticipadas en la Comunidad de Madrid para el mes de mayo.<\/p>\n<p>Asimismo, la inteligencia medi\u00e1tica se distingue por \u201cuna extraordinaria capacidad para encontrar las debilidades ajenas y utilizarlas en beneficio propio as\u00ed como de realizar acciones complejas que pueden no ser entendidas en un principio por sus votantes pues sus metas se proyectan hacia un futuro mediato\u201d (Presidenta del PP) y cuyo primer paso ha sido el lograr una mayor\u00eda suficiente para gobernar en solitario y seguir apostando por la marca \u201cGobernanza a la madrile\u00f1a\u201d.<\/p>\n<p>Para intentar comprender el fen\u00f3meno Ayuso, hay que recurrir a Edward L. Bernays quien en su libro \u201cCristalizando la opini\u00f3n p\u00fablica\u201d, desentra\u00f1a los mecanismos cerebrales del grupo y la influencia de la propaganda como m\u00e9todo para unificar su pensamiento. As\u00ed, seg\u00fan L. Bernays, \u201cla mente del grupo no piensa, en el sentido estricto de la palabra. En lugar de pensamientos tiene impulsos, h\u00e1bitos y emociones. A la hora de decidir su primer impulso es normalmente seguir el ejemplo de un l\u00edder en quien conf\u00eda\u201d.<\/p>\n<p>En consecuencia, la propaganda de Ayuso va dirigida no al sujeto individual sino al Grupo en el que la personalidad del individuo unidimensional se diluye y queda envuelta en retazos de falsas expectativas creadas y anhelos comunes que lo sustenta (utop\u00eda).<\/p>\n<p>La utop\u00eda ser\u00eda el camino para alcanzar un sue\u00f1o que llevar\u00eda impl\u00edcito en su potencia la facultad de devenir en acto concreto (ser investida Presidente del Gobierno), siendo preciso transitar por la senda marcada por <em>il poverello d&#8217;Assisi<\/em>: \u201cComienza haciendo lo que es necesario, despu\u00e9s lo que es posible y de repente estar\u00e1s haciendo lo imposible\u201d.<\/p>\n<p>As\u00ed, la utop\u00eda de Ayuso ser\u00eda vencer a Pedro S\u00e1nchez en las pr\u00f3ximas Elecciones Generales, destino final de un recorrido jalonado por lo necesario (lograr la mayor\u00eda necesaria en la comunidad madrile\u00f1a) y lo posible (ocupar la Presidencia del PP) y su estrategia electoral dise\u00f1ada por su asesor, el \u00ednclito MAR, se basar\u00e1 en la defensa a ultranza de la sacrosanta unidad de Espa\u00f1a y la exportaci\u00f3n del modelo neoliberal al conjunto del Estado o \u201cpatio trasero madrile\u00f1o\u201d y asimismo, enarbolar\u00e1 la bandera de las libertades individuales frente al \u201cEstado Totalitario Socialista\u201d en la creencia de que el electorado primar\u00e1 \u201cla Espa\u00f1a libre y moderna\u201d <em>ayusiana<\/em> frente al v\u00e9rtigo de \u201cla Espa\u00f1a rota y comunista\u201d de S\u00e1nchez.<\/p>","protected":false},"excerpt":{"rendered":"<p>El complot para defenestrar a Pablo Casado se estar\u00eda ya gestando en los fogones de la Fundaci\u00f3n FAES y contar\u00e1 con la colaboraci\u00f3n activa de las \u00e9lites empresariales y judiciales para intentar que la nueva estrella del firmamento neoliberal espa\u00f1ol, Isabel D\u00edaz Ayuso, sea investida Presidenta del Gobierno en las pr\u00f3ximas Elecciones Generales<\/p>","protected":false},"author":16,"featured_media":33713,"comment_status":"open","ping_status":"open","sticky":false,"template":"","format":"standard","meta":{"footnotes":""},"categories":[72],"tags":[],"class_list":["post-33712","post","type-post","status-publish","format-standard","has-post-thumbnail","hentry","category-opinion"],"yoast_head":"<!-- This site is optimized with the Yoast SEO plugin v27.5 - https:\/\/yoast.com\/product\/yoast-seo-wordpress\/ -->\n<title>\u00bfComplot en el PP para defenestrar a Pablo Casado? - Revista Rambla<\/title>\n<meta name=\"robots\" content=\"index, follow, max-snippet:-1, max-image-preview:large, max-video-preview:-1\" \/>\n<link rel=\"canonical\" href=\"https:\/\/www.revistarambla.com\/en\/complot-en-el-pp-para-defenestrar-a-pablo-casado\/\" \/>\n<meta property=\"og:locale\" content=\"en_GB\" \/>\n<meta property=\"og:type\" content=\"article\" \/>\n<meta property=\"og:title\" content=\"\u00bfComplot en el PP para defenestrar a Pablo Casado? - Revista Rambla\" \/>\n<meta property=\"og:description\" content=\"El complot para defenestrar a Pablo Casado se estar\u00eda ya gestando en los fogones de la Fundaci\u00f3n FAES y contar\u00e1 con la colaboraci\u00f3n activa de las \u00e9lites empresariales y judiciales para intentar que la nueva estrella del firmamento neoliberal espa\u00f1ol, Isabel D\u00edaz Ayuso, sea investida Presidenta del Gobierno en las pr\u00f3ximas Elecciones Generales\" \/>\n<meta property=\"og:url\" content=\"https:\/\/www.revistarambla.com\/en\/complot-en-el-pp-para-defenestrar-a-pablo-casado\/\" \/>\n<meta property=\"og:site_name\" content=\"Revista Rambla\" \/>\n<meta property=\"article:publisher\" content=\"https:\/\/www.facebook.com\/revistarambla\/\" \/>\n<meta property=\"article:published_time\" content=\"2021-06-16T10:09:34+00:00\" \/>\n<meta property=\"article:modified_time\" content=\"2021-12-07T15:11:56+00:00\" \/>\n<meta property=\"og:image\" content=\"https:\/\/www.revistarambla.com\/wp-content\/uploads\/2021\/06\/51155695357_962c5b83b8_c.jpg\" \/>\n\t<meta property=\"og:image:width\" content=\"799\" \/>\n\t<meta property=\"og:image:height\" content=\"533\" \/>\n\t<meta property=\"og:image:type\" content=\"image\/jpeg\" \/>\n<meta name=\"author\" content=\"Germ\u00e1n Gorraiz L\u00f3pez\" \/>\n<meta name=\"twitter:card\" content=\"summary_large_image\" \/>\n<meta name=\"twitter:creator\" content=\"@revistarambla\" \/>\n<meta name=\"twitter:site\" content=\"@revistarambla\" \/>\n<meta name=\"twitter:label1\" content=\"Written by\" \/>\n\t<meta name=\"twitter:data1\" content=\"Germ\u00e1n Gorraiz L\u00f3pez\" \/>\n\t<meta name=\"twitter:label2\" content=\"Estimated reading time\" \/>\n\t<meta name=\"twitter:data2\" content=\"3 minutes\" \/>\n<script type=\"application\/ld+json\" class=\"yoast-schema-graph\">{\"@context\":\"https:\\\/\\\/schema.org\",\"@graph\":[{\"@type\":\"Article\",\"@id\":\"https:\\\/\\\/www.revistarambla.com\\\/complot-en-el-pp-para-defenestrar-a-pablo-casado\\\/#article\",\"isPartOf\":{\"@id\":\"https:\\\/\\\/www.revistarambla.com\\\/complot-en-el-pp-para-defenestrar-a-pablo-casado\\\/\"},\"author\":{\"name\":\"Germ\u00e1n Gorraiz L\u00f3pez\",\"@id\":\"https:\\\/\\\/www.revistarambla.com\\\/#\\\/schema\\\/person\\\/23a7868ff10cd88f8fdb045c7b7e4a4d\"},\"headline\":\"\u00bfComplot en el PP para defenestrar a Pablo Casado?\",\"datePublished\":\"2021-06-16T10:09:34+00:00\",\"dateModified\":\"2021-12-07T15:11:56+00:00\",\"mainEntityOfPage\":{\"@id\":\"https:\\\/\\\/www.revistarambla.com\\\/complot-en-el-pp-para-defenestrar-a-pablo-casado\\\/\"},\"wordCount\":523,\"commentCount\":0,\"publisher\":{\"@id\":\"https:\\\/\\\/www.revistarambla.com\\\/#organization\"},\"image\":{\"@id\":\"https:\\\/\\\/www.revistarambla.com\\\/complot-en-el-pp-para-defenestrar-a-pablo-casado\\\/#primaryimage\"},\"thumbnailUrl\":\"https:\\\/\\\/www.revistarambla.com\\\/wp-content\\\/uploads\\\/2021\\\/06\\\/51155695357_962c5b83b8_c.jpg\",\"articleSection\":[\"Opiniones\"],\"inLanguage\":\"en-GB\",\"potentialAction\":[{\"@type\":\"CommentAction\",\"name\":\"Comment\",\"target\":[\"https:\\\/\\\/www.revistarambla.com\\\/complot-en-el-pp-para-defenestrar-a-pablo-casado\\\/#respond\"]}]},{\"@type\":\"WebPage\",\"@id\":\"https:\\\/\\\/www.revistarambla.com\\\/complot-en-el-pp-para-defenestrar-a-pablo-casado\\\/\",\"url\":\"https:\\\/\\\/www.revistarambla.com\\\/complot-en-el-pp-para-defenestrar-a-pablo-casado\\\/\",\"name\":\"\u00bfComplot en el PP para defenestrar a Pablo Casado? - Revista Rambla\",\"isPartOf\":{\"@id\":\"https:\\\/\\\/www.revistarambla.com\\\/#website\"},\"primaryImageOfPage\":{\"@id\":\"https:\\\/\\\/www.revistarambla.com\\\/complot-en-el-pp-para-defenestrar-a-pablo-casado\\\/#primaryimage\"},\"image\":{\"@id\":\"https:\\\/\\\/www.revistarambla.com\\\/complot-en-el-pp-para-defenestrar-a-pablo-casado\\\/#primaryimage\"},\"thumbnailUrl\":\"https:\\\/\\\/www.revistarambla.com\\\/wp-content\\\/uploads\\\/2021\\\/06\\\/51155695357_962c5b83b8_c.jpg\",\"datePublished\":\"2021-06-16T10:09:34+00:00\",\"dateModified\":\"2021-12-07T15:11:56+00:00\",\"breadcrumb\":{\"@id\":\"https:\\\/\\\/www.revistarambla.com\\\/complot-en-el-pp-para-defenestrar-a-pablo-casado\\\/#breadcrumb\"},\"inLanguage\":\"en-GB\",\"potentialAction\":[{\"@type\":\"ReadAction\",\"target\":[\"https:\\\/\\\/www.revistarambla.com\\\/complot-en-el-pp-para-defenestrar-a-pablo-casado\\\/\"]}]},{\"@type\":\"ImageObject\",\"inLanguage\":\"en-GB\",\"@id\":\"https:\\\/\\\/www.revistarambla.com\\\/complot-en-el-pp-para-defenestrar-a-pablo-casado\\\/#primaryimage\",\"url\":\"https:\\\/\\\/www.revistarambla.com\\\/wp-content\\\/uploads\\\/2021\\\/06\\\/51155695357_962c5b83b8_c.jpg\",\"contentUrl\":\"https:\\\/\\\/www.revistarambla.com\\\/wp-content\\\/uploads\\\/2021\\\/06\\\/51155695357_962c5b83b8_c.jpg\",\"width\":799,\"height\":533},{\"@type\":\"BreadcrumbList\",\"@id\":\"https:\\\/\\\/www.revistarambla.com\\\/complot-en-el-pp-para-defenestrar-a-pablo-casado\\\/#breadcrumb\",\"itemListElement\":[{\"@type\":\"ListItem\",\"position\":1,\"name\":\"Portada\",\"item\":\"https:\\\/\\\/www.revistarambla.com\\\/\"},{\"@type\":\"ListItem\",\"position\":2,\"name\":\"\u00bfComplot en el PP para defenestrar a Pablo Casado?\"}]},{\"@type\":\"WebSite\",\"@id\":\"https:\\\/\\\/www.revistarambla.com\\\/#website\",\"url\":\"https:\\\/\\\/www.revistarambla.com\\\/\",\"name\":\"Revista Rambla Barcelona\",\"description\":\"Periodismo independiente\",\"publisher\":{\"@id\":\"https:\\\/\\\/www.revistarambla.com\\\/#organization\"},\"potentialAction\":[{\"@type\":\"SearchAction\",\"target\":{\"@type\":\"EntryPoint\",\"urlTemplate\":\"https:\\\/\\\/www.revistarambla.com\\\/?s={search_term_string}\"},\"query-input\":{\"@type\":\"PropertyValueSpecification\",\"valueRequired\":true,\"valueName\":\"search_term_string\"}}],\"inLanguage\":\"en-GB\"},{\"@type\":\"Organization\",\"@id\":\"https:\\\/\\\/www.revistarambla.com\\\/#organization\",\"name\":\"Revista Rambla\",\"url\":\"https:\\\/\\\/www.revistarambla.com\\\/\",\"logo\":{\"@type\":\"ImageObject\",\"inLanguage\":\"en-GB\",\"@id\":\"https:\\\/\\\/www.revistarambla.com\\\/#\\\/schema\\\/logo\\\/image\\\/\",\"url\":\"https:\\\/\\\/www.revistarambla.com\\\/wp-content\\\/uploads\\\/2020\\\/09\\\/banner_rambla_1900x600_BB.png\",\"contentUrl\":\"https:\\\/\\\/www.revistarambla.com\\\/wp-content\\\/uploads\\\/2020\\\/09\\\/banner_rambla_1900x600_BB.png\",\"width\":1900,\"height\":600,\"caption\":\"Revista Rambla\"},\"image\":{\"@id\":\"https:\\\/\\\/www.revistarambla.com\\\/#\\\/schema\\\/logo\\\/image\\\/\"},\"sameAs\":[\"https:\\\/\\\/www.facebook.com\\\/revistarambla\\\/\",\"https:\\\/\\\/x.com\\\/revistarambla\",\"https:\\\/\\\/www.instagram.com\\\/revista_rambla\",\"https:\\\/\\\/es.linkedin.com\\\/company\\\/revista-rambla\"]},{\"@type\":\"Person\",\"@id\":\"https:\\\/\\\/www.revistarambla.com\\\/#\\\/schema\\\/person\\\/23a7868ff10cd88f8fdb045c7b7e4a4d\",\"name\":\"Germ\u00e1n Gorraiz L\u00f3pez\",\"description\":\"Nacido en Navarra en 1957. Escribe an\u00e1lisis sobre temas econ\u00f3micos y geopol\u00edticos. Es miembro de Attac-Navarra. Colabora habitualmente en varios medios digitales e impresos espa\u00f1oles y latinoamericanos.\"}]}<\/script>\n<!-- \/ Yoast SEO plugin. -->","yoast_head_json":{"title":"\u00bfComplot en el PP para defenestrar a Pablo Casado? - Revista Rambla","robots":{"index":"index","follow":"follow","max-snippet":"max-snippet:-1","max-image-preview":"max-image-preview:large","max-video-preview":"max-video-preview:-1"},"canonical":"https:\/\/www.revistarambla.com\/en\/complot-en-el-pp-para-defenestrar-a-pablo-casado\/","og_locale":"en_GB","og_type":"article","og_title":"\u00bfComplot en el PP para defenestrar a Pablo Casado? - Revista Rambla","og_description":"El complot para defenestrar a Pablo Casado se estar\u00eda ya gestando en los fogones de la Fundaci\u00f3n FAES y contar\u00e1 con la colaboraci\u00f3n activa de las \u00e9lites empresariales y judiciales para intentar que la nueva estrella del firmamento neoliberal espa\u00f1ol, Isabel D\u00edaz Ayuso, sea investida Presidenta del Gobierno en las pr\u00f3ximas Elecciones Generales","og_url":"https:\/\/www.revistarambla.com\/en\/complot-en-el-pp-para-defenestrar-a-pablo-casado\/","og_site_name":"Revista Rambla","article_publisher":"https:\/\/www.facebook.com\/revistarambla\/","article_published_time":"2021-06-16T10:09:34+00:00","article_modified_time":"2021-12-07T15:11:56+00:00","og_image":[{"width":799,"height":533,"url":"https:\/\/www.revistarambla.com\/wp-content\/uploads\/2021\/06\/51155695357_962c5b83b8_c.jpg","type":"image\/jpeg"}],"author":"Germ\u00e1n Gorraiz L\u00f3pez","twitter_card":"summary_large_image","twitter_creator":"@revistarambla","twitter_site":"@revistarambla","twitter_misc":{"Written by":"Germ\u00e1n Gorraiz L\u00f3pez","Estimated reading time":"3 minutes"},"schema":{"@context":"https:\/\/schema.org","@graph":[{"@type":"Article","@id":"https:\/\/www.revistarambla.com\/complot-en-el-pp-para-defenestrar-a-pablo-casado\/#article","isPartOf":{"@id":"https:\/\/www.revistarambla.com\/complot-en-el-pp-para-defenestrar-a-pablo-casado\/"},"author":{"name":"Germ\u00e1n Gorraiz L\u00f3pez","@id":"https:\/\/www.revistarambla.com\/#\/schema\/person\/23a7868ff10cd88f8fdb045c7b7e4a4d"},"headline":"\u00bfComplot en el PP para defenestrar a Pablo Casado?","datePublished":"2021-06-16T10:09:34+00:00","dateModified":"2021-12-07T15:11:56+00:00","mainEntityOfPage":{"@id":"https:\/\/www.revistarambla.com\/complot-en-el-pp-para-defenestrar-a-pablo-casado\/"},"wordCount":523,"commentCount":0,"publisher":{"@id":"https:\/\/www.revistarambla.com\/#organization"},"image":{"@id":"https:\/\/www.revistarambla.com\/complot-en-el-pp-para-defenestrar-a-pablo-casado\/#primaryimage"},"thumbnailUrl":"https:\/\/www.revistarambla.com\/wp-content\/uploads\/2021\/06\/51155695357_962c5b83b8_c.jpg","articleSection":["Opiniones"],"inLanguage":"en-GB","potentialAction":[{"@type":"CommentAction","name":"Comment","target":["https:\/\/www.revistarambla.com\/complot-en-el-pp-para-defenestrar-a-pablo-casado\/#respond"]}]},{"@type":"WebPage","@id":"https:\/\/www.revistarambla.com\/complot-en-el-pp-para-defenestrar-a-pablo-casado\/","url":"https:\/\/www.revistarambla.com\/complot-en-el-pp-para-defenestrar-a-pablo-casado\/","name":"\u00bfComplot en el PP para defenestrar a Pablo Casado? - Revista Rambla","isPartOf":{"@id":"https:\/\/www.revistarambla.com\/#website"},"primaryImageOfPage":{"@id":"https:\/\/www.revistarambla.com\/complot-en-el-pp-para-defenestrar-a-pablo-casado\/#primaryimage"},"image":{"@id":"https:\/\/www.revistarambla.com\/complot-en-el-pp-para-defenestrar-a-pablo-casado\/#primaryimage"},"thumbnailUrl":"https:\/\/www.revistarambla.com\/wp-content\/uploads\/2021\/06\/51155695357_962c5b83b8_c.jpg","datePublished":"2021-06-16T10:09:34+00:00","dateModified":"2021-12-07T15:11:56+00:00","breadcrumb":{"@id":"https:\/\/www.revistarambla.com\/complot-en-el-pp-para-defenestrar-a-pablo-casado\/#breadcrumb"},"inLanguage":"en-GB","potentialAction":[{"@type":"ReadAction","target":["https:\/\/www.revistarambla.com\/complot-en-el-pp-para-defenestrar-a-pablo-casado\/"]}]},{"@type":"ImageObject","inLanguage":"en-GB","@id":"https:\/\/www.revistarambla.com\/complot-en-el-pp-para-defenestrar-a-pablo-casado\/#primaryimage","url":"https:\/\/www.revistarambla.com\/wp-content\/uploads\/2021\/06\/51155695357_962c5b83b8_c.jpg","contentUrl":"https:\/\/www.revistarambla.com\/wp-content\/uploads\/2021\/06\/51155695357_962c5b83b8_c.jpg","width":799,"height":533},{"@type":"BreadcrumbList","@id":"https:\/\/www.revistarambla.com\/complot-en-el-pp-para-defenestrar-a-pablo-casado\/#breadcrumb","itemListElement":[{"@type":"ListItem","position":1,"name":"Portada","item":"https:\/\/www.revistarambla.com\/"},{"@type":"ListItem","position":2,"name":"\u00bfComplot en el PP para defenestrar a Pablo Casado?"}]},{"@type":"WebSite","@id":"https:\/\/www.revistarambla.com\/#website","url":"https:\/\/www.revistarambla.com\/","name":"Revista Rambla Barcelona","description":"Periodismo independiente","publisher":{"@id":"https:\/\/www.revistarambla.com\/#organization"},"potentialAction":[{"@type":"SearchAction","target":{"@type":"EntryPoint","urlTemplate":"https:\/\/www.revistarambla.com\/?s={search_term_string}"},"query-input":{"@type":"PropertyValueSpecification","valueRequired":true,"valueName":"search_term_string"}}],"inLanguage":"en-GB"},{"@type":"Organization","@id":"https:\/\/www.revistarambla.com\/#organization","name":"Revista Rambla","url":"https:\/\/www.revistarambla.com\/","logo":{"@type":"ImageObject","inLanguage":"en-GB","@id":"https:\/\/www.revistarambla.com\/#\/schema\/logo\/image\/","url":"https:\/\/www.revistarambla.com\/wp-content\/uploads\/2020\/09\/banner_rambla_1900x600_BB.png","contentUrl":"https:\/\/www.revistarambla.com\/wp-content\/uploads\/2020\/09\/banner_rambla_1900x600_BB.png","width":1900,"height":600,"caption":"Revista Rambla"},"image":{"@id":"https:\/\/www.revistarambla.com\/#\/schema\/logo\/image\/"},"sameAs":["https:\/\/www.facebook.com\/revistarambla\/","https:\/\/x.com\/revistarambla","https:\/\/www.instagram.com\/revista_rambla","https:\/\/es.linkedin.com\/company\/revista-rambla"]},{"@type":"Person","@id":"https:\/\/www.revistarambla.com\/#\/schema\/person\/23a7868ff10cd88f8fdb045c7b7e4a4d","name":"Germ\u00e1n Gorraiz L\u00f3pez","description":"Nacido en Navarra en 1957. Escribe an\u00e1lisis sobre temas econ\u00f3micos y geopol\u00edticos. Es miembro de Attac-Navarra. Colabora habitualmente en varios medios digitales e impresos espa\u00f1oles y latinoamericanos."}]}},"_links":{"self":[{"href":"https:\/\/www.revistarambla.com\/en\/wp-json\/wp\/v2\/posts\/33712","targetHints":{"allow":["GET"]}}],"collection":[{"href":"https:\/\/www.revistarambla.com\/en\/wp-json\/wp\/v2\/posts"}],"about":[{"href":"https:\/\/www.revistarambla.com\/en\/wp-json\/wp\/v2\/types\/post"}],"author":[{"embeddable":true,"href":"https:\/\/www.revistarambla.com\/en\/wp-json\/wp\/v2\/users\/16"}],"replies":[{"embeddable":true,"href":"https:\/\/www.revistarambla.com\/en\/wp-json\/wp\/v2\/comments?post=33712"}],"version-history":[{"count":0,"href":"https:\/\/www.revistarambla.com\/en\/wp-json\/wp\/v2\/posts\/33712\/revisions"}],"wp:featuredmedia":[{"embeddable":true,"href":"https:\/\/www.revistarambla.com\/en\/wp-json\/wp\/v2\/media\/33713"}],"wp:attachment":[{"href":"https:\/\/www.revistarambla.com\/en\/wp-json\/wp\/v2\/media?parent=33712"}],"wp:term":[{"taxonomy":"category","embeddable":true,"href":"https:\/\/www.revistarambla.com\/en\/wp-json\/wp\/v2\/categories?post=33712"},{"taxonomy":"post_tag","embeddable":true,"href":"https:\/\/www.revistarambla.com\/en\/wp-json\/wp\/v2\/tags?post=33712"}],"curies":[{"name":"wp","href":"https:\/\/api.w.org\/{rel}","templated":true}]}}