{"id":33434,"date":"2021-06-07T19:49:25","date_gmt":"2021-06-07T17:49:25","guid":{"rendered":"https:\/\/www.revistarambla.com\/?p=33434"},"modified":"2021-12-07T17:06:04","modified_gmt":"2021-12-07T16:06:04","slug":"peru-feminicidio-un-problema-social-y-de-salud-publica","status":"publish","type":"post","link":"https:\/\/www.revistarambla.com\/en\/peru-feminicidio-un-problema-social-y-de-salud-publica\/","title":{"rendered":"[PER\u00da] Feminicidio: un problema social y de salud p\u00fablica"},"content":{"rendered":"<figure id=\"attachment_33435\" aria-describedby=\"caption-attachment-33435\" style=\"width: 400px\" class=\"wp-caption alignright\"><a href=\"https:\/\/cartoonmovement.com\/cartoonist\/4970\"><img decoding=\"async\" class=\"wp-image-33435\" src=\"https:\/\/www.revistarambla.com\/wp-content\/uploads\/2021\/06\/feminicides_in_latin_america__camdelafu-300x300.jpeg\" alt=\"\" width=\"400\" height=\"400\" srcset=\"https:\/\/www.revistarambla.com\/wp-content\/uploads\/2021\/06\/feminicides_in_latin_america__camdelafu-300x300.jpeg 300w, https:\/\/www.revistarambla.com\/wp-content\/uploads\/2021\/06\/feminicides_in_latin_america__camdelafu-150x150.jpeg 150w, https:\/\/www.revistarambla.com\/wp-content\/uploads\/2021\/06\/feminicides_in_latin_america__camdelafu-768x768.jpeg 768w, https:\/\/www.revistarambla.com\/wp-content\/uploads\/2021\/06\/feminicides_in_latin_america__camdelafu-70x70.jpeg 70w, https:\/\/www.revistarambla.com\/wp-content\/uploads\/2021\/06\/feminicides_in_latin_america__camdelafu.jpeg 800w\" sizes=\"(max-width: 400px) 100vw, 400px\" \/><\/a><figcaption id=\"caption-attachment-33435\" class=\"wp-caption-text\">Ilustra Camdelafu.<\/figcaption><\/figure>\n<p style=\"text-align: left;\" align=\"JUSTIFY\"><span lang=\"es-PE\">A pesar de que este fen\u00f3meno social ha estado presente a lo largo de la historia, a\u00fan existen falencias en su reconocimiento social. Es un problema que transgrede moral, f\u00edsica y psicol\u00f3gicamente a la v\u00edctima, previo a su muerte, a sus familiares y a su entorno social.<\/span><\/p>\n<p style=\"text-align: left;\" align=\"JUSTIFY\"><span lang=\"es-PE\">Para la salud p\u00fablica como campo interdisciplinario, el reto es innovar en pol\u00edticas p\u00fablicas y programas para un abordaje integral, dada la complejidad de este problema social, que trascienda el enfoque tradicional. Es posible avanzar desde la formaci\u00f3n cr\u00edtica, para la transformaci\u00f3n de pr\u00e1cticas institucionales actuando tanto en entidades estatales como en instituciones profesionales y t\u00e9cnicas.<\/span><\/p>\n<p style=\"text-align: left;\" align=\"JUSTIFY\"><span lang=\"es-PE\">En lo que va del 2021, la Defensor\u00eda del Pueblo ha identificado 55 casos de feminicidio, adem\u00e1s de las muertes violentas de 19 mujeres con caracter\u00edsticas de feminicidio. Si bien, del mes de enero al mes de febrero se produjo una reducci\u00f3n de casos, luego de ello el incremento de esta problem\u00e1tica ha sido sucesivo. Si las investigaciones determinan que estos \u00faltimos diecinueve casos fueron efectivamente feminicidios, la cifra crecer\u00eda.<\/span><\/p>\n<p style=\"text-align: left;\" align=\"JUSTIFY\"><span lang=\"es-PE\">Cabe destacar que hasta el 30 abril de este a\u00f1o se tuvo registrado 50 feminicidios, de los cuales el 20% (10 casos) fueron reportadas desaparecidas previamente.<\/span><\/p>\n<p style=\"text-align: left;\" align=\"JUSTIFY\">\u201c<span lang=\"es-PE\">A ra\u00edz de la pandemia, al permanecer m\u00e1s las mujeres en sus hogares, se han visto a merced de sus agresores. En este sentido, se ha establecido que el hogar no ha sido o es un lugar seguro para las mujeres\u201d, afirma la comisionada de la Adjunt\u00eda para los Derechos de la Mujer de la Defensor\u00eda del Pueblo, Erika Anchante Ramos.<\/span><\/p>\n<p style=\"text-align: left;\" align=\"JUSTIFY\"><span lang=\"es-PE\">Debemos indicar que una de las causas de este aumento estar\u00eda en el grado de impunidad que existe respecto a estos cr\u00edmenes. As\u00ed, en el 2020, se registraron que s\u00f3lo en 6 casos de 138 (es decir, un 4%) se sentenciaron a los autores de feminicidios consumados. Esta baja tasa se deber\u00eda a una falta de celeridad en los procesos, que se acrecent\u00f3 durante la pandemia por la COVID-19.<\/span><\/p>\n<p style=\"text-align: left;\" align=\"JUSTIFY\"><span lang=\"es-PE\">Anchante Ramos se\u00f1ala que el C\u00f3digo Procesal Penal de Per\u00fa contempla la r\u00e1pida iniciaci\u00f3n de estos procesos. De hecho, explica, hay casos en los cuales aplica perfectamente, como cuando hubo flagrancia. \u00abAll\u00ed los mismos feminicidas confiesan el crimen y no se requiere mayor investigaci\u00f3n\u00bb.<\/span><\/p>\n<p style=\"text-align: left;\" align=\"JUSTIFY\"><span lang=\"es-PE\">Si observamos de cerca a otra dimensi\u00f3n tan importante como la del bienestar f\u00edsico, dirigimos la atenci\u00f3n hacia la violencia psicol\u00f3gica. Seg\u00fan datos de la Direcci\u00f3n General de Defensa P\u00fablica y Acceso a la Justicia (DGDPAJ) y el Ministerio de Justicia y Derechos Humanos (MINJUSDH), hubo un notable crecimiento en la capacidad del Estado para atender a las mujeres o miembros de familia v\u00edctimas de agresi\u00f3n psicol\u00f3gica durante el a\u00f1o 2020.<\/span><\/p>\n<p style=\"text-align: left;\" align=\"JUSTIFY\"><span lang=\"es-PE\">El derecho de las mujeres a una vida libre de violencia est\u00e1 reconocido en el \u00e1mbito internacional, en numerosos tratados y pactos de derechos humanos, y en el \u00e1mbito nacional, en distintas leyes que contienen disposiciones orientadas a erradicar pr\u00e1cticas de violencia, tortura y otros tratos crueles, inhumanos o degradantes, a denunciar e investigar ese tipo de sucesos, a sancionar a las personas responsables y a brindar asistencia integral a las v\u00edctimas y\/o supervivientes.<\/span><\/p>\n<p style=\"text-align: left;\" align=\"JUSTIFY\"><span lang=\"es-PE\">Este derecho es un derecho indivisible e interdependiente de otros derechos humanos, y para que sea efectivo en la pr\u00e1ctica, es necesario que el Estado asegure el reconocimiento y pleno ejercicio de los derechos fundamentales.<\/span><\/p>\n<p style=\"text-align: left;\" align=\"JUSTIFY\"><span lang=\"es-PE\">En el marco del D\u00eda Internacional en Apoyo a las V\u00edctimas de la Tortura, la Organizaci\u00f3n de las Naciones Unidas (ONU) manifest\u00f3 que la poblaci\u00f3n privada de la libertad, que se encuentra expuesta al riesgo de sufrir tratos crueles, inhumanos y degradantes, hab\u00eda contabilizado 78, 000 contagios con el virus.<\/span><\/p>\n<p style=\"text-align: left;\" align=\"JUSTIFY\"><span lang=\"es-PE\">La crisis del coronavirus ha puesto en evidencia fallos institucionales y de procedimiento que han agravado el riesgo de tortura y otros tratos o penas crueles, inhumanos o degradantes para innumerables mujeres de todas las regiones del mundo, se\u00f1alan los expertos.<\/span><\/p>\n<p style=\"text-align: left;\" align=\"JUSTIFY\"><span lang=\"es-PE\">El informe del Relator Especial sobre la tortura y otros tratos o penas crueles, inhumanos o degradantes, Nils Melzer, publicado en marzo de 2020, se\u00f1ala en la secci\u00f3n \u201cCibertortura\u201d del tercer cap\u00edtulo \u201cTortura psicol\u00f3gica\u201d: \u201cUna esfera que suscita especial inquietud y no parece haber recibido suficiente atenci\u00f3n es el posible empleo de diversas formas de tecnolog\u00eda de la informaci\u00f3n y las comunicaciones (\u2018cibertecnolog\u00eda\u2019) con fines de tortura.\u201d<\/span><\/p>\n<p style=\"text-align: left;\" align=\"JUSTIFY\"><span lang=\"es-PE\">En septiembre de 2020, la Organizaci\u00f3n de las Naciones Unidas reconoci\u00f3 como\u00a0<\/span><span lang=\"es-PE\">v\u00edctimas de cibertortura<\/span><span lang=\"es-PE\"> a las v\u00edctimas de acoso organizado y tortura electr\u00f3nica.<\/span><\/p>\n<p style=\"text-align: left;\" align=\"JUSTIFY\"><span lang=\"es-PE\">Luchemos contra todo tipo de violencia y corrupci\u00f3n a nivel personal y social, especialmente por la realidad social que vivimos en nuestro Estado.<\/span><\/p>\n<p style=\"text-align: left;\" align=\"JUSTIFY\"><em>*Ra\u00fal Allain es escritor, poeta, editor y soci\u00f3logo. Presidente del Instituto Peruano de la Juventud (IPJ) y director de Editorial R\u00edo Negro.<\/em><\/p>","protected":false},"excerpt":{"rendered":"<p>En el Per\u00fa el feminicidio es un grave problema social que puede considerarse un problema de salud p\u00fablica. La violencia que lo precede en muchos casos se da en el marco de la pareja o de relaciones personales<\/p>","protected":false},"author":18,"featured_media":33435,"comment_status":"open","ping_status":"open","sticky":false,"template":"","format":"standard","meta":{"footnotes":""},"categories":[72],"tags":[],"class_list":["post-33434","post","type-post","status-publish","format-standard","has-post-thumbnail","hentry","category-opinion"],"yoast_head":"<!-- This site is optimized with the Yoast SEO plugin v27.5 - https:\/\/yoast.com\/product\/yoast-seo-wordpress\/ -->\n<title>[PER\u00da] Feminicidio: un problema social y de salud p\u00fablica - Revista Rambla<\/title>\n<meta name=\"robots\" content=\"index, follow, max-snippet:-1, max-image-preview:large, max-video-preview:-1\" \/>\n<link rel=\"canonical\" href=\"https:\/\/www.revistarambla.com\/en\/peru-feminicidio-un-problema-social-y-de-salud-publica\/\" \/>\n<meta property=\"og:locale\" content=\"en_GB\" \/>\n<meta property=\"og:type\" content=\"article\" \/>\n<meta property=\"og:title\" content=\"[PER\u00da] Feminicidio: un problema social y de salud p\u00fablica - Revista Rambla\" \/>\n<meta property=\"og:description\" content=\"En el Per\u00fa el feminicidio es un grave problema social que puede considerarse un problema de salud p\u00fablica. La violencia que lo precede en muchos casos se da en el marco de la pareja o de relaciones personales\" \/>\n<meta property=\"og:url\" content=\"https:\/\/www.revistarambla.com\/en\/peru-feminicidio-un-problema-social-y-de-salud-publica\/\" \/>\n<meta property=\"og:site_name\" content=\"Revista Rambla\" \/>\n<meta property=\"article:publisher\" content=\"https:\/\/www.facebook.com\/revistarambla\/\" \/>\n<meta property=\"article:author\" content=\"https:\/\/www.facebook.com\/raul.allainvega\" \/>\n<meta property=\"article:published_time\" content=\"2021-06-07T17:49:25+00:00\" \/>\n<meta property=\"article:modified_time\" content=\"2021-12-07T16:06:04+00:00\" \/>\n<meta property=\"og:image\" content=\"https:\/\/www.revistarambla.com\/wp-content\/uploads\/2021\/06\/feminicides_in_latin_america__camdelafu.jpeg\" \/>\n\t<meta property=\"og:image:width\" content=\"800\" \/>\n\t<meta property=\"og:image:height\" content=\"800\" \/>\n\t<meta property=\"og:image:type\" content=\"image\/jpeg\" \/>\n<meta name=\"author\" content=\"Ra\u00fal Alfonso Allain Vega\" \/>\n<meta name=\"twitter:card\" content=\"summary_large_image\" \/>\n<meta name=\"twitter:creator\" content=\"@RaulAllain\" \/>\n<meta name=\"twitter:site\" content=\"@revistarambla\" \/>\n<meta name=\"twitter:label1\" content=\"Written by\" \/>\n\t<meta name=\"twitter:data1\" content=\"Ra\u00fal Alfonso Allain Vega\" \/>\n\t<meta name=\"twitter:label2\" content=\"Estimated reading time\" \/>\n\t<meta name=\"twitter:data2\" content=\"4 minutes\" \/>\n<script type=\"application\/ld+json\" class=\"yoast-schema-graph\">{\"@context\":\"https:\\\/\\\/schema.org\",\"@graph\":[{\"@type\":\"Article\",\"@id\":\"https:\\\/\\\/www.revistarambla.com\\\/peru-feminicidio-un-problema-social-y-de-salud-publica\\\/#article\",\"isPartOf\":{\"@id\":\"https:\\\/\\\/www.revistarambla.com\\\/peru-feminicidio-un-problema-social-y-de-salud-publica\\\/\"},\"author\":{\"name\":\"Ra\u00fal Alfonso Allain Vega\",\"@id\":\"https:\\\/\\\/www.revistarambla.com\\\/#\\\/schema\\\/person\\\/9b4378c82c48caa37acecffb9450e934\"},\"headline\":\"[PER\u00da] Feminicidio: un problema social y de salud p\u00fablica\",\"datePublished\":\"2021-06-07T17:49:25+00:00\",\"dateModified\":\"2021-12-07T16:06:04+00:00\",\"mainEntityOfPage\":{\"@id\":\"https:\\\/\\\/www.revistarambla.com\\\/peru-feminicidio-un-problema-social-y-de-salud-publica\\\/\"},\"wordCount\":853,\"commentCount\":0,\"publisher\":{\"@id\":\"https:\\\/\\\/www.revistarambla.com\\\/#organization\"},\"image\":{\"@id\":\"https:\\\/\\\/www.revistarambla.com\\\/peru-feminicidio-un-problema-social-y-de-salud-publica\\\/#primaryimage\"},\"thumbnailUrl\":\"https:\\\/\\\/www.revistarambla.com\\\/wp-content\\\/uploads\\\/2021\\\/06\\\/feminicides_in_latin_america__camdelafu.jpeg\",\"articleSection\":[\"Opiniones\"],\"inLanguage\":\"en-GB\",\"potentialAction\":[{\"@type\":\"CommentAction\",\"name\":\"Comment\",\"target\":[\"https:\\\/\\\/www.revistarambla.com\\\/peru-feminicidio-un-problema-social-y-de-salud-publica\\\/#respond\"]}]},{\"@type\":\"WebPage\",\"@id\":\"https:\\\/\\\/www.revistarambla.com\\\/peru-feminicidio-un-problema-social-y-de-salud-publica\\\/\",\"url\":\"https:\\\/\\\/www.revistarambla.com\\\/peru-feminicidio-un-problema-social-y-de-salud-publica\\\/\",\"name\":\"[PER\u00da] Feminicidio: un problema social y de salud p\u00fablica - Revista Rambla\",\"isPartOf\":{\"@id\":\"https:\\\/\\\/www.revistarambla.com\\\/#website\"},\"primaryImageOfPage\":{\"@id\":\"https:\\\/\\\/www.revistarambla.com\\\/peru-feminicidio-un-problema-social-y-de-salud-publica\\\/#primaryimage\"},\"image\":{\"@id\":\"https:\\\/\\\/www.revistarambla.com\\\/peru-feminicidio-un-problema-social-y-de-salud-publica\\\/#primaryimage\"},\"thumbnailUrl\":\"https:\\\/\\\/www.revistarambla.com\\\/wp-content\\\/uploads\\\/2021\\\/06\\\/feminicides_in_latin_america__camdelafu.jpeg\",\"datePublished\":\"2021-06-07T17:49:25+00:00\",\"dateModified\":\"2021-12-07T16:06:04+00:00\",\"breadcrumb\":{\"@id\":\"https:\\\/\\\/www.revistarambla.com\\\/peru-feminicidio-un-problema-social-y-de-salud-publica\\\/#breadcrumb\"},\"inLanguage\":\"en-GB\",\"potentialAction\":[{\"@type\":\"ReadAction\",\"target\":[\"https:\\\/\\\/www.revistarambla.com\\\/peru-feminicidio-un-problema-social-y-de-salud-publica\\\/\"]}]},{\"@type\":\"ImageObject\",\"inLanguage\":\"en-GB\",\"@id\":\"https:\\\/\\\/www.revistarambla.com\\\/peru-feminicidio-un-problema-social-y-de-salud-publica\\\/#primaryimage\",\"url\":\"https:\\\/\\\/www.revistarambla.com\\\/wp-content\\\/uploads\\\/2021\\\/06\\\/feminicides_in_latin_america__camdelafu.jpeg\",\"contentUrl\":\"https:\\\/\\\/www.revistarambla.com\\\/wp-content\\\/uploads\\\/2021\\\/06\\\/feminicides_in_latin_america__camdelafu.jpeg\",\"width\":800,\"height\":800},{\"@type\":\"BreadcrumbList\",\"@id\":\"https:\\\/\\\/www.revistarambla.com\\\/peru-feminicidio-un-problema-social-y-de-salud-publica\\\/#breadcrumb\",\"itemListElement\":[{\"@type\":\"ListItem\",\"position\":1,\"name\":\"Portada\",\"item\":\"https:\\\/\\\/www.revistarambla.com\\\/\"},{\"@type\":\"ListItem\",\"position\":2,\"name\":\"[PER\u00da] Feminicidio: un problema social y de salud p\u00fablica\"}]},{\"@type\":\"WebSite\",\"@id\":\"https:\\\/\\\/www.revistarambla.com\\\/#website\",\"url\":\"https:\\\/\\\/www.revistarambla.com\\\/\",\"name\":\"Revista Rambla Barcelona\",\"description\":\"Periodismo independiente\",\"publisher\":{\"@id\":\"https:\\\/\\\/www.revistarambla.com\\\/#organization\"},\"potentialAction\":[{\"@type\":\"SearchAction\",\"target\":{\"@type\":\"EntryPoint\",\"urlTemplate\":\"https:\\\/\\\/www.revistarambla.com\\\/?s={search_term_string}\"},\"query-input\":{\"@type\":\"PropertyValueSpecification\",\"valueRequired\":true,\"valueName\":\"search_term_string\"}}],\"inLanguage\":\"en-GB\"},{\"@type\":\"Organization\",\"@id\":\"https:\\\/\\\/www.revistarambla.com\\\/#organization\",\"name\":\"Revista Rambla\",\"url\":\"https:\\\/\\\/www.revistarambla.com\\\/\",\"logo\":{\"@type\":\"ImageObject\",\"inLanguage\":\"en-GB\",\"@id\":\"https:\\\/\\\/www.revistarambla.com\\\/#\\\/schema\\\/logo\\\/image\\\/\",\"url\":\"https:\\\/\\\/www.revistarambla.com\\\/wp-content\\\/uploads\\\/2020\\\/09\\\/banner_rambla_1900x600_BB.png\",\"contentUrl\":\"https:\\\/\\\/www.revistarambla.com\\\/wp-content\\\/uploads\\\/2020\\\/09\\\/banner_rambla_1900x600_BB.png\",\"width\":1900,\"height\":600,\"caption\":\"Revista Rambla\"},\"image\":{\"@id\":\"https:\\\/\\\/www.revistarambla.com\\\/#\\\/schema\\\/logo\\\/image\\\/\"},\"sameAs\":[\"https:\\\/\\\/www.facebook.com\\\/revistarambla\\\/\",\"https:\\\/\\\/x.com\\\/revistarambla\",\"https:\\\/\\\/www.instagram.com\\\/revista_rambla\",\"https:\\\/\\\/es.linkedin.com\\\/company\\\/revista-rambla\"]},{\"@type\":\"Person\",\"@id\":\"https:\\\/\\\/www.revistarambla.com\\\/#\\\/schema\\\/person\\\/9b4378c82c48caa37acecffb9450e934\",\"name\":\"Ra\u00fal Alfonso Allain Vega\",\"description\":\"Escritor, poeta, editor y soci\u00f3logo. Presidente del Instituto Peruano de la Juventud (IPJ) y director de Editorial R\u00edo Negro.\",\"sameAs\":[\"https:\\\/\\\/en.m.wikipedia.org\\\/wiki\\\/Ra%C3%BAl_Allain\",\"https:\\\/\\\/www.facebook.com\\\/raul.allainvega\",\"https:\\\/\\\/x.com\\\/RaulAllain\"]}]}<\/script>\n<!-- \/ Yoast SEO plugin. -->","yoast_head_json":{"title":"[PER\u00da] Feminicidio: un problema social y de salud p\u00fablica - Revista Rambla","robots":{"index":"index","follow":"follow","max-snippet":"max-snippet:-1","max-image-preview":"max-image-preview:large","max-video-preview":"max-video-preview:-1"},"canonical":"https:\/\/www.revistarambla.com\/en\/peru-feminicidio-un-problema-social-y-de-salud-publica\/","og_locale":"en_GB","og_type":"article","og_title":"[PER\u00da] Feminicidio: un problema social y de salud p\u00fablica - Revista Rambla","og_description":"En el Per\u00fa el feminicidio es un grave problema social que puede considerarse un problema de salud p\u00fablica. La violencia que lo precede en muchos casos se da en el marco de la pareja o de relaciones personales","og_url":"https:\/\/www.revistarambla.com\/en\/peru-feminicidio-un-problema-social-y-de-salud-publica\/","og_site_name":"Revista Rambla","article_publisher":"https:\/\/www.facebook.com\/revistarambla\/","article_author":"https:\/\/www.facebook.com\/raul.allainvega","article_published_time":"2021-06-07T17:49:25+00:00","article_modified_time":"2021-12-07T16:06:04+00:00","og_image":[{"width":800,"height":800,"url":"https:\/\/www.revistarambla.com\/wp-content\/uploads\/2021\/06\/feminicides_in_latin_america__camdelafu.jpeg","type":"image\/jpeg"}],"author":"Ra\u00fal Alfonso Allain Vega","twitter_card":"summary_large_image","twitter_creator":"@RaulAllain","twitter_site":"@revistarambla","twitter_misc":{"Written by":"Ra\u00fal Alfonso Allain Vega","Estimated reading time":"4 minutes"},"schema":{"@context":"https:\/\/schema.org","@graph":[{"@type":"Article","@id":"https:\/\/www.revistarambla.com\/peru-feminicidio-un-problema-social-y-de-salud-publica\/#article","isPartOf":{"@id":"https:\/\/www.revistarambla.com\/peru-feminicidio-un-problema-social-y-de-salud-publica\/"},"author":{"name":"Ra\u00fal Alfonso Allain Vega","@id":"https:\/\/www.revistarambla.com\/#\/schema\/person\/9b4378c82c48caa37acecffb9450e934"},"headline":"[PER\u00da] Feminicidio: un problema social y de salud p\u00fablica","datePublished":"2021-06-07T17:49:25+00:00","dateModified":"2021-12-07T16:06:04+00:00","mainEntityOfPage":{"@id":"https:\/\/www.revistarambla.com\/peru-feminicidio-un-problema-social-y-de-salud-publica\/"},"wordCount":853,"commentCount":0,"publisher":{"@id":"https:\/\/www.revistarambla.com\/#organization"},"image":{"@id":"https:\/\/www.revistarambla.com\/peru-feminicidio-un-problema-social-y-de-salud-publica\/#primaryimage"},"thumbnailUrl":"https:\/\/www.revistarambla.com\/wp-content\/uploads\/2021\/06\/feminicides_in_latin_america__camdelafu.jpeg","articleSection":["Opiniones"],"inLanguage":"en-GB","potentialAction":[{"@type":"CommentAction","name":"Comment","target":["https:\/\/www.revistarambla.com\/peru-feminicidio-un-problema-social-y-de-salud-publica\/#respond"]}]},{"@type":"WebPage","@id":"https:\/\/www.revistarambla.com\/peru-feminicidio-un-problema-social-y-de-salud-publica\/","url":"https:\/\/www.revistarambla.com\/peru-feminicidio-un-problema-social-y-de-salud-publica\/","name":"[PER\u00da] Feminicidio: un problema social y de salud p\u00fablica - Revista Rambla","isPartOf":{"@id":"https:\/\/www.revistarambla.com\/#website"},"primaryImageOfPage":{"@id":"https:\/\/www.revistarambla.com\/peru-feminicidio-un-problema-social-y-de-salud-publica\/#primaryimage"},"image":{"@id":"https:\/\/www.revistarambla.com\/peru-feminicidio-un-problema-social-y-de-salud-publica\/#primaryimage"},"thumbnailUrl":"https:\/\/www.revistarambla.com\/wp-content\/uploads\/2021\/06\/feminicides_in_latin_america__camdelafu.jpeg","datePublished":"2021-06-07T17:49:25+00:00","dateModified":"2021-12-07T16:06:04+00:00","breadcrumb":{"@id":"https:\/\/www.revistarambla.com\/peru-feminicidio-un-problema-social-y-de-salud-publica\/#breadcrumb"},"inLanguage":"en-GB","potentialAction":[{"@type":"ReadAction","target":["https:\/\/www.revistarambla.com\/peru-feminicidio-un-problema-social-y-de-salud-publica\/"]}]},{"@type":"ImageObject","inLanguage":"en-GB","@id":"https:\/\/www.revistarambla.com\/peru-feminicidio-un-problema-social-y-de-salud-publica\/#primaryimage","url":"https:\/\/www.revistarambla.com\/wp-content\/uploads\/2021\/06\/feminicides_in_latin_america__camdelafu.jpeg","contentUrl":"https:\/\/www.revistarambla.com\/wp-content\/uploads\/2021\/06\/feminicides_in_latin_america__camdelafu.jpeg","width":800,"height":800},{"@type":"BreadcrumbList","@id":"https:\/\/www.revistarambla.com\/peru-feminicidio-un-problema-social-y-de-salud-publica\/#breadcrumb","itemListElement":[{"@type":"ListItem","position":1,"name":"Portada","item":"https:\/\/www.revistarambla.com\/"},{"@type":"ListItem","position":2,"name":"[PER\u00da] Feminicidio: un problema social y de salud p\u00fablica"}]},{"@type":"WebSite","@id":"https:\/\/www.revistarambla.com\/#website","url":"https:\/\/www.revistarambla.com\/","name":"Revista Rambla Barcelona","description":"Periodismo independiente","publisher":{"@id":"https:\/\/www.revistarambla.com\/#organization"},"potentialAction":[{"@type":"SearchAction","target":{"@type":"EntryPoint","urlTemplate":"https:\/\/www.revistarambla.com\/?s={search_term_string}"},"query-input":{"@type":"PropertyValueSpecification","valueRequired":true,"valueName":"search_term_string"}}],"inLanguage":"en-GB"},{"@type":"Organization","@id":"https:\/\/www.revistarambla.com\/#organization","name":"Revista Rambla","url":"https:\/\/www.revistarambla.com\/","logo":{"@type":"ImageObject","inLanguage":"en-GB","@id":"https:\/\/www.revistarambla.com\/#\/schema\/logo\/image\/","url":"https:\/\/www.revistarambla.com\/wp-content\/uploads\/2020\/09\/banner_rambla_1900x600_BB.png","contentUrl":"https:\/\/www.revistarambla.com\/wp-content\/uploads\/2020\/09\/banner_rambla_1900x600_BB.png","width":1900,"height":600,"caption":"Revista Rambla"},"image":{"@id":"https:\/\/www.revistarambla.com\/#\/schema\/logo\/image\/"},"sameAs":["https:\/\/www.facebook.com\/revistarambla\/","https:\/\/x.com\/revistarambla","https:\/\/www.instagram.com\/revista_rambla","https:\/\/es.linkedin.com\/company\/revista-rambla"]},{"@type":"Person","@id":"https:\/\/www.revistarambla.com\/#\/schema\/person\/9b4378c82c48caa37acecffb9450e934","name":"Ra\u00fal Alfonso Allain Vega","description":"Escritor, poeta, editor y soci\u00f3logo. Presidente del Instituto Peruano de la Juventud (IPJ) y director de Editorial R\u00edo Negro.","sameAs":["https:\/\/en.m.wikipedia.org\/wiki\/Ra%C3%BAl_Allain","https:\/\/www.facebook.com\/raul.allainvega","https:\/\/x.com\/RaulAllain"]}]}},"_links":{"self":[{"href":"https:\/\/www.revistarambla.com\/en\/wp-json\/wp\/v2\/posts\/33434","targetHints":{"allow":["GET"]}}],"collection":[{"href":"https:\/\/www.revistarambla.com\/en\/wp-json\/wp\/v2\/posts"}],"about":[{"href":"https:\/\/www.revistarambla.com\/en\/wp-json\/wp\/v2\/types\/post"}],"author":[{"embeddable":true,"href":"https:\/\/www.revistarambla.com\/en\/wp-json\/wp\/v2\/users\/18"}],"replies":[{"embeddable":true,"href":"https:\/\/www.revistarambla.com\/en\/wp-json\/wp\/v2\/comments?post=33434"}],"version-history":[{"count":0,"href":"https:\/\/www.revistarambla.com\/en\/wp-json\/wp\/v2\/posts\/33434\/revisions"}],"wp:featuredmedia":[{"embeddable":true,"href":"https:\/\/www.revistarambla.com\/en\/wp-json\/wp\/v2\/media\/33435"}],"wp:attachment":[{"href":"https:\/\/www.revistarambla.com\/en\/wp-json\/wp\/v2\/media?parent=33434"}],"wp:term":[{"taxonomy":"category","embeddable":true,"href":"https:\/\/www.revistarambla.com\/en\/wp-json\/wp\/v2\/categories?post=33434"},{"taxonomy":"post_tag","embeddable":true,"href":"https:\/\/www.revistarambla.com\/en\/wp-json\/wp\/v2\/tags?post=33434"}],"curies":[{"name":"wp","href":"https:\/\/api.w.org\/{rel}","templated":true}]}}