{"id":33431,"date":"2021-06-07T19:41:01","date_gmt":"2021-06-07T17:41:01","guid":{"rendered":"https:\/\/www.revistarambla.com\/?p=33431"},"modified":"2021-12-07T16:12:10","modified_gmt":"2021-12-07T15:12:10","slug":"busca-joe-biden-un-nuevo-acuerdo-de-oslo","status":"publish","type":"post","link":"https:\/\/www.revistarambla.com\/en\/busca-joe-biden-un-nuevo-acuerdo-de-oslo\/","title":{"rendered":"\u00bfBusca Joe Biden un nuevo Acuerdo de Oslo?"},"content":{"rendered":"<p>El actual sistema dominante o establishment estadounidense utilizar\u00eda la dictadura invisible del consumismo compulsivo de bienes materiales para lograr una sociedad homog\u00e9nea, uniforme y f\u00e1cilmente manipulable mediante las t\u00e9cnicas de manipulaci\u00f3n de masas. Asimismo, el pilar de su sistema pol\u00edtico ser\u00eda la sucesiva alternancia en el Poder del Partido Dem\u00f3crata y del Republicano (ambos fagocitados por el lobby jud\u00edo).<\/p>\n<figure id=\"attachment_33432\" aria-describedby=\"caption-attachment-33432\" style=\"width: 800px\" class=\"wp-caption aligncenter\"><a href=\"https:\/\/cartoonmovement.com\/cartoonist\/876\"><img decoding=\"async\" class=\"wp-image-33432 size-full\" src=\"https:\/\/www.revistarambla.com\/wp-content\/uploads\/2021\/06\/tv-biden-cm.jpg\" alt=\"\" width=\"800\" height=\"533\" srcset=\"https:\/\/www.revistarambla.com\/wp-content\/uploads\/2021\/06\/tv-biden-cm.jpg 800w, https:\/\/www.revistarambla.com\/wp-content\/uploads\/2021\/06\/tv-biden-cm-300x200.jpg 300w, https:\/\/www.revistarambla.com\/wp-content\/uploads\/2021\/06\/tv-biden-cm-768x512.jpg 768w\" sizes=\"(max-width: 800px) 100vw, 800px\" \/><\/a><figcaption id=\"caption-attachment-33432\" class=\"wp-caption-text\">Ilustra Bart van Leeuwen.<\/figcaption><\/figure>\n<p>As\u00ed, la sorpresiva victoria de Donald Trump ante Hillary Clinton represent\u00f3 para Israel \u201cperder una valiosa amiga para ganar un amigo mejor\u201d, Donald Trump, quien instaur\u00f3 el puzzle inconexo de un caos que finaliz\u00f3 con la victoria del candidato dem\u00f3crata Joe Biden, el nuevo el tapado de la AIPAC.<\/p>\n<h3>\u00bfBusca Joe Biden un nuevo Acuerdo de Oslo?<\/h3>\n<p>El Magnicidio de Kennedy tuvo como da\u00f1o colateral el nacimiento de un sistema pol\u00edtico tutelado por el \u201cPoder en la sombra\u201d, quedando desde entonces como rehenes todos lo sucesivos Presidentes electos de EUA, seg\u00fan la confesi\u00f3n realizada por el primer Ministro israel\u00ed Ariel Sharon al entonces Ministro de los Exteriores Shimon Peres en octubre del 2001: \u201cNosotros, el pueblo jud\u00edo, controlamos Estados Unidos y los estadounidenses los saben\u201d, teniendo como fuente la radio israel\u00ed \u201cKol Israel\u201d, sirvi\u00e9ndose de lobbies de presi\u00f3n entre los que descollar\u00eda la American Israel Public Affairs Committee (AIPAC).<\/p>\n<p>La AIPAC ser\u00eda el m\u00e1s influyente grupo de presi\u00f3n pro-israel\u00ed en EUA pues cuenta con m\u00e1s de 100.000 miembros (150 de ellos dedicados exclusivamente a presionar al Congreso, a la Casa Blanca y todos los organismos administrativos en la toma de decisiones pol\u00edticas que puedan afectar a los intereses del Estado de Israel) y aunque siempre se ha cre\u00eddo que la AIPAC ser\u00eda un \u201cgobierno virtual\u201d que teledirigir\u00eda la pol\u00edtica exterior de EUA en funci\u00f3n de los intereses israel\u00edes, la realidad ser\u00eda que el lobby pro-israel\u00ed tiene verdadero peso en los \u00e1mbitos del poder porque Estados Unidos e Israel casi siempre han compartido id\u00e9nticos intereses geopol\u00edticos desde la fundaci\u00f3n del Estado de Israel en 1.948.<\/p>\n<p>As\u00ed, Estados Unidos contar\u00eda con Israel para mantener a los Estados \u00e1rabes de Oriente Pr\u00f3ximo bajo la amenaza constante de ataque, (asegur\u00e1ndose de paso que se mantengan serviles ante Washington) e Israel no podr\u00eda seguir existiendo en su forma actual sin el fuerte apoyo pol\u00edtico y material que recibe de Estados Unidos (unos 3.800 millones de d\u00f3lares anuales en ayuda militar).<\/p>\n<p>Sin embargo, Joe Biden ser\u00eda deudor de la pol\u00edtica exterior de Obama lo que podr\u00eda significar el retorno de la doctrina geopol\u00edtica cuyo cerebro ser\u00eda el ex-Consejero de Seguridad Nacional del presidente Carter, Zbigniew Brzezinski. As\u00ed, Brzezinski en un discurso ante al Consejo Nacional Irano-estadounidense (NIAC), afirm\u00f3 que \u201ccreo que los Estados Unidos tiene derecho a decidir su propia pol\u00edtica de seguridad nacional y no seguir cu\u00e1l mula est\u00fapida lo que hagan los israel\u00edes\u201d.<\/p>\n<p>Adem\u00e1s, Brzezinski, estaba enfrentado con los lobbies neoc\u00f3n republicano y jud\u00edo de EUA y con su habitual mordacidad habr\u00eda desacreditado la miop\u00eda geoestrat\u00e9gica de ambos grupos de presi\u00f3n al afirmar que \u201cest\u00e1n tan obsesionados con Israel, el Golfo P\u00e9rsico, Irak e Ir\u00e1n que han perdido de vista el cuadro global: la verdadera potencia en el mundo es Rusia y China, los \u00fanicos pa\u00edses con una verdadera capacidad de resistir a Estados Unidos e Inglaterra y sobre los cuales tendr\u00edan que fijar su atenci\u00f3n\u201d. En consecuencia, el objetivo de la Administraci\u00f3n Biden ser\u00eda firmar un nuevo Acuerdo de Oslo entre las autoridades palestinas e israel\u00edes que siente las bases definitivas de la coexistencia de Dos Estados, palestino e israel\u00ed, con lo que se har\u00eda factible la utop\u00eda encarnada en el lema: \u201cDos Naciones, una esperanza\u201d, tarea para la que antoja imprescindible la defenestraci\u00f3n pol\u00edtica de Netanyahu,<\/p>\n<h3>\u00bfHa dado el AIPAC por amortizado a Netanyahu?<\/h3>\n<p>La deriva autoritaria del Gobierno de Netanyahu estar\u00eda amparada por la \u201cespiral del silencio\u201d de los principales medios de comunicaci\u00f3n de masas mundiales controlados por el lobby jud\u00edo trasnacional, con lo que se producir\u00eda un proceso en espiral o bucle de retroalimentaci\u00f3n positiva y la consecuente manipulaci\u00f3n de la opini\u00f3n p\u00fablica mundial (derecho de Israel a defenderse de los ataques terroristas).<\/p>\n<p>Ello, aunado con que el lobby jud\u00edo trasnacional controlar\u00eda la mayor\u00eda de medios de comunicaci\u00f3n mundiales habr\u00eda provocado que los mass media mundiales en los \u00faltimos 12 a\u00f1os habr\u00eda apoyado sin fisuras al \u00faltimo emperador jud\u00edo, Benjamin Netanyahu, quien sirvi\u00e9ndose de la dictadura invisible del temor al Tercer Holocausto, proceda de Ham\u00e1s, de Hezbol\u00e1 o de Ir\u00e1n y mediante sucesivas ofensivas contra la Franja de Gaza habr\u00eda conseguido substraerse a la acci\u00f3n de la Justicia que le investiga por varios casos de soborno, fraude y abuso de confianza en los que estar\u00eda presuntamente implicado.<\/p>\n<p>Una vez m\u00e1s, Nentanyahu confiaba en una victoria r\u00e1pida que le otorgara un incremento de popularidad para las pr\u00f3ximas elecciones mientras le permit\u00eda seguir en el Poder y lograr que las acusaciones judiciales en su contra y que seg\u00fan sus palabras tan solo ser\u00edan un \u201cGolpe de Estado Judicial para apartarlo del Poder\u201d se diluyeran en la niebla del olvido, pero la asimetr\u00eda del castigo infligido a los palestinos de Gaza con m\u00e1s de 240 muertos, cientos de heridos as\u00ed como la destrucci\u00f3n de las infraestructuras b\u00e1sicas de Gaza, habr\u00eda provocado el repudio internacional contra Netanyahu y la ca\u00edda en desgracia de Bibi ante el AIPAC.<\/p>\n<p>En consecuencia, podr\u00eda cristalizar un Gobierno de Coalici\u00f3n liderada por el centrista Yair Lapid y el derechista Naftali Bennett (Coalici\u00f3n Arco Iris) que contar\u00eda con las bendiciones del poderoso lobby jud\u00edo AIPAC y representar\u00eda el ocaso pol\u00edtico de Netanyahu tras 12 a\u00f1os en el Poder, no siendo descartables maniobras orquestales de Netanyahu y de los principales rabinos ultraortodoxos para conseguir que tr\u00e1nsfugas del partido de Bebbet (Yasmina) se desmarquen de dicho acuerdo y obliguen al nuevo Presidente de Israel, Isaac Herzog, a convocar nuevas Elecciones.<\/p>","protected":false},"excerpt":{"rendered":"<p>El actual sistema dominante o establishment estadounidense utilizar\u00eda la dictadura invisible del consumismo compulsivo de bienes materiales para lograr una sociedad homog\u00e9nea, uniforme y f\u00e1cilmente manipulable mediante las t\u00e9cnicas de manipulaci\u00f3n de masas. Asimismo, el pilar de su sistema pol\u00edtico ser\u00eda la sucesiva alternancia en el Poder del Partido Dem\u00f3crata [&hellip;]<\/p>\n","protected":false},"author":16,"featured_media":33432,"comment_status":"open","ping_status":"open","sticky":false,"template":"","format":"standard","meta":{"footnotes":""},"categories":[72],"tags":[],"class_list":["post-33431","post","type-post","status-publish","format-standard","has-post-thumbnail","hentry","category-opinion"],"yoast_head":"<!-- This site is optimized with the Yoast SEO plugin v27.5 - https:\/\/yoast.com\/product\/yoast-seo-wordpress\/ -->\n<title>\u00bfBusca Joe Biden un nuevo Acuerdo de Oslo? - Revista Rambla<\/title>\n<meta name=\"robots\" content=\"index, follow, max-snippet:-1, max-image-preview:large, max-video-preview:-1\" \/>\n<link rel=\"canonical\" href=\"https:\/\/www.revistarambla.com\/en\/busca-joe-biden-un-nuevo-acuerdo-de-oslo\/\" \/>\n<meta property=\"og:locale\" content=\"en_GB\" \/>\n<meta property=\"og:type\" content=\"article\" \/>\n<meta property=\"og:title\" content=\"\u00bfBusca Joe Biden un nuevo Acuerdo de Oslo? - Revista Rambla\" \/>\n<meta property=\"og:description\" content=\"El actual sistema dominante o establishment estadounidense utilizar\u00eda la dictadura invisible del consumismo compulsivo de bienes materiales para lograr una sociedad homog\u00e9nea, uniforme y f\u00e1cilmente manipulable mediante las t\u00e9cnicas de manipulaci\u00f3n de masas. Asimismo, el pilar de su sistema pol\u00edtico ser\u00eda la sucesiva alternancia en el Poder del Partido Dem\u00f3crata [&hellip;]\" \/>\n<meta property=\"og:url\" content=\"https:\/\/www.revistarambla.com\/en\/busca-joe-biden-un-nuevo-acuerdo-de-oslo\/\" \/>\n<meta property=\"og:site_name\" content=\"Revista Rambla\" \/>\n<meta property=\"article:publisher\" content=\"https:\/\/www.facebook.com\/revistarambla\/\" \/>\n<meta property=\"article:published_time\" content=\"2021-06-07T17:41:01+00:00\" \/>\n<meta property=\"article:modified_time\" content=\"2021-12-07T15:12:10+00:00\" \/>\n<meta property=\"og:image\" content=\"https:\/\/www.revistarambla.com\/wp-content\/uploads\/2021\/06\/tv-biden-cm.jpg\" \/>\n\t<meta property=\"og:image:width\" content=\"800\" \/>\n\t<meta property=\"og:image:height\" content=\"533\" \/>\n\t<meta property=\"og:image:type\" content=\"image\/jpeg\" \/>\n<meta name=\"author\" content=\"Germ\u00e1n Gorraiz L\u00f3pez\" \/>\n<meta name=\"twitter:card\" content=\"summary_large_image\" \/>\n<meta name=\"twitter:creator\" content=\"@revistarambla\" \/>\n<meta name=\"twitter:site\" content=\"@revistarambla\" \/>\n<meta name=\"twitter:label1\" content=\"Written by\" \/>\n\t<meta name=\"twitter:data1\" content=\"Germ\u00e1n Gorraiz L\u00f3pez\" \/>\n\t<meta name=\"twitter:label2\" content=\"Estimated reading time\" \/>\n\t<meta name=\"twitter:data2\" content=\"5 minutes\" \/>\n<script type=\"application\/ld+json\" class=\"yoast-schema-graph\">{\"@context\":\"https:\\\/\\\/schema.org\",\"@graph\":[{\"@type\":\"Article\",\"@id\":\"https:\\\/\\\/www.revistarambla.com\\\/busca-joe-biden-un-nuevo-acuerdo-de-oslo\\\/#article\",\"isPartOf\":{\"@id\":\"https:\\\/\\\/www.revistarambla.com\\\/busca-joe-biden-un-nuevo-acuerdo-de-oslo\\\/\"},\"author\":{\"name\":\"Germ\u00e1n Gorraiz L\u00f3pez\",\"@id\":\"https:\\\/\\\/www.revistarambla.com\\\/#\\\/schema\\\/person\\\/23a7868ff10cd88f8fdb045c7b7e4a4d\"},\"headline\":\"\u00bfBusca Joe Biden un nuevo Acuerdo de Oslo?\",\"datePublished\":\"2021-06-07T17:41:01+00:00\",\"dateModified\":\"2021-12-07T15:12:10+00:00\",\"mainEntityOfPage\":{\"@id\":\"https:\\\/\\\/www.revistarambla.com\\\/busca-joe-biden-un-nuevo-acuerdo-de-oslo\\\/\"},\"wordCount\":1079,\"commentCount\":0,\"publisher\":{\"@id\":\"https:\\\/\\\/www.revistarambla.com\\\/#organization\"},\"image\":{\"@id\":\"https:\\\/\\\/www.revistarambla.com\\\/busca-joe-biden-un-nuevo-acuerdo-de-oslo\\\/#primaryimage\"},\"thumbnailUrl\":\"https:\\\/\\\/www.revistarambla.com\\\/wp-content\\\/uploads\\\/2021\\\/06\\\/tv-biden-cm.jpg\",\"articleSection\":[\"Opiniones\"],\"inLanguage\":\"en-GB\",\"potentialAction\":[{\"@type\":\"CommentAction\",\"name\":\"Comment\",\"target\":[\"https:\\\/\\\/www.revistarambla.com\\\/busca-joe-biden-un-nuevo-acuerdo-de-oslo\\\/#respond\"]}]},{\"@type\":\"WebPage\",\"@id\":\"https:\\\/\\\/www.revistarambla.com\\\/busca-joe-biden-un-nuevo-acuerdo-de-oslo\\\/\",\"url\":\"https:\\\/\\\/www.revistarambla.com\\\/busca-joe-biden-un-nuevo-acuerdo-de-oslo\\\/\",\"name\":\"\u00bfBusca Joe Biden un nuevo Acuerdo de Oslo? - Revista Rambla\",\"isPartOf\":{\"@id\":\"https:\\\/\\\/www.revistarambla.com\\\/#website\"},\"primaryImageOfPage\":{\"@id\":\"https:\\\/\\\/www.revistarambla.com\\\/busca-joe-biden-un-nuevo-acuerdo-de-oslo\\\/#primaryimage\"},\"image\":{\"@id\":\"https:\\\/\\\/www.revistarambla.com\\\/busca-joe-biden-un-nuevo-acuerdo-de-oslo\\\/#primaryimage\"},\"thumbnailUrl\":\"https:\\\/\\\/www.revistarambla.com\\\/wp-content\\\/uploads\\\/2021\\\/06\\\/tv-biden-cm.jpg\",\"datePublished\":\"2021-06-07T17:41:01+00:00\",\"dateModified\":\"2021-12-07T15:12:10+00:00\",\"breadcrumb\":{\"@id\":\"https:\\\/\\\/www.revistarambla.com\\\/busca-joe-biden-un-nuevo-acuerdo-de-oslo\\\/#breadcrumb\"},\"inLanguage\":\"en-GB\",\"potentialAction\":[{\"@type\":\"ReadAction\",\"target\":[\"https:\\\/\\\/www.revistarambla.com\\\/busca-joe-biden-un-nuevo-acuerdo-de-oslo\\\/\"]}]},{\"@type\":\"ImageObject\",\"inLanguage\":\"en-GB\",\"@id\":\"https:\\\/\\\/www.revistarambla.com\\\/busca-joe-biden-un-nuevo-acuerdo-de-oslo\\\/#primaryimage\",\"url\":\"https:\\\/\\\/www.revistarambla.com\\\/wp-content\\\/uploads\\\/2021\\\/06\\\/tv-biden-cm.jpg\",\"contentUrl\":\"https:\\\/\\\/www.revistarambla.com\\\/wp-content\\\/uploads\\\/2021\\\/06\\\/tv-biden-cm.jpg\",\"width\":800,\"height\":533},{\"@type\":\"BreadcrumbList\",\"@id\":\"https:\\\/\\\/www.revistarambla.com\\\/busca-joe-biden-un-nuevo-acuerdo-de-oslo\\\/#breadcrumb\",\"itemListElement\":[{\"@type\":\"ListItem\",\"position\":1,\"name\":\"Portada\",\"item\":\"https:\\\/\\\/www.revistarambla.com\\\/\"},{\"@type\":\"ListItem\",\"position\":2,\"name\":\"\u00bfBusca Joe Biden un nuevo Acuerdo de Oslo?\"}]},{\"@type\":\"WebSite\",\"@id\":\"https:\\\/\\\/www.revistarambla.com\\\/#website\",\"url\":\"https:\\\/\\\/www.revistarambla.com\\\/\",\"name\":\"Revista Rambla Barcelona\",\"description\":\"Periodismo independiente\",\"publisher\":{\"@id\":\"https:\\\/\\\/www.revistarambla.com\\\/#organization\"},\"potentialAction\":[{\"@type\":\"SearchAction\",\"target\":{\"@type\":\"EntryPoint\",\"urlTemplate\":\"https:\\\/\\\/www.revistarambla.com\\\/?s={search_term_string}\"},\"query-input\":{\"@type\":\"PropertyValueSpecification\",\"valueRequired\":true,\"valueName\":\"search_term_string\"}}],\"inLanguage\":\"en-GB\"},{\"@type\":\"Organization\",\"@id\":\"https:\\\/\\\/www.revistarambla.com\\\/#organization\",\"name\":\"Revista Rambla\",\"url\":\"https:\\\/\\\/www.revistarambla.com\\\/\",\"logo\":{\"@type\":\"ImageObject\",\"inLanguage\":\"en-GB\",\"@id\":\"https:\\\/\\\/www.revistarambla.com\\\/#\\\/schema\\\/logo\\\/image\\\/\",\"url\":\"https:\\\/\\\/www.revistarambla.com\\\/wp-content\\\/uploads\\\/2020\\\/09\\\/banner_rambla_1900x600_BB.png\",\"contentUrl\":\"https:\\\/\\\/www.revistarambla.com\\\/wp-content\\\/uploads\\\/2020\\\/09\\\/banner_rambla_1900x600_BB.png\",\"width\":1900,\"height\":600,\"caption\":\"Revista Rambla\"},\"image\":{\"@id\":\"https:\\\/\\\/www.revistarambla.com\\\/#\\\/schema\\\/logo\\\/image\\\/\"},\"sameAs\":[\"https:\\\/\\\/www.facebook.com\\\/revistarambla\\\/\",\"https:\\\/\\\/x.com\\\/revistarambla\",\"https:\\\/\\\/www.instagram.com\\\/revista_rambla\",\"https:\\\/\\\/es.linkedin.com\\\/company\\\/revista-rambla\"]},{\"@type\":\"Person\",\"@id\":\"https:\\\/\\\/www.revistarambla.com\\\/#\\\/schema\\\/person\\\/23a7868ff10cd88f8fdb045c7b7e4a4d\",\"name\":\"Germ\u00e1n Gorraiz L\u00f3pez\",\"description\":\"Nacido en Navarra en 1957. Escribe an\u00e1lisis sobre temas econ\u00f3micos y geopol\u00edticos. Es miembro de Attac-Navarra. Colabora habitualmente en varios medios digitales e impresos espa\u00f1oles y latinoamericanos.\"}]}<\/script>\n<!-- \/ Yoast SEO plugin. -->","yoast_head_json":{"title":"\u00bfBusca Joe Biden un nuevo Acuerdo de Oslo? - Revista Rambla","robots":{"index":"index","follow":"follow","max-snippet":"max-snippet:-1","max-image-preview":"max-image-preview:large","max-video-preview":"max-video-preview:-1"},"canonical":"https:\/\/www.revistarambla.com\/en\/busca-joe-biden-un-nuevo-acuerdo-de-oslo\/","og_locale":"en_GB","og_type":"article","og_title":"\u00bfBusca Joe Biden un nuevo Acuerdo de Oslo? - Revista Rambla","og_description":"El actual sistema dominante o establishment estadounidense utilizar\u00eda la dictadura invisible del consumismo compulsivo de bienes materiales para lograr una sociedad homog\u00e9nea, uniforme y f\u00e1cilmente manipulable mediante las t\u00e9cnicas de manipulaci\u00f3n de masas. Asimismo, el pilar de su sistema pol\u00edtico ser\u00eda la sucesiva alternancia en el Poder del Partido Dem\u00f3crata [&hellip;]","og_url":"https:\/\/www.revistarambla.com\/en\/busca-joe-biden-un-nuevo-acuerdo-de-oslo\/","og_site_name":"Revista Rambla","article_publisher":"https:\/\/www.facebook.com\/revistarambla\/","article_published_time":"2021-06-07T17:41:01+00:00","article_modified_time":"2021-12-07T15:12:10+00:00","og_image":[{"width":800,"height":533,"url":"https:\/\/www.revistarambla.com\/wp-content\/uploads\/2021\/06\/tv-biden-cm.jpg","type":"image\/jpeg"}],"author":"Germ\u00e1n Gorraiz L\u00f3pez","twitter_card":"summary_large_image","twitter_creator":"@revistarambla","twitter_site":"@revistarambla","twitter_misc":{"Written by":"Germ\u00e1n Gorraiz L\u00f3pez","Estimated reading time":"5 minutes"},"schema":{"@context":"https:\/\/schema.org","@graph":[{"@type":"Article","@id":"https:\/\/www.revistarambla.com\/busca-joe-biden-un-nuevo-acuerdo-de-oslo\/#article","isPartOf":{"@id":"https:\/\/www.revistarambla.com\/busca-joe-biden-un-nuevo-acuerdo-de-oslo\/"},"author":{"name":"Germ\u00e1n Gorraiz L\u00f3pez","@id":"https:\/\/www.revistarambla.com\/#\/schema\/person\/23a7868ff10cd88f8fdb045c7b7e4a4d"},"headline":"\u00bfBusca Joe Biden un nuevo Acuerdo de Oslo?","datePublished":"2021-06-07T17:41:01+00:00","dateModified":"2021-12-07T15:12:10+00:00","mainEntityOfPage":{"@id":"https:\/\/www.revistarambla.com\/busca-joe-biden-un-nuevo-acuerdo-de-oslo\/"},"wordCount":1079,"commentCount":0,"publisher":{"@id":"https:\/\/www.revistarambla.com\/#organization"},"image":{"@id":"https:\/\/www.revistarambla.com\/busca-joe-biden-un-nuevo-acuerdo-de-oslo\/#primaryimage"},"thumbnailUrl":"https:\/\/www.revistarambla.com\/wp-content\/uploads\/2021\/06\/tv-biden-cm.jpg","articleSection":["Opiniones"],"inLanguage":"en-GB","potentialAction":[{"@type":"CommentAction","name":"Comment","target":["https:\/\/www.revistarambla.com\/busca-joe-biden-un-nuevo-acuerdo-de-oslo\/#respond"]}]},{"@type":"WebPage","@id":"https:\/\/www.revistarambla.com\/busca-joe-biden-un-nuevo-acuerdo-de-oslo\/","url":"https:\/\/www.revistarambla.com\/busca-joe-biden-un-nuevo-acuerdo-de-oslo\/","name":"\u00bfBusca Joe Biden un nuevo Acuerdo de Oslo? - Revista Rambla","isPartOf":{"@id":"https:\/\/www.revistarambla.com\/#website"},"primaryImageOfPage":{"@id":"https:\/\/www.revistarambla.com\/busca-joe-biden-un-nuevo-acuerdo-de-oslo\/#primaryimage"},"image":{"@id":"https:\/\/www.revistarambla.com\/busca-joe-biden-un-nuevo-acuerdo-de-oslo\/#primaryimage"},"thumbnailUrl":"https:\/\/www.revistarambla.com\/wp-content\/uploads\/2021\/06\/tv-biden-cm.jpg","datePublished":"2021-06-07T17:41:01+00:00","dateModified":"2021-12-07T15:12:10+00:00","breadcrumb":{"@id":"https:\/\/www.revistarambla.com\/busca-joe-biden-un-nuevo-acuerdo-de-oslo\/#breadcrumb"},"inLanguage":"en-GB","potentialAction":[{"@type":"ReadAction","target":["https:\/\/www.revistarambla.com\/busca-joe-biden-un-nuevo-acuerdo-de-oslo\/"]}]},{"@type":"ImageObject","inLanguage":"en-GB","@id":"https:\/\/www.revistarambla.com\/busca-joe-biden-un-nuevo-acuerdo-de-oslo\/#primaryimage","url":"https:\/\/www.revistarambla.com\/wp-content\/uploads\/2021\/06\/tv-biden-cm.jpg","contentUrl":"https:\/\/www.revistarambla.com\/wp-content\/uploads\/2021\/06\/tv-biden-cm.jpg","width":800,"height":533},{"@type":"BreadcrumbList","@id":"https:\/\/www.revistarambla.com\/busca-joe-biden-un-nuevo-acuerdo-de-oslo\/#breadcrumb","itemListElement":[{"@type":"ListItem","position":1,"name":"Portada","item":"https:\/\/www.revistarambla.com\/"},{"@type":"ListItem","position":2,"name":"\u00bfBusca Joe Biden un nuevo Acuerdo de Oslo?"}]},{"@type":"WebSite","@id":"https:\/\/www.revistarambla.com\/#website","url":"https:\/\/www.revistarambla.com\/","name":"Revista Rambla Barcelona","description":"Periodismo independiente","publisher":{"@id":"https:\/\/www.revistarambla.com\/#organization"},"potentialAction":[{"@type":"SearchAction","target":{"@type":"EntryPoint","urlTemplate":"https:\/\/www.revistarambla.com\/?s={search_term_string}"},"query-input":{"@type":"PropertyValueSpecification","valueRequired":true,"valueName":"search_term_string"}}],"inLanguage":"en-GB"},{"@type":"Organization","@id":"https:\/\/www.revistarambla.com\/#organization","name":"Revista Rambla","url":"https:\/\/www.revistarambla.com\/","logo":{"@type":"ImageObject","inLanguage":"en-GB","@id":"https:\/\/www.revistarambla.com\/#\/schema\/logo\/image\/","url":"https:\/\/www.revistarambla.com\/wp-content\/uploads\/2020\/09\/banner_rambla_1900x600_BB.png","contentUrl":"https:\/\/www.revistarambla.com\/wp-content\/uploads\/2020\/09\/banner_rambla_1900x600_BB.png","width":1900,"height":600,"caption":"Revista Rambla"},"image":{"@id":"https:\/\/www.revistarambla.com\/#\/schema\/logo\/image\/"},"sameAs":["https:\/\/www.facebook.com\/revistarambla\/","https:\/\/x.com\/revistarambla","https:\/\/www.instagram.com\/revista_rambla","https:\/\/es.linkedin.com\/company\/revista-rambla"]},{"@type":"Person","@id":"https:\/\/www.revistarambla.com\/#\/schema\/person\/23a7868ff10cd88f8fdb045c7b7e4a4d","name":"Germ\u00e1n Gorraiz L\u00f3pez","description":"Nacido en Navarra en 1957. Escribe an\u00e1lisis sobre temas econ\u00f3micos y geopol\u00edticos. Es miembro de Attac-Navarra. Colabora habitualmente en varios medios digitales e impresos espa\u00f1oles y latinoamericanos."}]}},"_links":{"self":[{"href":"https:\/\/www.revistarambla.com\/en\/wp-json\/wp\/v2\/posts\/33431","targetHints":{"allow":["GET"]}}],"collection":[{"href":"https:\/\/www.revistarambla.com\/en\/wp-json\/wp\/v2\/posts"}],"about":[{"href":"https:\/\/www.revistarambla.com\/en\/wp-json\/wp\/v2\/types\/post"}],"author":[{"embeddable":true,"href":"https:\/\/www.revistarambla.com\/en\/wp-json\/wp\/v2\/users\/16"}],"replies":[{"embeddable":true,"href":"https:\/\/www.revistarambla.com\/en\/wp-json\/wp\/v2\/comments?post=33431"}],"version-history":[{"count":0,"href":"https:\/\/www.revistarambla.com\/en\/wp-json\/wp\/v2\/posts\/33431\/revisions"}],"wp:featuredmedia":[{"embeddable":true,"href":"https:\/\/www.revistarambla.com\/en\/wp-json\/wp\/v2\/media\/33432"}],"wp:attachment":[{"href":"https:\/\/www.revistarambla.com\/en\/wp-json\/wp\/v2\/media?parent=33431"}],"wp:term":[{"taxonomy":"category","embeddable":true,"href":"https:\/\/www.revistarambla.com\/en\/wp-json\/wp\/v2\/categories?post=33431"},{"taxonomy":"post_tag","embeddable":true,"href":"https:\/\/www.revistarambla.com\/en\/wp-json\/wp\/v2\/tags?post=33431"}],"curies":[{"name":"wp","href":"https:\/\/api.w.org\/{rel}","templated":true}]}}