{"id":33300,"date":"2021-06-04T16:14:49","date_gmt":"2021-06-04T14:14:49","guid":{"rendered":"https:\/\/www.revistarambla.com\/?p=33300"},"modified":"2021-06-04T20:10:14","modified_gmt":"2021-06-04T18:10:14","slug":"media-interactiva-la-prueba-de-que-escuchar-a-los-empleados-es-el-camino-para-mejorar-la-productividad","status":"publish","type":"post","link":"https:\/\/www.revistarambla.com\/en\/media-interactiva-la-prueba-de-que-escuchar-a-los-empleados-es-el-camino-para-mejorar-la-productividad\/","title":{"rendered":"Media Interactiva, la prueba de que escuchar a los empleados es el camino para mejorar la productividad"},"content":{"rendered":"<p><img decoding=\"async\" class=\"aligncenter size-full wp-image-33301\" src=\"https:\/\/www.revistarambla.com\/wp-content\/uploads\/2021\/06\/media_or-scaled.jpeg\" alt=\"Media Interactiva\" width=\"2048\" height=\"1365\" srcset=\"https:\/\/www.revistarambla.com\/wp-content\/uploads\/2021\/06\/media_or-scaled.jpeg 2048w, https:\/\/www.revistarambla.com\/wp-content\/uploads\/2021\/06\/media_or-300x200.jpeg 300w, https:\/\/www.revistarambla.com\/wp-content\/uploads\/2021\/06\/media_or-1024x683.jpeg 1024w, https:\/\/www.revistarambla.com\/wp-content\/uploads\/2021\/06\/media_or-768x512.jpeg 768w, https:\/\/www.revistarambla.com\/wp-content\/uploads\/2021\/06\/media_or-1536x1024.jpeg 1536w\" sizes=\"(max-width: 2048px) 100vw, 2048px\" \/><\/p>\n<p>El sector empresarial vive un duro momento como consecuencia de la pandemia. El Covid 19 ha obligado a <strong>transformaciones muy convulsas en muchas empresas<\/strong> para poder continuar con su actividad. En muchos casos el a\u00f1o 2020 ha sido un ejercicio para olvidar donde lo m\u00e1ximo a lo que se ha podido aspirar es a salvar los muebles, sin crecer en grandes n\u00fameros pero al menos tampoco teniendo que echar el cierre.<\/p>\n<p>No obstante, s\u00ed ha habido sectores que han salido muy reforzados. La clave en muchos casos pasa por<strong> haber sabido adaptado a tiempo las organizaciones, contar con sistemas productivos bien ejecutados<\/strong> y, en alg\u00fan caso concreto, como es el de la empresa andaluza Media Interactiva, poner en el centro del foco a los empleados.<\/p>\n<p>Las <a href=\"https:\/\/www.observatoriorh.com\/al-dia\/media-interactiva-vuelve-al-teletrabajo-tras-escuchar-las-opiniones-y-comentarios-de-su-equipo.html\"><strong>opiniones sobre media interactiva<\/strong><\/a> demuestran que esta compa\u00f1\u00eda ha trabajado muy bien este a\u00f1o y ha sabido afrontar una dura situaci\u00f3n con esquemas de funcionamiento bien definidos. Las ideas tan presentes de teletrabajo y transformaci\u00f3n digital son una constante en esta empresa desde hace a\u00f1os, pero adem\u00e1s se suma a ellas la capacidad para crear ambientes de trabajo agradables y donde todos se sientan importantes.<\/p>\n<h2><strong>\u00bfC\u00f3mo ha conseguido sus buenos n\u00fameros Media Interactiva?<\/strong><\/h2>\n<p>Esta empresa multinacional est\u00e1 especializada e<strong>n tecnolog\u00eda y contenido educativo<\/strong>, de modo que es su propio \u00e1mbito de actuaci\u00f3n lo que le obliga a incorporar f\u00f3rmulas de trabajo a distancia mediante procesos optimizados de conexi\u00f3n.<\/p>\n<p><strong>La compa\u00f1\u00eda mantiene a sus empleados en situaci\u00f3n de teletrabajo<\/strong> y es un ejemplo de <strong>escucha activa de los profesionales<\/strong>, pues han sido ellos reiteradamente durante todo este tiempo de pandemia los que han ido decidiendo que f\u00f3rmula adoptar: teletrabajo, asistencia presencial, f\u00f3rmulas mixtas\u2026<\/p>\n<p>Todo este proceso les ha servido para ser recompensados con un <strong>plus mensual en su salario <\/strong>derivado de los buenos resultados que ha ido ofreciendo todo el equipo. Cuando una organizaci\u00f3n trabaja de manera c\u00f3moda y <strong>son atendidas sus demandas<\/strong>, esto se traduce en <strong>mayor productividad.<\/strong><\/p>\n<p><strong>Media Interactiva cuenta con espacios presenciales de trabajo en la localidad sevillana de Tomares<\/strong>, y plantea la construcci\u00f3n de una nueva sede m\u00e1s amplia en este mismo municipio, priorizando aspectos como el impacto reducido sobre el medio ambiente y espacios confortables y productivos.<\/p>\n<p>En las actuales instalaciones, debido al formato de teletrabajo, solo se producen reuniones espor\u00e1dicas y encuentros con clientes. La idea de la empresa es, por tanto, no solo acudir a esta f\u00f3rmula del teletrabajo como una soluci\u00f3n temporal, sino sacar el m\u00e1ximo partido posible y <strong>afianzar su estrategia de productividad.<\/strong><\/p>\n<h3><strong>Cambios acelerados por las circunstancias de la pandemia<\/strong><\/h3>\n<p>La compa\u00f1\u00eda andaluza es l\u00edder nacional en nuevas tecnolog\u00edas educativas y ofrece sistemas relacionados con la alfabetizaci\u00f3n digital en m\u00e1s de 120 pa\u00edses en todo el mundo. Su plantilla tiene un total de aproximadamente <strong>100 empleados, 60 de ellos directos, repartidos por Espa\u00f1a, Estados Unidos, Ucrania e India.<\/strong><\/p>\n<p>Por sus caracter\u00edsticas vemos que el trabajo a distancia no es solo una soluci\u00f3n temporal, sino una filosof\u00eda propia. Esto ha servido para que <strong>el conjunto de valoraciones y opiniones sobre Media Interactiva sea tan positivo a nivel global.<\/strong><\/p>\n<p>Ya antes del inicio de la pandemia fue de las primeras empresas en <strong>activar f\u00f3rmulas de teletrabajo que se mantuvieron hasta septiembre<\/strong>, cuando temporalmente volvieron al trabajo presencial.<\/p>\n<p>Sin embargo, el ascenso en el n\u00famero de contagios provoc\u00f3 que<strong> la compa\u00f1\u00eda consultara con los empleados cu\u00e1l era la mejor opci\u00f3n<\/strong>. De este modo se valida que no solo es necesario ofrecer los mejores medios disponibles para maximizar la productividad, sino que hay que atender tambi\u00e9n las peticiones de quienes forman la empresa.<\/p>\n<p><strong>Los empleados son una parte fundamental para el crecimiento de una compa\u00f1\u00eda<\/strong> y mantenerlos comprometidos con la organizaci\u00f3n es algo en lo que no todas las empresas inciden. El grado de compromiso de los empleados, que son recursos para la compa\u00f1\u00eda, determina en gran medida sus posibilidades de crecimiento.<\/p>\n<p>De cara al futuro, pensando en las nuevas instalaciones, Media Interactiva trabaja en espacios que est\u00e9n a la vanguardia en sostenibilidad y ecolog\u00eda, seg\u00fan apunta Laura Morillo, HR Chief Oficer de la compa\u00f1\u00eda, donde se habiliten tambi\u00e9n puestos de trabajo y salas de formaci\u00f3n necesaria, con laboratorio, espacios de meditaci\u00f3n, zonas de ocio, puntos de recarga para coches el\u00e9ctricos e incluso un gimnasio.<\/p>","protected":false},"excerpt":{"rendered":"<p>El sector empresarial vive un duro momento como consecuencia de la pandemia. El Covid 19 ha obligado a transformaciones muy convulsas en muchas empresas para poder continuar con su actividad. En muchos casos el a\u00f1o 2020 ha sido un ejercicio para olvidar donde lo m\u00e1ximo a lo que se ha [&hellip;]<\/p>\n","protected":false},"author":3,"featured_media":33301,"comment_status":"open","ping_status":"open","sticky":false,"template":"","format":"standard","meta":{"footnotes":""},"categories":[350],"tags":[],"class_list":["post-33300","post","type-post","status-publish","format-standard","has-post-thumbnail","hentry","category-miscelanea"],"yoast_head":"<!-- This site is optimized with the Yoast SEO plugin v27.5 - https:\/\/yoast.com\/product\/yoast-seo-wordpress\/ -->\n<title>Media Interactiva, la prueba de que escuchar a los empleados es el camino para mejorar la productividad - Revista Rambla<\/title>\n<meta name=\"robots\" content=\"index, follow, max-snippet:-1, max-image-preview:large, max-video-preview:-1\" \/>\n<link rel=\"canonical\" href=\"https:\/\/www.revistarambla.com\/en\/media-interactiva-la-prueba-de-que-escuchar-a-los-empleados-es-el-camino-para-mejorar-la-productividad\/\" \/>\n<meta property=\"og:locale\" content=\"en_GB\" \/>\n<meta property=\"og:type\" content=\"article\" \/>\n<meta property=\"og:title\" content=\"Media Interactiva, la prueba de que escuchar a los empleados es el camino para mejorar la productividad - Revista Rambla\" \/>\n<meta property=\"og:description\" content=\"El sector empresarial vive un duro momento como consecuencia de la pandemia. El Covid 19 ha obligado a transformaciones muy convulsas en muchas empresas para poder continuar con su actividad. En muchos casos el a\u00f1o 2020 ha sido un ejercicio para olvidar donde lo m\u00e1ximo a lo que se ha [&hellip;]\" \/>\n<meta property=\"og:url\" content=\"https:\/\/www.revistarambla.com\/en\/media-interactiva-la-prueba-de-que-escuchar-a-los-empleados-es-el-camino-para-mejorar-la-productividad\/\" \/>\n<meta property=\"og:site_name\" content=\"Revista Rambla\" \/>\n<meta property=\"article:publisher\" content=\"https:\/\/www.facebook.com\/revistarambla\/\" \/>\n<meta property=\"article:author\" content=\"https:\/\/www.facebook.com\/revistarambla\" \/>\n<meta property=\"article:published_time\" content=\"2021-06-04T14:14:49+00:00\" \/>\n<meta property=\"article:modified_time\" content=\"2021-06-04T18:10:14+00:00\" \/>\n<meta property=\"og:image\" content=\"https:\/\/i1.wp.com\/www.revistarambla.com\/wp-content\/uploads\/2021\/06\/media_or-scaled.jpeg?fit=2048%2C1365&ssl=1\" \/>\n\t<meta property=\"og:image:width\" content=\"2048\" \/>\n\t<meta property=\"og:image:height\" content=\"1365\" \/>\n\t<meta property=\"og:image:type\" content=\"image\/jpeg\" \/>\n<meta name=\"author\" content=\"R@mbla\" \/>\n<meta name=\"twitter:card\" content=\"summary_large_image\" \/>\n<meta name=\"twitter:creator\" content=\"@revistarambla\" \/>\n<meta name=\"twitter:site\" content=\"@revistarambla\" \/>\n<meta name=\"twitter:label1\" content=\"Written by\" \/>\n\t<meta name=\"twitter:data1\" content=\"R@mbla\" \/>\n\t<meta name=\"twitter:label2\" content=\"Estimated reading time\" \/>\n\t<meta name=\"twitter:data2\" content=\"4 minutes\" \/>\n<script type=\"application\/ld+json\" class=\"yoast-schema-graph\">{\"@context\":\"https:\\\/\\\/schema.org\",\"@graph\":[{\"@type\":\"Article\",\"@id\":\"https:\\\/\\\/www.revistarambla.com\\\/media-interactiva-la-prueba-de-que-escuchar-a-los-empleados-es-el-camino-para-mejorar-la-productividad\\\/#article\",\"isPartOf\":{\"@id\":\"https:\\\/\\\/www.revistarambla.com\\\/media-interactiva-la-prueba-de-que-escuchar-a-los-empleados-es-el-camino-para-mejorar-la-productividad\\\/\"},\"author\":{\"name\":\"R@mbla\",\"@id\":\"https:\\\/\\\/www.revistarambla.com\\\/#\\\/schema\\\/person\\\/a146a5a2550b94981a75131180e1bd9c\"},\"headline\":\"Media Interactiva, la prueba de que escuchar a los empleados es el camino para mejorar la productividad\",\"datePublished\":\"2021-06-04T14:14:49+00:00\",\"dateModified\":\"2021-06-04T18:10:14+00:00\",\"mainEntityOfPage\":{\"@id\":\"https:\\\/\\\/www.revistarambla.com\\\/media-interactiva-la-prueba-de-que-escuchar-a-los-empleados-es-el-camino-para-mejorar-la-productividad\\\/\"},\"wordCount\":773,\"commentCount\":0,\"publisher\":{\"@id\":\"https:\\\/\\\/www.revistarambla.com\\\/#organization\"},\"image\":{\"@id\":\"https:\\\/\\\/www.revistarambla.com\\\/media-interactiva-la-prueba-de-que-escuchar-a-los-empleados-es-el-camino-para-mejorar-la-productividad\\\/#primaryimage\"},\"thumbnailUrl\":\"https:\\\/\\\/www.revistarambla.com\\\/wp-content\\\/uploads\\\/2021\\\/06\\\/media_or-scaled.jpeg\",\"articleSection\":[\"Noticias de la vida\"],\"inLanguage\":\"en-GB\",\"potentialAction\":[{\"@type\":\"CommentAction\",\"name\":\"Comment\",\"target\":[\"https:\\\/\\\/www.revistarambla.com\\\/media-interactiva-la-prueba-de-que-escuchar-a-los-empleados-es-el-camino-para-mejorar-la-productividad\\\/#respond\"]}]},{\"@type\":\"WebPage\",\"@id\":\"https:\\\/\\\/www.revistarambla.com\\\/media-interactiva-la-prueba-de-que-escuchar-a-los-empleados-es-el-camino-para-mejorar-la-productividad\\\/\",\"url\":\"https:\\\/\\\/www.revistarambla.com\\\/media-interactiva-la-prueba-de-que-escuchar-a-los-empleados-es-el-camino-para-mejorar-la-productividad\\\/\",\"name\":\"Media Interactiva, la prueba de que escuchar a los empleados es el camino para mejorar la productividad - Revista Rambla\",\"isPartOf\":{\"@id\":\"https:\\\/\\\/www.revistarambla.com\\\/#website\"},\"primaryImageOfPage\":{\"@id\":\"https:\\\/\\\/www.revistarambla.com\\\/media-interactiva-la-prueba-de-que-escuchar-a-los-empleados-es-el-camino-para-mejorar-la-productividad\\\/#primaryimage\"},\"image\":{\"@id\":\"https:\\\/\\\/www.revistarambla.com\\\/media-interactiva-la-prueba-de-que-escuchar-a-los-empleados-es-el-camino-para-mejorar-la-productividad\\\/#primaryimage\"},\"thumbnailUrl\":\"https:\\\/\\\/www.revistarambla.com\\\/wp-content\\\/uploads\\\/2021\\\/06\\\/media_or-scaled.jpeg\",\"datePublished\":\"2021-06-04T14:14:49+00:00\",\"dateModified\":\"2021-06-04T18:10:14+00:00\",\"breadcrumb\":{\"@id\":\"https:\\\/\\\/www.revistarambla.com\\\/media-interactiva-la-prueba-de-que-escuchar-a-los-empleados-es-el-camino-para-mejorar-la-productividad\\\/#breadcrumb\"},\"inLanguage\":\"en-GB\",\"potentialAction\":[{\"@type\":\"ReadAction\",\"target\":[\"https:\\\/\\\/www.revistarambla.com\\\/media-interactiva-la-prueba-de-que-escuchar-a-los-empleados-es-el-camino-para-mejorar-la-productividad\\\/\"]}]},{\"@type\":\"ImageObject\",\"inLanguage\":\"en-GB\",\"@id\":\"https:\\\/\\\/www.revistarambla.com\\\/media-interactiva-la-prueba-de-que-escuchar-a-los-empleados-es-el-camino-para-mejorar-la-productividad\\\/#primaryimage\",\"url\":\"https:\\\/\\\/www.revistarambla.com\\\/wp-content\\\/uploads\\\/2021\\\/06\\\/media_or-scaled.jpeg\",\"contentUrl\":\"https:\\\/\\\/www.revistarambla.com\\\/wp-content\\\/uploads\\\/2021\\\/06\\\/media_or-scaled.jpeg\",\"width\":2048,\"height\":1365,\"caption\":\"Media Interactiva\"},{\"@type\":\"BreadcrumbList\",\"@id\":\"https:\\\/\\\/www.revistarambla.com\\\/media-interactiva-la-prueba-de-que-escuchar-a-los-empleados-es-el-camino-para-mejorar-la-productividad\\\/#breadcrumb\",\"itemListElement\":[{\"@type\":\"ListItem\",\"position\":1,\"name\":\"Portada\",\"item\":\"https:\\\/\\\/www.revistarambla.com\\\/\"},{\"@type\":\"ListItem\",\"position\":2,\"name\":\"Media Interactiva, la prueba de que escuchar a los empleados es el camino para mejorar la productividad\"}]},{\"@type\":\"WebSite\",\"@id\":\"https:\\\/\\\/www.revistarambla.com\\\/#website\",\"url\":\"https:\\\/\\\/www.revistarambla.com\\\/\",\"name\":\"Revista Rambla Barcelona\",\"description\":\"Periodismo independiente\",\"publisher\":{\"@id\":\"https:\\\/\\\/www.revistarambla.com\\\/#organization\"},\"potentialAction\":[{\"@type\":\"SearchAction\",\"target\":{\"@type\":\"EntryPoint\",\"urlTemplate\":\"https:\\\/\\\/www.revistarambla.com\\\/?s={search_term_string}\"},\"query-input\":{\"@type\":\"PropertyValueSpecification\",\"valueRequired\":true,\"valueName\":\"search_term_string\"}}],\"inLanguage\":\"en-GB\"},{\"@type\":\"Organization\",\"@id\":\"https:\\\/\\\/www.revistarambla.com\\\/#organization\",\"name\":\"Revista Rambla\",\"url\":\"https:\\\/\\\/www.revistarambla.com\\\/\",\"logo\":{\"@type\":\"ImageObject\",\"inLanguage\":\"en-GB\",\"@id\":\"https:\\\/\\\/www.revistarambla.com\\\/#\\\/schema\\\/logo\\\/image\\\/\",\"url\":\"https:\\\/\\\/www.revistarambla.com\\\/wp-content\\\/uploads\\\/2020\\\/09\\\/banner_rambla_1900x600_BB.png\",\"contentUrl\":\"https:\\\/\\\/www.revistarambla.com\\\/wp-content\\\/uploads\\\/2020\\\/09\\\/banner_rambla_1900x600_BB.png\",\"width\":1900,\"height\":600,\"caption\":\"Revista Rambla\"},\"image\":{\"@id\":\"https:\\\/\\\/www.revistarambla.com\\\/#\\\/schema\\\/logo\\\/image\\\/\"},\"sameAs\":[\"https:\\\/\\\/www.facebook.com\\\/revistarambla\\\/\",\"https:\\\/\\\/x.com\\\/revistarambla\",\"https:\\\/\\\/www.instagram.com\\\/revista_rambla\",\"https:\\\/\\\/es.linkedin.com\\\/company\\\/revista-rambla\"]},{\"@type\":\"Person\",\"@id\":\"https:\\\/\\\/www.revistarambla.com\\\/#\\\/schema\\\/person\\\/a146a5a2550b94981a75131180e1bd9c\",\"name\":\"R@mbla\",\"description\":\"Este art\u00edculo ha sido redactado y\\\/o validado por el equipo de redacci\u00f3n de Revista Rambla.\",\"sameAs\":[\"https:\\\/\\\/www.revistarambla.com\\\/\",\"https:\\\/\\\/www.facebook.com\\\/revistarambla\",\"https:\\\/\\\/x.com\\\/revistarambla\"]}]}<\/script>\n<!-- \/ Yoast SEO plugin. -->","yoast_head_json":{"title":"Media Interactiva, la prueba de que escuchar a los empleados es el camino para mejorar la productividad - Revista Rambla","robots":{"index":"index","follow":"follow","max-snippet":"max-snippet:-1","max-image-preview":"max-image-preview:large","max-video-preview":"max-video-preview:-1"},"canonical":"https:\/\/www.revistarambla.com\/en\/media-interactiva-la-prueba-de-que-escuchar-a-los-empleados-es-el-camino-para-mejorar-la-productividad\/","og_locale":"en_GB","og_type":"article","og_title":"Media Interactiva, la prueba de que escuchar a los empleados es el camino para mejorar la productividad - Revista Rambla","og_description":"El sector empresarial vive un duro momento como consecuencia de la pandemia. El Covid 19 ha obligado a transformaciones muy convulsas en muchas empresas para poder continuar con su actividad. En muchos casos el a\u00f1o 2020 ha sido un ejercicio para olvidar donde lo m\u00e1ximo a lo que se ha [&hellip;]","og_url":"https:\/\/www.revistarambla.com\/en\/media-interactiva-la-prueba-de-que-escuchar-a-los-empleados-es-el-camino-para-mejorar-la-productividad\/","og_site_name":"Revista Rambla","article_publisher":"https:\/\/www.facebook.com\/revistarambla\/","article_author":"https:\/\/www.facebook.com\/revistarambla","article_published_time":"2021-06-04T14:14:49+00:00","article_modified_time":"2021-06-04T18:10:14+00:00","og_image":[{"width":2048,"height":1365,"url":"https:\/\/i1.wp.com\/www.revistarambla.com\/wp-content\/uploads\/2021\/06\/media_or-scaled.jpeg?fit=2048%2C1365&ssl=1","type":"image\/jpeg"}],"author":"R@mbla","twitter_card":"summary_large_image","twitter_creator":"@revistarambla","twitter_site":"@revistarambla","twitter_misc":{"Written by":"R@mbla","Estimated reading time":"4 minutes"},"schema":{"@context":"https:\/\/schema.org","@graph":[{"@type":"Article","@id":"https:\/\/www.revistarambla.com\/media-interactiva-la-prueba-de-que-escuchar-a-los-empleados-es-el-camino-para-mejorar-la-productividad\/#article","isPartOf":{"@id":"https:\/\/www.revistarambla.com\/media-interactiva-la-prueba-de-que-escuchar-a-los-empleados-es-el-camino-para-mejorar-la-productividad\/"},"author":{"name":"R@mbla","@id":"https:\/\/www.revistarambla.com\/#\/schema\/person\/a146a5a2550b94981a75131180e1bd9c"},"headline":"Media Interactiva, la prueba de que escuchar a los empleados es el camino para mejorar la productividad","datePublished":"2021-06-04T14:14:49+00:00","dateModified":"2021-06-04T18:10:14+00:00","mainEntityOfPage":{"@id":"https:\/\/www.revistarambla.com\/media-interactiva-la-prueba-de-que-escuchar-a-los-empleados-es-el-camino-para-mejorar-la-productividad\/"},"wordCount":773,"commentCount":0,"publisher":{"@id":"https:\/\/www.revistarambla.com\/#organization"},"image":{"@id":"https:\/\/www.revistarambla.com\/media-interactiva-la-prueba-de-que-escuchar-a-los-empleados-es-el-camino-para-mejorar-la-productividad\/#primaryimage"},"thumbnailUrl":"https:\/\/www.revistarambla.com\/wp-content\/uploads\/2021\/06\/media_or-scaled.jpeg","articleSection":["Noticias de la vida"],"inLanguage":"en-GB","potentialAction":[{"@type":"CommentAction","name":"Comment","target":["https:\/\/www.revistarambla.com\/media-interactiva-la-prueba-de-que-escuchar-a-los-empleados-es-el-camino-para-mejorar-la-productividad\/#respond"]}]},{"@type":"WebPage","@id":"https:\/\/www.revistarambla.com\/media-interactiva-la-prueba-de-que-escuchar-a-los-empleados-es-el-camino-para-mejorar-la-productividad\/","url":"https:\/\/www.revistarambla.com\/media-interactiva-la-prueba-de-que-escuchar-a-los-empleados-es-el-camino-para-mejorar-la-productividad\/","name":"Media Interactiva, la prueba de que escuchar a los empleados es el camino para mejorar la productividad - Revista Rambla","isPartOf":{"@id":"https:\/\/www.revistarambla.com\/#website"},"primaryImageOfPage":{"@id":"https:\/\/www.revistarambla.com\/media-interactiva-la-prueba-de-que-escuchar-a-los-empleados-es-el-camino-para-mejorar-la-productividad\/#primaryimage"},"image":{"@id":"https:\/\/www.revistarambla.com\/media-interactiva-la-prueba-de-que-escuchar-a-los-empleados-es-el-camino-para-mejorar-la-productividad\/#primaryimage"},"thumbnailUrl":"https:\/\/www.revistarambla.com\/wp-content\/uploads\/2021\/06\/media_or-scaled.jpeg","datePublished":"2021-06-04T14:14:49+00:00","dateModified":"2021-06-04T18:10:14+00:00","breadcrumb":{"@id":"https:\/\/www.revistarambla.com\/media-interactiva-la-prueba-de-que-escuchar-a-los-empleados-es-el-camino-para-mejorar-la-productividad\/#breadcrumb"},"inLanguage":"en-GB","potentialAction":[{"@type":"ReadAction","target":["https:\/\/www.revistarambla.com\/media-interactiva-la-prueba-de-que-escuchar-a-los-empleados-es-el-camino-para-mejorar-la-productividad\/"]}]},{"@type":"ImageObject","inLanguage":"en-GB","@id":"https:\/\/www.revistarambla.com\/media-interactiva-la-prueba-de-que-escuchar-a-los-empleados-es-el-camino-para-mejorar-la-productividad\/#primaryimage","url":"https:\/\/www.revistarambla.com\/wp-content\/uploads\/2021\/06\/media_or-scaled.jpeg","contentUrl":"https:\/\/www.revistarambla.com\/wp-content\/uploads\/2021\/06\/media_or-scaled.jpeg","width":2048,"height":1365,"caption":"Media Interactiva"},{"@type":"BreadcrumbList","@id":"https:\/\/www.revistarambla.com\/media-interactiva-la-prueba-de-que-escuchar-a-los-empleados-es-el-camino-para-mejorar-la-productividad\/#breadcrumb","itemListElement":[{"@type":"ListItem","position":1,"name":"Portada","item":"https:\/\/www.revistarambla.com\/"},{"@type":"ListItem","position":2,"name":"Media Interactiva, la prueba de que escuchar a los empleados es el camino para mejorar la productividad"}]},{"@type":"WebSite","@id":"https:\/\/www.revistarambla.com\/#website","url":"https:\/\/www.revistarambla.com\/","name":"Revista Rambla Barcelona","description":"Periodismo independiente","publisher":{"@id":"https:\/\/www.revistarambla.com\/#organization"},"potentialAction":[{"@type":"SearchAction","target":{"@type":"EntryPoint","urlTemplate":"https:\/\/www.revistarambla.com\/?s={search_term_string}"},"query-input":{"@type":"PropertyValueSpecification","valueRequired":true,"valueName":"search_term_string"}}],"inLanguage":"en-GB"},{"@type":"Organization","@id":"https:\/\/www.revistarambla.com\/#organization","name":"Revista Rambla","url":"https:\/\/www.revistarambla.com\/","logo":{"@type":"ImageObject","inLanguage":"en-GB","@id":"https:\/\/www.revistarambla.com\/#\/schema\/logo\/image\/","url":"https:\/\/www.revistarambla.com\/wp-content\/uploads\/2020\/09\/banner_rambla_1900x600_BB.png","contentUrl":"https:\/\/www.revistarambla.com\/wp-content\/uploads\/2020\/09\/banner_rambla_1900x600_BB.png","width":1900,"height":600,"caption":"Revista Rambla"},"image":{"@id":"https:\/\/www.revistarambla.com\/#\/schema\/logo\/image\/"},"sameAs":["https:\/\/www.facebook.com\/revistarambla\/","https:\/\/x.com\/revistarambla","https:\/\/www.instagram.com\/revista_rambla","https:\/\/es.linkedin.com\/company\/revista-rambla"]},{"@type":"Person","@id":"https:\/\/www.revistarambla.com\/#\/schema\/person\/a146a5a2550b94981a75131180e1bd9c","name":"R@mbla","description":"Este art\u00edculo ha sido redactado y\/o validado por el equipo de redacci\u00f3n de Revista Rambla.","sameAs":["https:\/\/www.revistarambla.com\/","https:\/\/www.facebook.com\/revistarambla","https:\/\/x.com\/revistarambla"]}]}},"_links":{"self":[{"href":"https:\/\/www.revistarambla.com\/en\/wp-json\/wp\/v2\/posts\/33300","targetHints":{"allow":["GET"]}}],"collection":[{"href":"https:\/\/www.revistarambla.com\/en\/wp-json\/wp\/v2\/posts"}],"about":[{"href":"https:\/\/www.revistarambla.com\/en\/wp-json\/wp\/v2\/types\/post"}],"author":[{"embeddable":true,"href":"https:\/\/www.revistarambla.com\/en\/wp-json\/wp\/v2\/users\/3"}],"replies":[{"embeddable":true,"href":"https:\/\/www.revistarambla.com\/en\/wp-json\/wp\/v2\/comments?post=33300"}],"version-history":[{"count":0,"href":"https:\/\/www.revistarambla.com\/en\/wp-json\/wp\/v2\/posts\/33300\/revisions"}],"wp:featuredmedia":[{"embeddable":true,"href":"https:\/\/www.revistarambla.com\/en\/wp-json\/wp\/v2\/media\/33301"}],"wp:attachment":[{"href":"https:\/\/www.revistarambla.com\/en\/wp-json\/wp\/v2\/media?parent=33300"}],"wp:term":[{"taxonomy":"category","embeddable":true,"href":"https:\/\/www.revistarambla.com\/en\/wp-json\/wp\/v2\/categories?post=33300"},{"taxonomy":"post_tag","embeddable":true,"href":"https:\/\/www.revistarambla.com\/en\/wp-json\/wp\/v2\/tags?post=33300"}],"curies":[{"name":"wp","href":"https:\/\/api.w.org\/{rel}","templated":true}]}}