{"id":33207,"date":"2021-06-02T18:07:06","date_gmt":"2021-06-02T16:07:06","guid":{"rendered":"https:\/\/www.revistarambla.com\/?p=33207"},"modified":"2021-06-03T12:24:09","modified_gmt":"2021-06-03T10:24:09","slug":"gafas-blancas-de-pasta-segura","status":"publish","type":"post","link":"https:\/\/www.revistarambla.com\/en\/gafas-blancas-de-pasta-segura\/","title":{"rendered":"Gafas blancas de pasta gansa"},"content":{"rendered":"<figure id=\"attachment_33208\" aria-describedby=\"caption-attachment-33208\" style=\"width: 226px\" class=\"wp-caption alignright\"><img decoding=\"async\" class=\"wp-image-33208 size-full\" src=\"https:\/\/www.revistarambla.com\/wp-content\/uploads\/2021\/06\/226px-Joan_Maria_Pique_Nit_electoral_18049497555_2_cropped.jpg\" alt=\"\" width=\"226\" height=\"299\" \/><figcaption id=\"caption-attachment-33208\" class=\"wp-caption-text\">El fan\u00e1tico.<\/figcaption><\/figure>\n<p>Hace poco m\u00e1s de una d\u00e9cada me toc\u00f3 entrevistar al co\u00f1azo de Artur Mas para un peri\u00f3dico local durante una de sus visitas a Ponent. Con mi compa\u00f1ero fot\u00f3grafo llegamos raramente puntuales a la cita, que se hab\u00eda se\u00f1alado en un pabell\u00f3n vac\u00edo de un pueblo convergente de esos que tanto abundaban por aquel entonces.<\/p>\n<p>Curiosamente, por ah\u00ed deambulaba un tipo m\u00e1s o menos de nuestra edad con traje, corbata y unas gafas blancas de pasta bastante horteras, que si me lo hicieran definir en catal\u00e1n lo har\u00eda con los adjetivos <em>galifardeu<\/em> y <em>xitxarel\u00b7lo<\/em>. Se nos acerc\u00f3 decidido y nos pregunt\u00f3 \u00ab<em>veniu a entrevistar a l&#8217;Artur?<\/em>\u00ab. Obviamente, \u00e9ramos los \u00fanicos con una c\u00e1mara de fotos al hombro y libreta y grabadora en mano. Muy avispado el chaval.<\/p>\n<p>Mas todav\u00eda no era <em>president<\/em> y mientras le esper\u00e1bamos, este cipayo primero trat\u00f3 de empatizar con nosotros al explicarnos que era de no s\u00e9 que <em>pueblacho<\/em> de Lleida y luego amag\u00f3 con realizarnos un m\u00edsero interrogatorio para saber por donde ir\u00edan los tiros de la entrevista. Lo de la empat\u00eda no le sirvi\u00f3 de mucho porque mi compa\u00f1ero hab\u00eda nacido en Barcelona y residido en Bruselas durante lustros y a m\u00ed eso del <em>territori<\/em> y la <em>identitat<\/em> me la trae al pairo. Lo del interrogatorio sobre la entrevista le fue peor porque trabaj\u00e1bamos para un peri\u00f3dico de tendencia republicana y, ciertamente, el chico no inspiraba confianza. No dijimos ni mu. Al final, result\u00f3 ser la t\u00edpica entrevista sopor\u00edfera de Mas.<\/p>\n<p>El personaje en cuesti\u00f3n no era otro que el <em>opusino<\/em> Josep Maria Piqu\u00e9, el jefe de prensa de Artur Mas, un individuo licenciado en periodismo por la Universidad de Navarra, uno de esos centros privados financiados por <em>la obra<\/em>. A partir de aqu\u00ed podr\u00edamos escribir parte de su biograf\u00eda, pero la verdad, me da una pereza terrible (les dej\u00f3 el <a href=\"https:\/\/ca.wikipedia.org\/wiki\/Joan_Maria_Piqu%C3%A9_Fern%C3%A1ndez\">enlace de la Wikipedia<\/a> por si les interesa, ah\u00ed leer\u00e1n que fue denunciado por Reporteros sin Fronteras por ejercer presiones period\u00edsticas). El motivo de este art\u00edculo no es otro que dejar constancia que los <em>xitxarel\u00b7los<\/em> fieles a su amo acaban teniendo un hueso que roer.<\/p>\n<p>Esta semana hemos sabido que Piqu\u00e9, tras dejar de ser jefe de prensa de Mas, tendr\u00e1 su cuarto alto cargo p\u00fablico. Hasta hace unas semanas era asesor en Proyectos de Comunicaci\u00f3n de la consejer\u00eda de Empresa y Conocimiento (70.000 euros brutos anuales), pero con el nuevo <em>govern<\/em> fue destituido. A\u00fan no hab\u00eda tenido tiempo de percibir la prestaci\u00f3n por desempleo que ha sido recolocado hoy en la consejer\u00eda de Acci\u00f3n Exterior, como director general de An\u00e1lisis y Planificaci\u00f3n Estrat\u00e9gica (87.000 euros brutos anuales).<\/p>\n<p>Piqu\u00e9 pas\u00f3 por tres departamentos diferentes la pasada legislatura. En septiembre de 2018, fue nombrado coordinador internacional y relaciones p\u00fablicas del ejecutivo catal\u00e1n. Un a\u00f1o despu\u00e9s, asumi\u00f3 el cargo de director de comunicaci\u00f3n del Departamento de Interior, que entonces encabezaba Miquel Buch. Y cuando Buch fue destituido un a\u00f1o m\u00e1s tarde, en septiembre de 2020, Piqu\u00e9 se incorpor\u00f3 como asesor del <em>conseller<\/em> Tremosa.<\/p>\n<p>Antes, hab\u00eda trabajado como responsable de la comunicaci\u00f3n exterior de la Generalitat durante la presidencia de Puigdemont -al frente del Programa Internacional de Comunicaci\u00f3n y Relaciones P\u00fablicas Eugeni Xammar (75.000 euros brutos anuales)-, y, como dec\u00edamos, jefe de prensa de Mas.<\/p>\n<p>Piqu\u00e9 es el t\u00edpico trepa siniestro que chupa del bote por operar en la sombra presionando a periodistas o amedrentando a sus iguales. Un ser cerril a las \u00f3rdenes de <em>la obra<\/em> que se ha enquistado en la pol\u00edtica catalana, convirti\u00e9ndola en algo devaluado y oscuro. Tipos como este son los culpables de haber convertido a Catalu\u00f1a en lo que es hoy, un vertedero de incompetentes.<\/p>","protected":false},"excerpt":{"rendered":"<p>Hace poco m\u00e1s de una d\u00e9cada me toc\u00f3 entrevistar al co\u00f1azo de Artur Mas para un peri\u00f3dico local durante una de sus visitas a Ponent. Con mi compa\u00f1ero fot\u00f3grafo llegamos raramente puntuales a la cita, que se hab\u00eda se\u00f1alado en un pabell\u00f3n vac\u00edo de un pueblo convergente de esos que [&hellip;]<\/p>\n","protected":false},"author":3,"featured_media":33208,"comment_status":"open","ping_status":"open","sticky":false,"template":"","format":"standard","meta":{"footnotes":""},"categories":[72],"tags":[],"class_list":["post-33207","post","type-post","status-publish","format-standard","has-post-thumbnail","hentry","category-opinion"],"yoast_head":"<!-- This site is optimized with the Yoast SEO plugin v27.5 - https:\/\/yoast.com\/product\/yoast-seo-wordpress\/ -->\n<title>Gafas blancas de pasta gansa - Revista Rambla<\/title>\n<meta name=\"robots\" content=\"index, follow, max-snippet:-1, max-image-preview:large, max-video-preview:-1\" \/>\n<link rel=\"canonical\" href=\"https:\/\/www.revistarambla.com\/en\/gafas-blancas-de-pasta-segura\/\" \/>\n<meta property=\"og:locale\" content=\"en_GB\" \/>\n<meta property=\"og:type\" content=\"article\" \/>\n<meta property=\"og:title\" content=\"Gafas blancas de pasta gansa - Revista Rambla\" \/>\n<meta property=\"og:description\" content=\"Hace poco m\u00e1s de una d\u00e9cada me toc\u00f3 entrevistar al co\u00f1azo de Artur Mas para un peri\u00f3dico local durante una de sus visitas a Ponent. Con mi compa\u00f1ero fot\u00f3grafo llegamos raramente puntuales a la cita, que se hab\u00eda se\u00f1alado en un pabell\u00f3n vac\u00edo de un pueblo convergente de esos que [&hellip;]\" \/>\n<meta property=\"og:url\" content=\"https:\/\/www.revistarambla.com\/en\/gafas-blancas-de-pasta-segura\/\" \/>\n<meta property=\"og:site_name\" content=\"Revista Rambla\" \/>\n<meta property=\"article:publisher\" content=\"https:\/\/www.facebook.com\/revistarambla\/\" \/>\n<meta property=\"article:author\" content=\"https:\/\/www.facebook.com\/revistarambla\" \/>\n<meta property=\"article:published_time\" content=\"2021-06-02T16:07:06+00:00\" \/>\n<meta property=\"article:modified_time\" content=\"2021-06-03T10:24:09+00:00\" \/>\n<meta property=\"og:image\" content=\"https:\/\/i2.wp.com\/www.revistarambla.com\/wp-content\/uploads\/2021\/06\/226px-Joan_Maria_Pique_Nit_electoral_18049497555_2_cropped.jpg?fit=226%2C299&ssl=1\" \/>\n\t<meta property=\"og:image:width\" content=\"226\" \/>\n\t<meta property=\"og:image:height\" content=\"299\" \/>\n\t<meta property=\"og:image:type\" content=\"image\/jpeg\" \/>\n<meta name=\"author\" content=\"\u00c1lvaro Lobo\" \/>\n<meta name=\"twitter:card\" content=\"summary_large_image\" \/>\n<meta name=\"twitter:creator\" content=\"@revistarambla\" \/>\n<meta name=\"twitter:site\" content=\"@revistarambla\" \/>\n<meta name=\"twitter:label1\" content=\"Written by\" \/>\n\t<meta name=\"twitter:data1\" content=\"\u00c1lvaro Lobo\" \/>\n\t<meta name=\"twitter:label2\" content=\"Estimated reading time\" \/>\n\t<meta name=\"twitter:data2\" content=\"3 minutes\" \/>\n<script type=\"application\/ld+json\" class=\"yoast-schema-graph\">{\"@context\":\"https:\\\/\\\/schema.org\",\"@graph\":[{\"@type\":\"Article\",\"@id\":\"https:\\\/\\\/www.revistarambla.com\\\/gafas-blancas-de-pasta-segura\\\/#article\",\"isPartOf\":{\"@id\":\"https:\\\/\\\/www.revistarambla.com\\\/gafas-blancas-de-pasta-segura\\\/\"},\"author\":{\"name\":\"\u00c1lvaro Lobo\",\"@id\":\"https:\\\/\\\/www.revistarambla.com\\\/#\\\/schema\\\/person\\\/a146a5a2550b94981a75131180e1bd9c\"},\"headline\":\"Gafas blancas de pasta gansa\",\"datePublished\":\"2021-06-02T16:07:06+00:00\",\"dateModified\":\"2021-06-03T10:24:09+00:00\",\"mainEntityOfPage\":{\"@id\":\"https:\\\/\\\/www.revistarambla.com\\\/gafas-blancas-de-pasta-segura\\\/\"},\"wordCount\":677,\"commentCount\":0,\"publisher\":{\"@id\":\"https:\\\/\\\/www.revistarambla.com\\\/#organization\"},\"image\":{\"@id\":\"https:\\\/\\\/www.revistarambla.com\\\/gafas-blancas-de-pasta-segura\\\/#primaryimage\"},\"thumbnailUrl\":\"https:\\\/\\\/www.revistarambla.com\\\/wp-content\\\/uploads\\\/2021\\\/06\\\/226px-Joan_Maria_Pique_Nit_electoral_18049497555_2_cropped.jpg\",\"articleSection\":[\"Opiniones\"],\"inLanguage\":\"en-GB\",\"potentialAction\":[{\"@type\":\"CommentAction\",\"name\":\"Comment\",\"target\":[\"https:\\\/\\\/www.revistarambla.com\\\/gafas-blancas-de-pasta-segura\\\/#respond\"]}]},{\"@type\":\"WebPage\",\"@id\":\"https:\\\/\\\/www.revistarambla.com\\\/gafas-blancas-de-pasta-segura\\\/\",\"url\":\"https:\\\/\\\/www.revistarambla.com\\\/gafas-blancas-de-pasta-segura\\\/\",\"name\":\"Gafas blancas de pasta gansa - Revista Rambla\",\"isPartOf\":{\"@id\":\"https:\\\/\\\/www.revistarambla.com\\\/#website\"},\"primaryImageOfPage\":{\"@id\":\"https:\\\/\\\/www.revistarambla.com\\\/gafas-blancas-de-pasta-segura\\\/#primaryimage\"},\"image\":{\"@id\":\"https:\\\/\\\/www.revistarambla.com\\\/gafas-blancas-de-pasta-segura\\\/#primaryimage\"},\"thumbnailUrl\":\"https:\\\/\\\/www.revistarambla.com\\\/wp-content\\\/uploads\\\/2021\\\/06\\\/226px-Joan_Maria_Pique_Nit_electoral_18049497555_2_cropped.jpg\",\"datePublished\":\"2021-06-02T16:07:06+00:00\",\"dateModified\":\"2021-06-03T10:24:09+00:00\",\"breadcrumb\":{\"@id\":\"https:\\\/\\\/www.revistarambla.com\\\/gafas-blancas-de-pasta-segura\\\/#breadcrumb\"},\"inLanguage\":\"en-GB\",\"potentialAction\":[{\"@type\":\"ReadAction\",\"target\":[\"https:\\\/\\\/www.revistarambla.com\\\/gafas-blancas-de-pasta-segura\\\/\"]}]},{\"@type\":\"ImageObject\",\"inLanguage\":\"en-GB\",\"@id\":\"https:\\\/\\\/www.revistarambla.com\\\/gafas-blancas-de-pasta-segura\\\/#primaryimage\",\"url\":\"https:\\\/\\\/www.revistarambla.com\\\/wp-content\\\/uploads\\\/2021\\\/06\\\/226px-Joan_Maria_Pique_Nit_electoral_18049497555_2_cropped.jpg\",\"contentUrl\":\"https:\\\/\\\/www.revistarambla.com\\\/wp-content\\\/uploads\\\/2021\\\/06\\\/226px-Joan_Maria_Pique_Nit_electoral_18049497555_2_cropped.jpg\",\"width\":226,\"height\":299},{\"@type\":\"BreadcrumbList\",\"@id\":\"https:\\\/\\\/www.revistarambla.com\\\/gafas-blancas-de-pasta-segura\\\/#breadcrumb\",\"itemListElement\":[{\"@type\":\"ListItem\",\"position\":1,\"name\":\"Portada\",\"item\":\"https:\\\/\\\/www.revistarambla.com\\\/\"},{\"@type\":\"ListItem\",\"position\":2,\"name\":\"Gafas blancas de pasta gansa\"}]},{\"@type\":\"WebSite\",\"@id\":\"https:\\\/\\\/www.revistarambla.com\\\/#website\",\"url\":\"https:\\\/\\\/www.revistarambla.com\\\/\",\"name\":\"Revista Rambla Barcelona\",\"description\":\"Periodismo independiente\",\"publisher\":{\"@id\":\"https:\\\/\\\/www.revistarambla.com\\\/#organization\"},\"potentialAction\":[{\"@type\":\"SearchAction\",\"target\":{\"@type\":\"EntryPoint\",\"urlTemplate\":\"https:\\\/\\\/www.revistarambla.com\\\/?s={search_term_string}\"},\"query-input\":{\"@type\":\"PropertyValueSpecification\",\"valueRequired\":true,\"valueName\":\"search_term_string\"}}],\"inLanguage\":\"en-GB\"},{\"@type\":\"Organization\",\"@id\":\"https:\\\/\\\/www.revistarambla.com\\\/#organization\",\"name\":\"Revista Rambla\",\"url\":\"https:\\\/\\\/www.revistarambla.com\\\/\",\"logo\":{\"@type\":\"ImageObject\",\"inLanguage\":\"en-GB\",\"@id\":\"https:\\\/\\\/www.revistarambla.com\\\/#\\\/schema\\\/logo\\\/image\\\/\",\"url\":\"https:\\\/\\\/www.revistarambla.com\\\/wp-content\\\/uploads\\\/2020\\\/09\\\/banner_rambla_1900x600_BB.png\",\"contentUrl\":\"https:\\\/\\\/www.revistarambla.com\\\/wp-content\\\/uploads\\\/2020\\\/09\\\/banner_rambla_1900x600_BB.png\",\"width\":1900,\"height\":600,\"caption\":\"Revista Rambla\"},\"image\":{\"@id\":\"https:\\\/\\\/www.revistarambla.com\\\/#\\\/schema\\\/logo\\\/image\\\/\"},\"sameAs\":[\"https:\\\/\\\/www.facebook.com\\\/revistarambla\\\/\",\"https:\\\/\\\/x.com\\\/revistarambla\",\"https:\\\/\\\/www.instagram.com\\\/revista_rambla\",\"https:\\\/\\\/es.linkedin.com\\\/company\\\/revista-rambla\"]},{\"@type\":\"Person\",\"@id\":\"https:\\\/\\\/www.revistarambla.com\\\/#\\\/schema\\\/person\\\/a146a5a2550b94981a75131180e1bd9c\",\"name\":\"\u00c1lvaro Lobo\",\"sameAs\":[\"https:\\\/\\\/www.facebook.com\\\/revistarambla\",\"https:\\\/\\\/x.com\\\/revistarambla\"]}]}<\/script>\n<!-- \/ Yoast SEO plugin. -->","yoast_head_json":{"title":"Gafas blancas de pasta gansa - Revista Rambla","robots":{"index":"index","follow":"follow","max-snippet":"max-snippet:-1","max-image-preview":"max-image-preview:large","max-video-preview":"max-video-preview:-1"},"canonical":"https:\/\/www.revistarambla.com\/en\/gafas-blancas-de-pasta-segura\/","og_locale":"en_GB","og_type":"article","og_title":"Gafas blancas de pasta gansa - Revista Rambla","og_description":"Hace poco m\u00e1s de una d\u00e9cada me toc\u00f3 entrevistar al co\u00f1azo de Artur Mas para un peri\u00f3dico local durante una de sus visitas a Ponent. Con mi compa\u00f1ero fot\u00f3grafo llegamos raramente puntuales a la cita, que se hab\u00eda se\u00f1alado en un pabell\u00f3n vac\u00edo de un pueblo convergente de esos que [&hellip;]","og_url":"https:\/\/www.revistarambla.com\/en\/gafas-blancas-de-pasta-segura\/","og_site_name":"Revista Rambla","article_publisher":"https:\/\/www.facebook.com\/revistarambla\/","article_author":"https:\/\/www.facebook.com\/revistarambla","article_published_time":"2021-06-02T16:07:06+00:00","article_modified_time":"2021-06-03T10:24:09+00:00","og_image":[{"width":226,"height":299,"url":"https:\/\/i2.wp.com\/www.revistarambla.com\/wp-content\/uploads\/2021\/06\/226px-Joan_Maria_Pique_Nit_electoral_18049497555_2_cropped.jpg?fit=226%2C299&ssl=1","type":"image\/jpeg"}],"author":"\u00c1lvaro Lobo","twitter_card":"summary_large_image","twitter_creator":"@revistarambla","twitter_site":"@revistarambla","twitter_misc":{"Written by":"\u00c1lvaro Lobo","Estimated reading time":"3 minutes"},"schema":{"@context":"https:\/\/schema.org","@graph":[{"@type":"Article","@id":"https:\/\/www.revistarambla.com\/gafas-blancas-de-pasta-segura\/#article","isPartOf":{"@id":"https:\/\/www.revistarambla.com\/gafas-blancas-de-pasta-segura\/"},"author":{"name":"\u00c1lvaro Lobo","@id":"https:\/\/www.revistarambla.com\/#\/schema\/person\/a146a5a2550b94981a75131180e1bd9c"},"headline":"Gafas blancas de pasta gansa","datePublished":"2021-06-02T16:07:06+00:00","dateModified":"2021-06-03T10:24:09+00:00","mainEntityOfPage":{"@id":"https:\/\/www.revistarambla.com\/gafas-blancas-de-pasta-segura\/"},"wordCount":677,"commentCount":0,"publisher":{"@id":"https:\/\/www.revistarambla.com\/#organization"},"image":{"@id":"https:\/\/www.revistarambla.com\/gafas-blancas-de-pasta-segura\/#primaryimage"},"thumbnailUrl":"https:\/\/www.revistarambla.com\/wp-content\/uploads\/2021\/06\/226px-Joan_Maria_Pique_Nit_electoral_18049497555_2_cropped.jpg","articleSection":["Opiniones"],"inLanguage":"en-GB","potentialAction":[{"@type":"CommentAction","name":"Comment","target":["https:\/\/www.revistarambla.com\/gafas-blancas-de-pasta-segura\/#respond"]}]},{"@type":"WebPage","@id":"https:\/\/www.revistarambla.com\/gafas-blancas-de-pasta-segura\/","url":"https:\/\/www.revistarambla.com\/gafas-blancas-de-pasta-segura\/","name":"Gafas blancas de pasta gansa - Revista Rambla","isPartOf":{"@id":"https:\/\/www.revistarambla.com\/#website"},"primaryImageOfPage":{"@id":"https:\/\/www.revistarambla.com\/gafas-blancas-de-pasta-segura\/#primaryimage"},"image":{"@id":"https:\/\/www.revistarambla.com\/gafas-blancas-de-pasta-segura\/#primaryimage"},"thumbnailUrl":"https:\/\/www.revistarambla.com\/wp-content\/uploads\/2021\/06\/226px-Joan_Maria_Pique_Nit_electoral_18049497555_2_cropped.jpg","datePublished":"2021-06-02T16:07:06+00:00","dateModified":"2021-06-03T10:24:09+00:00","breadcrumb":{"@id":"https:\/\/www.revistarambla.com\/gafas-blancas-de-pasta-segura\/#breadcrumb"},"inLanguage":"en-GB","potentialAction":[{"@type":"ReadAction","target":["https:\/\/www.revistarambla.com\/gafas-blancas-de-pasta-segura\/"]}]},{"@type":"ImageObject","inLanguage":"en-GB","@id":"https:\/\/www.revistarambla.com\/gafas-blancas-de-pasta-segura\/#primaryimage","url":"https:\/\/www.revistarambla.com\/wp-content\/uploads\/2021\/06\/226px-Joan_Maria_Pique_Nit_electoral_18049497555_2_cropped.jpg","contentUrl":"https:\/\/www.revistarambla.com\/wp-content\/uploads\/2021\/06\/226px-Joan_Maria_Pique_Nit_electoral_18049497555_2_cropped.jpg","width":226,"height":299},{"@type":"BreadcrumbList","@id":"https:\/\/www.revistarambla.com\/gafas-blancas-de-pasta-segura\/#breadcrumb","itemListElement":[{"@type":"ListItem","position":1,"name":"Portada","item":"https:\/\/www.revistarambla.com\/"},{"@type":"ListItem","position":2,"name":"Gafas blancas de pasta gansa"}]},{"@type":"WebSite","@id":"https:\/\/www.revistarambla.com\/#website","url":"https:\/\/www.revistarambla.com\/","name":"Revista Rambla Barcelona","description":"Periodismo independiente","publisher":{"@id":"https:\/\/www.revistarambla.com\/#organization"},"potentialAction":[{"@type":"SearchAction","target":{"@type":"EntryPoint","urlTemplate":"https:\/\/www.revistarambla.com\/?s={search_term_string}"},"query-input":{"@type":"PropertyValueSpecification","valueRequired":true,"valueName":"search_term_string"}}],"inLanguage":"en-GB"},{"@type":"Organization","@id":"https:\/\/www.revistarambla.com\/#organization","name":"Revista Rambla","url":"https:\/\/www.revistarambla.com\/","logo":{"@type":"ImageObject","inLanguage":"en-GB","@id":"https:\/\/www.revistarambla.com\/#\/schema\/logo\/image\/","url":"https:\/\/www.revistarambla.com\/wp-content\/uploads\/2020\/09\/banner_rambla_1900x600_BB.png","contentUrl":"https:\/\/www.revistarambla.com\/wp-content\/uploads\/2020\/09\/banner_rambla_1900x600_BB.png","width":1900,"height":600,"caption":"Revista Rambla"},"image":{"@id":"https:\/\/www.revistarambla.com\/#\/schema\/logo\/image\/"},"sameAs":["https:\/\/www.facebook.com\/revistarambla\/","https:\/\/x.com\/revistarambla","https:\/\/www.instagram.com\/revista_rambla","https:\/\/es.linkedin.com\/company\/revista-rambla"]},{"@type":"Person","@id":"https:\/\/www.revistarambla.com\/#\/schema\/person\/a146a5a2550b94981a75131180e1bd9c","name":"\u00c1lvaro Lobo","sameAs":["https:\/\/www.facebook.com\/revistarambla","https:\/\/x.com\/revistarambla"]}]}},"_links":{"self":[{"href":"https:\/\/www.revistarambla.com\/en\/wp-json\/wp\/v2\/posts\/33207","targetHints":{"allow":["GET"]}}],"collection":[{"href":"https:\/\/www.revistarambla.com\/en\/wp-json\/wp\/v2\/posts"}],"about":[{"href":"https:\/\/www.revistarambla.com\/en\/wp-json\/wp\/v2\/types\/post"}],"author":[{"embeddable":true,"href":"https:\/\/www.revistarambla.com\/en\/wp-json\/wp\/v2\/users\/3"}],"replies":[{"embeddable":true,"href":"https:\/\/www.revistarambla.com\/en\/wp-json\/wp\/v2\/comments?post=33207"}],"version-history":[{"count":0,"href":"https:\/\/www.revistarambla.com\/en\/wp-json\/wp\/v2\/posts\/33207\/revisions"}],"wp:featuredmedia":[{"embeddable":true,"href":"https:\/\/www.revistarambla.com\/en\/wp-json\/wp\/v2\/media\/33208"}],"wp:attachment":[{"href":"https:\/\/www.revistarambla.com\/en\/wp-json\/wp\/v2\/media?parent=33207"}],"wp:term":[{"taxonomy":"category","embeddable":true,"href":"https:\/\/www.revistarambla.com\/en\/wp-json\/wp\/v2\/categories?post=33207"},{"taxonomy":"post_tag","embeddable":true,"href":"https:\/\/www.revistarambla.com\/en\/wp-json\/wp\/v2\/tags?post=33207"}],"curies":[{"name":"wp","href":"https:\/\/api.w.org\/{rel}","templated":true}]}}