{"id":33198,"date":"2021-06-02T13:14:54","date_gmt":"2021-06-02T11:14:54","guid":{"rendered":"https:\/\/www.revistarambla.com\/?p=33198"},"modified":"2021-06-02T13:14:54","modified_gmt":"2021-06-02T11:14:54","slug":"la-necesidad-de-aplicar-cuidados-cognitivos-a-los-mayores","status":"publish","type":"post","link":"https:\/\/www.revistarambla.com\/en\/la-necesidad-de-aplicar-cuidados-cognitivos-a-los-mayores\/","title":{"rendered":"La necesidad de aplicar cuidados cognitivos a los mayores"},"content":{"rendered":"<figure id=\"attachment_33199\" aria-describedby=\"caption-attachment-33199\" style=\"width: 800px\" class=\"wp-caption aligncenter\"><img decoding=\"async\" class=\"wp-image-33199 size-full\" src=\"https:\/\/www.revistarambla.com\/wp-content\/uploads\/2021\/06\/cuidados-cognitivos.jpg\" alt=\"\" width=\"800\" height=\"500\" srcset=\"https:\/\/www.revistarambla.com\/wp-content\/uploads\/2021\/06\/cuidados-cognitivos.jpg 800w, https:\/\/www.revistarambla.com\/wp-content\/uploads\/2021\/06\/cuidados-cognitivos-300x188.jpg 300w, https:\/\/www.revistarambla.com\/wp-content\/uploads\/2021\/06\/cuidados-cognitivos-768x480.jpg 768w\" sizes=\"(max-width: 800px) 100vw, 800px\" \/><figcaption id=\"caption-attachment-33199\" class=\"wp-caption-text\">La pandemia ha agraviado la salud mental de las personas mayores que sufren P\u00e1rkinson.<\/figcaption><\/figure>\n<p style=\"text-align: left;\" align=\"JUSTIFY\">La pandemia y la situaci\u00f3n mundial ha cambiado radicalmente la vida de todos, especialmente la vida de las personas mayores. Seg\u00fan explican expertos, la tercera edad se han convertido en unos de los grupos vulnerables m\u00e1s afectados por toda la situaci\u00f3n mundial con el coronavirus.<\/p>\n<p style=\"text-align: left;\" align=\"JUSTIFY\">Un buen ejemplo de lo sucedido est\u00e1 en el aumento de la demanda para el <a href=\"https:\/\/vitalhogar.com\/servicios\/cuidado-de-ancianos-a-domicilio\/\"><strong>cuidado de mayores a domicilio en Valencia<\/strong><\/a>, que subi\u00f3 por encima del 50%, siendo la regi\u00f3n referente a nivel nacional.<\/p>\n<h2 style=\"text-align: left;\">Adultos mayores con enfermedades neurodegenerativas<\/h2>\n<p style=\"text-align: left;\" align=\"JUSTIFY\">De acuerdo con cifras oficiales, la salud mental ha sido uno de los \u00e1mbitos m\u00e1s afectados por la pandemia. Los ancianos y dependientes han sufrido con mayor intensidad las consecuencias del confinamiento en la salud mental, especialmente los mayores con enfermedades neurodegenerativas como el Alzheimer o el P\u00e1rkinson.<\/p>\n<p style=\"text-align: left;\" align=\"JUSTIFY\">La Fundaci\u00f3n Curemos el P\u00e1rkinson decidi\u00f3 realizar un estudio sobre la vinculaci\u00f3n del P\u00e1rkinson y la situaci\u00f3n del COVID. Sus resultados fueron abrumadores: el 66% de los pacientes con P\u00e1rkinson sufrieron un agravamiento de su sintomatolog\u00eda durante la pandemia.<\/p>\n<h2 style=\"text-align: left;\">Perdida de habilidades cognitivas<\/h2>\n<p style=\"text-align: left;\" align=\"JUSTIFY\">Seg\u00fan explica la Fundaci\u00f3n Curemos el P\u00e1rkinson, el empeoramiento de los s\u00edntomas puede deberse al estr\u00e9s y el miedo vinculado con la pandemia. Adem\u00e1s, el confinamiento oblig\u00f3 a los abuelos a mantenerse en casa, afectando severamente sus habilidades cognitivas y sociales.<\/p>\n<p style=\"text-align: left;\" align=\"JUSTIFY\">Estando sumidos en el miedo, el estr\u00e9s y la soledad, la pandemia logr\u00f3 deteriorar severamente la salud mental de muchos de ellos. Sin embargo, han surgido nuevas actividades que podr\u00edan ayudar a estos mayores a mantenerse mentalmente activos y saludables.<\/p>\n<h2 style=\"text-align: left;\">Entrena tu mente<\/h2>\n<p style=\"text-align: left;\" align=\"JUSTIFY\">En conmemoraci\u00f3n con el D\u00eda Mundial del P\u00e1rkinson y toda la situaci\u00f3n actual, la editorial Rubio decidi\u00f3 lanzar una serie de cuadernos bautizados como \u201cEntrena tu mente\u201d.<\/p>\n<p style=\"text-align: left;\" align=\"JUSTIFY\">Estos cuadernos est\u00e1n especialmente dise\u00f1ados para que las personas de edad avanzada puedan activar su mente y conservar sus habilidades cognitivas. Es una herramienta que busca motivar a los abuelos para que sigan ejercitando sus mentes, incluso en pandemia.<\/p>\n<p style=\"text-align: left;\" align=\"JUSTIFY\">Entre los diferentes cuadernos de actividades elaborados, se encuentran colecciones especialmente dedicadas para estimular la funci\u00f3n cognitiva, desarrollar las destrezas motoras y tratar otros problemas de la edad avanzada.<\/p>\n<h2 style=\"text-align: left;\">Destrezas motoras y estimulaci\u00f3n cognitiva<\/h2>\n<p style=\"text-align: left;\" align=\"JUSTIFY\">Entre los cuadernos de actividades \u201cEntrena a tu mente\u201d, se encuentra la colecci\u00f3n de \u201cDestrezas motoras\u201d y la colecci\u00f3n de \u201cEstimulaci\u00f3n cognitiva\u201d. Ambas colecciones se enfocan en distintos problemas.<\/p>\n<p style=\"text-align: left;\" align=\"JUSTIFY\">La colecci\u00f3n de Destrezas motoras busca mejorar, tratar o, al menos, retardar algunos s\u00edntomas motores relacionados con la edad como el temblor en reposo, enlentecimiento del movimiento, rigidez, motricidad fina, etc.<\/p>\n<p style=\"text-align: left;\" align=\"JUSTIFY\">La colecci\u00f3n es muy espec\u00edfica y se adecua a la situaci\u00f3n actual de cada abuelo. De esa manera, nuestros mayores podr\u00e1n practicar escritura, caligraf\u00eda, motricidad fina y otras herramientas para lograr calmar dichos s\u00edntomas.<\/p>\n<p style=\"text-align: left;\" align=\"JUSTIFY\">Por su parte, la colecci\u00f3n de Estimulaci\u00f3n cognitiva busca entrenar las capacidades mentales de adultos mayores que sufran un deterioro cognitivo leve. En tal sentido, esta colecci\u00f3n busca mejorar en rendimiento de los abuelos en cuanto a la atenci\u00f3n, concentraci\u00f3n, memoria, lenguaje, lectura, escritura y otros \u00e1mbitos.<\/p>\n<p style=\"text-align: left;\" align=\"JUSTIFY\">La colecci\u00f3n de Destrezas motoras resulta de gran ayuda para abuelos que sufren de Parkinson, mientras que la colecci\u00f3n de Estimulaci\u00f3n cognitiva va dirigida a adultos mayores con principios de Alzheimer.<\/p>\n<h2 style=\"text-align: left;\">El bienestar de los abuelos<\/h2>\n<p style=\"text-align: left;\" align=\"JUSTIFY\">Todos estos cuadernos de actividades tienen un mismo objetivo: garantizar y promover el bienestar de los abuelos. Desde su lanzamiento, se han vendido m\u00e1s de 700.000 cuadernos de actividades, convirti\u00e9ndose en un \u00e9xito total.<\/p>\n<p style=\"text-align: left;\" align=\"JUSTIFY\">Entrena tu mente no solo ayuda a mejorar las capacidades cognitivas y motoras de los abuelos, sino que contribuye con su autoestima y esa autonom\u00eda personal que es tan necesaria para ellos.<\/p>","protected":false},"excerpt":{"rendered":"<p>La pandemia y la situaci\u00f3n mundial ha cambiado radicalmente la vida de todos, especialmente la vida de las personas mayores. Seg\u00fan explican expertos, la tercera edad se han convertido en unos de los grupos vulnerables m\u00e1s afectados por toda la situaci\u00f3n mundial con el coronavirus. Un buen ejemplo de lo [&hellip;]<\/p>\n","protected":false},"author":3,"featured_media":33199,"comment_status":"open","ping_status":"open","sticky":false,"template":"","format":"standard","meta":{"footnotes":""},"categories":[350],"tags":[],"class_list":["post-33198","post","type-post","status-publish","format-standard","has-post-thumbnail","hentry","category-miscelanea"],"yoast_head":"<!-- This site is optimized with the Yoast SEO plugin v27.5 - https:\/\/yoast.com\/product\/yoast-seo-wordpress\/ -->\n<title>La necesidad de aplicar cuidados cognitivos a los mayores - Revista Rambla<\/title>\n<meta name=\"robots\" content=\"index, follow, max-snippet:-1, max-image-preview:large, max-video-preview:-1\" \/>\n<link rel=\"canonical\" href=\"https:\/\/www.revistarambla.com\/en\/la-necesidad-de-aplicar-cuidados-cognitivos-a-los-mayores\/\" \/>\n<meta property=\"og:locale\" content=\"en_GB\" \/>\n<meta property=\"og:type\" content=\"article\" \/>\n<meta property=\"og:title\" content=\"La necesidad de aplicar cuidados cognitivos a los mayores - Revista Rambla\" \/>\n<meta property=\"og:description\" content=\"La pandemia y la situaci\u00f3n mundial ha cambiado radicalmente la vida de todos, especialmente la vida de las personas mayores. Seg\u00fan explican expertos, la tercera edad se han convertido en unos de los grupos vulnerables m\u00e1s afectados por toda la situaci\u00f3n mundial con el coronavirus. Un buen ejemplo de lo [&hellip;]\" \/>\n<meta property=\"og:url\" content=\"https:\/\/www.revistarambla.com\/en\/la-necesidad-de-aplicar-cuidados-cognitivos-a-los-mayores\/\" \/>\n<meta property=\"og:site_name\" content=\"Revista Rambla\" \/>\n<meta property=\"article:publisher\" content=\"https:\/\/www.facebook.com\/revistarambla\/\" \/>\n<meta property=\"article:author\" content=\"https:\/\/www.facebook.com\/revistarambla\" \/>\n<meta property=\"article:published_time\" content=\"2021-06-02T11:14:54+00:00\" \/>\n<meta property=\"og:image\" content=\"https:\/\/i1.wp.com\/www.revistarambla.com\/wp-content\/uploads\/2021\/06\/cuidados-cognitivos.jpg?fit=800%2C500&ssl=1\" \/>\n\t<meta property=\"og:image:width\" content=\"800\" \/>\n\t<meta property=\"og:image:height\" content=\"500\" \/>\n\t<meta property=\"og:image:type\" content=\"image\/jpeg\" \/>\n<meta name=\"author\" content=\"R@mbla\" \/>\n<meta name=\"twitter:card\" content=\"summary_large_image\" \/>\n<meta name=\"twitter:creator\" content=\"@revistarambla\" \/>\n<meta name=\"twitter:site\" content=\"@revistarambla\" \/>\n<meta name=\"twitter:label1\" content=\"Written by\" \/>\n\t<meta name=\"twitter:data1\" content=\"R@mbla\" \/>\n\t<meta name=\"twitter:label2\" content=\"Estimated reading time\" \/>\n\t<meta name=\"twitter:data2\" content=\"3 minutes\" \/>\n<script type=\"application\/ld+json\" class=\"yoast-schema-graph\">{\"@context\":\"https:\\\/\\\/schema.org\",\"@graph\":[{\"@type\":\"Article\",\"@id\":\"https:\\\/\\\/www.revistarambla.com\\\/la-necesidad-de-aplicar-cuidados-cognitivos-a-los-mayores\\\/#article\",\"isPartOf\":{\"@id\":\"https:\\\/\\\/www.revistarambla.com\\\/la-necesidad-de-aplicar-cuidados-cognitivos-a-los-mayores\\\/\"},\"author\":{\"name\":\"R@mbla\",\"@id\":\"https:\\\/\\\/www.revistarambla.com\\\/#\\\/schema\\\/person\\\/a146a5a2550b94981a75131180e1bd9c\"},\"headline\":\"La necesidad de aplicar cuidados cognitivos a los mayores\",\"datePublished\":\"2021-06-02T11:14:54+00:00\",\"mainEntityOfPage\":{\"@id\":\"https:\\\/\\\/www.revistarambla.com\\\/la-necesidad-de-aplicar-cuidados-cognitivos-a-los-mayores\\\/\"},\"wordCount\":683,\"commentCount\":0,\"publisher\":{\"@id\":\"https:\\\/\\\/www.revistarambla.com\\\/#organization\"},\"image\":{\"@id\":\"https:\\\/\\\/www.revistarambla.com\\\/la-necesidad-de-aplicar-cuidados-cognitivos-a-los-mayores\\\/#primaryimage\"},\"thumbnailUrl\":\"https:\\\/\\\/www.revistarambla.com\\\/wp-content\\\/uploads\\\/2021\\\/06\\\/cuidados-cognitivos.jpg\",\"articleSection\":[\"Noticias de la vida\"],\"inLanguage\":\"en-GB\",\"potentialAction\":[{\"@type\":\"CommentAction\",\"name\":\"Comment\",\"target\":[\"https:\\\/\\\/www.revistarambla.com\\\/la-necesidad-de-aplicar-cuidados-cognitivos-a-los-mayores\\\/#respond\"]}]},{\"@type\":\"WebPage\",\"@id\":\"https:\\\/\\\/www.revistarambla.com\\\/la-necesidad-de-aplicar-cuidados-cognitivos-a-los-mayores\\\/\",\"url\":\"https:\\\/\\\/www.revistarambla.com\\\/la-necesidad-de-aplicar-cuidados-cognitivos-a-los-mayores\\\/\",\"name\":\"La necesidad de aplicar cuidados cognitivos a los mayores - Revista Rambla\",\"isPartOf\":{\"@id\":\"https:\\\/\\\/www.revistarambla.com\\\/#website\"},\"primaryImageOfPage\":{\"@id\":\"https:\\\/\\\/www.revistarambla.com\\\/la-necesidad-de-aplicar-cuidados-cognitivos-a-los-mayores\\\/#primaryimage\"},\"image\":{\"@id\":\"https:\\\/\\\/www.revistarambla.com\\\/la-necesidad-de-aplicar-cuidados-cognitivos-a-los-mayores\\\/#primaryimage\"},\"thumbnailUrl\":\"https:\\\/\\\/www.revistarambla.com\\\/wp-content\\\/uploads\\\/2021\\\/06\\\/cuidados-cognitivos.jpg\",\"datePublished\":\"2021-06-02T11:14:54+00:00\",\"breadcrumb\":{\"@id\":\"https:\\\/\\\/www.revistarambla.com\\\/la-necesidad-de-aplicar-cuidados-cognitivos-a-los-mayores\\\/#breadcrumb\"},\"inLanguage\":\"en-GB\",\"potentialAction\":[{\"@type\":\"ReadAction\",\"target\":[\"https:\\\/\\\/www.revistarambla.com\\\/la-necesidad-de-aplicar-cuidados-cognitivos-a-los-mayores\\\/\"]}]},{\"@type\":\"ImageObject\",\"inLanguage\":\"en-GB\",\"@id\":\"https:\\\/\\\/www.revistarambla.com\\\/la-necesidad-de-aplicar-cuidados-cognitivos-a-los-mayores\\\/#primaryimage\",\"url\":\"https:\\\/\\\/www.revistarambla.com\\\/wp-content\\\/uploads\\\/2021\\\/06\\\/cuidados-cognitivos.jpg\",\"contentUrl\":\"https:\\\/\\\/www.revistarambla.com\\\/wp-content\\\/uploads\\\/2021\\\/06\\\/cuidados-cognitivos.jpg\",\"width\":800,\"height\":500},{\"@type\":\"BreadcrumbList\",\"@id\":\"https:\\\/\\\/www.revistarambla.com\\\/la-necesidad-de-aplicar-cuidados-cognitivos-a-los-mayores\\\/#breadcrumb\",\"itemListElement\":[{\"@type\":\"ListItem\",\"position\":1,\"name\":\"Portada\",\"item\":\"https:\\\/\\\/www.revistarambla.com\\\/\"},{\"@type\":\"ListItem\",\"position\":2,\"name\":\"La necesidad de aplicar cuidados cognitivos a los mayores\"}]},{\"@type\":\"WebSite\",\"@id\":\"https:\\\/\\\/www.revistarambla.com\\\/#website\",\"url\":\"https:\\\/\\\/www.revistarambla.com\\\/\",\"name\":\"Revista Rambla Barcelona\",\"description\":\"Periodismo independiente\",\"publisher\":{\"@id\":\"https:\\\/\\\/www.revistarambla.com\\\/#organization\"},\"potentialAction\":[{\"@type\":\"SearchAction\",\"target\":{\"@type\":\"EntryPoint\",\"urlTemplate\":\"https:\\\/\\\/www.revistarambla.com\\\/?s={search_term_string}\"},\"query-input\":{\"@type\":\"PropertyValueSpecification\",\"valueRequired\":true,\"valueName\":\"search_term_string\"}}],\"inLanguage\":\"en-GB\"},{\"@type\":\"Organization\",\"@id\":\"https:\\\/\\\/www.revistarambla.com\\\/#organization\",\"name\":\"Revista Rambla\",\"url\":\"https:\\\/\\\/www.revistarambla.com\\\/\",\"logo\":{\"@type\":\"ImageObject\",\"inLanguage\":\"en-GB\",\"@id\":\"https:\\\/\\\/www.revistarambla.com\\\/#\\\/schema\\\/logo\\\/image\\\/\",\"url\":\"https:\\\/\\\/www.revistarambla.com\\\/wp-content\\\/uploads\\\/2020\\\/09\\\/banner_rambla_1900x600_BB.png\",\"contentUrl\":\"https:\\\/\\\/www.revistarambla.com\\\/wp-content\\\/uploads\\\/2020\\\/09\\\/banner_rambla_1900x600_BB.png\",\"width\":1900,\"height\":600,\"caption\":\"Revista Rambla\"},\"image\":{\"@id\":\"https:\\\/\\\/www.revistarambla.com\\\/#\\\/schema\\\/logo\\\/image\\\/\"},\"sameAs\":[\"https:\\\/\\\/www.facebook.com\\\/revistarambla\\\/\",\"https:\\\/\\\/x.com\\\/revistarambla\",\"https:\\\/\\\/www.instagram.com\\\/revista_rambla\",\"https:\\\/\\\/es.linkedin.com\\\/company\\\/revista-rambla\"]},{\"@type\":\"Person\",\"@id\":\"https:\\\/\\\/www.revistarambla.com\\\/#\\\/schema\\\/person\\\/a146a5a2550b94981a75131180e1bd9c\",\"name\":\"R@mbla\",\"description\":\"Este art\u00edculo ha sido redactado y\\\/o validado por el equipo de redacci\u00f3n de Revista Rambla.\",\"sameAs\":[\"https:\\\/\\\/www.revistarambla.com\\\/\",\"https:\\\/\\\/www.facebook.com\\\/revistarambla\",\"https:\\\/\\\/x.com\\\/revistarambla\"]}]}<\/script>\n<!-- \/ Yoast SEO plugin. -->","yoast_head_json":{"title":"La necesidad de aplicar cuidados cognitivos a los mayores - Revista Rambla","robots":{"index":"index","follow":"follow","max-snippet":"max-snippet:-1","max-image-preview":"max-image-preview:large","max-video-preview":"max-video-preview:-1"},"canonical":"https:\/\/www.revistarambla.com\/en\/la-necesidad-de-aplicar-cuidados-cognitivos-a-los-mayores\/","og_locale":"en_GB","og_type":"article","og_title":"La necesidad de aplicar cuidados cognitivos a los mayores - Revista Rambla","og_description":"La pandemia y la situaci\u00f3n mundial ha cambiado radicalmente la vida de todos, especialmente la vida de las personas mayores. Seg\u00fan explican expertos, la tercera edad se han convertido en unos de los grupos vulnerables m\u00e1s afectados por toda la situaci\u00f3n mundial con el coronavirus. Un buen ejemplo de lo [&hellip;]","og_url":"https:\/\/www.revistarambla.com\/en\/la-necesidad-de-aplicar-cuidados-cognitivos-a-los-mayores\/","og_site_name":"Revista Rambla","article_publisher":"https:\/\/www.facebook.com\/revistarambla\/","article_author":"https:\/\/www.facebook.com\/revistarambla","article_published_time":"2021-06-02T11:14:54+00:00","og_image":[{"width":800,"height":500,"url":"https:\/\/i1.wp.com\/www.revistarambla.com\/wp-content\/uploads\/2021\/06\/cuidados-cognitivos.jpg?fit=800%2C500&ssl=1","type":"image\/jpeg"}],"author":"R@mbla","twitter_card":"summary_large_image","twitter_creator":"@revistarambla","twitter_site":"@revistarambla","twitter_misc":{"Written by":"R@mbla","Estimated reading time":"3 minutes"},"schema":{"@context":"https:\/\/schema.org","@graph":[{"@type":"Article","@id":"https:\/\/www.revistarambla.com\/la-necesidad-de-aplicar-cuidados-cognitivos-a-los-mayores\/#article","isPartOf":{"@id":"https:\/\/www.revistarambla.com\/la-necesidad-de-aplicar-cuidados-cognitivos-a-los-mayores\/"},"author":{"name":"R@mbla","@id":"https:\/\/www.revistarambla.com\/#\/schema\/person\/a146a5a2550b94981a75131180e1bd9c"},"headline":"La necesidad de aplicar cuidados cognitivos a los mayores","datePublished":"2021-06-02T11:14:54+00:00","mainEntityOfPage":{"@id":"https:\/\/www.revistarambla.com\/la-necesidad-de-aplicar-cuidados-cognitivos-a-los-mayores\/"},"wordCount":683,"commentCount":0,"publisher":{"@id":"https:\/\/www.revistarambla.com\/#organization"},"image":{"@id":"https:\/\/www.revistarambla.com\/la-necesidad-de-aplicar-cuidados-cognitivos-a-los-mayores\/#primaryimage"},"thumbnailUrl":"https:\/\/www.revistarambla.com\/wp-content\/uploads\/2021\/06\/cuidados-cognitivos.jpg","articleSection":["Noticias de la vida"],"inLanguage":"en-GB","potentialAction":[{"@type":"CommentAction","name":"Comment","target":["https:\/\/www.revistarambla.com\/la-necesidad-de-aplicar-cuidados-cognitivos-a-los-mayores\/#respond"]}]},{"@type":"WebPage","@id":"https:\/\/www.revistarambla.com\/la-necesidad-de-aplicar-cuidados-cognitivos-a-los-mayores\/","url":"https:\/\/www.revistarambla.com\/la-necesidad-de-aplicar-cuidados-cognitivos-a-los-mayores\/","name":"La necesidad de aplicar cuidados cognitivos a los mayores - Revista Rambla","isPartOf":{"@id":"https:\/\/www.revistarambla.com\/#website"},"primaryImageOfPage":{"@id":"https:\/\/www.revistarambla.com\/la-necesidad-de-aplicar-cuidados-cognitivos-a-los-mayores\/#primaryimage"},"image":{"@id":"https:\/\/www.revistarambla.com\/la-necesidad-de-aplicar-cuidados-cognitivos-a-los-mayores\/#primaryimage"},"thumbnailUrl":"https:\/\/www.revistarambla.com\/wp-content\/uploads\/2021\/06\/cuidados-cognitivos.jpg","datePublished":"2021-06-02T11:14:54+00:00","breadcrumb":{"@id":"https:\/\/www.revistarambla.com\/la-necesidad-de-aplicar-cuidados-cognitivos-a-los-mayores\/#breadcrumb"},"inLanguage":"en-GB","potentialAction":[{"@type":"ReadAction","target":["https:\/\/www.revistarambla.com\/la-necesidad-de-aplicar-cuidados-cognitivos-a-los-mayores\/"]}]},{"@type":"ImageObject","inLanguage":"en-GB","@id":"https:\/\/www.revistarambla.com\/la-necesidad-de-aplicar-cuidados-cognitivos-a-los-mayores\/#primaryimage","url":"https:\/\/www.revistarambla.com\/wp-content\/uploads\/2021\/06\/cuidados-cognitivos.jpg","contentUrl":"https:\/\/www.revistarambla.com\/wp-content\/uploads\/2021\/06\/cuidados-cognitivos.jpg","width":800,"height":500},{"@type":"BreadcrumbList","@id":"https:\/\/www.revistarambla.com\/la-necesidad-de-aplicar-cuidados-cognitivos-a-los-mayores\/#breadcrumb","itemListElement":[{"@type":"ListItem","position":1,"name":"Portada","item":"https:\/\/www.revistarambla.com\/"},{"@type":"ListItem","position":2,"name":"La necesidad de aplicar cuidados cognitivos a los mayores"}]},{"@type":"WebSite","@id":"https:\/\/www.revistarambla.com\/#website","url":"https:\/\/www.revistarambla.com\/","name":"Revista Rambla Barcelona","description":"Periodismo independiente","publisher":{"@id":"https:\/\/www.revistarambla.com\/#organization"},"potentialAction":[{"@type":"SearchAction","target":{"@type":"EntryPoint","urlTemplate":"https:\/\/www.revistarambla.com\/?s={search_term_string}"},"query-input":{"@type":"PropertyValueSpecification","valueRequired":true,"valueName":"search_term_string"}}],"inLanguage":"en-GB"},{"@type":"Organization","@id":"https:\/\/www.revistarambla.com\/#organization","name":"Revista Rambla","url":"https:\/\/www.revistarambla.com\/","logo":{"@type":"ImageObject","inLanguage":"en-GB","@id":"https:\/\/www.revistarambla.com\/#\/schema\/logo\/image\/","url":"https:\/\/www.revistarambla.com\/wp-content\/uploads\/2020\/09\/banner_rambla_1900x600_BB.png","contentUrl":"https:\/\/www.revistarambla.com\/wp-content\/uploads\/2020\/09\/banner_rambla_1900x600_BB.png","width":1900,"height":600,"caption":"Revista Rambla"},"image":{"@id":"https:\/\/www.revistarambla.com\/#\/schema\/logo\/image\/"},"sameAs":["https:\/\/www.facebook.com\/revistarambla\/","https:\/\/x.com\/revistarambla","https:\/\/www.instagram.com\/revista_rambla","https:\/\/es.linkedin.com\/company\/revista-rambla"]},{"@type":"Person","@id":"https:\/\/www.revistarambla.com\/#\/schema\/person\/a146a5a2550b94981a75131180e1bd9c","name":"R@mbla","description":"Este art\u00edculo ha sido redactado y\/o validado por el equipo de redacci\u00f3n de Revista Rambla.","sameAs":["https:\/\/www.revistarambla.com\/","https:\/\/www.facebook.com\/revistarambla","https:\/\/x.com\/revistarambla"]}]}},"_links":{"self":[{"href":"https:\/\/www.revistarambla.com\/en\/wp-json\/wp\/v2\/posts\/33198","targetHints":{"allow":["GET"]}}],"collection":[{"href":"https:\/\/www.revistarambla.com\/en\/wp-json\/wp\/v2\/posts"}],"about":[{"href":"https:\/\/www.revistarambla.com\/en\/wp-json\/wp\/v2\/types\/post"}],"author":[{"embeddable":true,"href":"https:\/\/www.revistarambla.com\/en\/wp-json\/wp\/v2\/users\/3"}],"replies":[{"embeddable":true,"href":"https:\/\/www.revistarambla.com\/en\/wp-json\/wp\/v2\/comments?post=33198"}],"version-history":[{"count":0,"href":"https:\/\/www.revistarambla.com\/en\/wp-json\/wp\/v2\/posts\/33198\/revisions"}],"wp:featuredmedia":[{"embeddable":true,"href":"https:\/\/www.revistarambla.com\/en\/wp-json\/wp\/v2\/media\/33199"}],"wp:attachment":[{"href":"https:\/\/www.revistarambla.com\/en\/wp-json\/wp\/v2\/media?parent=33198"}],"wp:term":[{"taxonomy":"category","embeddable":true,"href":"https:\/\/www.revistarambla.com\/en\/wp-json\/wp\/v2\/categories?post=33198"},{"taxonomy":"post_tag","embeddable":true,"href":"https:\/\/www.revistarambla.com\/en\/wp-json\/wp\/v2\/tags?post=33198"}],"curies":[{"name":"wp","href":"https:\/\/api.w.org\/{rel}","templated":true}]}}