{"id":33125,"date":"2021-05-31T20:55:20","date_gmt":"2021-05-31T18:55:20","guid":{"rendered":"https:\/\/www.revistarambla.com\/?p=33125"},"modified":"2021-12-07T17:06:17","modified_gmt":"2021-12-07T16:06:17","slug":"peru-feminicidio-y-politica-criminal","status":"publish","type":"post","link":"https:\/\/www.revistarambla.com\/en\/peru-feminicidio-y-politica-criminal\/","title":{"rendered":"[PER\u00da] Feminicidio y pol\u00edtica criminal"},"content":{"rendered":"<figure id=\"attachment_33126\" aria-describedby=\"caption-attachment-33126\" style=\"width: 359px\" class=\"wp-caption alignright\"><a href=\"https:\/\/cartoonmovement.com\/cartoonist\/116\"><img decoding=\"async\" class=\"wp-image-33126\" src=\"https:\/\/www.revistarambla.com\/wp-content\/uploads\/2021\/05\/feminicidio_en_per__julio_carrin_cueva-216x300.jpg\" alt=\"\" width=\"359\" height=\"499\" srcset=\"https:\/\/www.revistarambla.com\/wp-content\/uploads\/2021\/05\/feminicidio_en_per__julio_carrin_cueva-216x300.jpg 216w, https:\/\/www.revistarambla.com\/wp-content\/uploads\/2021\/05\/feminicidio_en_per__julio_carrin_cueva-737x1024.jpg 737w, https:\/\/www.revistarambla.com\/wp-content\/uploads\/2021\/05\/feminicidio_en_per__julio_carrin_cueva-768x1067.jpg 768w, https:\/\/www.revistarambla.com\/wp-content\/uploads\/2021\/05\/feminicidio_en_per__julio_carrin_cueva.jpg 800w\" sizes=\"(max-width: 359px) 100vw, 359px\" \/><\/a><figcaption id=\"caption-attachment-33126\" class=\"wp-caption-text\">Ilustra Julio Carri\u00f3n Cueva.<\/figcaption><\/figure>\n<p style=\"text-align: left;\" align=\"JUSTIFY\"><span lang=\"es-ES\">En el Per\u00fa no existe una pol\u00edtica definida contra el feminicidio. Las cifras son alarmantes. Durante el a\u00f1o 2020, se registraron 138 casos de mujeres asesinadas por sus propios esposos, convivientes o parejas. <\/span><\/p>\n<p style=\"text-align: left;\" align=\"JUSTIFY\"><span lang=\"es-ES\">En lo que va del 2021, se han registrado 47 casos de feminicidios: 15 en enero, 9 en febrero, 10 en marzo y 13 en lo que va de abril. Si bien del primer al segundo mes se produjo una reducci\u00f3n de casos, luego de ello el incremento de esta problem\u00e1tica ha sido sucesivo.<\/span><\/p>\n<p style=\"text-align: left;\" align=\"JUSTIFY\"><span lang=\"es-ES\">El a\u00f1o 1993 el Estado peruano promulg\u00f3 la Ley N\u00b0 26260, Ley de Protecci\u00f3n frente a la Violencia Familiar. Producto de la suscripci\u00f3n de <\/span>la Convenci\u00f3n Interamericana para Prevenir, Sancionar y Erradicar la Violencia contra la Mujer<span lang=\"es-ES\">. Esta ley ha tenido m\u00faltiples modificaciones con la finalidad de proteger a las mujeres afectadas por la violencia familiar. Sin embargo, en la pr\u00e1ctica al parecer no ha tenido el efecto esperado.<\/span><\/p>\n<p style=\"text-align: left;\" align=\"JUSTIFY\"><span lang=\"es-ES\">Cada vez los cr\u00edmenes son m\u00e1s sanguinarios: descuartizamientos, quemaduras mortales y hasta la desaparici\u00f3n de los cuerpos bajo tierra o dentro de cilindros con cemento. Esto es s\u00edntoma de una sociedad enferma, donde la violencia familiar es el pan de cada d\u00eda.<\/span><\/p>\n<p style=\"text-align: left;\" align=\"JUSTIFY\"><span lang=\"es-ES\">Las iniciativas legislativas para controlar y erradicar este delito no son suficientes. Desde junio del 2016 hasta la fecha, el Congreso de la Rep\u00fablica del Per\u00fa ha aprobado tres de veintinueve leyes relacionadas con la violencia contra la mujer. Una de ellas elimina beneficios penitenciarios para aquellas personas sentenciadas por delitos como homicidio o lesiones graves con el agravante de haber tenido como v\u00edctimas a mujeres por su condici\u00f3n como tales.<\/span><\/p>\n<p style=\"text-align: left;\" align=\"JUSTIFY\"><span lang=\"es-ES\">De otro lado, entre los veinticinco pa\u00edses del mundo con mayores tasas de feminicidio, catorce est\u00e1n en Latinoam\u00e9rica, seg\u00fan un informe del Small Arms Survey de 2016 citado por ONU Mujeres. Pero advierten \u00abque en todo el mundo muchas muertes de mujeres todav\u00eda no se contabilizan\u00bb.<\/span><\/p>\n<p style=\"text-align: left;\" align=\"JUSTIFY\"><span lang=\"es-ES\">En M\u00e9xico se cometen 10 feminicidios al d\u00eda. En el a\u00f1o 2020, en Argentina se cometieron un total de 295 feminicidios: una cifra superior a cinco asesinatos a mujeres cada semana y uno cada 29 horas, seg\u00fan el Observatorio de Femicidios de la Defensor\u00eda del Pueblo de la Naci\u00f3n (OFDPN). Un total de 74 mujeres fueron asesinadas en Argentina durante el primer cuatrimestre de 2021.<\/span><\/p>\n<p style=\"text-align: left;\" align=\"JUSTIFY\"><span lang=\"es-ES\">Otro estudio de la Comisi\u00f3n Econ\u00f3mica para Am\u00e9rica Latina y el Caribe (Cepal) se\u00f1al\u00f3 que en 2019 al menos 4,640 mujeres fueron v\u00edctimas de feminicidio en Am\u00e9rica Latina. Y ONU Mujeres alerta: \u00abno disponemos de datos comparables sobre feminicidio a nivel global\u00bb.<\/span><\/p>\n<p style=\"text-align: left;\" align=\"JUSTIFY\"><a name=\"Bookmark\"><\/a>La Convenci\u00f3n Interamericana para Prevenir, Sancionar y Erradicar la Violencia contra la Mujer, conocida tambi\u00e9n como la Convenci\u00f3n de Bel\u00e9m do Par\u00e1 solicita a los Estados parte adoptar medidas legislativas de \u00edndole penal (entre otras) que \u201csean necesarias para prevenir, sancionar y erradicar la violencia contra las mujeres\u201d (art. 7.c de la Convenci\u00f3n).<\/p>\n<p style=\"text-align: left;\" align=\"JUSTIFY\">En el estudio \u201cAn\u00e1lisis de Legislaci\u00f3n sobre Femicidio\/Feminicidio en Am\u00e9rica Latina y el Caribe e Insumos para una Ley Modelo\u201d (2018) (<a href=\"https:\/\/tinyurl.com\/yfkackv7\">https:\/\/tinyurl.com\/yfkackv7<\/a>), tanto el Mecanismo de Seguimiento de la Convenci\u00f3n de Violencia (MESECVI) como ONU Mujeres brinda a nuestra regi\u00f3n un modelo de ley para abordar la m\u00e1s grave violaci\u00f3n de Derechos Humanos de las Mujeres, no sin antes analizar las ya existentes, provocando su debate y mejor\u00eda en los casos que se requieran.<\/p>\n<p style=\"text-align: left;\" align=\"JUSTIFY\"><span lang=\"es-PE\">En abril, la representante del Programa de las Naciones Unidas para el Desarrollo (PNUD) en el Per\u00fa, Mar\u00eda del Carmen Sacasa alert\u00f3 que los impactos de la pandemia no han sido neutrales frente al g\u00e9nero. Una medici\u00f3n que hizo el PNUD con ONU Mujeres, en Am\u00e9rica Latina, indic\u00f3 que 50% de las medidas adoptadas por los gobiernos para abordar los impactos sociales y econ\u00f3micos de la covid-19 fueron sensibles al g\u00e9nero, y es la prevenci\u00f3n y abordaje de la violencia contra las mujeres la problem\u00e1tica que concentra la mayor proporci\u00f3n de medidas.<\/span><\/p>\n<p style=\"text-align: left;\" align=\"JUSTIFY\"><em>*Ra\u00fal Allain es escritor, poeta, editor y soci\u00f3logo. Presidente del Instituto Peruano de la Juventud (IPJ) y director de Editorial R\u00edo Negro.<\/em><\/p>","protected":false},"excerpt":{"rendered":"<p>En el Per\u00fa no existe una pol\u00edtica definida contra el feminicidio. Las cifras son alarmantes. Durante el a\u00f1o 2020, se registraron 138 casos de mujeres asesinadas por sus propios esposos, convivientes o parejas. En lo que va del 2021, se han registrado 47 casos de feminicidios: 15 en enero, 9 [&hellip;]<\/p>\n","protected":false},"author":18,"featured_media":33126,"comment_status":"open","ping_status":"open","sticky":false,"template":"","format":"standard","meta":{"footnotes":""},"categories":[72],"tags":[],"class_list":["post-33125","post","type-post","status-publish","format-standard","has-post-thumbnail","hentry","category-opinion"],"yoast_head":"<!-- This site is optimized with the Yoast SEO plugin v27.5 - https:\/\/yoast.com\/product\/yoast-seo-wordpress\/ -->\n<title>[PER\u00da] Feminicidio y pol\u00edtica criminal - Revista Rambla<\/title>\n<meta name=\"robots\" content=\"index, follow, max-snippet:-1, max-image-preview:large, max-video-preview:-1\" \/>\n<link rel=\"canonical\" href=\"https:\/\/www.revistarambla.com\/en\/peru-feminicidio-y-politica-criminal\/\" \/>\n<meta property=\"og:locale\" content=\"en_GB\" \/>\n<meta property=\"og:type\" content=\"article\" \/>\n<meta property=\"og:title\" content=\"[PER\u00da] Feminicidio y pol\u00edtica criminal - Revista Rambla\" \/>\n<meta property=\"og:description\" content=\"En el Per\u00fa no existe una pol\u00edtica definida contra el feminicidio. Las cifras son alarmantes. Durante el a\u00f1o 2020, se registraron 138 casos de mujeres asesinadas por sus propios esposos, convivientes o parejas. En lo que va del 2021, se han registrado 47 casos de feminicidios: 15 en enero, 9 [&hellip;]\" \/>\n<meta property=\"og:url\" content=\"https:\/\/www.revistarambla.com\/en\/peru-feminicidio-y-politica-criminal\/\" \/>\n<meta property=\"og:site_name\" content=\"Revista Rambla\" \/>\n<meta property=\"article:publisher\" content=\"https:\/\/www.facebook.com\/revistarambla\/\" \/>\n<meta property=\"article:author\" content=\"https:\/\/www.facebook.com\/raul.allainvega\" \/>\n<meta property=\"article:published_time\" content=\"2021-05-31T18:55:20+00:00\" \/>\n<meta property=\"article:modified_time\" content=\"2021-12-07T16:06:17+00:00\" \/>\n<meta property=\"og:image\" content=\"https:\/\/www.revistarambla.com\/wp-content\/uploads\/2021\/05\/feminicidio_en_per__julio_carrin_cueva.jpg\" \/>\n\t<meta property=\"og:image:width\" content=\"800\" \/>\n\t<meta property=\"og:image:height\" content=\"1111\" \/>\n\t<meta property=\"og:image:type\" content=\"image\/jpeg\" \/>\n<meta name=\"author\" content=\"Ra\u00fal Alfonso Allain Vega\" \/>\n<meta name=\"twitter:card\" content=\"summary_large_image\" \/>\n<meta name=\"twitter:creator\" content=\"@RaulAllain\" \/>\n<meta name=\"twitter:site\" content=\"@revistarambla\" \/>\n<meta name=\"twitter:label1\" content=\"Written by\" \/>\n\t<meta name=\"twitter:data1\" content=\"Ra\u00fal Alfonso Allain Vega\" \/>\n\t<meta name=\"twitter:label2\" content=\"Estimated reading time\" \/>\n\t<meta name=\"twitter:data2\" content=\"4 minutes\" \/>\n<script type=\"application\/ld+json\" class=\"yoast-schema-graph\">{\"@context\":\"https:\\\/\\\/schema.org\",\"@graph\":[{\"@type\":\"Article\",\"@id\":\"https:\\\/\\\/www.revistarambla.com\\\/peru-feminicidio-y-politica-criminal\\\/#article\",\"isPartOf\":{\"@id\":\"https:\\\/\\\/www.revistarambla.com\\\/peru-feminicidio-y-politica-criminal\\\/\"},\"author\":{\"name\":\"Ra\u00fal Alfonso Allain Vega\",\"@id\":\"https:\\\/\\\/www.revistarambla.com\\\/#\\\/schema\\\/person\\\/9b4378c82c48caa37acecffb9450e934\"},\"headline\":\"[PER\u00da] Feminicidio y pol\u00edtica criminal\",\"datePublished\":\"2021-05-31T18:55:20+00:00\",\"dateModified\":\"2021-12-07T16:06:17+00:00\",\"mainEntityOfPage\":{\"@id\":\"https:\\\/\\\/www.revistarambla.com\\\/peru-feminicidio-y-politica-criminal\\\/\"},\"wordCount\":723,\"commentCount\":0,\"publisher\":{\"@id\":\"https:\\\/\\\/www.revistarambla.com\\\/#organization\"},\"image\":{\"@id\":\"https:\\\/\\\/www.revistarambla.com\\\/peru-feminicidio-y-politica-criminal\\\/#primaryimage\"},\"thumbnailUrl\":\"https:\\\/\\\/www.revistarambla.com\\\/wp-content\\\/uploads\\\/2021\\\/05\\\/feminicidio_en_per__julio_carrin_cueva.jpg\",\"articleSection\":[\"Opiniones\"],\"inLanguage\":\"en-GB\",\"potentialAction\":[{\"@type\":\"CommentAction\",\"name\":\"Comment\",\"target\":[\"https:\\\/\\\/www.revistarambla.com\\\/peru-feminicidio-y-politica-criminal\\\/#respond\"]}]},{\"@type\":\"WebPage\",\"@id\":\"https:\\\/\\\/www.revistarambla.com\\\/peru-feminicidio-y-politica-criminal\\\/\",\"url\":\"https:\\\/\\\/www.revistarambla.com\\\/peru-feminicidio-y-politica-criminal\\\/\",\"name\":\"[PER\u00da] Feminicidio y pol\u00edtica criminal - Revista Rambla\",\"isPartOf\":{\"@id\":\"https:\\\/\\\/www.revistarambla.com\\\/#website\"},\"primaryImageOfPage\":{\"@id\":\"https:\\\/\\\/www.revistarambla.com\\\/peru-feminicidio-y-politica-criminal\\\/#primaryimage\"},\"image\":{\"@id\":\"https:\\\/\\\/www.revistarambla.com\\\/peru-feminicidio-y-politica-criminal\\\/#primaryimage\"},\"thumbnailUrl\":\"https:\\\/\\\/www.revistarambla.com\\\/wp-content\\\/uploads\\\/2021\\\/05\\\/feminicidio_en_per__julio_carrin_cueva.jpg\",\"datePublished\":\"2021-05-31T18:55:20+00:00\",\"dateModified\":\"2021-12-07T16:06:17+00:00\",\"breadcrumb\":{\"@id\":\"https:\\\/\\\/www.revistarambla.com\\\/peru-feminicidio-y-politica-criminal\\\/#breadcrumb\"},\"inLanguage\":\"en-GB\",\"potentialAction\":[{\"@type\":\"ReadAction\",\"target\":[\"https:\\\/\\\/www.revistarambla.com\\\/peru-feminicidio-y-politica-criminal\\\/\"]}]},{\"@type\":\"ImageObject\",\"inLanguage\":\"en-GB\",\"@id\":\"https:\\\/\\\/www.revistarambla.com\\\/peru-feminicidio-y-politica-criminal\\\/#primaryimage\",\"url\":\"https:\\\/\\\/www.revistarambla.com\\\/wp-content\\\/uploads\\\/2021\\\/05\\\/feminicidio_en_per__julio_carrin_cueva.jpg\",\"contentUrl\":\"https:\\\/\\\/www.revistarambla.com\\\/wp-content\\\/uploads\\\/2021\\\/05\\\/feminicidio_en_per__julio_carrin_cueva.jpg\",\"width\":800,\"height\":1111},{\"@type\":\"BreadcrumbList\",\"@id\":\"https:\\\/\\\/www.revistarambla.com\\\/peru-feminicidio-y-politica-criminal\\\/#breadcrumb\",\"itemListElement\":[{\"@type\":\"ListItem\",\"position\":1,\"name\":\"Portada\",\"item\":\"https:\\\/\\\/www.revistarambla.com\\\/\"},{\"@type\":\"ListItem\",\"position\":2,\"name\":\"[PER\u00da] Feminicidio y pol\u00edtica criminal\"}]},{\"@type\":\"WebSite\",\"@id\":\"https:\\\/\\\/www.revistarambla.com\\\/#website\",\"url\":\"https:\\\/\\\/www.revistarambla.com\\\/\",\"name\":\"Revista Rambla Barcelona\",\"description\":\"Periodismo independiente\",\"publisher\":{\"@id\":\"https:\\\/\\\/www.revistarambla.com\\\/#organization\"},\"potentialAction\":[{\"@type\":\"SearchAction\",\"target\":{\"@type\":\"EntryPoint\",\"urlTemplate\":\"https:\\\/\\\/www.revistarambla.com\\\/?s={search_term_string}\"},\"query-input\":{\"@type\":\"PropertyValueSpecification\",\"valueRequired\":true,\"valueName\":\"search_term_string\"}}],\"inLanguage\":\"en-GB\"},{\"@type\":\"Organization\",\"@id\":\"https:\\\/\\\/www.revistarambla.com\\\/#organization\",\"name\":\"Revista Rambla\",\"url\":\"https:\\\/\\\/www.revistarambla.com\\\/\",\"logo\":{\"@type\":\"ImageObject\",\"inLanguage\":\"en-GB\",\"@id\":\"https:\\\/\\\/www.revistarambla.com\\\/#\\\/schema\\\/logo\\\/image\\\/\",\"url\":\"https:\\\/\\\/www.revistarambla.com\\\/wp-content\\\/uploads\\\/2020\\\/09\\\/banner_rambla_1900x600_BB.png\",\"contentUrl\":\"https:\\\/\\\/www.revistarambla.com\\\/wp-content\\\/uploads\\\/2020\\\/09\\\/banner_rambla_1900x600_BB.png\",\"width\":1900,\"height\":600,\"caption\":\"Revista Rambla\"},\"image\":{\"@id\":\"https:\\\/\\\/www.revistarambla.com\\\/#\\\/schema\\\/logo\\\/image\\\/\"},\"sameAs\":[\"https:\\\/\\\/www.facebook.com\\\/revistarambla\\\/\",\"https:\\\/\\\/x.com\\\/revistarambla\",\"https:\\\/\\\/www.instagram.com\\\/revista_rambla\",\"https:\\\/\\\/es.linkedin.com\\\/company\\\/revista-rambla\"]},{\"@type\":\"Person\",\"@id\":\"https:\\\/\\\/www.revistarambla.com\\\/#\\\/schema\\\/person\\\/9b4378c82c48caa37acecffb9450e934\",\"name\":\"Ra\u00fal Alfonso Allain Vega\",\"description\":\"Escritor, poeta, editor y soci\u00f3logo. Presidente del Instituto Peruano de la Juventud (IPJ) y director de Editorial R\u00edo Negro.\",\"sameAs\":[\"https:\\\/\\\/en.m.wikipedia.org\\\/wiki\\\/Ra%C3%BAl_Allain\",\"https:\\\/\\\/www.facebook.com\\\/raul.allainvega\",\"https:\\\/\\\/x.com\\\/RaulAllain\"]}]}<\/script>\n<!-- \/ Yoast SEO plugin. -->","yoast_head_json":{"title":"[PER\u00da] Feminicidio y pol\u00edtica criminal - Revista Rambla","robots":{"index":"index","follow":"follow","max-snippet":"max-snippet:-1","max-image-preview":"max-image-preview:large","max-video-preview":"max-video-preview:-1"},"canonical":"https:\/\/www.revistarambla.com\/en\/peru-feminicidio-y-politica-criminal\/","og_locale":"en_GB","og_type":"article","og_title":"[PER\u00da] Feminicidio y pol\u00edtica criminal - Revista Rambla","og_description":"En el Per\u00fa no existe una pol\u00edtica definida contra el feminicidio. Las cifras son alarmantes. Durante el a\u00f1o 2020, se registraron 138 casos de mujeres asesinadas por sus propios esposos, convivientes o parejas. En lo que va del 2021, se han registrado 47 casos de feminicidios: 15 en enero, 9 [&hellip;]","og_url":"https:\/\/www.revistarambla.com\/en\/peru-feminicidio-y-politica-criminal\/","og_site_name":"Revista Rambla","article_publisher":"https:\/\/www.facebook.com\/revistarambla\/","article_author":"https:\/\/www.facebook.com\/raul.allainvega","article_published_time":"2021-05-31T18:55:20+00:00","article_modified_time":"2021-12-07T16:06:17+00:00","og_image":[{"width":800,"height":1111,"url":"https:\/\/www.revistarambla.com\/wp-content\/uploads\/2021\/05\/feminicidio_en_per__julio_carrin_cueva.jpg","type":"image\/jpeg"}],"author":"Ra\u00fal Alfonso Allain Vega","twitter_card":"summary_large_image","twitter_creator":"@RaulAllain","twitter_site":"@revistarambla","twitter_misc":{"Written by":"Ra\u00fal Alfonso Allain Vega","Estimated reading time":"4 minutes"},"schema":{"@context":"https:\/\/schema.org","@graph":[{"@type":"Article","@id":"https:\/\/www.revistarambla.com\/peru-feminicidio-y-politica-criminal\/#article","isPartOf":{"@id":"https:\/\/www.revistarambla.com\/peru-feminicidio-y-politica-criminal\/"},"author":{"name":"Ra\u00fal Alfonso Allain Vega","@id":"https:\/\/www.revistarambla.com\/#\/schema\/person\/9b4378c82c48caa37acecffb9450e934"},"headline":"[PER\u00da] Feminicidio y pol\u00edtica criminal","datePublished":"2021-05-31T18:55:20+00:00","dateModified":"2021-12-07T16:06:17+00:00","mainEntityOfPage":{"@id":"https:\/\/www.revistarambla.com\/peru-feminicidio-y-politica-criminal\/"},"wordCount":723,"commentCount":0,"publisher":{"@id":"https:\/\/www.revistarambla.com\/#organization"},"image":{"@id":"https:\/\/www.revistarambla.com\/peru-feminicidio-y-politica-criminal\/#primaryimage"},"thumbnailUrl":"https:\/\/www.revistarambla.com\/wp-content\/uploads\/2021\/05\/feminicidio_en_per__julio_carrin_cueva.jpg","articleSection":["Opiniones"],"inLanguage":"en-GB","potentialAction":[{"@type":"CommentAction","name":"Comment","target":["https:\/\/www.revistarambla.com\/peru-feminicidio-y-politica-criminal\/#respond"]}]},{"@type":"WebPage","@id":"https:\/\/www.revistarambla.com\/peru-feminicidio-y-politica-criminal\/","url":"https:\/\/www.revistarambla.com\/peru-feminicidio-y-politica-criminal\/","name":"[PER\u00da] Feminicidio y pol\u00edtica criminal - Revista Rambla","isPartOf":{"@id":"https:\/\/www.revistarambla.com\/#website"},"primaryImageOfPage":{"@id":"https:\/\/www.revistarambla.com\/peru-feminicidio-y-politica-criminal\/#primaryimage"},"image":{"@id":"https:\/\/www.revistarambla.com\/peru-feminicidio-y-politica-criminal\/#primaryimage"},"thumbnailUrl":"https:\/\/www.revistarambla.com\/wp-content\/uploads\/2021\/05\/feminicidio_en_per__julio_carrin_cueva.jpg","datePublished":"2021-05-31T18:55:20+00:00","dateModified":"2021-12-07T16:06:17+00:00","breadcrumb":{"@id":"https:\/\/www.revistarambla.com\/peru-feminicidio-y-politica-criminal\/#breadcrumb"},"inLanguage":"en-GB","potentialAction":[{"@type":"ReadAction","target":["https:\/\/www.revistarambla.com\/peru-feminicidio-y-politica-criminal\/"]}]},{"@type":"ImageObject","inLanguage":"en-GB","@id":"https:\/\/www.revistarambla.com\/peru-feminicidio-y-politica-criminal\/#primaryimage","url":"https:\/\/www.revistarambla.com\/wp-content\/uploads\/2021\/05\/feminicidio_en_per__julio_carrin_cueva.jpg","contentUrl":"https:\/\/www.revistarambla.com\/wp-content\/uploads\/2021\/05\/feminicidio_en_per__julio_carrin_cueva.jpg","width":800,"height":1111},{"@type":"BreadcrumbList","@id":"https:\/\/www.revistarambla.com\/peru-feminicidio-y-politica-criminal\/#breadcrumb","itemListElement":[{"@type":"ListItem","position":1,"name":"Portada","item":"https:\/\/www.revistarambla.com\/"},{"@type":"ListItem","position":2,"name":"[PER\u00da] Feminicidio y pol\u00edtica criminal"}]},{"@type":"WebSite","@id":"https:\/\/www.revistarambla.com\/#website","url":"https:\/\/www.revistarambla.com\/","name":"Revista Rambla Barcelona","description":"Periodismo independiente","publisher":{"@id":"https:\/\/www.revistarambla.com\/#organization"},"potentialAction":[{"@type":"SearchAction","target":{"@type":"EntryPoint","urlTemplate":"https:\/\/www.revistarambla.com\/?s={search_term_string}"},"query-input":{"@type":"PropertyValueSpecification","valueRequired":true,"valueName":"search_term_string"}}],"inLanguage":"en-GB"},{"@type":"Organization","@id":"https:\/\/www.revistarambla.com\/#organization","name":"Revista Rambla","url":"https:\/\/www.revistarambla.com\/","logo":{"@type":"ImageObject","inLanguage":"en-GB","@id":"https:\/\/www.revistarambla.com\/#\/schema\/logo\/image\/","url":"https:\/\/www.revistarambla.com\/wp-content\/uploads\/2020\/09\/banner_rambla_1900x600_BB.png","contentUrl":"https:\/\/www.revistarambla.com\/wp-content\/uploads\/2020\/09\/banner_rambla_1900x600_BB.png","width":1900,"height":600,"caption":"Revista Rambla"},"image":{"@id":"https:\/\/www.revistarambla.com\/#\/schema\/logo\/image\/"},"sameAs":["https:\/\/www.facebook.com\/revistarambla\/","https:\/\/x.com\/revistarambla","https:\/\/www.instagram.com\/revista_rambla","https:\/\/es.linkedin.com\/company\/revista-rambla"]},{"@type":"Person","@id":"https:\/\/www.revistarambla.com\/#\/schema\/person\/9b4378c82c48caa37acecffb9450e934","name":"Ra\u00fal Alfonso Allain Vega","description":"Escritor, poeta, editor y soci\u00f3logo. Presidente del Instituto Peruano de la Juventud (IPJ) y director de Editorial R\u00edo Negro.","sameAs":["https:\/\/en.m.wikipedia.org\/wiki\/Ra%C3%BAl_Allain","https:\/\/www.facebook.com\/raul.allainvega","https:\/\/x.com\/RaulAllain"]}]}},"_links":{"self":[{"href":"https:\/\/www.revistarambla.com\/en\/wp-json\/wp\/v2\/posts\/33125","targetHints":{"allow":["GET"]}}],"collection":[{"href":"https:\/\/www.revistarambla.com\/en\/wp-json\/wp\/v2\/posts"}],"about":[{"href":"https:\/\/www.revistarambla.com\/en\/wp-json\/wp\/v2\/types\/post"}],"author":[{"embeddable":true,"href":"https:\/\/www.revistarambla.com\/en\/wp-json\/wp\/v2\/users\/18"}],"replies":[{"embeddable":true,"href":"https:\/\/www.revistarambla.com\/en\/wp-json\/wp\/v2\/comments?post=33125"}],"version-history":[{"count":0,"href":"https:\/\/www.revistarambla.com\/en\/wp-json\/wp\/v2\/posts\/33125\/revisions"}],"wp:featuredmedia":[{"embeddable":true,"href":"https:\/\/www.revistarambla.com\/en\/wp-json\/wp\/v2\/media\/33126"}],"wp:attachment":[{"href":"https:\/\/www.revistarambla.com\/en\/wp-json\/wp\/v2\/media?parent=33125"}],"wp:term":[{"taxonomy":"category","embeddable":true,"href":"https:\/\/www.revistarambla.com\/en\/wp-json\/wp\/v2\/categories?post=33125"},{"taxonomy":"post_tag","embeddable":true,"href":"https:\/\/www.revistarambla.com\/en\/wp-json\/wp\/v2\/tags?post=33125"}],"curies":[{"name":"wp","href":"https:\/\/api.w.org\/{rel}","templated":true}]}}