{"id":33118,"date":"2021-05-31T20:32:13","date_gmt":"2021-05-31T18:32:13","guid":{"rendered":"https:\/\/www.revistarambla.com\/?p=33118"},"modified":"2025-01-23T21:40:39","modified_gmt":"2025-01-23T20:40:39","slug":"balbin-donde-estas-vuelve","status":"publish","type":"post","link":"https:\/\/www.revistarambla.com\/en\/balbin-donde-estas-vuelve\/","title":{"rendered":"Balb\u00edn, \u00bfd\u00f3nde est\u00e1s? \u00a1Vuelve!"},"content":{"rendered":"<p style=\"text-align: left;\" align=\"JUSTIFY\">Desde hace ya demasiados a\u00f1os, cuando me pongo a escuchar o a visionar un debate o una tertulia o una entrevista, me pegunto c\u00f3mo los medios de comunicaci\u00f3n son capaces, en general, de producir tama\u00f1a bazofia y c\u00f3mo la sociedad espa\u00f1ola se la traga tan pl\u00e1cidamente y con tanta fruici\u00f3n. Y esta basura audiovisual va cada vez a m\u00e1s. Entonces, me viene a las mientes el recuerdo de <em>La Clave<\/em> de<strong> Jos\u00e9 Luis Balb\u00edn<\/strong>. Y me dirijo a \u00e9l telep\u00e1ticamente para preguntarle d\u00f3nde est\u00e1 y para rogarle que vuelva.<\/p>\n<h3 style=\"text-align: left;\" align=\"JUSTIFY\">La Clave de Balb\u00edn<\/h3>\n<p style=\"text-align: left;\" align=\"JUSTIFY\">Corr\u00edan los primeros d\u00edas de enero de 1976 cuando el segundo canal de TVE (UHF) empez\u00f3 a emitir un novedoso programa de debate, propuesto, presentado y moderado por <strong>J.L. Balb\u00edn<\/strong>: <em>La Clave<\/em>. Este programa era un \u201ccopy-paste\u201d del franc\u00e9s <em>Les dossiers de l\u2019\u00e9cran<\/em>, en antena desde hac\u00eda ya una d\u00e9cada y con un \u00e9xito arrollador en Francia.<\/p>\n<p style=\"text-align: left;\" align=\"JUSTIFY\">A aquellos que, entonces, eran menores de edad o que todav\u00eda no hab\u00edan nacido, les informo que <em>La Clave<\/em> ha quedado como uno de los programas mod\u00e9licos de debates televisivos y como uno de los grandes hitos en la historia de la televisi\u00f3n espa\u00f1ola. Fue el programa m\u00e1s intelectual y uno de los de mayor calidad (el 5\u00ba, en un ranking de 100) de la historia de la televisi\u00f3n en Espa\u00f1a. Era emitido en directo y en prime time, en las noches del viernes o del s\u00e1bado o del domingo.<\/p>\n<figure id=\"attachment_33119\" aria-describedby=\"caption-attachment-33119\" style=\"width: 1600px\" class=\"wp-caption aligncenter\"><img decoding=\"async\" class=\"wp-image-33119 size-full\" src=\"https:\/\/www.revistarambla.com\/wp-content\/uploads\/2021\/05\/polvorin-entre-jose-luis-balbin-y-rtve-por-los-derechos-de-la-clave.jpg\" alt=\"\" width=\"1600\" height=\"900\" srcset=\"https:\/\/www.revistarambla.com\/wp-content\/uploads\/2021\/05\/polvorin-entre-jose-luis-balbin-y-rtve-por-los-derechos-de-la-clave.jpg 1600w, https:\/\/www.revistarambla.com\/wp-content\/uploads\/2021\/05\/polvorin-entre-jose-luis-balbin-y-rtve-por-los-derechos-de-la-clave-300x169.jpg 300w, https:\/\/www.revistarambla.com\/wp-content\/uploads\/2021\/05\/polvorin-entre-jose-luis-balbin-y-rtve-por-los-derechos-de-la-clave-1024x576.jpg 1024w, https:\/\/www.revistarambla.com\/wp-content\/uploads\/2021\/05\/polvorin-entre-jose-luis-balbin-y-rtve-por-los-derechos-de-la-clave-768x432.jpg 768w, https:\/\/www.revistarambla.com\/wp-content\/uploads\/2021\/05\/polvorin-entre-jose-luis-balbin-y-rtve-por-los-derechos-de-la-clave-1536x864.jpg 1536w\" sizes=\"(max-width: 1600px) 100vw, 1600px\" \/><figcaption id=\"caption-attachment-33119\" class=\"wp-caption-text\">&#8216;La clave&#8217; fue un programa de televisi\u00f3n de debate, creado, presentado y moderado por el periodista Jos\u00e9 Luis Balb\u00edn. Se emiti\u00f3 en RTVE y Antena 3.<\/figcaption><\/figure>\n<p style=\"text-align: left;\" align=\"JUSTIFY\">El formato del mismo inclu\u00eda cuatro elementos: 1. Presentaci\u00f3n del tema de debate y de los invitados por parte del moderador; 2. Exhibici\u00f3n de un largometraje sobre el tema del debate; 3. Debate entre los tertulianos y con los telespectadores; y 4. Al final de cada programa, se proporcionaba una bibliograf\u00eda sobre el asunto debatido, para que los televidentes pudieran profundizar en el tema.<\/p>\n<p style=\"text-align: left;\" align=\"JUSTIFY\">Los tertulianos invitados, entre los cuales hab\u00eda siempre alg\u00fan extranjero, eran especialistas en el tema del debate, pero con opiniones contrapuestas. Sin embargo, aplicaban la cortes\u00eda ling\u00fc\u00edstica y no vociferaban para argumentar, aplicando el aforismo atribuido a <strong>Leonardo da Vinci<\/strong>, que reza as\u00ed: \u201cQuien de verdad sabe de qu\u00e9 habla, no encuentra razones para levantar la voz\u201d. Ahora bien, pod\u00edan interpelarse e intervenir en cualquier momento para evitar los mon\u00f3logos consecutivos y propiciar un aut\u00e9ntico y vivo debate. Con el formato del programa, con el tipo de tertuliano, con la din\u00e1mica de los debates y con los temas tratados (sociales, culturales, cient\u00edficos y pol\u00edticos) se contribuy\u00f3 a empoderar a los ciudadanos espa\u00f1oles, al informarlos y al formarlos, durante los primeros a\u00f1os de la Transici\u00f3n, en los valores democr\u00e1ticos.<\/p>\n<h3 style=\"text-align: left;\" align=\"JUSTIFY\">El show de los debates, de las tertulias y de las entrevistas de hoga\u00f1o<\/h3>\n<p style=\"text-align: left;\" align=\"JUSTIFY\">Hoy, en todas las cadenas de radio y de televisi\u00f3n, han proliferado las entrevistas, las tertulias, los debates y los opinadores. Pero ni las unas ni los otros son, en general, lo que fue <em>La Clave<\/em> de Balb\u00edn y sus invitados, semanalmente renovados (tema nuevo y, l\u00f3gicamente, nuevos y aut\u00e9nticos expertos). Dejando de lado las tertulias-debates chafarderas sobre cuestiones del coraz\u00f3n, podemos diferenciar, en las cadenas de televisi\u00f3n, tres grandes tipos de tertulias (o debates), colonizadas por esos tertulianos que suelo denominar <em><a href=\"https:\/\/honrad.blogspot.com\/2014\/02\/de-los-todologos.html\">tod\u00f3logos<\/a><\/em>: personajes indocumentados que han poblado los medios, que le hincan el diente a cualquier tema y que, seg\u00fan la periodista <strong>Cristina S\u00e1nchez<\/strong>, no son m\u00e1s que \u201cest\u00f3magos agradecidos de pol\u00edticos y prebostes locales\u201d.<\/p>\n<p style=\"text-align: left;\" align=\"JUSTIFY\">Algunas tertulias son aut\u00e9nticas ratoneras para alguno de los invitados. La presencia de este verso suelto tienen dos motivaciones: por un lado, poder afirmar que estas tertulias partidistas son plurales; y, por el otro, hacer del verso suelto un sparring o mu\u00f1eco de feria que recibe los golpes bajos y premeditados de los otros contertulios. Es el caso, entre otras, de <em>Preguntes Freq\u00fcents<\/em> (TV3).<\/p>\n<p style=\"text-align: left;\" align=\"JUSTIFY\">Otras tertulias est\u00e1n organizadas en dos bandos, situados estrat\u00e9gicamente los unos frente a los otros (cf. <em>La Sexta Noche<\/em>). As\u00ed, en este cuadril\u00e1tero, se organiza un pugilato verbal y la pseudo tertulia muestra su verdadera catadura: ser un show y un divertimento o pasatiempo para los televidentes, a la altura de esos programas de telebasura de Tele 5. Los tertulianos son aut\u00e9nticos <em>showmans<\/em>, que no persiguen ni informar ni formar a los oyentes. Para ellos y para las cadenas de televisi\u00f3n, como hubiera dicho <strong>R. Kapuscinski<\/strong> (2016), \u201cla verdad [o la informaci\u00f3n] no es importante [\u2026]. Lo que [\u2026] cuenta es el espect\u00e1culo y las audiencias. Y, una vez que hemos creado la informaci\u00f3n-espect\u00e1culo, [\u2026] cuanto m\u00e1s espectacular es la informaci\u00f3n, m\u00e1s dinero podemos ganar con ella\u201d. En el guirigay de estos pseudodebates o pseudotertulias, el quitarse la palabra y el uso de las vociferaciones, como argumento de autoridad, son el pan nuestro de cada d\u00eda. Y el que m\u00e1s chifle (grite), capador. \u00a1Lamentable espect\u00e1culo y ejemplo!<\/p>\n<p style=\"text-align: left;\" align=\"JUSTIFY\">Finalmente, otras tertulias son monocolor: todos los tertulianos son de la misma tendencia o camada (cf. <em>El Gato al Agua<\/em> de El ToroTV; <em>El Cascabel<\/em>, de TreceTV; <em>Al Rojo Vivo<\/em> de La Sexta;\u2026). En \u00e9stas, bajo la batuta del director-moderador de turno, reina el orden y la cortes\u00eda ling\u00fc\u00edstica, \u00a1no faltar\u00eda m\u00e1s! Sin embargo, la pluralidad de opiniones no est\u00e1 ni se la espera. Y, por otro lado, en estas tertulias s\u00f3lo se escucha la voz de sus amos: el poder pol\u00edtico o econ\u00f3mico.<\/p>\n<p style=\"text-align: left;\" align=\"JUSTIFY\">En el campo de las entrevistas a la casta pol\u00edtica, encontramos muy frecuentemente tambi\u00e9n tres modalidades. Por un lado, est\u00e1 la &#8216;entrevista-trampa&#8217;, con la que no se busca ni informar ni difundir la verdad, sino cazar al entrevistado, ridiculiz\u00e1ndolo y mof\u00e1ndose de \u00e9l, mediante la mentira y la manipulaci\u00f3n, convirti\u00e9ndola tambi\u00e9n en un show. Por el otro, est\u00e1 la &#8216;entrevista-masaje&#8217;, hecha al gusto y a la medida del entrevistado. En este suced\u00e1neo de entrevista, el entrevistador, genuflexo y c\u00f3mplice, le pone los balones a los pies del entrevistado para que remate a puerta vac\u00eda. Y, finalmente, la &#8216;entrevista ortodoxa&#8217;, solo aparentemente merecedora de este calificativo. En este caso, las respuestas de los de la casta pol\u00edtica son previsibles. Y lo que es previsible no es informativamente ni interesante ni relevante. No aportan datos, ni informaciones, ni siquiera razonan. Ante cualquier pregunta, s\u00f3lo repiten como papagayos el argumentario (?), preparado diariamente por el <strong>Iv\u00e1n Redondo<\/strong> de turno.<\/p>\n<h3 style=\"text-align: left;\" align=\"JUSTIFY\"><em>Todo es mentira<\/em><\/h3>\n<p style=\"text-align: left;\" align=\"JUSTIFY\">Ante estas tipolog\u00edas de debates y de entrevistas, podemos preguntarnos si, como reza el nombre del programa de <strong>Risto Mejide<\/strong> (cf. Cuatro TV), <em>todo es mentira<\/em>. Como acu\u00f1\u00f3 el soci\u00f3logo <strong>Gustave Le Bon<\/strong>, \u201cLas masas (las audiencias) nunca han sentido sed por la verdad. [\u2026] Quien sepa enga\u00f1arlas ser\u00e1 f\u00e1cilmente su due\u00f1o; quien intente desenga\u00f1arlas ser\u00e1 simplemente su v\u00edctima [y perder\u00e1 las audiencias]\u201d. Por eso, \u00bflos periodistas apesebrados est\u00e1n al servicio de los escuchantes y televidentes? \u00bfSu hacer es periodismo? Creo que no. Eso es mancillar y prostituir la noble y necesaria actividad del cuarto poder.<\/p>\n<p style=\"text-align: left;\" align=\"JUSTIFY\">Ante este panorama, tiene todo su sentido que me dirija mentalmente a <strong>J.L. Balb\u00edn<\/strong> para decirle: \u201c\u00bfD\u00f3nde est\u00e1s? \u00a1Vuelve! Si por los achaques de la edad no puedes volver, reenc\u00e1rnate en alg\u00fan periodista joven y transm\u00edtele tu \u201csavoir-faire\u201d y tu \u201csavoir-\u00eatre\u201d. La salud informativa y formativa de los espa\u00f1oles est\u00e1n en juego, y, por lo tanto, la democracia real, informada y consciente.<\/p>\n<p style=\"text-align: left;\" align=\"JUSTIFY\"><span lang=\"es-ES\"><em>*Manuel I. Cabezas Gonz\u00e1lez es Doctor en Didactolog\u00eda de las Lenguas y de las Culturas. Profesor Titular de Ling\u00fc\u00edstica y de Ling\u00fc\u00edstica Aplicada del Departamento de Filolog\u00eda Francesa y Rom\u00e1nica (UAB).<\/em><br \/>\n<\/span><\/p>\n<p style=\"text-align: left;\" align=\"JUSTIFY\"><span lang=\"es-ES\"><a href=\"http:\/\/www.honrad.blogspot.com\/\">www.honrad.blogspot.com<\/a> <\/span><\/p>\n","protected":false},"excerpt":{"rendered":"<p>Desde hace ya demasiados a\u00f1os, cuando me pongo a escuchar o a visionar un debate o una tertulia o una entrevista, me pegunto c\u00f3mo los medios de comunicaci\u00f3n son capaces, en general, de producir tama\u00f1a bazofia y c\u00f3mo la sociedad espa\u00f1ola se la traga tan pl\u00e1cidamente y con tanta fruici\u00f3n. [&hellip;]<\/p>\n","protected":false},"author":17,"featured_media":33119,"comment_status":"open","ping_status":"open","sticky":false,"template":"","format":"standard","meta":{"footnotes":""},"categories":[4114],"tags":[],"class_list":["post-33118","post","type-post","status-publish","format-standard","has-post-thumbnail","hentry","category-cantando-las-verdades"],"yoast_head":"<!-- This site is optimized with the Yoast SEO plugin v27.5 - https:\/\/yoast.com\/product\/yoast-seo-wordpress\/ -->\n<title>Balb\u00edn, \u00bfd\u00f3nde est\u00e1s? \u00a1Vuelve! - Revista Rambla<\/title>\n<meta name=\"robots\" content=\"index, follow, max-snippet:-1, max-image-preview:large, max-video-preview:-1\" \/>\n<link rel=\"canonical\" href=\"https:\/\/www.revistarambla.com\/en\/balbin-donde-estas-vuelve\/\" \/>\n<meta property=\"og:locale\" content=\"en_GB\" \/>\n<meta property=\"og:type\" content=\"article\" \/>\n<meta property=\"og:title\" content=\"Balb\u00edn, \u00bfd\u00f3nde est\u00e1s? \u00a1Vuelve! - Revista Rambla\" \/>\n<meta property=\"og:description\" content=\"Desde hace ya demasiados a\u00f1os, cuando me pongo a escuchar o a visionar un debate o una tertulia o una entrevista, me pegunto c\u00f3mo los medios de comunicaci\u00f3n son capaces, en general, de producir tama\u00f1a bazofia y c\u00f3mo la sociedad espa\u00f1ola se la traga tan pl\u00e1cidamente y con tanta fruici\u00f3n. [&hellip;]\" \/>\n<meta property=\"og:url\" content=\"https:\/\/www.revistarambla.com\/en\/balbin-donde-estas-vuelve\/\" \/>\n<meta property=\"og:site_name\" content=\"Revista Rambla\" \/>\n<meta property=\"article:publisher\" content=\"https:\/\/www.facebook.com\/revistarambla\/\" \/>\n<meta property=\"article:author\" content=\"https:\/\/www.facebook.com\/manuelignacio.cabezasgonzalez\" \/>\n<meta property=\"article:published_time\" content=\"2021-05-31T18:32:13+00:00\" \/>\n<meta property=\"article:modified_time\" content=\"2025-01-23T20:40:39+00:00\" \/>\n<meta property=\"og:image\" content=\"https:\/\/www.revistarambla.com\/wp-content\/uploads\/2021\/05\/polvorin-entre-jose-luis-balbin-y-rtve-por-los-derechos-de-la-clave.jpg\" \/>\n\t<meta property=\"og:image:width\" content=\"1600\" \/>\n\t<meta property=\"og:image:height\" content=\"900\" \/>\n\t<meta property=\"og:image:type\" content=\"image\/jpeg\" \/>\n<meta name=\"author\" content=\"Manuel Ignacio Cabezas Gonz\u00e1lez\" \/>\n<meta name=\"twitter:card\" content=\"summary_large_image\" \/>\n<meta name=\"twitter:creator\" content=\"@ManuelICabezas\" \/>\n<meta name=\"twitter:site\" content=\"@revistarambla\" \/>\n<meta name=\"twitter:label1\" content=\"Written by\" \/>\n\t<meta name=\"twitter:data1\" content=\"Manuel Ignacio Cabezas Gonz\u00e1lez\" \/>\n\t<meta name=\"twitter:label2\" content=\"Estimated reading time\" \/>\n\t<meta name=\"twitter:data2\" content=\"6 minutes\" \/>\n<script type=\"application\/ld+json\" class=\"yoast-schema-graph\">{\"@context\":\"https:\\\/\\\/schema.org\",\"@graph\":[{\"@type\":\"Article\",\"@id\":\"https:\\\/\\\/www.revistarambla.com\\\/balbin-donde-estas-vuelve\\\/#article\",\"isPartOf\":{\"@id\":\"https:\\\/\\\/www.revistarambla.com\\\/balbin-donde-estas-vuelve\\\/\"},\"author\":{\"name\":\"Manuel Ignacio Cabezas Gonz\u00e1lez\",\"@id\":\"https:\\\/\\\/www.revistarambla.com\\\/#\\\/schema\\\/person\\\/3d71c575842522757de7f4f9c9b40215\"},\"headline\":\"Balb\u00edn, \u00bfd\u00f3nde est\u00e1s? \u00a1Vuelve!\",\"datePublished\":\"2021-05-31T18:32:13+00:00\",\"dateModified\":\"2025-01-23T20:40:39+00:00\",\"mainEntityOfPage\":{\"@id\":\"https:\\\/\\\/www.revistarambla.com\\\/balbin-donde-estas-vuelve\\\/\"},\"wordCount\":1379,\"commentCount\":1,\"publisher\":{\"@id\":\"https:\\\/\\\/www.revistarambla.com\\\/#organization\"},\"image\":{\"@id\":\"https:\\\/\\\/www.revistarambla.com\\\/balbin-donde-estas-vuelve\\\/#primaryimage\"},\"thumbnailUrl\":\"https:\\\/\\\/www.revistarambla.com\\\/wp-content\\\/uploads\\\/2021\\\/05\\\/polvorin-entre-jose-luis-balbin-y-rtve-por-los-derechos-de-la-clave.jpg\",\"articleSection\":[\"Cantando las verdades\"],\"inLanguage\":\"en-GB\",\"potentialAction\":[{\"@type\":\"CommentAction\",\"name\":\"Comment\",\"target\":[\"https:\\\/\\\/www.revistarambla.com\\\/balbin-donde-estas-vuelve\\\/#respond\"]}]},{\"@type\":\"WebPage\",\"@id\":\"https:\\\/\\\/www.revistarambla.com\\\/balbin-donde-estas-vuelve\\\/\",\"url\":\"https:\\\/\\\/www.revistarambla.com\\\/balbin-donde-estas-vuelve\\\/\",\"name\":\"Balb\u00edn, \u00bfd\u00f3nde est\u00e1s? \u00a1Vuelve! - Revista Rambla\",\"isPartOf\":{\"@id\":\"https:\\\/\\\/www.revistarambla.com\\\/#website\"},\"primaryImageOfPage\":{\"@id\":\"https:\\\/\\\/www.revistarambla.com\\\/balbin-donde-estas-vuelve\\\/#primaryimage\"},\"image\":{\"@id\":\"https:\\\/\\\/www.revistarambla.com\\\/balbin-donde-estas-vuelve\\\/#primaryimage\"},\"thumbnailUrl\":\"https:\\\/\\\/www.revistarambla.com\\\/wp-content\\\/uploads\\\/2021\\\/05\\\/polvorin-entre-jose-luis-balbin-y-rtve-por-los-derechos-de-la-clave.jpg\",\"datePublished\":\"2021-05-31T18:32:13+00:00\",\"dateModified\":\"2025-01-23T20:40:39+00:00\",\"breadcrumb\":{\"@id\":\"https:\\\/\\\/www.revistarambla.com\\\/balbin-donde-estas-vuelve\\\/#breadcrumb\"},\"inLanguage\":\"en-GB\",\"potentialAction\":[{\"@type\":\"ReadAction\",\"target\":[\"https:\\\/\\\/www.revistarambla.com\\\/balbin-donde-estas-vuelve\\\/\"]}]},{\"@type\":\"ImageObject\",\"inLanguage\":\"en-GB\",\"@id\":\"https:\\\/\\\/www.revistarambla.com\\\/balbin-donde-estas-vuelve\\\/#primaryimage\",\"url\":\"https:\\\/\\\/www.revistarambla.com\\\/wp-content\\\/uploads\\\/2021\\\/05\\\/polvorin-entre-jose-luis-balbin-y-rtve-por-los-derechos-de-la-clave.jpg\",\"contentUrl\":\"https:\\\/\\\/www.revistarambla.com\\\/wp-content\\\/uploads\\\/2021\\\/05\\\/polvorin-entre-jose-luis-balbin-y-rtve-por-los-derechos-de-la-clave.jpg\",\"width\":1600,\"height\":900},{\"@type\":\"BreadcrumbList\",\"@id\":\"https:\\\/\\\/www.revistarambla.com\\\/balbin-donde-estas-vuelve\\\/#breadcrumb\",\"itemListElement\":[{\"@type\":\"ListItem\",\"position\":1,\"name\":\"Portada\",\"item\":\"https:\\\/\\\/www.revistarambla.com\\\/\"},{\"@type\":\"ListItem\",\"position\":2,\"name\":\"Balb\u00edn, \u00bfd\u00f3nde est\u00e1s? \u00a1Vuelve!\"}]},{\"@type\":\"WebSite\",\"@id\":\"https:\\\/\\\/www.revistarambla.com\\\/#website\",\"url\":\"https:\\\/\\\/www.revistarambla.com\\\/\",\"name\":\"Revista Rambla Barcelona\",\"description\":\"Periodismo independiente\",\"publisher\":{\"@id\":\"https:\\\/\\\/www.revistarambla.com\\\/#organization\"},\"potentialAction\":[{\"@type\":\"SearchAction\",\"target\":{\"@type\":\"EntryPoint\",\"urlTemplate\":\"https:\\\/\\\/www.revistarambla.com\\\/?s={search_term_string}\"},\"query-input\":{\"@type\":\"PropertyValueSpecification\",\"valueRequired\":true,\"valueName\":\"search_term_string\"}}],\"inLanguage\":\"en-GB\"},{\"@type\":\"Organization\",\"@id\":\"https:\\\/\\\/www.revistarambla.com\\\/#organization\",\"name\":\"Revista Rambla\",\"url\":\"https:\\\/\\\/www.revistarambla.com\\\/\",\"logo\":{\"@type\":\"ImageObject\",\"inLanguage\":\"en-GB\",\"@id\":\"https:\\\/\\\/www.revistarambla.com\\\/#\\\/schema\\\/logo\\\/image\\\/\",\"url\":\"https:\\\/\\\/www.revistarambla.com\\\/wp-content\\\/uploads\\\/2020\\\/09\\\/banner_rambla_1900x600_BB.png\",\"contentUrl\":\"https:\\\/\\\/www.revistarambla.com\\\/wp-content\\\/uploads\\\/2020\\\/09\\\/banner_rambla_1900x600_BB.png\",\"width\":1900,\"height\":600,\"caption\":\"Revista Rambla\"},\"image\":{\"@id\":\"https:\\\/\\\/www.revistarambla.com\\\/#\\\/schema\\\/logo\\\/image\\\/\"},\"sameAs\":[\"https:\\\/\\\/www.facebook.com\\\/revistarambla\\\/\",\"https:\\\/\\\/x.com\\\/revistarambla\",\"https:\\\/\\\/www.instagram.com\\\/revista_rambla\",\"https:\\\/\\\/es.linkedin.com\\\/company\\\/revista-rambla\"]},{\"@type\":\"Person\",\"@id\":\"https:\\\/\\\/www.revistarambla.com\\\/#\\\/schema\\\/person\\\/3d71c575842522757de7f4f9c9b40215\",\"name\":\"Manuel Ignacio Cabezas Gonz\u00e1lez\",\"description\":\"Doctor en Didactolog\u00eda de las Lenguas y de las Culturas. Profesor Titular de Ling\u00fc\u00edstica y de Ling\u00fc\u00edstica Aplicada. Departamento de Filolog\u00eda Francesa y Rom\u00e1nica (UAB).\",\"sameAs\":[\"http:\\\/\\\/honrad.blogspot.com\\\/\",\"https:\\\/\\\/www.facebook.com\\\/manuelignacio.cabezasgonzalez\",\"https:\\\/\\\/x.com\\\/ManuelICabezas\"]}]}<\/script>\n<!-- \/ Yoast SEO plugin. -->","yoast_head_json":{"title":"Balb\u00edn, \u00bfd\u00f3nde est\u00e1s? \u00a1Vuelve! - Revista Rambla","robots":{"index":"index","follow":"follow","max-snippet":"max-snippet:-1","max-image-preview":"max-image-preview:large","max-video-preview":"max-video-preview:-1"},"canonical":"https:\/\/www.revistarambla.com\/en\/balbin-donde-estas-vuelve\/","og_locale":"en_GB","og_type":"article","og_title":"Balb\u00edn, \u00bfd\u00f3nde est\u00e1s? \u00a1Vuelve! - Revista Rambla","og_description":"Desde hace ya demasiados a\u00f1os, cuando me pongo a escuchar o a visionar un debate o una tertulia o una entrevista, me pegunto c\u00f3mo los medios de comunicaci\u00f3n son capaces, en general, de producir tama\u00f1a bazofia y c\u00f3mo la sociedad espa\u00f1ola se la traga tan pl\u00e1cidamente y con tanta fruici\u00f3n. [&hellip;]","og_url":"https:\/\/www.revistarambla.com\/en\/balbin-donde-estas-vuelve\/","og_site_name":"Revista Rambla","article_publisher":"https:\/\/www.facebook.com\/revistarambla\/","article_author":"https:\/\/www.facebook.com\/manuelignacio.cabezasgonzalez","article_published_time":"2021-05-31T18:32:13+00:00","article_modified_time":"2025-01-23T20:40:39+00:00","og_image":[{"width":1600,"height":900,"url":"https:\/\/www.revistarambla.com\/wp-content\/uploads\/2021\/05\/polvorin-entre-jose-luis-balbin-y-rtve-por-los-derechos-de-la-clave.jpg","type":"image\/jpeg"}],"author":"Manuel Ignacio Cabezas Gonz\u00e1lez","twitter_card":"summary_large_image","twitter_creator":"@ManuelICabezas","twitter_site":"@revistarambla","twitter_misc":{"Written by":"Manuel Ignacio Cabezas Gonz\u00e1lez","Estimated reading time":"6 minutes"},"schema":{"@context":"https:\/\/schema.org","@graph":[{"@type":"Article","@id":"https:\/\/www.revistarambla.com\/balbin-donde-estas-vuelve\/#article","isPartOf":{"@id":"https:\/\/www.revistarambla.com\/balbin-donde-estas-vuelve\/"},"author":{"name":"Manuel Ignacio Cabezas Gonz\u00e1lez","@id":"https:\/\/www.revistarambla.com\/#\/schema\/person\/3d71c575842522757de7f4f9c9b40215"},"headline":"Balb\u00edn, \u00bfd\u00f3nde est\u00e1s? \u00a1Vuelve!","datePublished":"2021-05-31T18:32:13+00:00","dateModified":"2025-01-23T20:40:39+00:00","mainEntityOfPage":{"@id":"https:\/\/www.revistarambla.com\/balbin-donde-estas-vuelve\/"},"wordCount":1379,"commentCount":1,"publisher":{"@id":"https:\/\/www.revistarambla.com\/#organization"},"image":{"@id":"https:\/\/www.revistarambla.com\/balbin-donde-estas-vuelve\/#primaryimage"},"thumbnailUrl":"https:\/\/www.revistarambla.com\/wp-content\/uploads\/2021\/05\/polvorin-entre-jose-luis-balbin-y-rtve-por-los-derechos-de-la-clave.jpg","articleSection":["Cantando las verdades"],"inLanguage":"en-GB","potentialAction":[{"@type":"CommentAction","name":"Comment","target":["https:\/\/www.revistarambla.com\/balbin-donde-estas-vuelve\/#respond"]}]},{"@type":"WebPage","@id":"https:\/\/www.revistarambla.com\/balbin-donde-estas-vuelve\/","url":"https:\/\/www.revistarambla.com\/balbin-donde-estas-vuelve\/","name":"Balb\u00edn, \u00bfd\u00f3nde est\u00e1s? \u00a1Vuelve! - Revista Rambla","isPartOf":{"@id":"https:\/\/www.revistarambla.com\/#website"},"primaryImageOfPage":{"@id":"https:\/\/www.revistarambla.com\/balbin-donde-estas-vuelve\/#primaryimage"},"image":{"@id":"https:\/\/www.revistarambla.com\/balbin-donde-estas-vuelve\/#primaryimage"},"thumbnailUrl":"https:\/\/www.revistarambla.com\/wp-content\/uploads\/2021\/05\/polvorin-entre-jose-luis-balbin-y-rtve-por-los-derechos-de-la-clave.jpg","datePublished":"2021-05-31T18:32:13+00:00","dateModified":"2025-01-23T20:40:39+00:00","breadcrumb":{"@id":"https:\/\/www.revistarambla.com\/balbin-donde-estas-vuelve\/#breadcrumb"},"inLanguage":"en-GB","potentialAction":[{"@type":"ReadAction","target":["https:\/\/www.revistarambla.com\/balbin-donde-estas-vuelve\/"]}]},{"@type":"ImageObject","inLanguage":"en-GB","@id":"https:\/\/www.revistarambla.com\/balbin-donde-estas-vuelve\/#primaryimage","url":"https:\/\/www.revistarambla.com\/wp-content\/uploads\/2021\/05\/polvorin-entre-jose-luis-balbin-y-rtve-por-los-derechos-de-la-clave.jpg","contentUrl":"https:\/\/www.revistarambla.com\/wp-content\/uploads\/2021\/05\/polvorin-entre-jose-luis-balbin-y-rtve-por-los-derechos-de-la-clave.jpg","width":1600,"height":900},{"@type":"BreadcrumbList","@id":"https:\/\/www.revistarambla.com\/balbin-donde-estas-vuelve\/#breadcrumb","itemListElement":[{"@type":"ListItem","position":1,"name":"Portada","item":"https:\/\/www.revistarambla.com\/"},{"@type":"ListItem","position":2,"name":"Balb\u00edn, \u00bfd\u00f3nde est\u00e1s? \u00a1Vuelve!"}]},{"@type":"WebSite","@id":"https:\/\/www.revistarambla.com\/#website","url":"https:\/\/www.revistarambla.com\/","name":"Revista Rambla Barcelona","description":"Periodismo independiente","publisher":{"@id":"https:\/\/www.revistarambla.com\/#organization"},"potentialAction":[{"@type":"SearchAction","target":{"@type":"EntryPoint","urlTemplate":"https:\/\/www.revistarambla.com\/?s={search_term_string}"},"query-input":{"@type":"PropertyValueSpecification","valueRequired":true,"valueName":"search_term_string"}}],"inLanguage":"en-GB"},{"@type":"Organization","@id":"https:\/\/www.revistarambla.com\/#organization","name":"Revista Rambla","url":"https:\/\/www.revistarambla.com\/","logo":{"@type":"ImageObject","inLanguage":"en-GB","@id":"https:\/\/www.revistarambla.com\/#\/schema\/logo\/image\/","url":"https:\/\/www.revistarambla.com\/wp-content\/uploads\/2020\/09\/banner_rambla_1900x600_BB.png","contentUrl":"https:\/\/www.revistarambla.com\/wp-content\/uploads\/2020\/09\/banner_rambla_1900x600_BB.png","width":1900,"height":600,"caption":"Revista Rambla"},"image":{"@id":"https:\/\/www.revistarambla.com\/#\/schema\/logo\/image\/"},"sameAs":["https:\/\/www.facebook.com\/revistarambla\/","https:\/\/x.com\/revistarambla","https:\/\/www.instagram.com\/revista_rambla","https:\/\/es.linkedin.com\/company\/revista-rambla"]},{"@type":"Person","@id":"https:\/\/www.revistarambla.com\/#\/schema\/person\/3d71c575842522757de7f4f9c9b40215","name":"Manuel Ignacio Cabezas Gonz\u00e1lez","description":"Doctor en Didactolog\u00eda de las Lenguas y de las Culturas. Profesor Titular de Ling\u00fc\u00edstica y de Ling\u00fc\u00edstica Aplicada. Departamento de Filolog\u00eda Francesa y Rom\u00e1nica (UAB).","sameAs":["http:\/\/honrad.blogspot.com\/","https:\/\/www.facebook.com\/manuelignacio.cabezasgonzalez","https:\/\/x.com\/ManuelICabezas"]}]}},"_links":{"self":[{"href":"https:\/\/www.revistarambla.com\/en\/wp-json\/wp\/v2\/posts\/33118","targetHints":{"allow":["GET"]}}],"collection":[{"href":"https:\/\/www.revistarambla.com\/en\/wp-json\/wp\/v2\/posts"}],"about":[{"href":"https:\/\/www.revistarambla.com\/en\/wp-json\/wp\/v2\/types\/post"}],"author":[{"embeddable":true,"href":"https:\/\/www.revistarambla.com\/en\/wp-json\/wp\/v2\/users\/17"}],"replies":[{"embeddable":true,"href":"https:\/\/www.revistarambla.com\/en\/wp-json\/wp\/v2\/comments?post=33118"}],"version-history":[{"count":1,"href":"https:\/\/www.revistarambla.com\/en\/wp-json\/wp\/v2\/posts\/33118\/revisions"}],"predecessor-version":[{"id":64096,"href":"https:\/\/www.revistarambla.com\/en\/wp-json\/wp\/v2\/posts\/33118\/revisions\/64096"}],"wp:featuredmedia":[{"embeddable":true,"href":"https:\/\/www.revistarambla.com\/en\/wp-json\/wp\/v2\/media\/33119"}],"wp:attachment":[{"href":"https:\/\/www.revistarambla.com\/en\/wp-json\/wp\/v2\/media?parent=33118"}],"wp:term":[{"taxonomy":"category","embeddable":true,"href":"https:\/\/www.revistarambla.com\/en\/wp-json\/wp\/v2\/categories?post=33118"},{"taxonomy":"post_tag","embeddable":true,"href":"https:\/\/www.revistarambla.com\/en\/wp-json\/wp\/v2\/tags?post=33118"}],"curies":[{"name":"wp","href":"https:\/\/api.w.org\/{rel}","templated":true}]}}