{"id":32993,"date":"2021-05-27T19:49:36","date_gmt":"2021-05-27T17:49:36","guid":{"rendered":"https:\/\/www.revistarambla.com\/?p=32993"},"modified":"2022-11-17T12:43:40","modified_gmt":"2022-11-17T11:43:40","slug":"por-la-derogacion-de-las-reformas-laborales","status":"publish","type":"post","link":"https:\/\/www.revistarambla.com\/en\/por-la-derogacion-de-las-reformas-laborales\/","title":{"rendered":"Por la derogaci\u00f3n de las reformas laborales"},"content":{"rendered":"<p>En las diferentes <strong>reformas laborales realizadas por PP y PSOE siempre se ha pasado por alto la siniestralidad laboral<\/strong>, dichas reformas se han centrado en precarizar el empleo abaratando el despido y legitimando la inestabilidad en la contrataci\u00f3n, algo que genera a\u00fan m\u00e1s siniestralidad dado que las trabajadoras y trabajadores no denuncian, ni irregularidades ni abusos, por miedo a perder su puesto de trabajo.<\/p>\n<figure id=\"attachment_32994\" aria-describedby=\"caption-attachment-32994\" style=\"width: 2048px\" class=\"wp-caption aligncenter\"><img decoding=\"async\" class=\"wp-image-32994 size-full\" src=\"https:\/\/www.revistarambla.com\/wp-content\/uploads\/2021\/05\/E2aHTC2XMAMt9nI.jpg\" alt=\"\" width=\"2048\" height=\"1536\" srcset=\"https:\/\/www.revistarambla.com\/wp-content\/uploads\/2021\/05\/E2aHTC2XMAMt9nI.jpg 2048w, https:\/\/www.revistarambla.com\/wp-content\/uploads\/2021\/05\/E2aHTC2XMAMt9nI-300x225.jpg 300w, https:\/\/www.revistarambla.com\/wp-content\/uploads\/2021\/05\/E2aHTC2XMAMt9nI-1024x768.jpg 1024w, https:\/\/www.revistarambla.com\/wp-content\/uploads\/2021\/05\/E2aHTC2XMAMt9nI-768x576.jpg 768w, https:\/\/www.revistarambla.com\/wp-content\/uploads\/2021\/05\/E2aHTC2XMAMt9nI-1536x1152.jpg 1536w\" sizes=\"(max-width: 2048px) 100vw, 2048px\" \/><figcaption id=\"caption-attachment-32994\" class=\"wp-caption-text\">Un momento de la manifestaci\u00f3n de hoy. (CGT)<\/figcaption><\/figure>\n<p><strong>En la \u00faltima d\u00e9cada en el estado espa\u00f1ol han fallecido m\u00e1s de 6.500 personas en su puesto de trabajo<\/strong>. <strong>En 2020<\/strong> con la gente encerrada en casa a causa de la pandemia y parte de la clase trabajadora de ERTE, <strong>Catalunya fue la segunda comunidad aut\u00f3noma<\/strong>, s\u00f3lo por detr\u00e1s de Andaluc\u00eda, <strong>en muertes por accidente laboral<\/strong>. 80 de los 695 fallecidos en el estado espa\u00f1ol corresponden a nuestra comunidad aut\u00f3noma. Y no son noticias de telediario ni crea alarma social, sencillamente nos hacen creer que en lugar de asesinatos laborales por desidia son accidentes inevitables. Nada m\u00e1s lejos de la realidad.<\/p>\n<p><strong>Otro efecto de los accidentes laborales<\/strong> del que nunca se habla es el gran n\u00famero de personas que sufren <strong>minusval\u00edas y discapacidades originadas en su puesto de trabajo<\/strong> por culpa de empresarios que no cumplen con la legislaci\u00f3n en materia de prevenci\u00f3n.<\/p>\n<p>La <strong>gente m\u00e1s joven se est\u00e1 viendo especialmente afectados por esta lacra<\/strong> al caer en su primera experiencia laboral a manos de alima\u00f1as. Muertes con cinco meses de diferencia como las de <strong><a href=\"https:\/\/www.revistarambla.com\/en\/a-xavi-lo-mato-la-avaricia-de-empresarios-que-abandonaron-a-su-suerte-a-los-trabajadores-por-un-pelotazo-urbanistico\/\">Xavi Cayuela en Cornell\u00e1<\/a>, la de V\u00edctor Nu\u00f1o en Castellar del Vall\u00e9s (ambos de 19 a\u00f1os) o Juli\u00e1n en Mollet (de 58 a\u00f1os)<\/strong> realzan la idea de que hay una total dejadez por parte de las administraciones y las empresas no tienen ning\u00fan inter\u00e9s en proteger a su personal.<\/p>\n<p><strong>La culpa<\/strong> de esta dram\u00e1tica situaci\u00f3n es la <strong>ineficacia de Inspecci\u00f3n de trabajo<\/strong>. Resultan grotescos los medios que <strong>el gobierno de la Generalitat<\/strong> y el Departament de Treball <strong>destinan<\/strong> al cumplimiento de la legislaci\u00f3n laboral: un total de <strong>108 inspectores para toda Catalunya<\/strong>, una proporci\u00f3n muy baja <strong>para<\/strong> las <strong>629.885 empresas<\/strong> que hay en el territorio, las <strong>3.462.400 de personas trabajadoras y<\/strong> los <strong>221.587 accidentes de trabajo<\/strong> en un a\u00f1o.<\/p>\n<p>Denuncias que se demoran meses en tramitar, sanciones rid\u00edculas que no parecen ni sanciones, inspecciones de guardia derivadas a la v\u00eda ordinaria, expedientes que se acumulan sin resoluciones sancionadoras. Son algunas de las deficiencias que hace a\u00f1os y, gobierne quien gobierne, no lo soluciona. La clase trabajadora somos meras estad\u00edsticas, nuestras vidas son prescindibles para pol\u00edticos y empresarios.<\/p>\n<p><strong>Resulta intolerable que haya una sola muerte por culpa de esta falta de medios y de la desidia voluntaria de las instituciones<\/strong>. La Generalitat y el Gobierno Central est\u00e1n m\u00e1s preocupados en no molestar al empresario por temor a que se traslade a otra comunidad o pa\u00eds, que en la salud de las trabajadoras y trabajadores.<\/p>\n<p>Por todo ello <strong>exigimos al Gobierno Central y Auton\u00f3mico una mayor contundencia contra las empresas que explotan a sus trabajadoras y trabajadores<\/strong> salt\u00e1ndose las normas en materia de prevenci\u00f3n de riesgos, <strong>que el Departament de Treball se persone como acusaci\u00f3n en toda causa judicial por muerte en accidente laboral<\/strong>, as\u00ed como <strong>dotar inmediatamente a Inspecci\u00f3n de trabajo de los medios necesarios<\/strong> para llevar a cabo estas tareas de manera \u00e1gil y eficaz.<\/p>","protected":false},"excerpt":{"rendered":"<p>La CGT se manifiesta ante la inspecci\u00f3n de trabajo de Barcelona y denuncia el aumento de la siniestralidad laboral<\/p>","protected":false},"author":327,"featured_media":32994,"comment_status":"open","ping_status":"open","sticky":false,"template":"","format":"standard","meta":{"footnotes":""},"categories":[72],"tags":[],"class_list":["post-32993","post","type-post","status-publish","format-standard","has-post-thumbnail","hentry","category-opinion"],"yoast_head":"<!-- This site is optimized with the Yoast SEO plugin v27.5 - https:\/\/yoast.com\/product\/yoast-seo-wordpress\/ -->\n<title>Por la derogaci\u00f3n de las reformas laborales - Revista Rambla<\/title>\n<meta name=\"robots\" content=\"index, follow, max-snippet:-1, max-image-preview:large, max-video-preview:-1\" \/>\n<link rel=\"canonical\" href=\"https:\/\/www.revistarambla.com\/en\/por-la-derogacion-de-las-reformas-laborales\/\" \/>\n<meta property=\"og:locale\" content=\"en_GB\" \/>\n<meta property=\"og:type\" content=\"article\" \/>\n<meta property=\"og:title\" content=\"Por la derogaci\u00f3n de las reformas laborales - Revista Rambla\" \/>\n<meta property=\"og:description\" content=\"La CGT se manifiesta ante la inspecci\u00f3n de trabajo de Barcelona y denuncia el aumento de la siniestralidad laboral\" \/>\n<meta property=\"og:url\" content=\"https:\/\/www.revistarambla.com\/en\/por-la-derogacion-de-las-reformas-laborales\/\" \/>\n<meta property=\"og:site_name\" content=\"Revista Rambla\" \/>\n<meta property=\"article:publisher\" content=\"https:\/\/www.facebook.com\/revistarambla\/\" \/>\n<meta property=\"article:author\" content=\"https:\/\/www.facebook.com\/barcelona.cgt\" \/>\n<meta property=\"article:published_time\" content=\"2021-05-27T17:49:36+00:00\" \/>\n<meta property=\"article:modified_time\" content=\"2022-11-17T11:43:40+00:00\" \/>\n<meta property=\"og:image\" content=\"https:\/\/www.revistarambla.com\/wp-content\/uploads\/2021\/05\/E2aHTC2XMAMt9nI.jpg\" \/>\n\t<meta property=\"og:image:width\" content=\"2048\" \/>\n\t<meta property=\"og:image:height\" content=\"1536\" \/>\n\t<meta property=\"og:image:type\" content=\"image\/jpeg\" \/>\n<meta name=\"author\" content=\"CGT Barcelona\" \/>\n<meta name=\"twitter:card\" content=\"summary_large_image\" \/>\n<meta name=\"twitter:creator\" content=\"@CGTBarcelona\" \/>\n<meta name=\"twitter:site\" content=\"@revistarambla\" \/>\n<meta name=\"twitter:label1\" content=\"Written by\" \/>\n\t<meta name=\"twitter:data1\" content=\"CGT Barcelona\" \/>\n\t<meta name=\"twitter:label2\" content=\"Estimated reading time\" \/>\n\t<meta name=\"twitter:data2\" content=\"3 minutes\" \/>\n<script type=\"application\/ld+json\" class=\"yoast-schema-graph\">{\"@context\":\"https:\\\/\\\/schema.org\",\"@graph\":[{\"@type\":\"Article\",\"@id\":\"https:\\\/\\\/www.revistarambla.com\\\/por-la-derogacion-de-las-reformas-laborales\\\/#article\",\"isPartOf\":{\"@id\":\"https:\\\/\\\/www.revistarambla.com\\\/por-la-derogacion-de-las-reformas-laborales\\\/\"},\"author\":{\"name\":\"CGT Barcelona\",\"@id\":\"https:\\\/\\\/www.revistarambla.com\\\/#\\\/schema\\\/person\\\/50127bec5551cbc1206e826637f48e65\"},\"headline\":\"Por la derogaci\u00f3n de las reformas laborales\",\"datePublished\":\"2021-05-27T17:49:36+00:00\",\"dateModified\":\"2022-11-17T11:43:40+00:00\",\"mainEntityOfPage\":{\"@id\":\"https:\\\/\\\/www.revistarambla.com\\\/por-la-derogacion-de-las-reformas-laborales\\\/\"},\"wordCount\":604,\"commentCount\":0,\"publisher\":{\"@id\":\"https:\\\/\\\/www.revistarambla.com\\\/#organization\"},\"image\":{\"@id\":\"https:\\\/\\\/www.revistarambla.com\\\/por-la-derogacion-de-las-reformas-laborales\\\/#primaryimage\"},\"thumbnailUrl\":\"https:\\\/\\\/www.revistarambla.com\\\/wp-content\\\/uploads\\\/2021\\\/05\\\/E2aHTC2XMAMt9nI.jpg\",\"articleSection\":[\"Opiniones\"],\"inLanguage\":\"en-GB\",\"potentialAction\":[{\"@type\":\"CommentAction\",\"name\":\"Comment\",\"target\":[\"https:\\\/\\\/www.revistarambla.com\\\/por-la-derogacion-de-las-reformas-laborales\\\/#respond\"]}]},{\"@type\":\"WebPage\",\"@id\":\"https:\\\/\\\/www.revistarambla.com\\\/por-la-derogacion-de-las-reformas-laborales\\\/\",\"url\":\"https:\\\/\\\/www.revistarambla.com\\\/por-la-derogacion-de-las-reformas-laborales\\\/\",\"name\":\"Por la derogaci\u00f3n de las reformas laborales - Revista Rambla\",\"isPartOf\":{\"@id\":\"https:\\\/\\\/www.revistarambla.com\\\/#website\"},\"primaryImageOfPage\":{\"@id\":\"https:\\\/\\\/www.revistarambla.com\\\/por-la-derogacion-de-las-reformas-laborales\\\/#primaryimage\"},\"image\":{\"@id\":\"https:\\\/\\\/www.revistarambla.com\\\/por-la-derogacion-de-las-reformas-laborales\\\/#primaryimage\"},\"thumbnailUrl\":\"https:\\\/\\\/www.revistarambla.com\\\/wp-content\\\/uploads\\\/2021\\\/05\\\/E2aHTC2XMAMt9nI.jpg\",\"datePublished\":\"2021-05-27T17:49:36+00:00\",\"dateModified\":\"2022-11-17T11:43:40+00:00\",\"breadcrumb\":{\"@id\":\"https:\\\/\\\/www.revistarambla.com\\\/por-la-derogacion-de-las-reformas-laborales\\\/#breadcrumb\"},\"inLanguage\":\"en-GB\",\"potentialAction\":[{\"@type\":\"ReadAction\",\"target\":[\"https:\\\/\\\/www.revistarambla.com\\\/por-la-derogacion-de-las-reformas-laborales\\\/\"]}]},{\"@type\":\"ImageObject\",\"inLanguage\":\"en-GB\",\"@id\":\"https:\\\/\\\/www.revistarambla.com\\\/por-la-derogacion-de-las-reformas-laborales\\\/#primaryimage\",\"url\":\"https:\\\/\\\/www.revistarambla.com\\\/wp-content\\\/uploads\\\/2021\\\/05\\\/E2aHTC2XMAMt9nI.jpg\",\"contentUrl\":\"https:\\\/\\\/www.revistarambla.com\\\/wp-content\\\/uploads\\\/2021\\\/05\\\/E2aHTC2XMAMt9nI.jpg\",\"width\":2048,\"height\":1536},{\"@type\":\"BreadcrumbList\",\"@id\":\"https:\\\/\\\/www.revistarambla.com\\\/por-la-derogacion-de-las-reformas-laborales\\\/#breadcrumb\",\"itemListElement\":[{\"@type\":\"ListItem\",\"position\":1,\"name\":\"Portada\",\"item\":\"https:\\\/\\\/www.revistarambla.com\\\/\"},{\"@type\":\"ListItem\",\"position\":2,\"name\":\"Por la derogaci\u00f3n de las reformas laborales\"}]},{\"@type\":\"WebSite\",\"@id\":\"https:\\\/\\\/www.revistarambla.com\\\/#website\",\"url\":\"https:\\\/\\\/www.revistarambla.com\\\/\",\"name\":\"Revista Rambla Barcelona\",\"description\":\"Periodismo independiente\",\"publisher\":{\"@id\":\"https:\\\/\\\/www.revistarambla.com\\\/#organization\"},\"potentialAction\":[{\"@type\":\"SearchAction\",\"target\":{\"@type\":\"EntryPoint\",\"urlTemplate\":\"https:\\\/\\\/www.revistarambla.com\\\/?s={search_term_string}\"},\"query-input\":{\"@type\":\"PropertyValueSpecification\",\"valueRequired\":true,\"valueName\":\"search_term_string\"}}],\"inLanguage\":\"en-GB\"},{\"@type\":\"Organization\",\"@id\":\"https:\\\/\\\/www.revistarambla.com\\\/#organization\",\"name\":\"Revista Rambla\",\"url\":\"https:\\\/\\\/www.revistarambla.com\\\/\",\"logo\":{\"@type\":\"ImageObject\",\"inLanguage\":\"en-GB\",\"@id\":\"https:\\\/\\\/www.revistarambla.com\\\/#\\\/schema\\\/logo\\\/image\\\/\",\"url\":\"https:\\\/\\\/www.revistarambla.com\\\/wp-content\\\/uploads\\\/2020\\\/09\\\/banner_rambla_1900x600_BB.png\",\"contentUrl\":\"https:\\\/\\\/www.revistarambla.com\\\/wp-content\\\/uploads\\\/2020\\\/09\\\/banner_rambla_1900x600_BB.png\",\"width\":1900,\"height\":600,\"caption\":\"Revista Rambla\"},\"image\":{\"@id\":\"https:\\\/\\\/www.revistarambla.com\\\/#\\\/schema\\\/logo\\\/image\\\/\"},\"sameAs\":[\"https:\\\/\\\/www.facebook.com\\\/revistarambla\\\/\",\"https:\\\/\\\/x.com\\\/revistarambla\",\"https:\\\/\\\/www.instagram.com\\\/revista_rambla\",\"https:\\\/\\\/es.linkedin.com\\\/company\\\/revista-rambla\"]},{\"@type\":\"Person\",\"@id\":\"https:\\\/\\\/www.revistarambla.com\\\/#\\\/schema\\\/person\\\/50127bec5551cbc1206e826637f48e65\",\"name\":\"CGT Barcelona\",\"description\":\"Federaci\u00f3n Local de Sindicatos de Barcelona. Organizaci\u00f3n anarcosindicalista: de clase, aut\u00f3noma, autogestionaria, federalista, internacionalista y libertaria.\",\"sameAs\":[\"https:\\\/\\\/www.cgtbarcelona.org\\\/\",\"https:\\\/\\\/www.facebook.com\\\/barcelona.cgt\",\"https:\\\/\\\/www.instagram.com\\\/cgtbarcelona\\\/\",\"https:\\\/\\\/x.com\\\/CGTBarcelona\"]}]}<\/script>\n<!-- \/ Yoast SEO plugin. -->","yoast_head_json":{"title":"Por la derogaci\u00f3n de las reformas laborales - Revista Rambla","robots":{"index":"index","follow":"follow","max-snippet":"max-snippet:-1","max-image-preview":"max-image-preview:large","max-video-preview":"max-video-preview:-1"},"canonical":"https:\/\/www.revistarambla.com\/en\/por-la-derogacion-de-las-reformas-laborales\/","og_locale":"en_GB","og_type":"article","og_title":"Por la derogaci\u00f3n de las reformas laborales - Revista Rambla","og_description":"La CGT se manifiesta ante la inspecci\u00f3n de trabajo de Barcelona y denuncia el aumento de la siniestralidad laboral","og_url":"https:\/\/www.revistarambla.com\/en\/por-la-derogacion-de-las-reformas-laborales\/","og_site_name":"Revista Rambla","article_publisher":"https:\/\/www.facebook.com\/revistarambla\/","article_author":"https:\/\/www.facebook.com\/barcelona.cgt","article_published_time":"2021-05-27T17:49:36+00:00","article_modified_time":"2022-11-17T11:43:40+00:00","og_image":[{"width":2048,"height":1536,"url":"https:\/\/www.revistarambla.com\/wp-content\/uploads\/2021\/05\/E2aHTC2XMAMt9nI.jpg","type":"image\/jpeg"}],"author":"CGT Barcelona","twitter_card":"summary_large_image","twitter_creator":"@CGTBarcelona","twitter_site":"@revistarambla","twitter_misc":{"Written by":"CGT Barcelona","Estimated reading time":"3 minutes"},"schema":{"@context":"https:\/\/schema.org","@graph":[{"@type":"Article","@id":"https:\/\/www.revistarambla.com\/por-la-derogacion-de-las-reformas-laborales\/#article","isPartOf":{"@id":"https:\/\/www.revistarambla.com\/por-la-derogacion-de-las-reformas-laborales\/"},"author":{"name":"CGT Barcelona","@id":"https:\/\/www.revistarambla.com\/#\/schema\/person\/50127bec5551cbc1206e826637f48e65"},"headline":"Por la derogaci\u00f3n de las reformas laborales","datePublished":"2021-05-27T17:49:36+00:00","dateModified":"2022-11-17T11:43:40+00:00","mainEntityOfPage":{"@id":"https:\/\/www.revistarambla.com\/por-la-derogacion-de-las-reformas-laborales\/"},"wordCount":604,"commentCount":0,"publisher":{"@id":"https:\/\/www.revistarambla.com\/#organization"},"image":{"@id":"https:\/\/www.revistarambla.com\/por-la-derogacion-de-las-reformas-laborales\/#primaryimage"},"thumbnailUrl":"https:\/\/www.revistarambla.com\/wp-content\/uploads\/2021\/05\/E2aHTC2XMAMt9nI.jpg","articleSection":["Opiniones"],"inLanguage":"en-GB","potentialAction":[{"@type":"CommentAction","name":"Comment","target":["https:\/\/www.revistarambla.com\/por-la-derogacion-de-las-reformas-laborales\/#respond"]}]},{"@type":"WebPage","@id":"https:\/\/www.revistarambla.com\/por-la-derogacion-de-las-reformas-laborales\/","url":"https:\/\/www.revistarambla.com\/por-la-derogacion-de-las-reformas-laborales\/","name":"Por la derogaci\u00f3n de las reformas laborales - Revista Rambla","isPartOf":{"@id":"https:\/\/www.revistarambla.com\/#website"},"primaryImageOfPage":{"@id":"https:\/\/www.revistarambla.com\/por-la-derogacion-de-las-reformas-laborales\/#primaryimage"},"image":{"@id":"https:\/\/www.revistarambla.com\/por-la-derogacion-de-las-reformas-laborales\/#primaryimage"},"thumbnailUrl":"https:\/\/www.revistarambla.com\/wp-content\/uploads\/2021\/05\/E2aHTC2XMAMt9nI.jpg","datePublished":"2021-05-27T17:49:36+00:00","dateModified":"2022-11-17T11:43:40+00:00","breadcrumb":{"@id":"https:\/\/www.revistarambla.com\/por-la-derogacion-de-las-reformas-laborales\/#breadcrumb"},"inLanguage":"en-GB","potentialAction":[{"@type":"ReadAction","target":["https:\/\/www.revistarambla.com\/por-la-derogacion-de-las-reformas-laborales\/"]}]},{"@type":"ImageObject","inLanguage":"en-GB","@id":"https:\/\/www.revistarambla.com\/por-la-derogacion-de-las-reformas-laborales\/#primaryimage","url":"https:\/\/www.revistarambla.com\/wp-content\/uploads\/2021\/05\/E2aHTC2XMAMt9nI.jpg","contentUrl":"https:\/\/www.revistarambla.com\/wp-content\/uploads\/2021\/05\/E2aHTC2XMAMt9nI.jpg","width":2048,"height":1536},{"@type":"BreadcrumbList","@id":"https:\/\/www.revistarambla.com\/por-la-derogacion-de-las-reformas-laborales\/#breadcrumb","itemListElement":[{"@type":"ListItem","position":1,"name":"Portada","item":"https:\/\/www.revistarambla.com\/"},{"@type":"ListItem","position":2,"name":"Por la derogaci\u00f3n de las reformas laborales"}]},{"@type":"WebSite","@id":"https:\/\/www.revistarambla.com\/#website","url":"https:\/\/www.revistarambla.com\/","name":"Revista Rambla Barcelona","description":"Periodismo independiente","publisher":{"@id":"https:\/\/www.revistarambla.com\/#organization"},"potentialAction":[{"@type":"SearchAction","target":{"@type":"EntryPoint","urlTemplate":"https:\/\/www.revistarambla.com\/?s={search_term_string}"},"query-input":{"@type":"PropertyValueSpecification","valueRequired":true,"valueName":"search_term_string"}}],"inLanguage":"en-GB"},{"@type":"Organization","@id":"https:\/\/www.revistarambla.com\/#organization","name":"Revista Rambla","url":"https:\/\/www.revistarambla.com\/","logo":{"@type":"ImageObject","inLanguage":"en-GB","@id":"https:\/\/www.revistarambla.com\/#\/schema\/logo\/image\/","url":"https:\/\/www.revistarambla.com\/wp-content\/uploads\/2020\/09\/banner_rambla_1900x600_BB.png","contentUrl":"https:\/\/www.revistarambla.com\/wp-content\/uploads\/2020\/09\/banner_rambla_1900x600_BB.png","width":1900,"height":600,"caption":"Revista Rambla"},"image":{"@id":"https:\/\/www.revistarambla.com\/#\/schema\/logo\/image\/"},"sameAs":["https:\/\/www.facebook.com\/revistarambla\/","https:\/\/x.com\/revistarambla","https:\/\/www.instagram.com\/revista_rambla","https:\/\/es.linkedin.com\/company\/revista-rambla"]},{"@type":"Person","@id":"https:\/\/www.revistarambla.com\/#\/schema\/person\/50127bec5551cbc1206e826637f48e65","name":"CGT Barcelona","description":"Federaci\u00f3n Local de Sindicatos de Barcelona. Organizaci\u00f3n anarcosindicalista: de clase, aut\u00f3noma, autogestionaria, federalista, internacionalista y libertaria.","sameAs":["https:\/\/www.cgtbarcelona.org\/","https:\/\/www.facebook.com\/barcelona.cgt","https:\/\/www.instagram.com\/cgtbarcelona\/","https:\/\/x.com\/CGTBarcelona"]}]}},"_links":{"self":[{"href":"https:\/\/www.revistarambla.com\/en\/wp-json\/wp\/v2\/posts\/32993","targetHints":{"allow":["GET"]}}],"collection":[{"href":"https:\/\/www.revistarambla.com\/en\/wp-json\/wp\/v2\/posts"}],"about":[{"href":"https:\/\/www.revistarambla.com\/en\/wp-json\/wp\/v2\/types\/post"}],"author":[{"embeddable":true,"href":"https:\/\/www.revistarambla.com\/en\/wp-json\/wp\/v2\/users\/327"}],"replies":[{"embeddable":true,"href":"https:\/\/www.revistarambla.com\/en\/wp-json\/wp\/v2\/comments?post=32993"}],"version-history":[{"count":1,"href":"https:\/\/www.revistarambla.com\/en\/wp-json\/wp\/v2\/posts\/32993\/revisions"}],"predecessor-version":[{"id":50898,"href":"https:\/\/www.revistarambla.com\/en\/wp-json\/wp\/v2\/posts\/32993\/revisions\/50898"}],"wp:featuredmedia":[{"embeddable":true,"href":"https:\/\/www.revistarambla.com\/en\/wp-json\/wp\/v2\/media\/32994"}],"wp:attachment":[{"href":"https:\/\/www.revistarambla.com\/en\/wp-json\/wp\/v2\/media?parent=32993"}],"wp:term":[{"taxonomy":"category","embeddable":true,"href":"https:\/\/www.revistarambla.com\/en\/wp-json\/wp\/v2\/categories?post=32993"},{"taxonomy":"post_tag","embeddable":true,"href":"https:\/\/www.revistarambla.com\/en\/wp-json\/wp\/v2\/tags?post=32993"}],"curies":[{"name":"wp","href":"https:\/\/api.w.org\/{rel}","templated":true}]}}