{"id":32989,"date":"2021-05-27T19:38:44","date_gmt":"2021-05-27T17:38:44","guid":{"rendered":"https:\/\/www.revistarambla.com\/?p=32989"},"modified":"2021-06-02T19:59:38","modified_gmt":"2021-06-02T17:59:38","slug":"ceuta-y-melilla","status":"publish","type":"post","link":"https:\/\/www.revistarambla.com\/en\/ceuta-y-melilla\/","title":{"rendered":"Ceuta y Melilla"},"content":{"rendered":"<p><img decoding=\"async\" class=\"aligncenter wp-image-32990\" src=\"https:\/\/www.revistarambla.com\/wp-content\/uploads\/2021\/05\/Ceuta-y-Melilla-ADENE-300x193.jpg\" alt=\"\" width=\"700\" height=\"450\" srcset=\"https:\/\/www.revistarambla.com\/wp-content\/uploads\/2021\/05\/Ceuta-y-Melilla-ADENE-300x193.jpg 300w, https:\/\/www.revistarambla.com\/wp-content\/uploads\/2021\/05\/Ceuta-y-Melilla-ADENE-768x493.jpg 768w, https:\/\/www.revistarambla.com\/wp-content\/uploads\/2021\/05\/Ceuta-y-Melilla-ADENE.jpg 800w\" sizes=\"(max-width: 700px) 100vw, 700px\" \/><\/p>\n<p><strong>Anne Derenne<\/strong>, ilustradora y dibujante francesa, que reside en Espa\u00f1a desde 2009, contin\u00faa con sus agudas observaciones de la escena mundial desde <a href=\"https:\/\/cartoonmovement.com\/cartoonist\/407\">este nuevo lugar<\/a>. Como parte de sus estudios, pas\u00f3 varios meses en Santiago de Chile en la comisi\u00f3n regional de la ONU, la CEPAL, antes de obtener un m\u00e1ster en econom\u00eda internacional. Ha desarrollado un talento art\u00edstico natural gracias a su formaci\u00f3n en dise\u00f1o tradicional y digital, pintura e ilustraci\u00f3n. Anne ha ganado varios premios por sus dibujos y su obra ha sido expuesta en Madrid, adem\u00e1s de aparecer en la red.<\/p>\n<p><a href=\"http:\/\/adene-editorialcartoon.blogspot.com\/\">http:\/\/adene-editorialcartoon.blogspot.com\/<\/a><\/p>\n<p>Twitter <a href=\"https:\/\/twitter.com\/Adenecartoon\">@adenecartoon<\/a><\/p>\n<p>Tambi\u00e9n trabaja como ilustradora infantil: <a href=\"http:\/\/illustrationannederenne.blogspot.com\">http:\/\/illustrationannederenne.blogspot.com<\/a><\/p>","protected":false},"excerpt":{"rendered":"<p>Anne Derenne, ilustradora y dibujante francesa, que reside en Espa\u00f1a desde 2009, contin\u00faa con sus agudas observaciones de la escena mundial desde este nuevo lugar. Como parte de sus estudios, pas\u00f3 varios meses en Santiago de Chile en la comisi\u00f3n regional de la ONU, la CEPAL, antes de obtener un [&hellip;]<\/p>\n","protected":false},"author":15,"featured_media":32990,"comment_status":"open","ping_status":"open","sticky":false,"template":"","format":"standard","meta":{"footnotes":""},"categories":[1579],"tags":[],"class_list":["post-32989","post","type-post","status-publish","format-standard","has-post-thumbnail","hentry","category-ilustraciones"],"yoast_head":"<!-- This site is optimized with the Yoast SEO plugin v27.5 - https:\/\/yoast.com\/product\/yoast-seo-wordpress\/ -->\n<title>Ceuta y Melilla - Revista Rambla<\/title>\n<meta name=\"robots\" content=\"index, follow, max-snippet:-1, max-image-preview:large, max-video-preview:-1\" \/>\n<link rel=\"canonical\" href=\"https:\/\/www.revistarambla.com\/en\/ceuta-y-melilla\/\" \/>\n<meta property=\"og:locale\" content=\"en_GB\" \/>\n<meta property=\"og:type\" content=\"article\" \/>\n<meta property=\"og:title\" content=\"Ceuta y Melilla - Revista Rambla\" \/>\n<meta property=\"og:description\" content=\"Anne Derenne, ilustradora y dibujante francesa, que reside en Espa\u00f1a desde 2009, contin\u00faa con sus agudas observaciones de la escena mundial desde este nuevo lugar. Como parte de sus estudios, pas\u00f3 varios meses en Santiago de Chile en la comisi\u00f3n regional de la ONU, la CEPAL, antes de obtener un [&hellip;]\" \/>\n<meta property=\"og:url\" content=\"https:\/\/www.revistarambla.com\/en\/ceuta-y-melilla\/\" \/>\n<meta property=\"og:site_name\" content=\"Revista Rambla\" \/>\n<meta property=\"article:publisher\" content=\"https:\/\/www.facebook.com\/revistarambla\/\" \/>\n<meta property=\"article:published_time\" content=\"2021-05-27T17:38:44+00:00\" \/>\n<meta property=\"article:modified_time\" content=\"2021-06-02T17:59:38+00:00\" \/>\n<meta property=\"og:image\" content=\"https:\/\/i0.wp.com\/www.revistarambla.com\/wp-content\/uploads\/2021\/05\/Ceuta-y-Melilla-ADENE.jpg?fit=800%2C514&ssl=1\" \/>\n\t<meta property=\"og:image:width\" content=\"800\" \/>\n\t<meta property=\"og:image:height\" content=\"514\" \/>\n\t<meta property=\"og:image:type\" content=\"image\/jpeg\" \/>\n<meta name=\"author\" content=\"Anne Derenne\" \/>\n<meta name=\"twitter:card\" content=\"summary_large_image\" \/>\n<meta name=\"twitter:creator\" content=\"@revistarambla\" \/>\n<meta name=\"twitter:site\" content=\"@revistarambla\" \/>\n<meta name=\"twitter:label1\" content=\"Written by\" \/>\n\t<meta name=\"twitter:data1\" content=\"Anne Derenne\" \/>\n\t<meta name=\"twitter:label2\" content=\"Estimated reading time\" \/>\n\t<meta name=\"twitter:data2\" content=\"1 minute\" \/>\n<script type=\"application\/ld+json\" class=\"yoast-schema-graph\">{\"@context\":\"https:\\\/\\\/schema.org\",\"@graph\":[{\"@type\":\"Article\",\"@id\":\"https:\\\/\\\/www.revistarambla.com\\\/ceuta-y-melilla\\\/#article\",\"isPartOf\":{\"@id\":\"https:\\\/\\\/www.revistarambla.com\\\/ceuta-y-melilla\\\/\"},\"author\":{\"name\":\"Anne Derenne\",\"@id\":\"https:\\\/\\\/www.revistarambla.com\\\/#\\\/schema\\\/person\\\/2b19179a8ace334b829ad72cc6e6ce97\"},\"headline\":\"Ceuta y Melilla\",\"datePublished\":\"2021-05-27T17:38:44+00:00\",\"dateModified\":\"2021-06-02T17:59:38+00:00\",\"mainEntityOfPage\":{\"@id\":\"https:\\\/\\\/www.revistarambla.com\\\/ceuta-y-melilla\\\/\"},\"wordCount\":122,\"commentCount\":0,\"publisher\":{\"@id\":\"https:\\\/\\\/www.revistarambla.com\\\/#organization\"},\"image\":{\"@id\":\"https:\\\/\\\/www.revistarambla.com\\\/ceuta-y-melilla\\\/#primaryimage\"},\"thumbnailUrl\":\"https:\\\/\\\/www.revistarambla.com\\\/wp-content\\\/uploads\\\/2021\\\/05\\\/Ceuta-y-Melilla-ADENE.jpg\",\"articleSection\":[\"Ilustraciones\"],\"inLanguage\":\"en-GB\",\"potentialAction\":[{\"@type\":\"CommentAction\",\"name\":\"Comment\",\"target\":[\"https:\\\/\\\/www.revistarambla.com\\\/ceuta-y-melilla\\\/#respond\"]}]},{\"@type\":\"WebPage\",\"@id\":\"https:\\\/\\\/www.revistarambla.com\\\/ceuta-y-melilla\\\/\",\"url\":\"https:\\\/\\\/www.revistarambla.com\\\/ceuta-y-melilla\\\/\",\"name\":\"Ceuta y Melilla - Revista Rambla\",\"isPartOf\":{\"@id\":\"https:\\\/\\\/www.revistarambla.com\\\/#website\"},\"primaryImageOfPage\":{\"@id\":\"https:\\\/\\\/www.revistarambla.com\\\/ceuta-y-melilla\\\/#primaryimage\"},\"image\":{\"@id\":\"https:\\\/\\\/www.revistarambla.com\\\/ceuta-y-melilla\\\/#primaryimage\"},\"thumbnailUrl\":\"https:\\\/\\\/www.revistarambla.com\\\/wp-content\\\/uploads\\\/2021\\\/05\\\/Ceuta-y-Melilla-ADENE.jpg\",\"datePublished\":\"2021-05-27T17:38:44+00:00\",\"dateModified\":\"2021-06-02T17:59:38+00:00\",\"breadcrumb\":{\"@id\":\"https:\\\/\\\/www.revistarambla.com\\\/ceuta-y-melilla\\\/#breadcrumb\"},\"inLanguage\":\"en-GB\",\"potentialAction\":[{\"@type\":\"ReadAction\",\"target\":[\"https:\\\/\\\/www.revistarambla.com\\\/ceuta-y-melilla\\\/\"]}]},{\"@type\":\"ImageObject\",\"inLanguage\":\"en-GB\",\"@id\":\"https:\\\/\\\/www.revistarambla.com\\\/ceuta-y-melilla\\\/#primaryimage\",\"url\":\"https:\\\/\\\/www.revistarambla.com\\\/wp-content\\\/uploads\\\/2021\\\/05\\\/Ceuta-y-Melilla-ADENE.jpg\",\"contentUrl\":\"https:\\\/\\\/www.revistarambla.com\\\/wp-content\\\/uploads\\\/2021\\\/05\\\/Ceuta-y-Melilla-ADENE.jpg\",\"width\":800,\"height\":514},{\"@type\":\"BreadcrumbList\",\"@id\":\"https:\\\/\\\/www.revistarambla.com\\\/ceuta-y-melilla\\\/#breadcrumb\",\"itemListElement\":[{\"@type\":\"ListItem\",\"position\":1,\"name\":\"Portada\",\"item\":\"https:\\\/\\\/www.revistarambla.com\\\/\"},{\"@type\":\"ListItem\",\"position\":2,\"name\":\"Ceuta y Melilla\"}]},{\"@type\":\"WebSite\",\"@id\":\"https:\\\/\\\/www.revistarambla.com\\\/#website\",\"url\":\"https:\\\/\\\/www.revistarambla.com\\\/\",\"name\":\"Revista Rambla Barcelona\",\"description\":\"Periodismo independiente\",\"publisher\":{\"@id\":\"https:\\\/\\\/www.revistarambla.com\\\/#organization\"},\"potentialAction\":[{\"@type\":\"SearchAction\",\"target\":{\"@type\":\"EntryPoint\",\"urlTemplate\":\"https:\\\/\\\/www.revistarambla.com\\\/?s={search_term_string}\"},\"query-input\":{\"@type\":\"PropertyValueSpecification\",\"valueRequired\":true,\"valueName\":\"search_term_string\"}}],\"inLanguage\":\"en-GB\"},{\"@type\":\"Organization\",\"@id\":\"https:\\\/\\\/www.revistarambla.com\\\/#organization\",\"name\":\"Revista Rambla\",\"url\":\"https:\\\/\\\/www.revistarambla.com\\\/\",\"logo\":{\"@type\":\"ImageObject\",\"inLanguage\":\"en-GB\",\"@id\":\"https:\\\/\\\/www.revistarambla.com\\\/#\\\/schema\\\/logo\\\/image\\\/\",\"url\":\"https:\\\/\\\/www.revistarambla.com\\\/wp-content\\\/uploads\\\/2020\\\/09\\\/banner_rambla_1900x600_BB.png\",\"contentUrl\":\"https:\\\/\\\/www.revistarambla.com\\\/wp-content\\\/uploads\\\/2020\\\/09\\\/banner_rambla_1900x600_BB.png\",\"width\":1900,\"height\":600,\"caption\":\"Revista Rambla\"},\"image\":{\"@id\":\"https:\\\/\\\/www.revistarambla.com\\\/#\\\/schema\\\/logo\\\/image\\\/\"},\"sameAs\":[\"https:\\\/\\\/www.facebook.com\\\/revistarambla\\\/\",\"https:\\\/\\\/x.com\\\/revistarambla\",\"https:\\\/\\\/www.instagram.com\\\/revista_rambla\",\"https:\\\/\\\/es.linkedin.com\\\/company\\\/revista-rambla\"]},{\"@type\":\"Person\",\"@id\":\"https:\\\/\\\/www.revistarambla.com\\\/#\\\/schema\\\/person\\\/2b19179a8ace334b829ad72cc6e6ce97\",\"name\":\"Anne Derenne\"}]}<\/script>\n<!-- \/ Yoast SEO plugin. -->","yoast_head_json":{"title":"Ceuta y Melilla - Revista Rambla","robots":{"index":"index","follow":"follow","max-snippet":"max-snippet:-1","max-image-preview":"max-image-preview:large","max-video-preview":"max-video-preview:-1"},"canonical":"https:\/\/www.revistarambla.com\/en\/ceuta-y-melilla\/","og_locale":"en_GB","og_type":"article","og_title":"Ceuta y Melilla - Revista Rambla","og_description":"Anne Derenne, ilustradora y dibujante francesa, que reside en Espa\u00f1a desde 2009, contin\u00faa con sus agudas observaciones de la escena mundial desde este nuevo lugar. Como parte de sus estudios, pas\u00f3 varios meses en Santiago de Chile en la comisi\u00f3n regional de la ONU, la CEPAL, antes de obtener un [&hellip;]","og_url":"https:\/\/www.revistarambla.com\/en\/ceuta-y-melilla\/","og_site_name":"Revista Rambla","article_publisher":"https:\/\/www.facebook.com\/revistarambla\/","article_published_time":"2021-05-27T17:38:44+00:00","article_modified_time":"2021-06-02T17:59:38+00:00","og_image":[{"width":800,"height":514,"url":"https:\/\/i0.wp.com\/www.revistarambla.com\/wp-content\/uploads\/2021\/05\/Ceuta-y-Melilla-ADENE.jpg?fit=800%2C514&ssl=1","type":"image\/jpeg"}],"author":"Anne Derenne","twitter_card":"summary_large_image","twitter_creator":"@revistarambla","twitter_site":"@revistarambla","twitter_misc":{"Written by":"Anne Derenne","Estimated reading time":"1 minute"},"schema":{"@context":"https:\/\/schema.org","@graph":[{"@type":"Article","@id":"https:\/\/www.revistarambla.com\/ceuta-y-melilla\/#article","isPartOf":{"@id":"https:\/\/www.revistarambla.com\/ceuta-y-melilla\/"},"author":{"name":"Anne Derenne","@id":"https:\/\/www.revistarambla.com\/#\/schema\/person\/2b19179a8ace334b829ad72cc6e6ce97"},"headline":"Ceuta y Melilla","datePublished":"2021-05-27T17:38:44+00:00","dateModified":"2021-06-02T17:59:38+00:00","mainEntityOfPage":{"@id":"https:\/\/www.revistarambla.com\/ceuta-y-melilla\/"},"wordCount":122,"commentCount":0,"publisher":{"@id":"https:\/\/www.revistarambla.com\/#organization"},"image":{"@id":"https:\/\/www.revistarambla.com\/ceuta-y-melilla\/#primaryimage"},"thumbnailUrl":"https:\/\/www.revistarambla.com\/wp-content\/uploads\/2021\/05\/Ceuta-y-Melilla-ADENE.jpg","articleSection":["Ilustraciones"],"inLanguage":"en-GB","potentialAction":[{"@type":"CommentAction","name":"Comment","target":["https:\/\/www.revistarambla.com\/ceuta-y-melilla\/#respond"]}]},{"@type":"WebPage","@id":"https:\/\/www.revistarambla.com\/ceuta-y-melilla\/","url":"https:\/\/www.revistarambla.com\/ceuta-y-melilla\/","name":"Ceuta y Melilla - Revista Rambla","isPartOf":{"@id":"https:\/\/www.revistarambla.com\/#website"},"primaryImageOfPage":{"@id":"https:\/\/www.revistarambla.com\/ceuta-y-melilla\/#primaryimage"},"image":{"@id":"https:\/\/www.revistarambla.com\/ceuta-y-melilla\/#primaryimage"},"thumbnailUrl":"https:\/\/www.revistarambla.com\/wp-content\/uploads\/2021\/05\/Ceuta-y-Melilla-ADENE.jpg","datePublished":"2021-05-27T17:38:44+00:00","dateModified":"2021-06-02T17:59:38+00:00","breadcrumb":{"@id":"https:\/\/www.revistarambla.com\/ceuta-y-melilla\/#breadcrumb"},"inLanguage":"en-GB","potentialAction":[{"@type":"ReadAction","target":["https:\/\/www.revistarambla.com\/ceuta-y-melilla\/"]}]},{"@type":"ImageObject","inLanguage":"en-GB","@id":"https:\/\/www.revistarambla.com\/ceuta-y-melilla\/#primaryimage","url":"https:\/\/www.revistarambla.com\/wp-content\/uploads\/2021\/05\/Ceuta-y-Melilla-ADENE.jpg","contentUrl":"https:\/\/www.revistarambla.com\/wp-content\/uploads\/2021\/05\/Ceuta-y-Melilla-ADENE.jpg","width":800,"height":514},{"@type":"BreadcrumbList","@id":"https:\/\/www.revistarambla.com\/ceuta-y-melilla\/#breadcrumb","itemListElement":[{"@type":"ListItem","position":1,"name":"Portada","item":"https:\/\/www.revistarambla.com\/"},{"@type":"ListItem","position":2,"name":"Ceuta y Melilla"}]},{"@type":"WebSite","@id":"https:\/\/www.revistarambla.com\/#website","url":"https:\/\/www.revistarambla.com\/","name":"Revista Rambla Barcelona","description":"Periodismo independiente","publisher":{"@id":"https:\/\/www.revistarambla.com\/#organization"},"potentialAction":[{"@type":"SearchAction","target":{"@type":"EntryPoint","urlTemplate":"https:\/\/www.revistarambla.com\/?s={search_term_string}"},"query-input":{"@type":"PropertyValueSpecification","valueRequired":true,"valueName":"search_term_string"}}],"inLanguage":"en-GB"},{"@type":"Organization","@id":"https:\/\/www.revistarambla.com\/#organization","name":"Revista Rambla","url":"https:\/\/www.revistarambla.com\/","logo":{"@type":"ImageObject","inLanguage":"en-GB","@id":"https:\/\/www.revistarambla.com\/#\/schema\/logo\/image\/","url":"https:\/\/www.revistarambla.com\/wp-content\/uploads\/2020\/09\/banner_rambla_1900x600_BB.png","contentUrl":"https:\/\/www.revistarambla.com\/wp-content\/uploads\/2020\/09\/banner_rambla_1900x600_BB.png","width":1900,"height":600,"caption":"Revista Rambla"},"image":{"@id":"https:\/\/www.revistarambla.com\/#\/schema\/logo\/image\/"},"sameAs":["https:\/\/www.facebook.com\/revistarambla\/","https:\/\/x.com\/revistarambla","https:\/\/www.instagram.com\/revista_rambla","https:\/\/es.linkedin.com\/company\/revista-rambla"]},{"@type":"Person","@id":"https:\/\/www.revistarambla.com\/#\/schema\/person\/2b19179a8ace334b829ad72cc6e6ce97","name":"Anne Derenne"}]}},"_links":{"self":[{"href":"https:\/\/www.revistarambla.com\/en\/wp-json\/wp\/v2\/posts\/32989","targetHints":{"allow":["GET"]}}],"collection":[{"href":"https:\/\/www.revistarambla.com\/en\/wp-json\/wp\/v2\/posts"}],"about":[{"href":"https:\/\/www.revistarambla.com\/en\/wp-json\/wp\/v2\/types\/post"}],"author":[{"embeddable":true,"href":"https:\/\/www.revistarambla.com\/en\/wp-json\/wp\/v2\/users\/15"}],"replies":[{"embeddable":true,"href":"https:\/\/www.revistarambla.com\/en\/wp-json\/wp\/v2\/comments?post=32989"}],"version-history":[{"count":0,"href":"https:\/\/www.revistarambla.com\/en\/wp-json\/wp\/v2\/posts\/32989\/revisions"}],"wp:featuredmedia":[{"embeddable":true,"href":"https:\/\/www.revistarambla.com\/en\/wp-json\/wp\/v2\/media\/32990"}],"wp:attachment":[{"href":"https:\/\/www.revistarambla.com\/en\/wp-json\/wp\/v2\/media?parent=32989"}],"wp:term":[{"taxonomy":"category","embeddable":true,"href":"https:\/\/www.revistarambla.com\/en\/wp-json\/wp\/v2\/categories?post=32989"},{"taxonomy":"post_tag","embeddable":true,"href":"https:\/\/www.revistarambla.com\/en\/wp-json\/wp\/v2\/tags?post=32989"}],"curies":[{"name":"wp","href":"https:\/\/api.w.org\/{rel}","templated":true}]}}