{"id":3268,"date":"2013-05-02T04:55:36","date_gmt":"2013-05-02T04:55:36","guid":{"rendered":"https:\/\/www.revistarambla.com\/una-multitud-sale-a-la-calle-el-1-de-mayo\/"},"modified":"2021-09-06T19:23:58","modified_gmt":"2021-09-06T17:23:58","slug":"una-multitud-sale-a-la-calle-el-1-de-mayo","status":"publish","type":"post","link":"https:\/\/www.revistarambla.com\/en\/una-multitud-sale-a-la-calle-el-1-de-mayo\/","title":{"rendered":"Una multitud sale a la calle el 1 de Mayo"},"content":{"rendered":"<p><img decoding=\"async\" class=\"aligncenter\" src=\"https:\/\/www.revistarambla.com\/wp-content\/uploads\/2013\/05\/mayo_01.jpg\" alt=\"alt\" width=\"682\" height=\"450\" \/><\/p>\n<p>En Barcelona, el d\u00eda 30 de Abril en las calles de la Vila de Gr\u00e0cia, los mozos de escuadra han hecho una demostraci\u00f3n de fuerza desproporcionada, \u00a0el motivo, una manifestaci\u00f3n en v\u00edsperas del Primero de Mayo convocada por la CUP, Adelante y ra\u00edz, con el lema \u00abContra la dictadura del euro, soberan\u00eda popular\u00bb.<\/p>\n<p>Un centenar de agentes antidisturbios y varias furgonetas de la polic\u00eda auton\u00f3mica y municipal han llegado a las calles c\u00e9ntricas de Gracia, haciendo formaciones y desfilando cerca de los manifestantes, todos ellos ataviados con caretas antig\u00e1s y por supuesto con las escopetas lanzapelotas de goma, tan criticadas por el Comit\u00e9 del Consejo de Europa para la Prevenci\u00f3n de la Tortura (CPT).<\/p>\n<p><img decoding=\"async\" class=\"aligncenter\" src=\"https:\/\/www.revistarambla.com\/wp-content\/uploads\/2013\/05\/mayo_02.jpg\" alt=\"alt\" width=\"700\" height=\"394\" \/><\/p>\n<p>Los transe\u00fantes y comerciantes asustados, se preguntaban que estaba pasando, alguno con sentido de humor comentaba \u201ces el desfile de Victoria, al final pasar\u00e1 el Mas bajo palio\u201c. La polic\u00eda ha hecho tambi\u00e9n una barrera protectora con decenas de agentes en la sede de Convergencia (CDC) en la calle C\u00f3rcega. Su presencia y el estilo de formaci\u00f3n que han representado ha sorprendido a los vecinos del barrio, que en algunos tramos han pitado los agentes. Es dif\u00edcil de entender este despliegue el d\u00eda antes del 1\u00ba de Mayo, podr\u00edamos pensar que nos advierten a los trabajadores que nos portemos bien, sino tendremos palos, pelotas de goma y gas.<\/p>\n<h3>Uno de Mayo<\/h3>\n<p>Barcelona vivi\u00f3 un 1 de mayo multitudinario que no se ve\u00eda des de hac\u00eda m\u00e1s de una d\u00e9cada. Un multitud de personas, m\u00e1s de 150000 seg\u00fan los organizadores, recorri\u00f3 el centro de la capital catalana reivindicando su consciencia de clase y las ganas de acabar con la actual de devastaci\u00f3n que est\u00e1 generando la patronal de este pa\u00eds, a base de rebajas salariales, destrucci\u00f3n masiva de ocupaci\u00f3n y un saque sistem\u00e1tico de las arcas p\u00fablicas que repercute negativamente en los servicios p\u00fablicos.<\/p>\n<p>A mediod\u00eda empez\u00f3 a andar la cabecera de la manifestaci\u00f3n principal convocada por CCOO y UGT bajo el lema Se lo quieren cargar todo. Detr\u00e1s ven\u00edan decenas de miles de personas coreando consignas obreras y algunas de anticapitalistas como Contra el capital huelga general. A parte de los grandes sindicatos tambi\u00e9n se sumaron a la manifestaci\u00f3n diversos partidos pol\u00edticos como ERC, ICV, EUiA o el PCPC y diversos comit\u00e9s de empresas donde los y las trabajadoras est\u00e1n en pie de guerra para defender mejoras en sus condiciones laborales.<\/p>\n<p>Las grandes federaciones sindicales de ramas como la del metal o construcci\u00f3n y las sectoriales diversas se han unido a las empresas que sufren procesos de reducci\u00f3n de personal para mostrar el malestar de la gente que sufre las consecuencias de los recortes sociales. Adem\u00e1s, muchos ciudadanos no encuadrados en ninguna organizaci\u00f3n hac\u00edan p\u00fablica su mala leche con carteles personales hechos a mano: \u00abA la mierda la troika\u00bb, \u00abmenos chorizos y m\u00e1s huevos\u00bb o \u00ablos bandoleros no est\u00e1n en la monta\u00f1a, est\u00e1n entre los pol\u00edticos y los banqueros \u00ab. Unos y otros llenaban la Via Laietana de Barcelona de punta a punta.<\/p>\n<p>Este a\u00f1o a la reclamaci\u00f3n de detener los recortes y, con ellas, las reducciones de derechos salariales, se le ha a\u00f1adido la critica la degradaci\u00f3n de las condiciones de trabajo que se derivar\u00e1 de la no renovaci\u00f3n de los convenios colectivos, a partir de julio. Pero la principal llamada de los dos sindicatos ha sido la que instaba a la Generalitat a dar marcha atr\u00e1s con los recortes y, con ello, devolver a la poblaci\u00f3n los derechos sociales perdidos durante los \u00faltimos a\u00f1os de crisis.<\/p>\n<p>Por primera vez en la manifestaci\u00f3n del 1 de mayo la presencia de los Comit\u00e9s de Unidad Obrera (CUO), asambleas de trabajadores que se organizan en los centros de trabajo independientemente de las siglas sindicales de sus miembros y que, evitando el fraccionamiento sindical, tratan de luchar conjuntamente para defenderse de los ataques de la patronal.<\/p>\n<p>Josep Maria \u00c1lvarez, secretario general de UGT, antes de iniciar la manifestaci\u00f3n ha declarado: \u00abla pr\u00f3xima semana nos reuniremos con CCOO para planificar una acci\u00f3n general que se podr\u00eda hacer en julio\u00bb. Esta fecha es la que los sindicatos consideran que marcar\u00e1 la posibilidad de renovar convenios colectivos o que su vigencia decaiga y se pierdan los derechos hist\u00f3ricos que incluyen estos acuerdos.<\/p>\n<p>El secretario general de CCOO, Joan Carles Gallego, ha considerado que la pol\u00edtica de austeridad tiene como objetivo que los poderes econ\u00f3micos incrementen su tasa de ganancias y acumular m\u00e1s poder y riqueza en pocas manos y en perjuicio de la mayor\u00eda.<\/p>\n<p>Gallego ha abogado por \u00absaltarse las ley de estabilidad financiera y trabajar para incrementar ingresos con una reforma fiscal integral y profunda\u00bb. Igualmente \u00c1lvarez ha apostado por obviar los l\u00edmites de austeridad impuestos por el gobierno central a la Generalitat y ha llamado a hacerles frente elaborando los presupuestos que necesitan en Catalu\u00f1a.<\/p>\n<p>El secretario general de UGT ha hecho un link en su intervenci\u00f3n relacionando las pol\u00edticas que reducen los derechos laborales con la situaci\u00f3n que se ha dado en Bangladesh recientemente, donde m\u00e1s de 300 personas han muerto bajo los escombros de una f\u00e1brica.<\/p>\n<p>Los l\u00edderes de UGT y CCOO, en sus respectivos discursos, se han referido tambi\u00e9n al proceso pol\u00edtico iniciado en Catalu\u00f1a en torno al derecho a decidir. Ambos se han mostrado favorables a la consulta, pero Gallego ha dejado claro que \u00aben Catalu\u00f1a los derechos sociales y nacionales deben avanzar en paralelo\u00bb.<\/p>\n<p>Adem\u00e1s de las organizaciones sindicales, los partidos de izquierdas han movilizado afiliados y dirigentes. ICV-EUA ha participado con grupo propio con Joan Josep Nuet, Jordi Guillot, David Companyon y Enrique Gom\u00e1, entre otros. El PSC tambi\u00e9n ten\u00eda cortejo propio con su primer secretario, Pere Navarro, y el ex delegado del gobierno central en Catalu\u00f1a, Joan Rangel. ERC aunque se ha adherido a la marcha no ten\u00eda grupo diferencial, aunque se manifest\u00f3 ante la delegaci\u00f3n del Gobierno central en Barcelona<\/p>\n<h3>Marchas en otras ciudades<\/h3>\n<p>A la manifestaci\u00f3n\u00a0convocada en Girona por CCOO y UGT\u00a0han acudido 3.000 personas, seg\u00fan los organizadores. A la de Lleida, 4.000 personas, seg\u00fan los sindicatos, y 1.500 seg\u00fan la Guardia Urbana. Tambi\u00e9n ha habido marchas por la ma\u00f1ana en Tortosa y Seu d&#8217;Urgell.\u00a0El inicio de\u00a0la de Tarragona est\u00e1 prevista para las 18.30 horas en la plaza Imperial Tarraco.<\/p>\n<p>El sindicato USOC tambi\u00e9n ha convocado a manifestarse en Barcelona\u00a0y en Tortosa en los mismos puntos de encuentro, con el lema &#8216;Sal a la calle, defiende tus derechos&#8217; para reclamar tambi\u00e9n un cambio en las pol\u00edticas de recortes y austeridad.<\/p>\n<p>La CGT ha convocado una manifestaci\u00f3n alternativa en Barcelona con el lema &#8216;Por el reparto de la riqueza; autogesti\u00f3n; basta de represi\u00f3n&#8217;, que parte de Jaume I con Via Laietana y avanza hasta Pla de Palau.<\/p>\n<p>Por la tarde se realiz\u00f3 una manifestaci\u00f3n alternativa a los grandes sindicatos convocada por la Plataforma Laboral i de Suport Mutu 15-M bajo el lema Ni UE ni capitalisme: poder popular. La marcha, que congreg\u00f3 unas 7000 personas, arranc\u00f3 a las 18:30 des de la plaza Pa\u00efsos Catalans, pas\u00f3 por delante de la sede del PP y termin\u00f3 en el cruce de la calle C\u00f2rsega y Passeig de Gr\u00e0cia, cerca de la sede de CDC.<\/p>","protected":false},"excerpt":{"rendered":"<p>En Barcelona, el d\u00eda 30 de Abril en las calles de la Vila de Gr\u00e0cia, los mozos de escuadra han hecho una demostraci\u00f3n de fuerza desproporcionada, \u00a0el motivo, una manifestaci\u00f3n en v\u00edsperas del Primero de Mayo convocada por la CUP, Adelante y ra\u00edz, con el lema \u00abContra la dictadura del [&hellip;]<\/p>\n","protected":false},"author":1,"featured_media":0,"comment_status":"open","ping_status":"open","sticky":false,"template":"","format":"standard","meta":{"footnotes":""},"categories":[3,76],"tags":[],"class_list":["post-3268","post","type-post","status-publish","format-standard","hentry","category-actualidad","category-barcelona"],"yoast_head":"<!-- This site is optimized with the Yoast SEO plugin v27.5 - https:\/\/yoast.com\/product\/yoast-seo-wordpress\/ -->\n<title>Una multitud sale a la calle el 1 de Mayo - Revista Rambla<\/title>\n<meta name=\"robots\" content=\"index, follow, max-snippet:-1, max-image-preview:large, max-video-preview:-1\" \/>\n<link rel=\"canonical\" href=\"https:\/\/www.revistarambla.com\/en\/una-multitud-sale-a-la-calle-el-1-de-mayo\/\" \/>\n<meta property=\"og:locale\" content=\"en_GB\" \/>\n<meta property=\"og:type\" content=\"article\" \/>\n<meta property=\"og:title\" content=\"Una multitud sale a la calle el 1 de Mayo - Revista Rambla\" \/>\n<meta property=\"og:description\" content=\"En Barcelona, el d\u00eda 30 de Abril en las calles de la Vila de Gr\u00e0cia, los mozos de escuadra han hecho una demostraci\u00f3n de fuerza desproporcionada, \u00a0el motivo, una manifestaci\u00f3n en v\u00edsperas del Primero de Mayo convocada por la CUP, Adelante y ra\u00edz, con el lema \u00abContra la dictadura del [&hellip;]\" \/>\n<meta property=\"og:url\" content=\"https:\/\/www.revistarambla.com\/en\/una-multitud-sale-a-la-calle-el-1-de-mayo\/\" \/>\n<meta property=\"og:site_name\" content=\"Revista Rambla\" \/>\n<meta property=\"article:publisher\" content=\"https:\/\/www.facebook.com\/revistarambla\/\" \/>\n<meta property=\"article:published_time\" content=\"2013-05-02T04:55:36+00:00\" \/>\n<meta property=\"article:modified_time\" content=\"2021-09-06T17:23:58+00:00\" \/>\n<meta property=\"og:image\" content=\"https:\/\/i0.wp.com\/www.revistarambla.com\/wp-content\/uploads\/2013\/05\/mayo_01.jpg?fit=682%2C450&ssl=1\" \/>\n\t<meta property=\"og:image:width\" content=\"682\" \/>\n\t<meta property=\"og:image:height\" content=\"450\" \/>\n\t<meta property=\"og:image:type\" content=\"image\/jpeg\" \/>\n<meta name=\"author\" content=\"Ferran Peris&nbsp;y&nbsp;Francesc Sans Duch\" \/>\n<meta name=\"twitter:card\" content=\"summary_large_image\" \/>\n<meta name=\"twitter:creator\" content=\"@revistarambla\" \/>\n<meta name=\"twitter:site\" content=\"@revistarambla\" \/>\n<meta name=\"twitter:label1\" content=\"Written by\" \/>\n\t<meta name=\"twitter:data1\" content=\"Ferran Peris&nbsp;y&nbsp;Francesc Sans Duch\" \/>\n\t<meta name=\"twitter:label2\" content=\"Estimated reading time\" \/>\n\t<meta name=\"twitter:data2\" content=\"6 minutes\" \/>\n<script type=\"application\/ld+json\" class=\"yoast-schema-graph\">{\"@context\":\"https:\\\/\\\/schema.org\",\"@graph\":[{\"@type\":\"Article\",\"@id\":\"https:\\\/\\\/www.revistarambla.com\\\/una-multitud-sale-a-la-calle-el-1-de-mayo\\\/#article\",\"isPartOf\":{\"@id\":\"https:\\\/\\\/www.revistarambla.com\\\/una-multitud-sale-a-la-calle-el-1-de-mayo\\\/\"},\"author\":{\"name\":\"Ferran Peris&nbsp;y&nbsp;Francesc Sans Duch\",\"@id\":\"https:\\\/\\\/www.revistarambla.com\\\/#\\\/schema\\\/person\\\/4a5652fc8c82df1f8593002d038cd79e\"},\"headline\":\"Una multitud sale a la calle el 1 de Mayo\",\"datePublished\":\"2013-05-02T04:55:36+00:00\",\"dateModified\":\"2021-09-06T17:23:58+00:00\",\"mainEntityOfPage\":{\"@id\":\"https:\\\/\\\/www.revistarambla.com\\\/una-multitud-sale-a-la-calle-el-1-de-mayo\\\/\"},\"wordCount\":1289,\"commentCount\":0,\"publisher\":{\"@id\":\"https:\\\/\\\/www.revistarambla.com\\\/#organization\"},\"image\":{\"@id\":\"https:\\\/\\\/www.revistarambla.com\\\/una-multitud-sale-a-la-calle-el-1-de-mayo\\\/#primaryimage\"},\"thumbnailUrl\":\"https:\\\/\\\/www.revistarambla.com\\\/wp-content\\\/uploads\\\/2013\\\/05\\\/mayo_01.jpg\",\"articleSection\":[\"Actualidad\",\"Barcelona\"],\"inLanguage\":\"en-GB\",\"potentialAction\":[{\"@type\":\"CommentAction\",\"name\":\"Comment\",\"target\":[\"https:\\\/\\\/www.revistarambla.com\\\/una-multitud-sale-a-la-calle-el-1-de-mayo\\\/#respond\"]}]},{\"@type\":\"WebPage\",\"@id\":\"https:\\\/\\\/www.revistarambla.com\\\/una-multitud-sale-a-la-calle-el-1-de-mayo\\\/\",\"url\":\"https:\\\/\\\/www.revistarambla.com\\\/una-multitud-sale-a-la-calle-el-1-de-mayo\\\/\",\"name\":\"Una multitud sale a la calle el 1 de Mayo - Revista Rambla\",\"isPartOf\":{\"@id\":\"https:\\\/\\\/www.revistarambla.com\\\/#website\"},\"primaryImageOfPage\":{\"@id\":\"https:\\\/\\\/www.revistarambla.com\\\/una-multitud-sale-a-la-calle-el-1-de-mayo\\\/#primaryimage\"},\"image\":{\"@id\":\"https:\\\/\\\/www.revistarambla.com\\\/una-multitud-sale-a-la-calle-el-1-de-mayo\\\/#primaryimage\"},\"thumbnailUrl\":\"https:\\\/\\\/www.revistarambla.com\\\/wp-content\\\/uploads\\\/2013\\\/05\\\/mayo_01.jpg\",\"datePublished\":\"2013-05-02T04:55:36+00:00\",\"dateModified\":\"2021-09-06T17:23:58+00:00\",\"breadcrumb\":{\"@id\":\"https:\\\/\\\/www.revistarambla.com\\\/una-multitud-sale-a-la-calle-el-1-de-mayo\\\/#breadcrumb\"},\"inLanguage\":\"en-GB\",\"potentialAction\":[{\"@type\":\"ReadAction\",\"target\":[\"https:\\\/\\\/www.revistarambla.com\\\/una-multitud-sale-a-la-calle-el-1-de-mayo\\\/\"]}]},{\"@type\":\"ImageObject\",\"inLanguage\":\"en-GB\",\"@id\":\"https:\\\/\\\/www.revistarambla.com\\\/una-multitud-sale-a-la-calle-el-1-de-mayo\\\/#primaryimage\",\"url\":\"https:\\\/\\\/www.revistarambla.com\\\/wp-content\\\/uploads\\\/2013\\\/05\\\/mayo_01.jpg\",\"contentUrl\":\"https:\\\/\\\/www.revistarambla.com\\\/wp-content\\\/uploads\\\/2013\\\/05\\\/mayo_01.jpg\"},{\"@type\":\"BreadcrumbList\",\"@id\":\"https:\\\/\\\/www.revistarambla.com\\\/una-multitud-sale-a-la-calle-el-1-de-mayo\\\/#breadcrumb\",\"itemListElement\":[{\"@type\":\"ListItem\",\"position\":1,\"name\":\"Portada\",\"item\":\"https:\\\/\\\/www.revistarambla.com\\\/\"},{\"@type\":\"ListItem\",\"position\":2,\"name\":\"Una multitud sale a la calle el 1 de Mayo\"}]},{\"@type\":\"WebSite\",\"@id\":\"https:\\\/\\\/www.revistarambla.com\\\/#website\",\"url\":\"https:\\\/\\\/www.revistarambla.com\\\/\",\"name\":\"Revista Rambla Barcelona\",\"description\":\"Periodismo independiente\",\"publisher\":{\"@id\":\"https:\\\/\\\/www.revistarambla.com\\\/#organization\"},\"potentialAction\":[{\"@type\":\"SearchAction\",\"target\":{\"@type\":\"EntryPoint\",\"urlTemplate\":\"https:\\\/\\\/www.revistarambla.com\\\/?s={search_term_string}\"},\"query-input\":{\"@type\":\"PropertyValueSpecification\",\"valueRequired\":true,\"valueName\":\"search_term_string\"}}],\"inLanguage\":\"en-GB\"},{\"@type\":\"Organization\",\"@id\":\"https:\\\/\\\/www.revistarambla.com\\\/#organization\",\"name\":\"Revista Rambla\",\"url\":\"https:\\\/\\\/www.revistarambla.com\\\/\",\"logo\":{\"@type\":\"ImageObject\",\"inLanguage\":\"en-GB\",\"@id\":\"https:\\\/\\\/www.revistarambla.com\\\/#\\\/schema\\\/logo\\\/image\\\/\",\"url\":\"https:\\\/\\\/www.revistarambla.com\\\/wp-content\\\/uploads\\\/2020\\\/09\\\/banner_rambla_1900x600_BB.png\",\"contentUrl\":\"https:\\\/\\\/www.revistarambla.com\\\/wp-content\\\/uploads\\\/2020\\\/09\\\/banner_rambla_1900x600_BB.png\",\"width\":1900,\"height\":600,\"caption\":\"Revista Rambla\"},\"image\":{\"@id\":\"https:\\\/\\\/www.revistarambla.com\\\/#\\\/schema\\\/logo\\\/image\\\/\"},\"sameAs\":[\"https:\\\/\\\/www.facebook.com\\\/revistarambla\\\/\",\"https:\\\/\\\/x.com\\\/revistarambla\",\"https:\\\/\\\/www.instagram.com\\\/revista_rambla\",\"https:\\\/\\\/es.linkedin.com\\\/company\\\/revista-rambla\"]},[{\"@type\":[\"Person\"],\"@id\":\"https:\\\/\\\/www.revistarambla.com\\\/#\\\/schema\\\/person\\\/4a5652fc8c82df1f8593002d038cd79e\",\"name\":\"Ferran Peris\",\"image\":{\"@type\":\"ImageObject\",\"@id\":\"\",\"inLanguage\":\"en_GB\",\"url\":\"https:\\\/\\\/www.revistarambla.com\\\/wp-content\\\/litespeed\\\/avatar\\\/e0de3cb86f30117e120eb135706c3bfb.jpg?ver=1777318223\",\"caption\":\"Ferran Peris\"}},{\"@type\":[\"Person\"],\"@id\":\"https:\\\/\\\/www.revistarambla.com\\\/#\\\/schema\\\/person\\\/4a5652fc8c82df1f8593002d038cd79e\",\"name\":\"Francesc Sans Duch\",\"image\":{\"@type\":\"ImageObject\",\"@id\":\"\",\"inLanguage\":\"en_GB\",\"url\":\"https:\\\/\\\/www.revistarambla.com\\\/wp-content\\\/uploads\\\/2016\\\/05\\\/FS_Big-e1563293274694.jpg\",\"caption\":\"Francesc Sans Duch\"}}]]}<\/script>\n<!-- \/ Yoast SEO plugin. -->","yoast_head_json":{"title":"Una multitud sale a la calle el 1 de Mayo - Revista Rambla","robots":{"index":"index","follow":"follow","max-snippet":"max-snippet:-1","max-image-preview":"max-image-preview:large","max-video-preview":"max-video-preview:-1"},"canonical":"https:\/\/www.revistarambla.com\/en\/una-multitud-sale-a-la-calle-el-1-de-mayo\/","og_locale":"en_GB","og_type":"article","og_title":"Una multitud sale a la calle el 1 de Mayo - Revista Rambla","og_description":"En Barcelona, el d\u00eda 30 de Abril en las calles de la Vila de Gr\u00e0cia, los mozos de escuadra han hecho una demostraci\u00f3n de fuerza desproporcionada, \u00a0el motivo, una manifestaci\u00f3n en v\u00edsperas del Primero de Mayo convocada por la CUP, Adelante y ra\u00edz, con el lema \u00abContra la dictadura del [&hellip;]","og_url":"https:\/\/www.revistarambla.com\/en\/una-multitud-sale-a-la-calle-el-1-de-mayo\/","og_site_name":"Revista Rambla","article_publisher":"https:\/\/www.facebook.com\/revistarambla\/","article_published_time":"2013-05-02T04:55:36+00:00","article_modified_time":"2021-09-06T17:23:58+00:00","og_image":[{"width":682,"height":450,"url":"https:\/\/i0.wp.com\/www.revistarambla.com\/wp-content\/uploads\/2013\/05\/mayo_01.jpg?fit=682%2C450&ssl=1","type":"image\/jpeg"}],"author":"Ferran Peris&nbsp;y&nbsp;Francesc Sans Duch","twitter_card":"summary_large_image","twitter_creator":"@revistarambla","twitter_site":"@revistarambla","twitter_misc":{"Written by":"Ferran Peris&nbsp;y&nbsp;Francesc Sans Duch","Estimated reading time":"6 minutes"},"schema":{"@context":"https:\/\/schema.org","@graph":[{"@type":"Article","@id":"https:\/\/www.revistarambla.com\/una-multitud-sale-a-la-calle-el-1-de-mayo\/#article","isPartOf":{"@id":"https:\/\/www.revistarambla.com\/una-multitud-sale-a-la-calle-el-1-de-mayo\/"},"author":{"name":"Ferran Peris&nbsp;y&nbsp;Francesc Sans Duch","@id":"https:\/\/www.revistarambla.com\/#\/schema\/person\/4a5652fc8c82df1f8593002d038cd79e"},"headline":"Una multitud sale a la calle el 1 de Mayo","datePublished":"2013-05-02T04:55:36+00:00","dateModified":"2021-09-06T17:23:58+00:00","mainEntityOfPage":{"@id":"https:\/\/www.revistarambla.com\/una-multitud-sale-a-la-calle-el-1-de-mayo\/"},"wordCount":1289,"commentCount":0,"publisher":{"@id":"https:\/\/www.revistarambla.com\/#organization"},"image":{"@id":"https:\/\/www.revistarambla.com\/una-multitud-sale-a-la-calle-el-1-de-mayo\/#primaryimage"},"thumbnailUrl":"https:\/\/www.revistarambla.com\/wp-content\/uploads\/2013\/05\/mayo_01.jpg","articleSection":["Actualidad","Barcelona"],"inLanguage":"en-GB","potentialAction":[{"@type":"CommentAction","name":"Comment","target":["https:\/\/www.revistarambla.com\/una-multitud-sale-a-la-calle-el-1-de-mayo\/#respond"]}]},{"@type":"WebPage","@id":"https:\/\/www.revistarambla.com\/una-multitud-sale-a-la-calle-el-1-de-mayo\/","url":"https:\/\/www.revistarambla.com\/una-multitud-sale-a-la-calle-el-1-de-mayo\/","name":"Una multitud sale a la calle el 1 de Mayo - Revista Rambla","isPartOf":{"@id":"https:\/\/www.revistarambla.com\/#website"},"primaryImageOfPage":{"@id":"https:\/\/www.revistarambla.com\/una-multitud-sale-a-la-calle-el-1-de-mayo\/#primaryimage"},"image":{"@id":"https:\/\/www.revistarambla.com\/una-multitud-sale-a-la-calle-el-1-de-mayo\/#primaryimage"},"thumbnailUrl":"https:\/\/www.revistarambla.com\/wp-content\/uploads\/2013\/05\/mayo_01.jpg","datePublished":"2013-05-02T04:55:36+00:00","dateModified":"2021-09-06T17:23:58+00:00","breadcrumb":{"@id":"https:\/\/www.revistarambla.com\/una-multitud-sale-a-la-calle-el-1-de-mayo\/#breadcrumb"},"inLanguage":"en-GB","potentialAction":[{"@type":"ReadAction","target":["https:\/\/www.revistarambla.com\/una-multitud-sale-a-la-calle-el-1-de-mayo\/"]}]},{"@type":"ImageObject","inLanguage":"en-GB","@id":"https:\/\/www.revistarambla.com\/una-multitud-sale-a-la-calle-el-1-de-mayo\/#primaryimage","url":"https:\/\/www.revistarambla.com\/wp-content\/uploads\/2013\/05\/mayo_01.jpg","contentUrl":"https:\/\/www.revistarambla.com\/wp-content\/uploads\/2013\/05\/mayo_01.jpg"},{"@type":"BreadcrumbList","@id":"https:\/\/www.revistarambla.com\/una-multitud-sale-a-la-calle-el-1-de-mayo\/#breadcrumb","itemListElement":[{"@type":"ListItem","position":1,"name":"Portada","item":"https:\/\/www.revistarambla.com\/"},{"@type":"ListItem","position":2,"name":"Una multitud sale a la calle el 1 de Mayo"}]},{"@type":"WebSite","@id":"https:\/\/www.revistarambla.com\/#website","url":"https:\/\/www.revistarambla.com\/","name":"Revista Rambla Barcelona","description":"Periodismo independiente","publisher":{"@id":"https:\/\/www.revistarambla.com\/#organization"},"potentialAction":[{"@type":"SearchAction","target":{"@type":"EntryPoint","urlTemplate":"https:\/\/www.revistarambla.com\/?s={search_term_string}"},"query-input":{"@type":"PropertyValueSpecification","valueRequired":true,"valueName":"search_term_string"}}],"inLanguage":"en-GB"},{"@type":"Organization","@id":"https:\/\/www.revistarambla.com\/#organization","name":"Revista Rambla","url":"https:\/\/www.revistarambla.com\/","logo":{"@type":"ImageObject","inLanguage":"en-GB","@id":"https:\/\/www.revistarambla.com\/#\/schema\/logo\/image\/","url":"https:\/\/www.revistarambla.com\/wp-content\/uploads\/2020\/09\/banner_rambla_1900x600_BB.png","contentUrl":"https:\/\/www.revistarambla.com\/wp-content\/uploads\/2020\/09\/banner_rambla_1900x600_BB.png","width":1900,"height":600,"caption":"Revista Rambla"},"image":{"@id":"https:\/\/www.revistarambla.com\/#\/schema\/logo\/image\/"},"sameAs":["https:\/\/www.facebook.com\/revistarambla\/","https:\/\/x.com\/revistarambla","https:\/\/www.instagram.com\/revista_rambla","https:\/\/es.linkedin.com\/company\/revista-rambla"]},[{"@type":["Person"],"@id":"https:\/\/www.revistarambla.com\/#\/schema\/person\/4a5652fc8c82df1f8593002d038cd79e","name":"Ferran Peris","image":{"@type":"ImageObject","@id":"","inLanguage":"en_GB","url":"https:\/\/www.revistarambla.com\/wp-content\/litespeed\/avatar\/e0de3cb86f30117e120eb135706c3bfb.jpg?ver=1777318223","caption":"Ferran Peris"}},{"@type":["Person"],"@id":"https:\/\/www.revistarambla.com\/#\/schema\/person\/4a5652fc8c82df1f8593002d038cd79e","name":"Francesc Sans Duch","image":{"@type":"ImageObject","@id":"","inLanguage":"en_GB","url":"https:\/\/www.revistarambla.com\/wp-content\/uploads\/2016\/05\/FS_Big-e1563293274694.jpg","caption":"Francesc Sans Duch"}}]]}},"_links":{"self":[{"href":"https:\/\/www.revistarambla.com\/en\/wp-json\/wp\/v2\/posts\/3268","targetHints":{"allow":["GET"]}}],"collection":[{"href":"https:\/\/www.revistarambla.com\/en\/wp-json\/wp\/v2\/posts"}],"about":[{"href":"https:\/\/www.revistarambla.com\/en\/wp-json\/wp\/v2\/types\/post"}],"author":[{"embeddable":true,"href":"https:\/\/www.revistarambla.com\/en\/wp-json\/wp\/v2\/users\/1"}],"replies":[{"embeddable":true,"href":"https:\/\/www.revistarambla.com\/en\/wp-json\/wp\/v2\/comments?post=3268"}],"version-history":[{"count":0,"href":"https:\/\/www.revistarambla.com\/en\/wp-json\/wp\/v2\/posts\/3268\/revisions"}],"wp:attachment":[{"href":"https:\/\/www.revistarambla.com\/en\/wp-json\/wp\/v2\/media?parent=3268"}],"wp:term":[{"taxonomy":"category","embeddable":true,"href":"https:\/\/www.revistarambla.com\/en\/wp-json\/wp\/v2\/categories?post=3268"},{"taxonomy":"post_tag","embeddable":true,"href":"https:\/\/www.revistarambla.com\/en\/wp-json\/wp\/v2\/tags?post=3268"}],"curies":[{"name":"wp","href":"https:\/\/api.w.org\/{rel}","templated":true}]}}