{"id":3260,"date":"2013-04-29T10:06:02","date_gmt":"2013-04-29T10:06:02","guid":{"rendered":"https:\/\/www.revistarambla.com\/en-el-dia-del-libro-shakespeares-y-st-georges-texto-y-fotos-iraide-n-zubillaga\/"},"modified":"2021-08-10T18:57:59","modified_gmt":"2021-08-10T16:57:59","slug":"en-el-dia-del-libro-shakespeares-y-st-georges-texto-y-fotos-iraide-n-zubillaga","status":"publish","type":"post","link":"https:\/\/www.revistarambla.com\/en\/en-el-dia-del-libro-shakespeares-y-st-georges-texto-y-fotos-iraide-n-zubillaga\/","title":{"rendered":"En el d\u00eda del libro: Shakespeare y St. George"},"content":{"rendered":"<p><img decoding=\"async\" class=\"aligncenter\" src=\"https:\/\/www.revistarambla.com\/wp-content\/uploads\/2013\/04\/foto_01.jpg\" alt=\"alt\" width=\"682\" height=\"450\" \/><\/p>\n<p>El 23 de abril significa tanto para muchos que nunca pasar\u00e1 desapercibido. Cuentan que el embriagante y m\u00e1s grande poeta brit\u00e1nico Shakespeare muri\u00f3 ese d\u00eda junto con otros cuantos de su talla que llegaron al mundo o fallecieron en la misma data. Cervantes, Inca Garcilaso de la Vega, el franc\u00e9s Maurice Druon, el Premio Nobel de Literatura Haldor K. Laxness, Vladimir Vladimirovich Nabokov, el rom\u00e1ntico William Wordsworth, Manuel Mej\u00eda Vallejo y el periodista catal\u00e1n Josep Pla podr\u00edan ser aquellos que dejaron huella y por los que hoy llamamos D\u00eda Mundial del Libro y del Derecho de Autor a la susodicha fecha. El Premio UNESCO de Literatura Infantil y Juvenil Pro de la Tolerancia igualmente caben en la misma jornada.<\/p>\n<p>Escritores, poetas, novelistas insustituibles nos dejaron sus obras de gran influencia para otros autores y para la humanidad en general. Igualmente, 2012 fue importante para el repertorio Index Translationum, ya que cumpli\u00f3 ochenta a\u00f1os desde que surgi\u00f3. Como su nombre indica, se trata de la m\u00e1s amplia colecci\u00f3n internacional de obras traducidas a una gran cantidad de idiomas. El 23 de abril del a\u00f1o pasado, por otro lado, la UNESCO, la Uni\u00f3n Internacional de Editores, la Federaci\u00f3n Internacional de Libreros y la Federaci\u00f3n Internacional de Asociaciones e Instituciones Bibliotecarias eligieron Bangkok como Capital Mundial del Libro 2013.<\/p>\n<p>Cabe destacar que en Inglaterra esta fecha es el festivo de mayor relevancia, junto con la Navidad, llegando a ser d\u00eda de orgullo nacional y patr\u00f3n de los Scouts. Se cuenta, que hab\u00eda un\u00a0drag\u00f3n muy malvado que atacaba al reino y sus gentes lo resolvieron ofreciendo todos los d\u00edas dos borregos a la bestia para saciar su feroz hambre. Lleg\u00f3 un momento en que ya no hab\u00eda tantos animales y tomaron la tr\u00e1gica decisi\u00f3n de sustituir uno de los corderos por una persona que se escog\u00eda mediante sorteo. La desafortunada familia que ten\u00eda que entregar a uno de sus miembros era compensada eternamente con multitud de riquezas.<\/p>\n<p>Se pierden por las calles varias versiones, pero la que m\u00e1s gusta es aquella en la que el pueblo termin\u00f3 harto de que nunca un miembro real hubiera sido entregado al vil drag\u00f3n. Gracias a una democr\u00e1tica votaci\u00f3n, la princesa fue elegida como ofrenda y el caballero San George, que andaba por all\u00ed, cerca de la morada del monstruo, decidi\u00f3 rescatar a la muchacha matando con su perfecta espada al animal. Del cuello del drag\u00f3n sal\u00eda sangre a borbotones que se transform\u00f3 en una rosa roja la cual San George regal\u00f3 a la princesita. Este altruista caballero tambi\u00e9n don\u00f3 al pueblo todas las riquezas, junto con la iglesia que lleva su nombre, que el rey le hab\u00eda dado por salvar a su hija. Cada 23 de abril los hombres regalan rosas a las mujeres, recordando la vieja leyenda de aquel valeroso caballero y \u00e9stas les regalan un libro, perpetuando el fallecimiento y entierro de los grandes de la literatura mencionados arriba,<\/p>\n<p>Podr\u00edamos decir que el autor de Romeo y Julieta o Hamlet es el m\u00e1s grande literato brit\u00e1nico de Inglaterra e incluso del mundo. Y aunque las malas lenguas rebaten la autor\u00eda de sus obras, seg\u00fan se puede leer, son m\u00e1s representadas que las de cualquier otro artista. Poeta, dramaturgo, actor y lo que William Shakespeare se proponga, se ha llegado a especular sobre su orientaci\u00f3n sexual, si era feliz o no con su mujer, su real religi\u00f3n, que fue el verdadero padre de su ahijado, cu\u00e1ndo y la casa donde naci\u00f3, las causas de su muerte, la cronolog\u00eda bibliogr\u00e1fica shakesperiana\u2026 y la realidad es que ning\u00fan documento sustenta estas informaciones. La siguiente galer\u00eda muestra, entre otras cosas, el encantado pueblo medieval del Bardo de Avon: Stratford, un reconocido 26 de abril casi cuatro siglos y medio despu\u00e9s de su nacimiento y muerte.<\/p>","protected":false},"excerpt":{"rendered":"<p>El 23 de abril significa tanto para muchos que nunca pasar\u00e1 desapercibido. Cuentan que el embriagante y m\u00e1s grande poeta brit\u00e1nico Shakespeare muri\u00f3 ese d\u00eda junto con otros cuantos de su talla que llegaron al mundo o fallecieron en la misma data. Cervantes, Inca Garcilaso de la Vega, el franc\u00e9s [&hellip;]<\/p>\n","protected":false},"author":1,"featured_media":0,"comment_status":"open","ping_status":"open","sticky":false,"template":"","format":"standard","meta":{"footnotes":""},"categories":[4,60],"tags":[],"class_list":["post-3260","post","type-post","status-publish","format-standard","hentry","category-cultura","category-libros"],"yoast_head":"<!-- This site is optimized with the Yoast SEO plugin v27.5 - https:\/\/yoast.com\/product\/yoast-seo-wordpress\/ -->\n<title>En el d\u00eda del libro: Shakespeare y St. George - Revista Rambla<\/title>\n<meta name=\"robots\" content=\"index, follow, max-snippet:-1, max-image-preview:large, max-video-preview:-1\" \/>\n<link rel=\"canonical\" href=\"https:\/\/www.revistarambla.com\/en\/en-el-dia-del-libro-shakespeares-y-st-georges-texto-y-fotos-iraide-n-zubillaga\/\" \/>\n<meta property=\"og:locale\" content=\"en_GB\" \/>\n<meta property=\"og:type\" content=\"article\" \/>\n<meta property=\"og:title\" content=\"En el d\u00eda del libro: Shakespeare y St. George - Revista Rambla\" \/>\n<meta property=\"og:description\" content=\"El 23 de abril significa tanto para muchos que nunca pasar\u00e1 desapercibido. Cuentan que el embriagante y m\u00e1s grande poeta brit\u00e1nico Shakespeare muri\u00f3 ese d\u00eda junto con otros cuantos de su talla que llegaron al mundo o fallecieron en la misma data. Cervantes, Inca Garcilaso de la Vega, el franc\u00e9s [&hellip;]\" \/>\n<meta property=\"og:url\" content=\"https:\/\/www.revistarambla.com\/en\/en-el-dia-del-libro-shakespeares-y-st-georges-texto-y-fotos-iraide-n-zubillaga\/\" \/>\n<meta property=\"og:site_name\" content=\"Revista Rambla\" \/>\n<meta property=\"article:publisher\" content=\"https:\/\/www.facebook.com\/revistarambla\/\" \/>\n<meta property=\"article:published_time\" content=\"2013-04-29T10:06:02+00:00\" \/>\n<meta property=\"article:modified_time\" content=\"2021-08-10T16:57:59+00:00\" \/>\n<meta property=\"og:image\" content=\"https:\/\/i2.wp.com\/www.revistarambla.com\/wp-content\/uploads\/2013\/04\/foto_01.jpg?fit=682%2C450&ssl=1\" \/>\n\t<meta property=\"og:image:width\" content=\"682\" \/>\n\t<meta property=\"og:image:height\" content=\"450\" \/>\n\t<meta property=\"og:image:type\" content=\"image\/jpeg\" \/>\n<meta name=\"author\" content=\"Iraide Navarro\" \/>\n<meta name=\"twitter:card\" content=\"summary_large_image\" \/>\n<meta name=\"twitter:creator\" content=\"@revistarambla\" \/>\n<meta name=\"twitter:site\" content=\"@revistarambla\" \/>\n<meta name=\"twitter:label1\" content=\"Written by\" \/>\n\t<meta name=\"twitter:data1\" content=\"Iraide Navarro\" \/>\n\t<meta name=\"twitter:label2\" content=\"Estimated reading time\" \/>\n\t<meta name=\"twitter:data2\" content=\"3 minutes\" \/>\n<script type=\"application\/ld+json\" class=\"yoast-schema-graph\">{\"@context\":\"https:\\\/\\\/schema.org\",\"@graph\":[{\"@type\":\"Article\",\"@id\":\"https:\\\/\\\/www.revistarambla.com\\\/en-el-dia-del-libro-shakespeares-y-st-georges-texto-y-fotos-iraide-n-zubillaga\\\/#article\",\"isPartOf\":{\"@id\":\"https:\\\/\\\/www.revistarambla.com\\\/en-el-dia-del-libro-shakespeares-y-st-georges-texto-y-fotos-iraide-n-zubillaga\\\/\"},\"author\":{\"name\":\"Iraide Navarro\",\"@id\":\"https:\\\/\\\/www.revistarambla.com\\\/#\\\/schema\\\/person\\\/4a5652fc8c82df1f8593002d038cd79e\"},\"headline\":\"En el d\u00eda del libro: Shakespeare y St. George\",\"datePublished\":\"2013-04-29T10:06:02+00:00\",\"dateModified\":\"2021-08-10T16:57:59+00:00\",\"mainEntityOfPage\":{\"@id\":\"https:\\\/\\\/www.revistarambla.com\\\/en-el-dia-del-libro-shakespeares-y-st-georges-texto-y-fotos-iraide-n-zubillaga\\\/\"},\"wordCount\":679,\"commentCount\":0,\"publisher\":{\"@id\":\"https:\\\/\\\/www.revistarambla.com\\\/#organization\"},\"image\":{\"@id\":\"https:\\\/\\\/www.revistarambla.com\\\/en-el-dia-del-libro-shakespeares-y-st-georges-texto-y-fotos-iraide-n-zubillaga\\\/#primaryimage\"},\"thumbnailUrl\":\"https:\\\/\\\/www.revistarambla.com\\\/wp-content\\\/uploads\\\/2013\\\/04\\\/foto_01.jpg\",\"articleSection\":[\"Cultura\",\"Libros\"],\"inLanguage\":\"en-GB\",\"potentialAction\":[{\"@type\":\"CommentAction\",\"name\":\"Comment\",\"target\":[\"https:\\\/\\\/www.revistarambla.com\\\/en-el-dia-del-libro-shakespeares-y-st-georges-texto-y-fotos-iraide-n-zubillaga\\\/#respond\"]}]},{\"@type\":\"WebPage\",\"@id\":\"https:\\\/\\\/www.revistarambla.com\\\/en-el-dia-del-libro-shakespeares-y-st-georges-texto-y-fotos-iraide-n-zubillaga\\\/\",\"url\":\"https:\\\/\\\/www.revistarambla.com\\\/en-el-dia-del-libro-shakespeares-y-st-georges-texto-y-fotos-iraide-n-zubillaga\\\/\",\"name\":\"En el d\u00eda del libro: Shakespeare y St. George - Revista Rambla\",\"isPartOf\":{\"@id\":\"https:\\\/\\\/www.revistarambla.com\\\/#website\"},\"primaryImageOfPage\":{\"@id\":\"https:\\\/\\\/www.revistarambla.com\\\/en-el-dia-del-libro-shakespeares-y-st-georges-texto-y-fotos-iraide-n-zubillaga\\\/#primaryimage\"},\"image\":{\"@id\":\"https:\\\/\\\/www.revistarambla.com\\\/en-el-dia-del-libro-shakespeares-y-st-georges-texto-y-fotos-iraide-n-zubillaga\\\/#primaryimage\"},\"thumbnailUrl\":\"https:\\\/\\\/www.revistarambla.com\\\/wp-content\\\/uploads\\\/2013\\\/04\\\/foto_01.jpg\",\"datePublished\":\"2013-04-29T10:06:02+00:00\",\"dateModified\":\"2021-08-10T16:57:59+00:00\",\"breadcrumb\":{\"@id\":\"https:\\\/\\\/www.revistarambla.com\\\/en-el-dia-del-libro-shakespeares-y-st-georges-texto-y-fotos-iraide-n-zubillaga\\\/#breadcrumb\"},\"inLanguage\":\"en-GB\",\"potentialAction\":[{\"@type\":\"ReadAction\",\"target\":[\"https:\\\/\\\/www.revistarambla.com\\\/en-el-dia-del-libro-shakespeares-y-st-georges-texto-y-fotos-iraide-n-zubillaga\\\/\"]}]},{\"@type\":\"ImageObject\",\"inLanguage\":\"en-GB\",\"@id\":\"https:\\\/\\\/www.revistarambla.com\\\/en-el-dia-del-libro-shakespeares-y-st-georges-texto-y-fotos-iraide-n-zubillaga\\\/#primaryimage\",\"url\":\"https:\\\/\\\/www.revistarambla.com\\\/wp-content\\\/uploads\\\/2013\\\/04\\\/foto_01.jpg\",\"contentUrl\":\"https:\\\/\\\/www.revistarambla.com\\\/wp-content\\\/uploads\\\/2013\\\/04\\\/foto_01.jpg\"},{\"@type\":\"BreadcrumbList\",\"@id\":\"https:\\\/\\\/www.revistarambla.com\\\/en-el-dia-del-libro-shakespeares-y-st-georges-texto-y-fotos-iraide-n-zubillaga\\\/#breadcrumb\",\"itemListElement\":[{\"@type\":\"ListItem\",\"position\":1,\"name\":\"Portada\",\"item\":\"https:\\\/\\\/www.revistarambla.com\\\/\"},{\"@type\":\"ListItem\",\"position\":2,\"name\":\"En el d\u00eda del libro: Shakespeare y St. George\"}]},{\"@type\":\"WebSite\",\"@id\":\"https:\\\/\\\/www.revistarambla.com\\\/#website\",\"url\":\"https:\\\/\\\/www.revistarambla.com\\\/\",\"name\":\"Revista Rambla Barcelona\",\"description\":\"Periodismo independiente\",\"publisher\":{\"@id\":\"https:\\\/\\\/www.revistarambla.com\\\/#organization\"},\"potentialAction\":[{\"@type\":\"SearchAction\",\"target\":{\"@type\":\"EntryPoint\",\"urlTemplate\":\"https:\\\/\\\/www.revistarambla.com\\\/?s={search_term_string}\"},\"query-input\":{\"@type\":\"PropertyValueSpecification\",\"valueRequired\":true,\"valueName\":\"search_term_string\"}}],\"inLanguage\":\"en-GB\"},{\"@type\":\"Organization\",\"@id\":\"https:\\\/\\\/www.revistarambla.com\\\/#organization\",\"name\":\"Revista Rambla\",\"url\":\"https:\\\/\\\/www.revistarambla.com\\\/\",\"logo\":{\"@type\":\"ImageObject\",\"inLanguage\":\"en-GB\",\"@id\":\"https:\\\/\\\/www.revistarambla.com\\\/#\\\/schema\\\/logo\\\/image\\\/\",\"url\":\"https:\\\/\\\/www.revistarambla.com\\\/wp-content\\\/uploads\\\/2020\\\/09\\\/banner_rambla_1900x600_BB.png\",\"contentUrl\":\"https:\\\/\\\/www.revistarambla.com\\\/wp-content\\\/uploads\\\/2020\\\/09\\\/banner_rambla_1900x600_BB.png\",\"width\":1900,\"height\":600,\"caption\":\"Revista Rambla\"},\"image\":{\"@id\":\"https:\\\/\\\/www.revistarambla.com\\\/#\\\/schema\\\/logo\\\/image\\\/\"},\"sameAs\":[\"https:\\\/\\\/www.facebook.com\\\/revistarambla\\\/\",\"https:\\\/\\\/x.com\\\/revistarambla\",\"https:\\\/\\\/www.instagram.com\\\/revista_rambla\",\"https:\\\/\\\/es.linkedin.com\\\/company\\\/revista-rambla\"]},{\"@type\":\"Person\",\"@id\":\"https:\\\/\\\/www.revistarambla.com\\\/#\\\/schema\\\/person\\\/4a5652fc8c82df1f8593002d038cd79e\",\"name\":\"Iraide Navarro\"}]}<\/script>\n<!-- \/ Yoast SEO plugin. -->","yoast_head_json":{"title":"En el d\u00eda del libro: Shakespeare y St. George - Revista Rambla","robots":{"index":"index","follow":"follow","max-snippet":"max-snippet:-1","max-image-preview":"max-image-preview:large","max-video-preview":"max-video-preview:-1"},"canonical":"https:\/\/www.revistarambla.com\/en\/en-el-dia-del-libro-shakespeares-y-st-georges-texto-y-fotos-iraide-n-zubillaga\/","og_locale":"en_GB","og_type":"article","og_title":"En el d\u00eda del libro: Shakespeare y St. George - Revista Rambla","og_description":"El 23 de abril significa tanto para muchos que nunca pasar\u00e1 desapercibido. Cuentan que el embriagante y m\u00e1s grande poeta brit\u00e1nico Shakespeare muri\u00f3 ese d\u00eda junto con otros cuantos de su talla que llegaron al mundo o fallecieron en la misma data. Cervantes, Inca Garcilaso de la Vega, el franc\u00e9s [&hellip;]","og_url":"https:\/\/www.revistarambla.com\/en\/en-el-dia-del-libro-shakespeares-y-st-georges-texto-y-fotos-iraide-n-zubillaga\/","og_site_name":"Revista Rambla","article_publisher":"https:\/\/www.facebook.com\/revistarambla\/","article_published_time":"2013-04-29T10:06:02+00:00","article_modified_time":"2021-08-10T16:57:59+00:00","og_image":[{"width":682,"height":450,"url":"https:\/\/i2.wp.com\/www.revistarambla.com\/wp-content\/uploads\/2013\/04\/foto_01.jpg?fit=682%2C450&ssl=1","type":"image\/jpeg"}],"author":"Iraide Navarro","twitter_card":"summary_large_image","twitter_creator":"@revistarambla","twitter_site":"@revistarambla","twitter_misc":{"Written by":"Iraide Navarro","Estimated reading time":"3 minutes"},"schema":{"@context":"https:\/\/schema.org","@graph":[{"@type":"Article","@id":"https:\/\/www.revistarambla.com\/en-el-dia-del-libro-shakespeares-y-st-georges-texto-y-fotos-iraide-n-zubillaga\/#article","isPartOf":{"@id":"https:\/\/www.revistarambla.com\/en-el-dia-del-libro-shakespeares-y-st-georges-texto-y-fotos-iraide-n-zubillaga\/"},"author":{"name":"Iraide Navarro","@id":"https:\/\/www.revistarambla.com\/#\/schema\/person\/4a5652fc8c82df1f8593002d038cd79e"},"headline":"En el d\u00eda del libro: Shakespeare y St. George","datePublished":"2013-04-29T10:06:02+00:00","dateModified":"2021-08-10T16:57:59+00:00","mainEntityOfPage":{"@id":"https:\/\/www.revistarambla.com\/en-el-dia-del-libro-shakespeares-y-st-georges-texto-y-fotos-iraide-n-zubillaga\/"},"wordCount":679,"commentCount":0,"publisher":{"@id":"https:\/\/www.revistarambla.com\/#organization"},"image":{"@id":"https:\/\/www.revistarambla.com\/en-el-dia-del-libro-shakespeares-y-st-georges-texto-y-fotos-iraide-n-zubillaga\/#primaryimage"},"thumbnailUrl":"https:\/\/www.revistarambla.com\/wp-content\/uploads\/2013\/04\/foto_01.jpg","articleSection":["Cultura","Libros"],"inLanguage":"en-GB","potentialAction":[{"@type":"CommentAction","name":"Comment","target":["https:\/\/www.revistarambla.com\/en-el-dia-del-libro-shakespeares-y-st-georges-texto-y-fotos-iraide-n-zubillaga\/#respond"]}]},{"@type":"WebPage","@id":"https:\/\/www.revistarambla.com\/en-el-dia-del-libro-shakespeares-y-st-georges-texto-y-fotos-iraide-n-zubillaga\/","url":"https:\/\/www.revistarambla.com\/en-el-dia-del-libro-shakespeares-y-st-georges-texto-y-fotos-iraide-n-zubillaga\/","name":"En el d\u00eda del libro: Shakespeare y St. George - Revista Rambla","isPartOf":{"@id":"https:\/\/www.revistarambla.com\/#website"},"primaryImageOfPage":{"@id":"https:\/\/www.revistarambla.com\/en-el-dia-del-libro-shakespeares-y-st-georges-texto-y-fotos-iraide-n-zubillaga\/#primaryimage"},"image":{"@id":"https:\/\/www.revistarambla.com\/en-el-dia-del-libro-shakespeares-y-st-georges-texto-y-fotos-iraide-n-zubillaga\/#primaryimage"},"thumbnailUrl":"https:\/\/www.revistarambla.com\/wp-content\/uploads\/2013\/04\/foto_01.jpg","datePublished":"2013-04-29T10:06:02+00:00","dateModified":"2021-08-10T16:57:59+00:00","breadcrumb":{"@id":"https:\/\/www.revistarambla.com\/en-el-dia-del-libro-shakespeares-y-st-georges-texto-y-fotos-iraide-n-zubillaga\/#breadcrumb"},"inLanguage":"en-GB","potentialAction":[{"@type":"ReadAction","target":["https:\/\/www.revistarambla.com\/en-el-dia-del-libro-shakespeares-y-st-georges-texto-y-fotos-iraide-n-zubillaga\/"]}]},{"@type":"ImageObject","inLanguage":"en-GB","@id":"https:\/\/www.revistarambla.com\/en-el-dia-del-libro-shakespeares-y-st-georges-texto-y-fotos-iraide-n-zubillaga\/#primaryimage","url":"https:\/\/www.revistarambla.com\/wp-content\/uploads\/2013\/04\/foto_01.jpg","contentUrl":"https:\/\/www.revistarambla.com\/wp-content\/uploads\/2013\/04\/foto_01.jpg"},{"@type":"BreadcrumbList","@id":"https:\/\/www.revistarambla.com\/en-el-dia-del-libro-shakespeares-y-st-georges-texto-y-fotos-iraide-n-zubillaga\/#breadcrumb","itemListElement":[{"@type":"ListItem","position":1,"name":"Portada","item":"https:\/\/www.revistarambla.com\/"},{"@type":"ListItem","position":2,"name":"En el d\u00eda del libro: Shakespeare y St. George"}]},{"@type":"WebSite","@id":"https:\/\/www.revistarambla.com\/#website","url":"https:\/\/www.revistarambla.com\/","name":"Revista Rambla Barcelona","description":"Periodismo independiente","publisher":{"@id":"https:\/\/www.revistarambla.com\/#organization"},"potentialAction":[{"@type":"SearchAction","target":{"@type":"EntryPoint","urlTemplate":"https:\/\/www.revistarambla.com\/?s={search_term_string}"},"query-input":{"@type":"PropertyValueSpecification","valueRequired":true,"valueName":"search_term_string"}}],"inLanguage":"en-GB"},{"@type":"Organization","@id":"https:\/\/www.revistarambla.com\/#organization","name":"Revista Rambla","url":"https:\/\/www.revistarambla.com\/","logo":{"@type":"ImageObject","inLanguage":"en-GB","@id":"https:\/\/www.revistarambla.com\/#\/schema\/logo\/image\/","url":"https:\/\/www.revistarambla.com\/wp-content\/uploads\/2020\/09\/banner_rambla_1900x600_BB.png","contentUrl":"https:\/\/www.revistarambla.com\/wp-content\/uploads\/2020\/09\/banner_rambla_1900x600_BB.png","width":1900,"height":600,"caption":"Revista Rambla"},"image":{"@id":"https:\/\/www.revistarambla.com\/#\/schema\/logo\/image\/"},"sameAs":["https:\/\/www.facebook.com\/revistarambla\/","https:\/\/x.com\/revistarambla","https:\/\/www.instagram.com\/revista_rambla","https:\/\/es.linkedin.com\/company\/revista-rambla"]},{"@type":"Person","@id":"https:\/\/www.revistarambla.com\/#\/schema\/person\/4a5652fc8c82df1f8593002d038cd79e","name":"Iraide Navarro"}]}},"_links":{"self":[{"href":"https:\/\/www.revistarambla.com\/en\/wp-json\/wp\/v2\/posts\/3260","targetHints":{"allow":["GET"]}}],"collection":[{"href":"https:\/\/www.revistarambla.com\/en\/wp-json\/wp\/v2\/posts"}],"about":[{"href":"https:\/\/www.revistarambla.com\/en\/wp-json\/wp\/v2\/types\/post"}],"author":[{"embeddable":true,"href":"https:\/\/www.revistarambla.com\/en\/wp-json\/wp\/v2\/users\/1"}],"replies":[{"embeddable":true,"href":"https:\/\/www.revistarambla.com\/en\/wp-json\/wp\/v2\/comments?post=3260"}],"version-history":[{"count":0,"href":"https:\/\/www.revistarambla.com\/en\/wp-json\/wp\/v2\/posts\/3260\/revisions"}],"wp:attachment":[{"href":"https:\/\/www.revistarambla.com\/en\/wp-json\/wp\/v2\/media?parent=3260"}],"wp:term":[{"taxonomy":"category","embeddable":true,"href":"https:\/\/www.revistarambla.com\/en\/wp-json\/wp\/v2\/categories?post=3260"},{"taxonomy":"post_tag","embeddable":true,"href":"https:\/\/www.revistarambla.com\/en\/wp-json\/wp\/v2\/tags?post=3260"}],"curies":[{"name":"wp","href":"https:\/\/api.w.org\/{rel}","templated":true}]}}