{"id":325,"date":"2010-09-08T09:21:21","date_gmt":"2010-09-08T07:21:21","guid":{"rendered":"https:\/\/www.revistarambla.com\/se-busca-jurista-social\/"},"modified":"2021-12-10T17:03:12","modified_gmt":"2021-12-10T16:03:12","slug":"se-busca-jurista-social","status":"publish","type":"post","link":"https:\/\/www.revistarambla.com\/en\/se-busca-jurista-social\/","title":{"rendered":"Se busca &#8216;jurista social&#8217;"},"content":{"rendered":"<p><img decoding=\"async\" class=\"alignright\" src=\"https:\/\/www.revistarambla.com\/wp-content\/uploads\/2010\/09\/fapac1.jpg\" alt=\"alt\" width=\"353\" height=\"255\" \/><\/p>\n<p style=\"text-align: left;\">La delincuencia juvenil es, sin duda, uno de los problemas criminol\u00f3gicos que crece cada d\u00eda m\u00e1s, no solo en nuestro pa\u00eds, sino tambi\u00e9n en el mundo entero. Por eso, y porque la mayor\u00eda de estos j\u00f3venes no tienen recursos para costearse un abogado, son defendidos por abogados de oficio. Con ello no quiero decir que esto sea negativo ni que los abogados de oficio no hagan bien su trabajo, sino que en la mayor\u00eda de los casos (ya sea por sobrecarga de trabajo o por falta de un salario digno) estos se olvidan de aplicar ese factor social y personal necesario. Este es el terreno en el que entra en juego la Fundaci\u00f3n Ficat. Albert Pares, su presidente, nos explica la importancia de lo que ellos llaman la figura del \u2018jurista social\u2019.<\/p>\n<p style=\"text-align: left;\"><strong>Albert, \u00bfpodr\u00edas explicarlos, en primer lugar, qu\u00e9 es Ficap?<\/strong><\/p>\n<p style=\"text-align: left;\">Ficat, tal y como hoy la conocemos, nace en el 2000. Hasta ese momento era una ONG de corte religiosa llamada Franciscanos Internacionales de Catalu\u00f1a que se dedicaba a la defensa de los derechos de las personas en general. Al cabo de dos a\u00f1os de asociaci\u00f3n pasa a fundaci\u00f3n (gracias a una importante donaci\u00f3n) manteniendo las siglas, y es en ese momento cuando surge el tema de dar servicio de asesoramiento jur\u00eddico a j\u00f3venes que est\u00e1n en prisi\u00f3n. No sustituimos ni hemos sustituido nunca al abogado de oficio. Nosotros hacemos un seguimiento mucho m\u00e1s personalizado.<\/p>\n<p style=\"text-align: left;\"><strong>Por lo tanto, \u00bfFicap s\u00f3lo se encarga de j\u00f3venes que est\u00e1n en prisi\u00f3n?<\/strong><\/p>\n<p style=\"text-align: left;\"><img decoding=\"async\" class=\"alignright size-full wp-image-324\" style=\"width: 220px; height: 399px; margin-left: 8px; margin-right: 8px; float: right;\" src=\"https:\/\/www.revistarambla.com\/wp-content\/uploads\/2010\/09\/fapac2.jpg\" alt=\"alt\" width=\"358\" height=\"650\" srcset=\"https:\/\/www.revistarambla.com\/wp-content\/uploads\/2010\/09\/fapac2.jpg 358w, https:\/\/www.revistarambla.com\/wp-content\/uploads\/2010\/09\/fapac2-165x300.jpg 165w\" sizes=\"(max-width: 358px) 100vw, 358px\" \/>No. Por un lado tenemos el tema de prisiones, por otro el asesoramiento a menores inmigrantes que llegan a nuestro pa\u00eds completamente solos y por otra parte el tema de extranjer\u00eda.<\/p>\n<p style=\"text-align: left;\">El servicio de extranjer\u00eda era un servicio \u00fanicamente para extranjeros.\u00a0 Nosotros asesor\u00e1bamos a aquellas personas que no podr\u00edan hacerlo de ninguna otra manera. Sobre todo en tema de papeles y de expulsiones. Hay mucha, mucha, desinformaci\u00f3n en tema de extranjer\u00eda. La gente va muy perdida. Pero ahora mismo ya no nos encargamos de este sector por motivos econ\u00f3micos. Las donaciones han bajado y hemos delegado esta tarea en la Fundaci\u00f3 Server Solidari, ahora son ellos los que se encargan.<\/p>\n<p style=\"text-align: left;\"><strong>Dices que, en cuesti\u00f3n penitenciaria, solo asesor\u00e1is a j\u00f3venes\u2026 <\/strong><\/p>\n<p style=\"text-align: left;\">Solamente j\u00f3venes. En una franja de los 18 a los 25 a\u00f1os. De hecho nos encargamos solamente del Centro Penitenciario Can Brians. Nos centramos en esta franja de edad simplemente porque comenzamos con ella y creemos que es la m\u00e1s vulnerable. Adem\u00e1s, el resto de tribunales de justicia no cubren el proyecto.<\/p>\n<p style=\"text-align: left;\"><strong>Expl\u00edcanos entonces, \u00bfcu\u00e1l es la diferencia entre la labor que realiza un abogado de oficio y la que lleva a cabo Ficap?<\/strong><\/p>\n<p style=\"text-align: left;\">El abogado de oficio es aquella persona que lleva estrictamente la defensa jur\u00eddica de una persona. Se preocupa de c\u00f3mo defenderle jur\u00eddicamente si ha matado o robado, por ejemplo. El servicio que damos nosotros va m\u00e1s all\u00e1. Vamos al centro penitenciario una vez por semana y tenemos un contacto m\u00e1s personalizado. El abogado de oficio no tiene esa facilidad de contacto y, adem\u00e1s, por lo general piensa: \u2018por lo poco que yo cobro mi faena llega a donde llega\u2019. Esta es otra cr\u00edtica que nosotros hacemos a los servicios jur\u00eddicos de los abogados de oficio.<\/p>\n<p style=\"text-align: left;\">Despu\u00e9s tambi\u00e9n nos encargamos de aquellos inscritos que puedan hacer los internos demandando alguna cosa o emitiendo alguna queja.<\/p>\n<p style=\"text-align: left;\">No realizamos el mismo trabajo que el abogado de oficio, somos un factor complementario. Pero s\u00ed es cierto que siempre contamos con ellos a la hora de hacerles llegar alguna informaci\u00f3n relevante que puede que desconozcan.<\/p>\n<p style=\"text-align: left;\">La diferencia fundamental es que nosotros creemos en la figura del \u2018jurista social\u2019, que no solamente vea el tema jur\u00eddico, sino que sea consciente de la problem\u00e1tica social y de c\u00f3mo trabajar ambas cosas de manera conjunta.<\/p>\n<p style=\"text-align: left;\"><strong>\u00bfNo existe ninguna otra entidad institucional que realice este tipo de labor en las prisiones?<\/strong><\/p>\n<p style=\"text-align: left;\">Lo curioso es que hace unos seis a\u00f1os que el colegio de abogados de Catalu\u00f1a y el Departamento de Justicia llegaron a un acuerdo para establecer un Servicio de Orientaci\u00f3n Jur\u00eddica en los centros penitenciarios. En ese momento nosotros pensamos: dejaremos de ir a la prisi\u00f3n ya que hay un servicio institucional que se encarga de lo que nosotros hemos venido haciendo hasta ahora. Sin embargo, desde el Departamento de Justicia nos pidieron que continu\u00e1semos. Aseguran que aunque haga un servicio institucionalizado es bueno que una ONG como Ficat, que todos nos conocen, contin\u00fae con la labor ya que los internos tienen mucha m\u00e1s confianza y m\u00e1s facilidad de hablar con nosotros.<\/p>\n<p style=\"text-align: left;\"><strong>Y<\/strong><strong>en el tema de los menores inmigrantes, \u00bfc\u00f3mo os adentrasteis?<\/strong><\/p>\n<p style=\"text-align: left;\">Hace alg\u00fan tiempo hicimos un estudio sobre la situaci\u00f3n de los menores no acompa\u00f1ados que llegaban a nuestro pa\u00eds. As\u00ed fue como nos dimos cuenta de la magnitud de esta problem\u00e1tica y empezamos a asesorar a menores inmigrantes.<\/p>\n<p style=\"text-align: left;\">Hace unos a\u00f1os, un menor que llegaba aqu\u00ed solo, sin padres, la DGAIA (Direcci\u00f3n de Atenci\u00f3n a la Infancia) lo expulsaba. La ley de extranjer\u00eda estipula que si es m\u00e1s beneficioso para un menor volver a su pa\u00eds este debe ser repatriado. Pero en estos casos no eran repatriaciones, se trataba de expulsiones. Sin embargo, desde hace m\u00e1s de un a\u00f1o el ayuntamiento de Barcelona ha creado unos pisos en los que se les acoge hasta que cumplen la mayor\u00eda de edad. Pero el problema reside en que han comenzado a llegar menores cuyo pasaporte acredita que son eso, menores, pero la Generalitat no cree en la fiabilidad de esas fechas. Por ello se les lleva hasta el hospital en donde se les realizan unas pruebas para determinar si son mayores de edad. Pruebas que demostraron que, menos en un caso, todos eran mayores de edad. El problema reside en que ahora a estos \u2018menores\u2019 no se les repatr\u00eda, simplemente la DGAIA los echa fuera de estos pisos, a la calle.<\/p>\n<p style=\"text-align: left;\"><strong>\u00bfDe qu\u00e9 manera proced\u00e9is cuando os llega un menor con esta problem\u00e1tica?<\/strong><\/p>\n<p style=\"text-align: left;\">Cuando nos llega un menor vamos a los juzgados a recurrir la decisi\u00f3n de la DGAIA que dice que es mayor de edad.<\/p>\n<p style=\"text-align: left;\">La Fiscalia de Proteccion de Menores no duda de que el pasaporte sea verdadero, lo que no se cree es la fecha de nacimiento ya que argumentan que en los pa\u00edses de procedencia de estos chicos (fundamentalmente Ghana) no existe un registro civil fiable que acredite que esto es cierto. Pero yo pienso, si est\u00e1n en este plan, \u00bfqu\u00e9 har\u00edan si el pasaporte fuese de Estados Unidos? Otra cosa es que las pruebas que hacen de la edad son unas pruebas que tienen un margen de error de dos a\u00f1os. Adem\u00e1s, mientas se duda de si estos ni\u00f1os son menores o no, \u00bfqu\u00e9 hacemos con ellos? Para eso el ayuntamiento ha creado esos pisos, aunque solamente pueden estar en ellos tres meses, prorrogables en otros tres.<\/p>\n<p style=\"text-align: left;\"><strong>\u00bfQu\u00e9 hacen estos ni\u00f1os mientras est\u00e1n en esos pisos? Porque legalmente no pueden trabajar\u2026<\/strong><\/p>\n<p style=\"text-align: left;\">Son adolescentes, les gusta la fiesta, irse de compras (y si la ropa es de marca mejor)\u2026 y para eso necesitan dinero y para tener dinero son muchos los que se dedican al trafico.<\/p>\n<p style=\"text-align: left;\">A muchos los coge la polic\u00eda y tienen antecedentes penales, lo que les dificulta el buscar empleo en un futuro. Yo los machaco mucho con eso.<\/p>\n<p style=\"text-align: left;\"><strong>\u00bfQu\u00e9 sucede una vez que cumplen la mayor\u00eda de edad?<\/strong><\/p>\n<p style=\"text-align: left;\">Se buscan a vida m\u00e1s o menos. Cuando tienen 18 a\u00f1os hay un departamento de la Generalitat que se encarga de arreglarles el permiso de residencia. Pero s\u00f3lo a aquellos que han estado tutelados por la DGAIA, aunque hubiesen sido expulsados por culparles de ser mayores de edad.<\/p>\n<p style=\"text-align: left;\">Por tanto, el objetivo primordial para ellos debe ser aguantar hasta tener los 18 a\u00f1os ya que as\u00ed conseguir\u00e1n los papeles. Lo curioso del caso es que, una vez que les dan la residencia, esta se la dan con la fecha de nacimiento que aparece en el pasaporte y que previamente aseguraban que era falsa.<\/p>\n<p style=\"text-align: left;\">Es importante que entren en la DGAIA aunque les expulsen.<\/p>\n<p style=\"text-align: left;\"><strong>\u00bfQu\u00e9 deben hacer despu\u00e9s de conseguir ese permiso de residencia?<\/strong><\/p>\n<p style=\"text-align: left;\">Es muy importante que los que tengan un permiso de residencia sepan que lo tienen que renovar al cabo de un a\u00f1o y que necesitan cambiar el permiso de residencia por un permiso de trabajo. Para eso hay que contactar con una empresa que te haga una oferta laboral y para encontrar una empresa es muy importante el tema de la formaci\u00f3n.<\/p>\n<p style=\"text-align: left;\"><em>En im\u00e1genes: Albert Pares, presidente de Ficat, y Raquel Prado, abogada de Ficat. <\/em><\/p>","protected":false},"excerpt":{"rendered":"<p>La delincuencia juvenil es, sin duda, uno de los problemas criminol\u00f3gicos que crece cada d\u00eda m\u00e1s, no solo en nuestro pa\u00eds, sino tambi\u00e9n en el mundo entero. Por eso, y porque la mayor\u00eda de estos j\u00f3venes no tienen recursos para costearse un abogado, son defendidos por abogados de oficio. Con [&hellip;]<\/p>\n","protected":false},"author":53,"featured_media":0,"comment_status":"open","ping_status":"open","sticky":false,"template":"","format":"standard","meta":{"footnotes":""},"categories":[3,76],"tags":[],"class_list":["post-325","post","type-post","status-publish","format-standard","hentry","category-actualidad","category-barcelona"],"yoast_head":"<!-- This site is optimized with the Yoast SEO plugin v27.5 - https:\/\/yoast.com\/product\/yoast-seo-wordpress\/ -->\n<title>Se busca &#039;jurista social&#039; - Revista Rambla<\/title>\n<meta name=\"robots\" content=\"index, follow, max-snippet:-1, max-image-preview:large, max-video-preview:-1\" \/>\n<link rel=\"canonical\" href=\"https:\/\/www.revistarambla.com\/en\/se-busca-jurista-social\/\" \/>\n<meta property=\"og:locale\" content=\"en_GB\" \/>\n<meta property=\"og:type\" content=\"article\" \/>\n<meta property=\"og:title\" content=\"Se busca &#039;jurista social&#039; - Revista Rambla\" \/>\n<meta property=\"og:description\" content=\"La delincuencia juvenil es, sin duda, uno de los problemas criminol\u00f3gicos que crece cada d\u00eda m\u00e1s, no solo en nuestro pa\u00eds, sino tambi\u00e9n en el mundo entero. Por eso, y porque la mayor\u00eda de estos j\u00f3venes no tienen recursos para costearse un abogado, son defendidos por abogados de oficio. Con [&hellip;]\" \/>\n<meta property=\"og:url\" content=\"https:\/\/www.revistarambla.com\/en\/se-busca-jurista-social\/\" \/>\n<meta property=\"og:site_name\" content=\"Revista Rambla\" \/>\n<meta property=\"article:publisher\" content=\"https:\/\/www.facebook.com\/revistarambla\/\" \/>\n<meta property=\"article:published_time\" content=\"2010-09-08T07:21:21+00:00\" \/>\n<meta property=\"article:modified_time\" content=\"2021-12-10T16:03:12+00:00\" \/>\n<meta property=\"og:image\" content=\"https:\/\/www.revistarambla.com\/wp-content\/uploads\/2010\/09\/fapac1.jpg\" \/>\n\t<meta property=\"og:image:width\" content=\"400\" \/>\n\t<meta property=\"og:image:height\" content=\"289\" \/>\n\t<meta property=\"og:image:type\" content=\"image\/jpeg\" \/>\n<meta name=\"author\" content=\"Estefan\u00eda P\u00e9rez\" \/>\n<meta name=\"twitter:card\" content=\"summary_large_image\" \/>\n<meta name=\"twitter:creator\" content=\"@revistarambla\" \/>\n<meta name=\"twitter:site\" content=\"@revistarambla\" \/>\n<meta name=\"twitter:label1\" content=\"Written by\" \/>\n\t<meta name=\"twitter:data1\" content=\"Estefan\u00eda P\u00e9rez\" \/>\n\t<meta name=\"twitter:label2\" content=\"Estimated reading time\" \/>\n\t<meta name=\"twitter:data2\" content=\"7 minutes\" \/>\n<script type=\"application\/ld+json\" class=\"yoast-schema-graph\">{\"@context\":\"https:\\\/\\\/schema.org\",\"@graph\":[{\"@type\":\"Article\",\"@id\":\"https:\\\/\\\/www.revistarambla.com\\\/se-busca-jurista-social\\\/#article\",\"isPartOf\":{\"@id\":\"https:\\\/\\\/www.revistarambla.com\\\/se-busca-jurista-social\\\/\"},\"author\":{\"name\":\"Estefan\u00eda P\u00e9rez\",\"@id\":\"https:\\\/\\\/www.revistarambla.com\\\/#\\\/schema\\\/person\\\/9cc1c0f5495c4a6fd189ddd5ba5c5ac5\"},\"headline\":\"Se busca &#8216;jurista social&#8217;\",\"datePublished\":\"2010-09-08T07:21:21+00:00\",\"dateModified\":\"2021-12-10T16:03:12+00:00\",\"mainEntityOfPage\":{\"@id\":\"https:\\\/\\\/www.revistarambla.com\\\/se-busca-jurista-social\\\/\"},\"wordCount\":1520,\"commentCount\":0,\"publisher\":{\"@id\":\"https:\\\/\\\/www.revistarambla.com\\\/#organization\"},\"image\":{\"@id\":\"https:\\\/\\\/www.revistarambla.com\\\/se-busca-jurista-social\\\/#primaryimage\"},\"thumbnailUrl\":\"https:\\\/\\\/www.revistarambla.com\\\/wp-content\\\/uploads\\\/2010\\\/09\\\/fapac1.jpg\",\"articleSection\":[\"Actualidad\",\"Barcelona\"],\"inLanguage\":\"en-GB\",\"potentialAction\":[{\"@type\":\"CommentAction\",\"name\":\"Comment\",\"target\":[\"https:\\\/\\\/www.revistarambla.com\\\/se-busca-jurista-social\\\/#respond\"]}]},{\"@type\":\"WebPage\",\"@id\":\"https:\\\/\\\/www.revistarambla.com\\\/se-busca-jurista-social\\\/\",\"url\":\"https:\\\/\\\/www.revistarambla.com\\\/se-busca-jurista-social\\\/\",\"name\":\"Se busca 'jurista social' - Revista Rambla\",\"isPartOf\":{\"@id\":\"https:\\\/\\\/www.revistarambla.com\\\/#website\"},\"primaryImageOfPage\":{\"@id\":\"https:\\\/\\\/www.revistarambla.com\\\/se-busca-jurista-social\\\/#primaryimage\"},\"image\":{\"@id\":\"https:\\\/\\\/www.revistarambla.com\\\/se-busca-jurista-social\\\/#primaryimage\"},\"thumbnailUrl\":\"https:\\\/\\\/www.revistarambla.com\\\/wp-content\\\/uploads\\\/2010\\\/09\\\/fapac1.jpg\",\"datePublished\":\"2010-09-08T07:21:21+00:00\",\"dateModified\":\"2021-12-10T16:03:12+00:00\",\"breadcrumb\":{\"@id\":\"https:\\\/\\\/www.revistarambla.com\\\/se-busca-jurista-social\\\/#breadcrumb\"},\"inLanguage\":\"en-GB\",\"potentialAction\":[{\"@type\":\"ReadAction\",\"target\":[\"https:\\\/\\\/www.revistarambla.com\\\/se-busca-jurista-social\\\/\"]}]},{\"@type\":\"ImageObject\",\"inLanguage\":\"en-GB\",\"@id\":\"https:\\\/\\\/www.revistarambla.com\\\/se-busca-jurista-social\\\/#primaryimage\",\"url\":\"https:\\\/\\\/www.revistarambla.com\\\/wp-content\\\/uploads\\\/2010\\\/09\\\/fapac1.jpg\",\"contentUrl\":\"https:\\\/\\\/www.revistarambla.com\\\/wp-content\\\/uploads\\\/2010\\\/09\\\/fapac1.jpg\"},{\"@type\":\"BreadcrumbList\",\"@id\":\"https:\\\/\\\/www.revistarambla.com\\\/se-busca-jurista-social\\\/#breadcrumb\",\"itemListElement\":[{\"@type\":\"ListItem\",\"position\":1,\"name\":\"Portada\",\"item\":\"https:\\\/\\\/www.revistarambla.com\\\/\"},{\"@type\":\"ListItem\",\"position\":2,\"name\":\"Se busca &#8216;jurista social&#8217;\"}]},{\"@type\":\"WebSite\",\"@id\":\"https:\\\/\\\/www.revistarambla.com\\\/#website\",\"url\":\"https:\\\/\\\/www.revistarambla.com\\\/\",\"name\":\"Revista Rambla Barcelona\",\"description\":\"Periodismo independiente\",\"publisher\":{\"@id\":\"https:\\\/\\\/www.revistarambla.com\\\/#organization\"},\"potentialAction\":[{\"@type\":\"SearchAction\",\"target\":{\"@type\":\"EntryPoint\",\"urlTemplate\":\"https:\\\/\\\/www.revistarambla.com\\\/?s={search_term_string}\"},\"query-input\":{\"@type\":\"PropertyValueSpecification\",\"valueRequired\":true,\"valueName\":\"search_term_string\"}}],\"inLanguage\":\"en-GB\"},{\"@type\":\"Organization\",\"@id\":\"https:\\\/\\\/www.revistarambla.com\\\/#organization\",\"name\":\"Revista Rambla\",\"url\":\"https:\\\/\\\/www.revistarambla.com\\\/\",\"logo\":{\"@type\":\"ImageObject\",\"inLanguage\":\"en-GB\",\"@id\":\"https:\\\/\\\/www.revistarambla.com\\\/#\\\/schema\\\/logo\\\/image\\\/\",\"url\":\"https:\\\/\\\/www.revistarambla.com\\\/wp-content\\\/uploads\\\/2020\\\/09\\\/banner_rambla_1900x600_BB.png\",\"contentUrl\":\"https:\\\/\\\/www.revistarambla.com\\\/wp-content\\\/uploads\\\/2020\\\/09\\\/banner_rambla_1900x600_BB.png\",\"width\":1900,\"height\":600,\"caption\":\"Revista Rambla\"},\"image\":{\"@id\":\"https:\\\/\\\/www.revistarambla.com\\\/#\\\/schema\\\/logo\\\/image\\\/\"},\"sameAs\":[\"https:\\\/\\\/www.facebook.com\\\/revistarambla\\\/\",\"https:\\\/\\\/x.com\\\/revistarambla\",\"https:\\\/\\\/www.instagram.com\\\/revista_rambla\",\"https:\\\/\\\/es.linkedin.com\\\/company\\\/revista-rambla\"]},{\"@type\":\"Person\",\"@id\":\"https:\\\/\\\/www.revistarambla.com\\\/#\\\/schema\\\/person\\\/9cc1c0f5495c4a6fd189ddd5ba5c5ac5\",\"name\":\"Estefan\u00eda P\u00e9rez\",\"description\":\"_\"}]}<\/script>\n<!-- \/ Yoast SEO plugin. -->","yoast_head_json":{"title":"Se busca 'jurista social' - Revista Rambla","robots":{"index":"index","follow":"follow","max-snippet":"max-snippet:-1","max-image-preview":"max-image-preview:large","max-video-preview":"max-video-preview:-1"},"canonical":"https:\/\/www.revistarambla.com\/en\/se-busca-jurista-social\/","og_locale":"en_GB","og_type":"article","og_title":"Se busca 'jurista social' - Revista Rambla","og_description":"La delincuencia juvenil es, sin duda, uno de los problemas criminol\u00f3gicos que crece cada d\u00eda m\u00e1s, no solo en nuestro pa\u00eds, sino tambi\u00e9n en el mundo entero. Por eso, y porque la mayor\u00eda de estos j\u00f3venes no tienen recursos para costearse un abogado, son defendidos por abogados de oficio. Con [&hellip;]","og_url":"https:\/\/www.revistarambla.com\/en\/se-busca-jurista-social\/","og_site_name":"Revista Rambla","article_publisher":"https:\/\/www.facebook.com\/revistarambla\/","article_published_time":"2010-09-08T07:21:21+00:00","article_modified_time":"2021-12-10T16:03:12+00:00","og_image":[{"width":400,"height":289,"url":"https:\/\/www.revistarambla.com\/wp-content\/uploads\/2010\/09\/fapac1.jpg","type":"image\/jpeg"}],"author":"Estefan\u00eda P\u00e9rez","twitter_card":"summary_large_image","twitter_creator":"@revistarambla","twitter_site":"@revistarambla","twitter_misc":{"Written by":"Estefan\u00eda P\u00e9rez","Estimated reading time":"7 minutes"},"schema":{"@context":"https:\/\/schema.org","@graph":[{"@type":"Article","@id":"https:\/\/www.revistarambla.com\/se-busca-jurista-social\/#article","isPartOf":{"@id":"https:\/\/www.revistarambla.com\/se-busca-jurista-social\/"},"author":{"name":"Estefan\u00eda P\u00e9rez","@id":"https:\/\/www.revistarambla.com\/#\/schema\/person\/9cc1c0f5495c4a6fd189ddd5ba5c5ac5"},"headline":"Se busca &#8216;jurista social&#8217;","datePublished":"2010-09-08T07:21:21+00:00","dateModified":"2021-12-10T16:03:12+00:00","mainEntityOfPage":{"@id":"https:\/\/www.revistarambla.com\/se-busca-jurista-social\/"},"wordCount":1520,"commentCount":0,"publisher":{"@id":"https:\/\/www.revistarambla.com\/#organization"},"image":{"@id":"https:\/\/www.revistarambla.com\/se-busca-jurista-social\/#primaryimage"},"thumbnailUrl":"https:\/\/www.revistarambla.com\/wp-content\/uploads\/2010\/09\/fapac1.jpg","articleSection":["Actualidad","Barcelona"],"inLanguage":"en-GB","potentialAction":[{"@type":"CommentAction","name":"Comment","target":["https:\/\/www.revistarambla.com\/se-busca-jurista-social\/#respond"]}]},{"@type":"WebPage","@id":"https:\/\/www.revistarambla.com\/se-busca-jurista-social\/","url":"https:\/\/www.revistarambla.com\/se-busca-jurista-social\/","name":"Se busca 'jurista social' - Revista Rambla","isPartOf":{"@id":"https:\/\/www.revistarambla.com\/#website"},"primaryImageOfPage":{"@id":"https:\/\/www.revistarambla.com\/se-busca-jurista-social\/#primaryimage"},"image":{"@id":"https:\/\/www.revistarambla.com\/se-busca-jurista-social\/#primaryimage"},"thumbnailUrl":"https:\/\/www.revistarambla.com\/wp-content\/uploads\/2010\/09\/fapac1.jpg","datePublished":"2010-09-08T07:21:21+00:00","dateModified":"2021-12-10T16:03:12+00:00","breadcrumb":{"@id":"https:\/\/www.revistarambla.com\/se-busca-jurista-social\/#breadcrumb"},"inLanguage":"en-GB","potentialAction":[{"@type":"ReadAction","target":["https:\/\/www.revistarambla.com\/se-busca-jurista-social\/"]}]},{"@type":"ImageObject","inLanguage":"en-GB","@id":"https:\/\/www.revistarambla.com\/se-busca-jurista-social\/#primaryimage","url":"https:\/\/www.revistarambla.com\/wp-content\/uploads\/2010\/09\/fapac1.jpg","contentUrl":"https:\/\/www.revistarambla.com\/wp-content\/uploads\/2010\/09\/fapac1.jpg"},{"@type":"BreadcrumbList","@id":"https:\/\/www.revistarambla.com\/se-busca-jurista-social\/#breadcrumb","itemListElement":[{"@type":"ListItem","position":1,"name":"Portada","item":"https:\/\/www.revistarambla.com\/"},{"@type":"ListItem","position":2,"name":"Se busca &#8216;jurista social&#8217;"}]},{"@type":"WebSite","@id":"https:\/\/www.revistarambla.com\/#website","url":"https:\/\/www.revistarambla.com\/","name":"Revista Rambla Barcelona","description":"Periodismo independiente","publisher":{"@id":"https:\/\/www.revistarambla.com\/#organization"},"potentialAction":[{"@type":"SearchAction","target":{"@type":"EntryPoint","urlTemplate":"https:\/\/www.revistarambla.com\/?s={search_term_string}"},"query-input":{"@type":"PropertyValueSpecification","valueRequired":true,"valueName":"search_term_string"}}],"inLanguage":"en-GB"},{"@type":"Organization","@id":"https:\/\/www.revistarambla.com\/#organization","name":"Revista Rambla","url":"https:\/\/www.revistarambla.com\/","logo":{"@type":"ImageObject","inLanguage":"en-GB","@id":"https:\/\/www.revistarambla.com\/#\/schema\/logo\/image\/","url":"https:\/\/www.revistarambla.com\/wp-content\/uploads\/2020\/09\/banner_rambla_1900x600_BB.png","contentUrl":"https:\/\/www.revistarambla.com\/wp-content\/uploads\/2020\/09\/banner_rambla_1900x600_BB.png","width":1900,"height":600,"caption":"Revista Rambla"},"image":{"@id":"https:\/\/www.revistarambla.com\/#\/schema\/logo\/image\/"},"sameAs":["https:\/\/www.facebook.com\/revistarambla\/","https:\/\/x.com\/revistarambla","https:\/\/www.instagram.com\/revista_rambla","https:\/\/es.linkedin.com\/company\/revista-rambla"]},{"@type":"Person","@id":"https:\/\/www.revistarambla.com\/#\/schema\/person\/9cc1c0f5495c4a6fd189ddd5ba5c5ac5","name":"Estefan\u00eda P\u00e9rez","description":"_"}]}},"_links":{"self":[{"href":"https:\/\/www.revistarambla.com\/en\/wp-json\/wp\/v2\/posts\/325","targetHints":{"allow":["GET"]}}],"collection":[{"href":"https:\/\/www.revistarambla.com\/en\/wp-json\/wp\/v2\/posts"}],"about":[{"href":"https:\/\/www.revistarambla.com\/en\/wp-json\/wp\/v2\/types\/post"}],"author":[{"embeddable":true,"href":"https:\/\/www.revistarambla.com\/en\/wp-json\/wp\/v2\/users\/53"}],"replies":[{"embeddable":true,"href":"https:\/\/www.revistarambla.com\/en\/wp-json\/wp\/v2\/comments?post=325"}],"version-history":[{"count":0,"href":"https:\/\/www.revistarambla.com\/en\/wp-json\/wp\/v2\/posts\/325\/revisions"}],"wp:attachment":[{"href":"https:\/\/www.revistarambla.com\/en\/wp-json\/wp\/v2\/media?parent=325"}],"wp:term":[{"taxonomy":"category","embeddable":true,"href":"https:\/\/www.revistarambla.com\/en\/wp-json\/wp\/v2\/categories?post=325"},{"taxonomy":"post_tag","embeddable":true,"href":"https:\/\/www.revistarambla.com\/en\/wp-json\/wp\/v2\/tags?post=325"}],"curies":[{"name":"wp","href":"https:\/\/api.w.org\/{rel}","templated":true}]}}