{"id":32457,"date":"2021-05-18T17:11:01","date_gmt":"2021-05-18T15:11:01","guid":{"rendered":"https:\/\/www.revistarambla.com\/?p=32457"},"modified":"2023-02-16T11:41:39","modified_gmt":"2023-02-16T10:41:39","slug":"el-satrapa-mohamed-vi-empuja-a-miles-de-ninos-mujeres-y-jovenes-vulnerables-contra-las-fuerzas-armadas-espanolas","status":"publish","type":"post","link":"https:\/\/www.revistarambla.com\/en\/el-satrapa-mohamed-vi-empuja-a-miles-de-ninos-mujeres-y-jovenes-vulnerables-contra-las-fuerzas-armadas-espanolas\/","title":{"rendered":"El s\u00e1trapa Mohamed VI empuja a miles de ni\u00f1os, mujeres y j\u00f3venes contra las fuerzas armadas espa\u00f1olas"},"content":{"rendered":"<p>El pasado ocho de mayo, un comunicado del gobierno marroqu\u00ed lo dejaba claro: \u00abtomamos nota\u00bb, dec\u00eda el mensaje en alusi\u00f3n al amparo m\u00e9dico que el estado espa\u00f1ol estaba brindando a Brahim Ghali, l\u00edder del <a href=\"https:\/\/www.revistarambla.com\/en\/tag\/frente-polisario\/\">Frente Polisario<\/a>, hospitalizado en Logro\u00f1o gravemente afectado por la Covid-19.<\/p>\n<p>No hace mucho, a principios de marzo, el ej\u00e9rcito marroqu\u00ed sacaba pecho ante el archipi\u00e9lago canario tras participar durante cuatro d\u00edas en las maniobras de la Sexta Flota de la Armada de Estados Unidos, santo y se\u00f1a de las actividades militares de la OTAN en el Atl\u00e1ntico y Mediterr\u00e1neo.<\/p>\n<p>Las operaciones militares ven\u00edan precedidas de la declaraci\u00f3n firmada que realiz\u00f3 Trump el pasado 10 de diciembre de 2020, en la que reconoc\u00eda la soberan\u00eda de Marruecos sobre el Sahara Occidental, a la vez que anunciaba la normalizaci\u00f3n de las relaciones diplom\u00e1ticas entre Marruecos e Israel. As\u00ed, no es de extra\u00f1ar que un mes antes del postulado americano, <a href=\"https:\/\/www.revistarambla.com\/en\/marruecos-inicia-la-ofensiva-en-el-sahara-occidental\/\">Marruecos iniciara la ofensiva militar contra el Frente Polisario<\/a>, violando el alto al fuego acordado treinta a\u00f1os atr\u00e1s.<\/p>\n<figure id=\"attachment_32458\" aria-describedby=\"caption-attachment-32458\" style=\"width: 725px\" class=\"wp-caption aligncenter\"><img decoding=\"async\" class=\"wp-image-32458 size-full\" src=\"https:\/\/www.revistarambla.com\/wp-content\/uploads\/2021\/05\/tarajal.jpg\" alt=\"\" width=\"725\" height=\"344\" srcset=\"https:\/\/www.revistarambla.com\/wp-content\/uploads\/2021\/05\/tarajal.jpg 725w, https:\/\/www.revistarambla.com\/wp-content\/uploads\/2021\/05\/tarajal-300x142.jpg 300w\" sizes=\"(max-width: 725px) 100vw, 725px\" \/><figcaption id=\"caption-attachment-32458\" class=\"wp-caption-text\">Migrantes exhaustos descansan el la playa del Tarajal, en Ceuta. Al fondo, los blindados espa\u00f1oles flanquean la valla del espig\u00f3n.<\/figcaption><\/figure>\n<p>En este contexto, el rey de los mil sirvientes, Mohamed VI, ha timado a miles de ni\u00f1os, mujeres y j\u00f3venes migrantes indefensos -que esperaban con ilusi\u00f3n poder dar el salto a una Europa idealizada- para que se arrojaran al mar tratando de alcanzar las costas ceut\u00edes.<\/p>\n<p>Antes de cruzar, muchos de ellos hab\u00edan recibido la consigna de que las playas y el espig\u00f3n del Tarajal estar\u00edan levemente vigilados por la falta de efectivos del estado espa\u00f1ol, siendo este uno de los puntos fronterizos m\u00e1s blandos.<\/p>\n<p>A medida que pisaban territorio espa\u00f1ol, se encontraban con una realidad bien distinta: antidisturbios disparando gases lacrim\u00f3genos, Guardias Civiles en patrulleras y hasta cuatro carros blindados del ej\u00e9rcito. Y lo peor de todo, la devoluci\u00f3n a territorio \u00e1rabe.<\/p>\n<p>Exhaustos y la mayor\u00eda con hipotermia, las personas procedentes del lado marroqu\u00ed se iban amontonando en la playa abatidos. Algunos de ellos, quiz\u00e1s los m\u00e1s fuertes, han podido llegar a la ciudad de Ceuta, donde se han refugiado en cualquier agujero para que, esta vez, la polic\u00eda local no los detuviera.<\/p>\n<p>La dram\u00e1tica situaci\u00f3n de estas personas utilizadas, por un lado, y por otro, raramente mejorar\u00e1. Aqu\u00ed, a muchos les espera sufrir los clich\u00e9s de la xenofobia, el rechazo de una Europa azotada por la crisis de la Covid y fustigada por los movimientos nacionalpopulistas de extrema derecha que los estigmatizar\u00e1 sin contemplaciones.<\/p>\n<h3>Trasladados en autobuses<\/h3>\n<div>La operaci\u00f3n de Mohamed VI estaba perfectamente premeditada. Seg\u00fan ha publicado el portal <em>EcSaharaui<\/em>, al menos 9.000 personas habr\u00edan cruzado desde Marruecos hasta territorio espa\u00f1ol. Seg\u00fan fuentes citadas del gobierno ceut\u00ed, \u00abtodo estaba perfectamente organizado\u00bb porque hay autobuses que han llegado desde el interior de Marruecos a cuyos pasajeros se les indicaba la forma de cruzar la frontera y entrar en Ceuta: \u00abcuando llegaban a la frontera, las propias fuerzas marroqu\u00edes les indicaban por d\u00f3nde saltar\u00bb.<\/div>\n<div><\/div>\n<div>De hecho, se ha hecho viral el video de un militar marroqu\u00ed abriendo una de las puertas de la frontera para permitir el paso de estas personas. Por otro lado, el Consejo de Ministros del Gobierno de Pedro S\u00e1nchez ha aprobado hoy la entrega de 30 millones de euros m\u00e1s a Marruecos para el despliegue policial contra \u00abla inmigraci\u00f3n irregular\u00bb. Esta partida, seg\u00fan una nota de Grande Marlaska, ya estaba contemplada en los Presupuestos y ya se hab\u00eda previsto su aprobaci\u00f3n la semana pasada, antes de que estallase la crisis migratoria en Ceuta.<\/div>\n<h3>Ataque marroqu\u00ed en el S\u00e1hara Occidental<\/h3>\n<p>El pasado mes de noviembre, tal y como public\u00f3 <em>R@mbla<\/em>, Marruecos viol\u00f3 el alto al fuego firmado en 1991 con el Frente Polisario y reanud\u00f3 la ofensiva militar en Gerguerat, en el l\u00edmite entre el Sahara Occidental y Mauritania. En esa zona, civiles saharauis hab\u00edan bloqueado el paso fronterizo que funciona ilegalmente entre los territorios que Marruecos ocupa y Mauritania en un intento de recuperar su territorio. El Frente Polisario <a href=\"https:\/\/www.revistarambla.com\/en\/el-frente-polisario-declara-el-estado-de-guerra-y-la-movilizacion-general\/\">declar\u00f3 entonces el \u00abestado de guerra\u00bb<\/a> y la movilizaci\u00f3n general.<\/p>\n<h3>Mohamed VI, el rey de los mil sirvientes<\/h3>\n<p>El rey de Marruecos, Mohamed VI, es uno de los s\u00e1trapas m\u00e1s poderosos del continente africano. Su patrimonio est\u00e1 valorado en cinco mil millones de euros, superando con creces al de la reina de Inglaterra. Parte de esta fortuna la hered\u00f3 de su padre, Hassan II (\u00edntimo de Juan Carlos I, al que llamaba su \u00abhermano del alma\u00bb), pero Mohamed VI la ha ampliado sustancialmente en dos d\u00e9cadas de autocracia.<\/p>\n<p>Es due\u00f1o de 12 palacios para los que requiere un ej\u00e9rcito de 1.100 sirvientes. Adem\u00e1s, es propietario de uno de los hoteles m\u00e1s caros del mundo, el hotel Royal Mansour, con un spa de 1.500 metros cuadrados de m\u00e1rmol blanco. Tambi\u00e9n posee uno de los yates m\u00e1s grandes que existen. En su haber dispone de decenas de coches de lujo. Parte de su imperio empresarial abarca una cadena de supermercados, adem\u00e1s de seguros y bancos, por lo que su fortuna crece cada vez que los marroqu\u00edes van a la compra.<\/p>\n<h3>Un ej\u00e9rcito reforzado<\/h3>\n<p>En los \u00faltimos a\u00f1os, Marruecos ha redoblado las inversiones en programas de armamento, adem\u00e1s de recibir ayuda militar millonaria de Estados Unidos y de Arabia Saud\u00ed, entre otros pa\u00edses afines. Entre los a\u00f1os 2011 y 2012, incorpor\u00f3 24 cazabombarderos F-16 estadounidenses, por 2.200 millones de euros, a los que se sumaron otras 25 unidades m\u00e1s.<\/p>\n<p>En 2018, las fuerzas terrestres marroqu\u00edes dieron un salto de calidad con 162 carros de combate M1A1 Abrams, tambi\u00e9n adquiridos a trav\u00e9s del programa de excedentes de Estados Unidos. Y a finales de 2019, las autoridades norteamericanas respaldaron una nueva venta de 36 helic\u00f3pteros Apache a Marruecos, adem\u00e1s de las adquisiciones de fragatas para crear una potente marina de guerra, que tambi\u00e9n cuenta con suministros como submarinos de Rusia, pa\u00eds que visit\u00f3 en 2016 el monarca, Mohamed VI.<\/p>","protected":false},"excerpt":{"rendered":"<p>La apertura de fronteras marroqu\u00edes en Ceuta y Melilla responde al amparo que dio el estado espa\u00f1ol a Brahim Ghali, lider del Frente Polisario auxiliado en Logro\u00f1o. Tras el apoyo de Trump y de la OTAN, Marruecos se siente m\u00e1s fuerte para reclamar por cualquier v\u00eda la soberan\u00eda del Sahara Occidental. El gobierno espa\u00f1ol aprueba la entrega de 30 millones de euros m\u00e1s a Marruecos para el despliegue policial<\/p>","protected":false},"author":3,"featured_media":32458,"comment_status":"open","ping_status":"open","sticky":false,"template":"","format":"standard","meta":{"footnotes":""},"categories":[58],"tags":[],"class_list":["post-32457","post","type-post","status-publish","format-standard","has-post-thumbnail","hentry","category-estado-espanol"],"yoast_head":"<!-- This site is optimized with the Yoast SEO plugin v27.5 - https:\/\/yoast.com\/product\/yoast-seo-wordpress\/ -->\n<title>El s\u00e1trapa Mohamed VI empuja a miles de ni\u00f1os, mujeres y j\u00f3venes contra las fuerzas armadas espa\u00f1olas - Revista Rambla<\/title>\n<meta name=\"robots\" content=\"index, follow, max-snippet:-1, max-image-preview:large, max-video-preview:-1\" \/>\n<link rel=\"canonical\" href=\"https:\/\/www.revistarambla.com\/en\/el-satrapa-mohamed-vi-empuja-a-miles-de-ninos-mujeres-y-jovenes-vulnerables-contra-las-fuerzas-armadas-espanolas\/\" \/>\n<meta property=\"og:locale\" content=\"en_GB\" \/>\n<meta property=\"og:type\" content=\"article\" \/>\n<meta property=\"og:title\" content=\"El s\u00e1trapa Mohamed VI empuja a miles de ni\u00f1os, mujeres y j\u00f3venes contra las fuerzas armadas espa\u00f1olas - Revista Rambla\" \/>\n<meta property=\"og:description\" content=\"La apertura de fronteras marroqu\u00edes en Ceuta y Melilla responde al amparo que dio el estado espa\u00f1ol a Brahim Ghali, lider del Frente Polisario auxiliado en Logro\u00f1o. Tras el apoyo de Trump y de la OTAN, Marruecos se siente m\u00e1s fuerte para reclamar por cualquier v\u00eda la soberan\u00eda del Sahara Occidental. El gobierno espa\u00f1ol aprueba la entrega de 30 millones de euros m\u00e1s a Marruecos para el despliegue policial\" \/>\n<meta property=\"og:url\" content=\"https:\/\/www.revistarambla.com\/en\/el-satrapa-mohamed-vi-empuja-a-miles-de-ninos-mujeres-y-jovenes-vulnerables-contra-las-fuerzas-armadas-espanolas\/\" \/>\n<meta property=\"og:site_name\" content=\"Revista Rambla\" \/>\n<meta property=\"article:publisher\" content=\"https:\/\/www.facebook.com\/revistarambla\/\" \/>\n<meta property=\"article:author\" content=\"https:\/\/www.facebook.com\/revistarambla\" \/>\n<meta property=\"article:published_time\" content=\"2021-05-18T15:11:01+00:00\" \/>\n<meta property=\"article:modified_time\" content=\"2023-02-16T10:41:39+00:00\" \/>\n<meta property=\"og:image\" content=\"https:\/\/www.revistarambla.com\/wp-content\/uploads\/2021\/05\/tarajal.jpg\" \/>\n\t<meta property=\"og:image:width\" content=\"725\" \/>\n\t<meta property=\"og:image:height\" content=\"344\" \/>\n\t<meta property=\"og:image:type\" content=\"image\/jpeg\" \/>\n<meta name=\"author\" content=\"R@mbla\" \/>\n<meta name=\"twitter:card\" content=\"summary_large_image\" \/>\n<meta name=\"twitter:creator\" content=\"@revistarambla\" \/>\n<meta name=\"twitter:site\" content=\"@revistarambla\" \/>\n<meta name=\"twitter:label1\" content=\"Written by\" \/>\n\t<meta name=\"twitter:data1\" content=\"R@mbla\" \/>\n\t<meta name=\"twitter:label2\" content=\"Estimated reading time\" \/>\n\t<meta name=\"twitter:data2\" content=\"5 minutes\" \/>\n<script type=\"application\/ld+json\" class=\"yoast-schema-graph\">{\"@context\":\"https:\\\/\\\/schema.org\",\"@graph\":[{\"@type\":\"Article\",\"@id\":\"https:\\\/\\\/www.revistarambla.com\\\/el-satrapa-mohamed-vi-empuja-a-miles-de-ninos-mujeres-y-jovenes-vulnerables-contra-las-fuerzas-armadas-espanolas\\\/#article\",\"isPartOf\":{\"@id\":\"https:\\\/\\\/www.revistarambla.com\\\/el-satrapa-mohamed-vi-empuja-a-miles-de-ninos-mujeres-y-jovenes-vulnerables-contra-las-fuerzas-armadas-espanolas\\\/\"},\"author\":{\"name\":\"R@mbla\",\"@id\":\"https:\\\/\\\/www.revistarambla.com\\\/#\\\/schema\\\/person\\\/a146a5a2550b94981a75131180e1bd9c\"},\"headline\":\"El s\u00e1trapa Mohamed VI empuja a miles de ni\u00f1os, mujeres y j\u00f3venes contra las fuerzas armadas espa\u00f1olas\",\"datePublished\":\"2021-05-18T15:11:01+00:00\",\"dateModified\":\"2023-02-16T10:41:39+00:00\",\"mainEntityOfPage\":{\"@id\":\"https:\\\/\\\/www.revistarambla.com\\\/el-satrapa-mohamed-vi-empuja-a-miles-de-ninos-mujeres-y-jovenes-vulnerables-contra-las-fuerzas-armadas-espanolas\\\/\"},\"wordCount\":1074,\"commentCount\":0,\"publisher\":{\"@id\":\"https:\\\/\\\/www.revistarambla.com\\\/#organization\"},\"image\":{\"@id\":\"https:\\\/\\\/www.revistarambla.com\\\/el-satrapa-mohamed-vi-empuja-a-miles-de-ninos-mujeres-y-jovenes-vulnerables-contra-las-fuerzas-armadas-espanolas\\\/#primaryimage\"},\"thumbnailUrl\":\"https:\\\/\\\/www.revistarambla.com\\\/wp-content\\\/uploads\\\/2021\\\/05\\\/tarajal.jpg\",\"articleSection\":[\"Estado Espa\u00f1ol\"],\"inLanguage\":\"en-GB\",\"potentialAction\":[{\"@type\":\"CommentAction\",\"name\":\"Comment\",\"target\":[\"https:\\\/\\\/www.revistarambla.com\\\/el-satrapa-mohamed-vi-empuja-a-miles-de-ninos-mujeres-y-jovenes-vulnerables-contra-las-fuerzas-armadas-espanolas\\\/#respond\"]}]},{\"@type\":\"WebPage\",\"@id\":\"https:\\\/\\\/www.revistarambla.com\\\/el-satrapa-mohamed-vi-empuja-a-miles-de-ninos-mujeres-y-jovenes-vulnerables-contra-las-fuerzas-armadas-espanolas\\\/\",\"url\":\"https:\\\/\\\/www.revistarambla.com\\\/el-satrapa-mohamed-vi-empuja-a-miles-de-ninos-mujeres-y-jovenes-vulnerables-contra-las-fuerzas-armadas-espanolas\\\/\",\"name\":\"El s\u00e1trapa Mohamed VI empuja a miles de ni\u00f1os, mujeres y j\u00f3venes contra las fuerzas armadas espa\u00f1olas - Revista Rambla\",\"isPartOf\":{\"@id\":\"https:\\\/\\\/www.revistarambla.com\\\/#website\"},\"primaryImageOfPage\":{\"@id\":\"https:\\\/\\\/www.revistarambla.com\\\/el-satrapa-mohamed-vi-empuja-a-miles-de-ninos-mujeres-y-jovenes-vulnerables-contra-las-fuerzas-armadas-espanolas\\\/#primaryimage\"},\"image\":{\"@id\":\"https:\\\/\\\/www.revistarambla.com\\\/el-satrapa-mohamed-vi-empuja-a-miles-de-ninos-mujeres-y-jovenes-vulnerables-contra-las-fuerzas-armadas-espanolas\\\/#primaryimage\"},\"thumbnailUrl\":\"https:\\\/\\\/www.revistarambla.com\\\/wp-content\\\/uploads\\\/2021\\\/05\\\/tarajal.jpg\",\"datePublished\":\"2021-05-18T15:11:01+00:00\",\"dateModified\":\"2023-02-16T10:41:39+00:00\",\"breadcrumb\":{\"@id\":\"https:\\\/\\\/www.revistarambla.com\\\/el-satrapa-mohamed-vi-empuja-a-miles-de-ninos-mujeres-y-jovenes-vulnerables-contra-las-fuerzas-armadas-espanolas\\\/#breadcrumb\"},\"inLanguage\":\"en-GB\",\"potentialAction\":[{\"@type\":\"ReadAction\",\"target\":[\"https:\\\/\\\/www.revistarambla.com\\\/el-satrapa-mohamed-vi-empuja-a-miles-de-ninos-mujeres-y-jovenes-vulnerables-contra-las-fuerzas-armadas-espanolas\\\/\"]}]},{\"@type\":\"ImageObject\",\"inLanguage\":\"en-GB\",\"@id\":\"https:\\\/\\\/www.revistarambla.com\\\/el-satrapa-mohamed-vi-empuja-a-miles-de-ninos-mujeres-y-jovenes-vulnerables-contra-las-fuerzas-armadas-espanolas\\\/#primaryimage\",\"url\":\"https:\\\/\\\/www.revistarambla.com\\\/wp-content\\\/uploads\\\/2021\\\/05\\\/tarajal.jpg\",\"contentUrl\":\"https:\\\/\\\/www.revistarambla.com\\\/wp-content\\\/uploads\\\/2021\\\/05\\\/tarajal.jpg\",\"width\":725,\"height\":344},{\"@type\":\"BreadcrumbList\",\"@id\":\"https:\\\/\\\/www.revistarambla.com\\\/el-satrapa-mohamed-vi-empuja-a-miles-de-ninos-mujeres-y-jovenes-vulnerables-contra-las-fuerzas-armadas-espanolas\\\/#breadcrumb\",\"itemListElement\":[{\"@type\":\"ListItem\",\"position\":1,\"name\":\"Portada\",\"item\":\"https:\\\/\\\/www.revistarambla.com\\\/\"},{\"@type\":\"ListItem\",\"position\":2,\"name\":\"El s\u00e1trapa Mohamed VI empuja a miles de ni\u00f1os, mujeres y j\u00f3venes contra las fuerzas armadas espa\u00f1olas\"}]},{\"@type\":\"WebSite\",\"@id\":\"https:\\\/\\\/www.revistarambla.com\\\/#website\",\"url\":\"https:\\\/\\\/www.revistarambla.com\\\/\",\"name\":\"Revista Rambla Barcelona\",\"description\":\"Periodismo independiente\",\"publisher\":{\"@id\":\"https:\\\/\\\/www.revistarambla.com\\\/#organization\"},\"potentialAction\":[{\"@type\":\"SearchAction\",\"target\":{\"@type\":\"EntryPoint\",\"urlTemplate\":\"https:\\\/\\\/www.revistarambla.com\\\/?s={search_term_string}\"},\"query-input\":{\"@type\":\"PropertyValueSpecification\",\"valueRequired\":true,\"valueName\":\"search_term_string\"}}],\"inLanguage\":\"en-GB\"},{\"@type\":\"Organization\",\"@id\":\"https:\\\/\\\/www.revistarambla.com\\\/#organization\",\"name\":\"Revista Rambla\",\"url\":\"https:\\\/\\\/www.revistarambla.com\\\/\",\"logo\":{\"@type\":\"ImageObject\",\"inLanguage\":\"en-GB\",\"@id\":\"https:\\\/\\\/www.revistarambla.com\\\/#\\\/schema\\\/logo\\\/image\\\/\",\"url\":\"https:\\\/\\\/www.revistarambla.com\\\/wp-content\\\/uploads\\\/2020\\\/09\\\/banner_rambla_1900x600_BB.png\",\"contentUrl\":\"https:\\\/\\\/www.revistarambla.com\\\/wp-content\\\/uploads\\\/2020\\\/09\\\/banner_rambla_1900x600_BB.png\",\"width\":1900,\"height\":600,\"caption\":\"Revista Rambla\"},\"image\":{\"@id\":\"https:\\\/\\\/www.revistarambla.com\\\/#\\\/schema\\\/logo\\\/image\\\/\"},\"sameAs\":[\"https:\\\/\\\/www.facebook.com\\\/revistarambla\\\/\",\"https:\\\/\\\/x.com\\\/revistarambla\",\"https:\\\/\\\/www.instagram.com\\\/revista_rambla\",\"https:\\\/\\\/es.linkedin.com\\\/company\\\/revista-rambla\"]},{\"@type\":\"Person\",\"@id\":\"https:\\\/\\\/www.revistarambla.com\\\/#\\\/schema\\\/person\\\/a146a5a2550b94981a75131180e1bd9c\",\"name\":\"R@mbla\",\"description\":\"Este art\u00edculo ha sido redactado y\\\/o validado por el equipo de redacci\u00f3n de Revista Rambla.\",\"sameAs\":[\"https:\\\/\\\/www.revistarambla.com\\\/\",\"https:\\\/\\\/www.facebook.com\\\/revistarambla\",\"https:\\\/\\\/x.com\\\/revistarambla\"]}]}<\/script>\n<!-- \/ Yoast SEO plugin. -->","yoast_head_json":{"title":"El s\u00e1trapa Mohamed VI empuja a miles de ni\u00f1os, mujeres y j\u00f3venes contra las fuerzas armadas espa\u00f1olas - Revista Rambla","robots":{"index":"index","follow":"follow","max-snippet":"max-snippet:-1","max-image-preview":"max-image-preview:large","max-video-preview":"max-video-preview:-1"},"canonical":"https:\/\/www.revistarambla.com\/en\/el-satrapa-mohamed-vi-empuja-a-miles-de-ninos-mujeres-y-jovenes-vulnerables-contra-las-fuerzas-armadas-espanolas\/","og_locale":"en_GB","og_type":"article","og_title":"El s\u00e1trapa Mohamed VI empuja a miles de ni\u00f1os, mujeres y j\u00f3venes contra las fuerzas armadas espa\u00f1olas - Revista Rambla","og_description":"La apertura de fronteras marroqu\u00edes en Ceuta y Melilla responde al amparo que dio el estado espa\u00f1ol a Brahim Ghali, lider del Frente Polisario auxiliado en Logro\u00f1o. Tras el apoyo de Trump y de la OTAN, Marruecos se siente m\u00e1s fuerte para reclamar por cualquier v\u00eda la soberan\u00eda del Sahara Occidental. El gobierno espa\u00f1ol aprueba la entrega de 30 millones de euros m\u00e1s a Marruecos para el despliegue policial","og_url":"https:\/\/www.revistarambla.com\/en\/el-satrapa-mohamed-vi-empuja-a-miles-de-ninos-mujeres-y-jovenes-vulnerables-contra-las-fuerzas-armadas-espanolas\/","og_site_name":"Revista Rambla","article_publisher":"https:\/\/www.facebook.com\/revistarambla\/","article_author":"https:\/\/www.facebook.com\/revistarambla","article_published_time":"2021-05-18T15:11:01+00:00","article_modified_time":"2023-02-16T10:41:39+00:00","og_image":[{"width":725,"height":344,"url":"https:\/\/www.revistarambla.com\/wp-content\/uploads\/2021\/05\/tarajal.jpg","type":"image\/jpeg"}],"author":"R@mbla","twitter_card":"summary_large_image","twitter_creator":"@revistarambla","twitter_site":"@revistarambla","twitter_misc":{"Written by":"R@mbla","Estimated reading time":"5 minutes"},"schema":{"@context":"https:\/\/schema.org","@graph":[{"@type":"Article","@id":"https:\/\/www.revistarambla.com\/el-satrapa-mohamed-vi-empuja-a-miles-de-ninos-mujeres-y-jovenes-vulnerables-contra-las-fuerzas-armadas-espanolas\/#article","isPartOf":{"@id":"https:\/\/www.revistarambla.com\/el-satrapa-mohamed-vi-empuja-a-miles-de-ninos-mujeres-y-jovenes-vulnerables-contra-las-fuerzas-armadas-espanolas\/"},"author":{"name":"R@mbla","@id":"https:\/\/www.revistarambla.com\/#\/schema\/person\/a146a5a2550b94981a75131180e1bd9c"},"headline":"El s\u00e1trapa Mohamed VI empuja a miles de ni\u00f1os, mujeres y j\u00f3venes contra las fuerzas armadas espa\u00f1olas","datePublished":"2021-05-18T15:11:01+00:00","dateModified":"2023-02-16T10:41:39+00:00","mainEntityOfPage":{"@id":"https:\/\/www.revistarambla.com\/el-satrapa-mohamed-vi-empuja-a-miles-de-ninos-mujeres-y-jovenes-vulnerables-contra-las-fuerzas-armadas-espanolas\/"},"wordCount":1074,"commentCount":0,"publisher":{"@id":"https:\/\/www.revistarambla.com\/#organization"},"image":{"@id":"https:\/\/www.revistarambla.com\/el-satrapa-mohamed-vi-empuja-a-miles-de-ninos-mujeres-y-jovenes-vulnerables-contra-las-fuerzas-armadas-espanolas\/#primaryimage"},"thumbnailUrl":"https:\/\/www.revistarambla.com\/wp-content\/uploads\/2021\/05\/tarajal.jpg","articleSection":["Estado Espa\u00f1ol"],"inLanguage":"en-GB","potentialAction":[{"@type":"CommentAction","name":"Comment","target":["https:\/\/www.revistarambla.com\/el-satrapa-mohamed-vi-empuja-a-miles-de-ninos-mujeres-y-jovenes-vulnerables-contra-las-fuerzas-armadas-espanolas\/#respond"]}]},{"@type":"WebPage","@id":"https:\/\/www.revistarambla.com\/el-satrapa-mohamed-vi-empuja-a-miles-de-ninos-mujeres-y-jovenes-vulnerables-contra-las-fuerzas-armadas-espanolas\/","url":"https:\/\/www.revistarambla.com\/el-satrapa-mohamed-vi-empuja-a-miles-de-ninos-mujeres-y-jovenes-vulnerables-contra-las-fuerzas-armadas-espanolas\/","name":"El s\u00e1trapa Mohamed VI empuja a miles de ni\u00f1os, mujeres y j\u00f3venes contra las fuerzas armadas espa\u00f1olas - Revista Rambla","isPartOf":{"@id":"https:\/\/www.revistarambla.com\/#website"},"primaryImageOfPage":{"@id":"https:\/\/www.revistarambla.com\/el-satrapa-mohamed-vi-empuja-a-miles-de-ninos-mujeres-y-jovenes-vulnerables-contra-las-fuerzas-armadas-espanolas\/#primaryimage"},"image":{"@id":"https:\/\/www.revistarambla.com\/el-satrapa-mohamed-vi-empuja-a-miles-de-ninos-mujeres-y-jovenes-vulnerables-contra-las-fuerzas-armadas-espanolas\/#primaryimage"},"thumbnailUrl":"https:\/\/www.revistarambla.com\/wp-content\/uploads\/2021\/05\/tarajal.jpg","datePublished":"2021-05-18T15:11:01+00:00","dateModified":"2023-02-16T10:41:39+00:00","breadcrumb":{"@id":"https:\/\/www.revistarambla.com\/el-satrapa-mohamed-vi-empuja-a-miles-de-ninos-mujeres-y-jovenes-vulnerables-contra-las-fuerzas-armadas-espanolas\/#breadcrumb"},"inLanguage":"en-GB","potentialAction":[{"@type":"ReadAction","target":["https:\/\/www.revistarambla.com\/el-satrapa-mohamed-vi-empuja-a-miles-de-ninos-mujeres-y-jovenes-vulnerables-contra-las-fuerzas-armadas-espanolas\/"]}]},{"@type":"ImageObject","inLanguage":"en-GB","@id":"https:\/\/www.revistarambla.com\/el-satrapa-mohamed-vi-empuja-a-miles-de-ninos-mujeres-y-jovenes-vulnerables-contra-las-fuerzas-armadas-espanolas\/#primaryimage","url":"https:\/\/www.revistarambla.com\/wp-content\/uploads\/2021\/05\/tarajal.jpg","contentUrl":"https:\/\/www.revistarambla.com\/wp-content\/uploads\/2021\/05\/tarajal.jpg","width":725,"height":344},{"@type":"BreadcrumbList","@id":"https:\/\/www.revistarambla.com\/el-satrapa-mohamed-vi-empuja-a-miles-de-ninos-mujeres-y-jovenes-vulnerables-contra-las-fuerzas-armadas-espanolas\/#breadcrumb","itemListElement":[{"@type":"ListItem","position":1,"name":"Portada","item":"https:\/\/www.revistarambla.com\/"},{"@type":"ListItem","position":2,"name":"El s\u00e1trapa Mohamed VI empuja a miles de ni\u00f1os, mujeres y j\u00f3venes contra las fuerzas armadas espa\u00f1olas"}]},{"@type":"WebSite","@id":"https:\/\/www.revistarambla.com\/#website","url":"https:\/\/www.revistarambla.com\/","name":"Revista Rambla Barcelona","description":"Periodismo independiente","publisher":{"@id":"https:\/\/www.revistarambla.com\/#organization"},"potentialAction":[{"@type":"SearchAction","target":{"@type":"EntryPoint","urlTemplate":"https:\/\/www.revistarambla.com\/?s={search_term_string}"},"query-input":{"@type":"PropertyValueSpecification","valueRequired":true,"valueName":"search_term_string"}}],"inLanguage":"en-GB"},{"@type":"Organization","@id":"https:\/\/www.revistarambla.com\/#organization","name":"Revista Rambla","url":"https:\/\/www.revistarambla.com\/","logo":{"@type":"ImageObject","inLanguage":"en-GB","@id":"https:\/\/www.revistarambla.com\/#\/schema\/logo\/image\/","url":"https:\/\/www.revistarambla.com\/wp-content\/uploads\/2020\/09\/banner_rambla_1900x600_BB.png","contentUrl":"https:\/\/www.revistarambla.com\/wp-content\/uploads\/2020\/09\/banner_rambla_1900x600_BB.png","width":1900,"height":600,"caption":"Revista Rambla"},"image":{"@id":"https:\/\/www.revistarambla.com\/#\/schema\/logo\/image\/"},"sameAs":["https:\/\/www.facebook.com\/revistarambla\/","https:\/\/x.com\/revistarambla","https:\/\/www.instagram.com\/revista_rambla","https:\/\/es.linkedin.com\/company\/revista-rambla"]},{"@type":"Person","@id":"https:\/\/www.revistarambla.com\/#\/schema\/person\/a146a5a2550b94981a75131180e1bd9c","name":"R@mbla","description":"Este art\u00edculo ha sido redactado y\/o validado por el equipo de redacci\u00f3n de Revista Rambla.","sameAs":["https:\/\/www.revistarambla.com\/","https:\/\/www.facebook.com\/revistarambla","https:\/\/x.com\/revistarambla"]}]}},"_links":{"self":[{"href":"https:\/\/www.revistarambla.com\/en\/wp-json\/wp\/v2\/posts\/32457","targetHints":{"allow":["GET"]}}],"collection":[{"href":"https:\/\/www.revistarambla.com\/en\/wp-json\/wp\/v2\/posts"}],"about":[{"href":"https:\/\/www.revistarambla.com\/en\/wp-json\/wp\/v2\/types\/post"}],"author":[{"embeddable":true,"href":"https:\/\/www.revistarambla.com\/en\/wp-json\/wp\/v2\/users\/3"}],"replies":[{"embeddable":true,"href":"https:\/\/www.revistarambla.com\/en\/wp-json\/wp\/v2\/comments?post=32457"}],"version-history":[{"count":2,"href":"https:\/\/www.revistarambla.com\/en\/wp-json\/wp\/v2\/posts\/32457\/revisions"}],"predecessor-version":[{"id":52709,"href":"https:\/\/www.revistarambla.com\/en\/wp-json\/wp\/v2\/posts\/32457\/revisions\/52709"}],"wp:featuredmedia":[{"embeddable":true,"href":"https:\/\/www.revistarambla.com\/en\/wp-json\/wp\/v2\/media\/32458"}],"wp:attachment":[{"href":"https:\/\/www.revistarambla.com\/en\/wp-json\/wp\/v2\/media?parent=32457"}],"wp:term":[{"taxonomy":"category","embeddable":true,"href":"https:\/\/www.revistarambla.com\/en\/wp-json\/wp\/v2\/categories?post=32457"},{"taxonomy":"post_tag","embeddable":true,"href":"https:\/\/www.revistarambla.com\/en\/wp-json\/wp\/v2\/tags?post=32457"}],"curies":[{"name":"wp","href":"https:\/\/api.w.org\/{rel}","templated":true}]}}