{"id":32446,"date":"2021-05-17T21:01:54","date_gmt":"2021-05-17T19:01:54","guid":{"rendered":"https:\/\/www.revistarambla.com\/?p=32446"},"modified":"2021-12-07T17:06:39","modified_gmt":"2021-12-07T16:06:39","slug":"sociologia-de-la-sociedad-en-riesgo","status":"publish","type":"post","link":"https:\/\/www.revistarambla.com\/en\/sociologia-de-la-sociedad-en-riesgo\/","title":{"rendered":"Sociolog\u00eda de la sociedad en riesgo"},"content":{"rendered":"<figure id=\"attachment_32447\" aria-describedby=\"caption-attachment-32447\" style=\"width: 325px\" class=\"wp-caption alignright\"><a href=\"https:\/\/cartoonmovement.com\/cartoonist\/12403\"><img decoding=\"async\" class=\"wp-image-32447\" src=\"https:\/\/www.revistarambla.com\/wp-content\/uploads\/2021\/05\/Saude-em-Tempo-de-Covid-212x300.jpg\" alt=\"\" width=\"325\" height=\"459\" srcset=\"https:\/\/www.revistarambla.com\/wp-content\/uploads\/2021\/05\/Saude-em-Tempo-de-Covid-212x300.jpg 212w, https:\/\/www.revistarambla.com\/wp-content\/uploads\/2021\/05\/Saude-em-Tempo-de-Covid-725x1024.jpg 725w, https:\/\/www.revistarambla.com\/wp-content\/uploads\/2021\/05\/Saude-em-Tempo-de-Covid-768x1085.jpg 768w, https:\/\/www.revistarambla.com\/wp-content\/uploads\/2021\/05\/Saude-em-Tempo-de-Covid.jpg 800w\" sizes=\"(max-width: 325px) 100vw, 325px\" \/><\/a><figcaption id=\"caption-attachment-32447\" class=\"wp-caption-text\">Ilustra Ricardo Ferreira.<\/figcaption><\/figure>\n<p style=\"text-align: left;\" align=\"JUSTIFY\"><span lang=\"es-PE\">El concepto de riesgo es una de las principales herramientas te\u00f3ricas que tiene la sociolog\u00eda contempor\u00e1nea para analizar la din\u00e1mica de la sociedad moderna. Y ahora, la crisis global del sistema sanitario nos confronta con la idea de estar viviendo en la as\u00ed llamada \u201csociedad de riesgo\u201d de la que hablaba Ulrich Beck (<a href=\"https:\/\/tinyurl.com\/hvz22dha\">https:\/\/tinyurl.com\/hvz22dha<\/a>).<\/span><\/p>\n<p style=\"text-align: left;\" align=\"JUSTIFY\"><span lang=\"es-PE\">Se impone entonces el miedo y una respuesta desmedida del aparato estatal para ordenar este caos. Sin embargo, en Latinoam\u00e9rica se viene registrando un recorte de las libertades individuales e imposici\u00f3n de medidas dr\u00e1sticas, usando una especie de polic\u00eda administrativa, que impone confinamiento, inmovilizaci\u00f3n social, distanciamiento, recorte de libertades individuales.<\/span><\/p>\n<p style=\"text-align: left;\" align=\"JUSTIFY\"><span lang=\"es-PE\">Debemos se\u00f1alar que las sociedades globales contempor\u00e1neas organizan sus \u00edndices y l\u00f3gicas de riesgo a partir de la dimensi\u00f3n de las cat\u00e1strofes. En su libro <\/span><em><span lang=\"es-PE\">Consecuencias de la modernidad<\/span><\/em><span lang=\"es-PE\">, Anthony Giddens evaluaba que el riesgo se sosten\u00eda en la inminencia de una cat\u00e1strofe que nunca terminaba de llegar, pero es la cat\u00e1strofe (ecol\u00f3gica, clim\u00e1tica, viral, bacteriol\u00f3gica, etc\u00e9tera) lo que articula el car\u00e1cter reflexivo de lo social. Esta dimensi\u00f3n es propia de la globalizaci\u00f3n, y por eso se debe entender que la pandemia por COVID-19 es parte de los procesos globales, que son pol\u00edticos, sociales y econ\u00f3micos.<\/span><\/p>\n<p style=\"text-align: left;\" align=\"JUSTIFY\">La cuesti\u00f3n que se presenta es que la pandemia actual est\u00e1 acompa\u00f1ada por el car\u00e1cter tambi\u00e9n viral de la informaci\u00f3n, y semejante exceso hace que resulte pr\u00e1cticamente imposible procesarla y ordenarla, dando lugar a un desorden del sistema. Esta viralizaci\u00f3n de informaci\u00f3n est\u00e1 en conjunto con un amplio repertorio de \u201cfake news\u201d, que es el modo de introducir una afectaci\u00f3n, un virus en las decisiones y medidas que los gobiernos asumen para enfrentar e informar los problemas que la pandemia provoca.<\/p>\n<p style=\"text-align: left;\" align=\"JUSTIFY\">Debido a este fen\u00f3meno social la verdadera cat\u00e1strofe es la completa transparencia de la informaci\u00f3n que recibimos, porque cuando cualquier cosa puede ser verdadera, lo que se afecta es la comunidad de sentido a partir de la cual se procesan los conocimientos sobre fen\u00f3menos novedosos.<\/p>\n<p style=\"text-align: left;\" align=\"JUSTIFY\"><span lang=\"es-PE\">Al respecto de la sociedad moderna, en Espa\u00f1a se ha publicado <\/span><em><span lang=\"es-PE\">La Intervenci\u00f3n administrativa en el sistema de prevenci\u00f3n de riesgos sanitarios en Latinoam\u00e9rica: la respuesta del derecho administrativo latinoamericano y los poderes p\u00fablicos frente a la Covid-19<\/span><\/em><span lang=\"es-PE\"> (Editorial Colex, Galicia, Espa\u00f1a, 2021). El coordinador es el Dr. Mirko Maldonado-Mel\u00e9ndez, Doctor en Derecho por la Universidad del Pa\u00eds Vasco (Espa\u00f1a) y peruano de nacimiento.<\/span><\/p>\n<p style=\"text-align: left;\" align=\"JUSTIFY\"><span lang=\"es-PE\">El libro deja entrever que \u00abla presente crisis global del sistema sanitario no s\u00f3lo ha demostrado la falta de protecci\u00f3n del Estado a nivel social y la poca tutela de la dignidad con la que es tratado el enfermo, sino tambi\u00e9n una inoperante administraci\u00f3n p\u00fablica ajena y distante del ciudadano, reci\u00e9n en intentos por fortalecerse (ad portas de la cuarta ola de contagio) cuya caracter\u00edstica principal y com\u00fan es la prevalencia del aislamiento social (cuarentena) e inmovilizaci\u00f3n de la poblaci\u00f3n, adem\u00e1s de las reglas coerci\u00f3n social (restricciones de derechos y garant\u00edas) que trae la nueva convivencia social dispuesta por los estados en Latinoam\u00e9rica\u00bb.<\/span><\/p>\n<p style=\"text-align: left;\" align=\"JUSTIFY\"><span lang=\"es-PE\">Tal como lo informa la Editorial Colex (<a href=\"https:\/\/tinyurl.com\/vecs4pvt\">https:\/\/tinyurl.com\/vecs4pvt<\/a>), los ejes principales son el sistema de intervenci\u00f3n administrativa como respuesta de los poderes p\u00fablicos para mitigar el riesgo sanitario de la pandemia y la relevancia de los principios de precauci\u00f3n y actuaci\u00f3n administrativa que se funda en el inter\u00e9s general, el bien com\u00fan y la protecci\u00f3n de la salud.<\/span><\/p>\n<p style=\"text-align: left;\" align=\"JUSTIFY\"><span lang=\"es-PE\">\u00abLa pandemia no s\u00f3lo evidencia la crisis del sistema sanitario global sino el fracaso en la implantaci\u00f3n de medidas excepcionales que coartan libertades sin justificaci\u00f3n cient\u00edfica que ampare su necesidad, lo que deviene en una ausencia de legitimidad, medidas que han sido poco eficaces para contener el avance de la pandemia, como lo prueba la actual segunda ola en Latinoam\u00e9rica y ad portas de la tercera en Europa\u00bb, se\u00f1alan los editores.<\/span><\/p>\n<p style=\"text-align: left;\" align=\"JUSTIFY\"><em>Ra\u00fal Allain es escritor, poeta, editor y soci\u00f3logo. Presidente del Instituto Peruano de la Juventud (IPJ) y director de Editorial R\u00edo Negro.<\/em><\/p>","protected":false},"excerpt":{"rendered":"<p>El concepto de riesgo es una de las principales herramientas te\u00f3ricas que tiene la sociolog\u00eda contempor\u00e1nea para analizar la din\u00e1mica de la sociedad moderna. Y ahora, la crisis global del sistema sanitario nos confronta con la idea de estar viviendo en la as\u00ed llamada \u201csociedad de riesgo\u201d de la que [&hellip;]<\/p>\n","protected":false},"author":18,"featured_media":32448,"comment_status":"open","ping_status":"open","sticky":false,"template":"","format":"standard","meta":{"footnotes":""},"categories":[72],"tags":[],"class_list":["post-32446","post","type-post","status-publish","format-standard","has-post-thumbnail","hentry","category-opinion"],"yoast_head":"<!-- This site is optimized with the Yoast SEO plugin v27.5 - https:\/\/yoast.com\/product\/yoast-seo-wordpress\/ -->\n<title>Sociolog\u00eda de la sociedad en riesgo - Revista Rambla<\/title>\n<meta name=\"robots\" content=\"index, follow, max-snippet:-1, max-image-preview:large, max-video-preview:-1\" \/>\n<link rel=\"canonical\" href=\"https:\/\/www.revistarambla.com\/en\/sociologia-de-la-sociedad-en-riesgo\/\" \/>\n<meta property=\"og:locale\" content=\"en_GB\" \/>\n<meta property=\"og:type\" content=\"article\" \/>\n<meta property=\"og:title\" content=\"Sociolog\u00eda de la sociedad en riesgo - Revista Rambla\" \/>\n<meta property=\"og:description\" content=\"El concepto de riesgo es una de las principales herramientas te\u00f3ricas que tiene la sociolog\u00eda contempor\u00e1nea para analizar la din\u00e1mica de la sociedad moderna. Y ahora, la crisis global del sistema sanitario nos confronta con la idea de estar viviendo en la as\u00ed llamada \u201csociedad de riesgo\u201d de la que [&hellip;]\" \/>\n<meta property=\"og:url\" content=\"https:\/\/www.revistarambla.com\/en\/sociologia-de-la-sociedad-en-riesgo\/\" \/>\n<meta property=\"og:site_name\" content=\"Revista Rambla\" \/>\n<meta property=\"article:publisher\" content=\"https:\/\/www.facebook.com\/revistarambla\/\" \/>\n<meta property=\"article:author\" content=\"https:\/\/www.facebook.com\/raul.allainvega\" \/>\n<meta property=\"article:published_time\" content=\"2021-05-17T19:01:54+00:00\" \/>\n<meta property=\"article:modified_time\" content=\"2021-12-07T16:06:39+00:00\" \/>\n<meta property=\"og:image\" content=\"https:\/\/www.revistarambla.com\/wp-content\/uploads\/2021\/05\/Saude-em-Tempo-de-Covid-1.jpg\" \/>\n\t<meta property=\"og:image:width\" content=\"800\" \/>\n\t<meta property=\"og:image:height\" content=\"606\" \/>\n\t<meta property=\"og:image:type\" content=\"image\/jpeg\" \/>\n<meta name=\"author\" content=\"Ra\u00fal Alfonso Allain Vega\" \/>\n<meta name=\"twitter:card\" content=\"summary_large_image\" \/>\n<meta name=\"twitter:creator\" content=\"@RaulAllain\" \/>\n<meta name=\"twitter:site\" content=\"@revistarambla\" \/>\n<meta name=\"twitter:label1\" content=\"Written by\" \/>\n\t<meta name=\"twitter:data1\" content=\"Ra\u00fal Alfonso Allain Vega\" \/>\n\t<meta name=\"twitter:label2\" content=\"Estimated reading time\" \/>\n\t<meta name=\"twitter:data2\" content=\"4 minutes\" \/>\n<script type=\"application\/ld+json\" class=\"yoast-schema-graph\">{\"@context\":\"https:\\\/\\\/schema.org\",\"@graph\":[{\"@type\":\"Article\",\"@id\":\"https:\\\/\\\/www.revistarambla.com\\\/sociologia-de-la-sociedad-en-riesgo\\\/#article\",\"isPartOf\":{\"@id\":\"https:\\\/\\\/www.revistarambla.com\\\/sociologia-de-la-sociedad-en-riesgo\\\/\"},\"author\":{\"name\":\"Ra\u00fal Alfonso Allain Vega\",\"@id\":\"https:\\\/\\\/www.revistarambla.com\\\/#\\\/schema\\\/person\\\/9b4378c82c48caa37acecffb9450e934\"},\"headline\":\"Sociolog\u00eda de la sociedad en riesgo\",\"datePublished\":\"2021-05-17T19:01:54+00:00\",\"dateModified\":\"2021-12-07T16:06:39+00:00\",\"mainEntityOfPage\":{\"@id\":\"https:\\\/\\\/www.revistarambla.com\\\/sociologia-de-la-sociedad-en-riesgo\\\/\"},\"wordCount\":746,\"commentCount\":0,\"publisher\":{\"@id\":\"https:\\\/\\\/www.revistarambla.com\\\/#organization\"},\"image\":{\"@id\":\"https:\\\/\\\/www.revistarambla.com\\\/sociologia-de-la-sociedad-en-riesgo\\\/#primaryimage\"},\"thumbnailUrl\":\"https:\\\/\\\/www.revistarambla.com\\\/wp-content\\\/uploads\\\/2021\\\/05\\\/Saude-em-Tempo-de-Covid-1.jpg\",\"articleSection\":[\"Opiniones\"],\"inLanguage\":\"en-GB\",\"potentialAction\":[{\"@type\":\"CommentAction\",\"name\":\"Comment\",\"target\":[\"https:\\\/\\\/www.revistarambla.com\\\/sociologia-de-la-sociedad-en-riesgo\\\/#respond\"]}]},{\"@type\":\"WebPage\",\"@id\":\"https:\\\/\\\/www.revistarambla.com\\\/sociologia-de-la-sociedad-en-riesgo\\\/\",\"url\":\"https:\\\/\\\/www.revistarambla.com\\\/sociologia-de-la-sociedad-en-riesgo\\\/\",\"name\":\"Sociolog\u00eda de la sociedad en riesgo - Revista Rambla\",\"isPartOf\":{\"@id\":\"https:\\\/\\\/www.revistarambla.com\\\/#website\"},\"primaryImageOfPage\":{\"@id\":\"https:\\\/\\\/www.revistarambla.com\\\/sociologia-de-la-sociedad-en-riesgo\\\/#primaryimage\"},\"image\":{\"@id\":\"https:\\\/\\\/www.revistarambla.com\\\/sociologia-de-la-sociedad-en-riesgo\\\/#primaryimage\"},\"thumbnailUrl\":\"https:\\\/\\\/www.revistarambla.com\\\/wp-content\\\/uploads\\\/2021\\\/05\\\/Saude-em-Tempo-de-Covid-1.jpg\",\"datePublished\":\"2021-05-17T19:01:54+00:00\",\"dateModified\":\"2021-12-07T16:06:39+00:00\",\"breadcrumb\":{\"@id\":\"https:\\\/\\\/www.revistarambla.com\\\/sociologia-de-la-sociedad-en-riesgo\\\/#breadcrumb\"},\"inLanguage\":\"en-GB\",\"potentialAction\":[{\"@type\":\"ReadAction\",\"target\":[\"https:\\\/\\\/www.revistarambla.com\\\/sociologia-de-la-sociedad-en-riesgo\\\/\"]}]},{\"@type\":\"ImageObject\",\"inLanguage\":\"en-GB\",\"@id\":\"https:\\\/\\\/www.revistarambla.com\\\/sociologia-de-la-sociedad-en-riesgo\\\/#primaryimage\",\"url\":\"https:\\\/\\\/www.revistarambla.com\\\/wp-content\\\/uploads\\\/2021\\\/05\\\/Saude-em-Tempo-de-Covid-1.jpg\",\"contentUrl\":\"https:\\\/\\\/www.revistarambla.com\\\/wp-content\\\/uploads\\\/2021\\\/05\\\/Saude-em-Tempo-de-Covid-1.jpg\",\"width\":800,\"height\":606},{\"@type\":\"BreadcrumbList\",\"@id\":\"https:\\\/\\\/www.revistarambla.com\\\/sociologia-de-la-sociedad-en-riesgo\\\/#breadcrumb\",\"itemListElement\":[{\"@type\":\"ListItem\",\"position\":1,\"name\":\"Portada\",\"item\":\"https:\\\/\\\/www.revistarambla.com\\\/\"},{\"@type\":\"ListItem\",\"position\":2,\"name\":\"Sociolog\u00eda de la sociedad en riesgo\"}]},{\"@type\":\"WebSite\",\"@id\":\"https:\\\/\\\/www.revistarambla.com\\\/#website\",\"url\":\"https:\\\/\\\/www.revistarambla.com\\\/\",\"name\":\"Revista Rambla Barcelona\",\"description\":\"Periodismo independiente\",\"publisher\":{\"@id\":\"https:\\\/\\\/www.revistarambla.com\\\/#organization\"},\"potentialAction\":[{\"@type\":\"SearchAction\",\"target\":{\"@type\":\"EntryPoint\",\"urlTemplate\":\"https:\\\/\\\/www.revistarambla.com\\\/?s={search_term_string}\"},\"query-input\":{\"@type\":\"PropertyValueSpecification\",\"valueRequired\":true,\"valueName\":\"search_term_string\"}}],\"inLanguage\":\"en-GB\"},{\"@type\":\"Organization\",\"@id\":\"https:\\\/\\\/www.revistarambla.com\\\/#organization\",\"name\":\"Revista Rambla\",\"url\":\"https:\\\/\\\/www.revistarambla.com\\\/\",\"logo\":{\"@type\":\"ImageObject\",\"inLanguage\":\"en-GB\",\"@id\":\"https:\\\/\\\/www.revistarambla.com\\\/#\\\/schema\\\/logo\\\/image\\\/\",\"url\":\"https:\\\/\\\/www.revistarambla.com\\\/wp-content\\\/uploads\\\/2020\\\/09\\\/banner_rambla_1900x600_BB.png\",\"contentUrl\":\"https:\\\/\\\/www.revistarambla.com\\\/wp-content\\\/uploads\\\/2020\\\/09\\\/banner_rambla_1900x600_BB.png\",\"width\":1900,\"height\":600,\"caption\":\"Revista Rambla\"},\"image\":{\"@id\":\"https:\\\/\\\/www.revistarambla.com\\\/#\\\/schema\\\/logo\\\/image\\\/\"},\"sameAs\":[\"https:\\\/\\\/www.facebook.com\\\/revistarambla\\\/\",\"https:\\\/\\\/x.com\\\/revistarambla\",\"https:\\\/\\\/www.instagram.com\\\/revista_rambla\",\"https:\\\/\\\/es.linkedin.com\\\/company\\\/revista-rambla\"]},{\"@type\":\"Person\",\"@id\":\"https:\\\/\\\/www.revistarambla.com\\\/#\\\/schema\\\/person\\\/9b4378c82c48caa37acecffb9450e934\",\"name\":\"Ra\u00fal Alfonso Allain Vega\",\"description\":\"Escritor, poeta, editor y soci\u00f3logo. Presidente del Instituto Peruano de la Juventud (IPJ) y director de Editorial R\u00edo Negro.\",\"sameAs\":[\"https:\\\/\\\/en.m.wikipedia.org\\\/wiki\\\/Ra%C3%BAl_Allain\",\"https:\\\/\\\/www.facebook.com\\\/raul.allainvega\",\"https:\\\/\\\/x.com\\\/RaulAllain\"]}]}<\/script>\n<!-- \/ Yoast SEO plugin. -->","yoast_head_json":{"title":"Sociolog\u00eda de la sociedad en riesgo - Revista Rambla","robots":{"index":"index","follow":"follow","max-snippet":"max-snippet:-1","max-image-preview":"max-image-preview:large","max-video-preview":"max-video-preview:-1"},"canonical":"https:\/\/www.revistarambla.com\/en\/sociologia-de-la-sociedad-en-riesgo\/","og_locale":"en_GB","og_type":"article","og_title":"Sociolog\u00eda de la sociedad en riesgo - Revista Rambla","og_description":"El concepto de riesgo es una de las principales herramientas te\u00f3ricas que tiene la sociolog\u00eda contempor\u00e1nea para analizar la din\u00e1mica de la sociedad moderna. Y ahora, la crisis global del sistema sanitario nos confronta con la idea de estar viviendo en la as\u00ed llamada \u201csociedad de riesgo\u201d de la que [&hellip;]","og_url":"https:\/\/www.revistarambla.com\/en\/sociologia-de-la-sociedad-en-riesgo\/","og_site_name":"Revista Rambla","article_publisher":"https:\/\/www.facebook.com\/revistarambla\/","article_author":"https:\/\/www.facebook.com\/raul.allainvega","article_published_time":"2021-05-17T19:01:54+00:00","article_modified_time":"2021-12-07T16:06:39+00:00","og_image":[{"width":800,"height":606,"url":"https:\/\/www.revistarambla.com\/wp-content\/uploads\/2021\/05\/Saude-em-Tempo-de-Covid-1.jpg","type":"image\/jpeg"}],"author":"Ra\u00fal Alfonso Allain Vega","twitter_card":"summary_large_image","twitter_creator":"@RaulAllain","twitter_site":"@revistarambla","twitter_misc":{"Written by":"Ra\u00fal Alfonso Allain Vega","Estimated reading time":"4 minutes"},"schema":{"@context":"https:\/\/schema.org","@graph":[{"@type":"Article","@id":"https:\/\/www.revistarambla.com\/sociologia-de-la-sociedad-en-riesgo\/#article","isPartOf":{"@id":"https:\/\/www.revistarambla.com\/sociologia-de-la-sociedad-en-riesgo\/"},"author":{"name":"Ra\u00fal Alfonso Allain Vega","@id":"https:\/\/www.revistarambla.com\/#\/schema\/person\/9b4378c82c48caa37acecffb9450e934"},"headline":"Sociolog\u00eda de la sociedad en riesgo","datePublished":"2021-05-17T19:01:54+00:00","dateModified":"2021-12-07T16:06:39+00:00","mainEntityOfPage":{"@id":"https:\/\/www.revistarambla.com\/sociologia-de-la-sociedad-en-riesgo\/"},"wordCount":746,"commentCount":0,"publisher":{"@id":"https:\/\/www.revistarambla.com\/#organization"},"image":{"@id":"https:\/\/www.revistarambla.com\/sociologia-de-la-sociedad-en-riesgo\/#primaryimage"},"thumbnailUrl":"https:\/\/www.revistarambla.com\/wp-content\/uploads\/2021\/05\/Saude-em-Tempo-de-Covid-1.jpg","articleSection":["Opiniones"],"inLanguage":"en-GB","potentialAction":[{"@type":"CommentAction","name":"Comment","target":["https:\/\/www.revistarambla.com\/sociologia-de-la-sociedad-en-riesgo\/#respond"]}]},{"@type":"WebPage","@id":"https:\/\/www.revistarambla.com\/sociologia-de-la-sociedad-en-riesgo\/","url":"https:\/\/www.revistarambla.com\/sociologia-de-la-sociedad-en-riesgo\/","name":"Sociolog\u00eda de la sociedad en riesgo - Revista Rambla","isPartOf":{"@id":"https:\/\/www.revistarambla.com\/#website"},"primaryImageOfPage":{"@id":"https:\/\/www.revistarambla.com\/sociologia-de-la-sociedad-en-riesgo\/#primaryimage"},"image":{"@id":"https:\/\/www.revistarambla.com\/sociologia-de-la-sociedad-en-riesgo\/#primaryimage"},"thumbnailUrl":"https:\/\/www.revistarambla.com\/wp-content\/uploads\/2021\/05\/Saude-em-Tempo-de-Covid-1.jpg","datePublished":"2021-05-17T19:01:54+00:00","dateModified":"2021-12-07T16:06:39+00:00","breadcrumb":{"@id":"https:\/\/www.revistarambla.com\/sociologia-de-la-sociedad-en-riesgo\/#breadcrumb"},"inLanguage":"en-GB","potentialAction":[{"@type":"ReadAction","target":["https:\/\/www.revistarambla.com\/sociologia-de-la-sociedad-en-riesgo\/"]}]},{"@type":"ImageObject","inLanguage":"en-GB","@id":"https:\/\/www.revistarambla.com\/sociologia-de-la-sociedad-en-riesgo\/#primaryimage","url":"https:\/\/www.revistarambla.com\/wp-content\/uploads\/2021\/05\/Saude-em-Tempo-de-Covid-1.jpg","contentUrl":"https:\/\/www.revistarambla.com\/wp-content\/uploads\/2021\/05\/Saude-em-Tempo-de-Covid-1.jpg","width":800,"height":606},{"@type":"BreadcrumbList","@id":"https:\/\/www.revistarambla.com\/sociologia-de-la-sociedad-en-riesgo\/#breadcrumb","itemListElement":[{"@type":"ListItem","position":1,"name":"Portada","item":"https:\/\/www.revistarambla.com\/"},{"@type":"ListItem","position":2,"name":"Sociolog\u00eda de la sociedad en riesgo"}]},{"@type":"WebSite","@id":"https:\/\/www.revistarambla.com\/#website","url":"https:\/\/www.revistarambla.com\/","name":"Revista Rambla Barcelona","description":"Periodismo independiente","publisher":{"@id":"https:\/\/www.revistarambla.com\/#organization"},"potentialAction":[{"@type":"SearchAction","target":{"@type":"EntryPoint","urlTemplate":"https:\/\/www.revistarambla.com\/?s={search_term_string}"},"query-input":{"@type":"PropertyValueSpecification","valueRequired":true,"valueName":"search_term_string"}}],"inLanguage":"en-GB"},{"@type":"Organization","@id":"https:\/\/www.revistarambla.com\/#organization","name":"Revista Rambla","url":"https:\/\/www.revistarambla.com\/","logo":{"@type":"ImageObject","inLanguage":"en-GB","@id":"https:\/\/www.revistarambla.com\/#\/schema\/logo\/image\/","url":"https:\/\/www.revistarambla.com\/wp-content\/uploads\/2020\/09\/banner_rambla_1900x600_BB.png","contentUrl":"https:\/\/www.revistarambla.com\/wp-content\/uploads\/2020\/09\/banner_rambla_1900x600_BB.png","width":1900,"height":600,"caption":"Revista Rambla"},"image":{"@id":"https:\/\/www.revistarambla.com\/#\/schema\/logo\/image\/"},"sameAs":["https:\/\/www.facebook.com\/revistarambla\/","https:\/\/x.com\/revistarambla","https:\/\/www.instagram.com\/revista_rambla","https:\/\/es.linkedin.com\/company\/revista-rambla"]},{"@type":"Person","@id":"https:\/\/www.revistarambla.com\/#\/schema\/person\/9b4378c82c48caa37acecffb9450e934","name":"Ra\u00fal Alfonso Allain Vega","description":"Escritor, poeta, editor y soci\u00f3logo. Presidente del Instituto Peruano de la Juventud (IPJ) y director de Editorial R\u00edo Negro.","sameAs":["https:\/\/en.m.wikipedia.org\/wiki\/Ra%C3%BAl_Allain","https:\/\/www.facebook.com\/raul.allainvega","https:\/\/x.com\/RaulAllain"]}]}},"_links":{"self":[{"href":"https:\/\/www.revistarambla.com\/en\/wp-json\/wp\/v2\/posts\/32446","targetHints":{"allow":["GET"]}}],"collection":[{"href":"https:\/\/www.revistarambla.com\/en\/wp-json\/wp\/v2\/posts"}],"about":[{"href":"https:\/\/www.revistarambla.com\/en\/wp-json\/wp\/v2\/types\/post"}],"author":[{"embeddable":true,"href":"https:\/\/www.revistarambla.com\/en\/wp-json\/wp\/v2\/users\/18"}],"replies":[{"embeddable":true,"href":"https:\/\/www.revistarambla.com\/en\/wp-json\/wp\/v2\/comments?post=32446"}],"version-history":[{"count":0,"href":"https:\/\/www.revistarambla.com\/en\/wp-json\/wp\/v2\/posts\/32446\/revisions"}],"wp:featuredmedia":[{"embeddable":true,"href":"https:\/\/www.revistarambla.com\/en\/wp-json\/wp\/v2\/media\/32448"}],"wp:attachment":[{"href":"https:\/\/www.revistarambla.com\/en\/wp-json\/wp\/v2\/media?parent=32446"}],"wp:term":[{"taxonomy":"category","embeddable":true,"href":"https:\/\/www.revistarambla.com\/en\/wp-json\/wp\/v2\/categories?post=32446"},{"taxonomy":"post_tag","embeddable":true,"href":"https:\/\/www.revistarambla.com\/en\/wp-json\/wp\/v2\/tags?post=32446"}],"curies":[{"name":"wp","href":"https:\/\/api.w.org\/{rel}","templated":true}]}}